{"id":5245,"date":"2026-01-22T18:50:49","date_gmt":"2026-01-22T21:50:49","guid":{"rendered":"https:\/\/grupogpps.org\/?p=5245"},"modified":"2026-01-22T18:50:52","modified_gmt":"2026-01-22T21:50:52","slug":"es-bastante-preocupante-agroexportadores-advierten-sobre-la-posibilidad-de-que-la-ue-aplique-salvaguardias-a-24-productos-agroindustriales-en-el-marco-del-acuerdo-con-el-mercosur","status":"publish","type":"post","link":"https:\/\/grupogpps.org\/pt\/es-bastante-preocupante-agroexportadores-advierten-sobre-la-posibilidad-de-que-la-ue-aplique-salvaguardias-a-24-productos-agroindustriales-en-el-marco-del-acuerdo-con-el-mercosur\/","title":{"rendered":"\u201c\u00c9 bastante preocupante\u201d: Agroexportadores alertam para a possibilidade de a UE aplicar salvaguardas a 24 produtos agroindustriais ao abrigo do acordo Mercosul"},"content":{"rendered":"<h4 class=\"wp-block-heading\"><em><strong>Est\u00e3o sendo promovidas pela Comiss\u00e3o Europeia a pedido de pa\u00edses que resistiam \u00e0 assinatura do tratado.<\/strong><\/em> <em><strong>Esses mecanismos podem afetar o fluxo de mercadorias para a Europa, incluindo aquelas abrangidas por quotas especiais.<\/strong><\/em><br><\/h4>\n\n\n\n<p>O setor agr\u00edcola e o agroneg\u00f3cio celebraram a assinatura do acordo de livre com\u00e9rcio entre o Mercosul e a Uni\u00e3o Europeia (UE), mas, al\u00e9m da gama de novas oportunidades que se abrem para o setor, existem algumas \u00e1reas cinzentas nas regulamenta\u00e7\u00f5es do bloco do Velho Continente que podem condicionar os embarques.<\/p>\n\n\n\n<p>Estas s\u00e3o as salvaguardas que a Comiss\u00e3o Europeia decidiu implementar sob press\u00e3o do setor agr\u00edcola e de governos europeus, como o da It\u00e1lia, que exigiram a sua inclus\u00e3o como condi\u00e7\u00e3o para a assinatura do acordo. Estes mecanismos de \"prote\u00e7\u00e3o\" para os setores mais vulner\u00e1veis \u200b\u200bdevem ser debatidos no Conselho Europeu e no Parlamento Europeu antes da ratifica\u00e7\u00e3o do acordo.<\/p>\n\n\n\n<p>De acordo com a minuta elaborada pela Comiss\u00e3o Europeia, 24 produtos agr\u00edcolas e agroindustriais estariam sujeitos a este tipo de san\u00e7\u00e3o unilateral por parte dos europeus: carne fresca; carne bovina refrigerada e congelada de alta qualidade; carne congelada para processamento; carne su\u00edna fresca, refrigerada e congelada; aves desossadas e prepara\u00e7\u00f5es; aves com osso; leite em p\u00f3; queijos; f\u00f3rmulas infantis; milho e sorgo; arroz; a\u00e7\u00facar para refina\u00e7\u00e3o; outros a\u00e7\u00facares; ovos; claras de ovos; mel; rum e outras bebidas espirituosas obtidas da fermenta\u00e7\u00e3o da cana-de-a\u00e7\u00facar; milho doce; amido de milho e mandioca; derivados de amido; etanol; alho; biodiesel; e frutas c\u00edtricas como lim\u00f5es, laranjas e tangerinas.<\/p>\n\n\n\n<p>Segundo o documento, as salvaguardas podem ser acionadas assim que se comprovar que o aumento das importa\u00e7\u00f5es desses produtos prejudicou ou est\u00e1 afetando os setores de produ\u00e7\u00e3o locais.<\/p>\n\n\n\n<p>Os par\u00e2metros, embora ainda precisem ser definidos, seriam um aumento consider\u00e1vel no volume de importa\u00e7\u00f5es: em um curto per\u00edodo de tempo, mais de 5% em compara\u00e7\u00e3o com a m\u00e9dia dos \u00faltimos tr\u00eas anos, ou que o aumento das exporta\u00e7\u00f5es do Mercosul fa\u00e7a com que o pre\u00e7o interno caia 5%.<\/p>\n\n\n\n<p>O que chama a aten\u00e7\u00e3o neste caso \u00e9 que esse mecanismo de san\u00e7\u00e3o pode ocorrer at\u00e9 mesmo nas quotas estipuladas no acordo, como no caso da carne e do milho, para citar um exemplo.<\/p>\n\n\n\n<p>Essas salvaguardas n\u00e3o est\u00e3o inclu\u00eddas no texto do acordo, mas constituem \"uma esp\u00e9cie de regulamenta\u00e7\u00e3o interna do acordo para os europeus\", disse Nelson Illescas, diretor de Conte\u00fado e Comunica\u00e7\u00e3o do Grupo de Pa\u00edses Produtores do Sul (GPS), ao Clar\u00edn.<\/p>\n\n\n\n<p>\u201cTrata-se de uma medida de defesa comercial e \u00e9 unilateral. O que os europeus t\u00eam de fazer com os pa\u00edses membros do Mercosul \u00e9 notific\u00e1-los de que est\u00e3o a realizar a investiga\u00e7\u00e3o e solicitar informa\u00e7\u00f5es aos exportadores para avaliar o alegado impacto e os danos \u00e0 produ\u00e7\u00e3o local. Ora, o que se tem de fazer quando se conduz uma investiga\u00e7\u00e3o de defesa da concorr\u00eancia \u00e9 comprovar que existe dano e, sobretudo, demonstr\u00e1-lo\u201d, acrescentou Illescas.<\/p>\n\n\n\n<p>Mas, al\u00e9m desse processo, os exportadores argentinos est\u00e3o preocupados com o poder discricion\u00e1rio que os pa\u00edses europeus podem exercer. \"\u00c9 uma situa\u00e7\u00e3o bastante preocupante, porque a UE estabelece isso unilateralmente\", disse Gustavo Id\u00edgoras, presidente da C\u00e2mara da Ind\u00fastria Petrol\u00edfera e do Centro de Exportadores de Cereais (Ciara-CEC).<\/p>\n\n\n\n<p>\u201cO objetivo de um acordo \u00e9 criar com\u00e9rcio, mas voc\u00ea pode destru\u00ed-lo com salvaguardas, porque se forem aplicadas de forma irrestrita e imprudente, representam um enorme risco para o fluxo comercial\u201d, acrescentou.<\/p>\n\n\n\n<p>Segundo Id\u00edgoras, as exporta\u00e7\u00f5es do Mercosul para o bloco europeu, uma vez que o acordo entre em vigor, \"n\u00e3o representam qualquer risco para a Europa; \u00e9 puramente pol\u00edtico. Esses produtos representam 1% do consumo aparente naquele continente.\"<\/p>\n\n\n\n<p>Por isso, o chefe da Ciara-CEC insistiu que \u201co Mercosul ter\u00e1 que negociar depois que o acordo entrar em vigor. Discutimos isso com o governo; eles est\u00e3o cientes e n\u00e3o gostam, mas querem que seja aprovado pelo Congresso. No entanto, precisamos discutir a exist\u00eancia desses mecanismos ou, pelo menos, torn\u00e1-los mais flex\u00edveis.\u201d<\/p>\n\n\n\n<p>Para Illescas, essas medidas representam \u201cuma amea\u00e7a\u201d para a agricultura argentina e regional, pois \u201creduzem a seguran\u00e7a\u201d do setor. \u201c\u00c9 como o que aconteceu na Argentina com as ROEs: com essa discricionariedade, voc\u00ea n\u00e3o sabe se pode exportar ou n\u00e3o. Os europeus precisam disso para assinar o acordo e enviar sinais ao seu setor agr\u00edcola, visto que enfrentam um problema sist\u00eamico de competitividade nesse setor\u201d, acrescentou.<\/p>\n\n\n\n<p>Al\u00e9m disso, ele concordou com Id\u00edgoras ao considerar que as remessas do Mercosul \"n\u00e3o constituem uma amea\u00e7a para a agroind\u00fastria europeia, uma vez que o acordo foi concebido para n\u00e3o criar problemas para nenhum setor\".<\/p>\n\n\n\n<p>\u201cAqueles que poderiam ter tido algum problema foram exclu\u00eddos ou enquadrados em quotas. A inten\u00e7\u00e3o n\u00e3o \u00e9 inundar o mercado europeu com produtos do Mercosul, mas sim consolidar o com\u00e9rcio existente. N\u00e3o vai impulsionar as vendas drasticamente e, se isso acontecer, ser\u00e1 porque est\u00e1 substituindo um fornecedor menos competitivo\u201d, concluiu Illescas.<\/p>\n\n\n\n<p>LEIA AS NOT\u00cdCIAS DE <strong><a href=\"https:\/\/www.clarin.com\/rural\/bastante-preocupante-agroexportadores-advierten-posibilidad-ue-aplique-salvaguardias-24-productos-agroindustriales-marco-acuerdo-mercosur_0_f4JeP7DsRs.html\" type=\"link\" id=\"https:\/\/www.clarin.com\/rural\/bastante-preocupante-agroexportadores-advierten-posibilidad-ue-aplique-salvaguardias-24-productos-agroindustriales-marco-acuerdo-mercosur_0_f4JeP7DsRs.html\">Clar\u00edn<\/a><\/strong><\/p>\n\n\n\n<p><\/p>","protected":false},"excerpt":{"rendered":"<p>Los impulsa la Comisi\u00f3n Europea por pedido de pa\u00edses que se resist\u00edan a la firma del tratado. Estos mecanismos pueden afectar el flujo de mercader\u00eda a Europa, incluso aquellos incluidos en cuotas especiales. El\u00a0campo y la agroindustria\u00a0celebraron la firma del acuerdo de libre comercio entre el Mercosur y la Uni\u00f3n Europea (UE), pero el mismo, [&hellip;]<\/p>","protected":false},"author":2,"featured_media":5246,"comment_status":"open","ping_status":"closed","sticky":false,"template":"","format":"standard","meta":{"footnotes":""},"categories":[24,25,23,27],"tags":[],"class_list":["post-5245","post","type-post","status-publish","format-standard","has-post-thumbnail","hentry","category-gps-en-los-medios","category-home","category-novedades","category-publicaciones-home"],"yoast_head":"<!-- This site is optimized with the Yoast SEO plugin v26.8 - https:\/\/yoast.com\/product\/yoast-seo-wordpress\/ -->\n<title>\u201cEs bastante preocupante\u201d: agroexportadores advierten sobre la posibilidad de que la UE aplique salvaguardias a 24 productos agroindustriales en el marco del acuerdo con el Mercosur - GPS<\/title>\n<meta name=\"robots\" content=\"index, follow, max-snippet:-1, max-image-preview:large, max-video-preview:-1\" \/>\n<link rel=\"canonical\" href=\"https:\/\/grupogpps.org\/pt\/es-bastante-preocupante-agroexportadores-advierten-sobre-la-posibilidad-de-que-la-ue-aplique-salvaguardias-a-24-productos-agroindustriales-en-el-marco-del-acuerdo-con-el-mercosur\/\" \/>\n<meta property=\"og:locale\" content=\"pt_BR\" \/>\n<meta property=\"og:type\" content=\"article\" \/>\n<meta property=\"og:title\" content=\"\u201cEs bastante preocupante\u201d: agroexportadores advierten sobre la posibilidad de que la UE aplique salvaguardias a 24 productos agroindustriales en el marco del acuerdo con el Mercosur - GPS\" \/>\n<meta property=\"og:description\" content=\"Los impulsa la Comisi\u00f3n Europea por pedido de pa\u00edses que se resist\u00edan a la firma del tratado. Estos mecanismos pueden afectar el flujo de mercader\u00eda a Europa, incluso aquellos incluidos en cuotas especiales. El\u00a0campo y la agroindustria\u00a0celebraron la firma del acuerdo de libre comercio entre el Mercosur y la Uni\u00f3n Europea (UE), pero el mismo, [&hellip;]\" \/>\n<meta property=\"og:url\" content=\"https:\/\/grupogpps.org\/pt\/es-bastante-preocupante-agroexportadores-advierten-sobre-la-posibilidad-de-que-la-ue-aplique-salvaguardias-a-24-productos-agroindustriales-en-el-marco-del-acuerdo-con-el-mercosur\/\" \/>\n<meta property=\"og:site_name\" content=\"GPS\" \/>\n<meta property=\"article:publisher\" content=\"https:\/\/www.linkedin.com\/company\/25037162\/\" \/>\n<meta property=\"article:published_time\" content=\"2026-01-22T21:50:49+00:00\" \/>\n<meta property=\"article:modified_time\" content=\"2026-01-22T21:50:52+00:00\" \/>\n<meta property=\"og:image\" content=\"http:\/\/grupogpps.org\/wp-content\/uploads\/2026\/01\/CLARIN_1256x620.jpg\" \/>\n\t<meta property=\"og:image:width\" content=\"1256\" \/>\n\t<meta property=\"og:image:height\" content=\"620\" \/>\n\t<meta property=\"og:image:type\" content=\"image\/jpeg\" \/>\n<meta name=\"author\" content=\"GPS GPS\" \/>\n<meta name=\"twitter:card\" content=\"summary_large_image\" \/>\n<meta name=\"twitter:creator\" content=\"@GPSLatinAmerica\" \/>\n<meta name=\"twitter:site\" content=\"@GPSLatinAmerica\" \/>\n<meta name=\"twitter:label1\" content=\"Escrito por\" \/>\n\t<meta name=\"twitter:data1\" content=\"GPS GPS\" \/>\n\t<meta name=\"twitter:label2\" content=\"Est. tempo de leitura\" \/>\n\t<meta name=\"twitter:data2\" content=\"5 minutos\" \/>\n<script type=\"application\/ld+json\" class=\"yoast-schema-graph\">{\"@context\":\"https:\/\/schema.org\",\"@graph\":[{\"@type\":\"Article\",\"@id\":\"https:\/\/grupogpps.org\/es-bastante-preocupante-agroexportadores-advierten-sobre-la-posibilidad-de-que-la-ue-aplique-salvaguardias-a-24-productos-agroindustriales-en-el-marco-del-acuerdo-con-el-mercosur\/#article\",\"isPartOf\":{\"@id\":\"https:\/\/grupogpps.org\/es-bastante-preocupante-agroexportadores-advierten-sobre-la-posibilidad-de-que-la-ue-aplique-salvaguardias-a-24-productos-agroindustriales-en-el-marco-del-acuerdo-con-el-mercosur\/\"},\"author\":{\"name\":\"GPS GPS\",\"@id\":\"https:\/\/grupogpps.org\/#\/schema\/person\/faaafcd24616dff095821c72659ce41f\"},\"headline\":\"\u201cEs bastante preocupante\u201d: agroexportadores advierten sobre la posibilidad de que la UE aplique salvaguardias a 24 productos agroindustriales en el marco del acuerdo con el Mercosur\",\"datePublished\":\"2026-01-22T21:50:49+00:00\",\"dateModified\":\"2026-01-22T21:50:52+00:00\",\"mainEntityOfPage\":{\"@id\":\"https:\/\/grupogpps.org\/es-bastante-preocupante-agroexportadores-advierten-sobre-la-posibilidad-de-que-la-ue-aplique-salvaguardias-a-24-productos-agroindustriales-en-el-marco-del-acuerdo-con-el-mercosur\/\"},\"wordCount\":971,\"commentCount\":0,\"publisher\":{\"@id\":\"https:\/\/grupogpps.org\/#organization\"},\"image\":{\"@id\":\"https:\/\/grupogpps.org\/es-bastante-preocupante-agroexportadores-advierten-sobre-la-posibilidad-de-que-la-ue-aplique-salvaguardias-a-24-productos-agroindustriales-en-el-marco-del-acuerdo-con-el-mercosur\/#primaryimage\"},\"thumbnailUrl\":\"https:\/\/grupogpps.org\/wp-content\/uploads\/2026\/01\/CLARIN_1256x620.jpg\",\"articleSection\":[\"GPS en los medios\",\"Home\",\"Novedades\",\"Publicaciones Home\"],\"inLanguage\":\"pt-BR\",\"potentialAction\":[{\"@type\":\"CommentAction\",\"name\":\"Comment\",\"target\":[\"https:\/\/grupogpps.org\/es-bastante-preocupante-agroexportadores-advierten-sobre-la-posibilidad-de-que-la-ue-aplique-salvaguardias-a-24-productos-agroindustriales-en-el-marco-del-acuerdo-con-el-mercosur\/#respond\"]}]},{\"@type\":\"WebPage\",\"@id\":\"https:\/\/grupogpps.org\/es-bastante-preocupante-agroexportadores-advierten-sobre-la-posibilidad-de-que-la-ue-aplique-salvaguardias-a-24-productos-agroindustriales-en-el-marco-del-acuerdo-con-el-mercosur\/\",\"url\":\"https:\/\/grupogpps.org\/es-bastante-preocupante-agroexportadores-advierten-sobre-la-posibilidad-de-que-la-ue-aplique-salvaguardias-a-24-productos-agroindustriales-en-el-marco-del-acuerdo-con-el-mercosur\/\",\"name\":\"\u201cEs bastante preocupante\u201d: agroexportadores advierten sobre la posibilidad de que la UE aplique salvaguardias a 24 productos agroindustriales en el marco del acuerdo con el Mercosur - GPS\",\"isPartOf\":{\"@id\":\"https:\/\/grupogpps.org\/#website\"},\"primaryImageOfPage\":{\"@id\":\"https:\/\/grupogpps.org\/es-bastante-preocupante-agroexportadores-advierten-sobre-la-posibilidad-de-que-la-ue-aplique-salvaguardias-a-24-productos-agroindustriales-en-el-marco-del-acuerdo-con-el-mercosur\/#primaryimage\"},\"image\":{\"@id\":\"https:\/\/grupogpps.org\/es-bastante-preocupante-agroexportadores-advierten-sobre-la-posibilidad-de-que-la-ue-aplique-salvaguardias-a-24-productos-agroindustriales-en-el-marco-del-acuerdo-con-el-mercosur\/#primaryimage\"},\"thumbnailUrl\":\"https:\/\/grupogpps.org\/wp-content\/uploads\/2026\/01\/CLARIN_1256x620.jpg\",\"datePublished\":\"2026-01-22T21:50:49+00:00\",\"dateModified\":\"2026-01-22T21:50:52+00:00\",\"breadcrumb\":{\"@id\":\"https:\/\/grupogpps.org\/es-bastante-preocupante-agroexportadores-advierten-sobre-la-posibilidad-de-que-la-ue-aplique-salvaguardias-a-24-productos-agroindustriales-en-el-marco-del-acuerdo-con-el-mercosur\/#breadcrumb\"},\"inLanguage\":\"pt-BR\",\"potentialAction\":[{\"@type\":\"ReadAction\",\"target\":[\"https:\/\/grupogpps.org\/es-bastante-preocupante-agroexportadores-advierten-sobre-la-posibilidad-de-que-la-ue-aplique-salvaguardias-a-24-productos-agroindustriales-en-el-marco-del-acuerdo-con-el-mercosur\/\"]}]},{\"@type\":\"ImageObject\",\"inLanguage\":\"pt-BR\",\"@id\":\"https:\/\/grupogpps.org\/es-bastante-preocupante-agroexportadores-advierten-sobre-la-posibilidad-de-que-la-ue-aplique-salvaguardias-a-24-productos-agroindustriales-en-el-marco-del-acuerdo-con-el-mercosur\/#primaryimage\",\"url\":\"https:\/\/grupogpps.org\/wp-content\/uploads\/2026\/01\/CLARIN_1256x620.jpg\",\"contentUrl\":\"https:\/\/grupogpps.org\/wp-content\/uploads\/2026\/01\/CLARIN_1256x620.jpg\",\"width\":1256,\"height\":620},{\"@type\":\"BreadcrumbList\",\"@id\":\"https:\/\/grupogpps.org\/es-bastante-preocupante-agroexportadores-advierten-sobre-la-posibilidad-de-que-la-ue-aplique-salvaguardias-a-24-productos-agroindustriales-en-el-marco-del-acuerdo-con-el-mercosur\/#breadcrumb\",\"itemListElement\":[{\"@type\":\"ListItem\",\"position\":1,\"name\":\"Inicio\",\"item\":\"https:\/\/grupogpps.org\/\"},{\"@type\":\"ListItem\",\"position\":2,\"name\":\"\u201cEs bastante preocupante\u201d: agroexportadores advierten sobre la posibilidad de que la UE aplique salvaguardias a 24 productos agroindustriales en el marco del acuerdo con el Mercosur\"}]},{\"@type\":\"WebSite\",\"@id\":\"https:\/\/grupogpps.org\/#website\",\"url\":\"https:\/\/grupogpps.org\/\",\"name\":\"GPS\",\"description\":\"Grupo de pa\u00edses productores del sur\",\"publisher\":{\"@id\":\"https:\/\/grupogpps.org\/#organization\"},\"potentialAction\":[{\"@type\":\"SearchAction\",\"target\":{\"@type\":\"EntryPoint\",\"urlTemplate\":\"https:\/\/grupogpps.org\/?s={search_term_string}\"},\"query-input\":{\"@type\":\"PropertyValueSpecification\",\"valueRequired\":true,\"valueName\":\"search_term_string\"}}],\"inLanguage\":\"pt-BR\"},{\"@type\":\"Organization\",\"@id\":\"https:\/\/grupogpps.org\/#organization\",\"name\":\"GPS - Grupo de pa\u00edses productores del sur\",\"url\":\"https:\/\/grupogpps.org\/\",\"logo\":{\"@type\":\"ImageObject\",\"inLanguage\":\"pt-BR\",\"@id\":\"https:\/\/grupogpps.org\/#\/schema\/logo\/image\/\",\"url\":\"http:\/\/grupogpps.org\/wp-content\/uploads\/2021\/06\/logoGPS3.svg\",\"contentUrl\":\"http:\/\/grupogpps.org\/wp-content\/uploads\/2021\/06\/logoGPS3.svg\",\"width\":1,\"height\":1,\"caption\":\"GPS - Grupo de pa\u00edses productores del sur\"},\"image\":{\"@id\":\"https:\/\/grupogpps.org\/#\/schema\/logo\/image\/\"},\"sameAs\":[\"https:\/\/www.linkedin.com\/company\/25037162\/\",\"https:\/\/x.com\/GPSLatinAmerica\",\"https:\/\/www.instagram.com\/gpslatin\/\",\"https:\/\/www.youtube.com\/channel\/UCM2Qf0jSqNRJRkqmU8dO9QA\/videos\"]},{\"@type\":\"Person\",\"@id\":\"https:\/\/grupogpps.org\/#\/schema\/person\/faaafcd24616dff095821c72659ce41f\",\"name\":\"GPS GPS\",\"url\":\"https:\/\/grupogpps.org\/pt\/author\/gps\/\"}]}<\/script>\n<!-- \/ Yoast SEO plugin. -->","yoast_head_json":{"title":"\u201cEs bastante preocupante\u201d: agroexportadores advierten sobre la posibilidad de que la UE aplique salvaguardias a 24 productos agroindustriales en el marco del acuerdo con el Mercosur - GPS","robots":{"index":"index","follow":"follow","max-snippet":"max-snippet:-1","max-image-preview":"max-image-preview:large","max-video-preview":"max-video-preview:-1"},"canonical":"https:\/\/grupogpps.org\/pt\/es-bastante-preocupante-agroexportadores-advierten-sobre-la-posibilidad-de-que-la-ue-aplique-salvaguardias-a-24-productos-agroindustriales-en-el-marco-del-acuerdo-con-el-mercosur\/","og_locale":"pt_BR","og_type":"article","og_title":"\u201cEs bastante preocupante\u201d: agroexportadores advierten sobre la posibilidad de que la UE aplique salvaguardias a 24 productos agroindustriales en el marco del acuerdo con el Mercosur - GPS","og_description":"Los impulsa la Comisi\u00f3n Europea por pedido de pa\u00edses que se resist\u00edan a la firma del tratado. Estos mecanismos pueden afectar el flujo de mercader\u00eda a Europa, incluso aquellos incluidos en cuotas especiales. El\u00a0campo y la agroindustria\u00a0celebraron la firma del acuerdo de libre comercio entre el Mercosur y la Uni\u00f3n Europea (UE), pero el mismo, [&hellip;]","og_url":"https:\/\/grupogpps.org\/pt\/es-bastante-preocupante-agroexportadores-advierten-sobre-la-posibilidad-de-que-la-ue-aplique-salvaguardias-a-24-productos-agroindustriales-en-el-marco-del-acuerdo-con-el-mercosur\/","og_site_name":"GPS","article_publisher":"https:\/\/www.linkedin.com\/company\/25037162\/","article_published_time":"2026-01-22T21:50:49+00:00","article_modified_time":"2026-01-22T21:50:52+00:00","og_image":[{"width":1256,"height":620,"url":"http:\/\/grupogpps.org\/wp-content\/uploads\/2026\/01\/CLARIN_1256x620.jpg","type":"image\/jpeg"}],"author":"GPS GPS","twitter_card":"summary_large_image","twitter_creator":"@GPSLatinAmerica","twitter_site":"@GPSLatinAmerica","twitter_misc":{"Escrito por":"GPS GPS","Est. tempo de leitura":"5 minutos"},"schema":{"@context":"https:\/\/schema.org","@graph":[{"@type":"Article","@id":"https:\/\/grupogpps.org\/es-bastante-preocupante-agroexportadores-advierten-sobre-la-posibilidad-de-que-la-ue-aplique-salvaguardias-a-24-productos-agroindustriales-en-el-marco-del-acuerdo-con-el-mercosur\/#article","isPartOf":{"@id":"https:\/\/grupogpps.org\/es-bastante-preocupante-agroexportadores-advierten-sobre-la-posibilidad-de-que-la-ue-aplique-salvaguardias-a-24-productos-agroindustriales-en-el-marco-del-acuerdo-con-el-mercosur\/"},"author":{"name":"GPS GPS","@id":"https:\/\/grupogpps.org\/#\/schema\/person\/faaafcd24616dff095821c72659ce41f"},"headline":"\u201cEs bastante preocupante\u201d: agroexportadores advierten sobre la posibilidad de que la UE aplique salvaguardias a 24 productos agroindustriales en el marco del acuerdo con el Mercosur","datePublished":"2026-01-22T21:50:49+00:00","dateModified":"2026-01-22T21:50:52+00:00","mainEntityOfPage":{"@id":"https:\/\/grupogpps.org\/es-bastante-preocupante-agroexportadores-advierten-sobre-la-posibilidad-de-que-la-ue-aplique-salvaguardias-a-24-productos-agroindustriales-en-el-marco-del-acuerdo-con-el-mercosur\/"},"wordCount":971,"commentCount":0,"publisher":{"@id":"https:\/\/grupogpps.org\/#organization"},"image":{"@id":"https:\/\/grupogpps.org\/es-bastante-preocupante-agroexportadores-advierten-sobre-la-posibilidad-de-que-la-ue-aplique-salvaguardias-a-24-productos-agroindustriales-en-el-marco-del-acuerdo-con-el-mercosur\/#primaryimage"},"thumbnailUrl":"https:\/\/grupogpps.org\/wp-content\/uploads\/2026\/01\/CLARIN_1256x620.jpg","articleSection":["GPS en los medios","Home","Novedades","Publicaciones Home"],"inLanguage":"pt-BR","potentialAction":[{"@type":"CommentAction","name":"Comment","target":["https:\/\/grupogpps.org\/es-bastante-preocupante-agroexportadores-advierten-sobre-la-posibilidad-de-que-la-ue-aplique-salvaguardias-a-24-productos-agroindustriales-en-el-marco-del-acuerdo-con-el-mercosur\/#respond"]}]},{"@type":"WebPage","@id":"https:\/\/grupogpps.org\/es-bastante-preocupante-agroexportadores-advierten-sobre-la-posibilidad-de-que-la-ue-aplique-salvaguardias-a-24-productos-agroindustriales-en-el-marco-del-acuerdo-con-el-mercosur\/","url":"https:\/\/grupogpps.org\/es-bastante-preocupante-agroexportadores-advierten-sobre-la-posibilidad-de-que-la-ue-aplique-salvaguardias-a-24-productos-agroindustriales-en-el-marco-del-acuerdo-con-el-mercosur\/","name":"\u201cEs bastante preocupante\u201d: agroexportadores advierten sobre la posibilidad de que la UE aplique salvaguardias a 24 productos agroindustriales en el marco del acuerdo con el Mercosur - GPS","isPartOf":{"@id":"https:\/\/grupogpps.org\/#website"},"primaryImageOfPage":{"@id":"https:\/\/grupogpps.org\/es-bastante-preocupante-agroexportadores-advierten-sobre-la-posibilidad-de-que-la-ue-aplique-salvaguardias-a-24-productos-agroindustriales-en-el-marco-del-acuerdo-con-el-mercosur\/#primaryimage"},"image":{"@id":"https:\/\/grupogpps.org\/es-bastante-preocupante-agroexportadores-advierten-sobre-la-posibilidad-de-que-la-ue-aplique-salvaguardias-a-24-productos-agroindustriales-en-el-marco-del-acuerdo-con-el-mercosur\/#primaryimage"},"thumbnailUrl":"https:\/\/grupogpps.org\/wp-content\/uploads\/2026\/01\/CLARIN_1256x620.jpg","datePublished":"2026-01-22T21:50:49+00:00","dateModified":"2026-01-22T21:50:52+00:00","breadcrumb":{"@id":"https:\/\/grupogpps.org\/es-bastante-preocupante-agroexportadores-advierten-sobre-la-posibilidad-de-que-la-ue-aplique-salvaguardias-a-24-productos-agroindustriales-en-el-marco-del-acuerdo-con-el-mercosur\/#breadcrumb"},"inLanguage":"pt-BR","potentialAction":[{"@type":"ReadAction","target":["https:\/\/grupogpps.org\/es-bastante-preocupante-agroexportadores-advierten-sobre-la-posibilidad-de-que-la-ue-aplique-salvaguardias-a-24-productos-agroindustriales-en-el-marco-del-acuerdo-con-el-mercosur\/"]}]},{"@type":"ImageObject","inLanguage":"pt-BR","@id":"https:\/\/grupogpps.org\/es-bastante-preocupante-agroexportadores-advierten-sobre-la-posibilidad-de-que-la-ue-aplique-salvaguardias-a-24-productos-agroindustriales-en-el-marco-del-acuerdo-con-el-mercosur\/#primaryimage","url":"https:\/\/grupogpps.org\/wp-content\/uploads\/2026\/01\/CLARIN_1256x620.jpg","contentUrl":"https:\/\/grupogpps.org\/wp-content\/uploads\/2026\/01\/CLARIN_1256x620.jpg","width":1256,"height":620},{"@type":"BreadcrumbList","@id":"https:\/\/grupogpps.org\/es-bastante-preocupante-agroexportadores-advierten-sobre-la-posibilidad-de-que-la-ue-aplique-salvaguardias-a-24-productos-agroindustriales-en-el-marco-del-acuerdo-con-el-mercosur\/#breadcrumb","itemListElement":[{"@type":"ListItem","position":1,"name":"Inicio","item":"https:\/\/grupogpps.org\/"},{"@type":"ListItem","position":2,"name":"\u201cEs bastante preocupante\u201d: agroexportadores advierten sobre la posibilidad de que la UE aplique salvaguardias a 24 productos agroindustriales en el marco del acuerdo con el Mercosur"}]},{"@type":"WebSite","@id":"https:\/\/grupogpps.org\/#website","url":"https:\/\/grupogpps.org\/","name":"GPS","description":"Grupo de pa\u00edses productores del sur","publisher":{"@id":"https:\/\/grupogpps.org\/#organization"},"potentialAction":[{"@type":"SearchAction","target":{"@type":"EntryPoint","urlTemplate":"https:\/\/grupogpps.org\/?s={search_term_string}"},"query-input":{"@type":"PropertyValueSpecification","valueRequired":true,"valueName":"search_term_string"}}],"inLanguage":"pt-BR"},{"@type":"Organization","@id":"https:\/\/grupogpps.org\/#organization","name":"GPS - Grupo de pa\u00edses productores del sur","url":"https:\/\/grupogpps.org\/","logo":{"@type":"ImageObject","inLanguage":"pt-BR","@id":"https:\/\/grupogpps.org\/#\/schema\/logo\/image\/","url":"http:\/\/grupogpps.org\/wp-content\/uploads\/2021\/06\/logoGPS3.svg","contentUrl":"http:\/\/grupogpps.org\/wp-content\/uploads\/2021\/06\/logoGPS3.svg","width":1,"height":1,"caption":"GPS - Grupo de pa\u00edses productores del sur"},"image":{"@id":"https:\/\/grupogpps.org\/#\/schema\/logo\/image\/"},"sameAs":["https:\/\/www.linkedin.com\/company\/25037162\/","https:\/\/x.com\/GPSLatinAmerica","https:\/\/www.instagram.com\/gpslatin\/","https:\/\/www.youtube.com\/channel\/UCM2Qf0jSqNRJRkqmU8dO9QA\/videos"]},{"@type":"Person","@id":"https:\/\/grupogpps.org\/#\/schema\/person\/faaafcd24616dff095821c72659ce41f","name":"GPS GPS","url":"https:\/\/grupogpps.org\/pt\/author\/gps\/"}]}},"_links":{"self":[{"href":"https:\/\/grupogpps.org\/pt\/wp-json\/wp\/v2\/posts\/5245","targetHints":{"allow":["GET"]}}],"collection":[{"href":"https:\/\/grupogpps.org\/pt\/wp-json\/wp\/v2\/posts"}],"about":[{"href":"https:\/\/grupogpps.org\/pt\/wp-json\/wp\/v2\/types\/post"}],"author":[{"embeddable":true,"href":"https:\/\/grupogpps.org\/pt\/wp-json\/wp\/v2\/users\/2"}],"replies":[{"embeddable":true,"href":"https:\/\/grupogpps.org\/pt\/wp-json\/wp\/v2\/comments?post=5245"}],"version-history":[{"count":1,"href":"https:\/\/grupogpps.org\/pt\/wp-json\/wp\/v2\/posts\/5245\/revisions"}],"predecessor-version":[{"id":5247,"href":"https:\/\/grupogpps.org\/pt\/wp-json\/wp\/v2\/posts\/5245\/revisions\/5247"}],"wp:featuredmedia":[{"embeddable":true,"href":"https:\/\/grupogpps.org\/pt\/wp-json\/wp\/v2\/media\/5246"}],"wp:attachment":[{"href":"https:\/\/grupogpps.org\/pt\/wp-json\/wp\/v2\/media?parent=5245"}],"wp:term":[{"taxonomy":"category","embeddable":true,"href":"https:\/\/grupogpps.org\/pt\/wp-json\/wp\/v2\/categories?post=5245"},{"taxonomy":"post_tag","embeddable":true,"href":"https:\/\/grupogpps.org\/pt\/wp-json\/wp\/v2\/tags?post=5245"}],"curies":[{"name":"wp","href":"https:\/\/api.w.org\/{rel}","templated":true}]}}