{"id":5150,"date":"2025-10-07T12:38:29","date_gmt":"2025-10-07T15:38:29","guid":{"rendered":"https:\/\/grupogpps.org\/?p=5150"},"modified":"2025-10-13T16:31:43","modified_gmt":"2025-10-13T19:31:43","slug":"marcelo-regunaga-la-agricultura-del-mercosur-debe-ser-reconocida-como-parte-de-la-solucion-al-cambio-climatico","status":"publish","type":"post","link":"https:\/\/grupogpps.org\/pt\/marcelo-regunaga-la-agricultura-del-mercosur-debe-ser-reconocida-como-parte-de-la-solucion-al-cambio-climatico\/","title":{"rendered":"Marcelo Reg\u00fanaga: \"A agricultura do Mercosul deve ser reconhecida como parte da solu\u00e7\u00e3o para as mudan\u00e7as clim\u00e1ticas.\""},"content":{"rendered":"<p>O Segundo Panorama do Mercosul, organizado pela Bolsa de Cereais de Buenos Aires, reuniu especialistas e autoridades da Argentina, Brasil, Paraguai e Uruguai para analisar as perspectivas agroalimentares para a pr\u00f3xima d\u00e9cada. De acordo com as proje\u00e7\u00f5es apresentadas, a produ\u00e7\u00e3o de gr\u00e3os e oleaginosas do bloco poder\u00e1 aumentar em 122 milh\u00f5es de toneladas, com exporta\u00e7\u00f5es adicionais de 62 milh\u00f5es de toneladas, o que representaria uma receita superior a US$ 31 bilh\u00f5es at\u00e9 2034.<\/p>\n\n\n<div class=\"wp-block-image\">\n<figure class=\"alignright size-large is-resized\"><img loading=\"lazy\" decoding=\"async\" width=\"1024\" height=\"460\" src=\"https:\/\/grupogpps.org\/wp-content\/uploads\/2025\/10\/CAMPANAGRUESA2-1024x460.jpeg\" alt=\"\" class=\"wp-image-5152\" style=\"width:577px;height:auto\" srcset=\"https:\/\/grupogpps.org\/wp-content\/uploads\/2025\/10\/CAMPANAGRUESA2-1024x460.jpeg 1024w, https:\/\/grupogpps.org\/wp-content\/uploads\/2025\/10\/CAMPANAGRUESA2-300x135.jpeg 300w, https:\/\/grupogpps.org\/wp-content\/uploads\/2025\/10\/CAMPANAGRUESA2-768x345.jpeg 768w, https:\/\/grupogpps.org\/wp-content\/uploads\/2025\/10\/CAMPANAGRUESA2-1536x690.jpeg 1536w, https:\/\/grupogpps.org\/wp-content\/uploads\/2025\/10\/CAMPANAGRUESA2-18x8.jpeg 18w, https:\/\/grupogpps.org\/wp-content\/uploads\/2025\/10\/CAMPANAGRUESA2.jpeg 1600w\" sizes=\"auto, (max-width: 1024px) 100vw, 1024px\" \/><\/figure><\/div>\n\n\n<p>Marcelo Reg\u00fanaga, coordenador-geral do Grupo dos Pa\u00edses Produtores do Sul (GPS), destacou sua interven\u00e7\u00e3o. Ele apresentou uma vis\u00e3o estrat\u00e9gica para o papel do Mercosul no novo cen\u00e1rio global de seguran\u00e7a alimentar e sustentabilidade. Reg\u00fanaga enfatizou que o bloco \"possui as condi\u00e7\u00f5es naturais, tecnol\u00f3gicas e humanas para se posicionar como o principal grupo agr\u00edcola mundial\", mas alertou que esse potencial depende de regras do jogo est\u00e1veis, infraestrutura adequada e coordena\u00e7\u00e3o regional mais forte.<\/p>\n\n\n\n<p>Ele tamb\u00e9m enfatizou que a agricultura deve ser reconhecida como parte da solu\u00e7\u00e3o para as mudan\u00e7as clim\u00e1ticas, n\u00e3o como um problema. \"Este \u00e9 o momento ideal para transmitir que a agricultura tem a capacidade de capturar carbono e fornecer servi\u00e7os que contribuem para o equil\u00edbrio ambiental\", afirmou, referindo-se \u00e0 pr\u00f3xima COP 30, que ser\u00e1 realizada no Brasil em 2026. Para isso, prop\u00f4s o avan\u00e7o de m\u00e9tricas que mensurem com precis\u00e3o a contribui\u00e7\u00e3o do setor para a mitiga\u00e7\u00e3o clim\u00e1tica e o fortalecimento de sistemas de pesquisa e desenvolvimento que permitam maior resili\u00eancia produtiva.<\/p>\n\n\n\n<p>O especialista tamb\u00e9m defendeu a consolida\u00e7\u00e3o de uma agenda regional que combine produtividade, sustentabilidade e inclus\u00e3o: \"Se conseguirmos coordenar pol\u00edticas e adotar padr\u00f5es ambientais comuns, o Mercosul poder\u00e1 liderar uma nova narrativa global sobre agricultura\", destacou.<\/p>\n\n\n\n<p>O evento contou com a presen\u00e7a de representantes dos setores p\u00fablico e privado dos quatro pa\u00edses do bloco. Do Brasil, Cleber Soares, vice-ministro da Agricultura e Pecu\u00e1ria, destacou as pol\u00edticas para reduzir um bilh\u00e3o de toneladas de emiss\u00f5es at\u00e9 2030 e os avan\u00e7os da Embrapa em ferramentas de mensura\u00e7\u00e3o da pegada de carbono. Para o Paraguai, Manuel Adolfo Ferreira Brusquetti alertou que o desafio ser\u00e1 sustentar a ado\u00e7\u00e3o tecnol\u00f3gica em um cen\u00e1rio de pre\u00e7os mais baixos, enquanto o ministro uruguaio Luis Alfredo Fratti enfatizou a necessidade de investimentos em sa\u00fade, rastreabilidade e sustentabilidade para manter a competitividade.<\/p>\n\n\n<div class=\"wp-block-image\">\n<figure class=\"alignleft size-large is-resized\"><img loading=\"lazy\" decoding=\"async\" width=\"1024\" height=\"460\" src=\"https:\/\/grupogpps.org\/wp-content\/uploads\/2025\/10\/CAMPANAGRUESA3-1024x460.jpeg\" alt=\"\" class=\"wp-image-5153\" style=\"width:627px;height:auto\" srcset=\"https:\/\/grupogpps.org\/wp-content\/uploads\/2025\/10\/CAMPANAGRUESA3-1024x460.jpeg 1024w, https:\/\/grupogpps.org\/wp-content\/uploads\/2025\/10\/CAMPANAGRUESA3-300x135.jpeg 300w, https:\/\/grupogpps.org\/wp-content\/uploads\/2025\/10\/CAMPANAGRUESA3-768x345.jpeg 768w, https:\/\/grupogpps.org\/wp-content\/uploads\/2025\/10\/CAMPANAGRUESA3-1536x690.jpeg 1536w, https:\/\/grupogpps.org\/wp-content\/uploads\/2025\/10\/CAMPANAGRUESA3-18x8.jpeg 18w, https:\/\/grupogpps.org\/wp-content\/uploads\/2025\/10\/CAMPANAGRUESA3.jpeg 1600w\" sizes=\"auto, (max-width: 1024px) 100vw, 1024px\" \/><\/figure><\/div>\n\n\n<p>Com uma vis\u00e3o compartilhada para o futuro, os especialistas concordaram que o desafio para o Mercosul n\u00e3o ser\u00e1 apenas produzir mais, mas produzir melhor: integrando inova\u00e7\u00e3o, sustentabilidade e liberaliza\u00e7\u00e3o comercial para consolidar seu papel como uma pot\u00eancia agroalimentar e ambiental importante no cen\u00e1rio global.<\/p>\n\n\n\n<p>Mir\u00e1 todo el panel aqu\u00ed. <\/p>\n\n\n\n<figure class=\"wp-block-embed is-type-video is-provider-youtube wp-block-embed-youtube wp-embed-aspect-16-9 wp-has-aspect-ratio\"><div class=\"wp-block-embed__wrapper\">\n<iframe loading=\"lazy\" title=\"LANZAMIENTO CAMPA\u00d1A GRUESA 2025\/26 - Estrategias para exportar en un mundo desafiante\" width=\"800\" height=\"450\" src=\"https:\/\/www.youtube.com\/embed\/GfS79FsdkzU?feature=oembed\" frameborder=\"0\" allow=\"accelerometer; autoplay; clipboard-write; encrypted-media; gyroscope; picture-in-picture; web-share\" referrerpolicy=\"strict-origin-when-cross-origin\" allowfullscreen><\/iframe>\n<\/div><\/figure>","protected":false},"excerpt":{"rendered":"<p>El Segundo Outlook del Mercosur, organizado por la Bolsa de Cereales de Buenos Aires, reuni\u00f3 a especialistas y autoridades de Argentina, Brasil, Paraguay y Uruguay para analizar las perspectivas agroalimentarias de la pr\u00f3xima d\u00e9cada. Seg\u00fan las proyecciones presentadas, la producci\u00f3n de cereales y oleaginosas del bloque podr\u00eda aumentar en 122 millones de toneladas, con 62 [&hellip;]<\/p>","protected":false},"author":2,"featured_media":5151,"comment_status":"open","ping_status":"closed","sticky":false,"template":"","format":"standard","meta":{"footnotes":""},"categories":[19,58,25,23],"tags":[],"class_list":["post-5150","post","type-post","status-publish","format-standard","has-post-thumbnail","hentry","category-actividades","category-eventos","category-home","category-novedades"],"yoast_head":"<!-- This site is optimized with the Yoast SEO plugin v26.8 - https:\/\/yoast.com\/product\/yoast-seo-wordpress\/ -->\n<title>Marcelo Reg\u00fanaga: \u201cLa agricultura del Mercosur debe ser reconocida como parte de la soluci\u00f3n al cambio clim\u00e1tico\u201d - GPS<\/title>\n<meta name=\"robots\" content=\"index, follow, max-snippet:-1, max-image-preview:large, max-video-preview:-1\" \/>\n<link rel=\"canonical\" href=\"https:\/\/grupogpps.org\/pt\/marcelo-regunaga-la-agricultura-del-mercosur-debe-ser-reconocida-como-parte-de-la-solucion-al-cambio-climatico\/\" \/>\n<meta property=\"og:locale\" content=\"pt_BR\" \/>\n<meta property=\"og:type\" content=\"article\" \/>\n<meta property=\"og:title\" content=\"Marcelo Reg\u00fanaga: \u201cLa agricultura del Mercosur debe ser reconocida como parte de la soluci\u00f3n al cambio clim\u00e1tico\u201d - GPS\" \/>\n<meta property=\"og:description\" content=\"El Segundo Outlook del Mercosur, organizado por la Bolsa de Cereales de Buenos Aires, reuni\u00f3 a especialistas y autoridades de Argentina, Brasil, Paraguay y Uruguay para analizar las perspectivas agroalimentarias de la pr\u00f3xima d\u00e9cada. Seg\u00fan las proyecciones presentadas, la producci\u00f3n de cereales y oleaginosas del bloque podr\u00eda aumentar en 122 millones de toneladas, con 62 [&hellip;]\" \/>\n<meta property=\"og:url\" content=\"https:\/\/grupogpps.org\/pt\/marcelo-regunaga-la-agricultura-del-mercosur-debe-ser-reconocida-como-parte-de-la-solucion-al-cambio-climatico\/\" \/>\n<meta property=\"og:site_name\" content=\"GPS\" \/>\n<meta property=\"article:publisher\" content=\"https:\/\/www.linkedin.com\/company\/25037162\/\" \/>\n<meta property=\"article:published_time\" content=\"2025-10-07T15:38:29+00:00\" \/>\n<meta property=\"article:modified_time\" content=\"2025-10-13T19:31:43+00:00\" \/>\n<meta property=\"og:image\" content=\"http:\/\/grupogpps.org\/wp-content\/uploads\/2025\/10\/CAMPANAGRUESA1.jpeg\" \/>\n\t<meta property=\"og:image:width\" content=\"1600\" \/>\n\t<meta property=\"og:image:height\" content=\"719\" \/>\n\t<meta property=\"og:image:type\" content=\"image\/jpeg\" \/>\n<meta name=\"author\" content=\"GPS GPS\" \/>\n<meta name=\"twitter:card\" content=\"summary_large_image\" \/>\n<meta name=\"twitter:creator\" content=\"@GPSLatinAmerica\" \/>\n<meta name=\"twitter:site\" content=\"@GPSLatinAmerica\" \/>\n<meta name=\"twitter:label1\" content=\"Escrito por\" \/>\n\t<meta name=\"twitter:data1\" content=\"GPS GPS\" \/>\n\t<meta name=\"twitter:label2\" content=\"Est. tempo de leitura\" \/>\n\t<meta name=\"twitter:data2\" content=\"3 minutos\" \/>\n<script type=\"application\/ld+json\" class=\"yoast-schema-graph\">{\"@context\":\"https:\/\/schema.org\",\"@graph\":[{\"@type\":\"Article\",\"@id\":\"https:\/\/grupogpps.org\/marcelo-regunaga-la-agricultura-del-mercosur-debe-ser-reconocida-como-parte-de-la-solucion-al-cambio-climatico\/#article\",\"isPartOf\":{\"@id\":\"https:\/\/grupogpps.org\/marcelo-regunaga-la-agricultura-del-mercosur-debe-ser-reconocida-como-parte-de-la-solucion-al-cambio-climatico\/\"},\"author\":{\"name\":\"GPS GPS\",\"@id\":\"https:\/\/grupogpps.org\/#\/schema\/person\/faaafcd24616dff095821c72659ce41f\"},\"headline\":\"Marcelo Reg\u00fanaga: \u201cLa agricultura del Mercosur debe ser reconocida como parte de la soluci\u00f3n al cambio clim\u00e1tico\u201d\",\"datePublished\":\"2025-10-07T15:38:29+00:00\",\"dateModified\":\"2025-10-13T19:31:43+00:00\",\"mainEntityOfPage\":{\"@id\":\"https:\/\/grupogpps.org\/marcelo-regunaga-la-agricultura-del-mercosur-debe-ser-reconocida-como-parte-de-la-solucion-al-cambio-climatico\/\"},\"wordCount\":487,\"commentCount\":0,\"publisher\":{\"@id\":\"https:\/\/grupogpps.org\/#organization\"},\"image\":{\"@id\":\"https:\/\/grupogpps.org\/marcelo-regunaga-la-agricultura-del-mercosur-debe-ser-reconocida-como-parte-de-la-solucion-al-cambio-climatico\/#primaryimage\"},\"thumbnailUrl\":\"https:\/\/grupogpps.org\/wp-content\/uploads\/2025\/10\/CAMPANAGRUESA1.jpeg\",\"articleSection\":[\"Actividades\",\"Eventos\",\"Home\",\"Novedades\"],\"inLanguage\":\"pt-BR\",\"potentialAction\":[{\"@type\":\"CommentAction\",\"name\":\"Comment\",\"target\":[\"https:\/\/grupogpps.org\/marcelo-regunaga-la-agricultura-del-mercosur-debe-ser-reconocida-como-parte-de-la-solucion-al-cambio-climatico\/#respond\"]}]},{\"@type\":\"WebPage\",\"@id\":\"https:\/\/grupogpps.org\/marcelo-regunaga-la-agricultura-del-mercosur-debe-ser-reconocida-como-parte-de-la-solucion-al-cambio-climatico\/\",\"url\":\"https:\/\/grupogpps.org\/marcelo-regunaga-la-agricultura-del-mercosur-debe-ser-reconocida-como-parte-de-la-solucion-al-cambio-climatico\/\",\"name\":\"Marcelo Reg\u00fanaga: \u201cLa agricultura del Mercosur debe ser reconocida como parte de la soluci\u00f3n al cambio clim\u00e1tico\u201d - GPS\",\"isPartOf\":{\"@id\":\"https:\/\/grupogpps.org\/#website\"},\"primaryImageOfPage\":{\"@id\":\"https:\/\/grupogpps.org\/marcelo-regunaga-la-agricultura-del-mercosur-debe-ser-reconocida-como-parte-de-la-solucion-al-cambio-climatico\/#primaryimage\"},\"image\":{\"@id\":\"https:\/\/grupogpps.org\/marcelo-regunaga-la-agricultura-del-mercosur-debe-ser-reconocida-como-parte-de-la-solucion-al-cambio-climatico\/#primaryimage\"},\"thumbnailUrl\":\"https:\/\/grupogpps.org\/wp-content\/uploads\/2025\/10\/CAMPANAGRUESA1.jpeg\",\"datePublished\":\"2025-10-07T15:38:29+00:00\",\"dateModified\":\"2025-10-13T19:31:43+00:00\",\"breadcrumb\":{\"@id\":\"https:\/\/grupogpps.org\/marcelo-regunaga-la-agricultura-del-mercosur-debe-ser-reconocida-como-parte-de-la-solucion-al-cambio-climatico\/#breadcrumb\"},\"inLanguage\":\"pt-BR\",\"potentialAction\":[{\"@type\":\"ReadAction\",\"target\":[\"https:\/\/grupogpps.org\/marcelo-regunaga-la-agricultura-del-mercosur-debe-ser-reconocida-como-parte-de-la-solucion-al-cambio-climatico\/\"]}]},{\"@type\":\"ImageObject\",\"inLanguage\":\"pt-BR\",\"@id\":\"https:\/\/grupogpps.org\/marcelo-regunaga-la-agricultura-del-mercosur-debe-ser-reconocida-como-parte-de-la-solucion-al-cambio-climatico\/#primaryimage\",\"url\":\"https:\/\/grupogpps.org\/wp-content\/uploads\/2025\/10\/CAMPANAGRUESA1.jpeg\",\"contentUrl\":\"https:\/\/grupogpps.org\/wp-content\/uploads\/2025\/10\/CAMPANAGRUESA1.jpeg\",\"width\":1600,\"height\":719},{\"@type\":\"BreadcrumbList\",\"@id\":\"https:\/\/grupogpps.org\/marcelo-regunaga-la-agricultura-del-mercosur-debe-ser-reconocida-como-parte-de-la-solucion-al-cambio-climatico\/#breadcrumb\",\"itemListElement\":[{\"@type\":\"ListItem\",\"position\":1,\"name\":\"Inicio\",\"item\":\"https:\/\/grupogpps.org\/\"},{\"@type\":\"ListItem\",\"position\":2,\"name\":\"Marcelo Reg\u00fanaga: \u201cLa agricultura del Mercosur debe ser reconocida como parte de la soluci\u00f3n al cambio clim\u00e1tico\u201d\"}]},{\"@type\":\"WebSite\",\"@id\":\"https:\/\/grupogpps.org\/#website\",\"url\":\"https:\/\/grupogpps.org\/\",\"name\":\"GPS\",\"description\":\"Grupo de pa\u00edses productores del sur\",\"publisher\":{\"@id\":\"https:\/\/grupogpps.org\/#organization\"},\"potentialAction\":[{\"@type\":\"SearchAction\",\"target\":{\"@type\":\"EntryPoint\",\"urlTemplate\":\"https:\/\/grupogpps.org\/?s={search_term_string}\"},\"query-input\":{\"@type\":\"PropertyValueSpecification\",\"valueRequired\":true,\"valueName\":\"search_term_string\"}}],\"inLanguage\":\"pt-BR\"},{\"@type\":\"Organization\",\"@id\":\"https:\/\/grupogpps.org\/#organization\",\"name\":\"GPS - Grupo de pa\u00edses productores del sur\",\"url\":\"https:\/\/grupogpps.org\/\",\"logo\":{\"@type\":\"ImageObject\",\"inLanguage\":\"pt-BR\",\"@id\":\"https:\/\/grupogpps.org\/#\/schema\/logo\/image\/\",\"url\":\"http:\/\/grupogpps.org\/wp-content\/uploads\/2021\/06\/logoGPS3.svg\",\"contentUrl\":\"http:\/\/grupogpps.org\/wp-content\/uploads\/2021\/06\/logoGPS3.svg\",\"width\":1,\"height\":1,\"caption\":\"GPS - Grupo de pa\u00edses productores del sur\"},\"image\":{\"@id\":\"https:\/\/grupogpps.org\/#\/schema\/logo\/image\/\"},\"sameAs\":[\"https:\/\/www.linkedin.com\/company\/25037162\/\",\"https:\/\/x.com\/GPSLatinAmerica\",\"https:\/\/www.instagram.com\/gpslatin\/\",\"https:\/\/www.youtube.com\/channel\/UCM2Qf0jSqNRJRkqmU8dO9QA\/videos\"]},{\"@type\":\"Person\",\"@id\":\"https:\/\/grupogpps.org\/#\/schema\/person\/faaafcd24616dff095821c72659ce41f\",\"name\":\"GPS GPS\",\"url\":\"https:\/\/grupogpps.org\/pt\/author\/gps\/\"}]}<\/script>\n<!-- \/ Yoast SEO plugin. -->","yoast_head_json":{"title":"Marcelo Reg\u00fanaga: \u201cLa agricultura del Mercosur debe ser reconocida como parte de la soluci\u00f3n al cambio clim\u00e1tico\u201d - GPS","robots":{"index":"index","follow":"follow","max-snippet":"max-snippet:-1","max-image-preview":"max-image-preview:large","max-video-preview":"max-video-preview:-1"},"canonical":"https:\/\/grupogpps.org\/pt\/marcelo-regunaga-la-agricultura-del-mercosur-debe-ser-reconocida-como-parte-de-la-solucion-al-cambio-climatico\/","og_locale":"pt_BR","og_type":"article","og_title":"Marcelo Reg\u00fanaga: \u201cLa agricultura del Mercosur debe ser reconocida como parte de la soluci\u00f3n al cambio clim\u00e1tico\u201d - GPS","og_description":"El Segundo Outlook del Mercosur, organizado por la Bolsa de Cereales de Buenos Aires, reuni\u00f3 a especialistas y autoridades de Argentina, Brasil, Paraguay y Uruguay para analizar las perspectivas agroalimentarias de la pr\u00f3xima d\u00e9cada. Seg\u00fan las proyecciones presentadas, la producci\u00f3n de cereales y oleaginosas del bloque podr\u00eda aumentar en 122 millones de toneladas, con 62 [&hellip;]","og_url":"https:\/\/grupogpps.org\/pt\/marcelo-regunaga-la-agricultura-del-mercosur-debe-ser-reconocida-como-parte-de-la-solucion-al-cambio-climatico\/","og_site_name":"GPS","article_publisher":"https:\/\/www.linkedin.com\/company\/25037162\/","article_published_time":"2025-10-07T15:38:29+00:00","article_modified_time":"2025-10-13T19:31:43+00:00","og_image":[{"width":1600,"height":719,"url":"http:\/\/grupogpps.org\/wp-content\/uploads\/2025\/10\/CAMPANAGRUESA1.jpeg","type":"image\/jpeg"}],"author":"GPS GPS","twitter_card":"summary_large_image","twitter_creator":"@GPSLatinAmerica","twitter_site":"@GPSLatinAmerica","twitter_misc":{"Escrito por":"GPS GPS","Est. tempo de leitura":"3 minutos"},"schema":{"@context":"https:\/\/schema.org","@graph":[{"@type":"Article","@id":"https:\/\/grupogpps.org\/marcelo-regunaga-la-agricultura-del-mercosur-debe-ser-reconocida-como-parte-de-la-solucion-al-cambio-climatico\/#article","isPartOf":{"@id":"https:\/\/grupogpps.org\/marcelo-regunaga-la-agricultura-del-mercosur-debe-ser-reconocida-como-parte-de-la-solucion-al-cambio-climatico\/"},"author":{"name":"GPS GPS","@id":"https:\/\/grupogpps.org\/#\/schema\/person\/faaafcd24616dff095821c72659ce41f"},"headline":"Marcelo Reg\u00fanaga: \u201cLa agricultura del Mercosur debe ser reconocida como parte de la soluci\u00f3n al cambio clim\u00e1tico\u201d","datePublished":"2025-10-07T15:38:29+00:00","dateModified":"2025-10-13T19:31:43+00:00","mainEntityOfPage":{"@id":"https:\/\/grupogpps.org\/marcelo-regunaga-la-agricultura-del-mercosur-debe-ser-reconocida-como-parte-de-la-solucion-al-cambio-climatico\/"},"wordCount":487,"commentCount":0,"publisher":{"@id":"https:\/\/grupogpps.org\/#organization"},"image":{"@id":"https:\/\/grupogpps.org\/marcelo-regunaga-la-agricultura-del-mercosur-debe-ser-reconocida-como-parte-de-la-solucion-al-cambio-climatico\/#primaryimage"},"thumbnailUrl":"https:\/\/grupogpps.org\/wp-content\/uploads\/2025\/10\/CAMPANAGRUESA1.jpeg","articleSection":["Actividades","Eventos","Home","Novedades"],"inLanguage":"pt-BR","potentialAction":[{"@type":"CommentAction","name":"Comment","target":["https:\/\/grupogpps.org\/marcelo-regunaga-la-agricultura-del-mercosur-debe-ser-reconocida-como-parte-de-la-solucion-al-cambio-climatico\/#respond"]}]},{"@type":"WebPage","@id":"https:\/\/grupogpps.org\/marcelo-regunaga-la-agricultura-del-mercosur-debe-ser-reconocida-como-parte-de-la-solucion-al-cambio-climatico\/","url":"https:\/\/grupogpps.org\/marcelo-regunaga-la-agricultura-del-mercosur-debe-ser-reconocida-como-parte-de-la-solucion-al-cambio-climatico\/","name":"Marcelo Reg\u00fanaga: \u201cLa agricultura del Mercosur debe ser reconocida como parte de la soluci\u00f3n al cambio clim\u00e1tico\u201d - GPS","isPartOf":{"@id":"https:\/\/grupogpps.org\/#website"},"primaryImageOfPage":{"@id":"https:\/\/grupogpps.org\/marcelo-regunaga-la-agricultura-del-mercosur-debe-ser-reconocida-como-parte-de-la-solucion-al-cambio-climatico\/#primaryimage"},"image":{"@id":"https:\/\/grupogpps.org\/marcelo-regunaga-la-agricultura-del-mercosur-debe-ser-reconocida-como-parte-de-la-solucion-al-cambio-climatico\/#primaryimage"},"thumbnailUrl":"https:\/\/grupogpps.org\/wp-content\/uploads\/2025\/10\/CAMPANAGRUESA1.jpeg","datePublished":"2025-10-07T15:38:29+00:00","dateModified":"2025-10-13T19:31:43+00:00","breadcrumb":{"@id":"https:\/\/grupogpps.org\/marcelo-regunaga-la-agricultura-del-mercosur-debe-ser-reconocida-como-parte-de-la-solucion-al-cambio-climatico\/#breadcrumb"},"inLanguage":"pt-BR","potentialAction":[{"@type":"ReadAction","target":["https:\/\/grupogpps.org\/marcelo-regunaga-la-agricultura-del-mercosur-debe-ser-reconocida-como-parte-de-la-solucion-al-cambio-climatico\/"]}]},{"@type":"ImageObject","inLanguage":"pt-BR","@id":"https:\/\/grupogpps.org\/marcelo-regunaga-la-agricultura-del-mercosur-debe-ser-reconocida-como-parte-de-la-solucion-al-cambio-climatico\/#primaryimage","url":"https:\/\/grupogpps.org\/wp-content\/uploads\/2025\/10\/CAMPANAGRUESA1.jpeg","contentUrl":"https:\/\/grupogpps.org\/wp-content\/uploads\/2025\/10\/CAMPANAGRUESA1.jpeg","width":1600,"height":719},{"@type":"BreadcrumbList","@id":"https:\/\/grupogpps.org\/marcelo-regunaga-la-agricultura-del-mercosur-debe-ser-reconocida-como-parte-de-la-solucion-al-cambio-climatico\/#breadcrumb","itemListElement":[{"@type":"ListItem","position":1,"name":"Inicio","item":"https:\/\/grupogpps.org\/"},{"@type":"ListItem","position":2,"name":"Marcelo Reg\u00fanaga: \u201cLa agricultura del Mercosur debe ser reconocida como parte de la soluci\u00f3n al cambio clim\u00e1tico\u201d"}]},{"@type":"WebSite","@id":"https:\/\/grupogpps.org\/#website","url":"https:\/\/grupogpps.org\/","name":"GPS","description":"Grupo de pa\u00edses productores del sur","publisher":{"@id":"https:\/\/grupogpps.org\/#organization"},"potentialAction":[{"@type":"SearchAction","target":{"@type":"EntryPoint","urlTemplate":"https:\/\/grupogpps.org\/?s={search_term_string}"},"query-input":{"@type":"PropertyValueSpecification","valueRequired":true,"valueName":"search_term_string"}}],"inLanguage":"pt-BR"},{"@type":"Organization","@id":"https:\/\/grupogpps.org\/#organization","name":"GPS - Grupo de pa\u00edses productores del sur","url":"https:\/\/grupogpps.org\/","logo":{"@type":"ImageObject","inLanguage":"pt-BR","@id":"https:\/\/grupogpps.org\/#\/schema\/logo\/image\/","url":"http:\/\/grupogpps.org\/wp-content\/uploads\/2021\/06\/logoGPS3.svg","contentUrl":"http:\/\/grupogpps.org\/wp-content\/uploads\/2021\/06\/logoGPS3.svg","width":1,"height":1,"caption":"GPS - Grupo de pa\u00edses productores del sur"},"image":{"@id":"https:\/\/grupogpps.org\/#\/schema\/logo\/image\/"},"sameAs":["https:\/\/www.linkedin.com\/company\/25037162\/","https:\/\/x.com\/GPSLatinAmerica","https:\/\/www.instagram.com\/gpslatin\/","https:\/\/www.youtube.com\/channel\/UCM2Qf0jSqNRJRkqmU8dO9QA\/videos"]},{"@type":"Person","@id":"https:\/\/grupogpps.org\/#\/schema\/person\/faaafcd24616dff095821c72659ce41f","name":"GPS GPS","url":"https:\/\/grupogpps.org\/pt\/author\/gps\/"}]}},"_links":{"self":[{"href":"https:\/\/grupogpps.org\/pt\/wp-json\/wp\/v2\/posts\/5150","targetHints":{"allow":["GET"]}}],"collection":[{"href":"https:\/\/grupogpps.org\/pt\/wp-json\/wp\/v2\/posts"}],"about":[{"href":"https:\/\/grupogpps.org\/pt\/wp-json\/wp\/v2\/types\/post"}],"author":[{"embeddable":true,"href":"https:\/\/grupogpps.org\/pt\/wp-json\/wp\/v2\/users\/2"}],"replies":[{"embeddable":true,"href":"https:\/\/grupogpps.org\/pt\/wp-json\/wp\/v2\/comments?post=5150"}],"version-history":[{"count":4,"href":"https:\/\/grupogpps.org\/pt\/wp-json\/wp\/v2\/posts\/5150\/revisions"}],"predecessor-version":[{"id":5157,"href":"https:\/\/grupogpps.org\/pt\/wp-json\/wp\/v2\/posts\/5150\/revisions\/5157"}],"wp:featuredmedia":[{"embeddable":true,"href":"https:\/\/grupogpps.org\/pt\/wp-json\/wp\/v2\/media\/5151"}],"wp:attachment":[{"href":"https:\/\/grupogpps.org\/pt\/wp-json\/wp\/v2\/media?parent=5150"}],"wp:term":[{"taxonomy":"category","embeddable":true,"href":"https:\/\/grupogpps.org\/pt\/wp-json\/wp\/v2\/categories?post=5150"},{"taxonomy":"post_tag","embeddable":true,"href":"https:\/\/grupogpps.org\/pt\/wp-json\/wp\/v2\/tags?post=5150"}],"curies":[{"name":"wp","href":"https:\/\/api.w.org\/{rel}","templated":true}]}}