{"id":5068,"date":"2025-08-05T16:36:54","date_gmt":"2025-08-05T19:36:54","guid":{"rendered":"https:\/\/grupogpps.org\/?p=5068"},"modified":"2025-08-05T16:45:08","modified_gmt":"2025-08-05T19:45:08","slug":"una-mirada-estrategica-al-futuro-agroindustrial-claves-del-panel-de-cierre-del-seminario-fpc","status":"publish","type":"post","link":"https:\/\/grupogpps.org\/pt\/una-mirada-estrategica-al-futuro-agroindustrial-claves-del-panel-de-cierre-del-seminario-fpc\/","title":{"rendered":"Um olhar estrat\u00e9gico para o futuro da agroind\u00fastria: Principais pontos do painel de encerramento do Semin\u00e1rio FPC"},"content":{"rendered":"<p>No \u00e2mbito do semin\u00e1rio anual da Funda\u00e7\u00e3o Producir Conservando, o painel de perguntas e respostas com Marcelo Reg\u00fanaga, coordenador geral do Grupo Sul de Pa\u00edses Produtores (GPS), e Agust\u00edn Tejeda Rodr\u00edguez, subsecret\u00e1rio de Mercados Agroalimentares, tornou-se um espa\u00e7o de diagn\u00f3stico, propostas e debate sobre os desafios e oportunidades que a agricultura argentina enfrenta no contexto global.<\/p>\n\n\n\n<p>Tejeda Rodr\u00edguez apresentou uma vis\u00e3o abrangente da estrat\u00e9gia oficial para fortalecer a integra\u00e7\u00e3o internacional do setor, com foco em cinco pilares principais: estabiliza\u00e7\u00e3o macroecon\u00f4mica, desregulamenta\u00e7\u00e3o comercial, redu\u00e7\u00e3o de impostos distorcivos, promo\u00e7\u00e3o da inova\u00e7\u00e3o e abertura de novos mercados. \"O com\u00e9rcio internacional \u00e9 um dos pilares estrat\u00e9gicos do governo\", enfatizou, destacando a mudan\u00e7a da Argentina em dire\u00e7\u00e3o \u00e0 liberaliza\u00e7\u00e3o comercial em um mundo com tend\u00eancia ao protecionismo.<\/p>\n\n\n<div class=\"wp-block-image\">\n<figure class=\"alignleft size-full is-resized\"><img loading=\"lazy\" decoding=\"async\" width=\"715\" height=\"425\" src=\"http:\/\/grupogpps.org\/wp-content\/uploads\/2025\/08\/MARCELO.1.jpg\" alt=\"\" class=\"wp-image-5070\" style=\"width:580px;height:auto\" srcset=\"https:\/\/grupogpps.org\/wp-content\/uploads\/2025\/08\/MARCELO.1.jpg 715w, https:\/\/grupogpps.org\/wp-content\/uploads\/2025\/08\/MARCELO.1-300x178.jpg 300w, https:\/\/grupogpps.org\/wp-content\/uploads\/2025\/08\/MARCELO.1-18x12.jpg 18w\" sizes=\"auto, (max-width: 715px) 100vw, 715px\" \/><\/figure><\/div>\n\n\n<p>Entre as conquistas recentes, ele mencionou o progresso nas aberturas sanit\u00e1rias e nas negocia\u00e7\u00f5es comerciais com a \u00c1sia e o Oriente M\u00e9dio, o fortalecimento de adidos agr\u00edcolas \u2014 como o novo no Vietn\u00e3 \u2014 e o trabalho conjunto com o setor privado para definir as prioridades de exporta\u00e7\u00e3o. Ele tamb\u00e9m enfatizou a import\u00e2ncia da adapta\u00e7\u00e3o \u00e0s regulamenta\u00e7\u00f5es internacionais, como a regulamenta\u00e7\u00e3o de desmatamento da Uni\u00e3o Europeia, questionando a classifica\u00e7\u00e3o da Argentina como \"pa\u00eds de m\u00e9dio risco\" e antecipando esfor\u00e7os diplom\u00e1ticos para reverter essa classifica\u00e7\u00e3o.<\/p>\n\n\n\n<p>Por sua vez, Marcelo Reg\u00fanaga defendeu o fortalecimento do papel do setor privado na constru\u00e7\u00e3o de uma estrat\u00e9gia de longo prazo, com base em modelos bem-sucedidos como o programa de incentivo fiscal americano e as institui\u00e7\u00f5es setoriais brasileiras. \"Precisamos discutir seriamente nossa agenda para o setor privado no futuro\", alertou, enfatizando a necessidade de financiamento, responsabiliza\u00e7\u00e3o e vis\u00e3o estrat\u00e9gica.\nO painel concluiu com uma convic\u00e7\u00e3o compartilhada: o setor agroindustrial argentino tem um enorme potencial, mas precisa de mais coordena\u00e7\u00e3o, planejamento de longo prazo e um compromisso real de todas as partes interessadas para aproveit\u00e1-lo. Como concluiu Reg\u00fanaga, \"H\u00e1 muitas coisas que podemos resolver, mas ainda n\u00e3o estamos fazendo isso\".<\/p>\n\n\n\n<p><strong><em>Mir\u00e1 el panel de intercambio y preguntas durante el Seminario.<\/em><\/strong><\/p>\n\n\n\n<figure class=\"wp-block-embed is-type-video is-provider-youtube wp-block-embed-youtube wp-embed-aspect-16-9 wp-has-aspect-ratio\"><div class=\"wp-block-embed__wrapper\">\n<iframe loading=\"lazy\" title=\"Seminario 2025 - Intercambio y Preguntas\" width=\"800\" height=\"450\" src=\"https:\/\/www.youtube.com\/embed\/wk8Sv0hgRNE?start=332&#038;feature=oembed\" frameborder=\"0\" allow=\"accelerometer; autoplay; clipboard-write; encrypted-media; gyroscope; picture-in-picture; web-share\" referrerpolicy=\"strict-origin-when-cross-origin\" allowfullscreen><\/iframe>\n<\/div><\/figure>","protected":false},"excerpt":{"rendered":"<p>En el marco del Seminario anual de la Fundaci\u00f3n Producir Conservando, el panel de preguntas y respuestas protagonizado por Marcelo Reg\u00fanaga, coordinador general del Grupo de Pa\u00edses Productores del Sur (GPS), y Agust\u00edn Tejeda Rodr\u00edguez, subsecretario de Mercados Agroalimentarios, se transform\u00f3 en un espacio de diagn\u00f3stico, propuestas y debate sobre los desaf\u00edos y oportunidades del [&hellip;]<\/p>","protected":false},"author":2,"featured_media":5069,"comment_status":"open","ping_status":"closed","sticky":false,"template":"","format":"standard","meta":{"footnotes":""},"categories":[19,58,25,23],"tags":[],"class_list":["post-5068","post","type-post","status-publish","format-standard","has-post-thumbnail","hentry","category-actividades","category-eventos","category-home","category-novedades"],"yoast_head":"<!-- This site is optimized with the Yoast SEO plugin v26.8 - https:\/\/yoast.com\/product\/yoast-seo-wordpress\/ -->\n<title>Una mirada estrat\u00e9gica al futuro agroindustrial: claves del panel de cierre del Seminario FPC - GPS<\/title>\n<meta name=\"robots\" content=\"index, follow, max-snippet:-1, max-image-preview:large, max-video-preview:-1\" \/>\n<link rel=\"canonical\" href=\"https:\/\/grupogpps.org\/pt\/una-mirada-estrategica-al-futuro-agroindustrial-claves-del-panel-de-cierre-del-seminario-fpc\/\" \/>\n<meta property=\"og:locale\" content=\"pt_BR\" \/>\n<meta property=\"og:type\" content=\"article\" \/>\n<meta property=\"og:title\" content=\"Una mirada estrat\u00e9gica al futuro agroindustrial: claves del panel de cierre del Seminario FPC - GPS\" \/>\n<meta property=\"og:description\" content=\"En el marco del Seminario anual de la Fundaci\u00f3n Producir Conservando, el panel de preguntas y respuestas protagonizado por Marcelo Reg\u00fanaga, coordinador general del Grupo de Pa\u00edses Productores del Sur (GPS), y Agust\u00edn Tejeda Rodr\u00edguez, subsecretario de Mercados Agroalimentarios, se transform\u00f3 en un espacio de diagn\u00f3stico, propuestas y debate sobre los desaf\u00edos y oportunidades del [&hellip;]\" \/>\n<meta property=\"og:url\" content=\"https:\/\/grupogpps.org\/pt\/una-mirada-estrategica-al-futuro-agroindustrial-claves-del-panel-de-cierre-del-seminario-fpc\/\" \/>\n<meta property=\"og:site_name\" content=\"GPS\" \/>\n<meta property=\"article:publisher\" content=\"https:\/\/www.linkedin.com\/company\/25037162\/\" \/>\n<meta property=\"article:published_time\" content=\"2025-08-05T19:36:54+00:00\" \/>\n<meta property=\"article:modified_time\" content=\"2025-08-05T19:45:08+00:00\" \/>\n<meta property=\"og:image\" content=\"http:\/\/grupogpps.org\/wp-content\/uploads\/2025\/08\/agustin.1.jpeg\" \/>\n\t<meta property=\"og:image:width\" content=\"821\" \/>\n\t<meta property=\"og:image:height\" content=\"456\" \/>\n\t<meta property=\"og:image:type\" content=\"image\/jpeg\" \/>\n<meta name=\"author\" content=\"GPS GPS\" \/>\n<meta name=\"twitter:card\" content=\"summary_large_image\" \/>\n<meta name=\"twitter:creator\" content=\"@GPSLatinAmerica\" \/>\n<meta name=\"twitter:site\" content=\"@GPSLatinAmerica\" \/>\n<meta name=\"twitter:label1\" content=\"Escrito por\" \/>\n\t<meta name=\"twitter:data1\" content=\"GPS GPS\" \/>\n\t<meta name=\"twitter:label2\" content=\"Est. tempo de leitura\" \/>\n\t<meta name=\"twitter:data2\" content=\"2 minutos\" \/>\n<script type=\"application\/ld+json\" class=\"yoast-schema-graph\">{\"@context\":\"https:\/\/schema.org\",\"@graph\":[{\"@type\":\"Article\",\"@id\":\"https:\/\/grupogpps.org\/una-mirada-estrategica-al-futuro-agroindustrial-claves-del-panel-de-cierre-del-seminario-fpc\/#article\",\"isPartOf\":{\"@id\":\"https:\/\/grupogpps.org\/una-mirada-estrategica-al-futuro-agroindustrial-claves-del-panel-de-cierre-del-seminario-fpc\/\"},\"author\":{\"name\":\"GPS GPS\",\"@id\":\"https:\/\/grupogpps.org\/#\/schema\/person\/faaafcd24616dff095821c72659ce41f\"},\"headline\":\"Una mirada estrat\u00e9gica al futuro agroindustrial: claves del panel de cierre del Seminario FPC\",\"datePublished\":\"2025-08-05T19:36:54+00:00\",\"dateModified\":\"2025-08-05T19:45:08+00:00\",\"mainEntityOfPage\":{\"@id\":\"https:\/\/grupogpps.org\/una-mirada-estrategica-al-futuro-agroindustrial-claves-del-panel-de-cierre-del-seminario-fpc\/\"},\"wordCount\":391,\"commentCount\":0,\"publisher\":{\"@id\":\"https:\/\/grupogpps.org\/#organization\"},\"image\":{\"@id\":\"https:\/\/grupogpps.org\/una-mirada-estrategica-al-futuro-agroindustrial-claves-del-panel-de-cierre-del-seminario-fpc\/#primaryimage\"},\"thumbnailUrl\":\"https:\/\/grupogpps.org\/wp-content\/uploads\/2025\/08\/agustin.1.jpeg\",\"articleSection\":[\"Actividades\",\"Eventos\",\"Home\",\"Novedades\"],\"inLanguage\":\"pt-BR\",\"potentialAction\":[{\"@type\":\"CommentAction\",\"name\":\"Comment\",\"target\":[\"https:\/\/grupogpps.org\/una-mirada-estrategica-al-futuro-agroindustrial-claves-del-panel-de-cierre-del-seminario-fpc\/#respond\"]}]},{\"@type\":\"WebPage\",\"@id\":\"https:\/\/grupogpps.org\/una-mirada-estrategica-al-futuro-agroindustrial-claves-del-panel-de-cierre-del-seminario-fpc\/\",\"url\":\"https:\/\/grupogpps.org\/una-mirada-estrategica-al-futuro-agroindustrial-claves-del-panel-de-cierre-del-seminario-fpc\/\",\"name\":\"Una mirada estrat\u00e9gica al futuro agroindustrial: claves del panel de cierre del Seminario FPC - GPS\",\"isPartOf\":{\"@id\":\"https:\/\/grupogpps.org\/#website\"},\"primaryImageOfPage\":{\"@id\":\"https:\/\/grupogpps.org\/una-mirada-estrategica-al-futuro-agroindustrial-claves-del-panel-de-cierre-del-seminario-fpc\/#primaryimage\"},\"image\":{\"@id\":\"https:\/\/grupogpps.org\/una-mirada-estrategica-al-futuro-agroindustrial-claves-del-panel-de-cierre-del-seminario-fpc\/#primaryimage\"},\"thumbnailUrl\":\"https:\/\/grupogpps.org\/wp-content\/uploads\/2025\/08\/agustin.1.jpeg\",\"datePublished\":\"2025-08-05T19:36:54+00:00\",\"dateModified\":\"2025-08-05T19:45:08+00:00\",\"breadcrumb\":{\"@id\":\"https:\/\/grupogpps.org\/una-mirada-estrategica-al-futuro-agroindustrial-claves-del-panel-de-cierre-del-seminario-fpc\/#breadcrumb\"},\"inLanguage\":\"pt-BR\",\"potentialAction\":[{\"@type\":\"ReadAction\",\"target\":[\"https:\/\/grupogpps.org\/una-mirada-estrategica-al-futuro-agroindustrial-claves-del-panel-de-cierre-del-seminario-fpc\/\"]}]},{\"@type\":\"ImageObject\",\"inLanguage\":\"pt-BR\",\"@id\":\"https:\/\/grupogpps.org\/una-mirada-estrategica-al-futuro-agroindustrial-claves-del-panel-de-cierre-del-seminario-fpc\/#primaryimage\",\"url\":\"https:\/\/grupogpps.org\/wp-content\/uploads\/2025\/08\/agustin.1.jpeg\",\"contentUrl\":\"https:\/\/grupogpps.org\/wp-content\/uploads\/2025\/08\/agustin.1.jpeg\",\"width\":821,\"height\":456},{\"@type\":\"BreadcrumbList\",\"@id\":\"https:\/\/grupogpps.org\/una-mirada-estrategica-al-futuro-agroindustrial-claves-del-panel-de-cierre-del-seminario-fpc\/#breadcrumb\",\"itemListElement\":[{\"@type\":\"ListItem\",\"position\":1,\"name\":\"Inicio\",\"item\":\"https:\/\/grupogpps.org\/\"},{\"@type\":\"ListItem\",\"position\":2,\"name\":\"Una mirada estrat\u00e9gica al futuro agroindustrial: claves del panel de cierre del Seminario FPC\"}]},{\"@type\":\"WebSite\",\"@id\":\"https:\/\/grupogpps.org\/#website\",\"url\":\"https:\/\/grupogpps.org\/\",\"name\":\"GPS\",\"description\":\"Grupo de pa\u00edses productores del sur\",\"publisher\":{\"@id\":\"https:\/\/grupogpps.org\/#organization\"},\"potentialAction\":[{\"@type\":\"SearchAction\",\"target\":{\"@type\":\"EntryPoint\",\"urlTemplate\":\"https:\/\/grupogpps.org\/?s={search_term_string}\"},\"query-input\":{\"@type\":\"PropertyValueSpecification\",\"valueRequired\":true,\"valueName\":\"search_term_string\"}}],\"inLanguage\":\"pt-BR\"},{\"@type\":\"Organization\",\"@id\":\"https:\/\/grupogpps.org\/#organization\",\"name\":\"GPS - Grupo de pa\u00edses productores del sur\",\"url\":\"https:\/\/grupogpps.org\/\",\"logo\":{\"@type\":\"ImageObject\",\"inLanguage\":\"pt-BR\",\"@id\":\"https:\/\/grupogpps.org\/#\/schema\/logo\/image\/\",\"url\":\"http:\/\/grupogpps.org\/wp-content\/uploads\/2021\/06\/logoGPS3.svg\",\"contentUrl\":\"http:\/\/grupogpps.org\/wp-content\/uploads\/2021\/06\/logoGPS3.svg\",\"width\":1,\"height\":1,\"caption\":\"GPS - Grupo de pa\u00edses productores del sur\"},\"image\":{\"@id\":\"https:\/\/grupogpps.org\/#\/schema\/logo\/image\/\"},\"sameAs\":[\"https:\/\/www.linkedin.com\/company\/25037162\/\",\"https:\/\/x.com\/GPSLatinAmerica\",\"https:\/\/www.instagram.com\/gpslatin\/\",\"https:\/\/www.youtube.com\/channel\/UCM2Qf0jSqNRJRkqmU8dO9QA\/videos\"]},{\"@type\":\"Person\",\"@id\":\"https:\/\/grupogpps.org\/#\/schema\/person\/faaafcd24616dff095821c72659ce41f\",\"name\":\"GPS GPS\",\"url\":\"https:\/\/grupogpps.org\/pt\/author\/gps\/\"}]}<\/script>\n<!-- \/ Yoast SEO plugin. -->","yoast_head_json":{"title":"Una mirada estrat\u00e9gica al futuro agroindustrial: claves del panel de cierre del Seminario FPC - GPS","robots":{"index":"index","follow":"follow","max-snippet":"max-snippet:-1","max-image-preview":"max-image-preview:large","max-video-preview":"max-video-preview:-1"},"canonical":"https:\/\/grupogpps.org\/pt\/una-mirada-estrategica-al-futuro-agroindustrial-claves-del-panel-de-cierre-del-seminario-fpc\/","og_locale":"pt_BR","og_type":"article","og_title":"Una mirada estrat\u00e9gica al futuro agroindustrial: claves del panel de cierre del Seminario FPC - GPS","og_description":"En el marco del Seminario anual de la Fundaci\u00f3n Producir Conservando, el panel de preguntas y respuestas protagonizado por Marcelo Reg\u00fanaga, coordinador general del Grupo de Pa\u00edses Productores del Sur (GPS), y Agust\u00edn Tejeda Rodr\u00edguez, subsecretario de Mercados Agroalimentarios, se transform\u00f3 en un espacio de diagn\u00f3stico, propuestas y debate sobre los desaf\u00edos y oportunidades del [&hellip;]","og_url":"https:\/\/grupogpps.org\/pt\/una-mirada-estrategica-al-futuro-agroindustrial-claves-del-panel-de-cierre-del-seminario-fpc\/","og_site_name":"GPS","article_publisher":"https:\/\/www.linkedin.com\/company\/25037162\/","article_published_time":"2025-08-05T19:36:54+00:00","article_modified_time":"2025-08-05T19:45:08+00:00","og_image":[{"width":821,"height":456,"url":"http:\/\/grupogpps.org\/wp-content\/uploads\/2025\/08\/agustin.1.jpeg","type":"image\/jpeg"}],"author":"GPS GPS","twitter_card":"summary_large_image","twitter_creator":"@GPSLatinAmerica","twitter_site":"@GPSLatinAmerica","twitter_misc":{"Escrito por":"GPS GPS","Est. tempo de leitura":"2 minutos"},"schema":{"@context":"https:\/\/schema.org","@graph":[{"@type":"Article","@id":"https:\/\/grupogpps.org\/una-mirada-estrategica-al-futuro-agroindustrial-claves-del-panel-de-cierre-del-seminario-fpc\/#article","isPartOf":{"@id":"https:\/\/grupogpps.org\/una-mirada-estrategica-al-futuro-agroindustrial-claves-del-panel-de-cierre-del-seminario-fpc\/"},"author":{"name":"GPS GPS","@id":"https:\/\/grupogpps.org\/#\/schema\/person\/faaafcd24616dff095821c72659ce41f"},"headline":"Una mirada estrat\u00e9gica al futuro agroindustrial: claves del panel de cierre del Seminario FPC","datePublished":"2025-08-05T19:36:54+00:00","dateModified":"2025-08-05T19:45:08+00:00","mainEntityOfPage":{"@id":"https:\/\/grupogpps.org\/una-mirada-estrategica-al-futuro-agroindustrial-claves-del-panel-de-cierre-del-seminario-fpc\/"},"wordCount":391,"commentCount":0,"publisher":{"@id":"https:\/\/grupogpps.org\/#organization"},"image":{"@id":"https:\/\/grupogpps.org\/una-mirada-estrategica-al-futuro-agroindustrial-claves-del-panel-de-cierre-del-seminario-fpc\/#primaryimage"},"thumbnailUrl":"https:\/\/grupogpps.org\/wp-content\/uploads\/2025\/08\/agustin.1.jpeg","articleSection":["Actividades","Eventos","Home","Novedades"],"inLanguage":"pt-BR","potentialAction":[{"@type":"CommentAction","name":"Comment","target":["https:\/\/grupogpps.org\/una-mirada-estrategica-al-futuro-agroindustrial-claves-del-panel-de-cierre-del-seminario-fpc\/#respond"]}]},{"@type":"WebPage","@id":"https:\/\/grupogpps.org\/una-mirada-estrategica-al-futuro-agroindustrial-claves-del-panel-de-cierre-del-seminario-fpc\/","url":"https:\/\/grupogpps.org\/una-mirada-estrategica-al-futuro-agroindustrial-claves-del-panel-de-cierre-del-seminario-fpc\/","name":"Una mirada estrat\u00e9gica al futuro agroindustrial: claves del panel de cierre del Seminario FPC - GPS","isPartOf":{"@id":"https:\/\/grupogpps.org\/#website"},"primaryImageOfPage":{"@id":"https:\/\/grupogpps.org\/una-mirada-estrategica-al-futuro-agroindustrial-claves-del-panel-de-cierre-del-seminario-fpc\/#primaryimage"},"image":{"@id":"https:\/\/grupogpps.org\/una-mirada-estrategica-al-futuro-agroindustrial-claves-del-panel-de-cierre-del-seminario-fpc\/#primaryimage"},"thumbnailUrl":"https:\/\/grupogpps.org\/wp-content\/uploads\/2025\/08\/agustin.1.jpeg","datePublished":"2025-08-05T19:36:54+00:00","dateModified":"2025-08-05T19:45:08+00:00","breadcrumb":{"@id":"https:\/\/grupogpps.org\/una-mirada-estrategica-al-futuro-agroindustrial-claves-del-panel-de-cierre-del-seminario-fpc\/#breadcrumb"},"inLanguage":"pt-BR","potentialAction":[{"@type":"ReadAction","target":["https:\/\/grupogpps.org\/una-mirada-estrategica-al-futuro-agroindustrial-claves-del-panel-de-cierre-del-seminario-fpc\/"]}]},{"@type":"ImageObject","inLanguage":"pt-BR","@id":"https:\/\/grupogpps.org\/una-mirada-estrategica-al-futuro-agroindustrial-claves-del-panel-de-cierre-del-seminario-fpc\/#primaryimage","url":"https:\/\/grupogpps.org\/wp-content\/uploads\/2025\/08\/agustin.1.jpeg","contentUrl":"https:\/\/grupogpps.org\/wp-content\/uploads\/2025\/08\/agustin.1.jpeg","width":821,"height":456},{"@type":"BreadcrumbList","@id":"https:\/\/grupogpps.org\/una-mirada-estrategica-al-futuro-agroindustrial-claves-del-panel-de-cierre-del-seminario-fpc\/#breadcrumb","itemListElement":[{"@type":"ListItem","position":1,"name":"Inicio","item":"https:\/\/grupogpps.org\/"},{"@type":"ListItem","position":2,"name":"Una mirada estrat\u00e9gica al futuro agroindustrial: claves del panel de cierre del Seminario FPC"}]},{"@type":"WebSite","@id":"https:\/\/grupogpps.org\/#website","url":"https:\/\/grupogpps.org\/","name":"GPS","description":"Grupo de pa\u00edses productores del sur","publisher":{"@id":"https:\/\/grupogpps.org\/#organization"},"potentialAction":[{"@type":"SearchAction","target":{"@type":"EntryPoint","urlTemplate":"https:\/\/grupogpps.org\/?s={search_term_string}"},"query-input":{"@type":"PropertyValueSpecification","valueRequired":true,"valueName":"search_term_string"}}],"inLanguage":"pt-BR"},{"@type":"Organization","@id":"https:\/\/grupogpps.org\/#organization","name":"GPS - Grupo de pa\u00edses productores del sur","url":"https:\/\/grupogpps.org\/","logo":{"@type":"ImageObject","inLanguage":"pt-BR","@id":"https:\/\/grupogpps.org\/#\/schema\/logo\/image\/","url":"http:\/\/grupogpps.org\/wp-content\/uploads\/2021\/06\/logoGPS3.svg","contentUrl":"http:\/\/grupogpps.org\/wp-content\/uploads\/2021\/06\/logoGPS3.svg","width":1,"height":1,"caption":"GPS - Grupo de pa\u00edses productores del sur"},"image":{"@id":"https:\/\/grupogpps.org\/#\/schema\/logo\/image\/"},"sameAs":["https:\/\/www.linkedin.com\/company\/25037162\/","https:\/\/x.com\/GPSLatinAmerica","https:\/\/www.instagram.com\/gpslatin\/","https:\/\/www.youtube.com\/channel\/UCM2Qf0jSqNRJRkqmU8dO9QA\/videos"]},{"@type":"Person","@id":"https:\/\/grupogpps.org\/#\/schema\/person\/faaafcd24616dff095821c72659ce41f","name":"GPS GPS","url":"https:\/\/grupogpps.org\/pt\/author\/gps\/"}]}},"_links":{"self":[{"href":"https:\/\/grupogpps.org\/pt\/wp-json\/wp\/v2\/posts\/5068","targetHints":{"allow":["GET"]}}],"collection":[{"href":"https:\/\/grupogpps.org\/pt\/wp-json\/wp\/v2\/posts"}],"about":[{"href":"https:\/\/grupogpps.org\/pt\/wp-json\/wp\/v2\/types\/post"}],"author":[{"embeddable":true,"href":"https:\/\/grupogpps.org\/pt\/wp-json\/wp\/v2\/users\/2"}],"replies":[{"embeddable":true,"href":"https:\/\/grupogpps.org\/pt\/wp-json\/wp\/v2\/comments?post=5068"}],"version-history":[{"count":2,"href":"https:\/\/grupogpps.org\/pt\/wp-json\/wp\/v2\/posts\/5068\/revisions"}],"predecessor-version":[{"id":5072,"href":"https:\/\/grupogpps.org\/pt\/wp-json\/wp\/v2\/posts\/5068\/revisions\/5072"}],"wp:featuredmedia":[{"embeddable":true,"href":"https:\/\/grupogpps.org\/pt\/wp-json\/wp\/v2\/media\/5069"}],"wp:attachment":[{"href":"https:\/\/grupogpps.org\/pt\/wp-json\/wp\/v2\/media?parent=5068"}],"wp:term":[{"taxonomy":"category","embeddable":true,"href":"https:\/\/grupogpps.org\/pt\/wp-json\/wp\/v2\/categories?post=5068"},{"taxonomy":"post_tag","embeddable":true,"href":"https:\/\/grupogpps.org\/pt\/wp-json\/wp\/v2\/tags?post=5068"}],"curies":[{"name":"wp","href":"https:\/\/api.w.org\/{rel}","templated":true}]}}