{"id":5060,"date":"2025-07-16T16:33:51","date_gmt":"2025-07-16T19:33:51","guid":{"rendered":"https:\/\/grupogpps.org\/?p=5060"},"modified":"2025-07-16T16:42:56","modified_gmt":"2025-07-16T19:42:56","slug":"exportaciones-las-oportunidades-estan-hay-que-crear-el-contexto-para-aprovecharlas","status":"publish","type":"post","link":"https:\/\/grupogpps.org\/pt\/exportaciones-las-oportunidades-estan-hay-que-crear-el-contexto-para-aprovecharlas\/","title":{"rendered":"Exporta\u00e7\u00f5es: as oportunidades est\u00e3o a\u00ed, temos de criar o contexto para as aproveitar"},"content":{"rendered":"<ul class=\"wp-block-list\">\n<li><em><em>Espera-se um aumento acentuado no consumo de produtos agr\u00edcolas at\u00e9 2034\/2035, o que representa desafios para a Argentina.<\/em><\/em><\/li>\n<\/ul>\n\n\n\n<p><\/p>\n\n\n\n<p>No semin\u00e1rio da Funda\u00e7\u00e3o Produzindo Conservando, realizado na semana passada, foi destacado que a estrat\u00e9gia de desenvolvimento proposta pelo Poder Executivo Nacional (PEN), pautada no crescimento do com\u00e9rcio exterior, encontra um cen\u00e1rio internacional favor\u00e1vel na demanda global por alimentos e biocombust\u00edveis projetada para a pr\u00f3xima d\u00e9cada por ag\u00eancias especializadas (USDA, FAO-OCDE).<\/p>\n\n\n\n<p>Conforme detalhado por Gustavo Oliverio e Gustavo L\u00f3pez, o consumo global dos principais gr\u00e3os (milho, trigo e soja) para o ciclo 2034\/35 aumentar\u00e1 em aproximadamente 250 milh\u00f5es de toneladas, aos quais ser\u00e3o adicionados aproximadamente 40 milh\u00f5es de toneladas de \u00f3leo e farelo de soja.<\/p>\n\n\n\n<p>Por outro lado, o consumo global de carne crescer\u00e1 em aproximadamente 37 milh\u00f5es de toneladas, liderado pelo consumo de aves, que dever\u00e1 crescer em 21 milh\u00f5es de toneladas, enquanto o consumo de carne bovina crescer\u00e1 em aproximadamente 6 milh\u00f5es de toneladas. Esses aumentos levar\u00e3o ao aumento das importa\u00e7\u00f5es globais, proporcionando oportunidades significativas para o aumento das exporta\u00e7\u00f5es dos principais produtos da Argentina.<\/p>\n\n\n\n<p>Avalia\u00e7\u00f5es semelhantes se aplicam ao com\u00e9rcio global de biocombust\u00edveis. Em ambos os casos, os pre\u00e7os atuais em d\u00f3lar projetados para as exporta\u00e7\u00f5es globais apresentar\u00e3o uma ligeira tend\u00eancia de alta na pr\u00f3xima d\u00e9cada.<\/p>\n\n\n<div class=\"wp-block-image\">\n<figure class=\"aligncenter size-full is-resized\"><img loading=\"lazy\" decoding=\"async\" width=\"660\" height=\"518\" src=\"https:\/\/grupogpps.org\/wp-content\/uploads\/2025\/07\/image.png\" alt=\"\" class=\"wp-image-5062\" style=\"width:637px;height:auto\" srcset=\"https:\/\/grupogpps.org\/wp-content\/uploads\/2025\/07\/image.png 660w, https:\/\/grupogpps.org\/wp-content\/uploads\/2025\/07\/image-300x235.png 300w, https:\/\/grupogpps.org\/wp-content\/uploads\/2025\/07\/image-15x12.png 15w\" sizes=\"auto, (max-width: 660px) 100vw, 660px\" \/><\/figure><\/div>\n\n\n<p>Considerando essas empolgantes oportunidades projetadas para a demanda global por alimentos e biocombust\u00edveis, a Argentina pode aumentar substancialmente o valor de suas exporta\u00e7\u00f5es agroindustriais por meio de diversas alternativas que, se forem criadas as condi\u00e7\u00f5es institucionais, macroecon\u00f4micas e comerciais necess\u00e1rias \u2014 ausentes nas d\u00e9cadas anteriores \u2014 permitir\u00e3o \u00e0 Argentina superar os valores tendenciais que lhe s\u00e3o atribu\u00eddos nas proje\u00e7\u00f5es dos organismos internacionais e alcan\u00e7ar um crescimento sustentado.<\/p>\n\n\n\n<p>A Argentina pode aumentar o valor de suas exporta\u00e7\u00f5es agroindustriais em mais de US$ 20 bilh\u00f5es ao longo de uma d\u00e9cada por meio de uma variedade de op\u00e7\u00f5es: i) aumento de produtividade por meio da incorpora\u00e7\u00e3o de inova\u00e7\u00f5es dispon\u00edveis que permitiram ao Brasil registrar taxas de crescimento anual de produtividade mais que o dobro das da Argentina; ii) por meio da expans\u00e3o da fronteira agr\u00edcola em \u00e1reas que ainda podem ser incorporadas com modelos sustent\u00e1veis; iii) agrega\u00e7\u00e3o de valor local \u00e0 produ\u00e7\u00e3o de gr\u00e3os para exporta\u00e7\u00e3o de carne ou latic\u00ednios (semelhante aos feitos na Austr\u00e1lia, Brasil ou Estados Unidos), ou por meio de alternativas de processamento de gr\u00e3os e derivados com maior investimento para a produ\u00e7\u00e3o de \"biojet\", com valor unit\u00e1rio muito alto e alta demanda potencial em um futuro pr\u00f3ximo; iv) estrat\u00e9gias de valor agregado por meio de diversas alternativas de diferencia\u00e7\u00e3o de produtos (qualidade, sustentabilidade, atributos como produtos org\u00e2nicos ou Halal) e as respectivas certifica\u00e7\u00f5es e marcas, que est\u00e3o sendo implementadas atualmente por pa\u00edses bem-sucedidos em seu com\u00e9rcio exterior, como Austr\u00e1lia, Chile, Mal\u00e1sia e Nova Zel\u00e2ndia, que alcan\u00e7aram pre\u00e7os m\u00e9dios para suas exporta\u00e7\u00f5es agr\u00edcolas substancialmente superiores aos da Argentina.<\/p>\n\n\n\n<h2 class=\"wp-block-heading\"><strong>Defini\u00e7\u00e3o<\/strong><\/h2>\n\n\n\n<p>Embora as oportunidades existentes sejam muito encorajadoras, o cen\u00e1rio internacional tamb\u00e9m apresenta desafios significativos, dadas as incertezas criadas pelas pol\u00edticas comerciais do presidente Trump, desafios geopol\u00edticos e militares, mudan\u00e7as clim\u00e1ticas e mudan\u00e7as nos padr\u00f5es de consumo.<\/p>\n\n\n\n<p>Essas incertezas fazem com que a Argentina deva definir uma estrat\u00e9gia de integra\u00e7\u00e3o internacional baseada na competitividade, na intelig\u00eancia de mercado e na alta capacidade de resposta a cen\u00e1rios mut\u00e1veis.<\/p>\n\n\n\n<p>Nesse sentido, uma an\u00e1lise das pol\u00edticas dos pa\u00edses bem-sucedidos demonstra que eles definiram explicitamente suas estrat\u00e9gias de integra\u00e7\u00e3o internacional, levando em considera\u00e7\u00e3o as demandas espec\u00edficas dos principais mercados, com base em uma estreita coordena\u00e7\u00e3o entre institui\u00e7\u00f5es p\u00fablicas respons\u00e1veis pela produ\u00e7\u00e3o, com\u00e9rcio, rela\u00e7\u00f5es exteriores, ci\u00eancia e tecnologia e finan\u00e7as, e entidades privadas nas respectivas cadeias de valor. Essas entidades, por sua vez, disp\u00f5em de recursos financeiros significativos garantidos por lei e est\u00e3o ativamente envolvidas na promo\u00e7\u00e3o do com\u00e9rcio exterior e de atividades de inova\u00e7\u00e3o.<\/p>\n\n\n<div class=\"wp-block-image\">\n<figure class=\"aligncenter size-full is-resized\"><img loading=\"lazy\" decoding=\"async\" width=\"656\" height=\"532\" src=\"https:\/\/grupogpps.org\/wp-content\/uploads\/2025\/07\/image-1.png\" alt=\"\" class=\"wp-image-5063\" style=\"width:656px;height:auto\" srcset=\"https:\/\/grupogpps.org\/wp-content\/uploads\/2025\/07\/image-1.png 656w, https:\/\/grupogpps.org\/wp-content\/uploads\/2025\/07\/image-1-300x243.png 300w, https:\/\/grupogpps.org\/wp-content\/uploads\/2025\/07\/image-1-15x12.png 15w\" sizes=\"auto, (max-width: 656px) 100vw, 656px\" \/><\/figure><\/div>\n\n\n<p>Isso significa que \u00e9 necess\u00e1rio chegar a um acordo pol\u00edtico interinstitucional para definir uma estrat\u00e9gia de crescimento da produ\u00e7\u00e3o agroindustrial e do com\u00e9rcio exterior, em coordena\u00e7\u00e3o com o setor privado. Essa estrat\u00e9gia se baseia no fortalecimento de entidades p\u00fablicas e privadas especializadas, na cria\u00e7\u00e3o de um ambiente econ\u00f4mico e comercial favor\u00e1vel ao investimento e \u00e0 melhoria da competitividade da agroind\u00fastria argentina, sem discrimina\u00e7\u00e3o em rela\u00e7\u00e3o a outros setores.<\/p>\n\n\n\n<p>Essas condi\u00e7\u00f5es institucionais e contextuais devem ser criadas em um futuro pr\u00f3ximo para constituir o ponto de partida para a concep\u00e7\u00e3o e implementa\u00e7\u00e3o da estrat\u00e9gia de integra\u00e7\u00e3o internacional, que inclui uma agenda ativa de negocia\u00e7\u00f5es para acordos de livre com\u00e9rcio e outros acordos de investimento com pa\u00edses relevantes (com os quais ainda n\u00e3o temos acordos comerciais), bem como uma agenda proativa de promo\u00e7\u00e3o de exporta\u00e7\u00f5es p\u00fablico-privadas, que melhorar\u00e1 o acesso e o posicionamento da produ\u00e7\u00e3o argentina nos principais mercados internacionais. As oportunidades existem; devemos criar o contexto para aproveit\u00e1-las de forma eficiente, coordenando as atividades p\u00fablicas e privadas.<strong>s.\u00a0<\/strong>Las oportunidades est\u00e1n; hay que crear el contexto para aprovecharlas eficientemente, coordinando las actividades p\u00fablicas y privadas.<\/p>\n\n\n\n<p class=\" translation-block\">O autor \u00e9 Coordenador Geral do Grupo dos Pa\u00edses Produtores do Sul (GPS)<\/p>\n\n\n\n<p>Por&nbsp;<a href=\"https:\/\/www.lanacion.com.ar\/autor\/Marcelo-Reg%C3%BAnaga\/\"><strong>Marcelo Reg\u00fanaga<\/strong><\/a><\/p>\n\n\n\n<p>LEIA AS NOT\u00cdCIAS DE <a href=\"https:\/\/www.lanacion.com.ar\/economia\/campo\/exportaciones-las-oportunidades-estan-hay-que-crear-el-contexto-para-aprovecharlas-nid16072025\/\">LA NACI\u00d3N<\/a><\/p>\n\n\n\n<p><\/p>","protected":false},"excerpt":{"rendered":"<p>En el seminario de la\u00a0Fundaci\u00f3n Producir Conservando, realizado la semana pasada, se destac\u00f3 que la estrategia de desarrollo planteada por el PEN [Poder Ejecutivo Nacional], basada en crecimiento del comercio exterior, encuentra\u00a0un escenario internacional favorable en la demanda mundial de alimentos y biocombustibles proyectada para la pr\u00f3xima d\u00e9cada por los organismos especializados (USDA, FAO-OCDE). Tal [&hellip;]<\/p>","protected":false},"author":2,"featured_media":5061,"comment_status":"open","ping_status":"closed","sticky":false,"template":"","format":"standard","meta":{"footnotes":""},"categories":[24,25,23,27],"tags":[],"class_list":["post-5060","post","type-post","status-publish","format-standard","has-post-thumbnail","hentry","category-gps-en-los-medios","category-home","category-novedades","category-publicaciones-home"],"yoast_head":"<!-- This site is optimized with the Yoast SEO plugin v26.8 - https:\/\/yoast.com\/product\/yoast-seo-wordpress\/ -->\n<title>Exportaciones: las oportunidades est\u00e1n, hay que crear el contexto para aprovecharlas - GPS<\/title>\n<meta name=\"robots\" content=\"index, follow, max-snippet:-1, max-image-preview:large, max-video-preview:-1\" \/>\n<link rel=\"canonical\" href=\"https:\/\/grupogpps.org\/pt\/exportaciones-las-oportunidades-estan-hay-que-crear-el-contexto-para-aprovecharlas\/\" \/>\n<meta property=\"og:locale\" content=\"pt_BR\" \/>\n<meta property=\"og:type\" content=\"article\" \/>\n<meta property=\"og:title\" content=\"Exportaciones: las oportunidades est\u00e1n, hay que crear el contexto para aprovecharlas - GPS\" \/>\n<meta property=\"og:description\" content=\"En el seminario de la\u00a0Fundaci\u00f3n Producir Conservando, realizado la semana pasada, se destac\u00f3 que la estrategia de desarrollo planteada por el PEN [Poder Ejecutivo Nacional], basada en crecimiento del comercio exterior, encuentra\u00a0un escenario internacional favorable en la demanda mundial de alimentos y biocombustibles proyectada para la pr\u00f3xima d\u00e9cada por los organismos especializados (USDA, FAO-OCDE). Tal [&hellip;]\" \/>\n<meta property=\"og:url\" content=\"https:\/\/grupogpps.org\/pt\/exportaciones-las-oportunidades-estan-hay-que-crear-el-contexto-para-aprovecharlas\/\" \/>\n<meta property=\"og:site_name\" content=\"GPS\" \/>\n<meta property=\"article:publisher\" content=\"https:\/\/www.linkedin.com\/company\/25037162\/\" \/>\n<meta property=\"article:published_time\" content=\"2025-07-16T19:33:51+00:00\" \/>\n<meta property=\"article:modified_time\" content=\"2025-07-16T19:42:56+00:00\" \/>\n<meta property=\"og:image\" content=\"http:\/\/grupogpps.org\/wp-content\/uploads\/2025\/07\/LA-NACION.jpg\" \/>\n\t<meta property=\"og:image:width\" content=\"782\" \/>\n\t<meta property=\"og:image:height\" content=\"487\" \/>\n\t<meta property=\"og:image:type\" content=\"image\/jpeg\" \/>\n<meta name=\"author\" content=\"GPS GPS\" \/>\n<meta name=\"twitter:card\" content=\"summary_large_image\" \/>\n<meta name=\"twitter:creator\" content=\"@GPSLatinAmerica\" \/>\n<meta name=\"twitter:site\" content=\"@GPSLatinAmerica\" \/>\n<meta name=\"twitter:label1\" content=\"Escrito por\" \/>\n\t<meta name=\"twitter:data1\" content=\"GPS GPS\" \/>\n\t<meta name=\"twitter:label2\" content=\"Est. tempo de leitura\" \/>\n\t<meta name=\"twitter:data2\" content=\"5 minutos\" \/>\n<script type=\"application\/ld+json\" class=\"yoast-schema-graph\">{\"@context\":\"https:\/\/schema.org\",\"@graph\":[{\"@type\":\"Article\",\"@id\":\"https:\/\/grupogpps.org\/exportaciones-las-oportunidades-estan-hay-que-crear-el-contexto-para-aprovecharlas\/#article\",\"isPartOf\":{\"@id\":\"https:\/\/grupogpps.org\/exportaciones-las-oportunidades-estan-hay-que-crear-el-contexto-para-aprovecharlas\/\"},\"author\":{\"name\":\"GPS GPS\",\"@id\":\"https:\/\/grupogpps.org\/#\/schema\/person\/faaafcd24616dff095821c72659ce41f\"},\"headline\":\"Exportaciones: las oportunidades est\u00e1n, hay que crear el contexto para aprovecharlas\",\"datePublished\":\"2025-07-16T19:33:51+00:00\",\"dateModified\":\"2025-07-16T19:42:56+00:00\",\"mainEntityOfPage\":{\"@id\":\"https:\/\/grupogpps.org\/exportaciones-las-oportunidades-estan-hay-que-crear-el-contexto-para-aprovecharlas\/\"},\"wordCount\":931,\"commentCount\":0,\"publisher\":{\"@id\":\"https:\/\/grupogpps.org\/#organization\"},\"image\":{\"@id\":\"https:\/\/grupogpps.org\/exportaciones-las-oportunidades-estan-hay-que-crear-el-contexto-para-aprovecharlas\/#primaryimage\"},\"thumbnailUrl\":\"https:\/\/grupogpps.org\/wp-content\/uploads\/2025\/07\/LA-NACION.jpg\",\"articleSection\":[\"GPS en los medios\",\"Home\",\"Novedades\",\"Publicaciones Home\"],\"inLanguage\":\"pt-BR\",\"potentialAction\":[{\"@type\":\"CommentAction\",\"name\":\"Comment\",\"target\":[\"https:\/\/grupogpps.org\/exportaciones-las-oportunidades-estan-hay-que-crear-el-contexto-para-aprovecharlas\/#respond\"]}]},{\"@type\":\"WebPage\",\"@id\":\"https:\/\/grupogpps.org\/exportaciones-las-oportunidades-estan-hay-que-crear-el-contexto-para-aprovecharlas\/\",\"url\":\"https:\/\/grupogpps.org\/exportaciones-las-oportunidades-estan-hay-que-crear-el-contexto-para-aprovecharlas\/\",\"name\":\"Exportaciones: las oportunidades est\u00e1n, hay que crear el contexto para aprovecharlas - GPS\",\"isPartOf\":{\"@id\":\"https:\/\/grupogpps.org\/#website\"},\"primaryImageOfPage\":{\"@id\":\"https:\/\/grupogpps.org\/exportaciones-las-oportunidades-estan-hay-que-crear-el-contexto-para-aprovecharlas\/#primaryimage\"},\"image\":{\"@id\":\"https:\/\/grupogpps.org\/exportaciones-las-oportunidades-estan-hay-que-crear-el-contexto-para-aprovecharlas\/#primaryimage\"},\"thumbnailUrl\":\"https:\/\/grupogpps.org\/wp-content\/uploads\/2025\/07\/LA-NACION.jpg\",\"datePublished\":\"2025-07-16T19:33:51+00:00\",\"dateModified\":\"2025-07-16T19:42:56+00:00\",\"breadcrumb\":{\"@id\":\"https:\/\/grupogpps.org\/exportaciones-las-oportunidades-estan-hay-que-crear-el-contexto-para-aprovecharlas\/#breadcrumb\"},\"inLanguage\":\"pt-BR\",\"potentialAction\":[{\"@type\":\"ReadAction\",\"target\":[\"https:\/\/grupogpps.org\/exportaciones-las-oportunidades-estan-hay-que-crear-el-contexto-para-aprovecharlas\/\"]}]},{\"@type\":\"ImageObject\",\"inLanguage\":\"pt-BR\",\"@id\":\"https:\/\/grupogpps.org\/exportaciones-las-oportunidades-estan-hay-que-crear-el-contexto-para-aprovecharlas\/#primaryimage\",\"url\":\"https:\/\/grupogpps.org\/wp-content\/uploads\/2025\/07\/LA-NACION.jpg\",\"contentUrl\":\"https:\/\/grupogpps.org\/wp-content\/uploads\/2025\/07\/LA-NACION.jpg\",\"width\":782,\"height\":487},{\"@type\":\"BreadcrumbList\",\"@id\":\"https:\/\/grupogpps.org\/exportaciones-las-oportunidades-estan-hay-que-crear-el-contexto-para-aprovecharlas\/#breadcrumb\",\"itemListElement\":[{\"@type\":\"ListItem\",\"position\":1,\"name\":\"Inicio\",\"item\":\"https:\/\/grupogpps.org\/\"},{\"@type\":\"ListItem\",\"position\":2,\"name\":\"Exportaciones: las oportunidades est\u00e1n, hay que crear el contexto para aprovecharlas\"}]},{\"@type\":\"WebSite\",\"@id\":\"https:\/\/grupogpps.org\/#website\",\"url\":\"https:\/\/grupogpps.org\/\",\"name\":\"GPS\",\"description\":\"Grupo de pa\u00edses productores del sur\",\"publisher\":{\"@id\":\"https:\/\/grupogpps.org\/#organization\"},\"potentialAction\":[{\"@type\":\"SearchAction\",\"target\":{\"@type\":\"EntryPoint\",\"urlTemplate\":\"https:\/\/grupogpps.org\/?s={search_term_string}\"},\"query-input\":{\"@type\":\"PropertyValueSpecification\",\"valueRequired\":true,\"valueName\":\"search_term_string\"}}],\"inLanguage\":\"pt-BR\"},{\"@type\":\"Organization\",\"@id\":\"https:\/\/grupogpps.org\/#organization\",\"name\":\"GPS - Grupo de pa\u00edses productores del sur\",\"url\":\"https:\/\/grupogpps.org\/\",\"logo\":{\"@type\":\"ImageObject\",\"inLanguage\":\"pt-BR\",\"@id\":\"https:\/\/grupogpps.org\/#\/schema\/logo\/image\/\",\"url\":\"http:\/\/grupogpps.org\/wp-content\/uploads\/2021\/06\/logoGPS3.svg\",\"contentUrl\":\"http:\/\/grupogpps.org\/wp-content\/uploads\/2021\/06\/logoGPS3.svg\",\"width\":1,\"height\":1,\"caption\":\"GPS - Grupo de pa\u00edses productores del sur\"},\"image\":{\"@id\":\"https:\/\/grupogpps.org\/#\/schema\/logo\/image\/\"},\"sameAs\":[\"https:\/\/www.linkedin.com\/company\/25037162\/\",\"https:\/\/x.com\/GPSLatinAmerica\",\"https:\/\/www.instagram.com\/gpslatin\/\",\"https:\/\/www.youtube.com\/channel\/UCM2Qf0jSqNRJRkqmU8dO9QA\/videos\"]},{\"@type\":\"Person\",\"@id\":\"https:\/\/grupogpps.org\/#\/schema\/person\/faaafcd24616dff095821c72659ce41f\",\"name\":\"GPS GPS\",\"url\":\"https:\/\/grupogpps.org\/pt\/author\/gps\/\"}]}<\/script>\n<!-- \/ Yoast SEO plugin. -->","yoast_head_json":{"title":"Exportaciones: las oportunidades est\u00e1n, hay que crear el contexto para aprovecharlas - GPS","robots":{"index":"index","follow":"follow","max-snippet":"max-snippet:-1","max-image-preview":"max-image-preview:large","max-video-preview":"max-video-preview:-1"},"canonical":"https:\/\/grupogpps.org\/pt\/exportaciones-las-oportunidades-estan-hay-que-crear-el-contexto-para-aprovecharlas\/","og_locale":"pt_BR","og_type":"article","og_title":"Exportaciones: las oportunidades est\u00e1n, hay que crear el contexto para aprovecharlas - GPS","og_description":"En el seminario de la\u00a0Fundaci\u00f3n Producir Conservando, realizado la semana pasada, se destac\u00f3 que la estrategia de desarrollo planteada por el PEN [Poder Ejecutivo Nacional], basada en crecimiento del comercio exterior, encuentra\u00a0un escenario internacional favorable en la demanda mundial de alimentos y biocombustibles proyectada para la pr\u00f3xima d\u00e9cada por los organismos especializados (USDA, FAO-OCDE). Tal [&hellip;]","og_url":"https:\/\/grupogpps.org\/pt\/exportaciones-las-oportunidades-estan-hay-que-crear-el-contexto-para-aprovecharlas\/","og_site_name":"GPS","article_publisher":"https:\/\/www.linkedin.com\/company\/25037162\/","article_published_time":"2025-07-16T19:33:51+00:00","article_modified_time":"2025-07-16T19:42:56+00:00","og_image":[{"width":782,"height":487,"url":"http:\/\/grupogpps.org\/wp-content\/uploads\/2025\/07\/LA-NACION.jpg","type":"image\/jpeg"}],"author":"GPS GPS","twitter_card":"summary_large_image","twitter_creator":"@GPSLatinAmerica","twitter_site":"@GPSLatinAmerica","twitter_misc":{"Escrito por":"GPS GPS","Est. tempo de leitura":"5 minutos"},"schema":{"@context":"https:\/\/schema.org","@graph":[{"@type":"Article","@id":"https:\/\/grupogpps.org\/exportaciones-las-oportunidades-estan-hay-que-crear-el-contexto-para-aprovecharlas\/#article","isPartOf":{"@id":"https:\/\/grupogpps.org\/exportaciones-las-oportunidades-estan-hay-que-crear-el-contexto-para-aprovecharlas\/"},"author":{"name":"GPS GPS","@id":"https:\/\/grupogpps.org\/#\/schema\/person\/faaafcd24616dff095821c72659ce41f"},"headline":"Exportaciones: las oportunidades est\u00e1n, hay que crear el contexto para aprovecharlas","datePublished":"2025-07-16T19:33:51+00:00","dateModified":"2025-07-16T19:42:56+00:00","mainEntityOfPage":{"@id":"https:\/\/grupogpps.org\/exportaciones-las-oportunidades-estan-hay-que-crear-el-contexto-para-aprovecharlas\/"},"wordCount":931,"commentCount":0,"publisher":{"@id":"https:\/\/grupogpps.org\/#organization"},"image":{"@id":"https:\/\/grupogpps.org\/exportaciones-las-oportunidades-estan-hay-que-crear-el-contexto-para-aprovecharlas\/#primaryimage"},"thumbnailUrl":"https:\/\/grupogpps.org\/wp-content\/uploads\/2025\/07\/LA-NACION.jpg","articleSection":["GPS en los medios","Home","Novedades","Publicaciones Home"],"inLanguage":"pt-BR","potentialAction":[{"@type":"CommentAction","name":"Comment","target":["https:\/\/grupogpps.org\/exportaciones-las-oportunidades-estan-hay-que-crear-el-contexto-para-aprovecharlas\/#respond"]}]},{"@type":"WebPage","@id":"https:\/\/grupogpps.org\/exportaciones-las-oportunidades-estan-hay-que-crear-el-contexto-para-aprovecharlas\/","url":"https:\/\/grupogpps.org\/exportaciones-las-oportunidades-estan-hay-que-crear-el-contexto-para-aprovecharlas\/","name":"Exportaciones: las oportunidades est\u00e1n, hay que crear el contexto para aprovecharlas - GPS","isPartOf":{"@id":"https:\/\/grupogpps.org\/#website"},"primaryImageOfPage":{"@id":"https:\/\/grupogpps.org\/exportaciones-las-oportunidades-estan-hay-que-crear-el-contexto-para-aprovecharlas\/#primaryimage"},"image":{"@id":"https:\/\/grupogpps.org\/exportaciones-las-oportunidades-estan-hay-que-crear-el-contexto-para-aprovecharlas\/#primaryimage"},"thumbnailUrl":"https:\/\/grupogpps.org\/wp-content\/uploads\/2025\/07\/LA-NACION.jpg","datePublished":"2025-07-16T19:33:51+00:00","dateModified":"2025-07-16T19:42:56+00:00","breadcrumb":{"@id":"https:\/\/grupogpps.org\/exportaciones-las-oportunidades-estan-hay-que-crear-el-contexto-para-aprovecharlas\/#breadcrumb"},"inLanguage":"pt-BR","potentialAction":[{"@type":"ReadAction","target":["https:\/\/grupogpps.org\/exportaciones-las-oportunidades-estan-hay-que-crear-el-contexto-para-aprovecharlas\/"]}]},{"@type":"ImageObject","inLanguage":"pt-BR","@id":"https:\/\/grupogpps.org\/exportaciones-las-oportunidades-estan-hay-que-crear-el-contexto-para-aprovecharlas\/#primaryimage","url":"https:\/\/grupogpps.org\/wp-content\/uploads\/2025\/07\/LA-NACION.jpg","contentUrl":"https:\/\/grupogpps.org\/wp-content\/uploads\/2025\/07\/LA-NACION.jpg","width":782,"height":487},{"@type":"BreadcrumbList","@id":"https:\/\/grupogpps.org\/exportaciones-las-oportunidades-estan-hay-que-crear-el-contexto-para-aprovecharlas\/#breadcrumb","itemListElement":[{"@type":"ListItem","position":1,"name":"Inicio","item":"https:\/\/grupogpps.org\/"},{"@type":"ListItem","position":2,"name":"Exportaciones: las oportunidades est\u00e1n, hay que crear el contexto para aprovecharlas"}]},{"@type":"WebSite","@id":"https:\/\/grupogpps.org\/#website","url":"https:\/\/grupogpps.org\/","name":"GPS","description":"Grupo de pa\u00edses productores del sur","publisher":{"@id":"https:\/\/grupogpps.org\/#organization"},"potentialAction":[{"@type":"SearchAction","target":{"@type":"EntryPoint","urlTemplate":"https:\/\/grupogpps.org\/?s={search_term_string}"},"query-input":{"@type":"PropertyValueSpecification","valueRequired":true,"valueName":"search_term_string"}}],"inLanguage":"pt-BR"},{"@type":"Organization","@id":"https:\/\/grupogpps.org\/#organization","name":"GPS - Grupo de pa\u00edses productores del sur","url":"https:\/\/grupogpps.org\/","logo":{"@type":"ImageObject","inLanguage":"pt-BR","@id":"https:\/\/grupogpps.org\/#\/schema\/logo\/image\/","url":"http:\/\/grupogpps.org\/wp-content\/uploads\/2021\/06\/logoGPS3.svg","contentUrl":"http:\/\/grupogpps.org\/wp-content\/uploads\/2021\/06\/logoGPS3.svg","width":1,"height":1,"caption":"GPS - Grupo de pa\u00edses productores del sur"},"image":{"@id":"https:\/\/grupogpps.org\/#\/schema\/logo\/image\/"},"sameAs":["https:\/\/www.linkedin.com\/company\/25037162\/","https:\/\/x.com\/GPSLatinAmerica","https:\/\/www.instagram.com\/gpslatin\/","https:\/\/www.youtube.com\/channel\/UCM2Qf0jSqNRJRkqmU8dO9QA\/videos"]},{"@type":"Person","@id":"https:\/\/grupogpps.org\/#\/schema\/person\/faaafcd24616dff095821c72659ce41f","name":"GPS GPS","url":"https:\/\/grupogpps.org\/pt\/author\/gps\/"}]}},"_links":{"self":[{"href":"https:\/\/grupogpps.org\/pt\/wp-json\/wp\/v2\/posts\/5060","targetHints":{"allow":["GET"]}}],"collection":[{"href":"https:\/\/grupogpps.org\/pt\/wp-json\/wp\/v2\/posts"}],"about":[{"href":"https:\/\/grupogpps.org\/pt\/wp-json\/wp\/v2\/types\/post"}],"author":[{"embeddable":true,"href":"https:\/\/grupogpps.org\/pt\/wp-json\/wp\/v2\/users\/2"}],"replies":[{"embeddable":true,"href":"https:\/\/grupogpps.org\/pt\/wp-json\/wp\/v2\/comments?post=5060"}],"version-history":[{"count":2,"href":"https:\/\/grupogpps.org\/pt\/wp-json\/wp\/v2\/posts\/5060\/revisions"}],"predecessor-version":[{"id":5066,"href":"https:\/\/grupogpps.org\/pt\/wp-json\/wp\/v2\/posts\/5060\/revisions\/5066"}],"wp:featuredmedia":[{"embeddable":true,"href":"https:\/\/grupogpps.org\/pt\/wp-json\/wp\/v2\/media\/5061"}],"wp:attachment":[{"href":"https:\/\/grupogpps.org\/pt\/wp-json\/wp\/v2\/media?parent=5060"}],"wp:term":[{"taxonomy":"category","embeddable":true,"href":"https:\/\/grupogpps.org\/pt\/wp-json\/wp\/v2\/categories?post=5060"},{"taxonomy":"post_tag","embeddable":true,"href":"https:\/\/grupogpps.org\/pt\/wp-json\/wp\/v2\/tags?post=5060"}],"curies":[{"name":"wp","href":"https:\/\/api.w.org\/{rel}","templated":true}]}}