{"id":4983,"date":"2025-04-01T11:47:25","date_gmt":"2025-04-01T14:47:25","guid":{"rendered":"https:\/\/grupogpps.org\/?p=4983"},"modified":"2025-04-01T11:47:26","modified_gmt":"2025-04-01T14:47:26","slug":"el-rol-del-sector-privado-agro-del-cono-sur-en-preparacion-para-la-cop30-de-belem","status":"publish","type":"post","link":"https:\/\/grupogpps.org\/pt\/el-rol-del-sector-privado-agro-del-cono-sur-en-preparacion-para-la-cop30-de-belem\/","title":{"rendered":"El rol del sector privado agro del Cono Sur en preparaci\u00f3n para la COP30 de Belem"},"content":{"rendered":"<p><strong><em> <strong>Paloma Ochoa, GPS<\/strong><\/em><\/strong><\/p>\n\n\n\n<p><em>Marzo, 2025<\/em><\/p>\n\n\n\n<p>El proceso de implementaci\u00f3n del Acuerdo de Par\u00eds ha enfrentado dificultades, mientras la temperatura global sigue en aumento y los desastres naturales se intensifican. Adem\u00e1s del cambio clim\u00e1tico, el mundo enfrenta una crisis alimentaria, con una poblaci\u00f3n proyectada de 9.700 millones para 2050 y la necesidad de aumentar la producci\u00f3n de alimentos en un 60%.<\/p>\n\n\n\n<p>Las emisiones de carbono siguen creciendo, impulsadas en un 90% por el uso de combustibles f\u00f3siles. No solo es necesario reducirlas, sino tambi\u00e9n capturar carbono, con los oc\u00e9anos y la tierra como principales sumideros. En este contexto, el sector agropecuario puede jugar un rol clave en la captura de carbono.<\/p>\n\n\n\n<p>Los pa\u00edses del Cono Sur, especialmente Argentina, Brasil, Paraguay y Uruguay, tienen ventajas naturales y tecnol\u00f3gicas para contribuir tanto a la mitigaci\u00f3n del cambio clim\u00e1tico como a la seguridad alimentaria, con una producci\u00f3n sostenible y potencial de expansi\u00f3n.<\/p>\n\n\n\n<p>Documento em espanhol.<\/p>\n\n\n\n<div class=\"wp-block-buttons is-horizontal is-content-justification-center is-layout-flex wp-container-core-buttons-is-layout-1 wp-block-buttons-is-layout-flex\">\n<div class=\"wp-block-button\"><a class=\"wp-block-button__link wp-element-button\" href=\"http:\/\/grupogpps.org\/wp-content\/uploads\/2025\/04\/Notas-preparatorias-para-la-COP30-Finalf.pdf\" target=\"_blank\" rel=\"noreferrer noopener\">Descargar documento<\/a><\/div>\n<\/div>\n\n\n\n<p><\/p>\n\n\n\n<p><\/p>","protected":false},"excerpt":{"rendered":"<p>Paloma Ochoa, GPS Marzo, 2025 El proceso de implementaci\u00f3n del Acuerdo de Par\u00eds ha enfrentado dificultades, mientras la temperatura global sigue en aumento y los desastres naturales se intensifican. Adem\u00e1s del cambio clim\u00e1tico, el mundo enfrenta una crisis alimentaria, con una poblaci\u00f3n proyectada de 9.700 millones para 2050 y la necesidad de aumentar la producci\u00f3n [&hellip;]<\/p>","protected":false},"author":2,"featured_media":4985,"comment_status":"closed","ping_status":"closed","sticky":false,"template":"","format":"standard","meta":{"footnotes":""},"categories":[26,25,27],"tags":[67,66,68,65],"class_list":["post-4983","post","type-post","status-publish","format-standard","has-post-thumbnail","hentry","category-documentos-institucionales","category-home","category-publicaciones-home","tag-agronegocios","tag-argentina","tag-geopolitica-de-los-alimentos","tag-insercion-internacional"],"yoast_head":"<!-- This site is optimized with the Yoast SEO plugin v26.8 - https:\/\/yoast.com\/product\/yoast-seo-wordpress\/ -->\n<title>El rol del sector privado agro del Cono Sur en preparaci\u00f3n para la COP30 de Belem - GPS<\/title>\n<meta name=\"robots\" content=\"index, follow, max-snippet:-1, max-image-preview:large, max-video-preview:-1\" \/>\n<link rel=\"canonical\" href=\"https:\/\/grupogpps.org\/pt\/el-rol-del-sector-privado-agro-del-cono-sur-en-preparacion-para-la-cop30-de-belem\/\" \/>\n<meta property=\"og:locale\" content=\"pt_BR\" \/>\n<meta property=\"og:type\" content=\"article\" \/>\n<meta property=\"og:title\" content=\"El rol del sector privado agro del Cono Sur en preparaci\u00f3n para la COP30 de Belem - GPS\" \/>\n<meta property=\"og:description\" content=\"Paloma Ochoa, GPS Marzo, 2025 El proceso de implementaci\u00f3n del Acuerdo de Par\u00eds ha enfrentado dificultades, mientras la temperatura global sigue en aumento y los desastres naturales se intensifican. Adem\u00e1s del cambio clim\u00e1tico, el mundo enfrenta una crisis alimentaria, con una poblaci\u00f3n proyectada de 9.700 millones para 2050 y la necesidad de aumentar la producci\u00f3n [&hellip;]\" \/>\n<meta property=\"og:url\" content=\"https:\/\/grupogpps.org\/pt\/el-rol-del-sector-privado-agro-del-cono-sur-en-preparacion-para-la-cop30-de-belem\/\" \/>\n<meta property=\"og:site_name\" content=\"GPS\" \/>\n<meta property=\"article:publisher\" content=\"https:\/\/www.linkedin.com\/company\/25037162\/\" \/>\n<meta property=\"article:published_time\" content=\"2025-04-01T14:47:25+00:00\" \/>\n<meta property=\"article:modified_time\" content=\"2025-04-01T14:47:26+00:00\" \/>\n<meta property=\"og:image\" content=\"http:\/\/grupogpps.org\/wp-content\/uploads\/2025\/04\/tapa_El-rol-del-sector-privado-agro-del-Cono-Sur-en-preparacion-para-la-COP30-de-Belem.png\" \/>\n\t<meta property=\"og:image:width\" content=\"720\" \/>\n\t<meta property=\"og:image:height\" content=\"960\" \/>\n\t<meta property=\"og:image:type\" content=\"image\/png\" \/>\n<meta name=\"author\" content=\"GPS GPS\" \/>\n<meta name=\"twitter:card\" content=\"summary_large_image\" \/>\n<meta name=\"twitter:creator\" content=\"@GPSLatinAmerica\" \/>\n<meta name=\"twitter:site\" content=\"@GPSLatinAmerica\" \/>\n<meta name=\"twitter:label1\" content=\"Escrito por\" \/>\n\t<meta name=\"twitter:data1\" content=\"GPS GPS\" \/>\n\t<meta name=\"twitter:label2\" content=\"Est. tempo de leitura\" \/>\n\t<meta name=\"twitter:data2\" content=\"1 minuto\" \/>\n<script type=\"application\/ld+json\" class=\"yoast-schema-graph\">{\"@context\":\"https:\/\/schema.org\",\"@graph\":[{\"@type\":\"Article\",\"@id\":\"https:\/\/grupogpps.org\/el-rol-del-sector-privado-agro-del-cono-sur-en-preparacion-para-la-cop30-de-belem\/#article\",\"isPartOf\":{\"@id\":\"https:\/\/grupogpps.org\/el-rol-del-sector-privado-agro-del-cono-sur-en-preparacion-para-la-cop30-de-belem\/\"},\"author\":{\"name\":\"GPS GPS\",\"@id\":\"https:\/\/grupogpps.org\/#\/schema\/person\/faaafcd24616dff095821c72659ce41f\"},\"headline\":\"El rol del sector privado agro del Cono Sur en preparaci\u00f3n para la COP30 de Belem\",\"datePublished\":\"2025-04-01T14:47:25+00:00\",\"dateModified\":\"2025-04-01T14:47:26+00:00\",\"mainEntityOfPage\":{\"@id\":\"https:\/\/grupogpps.org\/el-rol-del-sector-privado-agro-del-cono-sur-en-preparacion-para-la-cop30-de-belem\/\"},\"wordCount\":181,\"publisher\":{\"@id\":\"https:\/\/grupogpps.org\/#organization\"},\"image\":{\"@id\":\"https:\/\/grupogpps.org\/el-rol-del-sector-privado-agro-del-cono-sur-en-preparacion-para-la-cop30-de-belem\/#primaryimage\"},\"thumbnailUrl\":\"https:\/\/grupogpps.org\/wp-content\/uploads\/2025\/04\/tapa_El-rol-del-sector-privado-agro-del-Cono-Sur-en-preparacion-para-la-COP30-de-Belem.png\",\"keywords\":[\"Agronegocios\",\"Argentina\",\"geopol\u00edtica de los alimentos\",\"Inserci\u00f3n internacional\"],\"articleSection\":[\"Documentos institucionales\",\"Home\",\"Publicaciones Home\"],\"inLanguage\":\"pt-BR\"},{\"@type\":\"WebPage\",\"@id\":\"https:\/\/grupogpps.org\/el-rol-del-sector-privado-agro-del-cono-sur-en-preparacion-para-la-cop30-de-belem\/\",\"url\":\"https:\/\/grupogpps.org\/el-rol-del-sector-privado-agro-del-cono-sur-en-preparacion-para-la-cop30-de-belem\/\",\"name\":\"El rol del sector privado agro del Cono Sur en preparaci\u00f3n para la COP30 de Belem - GPS\",\"isPartOf\":{\"@id\":\"https:\/\/grupogpps.org\/#website\"},\"primaryImageOfPage\":{\"@id\":\"https:\/\/grupogpps.org\/el-rol-del-sector-privado-agro-del-cono-sur-en-preparacion-para-la-cop30-de-belem\/#primaryimage\"},\"image\":{\"@id\":\"https:\/\/grupogpps.org\/el-rol-del-sector-privado-agro-del-cono-sur-en-preparacion-para-la-cop30-de-belem\/#primaryimage\"},\"thumbnailUrl\":\"https:\/\/grupogpps.org\/wp-content\/uploads\/2025\/04\/tapa_El-rol-del-sector-privado-agro-del-Cono-Sur-en-preparacion-para-la-COP30-de-Belem.png\",\"datePublished\":\"2025-04-01T14:47:25+00:00\",\"dateModified\":\"2025-04-01T14:47:26+00:00\",\"breadcrumb\":{\"@id\":\"https:\/\/grupogpps.org\/el-rol-del-sector-privado-agro-del-cono-sur-en-preparacion-para-la-cop30-de-belem\/#breadcrumb\"},\"inLanguage\":\"pt-BR\",\"potentialAction\":[{\"@type\":\"ReadAction\",\"target\":[\"https:\/\/grupogpps.org\/el-rol-del-sector-privado-agro-del-cono-sur-en-preparacion-para-la-cop30-de-belem\/\"]}]},{\"@type\":\"ImageObject\",\"inLanguage\":\"pt-BR\",\"@id\":\"https:\/\/grupogpps.org\/el-rol-del-sector-privado-agro-del-cono-sur-en-preparacion-para-la-cop30-de-belem\/#primaryimage\",\"url\":\"https:\/\/grupogpps.org\/wp-content\/uploads\/2025\/04\/tapa_El-rol-del-sector-privado-agro-del-Cono-Sur-en-preparacion-para-la-COP30-de-Belem.png\",\"contentUrl\":\"https:\/\/grupogpps.org\/wp-content\/uploads\/2025\/04\/tapa_El-rol-del-sector-privado-agro-del-Cono-Sur-en-preparacion-para-la-COP30-de-Belem.png\",\"width\":720,\"height\":960},{\"@type\":\"BreadcrumbList\",\"@id\":\"https:\/\/grupogpps.org\/el-rol-del-sector-privado-agro-del-cono-sur-en-preparacion-para-la-cop30-de-belem\/#breadcrumb\",\"itemListElement\":[{\"@type\":\"ListItem\",\"position\":1,\"name\":\"Inicio\",\"item\":\"https:\/\/grupogpps.org\/\"},{\"@type\":\"ListItem\",\"position\":2,\"name\":\"El rol del sector privado agro del Cono Sur en preparaci\u00f3n para la COP30 de Belem\"}]},{\"@type\":\"WebSite\",\"@id\":\"https:\/\/grupogpps.org\/#website\",\"url\":\"https:\/\/grupogpps.org\/\",\"name\":\"GPS\",\"description\":\"Grupo de pa\u00edses productores del sur\",\"publisher\":{\"@id\":\"https:\/\/grupogpps.org\/#organization\"},\"potentialAction\":[{\"@type\":\"SearchAction\",\"target\":{\"@type\":\"EntryPoint\",\"urlTemplate\":\"https:\/\/grupogpps.org\/?s={search_term_string}\"},\"query-input\":{\"@type\":\"PropertyValueSpecification\",\"valueRequired\":true,\"valueName\":\"search_term_string\"}}],\"inLanguage\":\"pt-BR\"},{\"@type\":\"Organization\",\"@id\":\"https:\/\/grupogpps.org\/#organization\",\"name\":\"GPS - Grupo de pa\u00edses productores del sur\",\"url\":\"https:\/\/grupogpps.org\/\",\"logo\":{\"@type\":\"ImageObject\",\"inLanguage\":\"pt-BR\",\"@id\":\"https:\/\/grupogpps.org\/#\/schema\/logo\/image\/\",\"url\":\"http:\/\/grupogpps.org\/wp-content\/uploads\/2021\/06\/logoGPS3.svg\",\"contentUrl\":\"http:\/\/grupogpps.org\/wp-content\/uploads\/2021\/06\/logoGPS3.svg\",\"width\":1,\"height\":1,\"caption\":\"GPS - Grupo de pa\u00edses productores del sur\"},\"image\":{\"@id\":\"https:\/\/grupogpps.org\/#\/schema\/logo\/image\/\"},\"sameAs\":[\"https:\/\/www.linkedin.com\/company\/25037162\/\",\"https:\/\/x.com\/GPSLatinAmerica\",\"https:\/\/www.instagram.com\/gpslatin\/\",\"https:\/\/www.youtube.com\/channel\/UCM2Qf0jSqNRJRkqmU8dO9QA\/videos\"]},{\"@type\":\"Person\",\"@id\":\"https:\/\/grupogpps.org\/#\/schema\/person\/faaafcd24616dff095821c72659ce41f\",\"name\":\"GPS GPS\",\"url\":\"https:\/\/grupogpps.org\/pt\/author\/gps\/\"}]}<\/script>\n<!-- \/ Yoast SEO plugin. -->","yoast_head_json":{"title":"El rol del sector privado agro del Cono Sur en preparaci\u00f3n para la COP30 de Belem - GPS","robots":{"index":"index","follow":"follow","max-snippet":"max-snippet:-1","max-image-preview":"max-image-preview:large","max-video-preview":"max-video-preview:-1"},"canonical":"https:\/\/grupogpps.org\/pt\/el-rol-del-sector-privado-agro-del-cono-sur-en-preparacion-para-la-cop30-de-belem\/","og_locale":"pt_BR","og_type":"article","og_title":"El rol del sector privado agro del Cono Sur en preparaci\u00f3n para la COP30 de Belem - GPS","og_description":"Paloma Ochoa, GPS Marzo, 2025 El proceso de implementaci\u00f3n del Acuerdo de Par\u00eds ha enfrentado dificultades, mientras la temperatura global sigue en aumento y los desastres naturales se intensifican. Adem\u00e1s del cambio clim\u00e1tico, el mundo enfrenta una crisis alimentaria, con una poblaci\u00f3n proyectada de 9.700 millones para 2050 y la necesidad de aumentar la producci\u00f3n [&hellip;]","og_url":"https:\/\/grupogpps.org\/pt\/el-rol-del-sector-privado-agro-del-cono-sur-en-preparacion-para-la-cop30-de-belem\/","og_site_name":"GPS","article_publisher":"https:\/\/www.linkedin.com\/company\/25037162\/","article_published_time":"2025-04-01T14:47:25+00:00","article_modified_time":"2025-04-01T14:47:26+00:00","og_image":[{"width":720,"height":960,"url":"http:\/\/grupogpps.org\/wp-content\/uploads\/2025\/04\/tapa_El-rol-del-sector-privado-agro-del-Cono-Sur-en-preparacion-para-la-COP30-de-Belem.png","type":"image\/png"}],"author":"GPS GPS","twitter_card":"summary_large_image","twitter_creator":"@GPSLatinAmerica","twitter_site":"@GPSLatinAmerica","twitter_misc":{"Escrito por":"GPS GPS","Est. tempo de leitura":"1 minuto"},"schema":{"@context":"https:\/\/schema.org","@graph":[{"@type":"Article","@id":"https:\/\/grupogpps.org\/el-rol-del-sector-privado-agro-del-cono-sur-en-preparacion-para-la-cop30-de-belem\/#article","isPartOf":{"@id":"https:\/\/grupogpps.org\/el-rol-del-sector-privado-agro-del-cono-sur-en-preparacion-para-la-cop30-de-belem\/"},"author":{"name":"GPS GPS","@id":"https:\/\/grupogpps.org\/#\/schema\/person\/faaafcd24616dff095821c72659ce41f"},"headline":"El rol del sector privado agro del Cono Sur en preparaci\u00f3n para la COP30 de Belem","datePublished":"2025-04-01T14:47:25+00:00","dateModified":"2025-04-01T14:47:26+00:00","mainEntityOfPage":{"@id":"https:\/\/grupogpps.org\/el-rol-del-sector-privado-agro-del-cono-sur-en-preparacion-para-la-cop30-de-belem\/"},"wordCount":181,"publisher":{"@id":"https:\/\/grupogpps.org\/#organization"},"image":{"@id":"https:\/\/grupogpps.org\/el-rol-del-sector-privado-agro-del-cono-sur-en-preparacion-para-la-cop30-de-belem\/#primaryimage"},"thumbnailUrl":"https:\/\/grupogpps.org\/wp-content\/uploads\/2025\/04\/tapa_El-rol-del-sector-privado-agro-del-Cono-Sur-en-preparacion-para-la-COP30-de-Belem.png","keywords":["Agronegocios","Argentina","geopol\u00edtica de los alimentos","Inserci\u00f3n internacional"],"articleSection":["Documentos institucionales","Home","Publicaciones Home"],"inLanguage":"pt-BR"},{"@type":"WebPage","@id":"https:\/\/grupogpps.org\/el-rol-del-sector-privado-agro-del-cono-sur-en-preparacion-para-la-cop30-de-belem\/","url":"https:\/\/grupogpps.org\/el-rol-del-sector-privado-agro-del-cono-sur-en-preparacion-para-la-cop30-de-belem\/","name":"El rol del sector privado agro del Cono Sur en preparaci\u00f3n para la COP30 de Belem - GPS","isPartOf":{"@id":"https:\/\/grupogpps.org\/#website"},"primaryImageOfPage":{"@id":"https:\/\/grupogpps.org\/el-rol-del-sector-privado-agro-del-cono-sur-en-preparacion-para-la-cop30-de-belem\/#primaryimage"},"image":{"@id":"https:\/\/grupogpps.org\/el-rol-del-sector-privado-agro-del-cono-sur-en-preparacion-para-la-cop30-de-belem\/#primaryimage"},"thumbnailUrl":"https:\/\/grupogpps.org\/wp-content\/uploads\/2025\/04\/tapa_El-rol-del-sector-privado-agro-del-Cono-Sur-en-preparacion-para-la-COP30-de-Belem.png","datePublished":"2025-04-01T14:47:25+00:00","dateModified":"2025-04-01T14:47:26+00:00","breadcrumb":{"@id":"https:\/\/grupogpps.org\/el-rol-del-sector-privado-agro-del-cono-sur-en-preparacion-para-la-cop30-de-belem\/#breadcrumb"},"inLanguage":"pt-BR","potentialAction":[{"@type":"ReadAction","target":["https:\/\/grupogpps.org\/el-rol-del-sector-privado-agro-del-cono-sur-en-preparacion-para-la-cop30-de-belem\/"]}]},{"@type":"ImageObject","inLanguage":"pt-BR","@id":"https:\/\/grupogpps.org\/el-rol-del-sector-privado-agro-del-cono-sur-en-preparacion-para-la-cop30-de-belem\/#primaryimage","url":"https:\/\/grupogpps.org\/wp-content\/uploads\/2025\/04\/tapa_El-rol-del-sector-privado-agro-del-Cono-Sur-en-preparacion-para-la-COP30-de-Belem.png","contentUrl":"https:\/\/grupogpps.org\/wp-content\/uploads\/2025\/04\/tapa_El-rol-del-sector-privado-agro-del-Cono-Sur-en-preparacion-para-la-COP30-de-Belem.png","width":720,"height":960},{"@type":"BreadcrumbList","@id":"https:\/\/grupogpps.org\/el-rol-del-sector-privado-agro-del-cono-sur-en-preparacion-para-la-cop30-de-belem\/#breadcrumb","itemListElement":[{"@type":"ListItem","position":1,"name":"Inicio","item":"https:\/\/grupogpps.org\/"},{"@type":"ListItem","position":2,"name":"El rol del sector privado agro del Cono Sur en preparaci\u00f3n para la COP30 de Belem"}]},{"@type":"WebSite","@id":"https:\/\/grupogpps.org\/#website","url":"https:\/\/grupogpps.org\/","name":"GPS","description":"Grupo de pa\u00edses productores del sur","publisher":{"@id":"https:\/\/grupogpps.org\/#organization"},"potentialAction":[{"@type":"SearchAction","target":{"@type":"EntryPoint","urlTemplate":"https:\/\/grupogpps.org\/?s={search_term_string}"},"query-input":{"@type":"PropertyValueSpecification","valueRequired":true,"valueName":"search_term_string"}}],"inLanguage":"pt-BR"},{"@type":"Organization","@id":"https:\/\/grupogpps.org\/#organization","name":"GPS - Grupo de pa\u00edses productores del sur","url":"https:\/\/grupogpps.org\/","logo":{"@type":"ImageObject","inLanguage":"pt-BR","@id":"https:\/\/grupogpps.org\/#\/schema\/logo\/image\/","url":"http:\/\/grupogpps.org\/wp-content\/uploads\/2021\/06\/logoGPS3.svg","contentUrl":"http:\/\/grupogpps.org\/wp-content\/uploads\/2021\/06\/logoGPS3.svg","width":1,"height":1,"caption":"GPS - Grupo de pa\u00edses productores del sur"},"image":{"@id":"https:\/\/grupogpps.org\/#\/schema\/logo\/image\/"},"sameAs":["https:\/\/www.linkedin.com\/company\/25037162\/","https:\/\/x.com\/GPSLatinAmerica","https:\/\/www.instagram.com\/gpslatin\/","https:\/\/www.youtube.com\/channel\/UCM2Qf0jSqNRJRkqmU8dO9QA\/videos"]},{"@type":"Person","@id":"https:\/\/grupogpps.org\/#\/schema\/person\/faaafcd24616dff095821c72659ce41f","name":"GPS GPS","url":"https:\/\/grupogpps.org\/pt\/author\/gps\/"}]}},"_links":{"self":[{"href":"https:\/\/grupogpps.org\/pt\/wp-json\/wp\/v2\/posts\/4983","targetHints":{"allow":["GET"]}}],"collection":[{"href":"https:\/\/grupogpps.org\/pt\/wp-json\/wp\/v2\/posts"}],"about":[{"href":"https:\/\/grupogpps.org\/pt\/wp-json\/wp\/v2\/types\/post"}],"author":[{"embeddable":true,"href":"https:\/\/grupogpps.org\/pt\/wp-json\/wp\/v2\/users\/2"}],"replies":[{"embeddable":true,"href":"https:\/\/grupogpps.org\/pt\/wp-json\/wp\/v2\/comments?post=4983"}],"version-history":[{"count":1,"href":"https:\/\/grupogpps.org\/pt\/wp-json\/wp\/v2\/posts\/4983\/revisions"}],"predecessor-version":[{"id":4986,"href":"https:\/\/grupogpps.org\/pt\/wp-json\/wp\/v2\/posts\/4983\/revisions\/4986"}],"wp:featuredmedia":[{"embeddable":true,"href":"https:\/\/grupogpps.org\/pt\/wp-json\/wp\/v2\/media\/4985"}],"wp:attachment":[{"href":"https:\/\/grupogpps.org\/pt\/wp-json\/wp\/v2\/media?parent=4983"}],"wp:term":[{"taxonomy":"category","embeddable":true,"href":"https:\/\/grupogpps.org\/pt\/wp-json\/wp\/v2\/categories?post=4983"},{"taxonomy":"post_tag","embeddable":true,"href":"https:\/\/grupogpps.org\/pt\/wp-json\/wp\/v2\/tags?post=4983"}],"curies":[{"name":"wp","href":"https:\/\/api.w.org\/{rel}","templated":true}]}}