{"id":4908,"date":"2024-11-27T14:02:54","date_gmt":"2024-11-27T17:02:54","guid":{"rendered":"https:\/\/grupogpps.org\/?p=4908"},"modified":"2024-11-27T14:02:55","modified_gmt":"2024-11-27T17:02:55","slug":"compatibilidad-con-las-normas-internacionales-del-reglamento-de-la-ue-sobre-deforestacion-ideas-para-el-debate","status":"publish","type":"post","link":"https:\/\/grupogpps.org\/pt\/compatibilidad-con-las-normas-internacionales-del-reglamento-de-la-ue-sobre-deforestacion-ideas-para-el-debate\/","title":{"rendered":"Compatibilidad con las normas internacionales del Reglamento de la UE sobre Deforestaci\u00f3n. Ideas para el debate"},"content":{"rendered":"<p><strong><em>Por  Nelson Illescas &#8211; <em>Novembro, 2024<\/em><\/em><\/strong><\/p>\n\n\n\n<p>La Uni\u00f3n Europea (UE) present\u00f3 en 2019 el Pacto Verde Europeo, con el objetivo de alcanzar la neutralidad en carbono para 2050. Dentro de este marco, la estrategia \u00abDe la Granja a la Mesa\u00bb (F2F) busca hacer m\u00e1s sostenible el sector agr\u00edcola mediante la reducci\u00f3n de pesticidas, fertilizantes y antibi\u00f3ticos, el fomento de la agricultura org\u00e1nica y la protecci\u00f3n de la biodiversidad. Aunque estas medidas contribuyen a reducir emisiones de gases de efecto invernadero, tambi\u00e9n podr\u00edan disminuir la producci\u00f3n agr\u00edcola y los ingresos de los agricultores, adem\u00e1s de afectar la seguridad alimentaria global.<\/p>\n\n\n\n<p>En 2021, la UE propuso un reglamento para combatir la deforestaci\u00f3n asociada a productos como caf\u00e9, cacao, soja y madera. Adoptado en 2023 y previsto para implementarse en 2024, este reglamento proh\u00edbe la importaci\u00f3n de productos provenientes de tierras deforestadas despu\u00e9s de 2020. Se alinea con los objetivos del Pacto Verde y las estrategias de biodiversidad, pero plantea desaf\u00edos en su compatibilidad con normas de la Organizaci\u00f3n Mundial del Comercio (OMC), la Convenci\u00f3n Marco de Naciones Unidas sobre el Cambio Clim\u00e1tico y el Acuerdo de Par\u00eds. <\/p>\n\n\n\n<p>El presente documento analiza la compatibilidad del Reglamento de Deforestaci\u00f3n de la UE con las normas de la Convenci\u00f3n Marco de las Naciones Unidas sobre el Cambio Clim\u00e1tico (CMNUCC) y el Acuerdo de Par\u00eds, pero principalmente respecto de los acuerdos de la Organizaci\u00f3n Mundial del Comercio (OMC). El objetivo es sobre todo evaluar si las medidas de la normativa europea pueden justificarse bajo las excepciones de la OMC destinadas a proteger la salud y el medio ambiente\u200b.<\/p>\n\n\n\n<p>Documento em espanhol.<\/p>\n\n\n\n<div style=\"height:30px\" aria-hidden=\"true\" class=\"wp-block-spacer\"><\/div>\n\n\n\n<div class=\"wp-block-buttons is-horizontal is-content-justification-center is-layout-flex wp-container-core-buttons-is-layout-1 wp-block-buttons-is-layout-flex\">\n<div class=\"wp-block-button\"><a class=\"wp-block-button__link wp-element-button\" href=\"http:\/\/grupogpps.org\/wp-content\/uploads\/2024\/11\/Compatibilidad-con-las-normas-de-la-OMC-del-Reg-de-Deforestacion-de-la-UE.pdf\" target=\"_blank\" rel=\"noreferrer noopener\">Descargar documento<\/a><\/div>\n<\/div>","protected":false},"excerpt":{"rendered":"<p>Por Nelson Illescas &#8211; Noviembre, 2024 La Uni\u00f3n Europea (UE) present\u00f3 en 2019 el Pacto Verde Europeo, con el objetivo de alcanzar la neutralidad en carbono para 2050. Dentro de este marco, la estrategia \u00abDe la Granja a la Mesa\u00bb (F2F) busca hacer m\u00e1s sostenible el sector agr\u00edcola mediante la reducci\u00f3n de pesticidas, fertilizantes y [&hellip;]<\/p>","protected":false},"author":2,"featured_media":4910,"comment_status":"closed","ping_status":"closed","sticky":false,"template":"","format":"standard","meta":{"footnotes":""},"categories":[26,25,27],"tags":[67,66,68,65],"class_list":["post-4908","post","type-post","status-publish","format-standard","has-post-thumbnail","hentry","category-documentos-institucionales","category-home","category-publicaciones-home","tag-agronegocios","tag-argentina","tag-geopolitica-de-los-alimentos","tag-insercion-internacional"],"yoast_head":"<!-- This site is optimized with the Yoast SEO plugin v26.8 - https:\/\/yoast.com\/product\/yoast-seo-wordpress\/ -->\n<title>Compatibilidad con las normas internacionales del Reglamento de la UE sobre Deforestaci\u00f3n. Ideas para el debate - GPS<\/title>\n<meta name=\"robots\" content=\"index, follow, max-snippet:-1, max-image-preview:large, max-video-preview:-1\" \/>\n<link rel=\"canonical\" href=\"https:\/\/grupogpps.org\/pt\/compatibilidad-con-las-normas-internacionales-del-reglamento-de-la-ue-sobre-deforestacion-ideas-para-el-debate\/\" \/>\n<meta property=\"og:locale\" content=\"pt_BR\" \/>\n<meta property=\"og:type\" content=\"article\" \/>\n<meta property=\"og:title\" content=\"Compatibilidad con las normas internacionales del Reglamento de la UE sobre Deforestaci\u00f3n. Ideas para el debate - GPS\" \/>\n<meta property=\"og:description\" content=\"Por Nelson Illescas &#8211; Noviembre, 2024 La Uni\u00f3n Europea (UE) present\u00f3 en 2019 el Pacto Verde Europeo, con el objetivo de alcanzar la neutralidad en carbono para 2050. Dentro de este marco, la estrategia \u00abDe la Granja a la Mesa\u00bb (F2F) busca hacer m\u00e1s sostenible el sector agr\u00edcola mediante la reducci\u00f3n de pesticidas, fertilizantes y [&hellip;]\" \/>\n<meta property=\"og:url\" content=\"https:\/\/grupogpps.org\/pt\/compatibilidad-con-las-normas-internacionales-del-reglamento-de-la-ue-sobre-deforestacion-ideas-para-el-debate\/\" \/>\n<meta property=\"og:site_name\" content=\"GPS\" \/>\n<meta property=\"article:publisher\" content=\"https:\/\/www.linkedin.com\/company\/25037162\/\" \/>\n<meta property=\"article:published_time\" content=\"2024-11-27T17:02:54+00:00\" \/>\n<meta property=\"article:modified_time\" content=\"2024-11-27T17:02:55+00:00\" \/>\n<meta property=\"og:image\" content=\"http:\/\/grupogpps.org\/wp-content\/uploads\/2024\/11\/tapa_DOCUMENTOS_DEFORESTACION_page-0001.jpg\" \/>\n\t<meta property=\"og:image:width\" content=\"1125\" \/>\n\t<meta property=\"og:image:height\" content=\"1500\" \/>\n\t<meta property=\"og:image:type\" content=\"image\/jpeg\" \/>\n<meta name=\"author\" content=\"GPS GPS\" \/>\n<meta name=\"twitter:card\" content=\"summary_large_image\" \/>\n<meta name=\"twitter:creator\" content=\"@GPSLatinAmerica\" \/>\n<meta name=\"twitter:site\" content=\"@GPSLatinAmerica\" \/>\n<meta name=\"twitter:label1\" content=\"Escrito por\" \/>\n\t<meta name=\"twitter:data1\" content=\"GPS GPS\" \/>\n\t<meta name=\"twitter:label2\" content=\"Est. tempo de leitura\" \/>\n\t<meta name=\"twitter:data2\" content=\"2 minutos\" \/>\n<script type=\"application\/ld+json\" class=\"yoast-schema-graph\">{\"@context\":\"https:\/\/schema.org\",\"@graph\":[{\"@type\":\"Article\",\"@id\":\"https:\/\/grupogpps.org\/compatibilidad-con-las-normas-internacionales-del-reglamento-de-la-ue-sobre-deforestacion-ideas-para-el-debate\/#article\",\"isPartOf\":{\"@id\":\"https:\/\/grupogpps.org\/compatibilidad-con-las-normas-internacionales-del-reglamento-de-la-ue-sobre-deforestacion-ideas-para-el-debate\/\"},\"author\":{\"name\":\"GPS GPS\",\"@id\":\"https:\/\/grupogpps.org\/#\/schema\/person\/faaafcd24616dff095821c72659ce41f\"},\"headline\":\"Compatibilidad con las normas internacionales del Reglamento de la UE sobre Deforestaci\u00f3n. Ideas para el debate\",\"datePublished\":\"2024-11-27T17:02:54+00:00\",\"dateModified\":\"2024-11-27T17:02:55+00:00\",\"mainEntityOfPage\":{\"@id\":\"https:\/\/grupogpps.org\/compatibilidad-con-las-normas-internacionales-del-reglamento-de-la-ue-sobre-deforestacion-ideas-para-el-debate\/\"},\"wordCount\":305,\"publisher\":{\"@id\":\"https:\/\/grupogpps.org\/#organization\"},\"image\":{\"@id\":\"https:\/\/grupogpps.org\/compatibilidad-con-las-normas-internacionales-del-reglamento-de-la-ue-sobre-deforestacion-ideas-para-el-debate\/#primaryimage\"},\"thumbnailUrl\":\"https:\/\/grupogpps.org\/wp-content\/uploads\/2024\/11\/tapa_DOCUMENTOS_DEFORESTACION_page-0001.jpg\",\"keywords\":[\"Agronegocios\",\"Argentina\",\"geopol\u00edtica de los alimentos\",\"Inserci\u00f3n internacional\"],\"articleSection\":[\"Documentos institucionales\",\"Home\",\"Publicaciones Home\"],\"inLanguage\":\"pt-BR\"},{\"@type\":\"WebPage\",\"@id\":\"https:\/\/grupogpps.org\/compatibilidad-con-las-normas-internacionales-del-reglamento-de-la-ue-sobre-deforestacion-ideas-para-el-debate\/\",\"url\":\"https:\/\/grupogpps.org\/compatibilidad-con-las-normas-internacionales-del-reglamento-de-la-ue-sobre-deforestacion-ideas-para-el-debate\/\",\"name\":\"Compatibilidad con las normas internacionales del Reglamento de la UE sobre Deforestaci\u00f3n. Ideas para el debate - GPS\",\"isPartOf\":{\"@id\":\"https:\/\/grupogpps.org\/#website\"},\"primaryImageOfPage\":{\"@id\":\"https:\/\/grupogpps.org\/compatibilidad-con-las-normas-internacionales-del-reglamento-de-la-ue-sobre-deforestacion-ideas-para-el-debate\/#primaryimage\"},\"image\":{\"@id\":\"https:\/\/grupogpps.org\/compatibilidad-con-las-normas-internacionales-del-reglamento-de-la-ue-sobre-deforestacion-ideas-para-el-debate\/#primaryimage\"},\"thumbnailUrl\":\"https:\/\/grupogpps.org\/wp-content\/uploads\/2024\/11\/tapa_DOCUMENTOS_DEFORESTACION_page-0001.jpg\",\"datePublished\":\"2024-11-27T17:02:54+00:00\",\"dateModified\":\"2024-11-27T17:02:55+00:00\",\"breadcrumb\":{\"@id\":\"https:\/\/grupogpps.org\/compatibilidad-con-las-normas-internacionales-del-reglamento-de-la-ue-sobre-deforestacion-ideas-para-el-debate\/#breadcrumb\"},\"inLanguage\":\"pt-BR\",\"potentialAction\":[{\"@type\":\"ReadAction\",\"target\":[\"https:\/\/grupogpps.org\/compatibilidad-con-las-normas-internacionales-del-reglamento-de-la-ue-sobre-deforestacion-ideas-para-el-debate\/\"]}]},{\"@type\":\"ImageObject\",\"inLanguage\":\"pt-BR\",\"@id\":\"https:\/\/grupogpps.org\/compatibilidad-con-las-normas-internacionales-del-reglamento-de-la-ue-sobre-deforestacion-ideas-para-el-debate\/#primaryimage\",\"url\":\"https:\/\/grupogpps.org\/wp-content\/uploads\/2024\/11\/tapa_DOCUMENTOS_DEFORESTACION_page-0001.jpg\",\"contentUrl\":\"https:\/\/grupogpps.org\/wp-content\/uploads\/2024\/11\/tapa_DOCUMENTOS_DEFORESTACION_page-0001.jpg\",\"width\":1125,\"height\":1500},{\"@type\":\"BreadcrumbList\",\"@id\":\"https:\/\/grupogpps.org\/compatibilidad-con-las-normas-internacionales-del-reglamento-de-la-ue-sobre-deforestacion-ideas-para-el-debate\/#breadcrumb\",\"itemListElement\":[{\"@type\":\"ListItem\",\"position\":1,\"name\":\"Inicio\",\"item\":\"https:\/\/grupogpps.org\/\"},{\"@type\":\"ListItem\",\"position\":2,\"name\":\"Compatibilidad con las normas internacionales del Reglamento de la UE sobre Deforestaci\u00f3n. Ideas para el debate\"}]},{\"@type\":\"WebSite\",\"@id\":\"https:\/\/grupogpps.org\/#website\",\"url\":\"https:\/\/grupogpps.org\/\",\"name\":\"GPS\",\"description\":\"Grupo de pa\u00edses productores del sur\",\"publisher\":{\"@id\":\"https:\/\/grupogpps.org\/#organization\"},\"potentialAction\":[{\"@type\":\"SearchAction\",\"target\":{\"@type\":\"EntryPoint\",\"urlTemplate\":\"https:\/\/grupogpps.org\/?s={search_term_string}\"},\"query-input\":{\"@type\":\"PropertyValueSpecification\",\"valueRequired\":true,\"valueName\":\"search_term_string\"}}],\"inLanguage\":\"pt-BR\"},{\"@type\":\"Organization\",\"@id\":\"https:\/\/grupogpps.org\/#organization\",\"name\":\"GPS - Grupo de pa\u00edses productores del sur\",\"url\":\"https:\/\/grupogpps.org\/\",\"logo\":{\"@type\":\"ImageObject\",\"inLanguage\":\"pt-BR\",\"@id\":\"https:\/\/grupogpps.org\/#\/schema\/logo\/image\/\",\"url\":\"http:\/\/grupogpps.org\/wp-content\/uploads\/2021\/06\/logoGPS3.svg\",\"contentUrl\":\"http:\/\/grupogpps.org\/wp-content\/uploads\/2021\/06\/logoGPS3.svg\",\"width\":1,\"height\":1,\"caption\":\"GPS - Grupo de pa\u00edses productores del sur\"},\"image\":{\"@id\":\"https:\/\/grupogpps.org\/#\/schema\/logo\/image\/\"},\"sameAs\":[\"https:\/\/www.linkedin.com\/company\/25037162\/\",\"https:\/\/x.com\/GPSLatinAmerica\",\"https:\/\/www.instagram.com\/gpslatin\/\",\"https:\/\/www.youtube.com\/channel\/UCM2Qf0jSqNRJRkqmU8dO9QA\/videos\"]},{\"@type\":\"Person\",\"@id\":\"https:\/\/grupogpps.org\/#\/schema\/person\/faaafcd24616dff095821c72659ce41f\",\"name\":\"GPS GPS\",\"url\":\"https:\/\/grupogpps.org\/pt\/author\/gps\/\"}]}<\/script>\n<!-- \/ Yoast SEO plugin. -->","yoast_head_json":{"title":"Compatibilidad con las normas internacionales del Reglamento de la UE sobre Deforestaci\u00f3n. Ideas para el debate - GPS","robots":{"index":"index","follow":"follow","max-snippet":"max-snippet:-1","max-image-preview":"max-image-preview:large","max-video-preview":"max-video-preview:-1"},"canonical":"https:\/\/grupogpps.org\/pt\/compatibilidad-con-las-normas-internacionales-del-reglamento-de-la-ue-sobre-deforestacion-ideas-para-el-debate\/","og_locale":"pt_BR","og_type":"article","og_title":"Compatibilidad con las normas internacionales del Reglamento de la UE sobre Deforestaci\u00f3n. Ideas para el debate - GPS","og_description":"Por Nelson Illescas &#8211; Noviembre, 2024 La Uni\u00f3n Europea (UE) present\u00f3 en 2019 el Pacto Verde Europeo, con el objetivo de alcanzar la neutralidad en carbono para 2050. Dentro de este marco, la estrategia \u00abDe la Granja a la Mesa\u00bb (F2F) busca hacer m\u00e1s sostenible el sector agr\u00edcola mediante la reducci\u00f3n de pesticidas, fertilizantes y [&hellip;]","og_url":"https:\/\/grupogpps.org\/pt\/compatibilidad-con-las-normas-internacionales-del-reglamento-de-la-ue-sobre-deforestacion-ideas-para-el-debate\/","og_site_name":"GPS","article_publisher":"https:\/\/www.linkedin.com\/company\/25037162\/","article_published_time":"2024-11-27T17:02:54+00:00","article_modified_time":"2024-11-27T17:02:55+00:00","og_image":[{"width":1125,"height":1500,"url":"http:\/\/grupogpps.org\/wp-content\/uploads\/2024\/11\/tapa_DOCUMENTOS_DEFORESTACION_page-0001.jpg","type":"image\/jpeg"}],"author":"GPS GPS","twitter_card":"summary_large_image","twitter_creator":"@GPSLatinAmerica","twitter_site":"@GPSLatinAmerica","twitter_misc":{"Escrito por":"GPS GPS","Est. tempo de leitura":"2 minutos"},"schema":{"@context":"https:\/\/schema.org","@graph":[{"@type":"Article","@id":"https:\/\/grupogpps.org\/compatibilidad-con-las-normas-internacionales-del-reglamento-de-la-ue-sobre-deforestacion-ideas-para-el-debate\/#article","isPartOf":{"@id":"https:\/\/grupogpps.org\/compatibilidad-con-las-normas-internacionales-del-reglamento-de-la-ue-sobre-deforestacion-ideas-para-el-debate\/"},"author":{"name":"GPS GPS","@id":"https:\/\/grupogpps.org\/#\/schema\/person\/faaafcd24616dff095821c72659ce41f"},"headline":"Compatibilidad con las normas internacionales del Reglamento de la UE sobre Deforestaci\u00f3n. Ideas para el debate","datePublished":"2024-11-27T17:02:54+00:00","dateModified":"2024-11-27T17:02:55+00:00","mainEntityOfPage":{"@id":"https:\/\/grupogpps.org\/compatibilidad-con-las-normas-internacionales-del-reglamento-de-la-ue-sobre-deforestacion-ideas-para-el-debate\/"},"wordCount":305,"publisher":{"@id":"https:\/\/grupogpps.org\/#organization"},"image":{"@id":"https:\/\/grupogpps.org\/compatibilidad-con-las-normas-internacionales-del-reglamento-de-la-ue-sobre-deforestacion-ideas-para-el-debate\/#primaryimage"},"thumbnailUrl":"https:\/\/grupogpps.org\/wp-content\/uploads\/2024\/11\/tapa_DOCUMENTOS_DEFORESTACION_page-0001.jpg","keywords":["Agronegocios","Argentina","geopol\u00edtica de los alimentos","Inserci\u00f3n internacional"],"articleSection":["Documentos institucionales","Home","Publicaciones Home"],"inLanguage":"pt-BR"},{"@type":"WebPage","@id":"https:\/\/grupogpps.org\/compatibilidad-con-las-normas-internacionales-del-reglamento-de-la-ue-sobre-deforestacion-ideas-para-el-debate\/","url":"https:\/\/grupogpps.org\/compatibilidad-con-las-normas-internacionales-del-reglamento-de-la-ue-sobre-deforestacion-ideas-para-el-debate\/","name":"Compatibilidad con las normas internacionales del Reglamento de la UE sobre Deforestaci\u00f3n. Ideas para el debate - GPS","isPartOf":{"@id":"https:\/\/grupogpps.org\/#website"},"primaryImageOfPage":{"@id":"https:\/\/grupogpps.org\/compatibilidad-con-las-normas-internacionales-del-reglamento-de-la-ue-sobre-deforestacion-ideas-para-el-debate\/#primaryimage"},"image":{"@id":"https:\/\/grupogpps.org\/compatibilidad-con-las-normas-internacionales-del-reglamento-de-la-ue-sobre-deforestacion-ideas-para-el-debate\/#primaryimage"},"thumbnailUrl":"https:\/\/grupogpps.org\/wp-content\/uploads\/2024\/11\/tapa_DOCUMENTOS_DEFORESTACION_page-0001.jpg","datePublished":"2024-11-27T17:02:54+00:00","dateModified":"2024-11-27T17:02:55+00:00","breadcrumb":{"@id":"https:\/\/grupogpps.org\/compatibilidad-con-las-normas-internacionales-del-reglamento-de-la-ue-sobre-deforestacion-ideas-para-el-debate\/#breadcrumb"},"inLanguage":"pt-BR","potentialAction":[{"@type":"ReadAction","target":["https:\/\/grupogpps.org\/compatibilidad-con-las-normas-internacionales-del-reglamento-de-la-ue-sobre-deforestacion-ideas-para-el-debate\/"]}]},{"@type":"ImageObject","inLanguage":"pt-BR","@id":"https:\/\/grupogpps.org\/compatibilidad-con-las-normas-internacionales-del-reglamento-de-la-ue-sobre-deforestacion-ideas-para-el-debate\/#primaryimage","url":"https:\/\/grupogpps.org\/wp-content\/uploads\/2024\/11\/tapa_DOCUMENTOS_DEFORESTACION_page-0001.jpg","contentUrl":"https:\/\/grupogpps.org\/wp-content\/uploads\/2024\/11\/tapa_DOCUMENTOS_DEFORESTACION_page-0001.jpg","width":1125,"height":1500},{"@type":"BreadcrumbList","@id":"https:\/\/grupogpps.org\/compatibilidad-con-las-normas-internacionales-del-reglamento-de-la-ue-sobre-deforestacion-ideas-para-el-debate\/#breadcrumb","itemListElement":[{"@type":"ListItem","position":1,"name":"Inicio","item":"https:\/\/grupogpps.org\/"},{"@type":"ListItem","position":2,"name":"Compatibilidad con las normas internacionales del Reglamento de la UE sobre Deforestaci\u00f3n. Ideas para el debate"}]},{"@type":"WebSite","@id":"https:\/\/grupogpps.org\/#website","url":"https:\/\/grupogpps.org\/","name":"GPS","description":"Grupo de pa\u00edses productores del sur","publisher":{"@id":"https:\/\/grupogpps.org\/#organization"},"potentialAction":[{"@type":"SearchAction","target":{"@type":"EntryPoint","urlTemplate":"https:\/\/grupogpps.org\/?s={search_term_string}"},"query-input":{"@type":"PropertyValueSpecification","valueRequired":true,"valueName":"search_term_string"}}],"inLanguage":"pt-BR"},{"@type":"Organization","@id":"https:\/\/grupogpps.org\/#organization","name":"GPS - Grupo de pa\u00edses productores del sur","url":"https:\/\/grupogpps.org\/","logo":{"@type":"ImageObject","inLanguage":"pt-BR","@id":"https:\/\/grupogpps.org\/#\/schema\/logo\/image\/","url":"http:\/\/grupogpps.org\/wp-content\/uploads\/2021\/06\/logoGPS3.svg","contentUrl":"http:\/\/grupogpps.org\/wp-content\/uploads\/2021\/06\/logoGPS3.svg","width":1,"height":1,"caption":"GPS - Grupo de pa\u00edses productores del sur"},"image":{"@id":"https:\/\/grupogpps.org\/#\/schema\/logo\/image\/"},"sameAs":["https:\/\/www.linkedin.com\/company\/25037162\/","https:\/\/x.com\/GPSLatinAmerica","https:\/\/www.instagram.com\/gpslatin\/","https:\/\/www.youtube.com\/channel\/UCM2Qf0jSqNRJRkqmU8dO9QA\/videos"]},{"@type":"Person","@id":"https:\/\/grupogpps.org\/#\/schema\/person\/faaafcd24616dff095821c72659ce41f","name":"GPS GPS","url":"https:\/\/grupogpps.org\/pt\/author\/gps\/"}]}},"_links":{"self":[{"href":"https:\/\/grupogpps.org\/pt\/wp-json\/wp\/v2\/posts\/4908","targetHints":{"allow":["GET"]}}],"collection":[{"href":"https:\/\/grupogpps.org\/pt\/wp-json\/wp\/v2\/posts"}],"about":[{"href":"https:\/\/grupogpps.org\/pt\/wp-json\/wp\/v2\/types\/post"}],"author":[{"embeddable":true,"href":"https:\/\/grupogpps.org\/pt\/wp-json\/wp\/v2\/users\/2"}],"replies":[{"embeddable":true,"href":"https:\/\/grupogpps.org\/pt\/wp-json\/wp\/v2\/comments?post=4908"}],"version-history":[{"count":2,"href":"https:\/\/grupogpps.org\/pt\/wp-json\/wp\/v2\/posts\/4908\/revisions"}],"predecessor-version":[{"id":4912,"href":"https:\/\/grupogpps.org\/pt\/wp-json\/wp\/v2\/posts\/4908\/revisions\/4912"}],"wp:featuredmedia":[{"embeddable":true,"href":"https:\/\/grupogpps.org\/pt\/wp-json\/wp\/v2\/media\/4910"}],"wp:attachment":[{"href":"https:\/\/grupogpps.org\/pt\/wp-json\/wp\/v2\/media?parent=4908"}],"wp:term":[{"taxonomy":"category","embeddable":true,"href":"https:\/\/grupogpps.org\/pt\/wp-json\/wp\/v2\/categories?post=4908"},{"taxonomy":"post_tag","embeddable":true,"href":"https:\/\/grupogpps.org\/pt\/wp-json\/wp\/v2\/tags?post=4908"}],"curies":[{"name":"wp","href":"https:\/\/api.w.org\/{rel}","templated":true}]}}