{"id":4880,"date":"2024-11-14T13:18:59","date_gmt":"2024-11-14T16:18:59","guid":{"rendered":"https:\/\/grupogpps.org\/?p=4880"},"modified":"2024-11-14T13:19:00","modified_gmt":"2024-11-14T16:19:00","slug":"cop29-roberto-azevedo-aboga-por-un-mercado-global-de-carbono","status":"publish","type":"post","link":"https:\/\/grupogpps.org\/pt\/cop29-roberto-azevedo-aboga-por-un-mercado-global-de-carbono\/","title":{"rendered":"COP29: Roberto Azevedo defende um mercado global de carbono"},"content":{"rendered":"<p>Durante a Confer\u00eancia das Na\u00e7\u00f5es Unidas sobre Mudan\u00e7as Clim\u00e1ticas de 2024 (COP 29), realizada em Baku, no Azerbaij\u00e3o, Roberto Azevedo, ex-diretor-geral da OMC, atualmente consultor da Associa\u00e7\u00e3o Brasileira do Agroneg\u00f3cio (ABAG) e membro da rede GPS, participou de uma sess\u00e3o organizada pelo Instituto Interamericano de Coopera\u00e7\u00e3o para a Agricultura (IICA).<\/p>\n\n\n<div class=\"wp-block-image\">\n<figure class=\"alignright size-large is-resized\"><img loading=\"lazy\" decoding=\"async\" width=\"1024\" height=\"768\" src=\"https:\/\/grupogpps.org\/wp-content\/uploads\/2024\/11\/2-1024x768.jpeg\" alt=\"\" class=\"wp-image-4882\" style=\"width:447px;height:auto\" srcset=\"https:\/\/grupogpps.org\/wp-content\/uploads\/2024\/11\/2-1024x768.jpeg 1024w, https:\/\/grupogpps.org\/wp-content\/uploads\/2024\/11\/2-300x225.jpeg 300w, https:\/\/grupogpps.org\/wp-content\/uploads\/2024\/11\/2-768x576.jpeg 768w, https:\/\/grupogpps.org\/wp-content\/uploads\/2024\/11\/2-16x12.jpeg 16w, https:\/\/grupogpps.org\/wp-content\/uploads\/2024\/11\/2.jpeg 1280w\" sizes=\"auto, (max-width: 1024px) 100vw, 1024px\" \/><\/figure><\/div>\n\n\n<p>Em seu discurso, Azevedo ressaltou que as solu\u00e7\u00f5es para as mudan\u00e7as clim\u00e1ticas devem ser globais para serem eficazes e que devem ser alavancadas em regulamenta\u00e7\u00f5es e incentivos, entre os quais a cria\u00e7\u00e3o de um mercado global de carbono \u00e9 central. Ele tamb\u00e9m se referiu ao papel da agricultura como parte da solu\u00e7\u00e3o para as mudan\u00e7as clim\u00e1ticas em rela\u00e7\u00e3o \u00e0 capacidade do setor de capturar carbono, contribuindo para uma melhor transi\u00e7\u00e3o.<\/p>\n\n\n\n<p>O painel tamb\u00e9m incluiu Rattan Lal, considerada a principal autoridade mundial em ci\u00eancias do solo; Jos\u00e9 Abelardo Mai, Ministro da Agricultura e Seguran\u00e7a Alimentar de Belize; Luis Pocasangre, Diretor Geral do CATIE; Alejandro Mart\u00ednez, Diretor de Agricultura Inteligente da Ag\u00eancia Cat\u00f3lica de Servi\u00e7os de Socorro; Clifford Mart\u00ednez, Coordenador de Gest\u00e3o da \u00c1gua do Minist\u00e9rio da Agricultura de Belize e Manuel Otero, Diretor Geral do IICA. O painel foi moderado por Muhammad Ibrahim, Diretor de Coopera\u00e7\u00e3o T\u00e9cnica do IICA.<\/p>\n\n\n\n<p>A COP 29, que ser\u00e1 realizada de 11 a 22 de novembro, \u00e9 o maior f\u00f3rum ambiental do mundo e serve para que os pa\u00edses discutam e negociem seus compromissos para a transforma\u00e7\u00e3o de seus modos de produ\u00e7\u00e3o e consumo.<\/p>\n\n\n\n<p><\/p>","protected":false},"excerpt":{"rendered":"<p>Durante la Conferencia de las Naciones Unidas sobre el Cambio Clim\u00e1tico de 2024 (COP 29), llevada a cabo en Bak\u00fa, Azerbaiy\u00e1n, Roberto Azevedo, ex Director General de la OMC, actualmente consultor de la Asociaci\u00f3n Brasile\u00f1a de Agronegocios (ABAG) y miembro de la red GPS, particip\u00f3 de una sesi\u00f3n organizada por el Instituto Interamericano de Cooperaci\u00f3n [&hellip;]<\/p>","protected":false},"author":2,"featured_media":4881,"comment_status":"open","ping_status":"closed","sticky":false,"template":"","format":"standard","meta":{"footnotes":""},"categories":[19,58,25,23],"tags":[],"class_list":["post-4880","post","type-post","status-publish","format-standard","has-post-thumbnail","hentry","category-actividades","category-eventos","category-home","category-novedades"],"yoast_head":"<!-- This site is optimized with the Yoast SEO plugin v26.8 - https:\/\/yoast.com\/product\/yoast-seo-wordpress\/ -->\n<title>COP29: Roberto Azevedo aboga por un mercado global de carbono - GPS<\/title>\n<meta name=\"robots\" content=\"index, follow, max-snippet:-1, max-image-preview:large, max-video-preview:-1\" \/>\n<link rel=\"canonical\" href=\"https:\/\/grupogpps.org\/pt\/cop29-roberto-azevedo-aboga-por-un-mercado-global-de-carbono\/\" \/>\n<meta property=\"og:locale\" content=\"pt_BR\" \/>\n<meta property=\"og:type\" content=\"article\" \/>\n<meta property=\"og:title\" content=\"COP29: Roberto Azevedo aboga por un mercado global de carbono - GPS\" \/>\n<meta property=\"og:description\" content=\"Durante la Conferencia de las Naciones Unidas sobre el Cambio Clim\u00e1tico de 2024 (COP 29), llevada a cabo en Bak\u00fa, Azerbaiy\u00e1n, Roberto Azevedo, ex Director General de la OMC, actualmente consultor de la Asociaci\u00f3n Brasile\u00f1a de Agronegocios (ABAG) y miembro de la red GPS, particip\u00f3 de una sesi\u00f3n organizada por el Instituto Interamericano de Cooperaci\u00f3n [&hellip;]\" \/>\n<meta property=\"og:url\" content=\"https:\/\/grupogpps.org\/pt\/cop29-roberto-azevedo-aboga-por-un-mercado-global-de-carbono\/\" \/>\n<meta property=\"og:site_name\" content=\"GPS\" \/>\n<meta property=\"article:publisher\" content=\"https:\/\/www.linkedin.com\/company\/25037162\/\" \/>\n<meta property=\"article:published_time\" content=\"2024-11-14T16:18:59+00:00\" \/>\n<meta property=\"article:modified_time\" content=\"2024-11-14T16:19:00+00:00\" \/>\n<meta property=\"og:image\" content=\"http:\/\/grupogpps.org\/wp-content\/uploads\/2024\/11\/1.jpeg\" \/>\n\t<meta property=\"og:image:width\" content=\"1280\" \/>\n\t<meta property=\"og:image:height\" content=\"960\" \/>\n\t<meta property=\"og:image:type\" content=\"image\/jpeg\" \/>\n<meta name=\"author\" content=\"GPS GPS\" \/>\n<meta name=\"twitter:card\" content=\"summary_large_image\" \/>\n<meta name=\"twitter:creator\" content=\"@GPSLatinAmerica\" \/>\n<meta name=\"twitter:site\" content=\"@GPSLatinAmerica\" \/>\n<meta name=\"twitter:label1\" content=\"Escrito por\" \/>\n\t<meta name=\"twitter:data1\" content=\"GPS GPS\" \/>\n\t<meta name=\"twitter:label2\" content=\"Est. tempo de leitura\" \/>\n\t<meta name=\"twitter:data2\" content=\"2 minutos\" \/>\n<script type=\"application\/ld+json\" class=\"yoast-schema-graph\">{\"@context\":\"https:\/\/schema.org\",\"@graph\":[{\"@type\":\"Article\",\"@id\":\"https:\/\/grupogpps.org\/cop29-roberto-azevedo-aboga-por-un-mercado-global-de-carbono\/#article\",\"isPartOf\":{\"@id\":\"https:\/\/grupogpps.org\/cop29-roberto-azevedo-aboga-por-un-mercado-global-de-carbono\/\"},\"author\":{\"name\":\"GPS GPS\",\"@id\":\"https:\/\/grupogpps.org\/#\/schema\/person\/faaafcd24616dff095821c72659ce41f\"},\"headline\":\"COP29: Roberto Azevedo aboga por un mercado global de carbono\",\"datePublished\":\"2024-11-14T16:18:59+00:00\",\"dateModified\":\"2024-11-14T16:19:00+00:00\",\"mainEntityOfPage\":{\"@id\":\"https:\/\/grupogpps.org\/cop29-roberto-azevedo-aboga-por-un-mercado-global-de-carbono\/\"},\"wordCount\":274,\"commentCount\":0,\"publisher\":{\"@id\":\"https:\/\/grupogpps.org\/#organization\"},\"image\":{\"@id\":\"https:\/\/grupogpps.org\/cop29-roberto-azevedo-aboga-por-un-mercado-global-de-carbono\/#primaryimage\"},\"thumbnailUrl\":\"https:\/\/grupogpps.org\/wp-content\/uploads\/2024\/11\/1.jpeg\",\"articleSection\":[\"Actividades\",\"Eventos\",\"Home\",\"Novedades\"],\"inLanguage\":\"pt-BR\",\"potentialAction\":[{\"@type\":\"CommentAction\",\"name\":\"Comment\",\"target\":[\"https:\/\/grupogpps.org\/cop29-roberto-azevedo-aboga-por-un-mercado-global-de-carbono\/#respond\"]}]},{\"@type\":\"WebPage\",\"@id\":\"https:\/\/grupogpps.org\/cop29-roberto-azevedo-aboga-por-un-mercado-global-de-carbono\/\",\"url\":\"https:\/\/grupogpps.org\/cop29-roberto-azevedo-aboga-por-un-mercado-global-de-carbono\/\",\"name\":\"COP29: Roberto Azevedo aboga por un mercado global de carbono - GPS\",\"isPartOf\":{\"@id\":\"https:\/\/grupogpps.org\/#website\"},\"primaryImageOfPage\":{\"@id\":\"https:\/\/grupogpps.org\/cop29-roberto-azevedo-aboga-por-un-mercado-global-de-carbono\/#primaryimage\"},\"image\":{\"@id\":\"https:\/\/grupogpps.org\/cop29-roberto-azevedo-aboga-por-un-mercado-global-de-carbono\/#primaryimage\"},\"thumbnailUrl\":\"https:\/\/grupogpps.org\/wp-content\/uploads\/2024\/11\/1.jpeg\",\"datePublished\":\"2024-11-14T16:18:59+00:00\",\"dateModified\":\"2024-11-14T16:19:00+00:00\",\"breadcrumb\":{\"@id\":\"https:\/\/grupogpps.org\/cop29-roberto-azevedo-aboga-por-un-mercado-global-de-carbono\/#breadcrumb\"},\"inLanguage\":\"pt-BR\",\"potentialAction\":[{\"@type\":\"ReadAction\",\"target\":[\"https:\/\/grupogpps.org\/cop29-roberto-azevedo-aboga-por-un-mercado-global-de-carbono\/\"]}]},{\"@type\":\"ImageObject\",\"inLanguage\":\"pt-BR\",\"@id\":\"https:\/\/grupogpps.org\/cop29-roberto-azevedo-aboga-por-un-mercado-global-de-carbono\/#primaryimage\",\"url\":\"https:\/\/grupogpps.org\/wp-content\/uploads\/2024\/11\/1.jpeg\",\"contentUrl\":\"https:\/\/grupogpps.org\/wp-content\/uploads\/2024\/11\/1.jpeg\",\"width\":1280,\"height\":960},{\"@type\":\"BreadcrumbList\",\"@id\":\"https:\/\/grupogpps.org\/cop29-roberto-azevedo-aboga-por-un-mercado-global-de-carbono\/#breadcrumb\",\"itemListElement\":[{\"@type\":\"ListItem\",\"position\":1,\"name\":\"Inicio\",\"item\":\"https:\/\/grupogpps.org\/\"},{\"@type\":\"ListItem\",\"position\":2,\"name\":\"COP29: Roberto Azevedo aboga por un mercado global de carbono\"}]},{\"@type\":\"WebSite\",\"@id\":\"https:\/\/grupogpps.org\/#website\",\"url\":\"https:\/\/grupogpps.org\/\",\"name\":\"GPS\",\"description\":\"Grupo de pa\u00edses productores del sur\",\"publisher\":{\"@id\":\"https:\/\/grupogpps.org\/#organization\"},\"potentialAction\":[{\"@type\":\"SearchAction\",\"target\":{\"@type\":\"EntryPoint\",\"urlTemplate\":\"https:\/\/grupogpps.org\/?s={search_term_string}\"},\"query-input\":{\"@type\":\"PropertyValueSpecification\",\"valueRequired\":true,\"valueName\":\"search_term_string\"}}],\"inLanguage\":\"pt-BR\"},{\"@type\":\"Organization\",\"@id\":\"https:\/\/grupogpps.org\/#organization\",\"name\":\"GPS - Grupo de pa\u00edses productores del sur\",\"url\":\"https:\/\/grupogpps.org\/\",\"logo\":{\"@type\":\"ImageObject\",\"inLanguage\":\"pt-BR\",\"@id\":\"https:\/\/grupogpps.org\/#\/schema\/logo\/image\/\",\"url\":\"http:\/\/grupogpps.org\/wp-content\/uploads\/2021\/06\/logoGPS3.svg\",\"contentUrl\":\"http:\/\/grupogpps.org\/wp-content\/uploads\/2021\/06\/logoGPS3.svg\",\"width\":1,\"height\":1,\"caption\":\"GPS - Grupo de pa\u00edses productores del sur\"},\"image\":{\"@id\":\"https:\/\/grupogpps.org\/#\/schema\/logo\/image\/\"},\"sameAs\":[\"https:\/\/www.linkedin.com\/company\/25037162\/\",\"https:\/\/x.com\/GPSLatinAmerica\",\"https:\/\/www.instagram.com\/gpslatin\/\",\"https:\/\/www.youtube.com\/channel\/UCM2Qf0jSqNRJRkqmU8dO9QA\/videos\"]},{\"@type\":\"Person\",\"@id\":\"https:\/\/grupogpps.org\/#\/schema\/person\/faaafcd24616dff095821c72659ce41f\",\"name\":\"GPS GPS\",\"url\":\"https:\/\/grupogpps.org\/pt\/author\/gps\/\"}]}<\/script>\n<!-- \/ Yoast SEO plugin. -->","yoast_head_json":{"title":"COP29: Roberto Azevedo aboga por un mercado global de carbono - GPS","robots":{"index":"index","follow":"follow","max-snippet":"max-snippet:-1","max-image-preview":"max-image-preview:large","max-video-preview":"max-video-preview:-1"},"canonical":"https:\/\/grupogpps.org\/pt\/cop29-roberto-azevedo-aboga-por-un-mercado-global-de-carbono\/","og_locale":"pt_BR","og_type":"article","og_title":"COP29: Roberto Azevedo aboga por un mercado global de carbono - GPS","og_description":"Durante la Conferencia de las Naciones Unidas sobre el Cambio Clim\u00e1tico de 2024 (COP 29), llevada a cabo en Bak\u00fa, Azerbaiy\u00e1n, Roberto Azevedo, ex Director General de la OMC, actualmente consultor de la Asociaci\u00f3n Brasile\u00f1a de Agronegocios (ABAG) y miembro de la red GPS, particip\u00f3 de una sesi\u00f3n organizada por el Instituto Interamericano de Cooperaci\u00f3n [&hellip;]","og_url":"https:\/\/grupogpps.org\/pt\/cop29-roberto-azevedo-aboga-por-un-mercado-global-de-carbono\/","og_site_name":"GPS","article_publisher":"https:\/\/www.linkedin.com\/company\/25037162\/","article_published_time":"2024-11-14T16:18:59+00:00","article_modified_time":"2024-11-14T16:19:00+00:00","og_image":[{"width":1280,"height":960,"url":"http:\/\/grupogpps.org\/wp-content\/uploads\/2024\/11\/1.jpeg","type":"image\/jpeg"}],"author":"GPS GPS","twitter_card":"summary_large_image","twitter_creator":"@GPSLatinAmerica","twitter_site":"@GPSLatinAmerica","twitter_misc":{"Escrito por":"GPS GPS","Est. tempo de leitura":"2 minutos"},"schema":{"@context":"https:\/\/schema.org","@graph":[{"@type":"Article","@id":"https:\/\/grupogpps.org\/cop29-roberto-azevedo-aboga-por-un-mercado-global-de-carbono\/#article","isPartOf":{"@id":"https:\/\/grupogpps.org\/cop29-roberto-azevedo-aboga-por-un-mercado-global-de-carbono\/"},"author":{"name":"GPS GPS","@id":"https:\/\/grupogpps.org\/#\/schema\/person\/faaafcd24616dff095821c72659ce41f"},"headline":"COP29: Roberto Azevedo aboga por un mercado global de carbono","datePublished":"2024-11-14T16:18:59+00:00","dateModified":"2024-11-14T16:19:00+00:00","mainEntityOfPage":{"@id":"https:\/\/grupogpps.org\/cop29-roberto-azevedo-aboga-por-un-mercado-global-de-carbono\/"},"wordCount":274,"commentCount":0,"publisher":{"@id":"https:\/\/grupogpps.org\/#organization"},"image":{"@id":"https:\/\/grupogpps.org\/cop29-roberto-azevedo-aboga-por-un-mercado-global-de-carbono\/#primaryimage"},"thumbnailUrl":"https:\/\/grupogpps.org\/wp-content\/uploads\/2024\/11\/1.jpeg","articleSection":["Actividades","Eventos","Home","Novedades"],"inLanguage":"pt-BR","potentialAction":[{"@type":"CommentAction","name":"Comment","target":["https:\/\/grupogpps.org\/cop29-roberto-azevedo-aboga-por-un-mercado-global-de-carbono\/#respond"]}]},{"@type":"WebPage","@id":"https:\/\/grupogpps.org\/cop29-roberto-azevedo-aboga-por-un-mercado-global-de-carbono\/","url":"https:\/\/grupogpps.org\/cop29-roberto-azevedo-aboga-por-un-mercado-global-de-carbono\/","name":"COP29: Roberto Azevedo aboga por un mercado global de carbono - GPS","isPartOf":{"@id":"https:\/\/grupogpps.org\/#website"},"primaryImageOfPage":{"@id":"https:\/\/grupogpps.org\/cop29-roberto-azevedo-aboga-por-un-mercado-global-de-carbono\/#primaryimage"},"image":{"@id":"https:\/\/grupogpps.org\/cop29-roberto-azevedo-aboga-por-un-mercado-global-de-carbono\/#primaryimage"},"thumbnailUrl":"https:\/\/grupogpps.org\/wp-content\/uploads\/2024\/11\/1.jpeg","datePublished":"2024-11-14T16:18:59+00:00","dateModified":"2024-11-14T16:19:00+00:00","breadcrumb":{"@id":"https:\/\/grupogpps.org\/cop29-roberto-azevedo-aboga-por-un-mercado-global-de-carbono\/#breadcrumb"},"inLanguage":"pt-BR","potentialAction":[{"@type":"ReadAction","target":["https:\/\/grupogpps.org\/cop29-roberto-azevedo-aboga-por-un-mercado-global-de-carbono\/"]}]},{"@type":"ImageObject","inLanguage":"pt-BR","@id":"https:\/\/grupogpps.org\/cop29-roberto-azevedo-aboga-por-un-mercado-global-de-carbono\/#primaryimage","url":"https:\/\/grupogpps.org\/wp-content\/uploads\/2024\/11\/1.jpeg","contentUrl":"https:\/\/grupogpps.org\/wp-content\/uploads\/2024\/11\/1.jpeg","width":1280,"height":960},{"@type":"BreadcrumbList","@id":"https:\/\/grupogpps.org\/cop29-roberto-azevedo-aboga-por-un-mercado-global-de-carbono\/#breadcrumb","itemListElement":[{"@type":"ListItem","position":1,"name":"Inicio","item":"https:\/\/grupogpps.org\/"},{"@type":"ListItem","position":2,"name":"COP29: Roberto Azevedo aboga por un mercado global de carbono"}]},{"@type":"WebSite","@id":"https:\/\/grupogpps.org\/#website","url":"https:\/\/grupogpps.org\/","name":"GPS","description":"Grupo de pa\u00edses productores del sur","publisher":{"@id":"https:\/\/grupogpps.org\/#organization"},"potentialAction":[{"@type":"SearchAction","target":{"@type":"EntryPoint","urlTemplate":"https:\/\/grupogpps.org\/?s={search_term_string}"},"query-input":{"@type":"PropertyValueSpecification","valueRequired":true,"valueName":"search_term_string"}}],"inLanguage":"pt-BR"},{"@type":"Organization","@id":"https:\/\/grupogpps.org\/#organization","name":"GPS - Grupo de pa\u00edses productores del sur","url":"https:\/\/grupogpps.org\/","logo":{"@type":"ImageObject","inLanguage":"pt-BR","@id":"https:\/\/grupogpps.org\/#\/schema\/logo\/image\/","url":"http:\/\/grupogpps.org\/wp-content\/uploads\/2021\/06\/logoGPS3.svg","contentUrl":"http:\/\/grupogpps.org\/wp-content\/uploads\/2021\/06\/logoGPS3.svg","width":1,"height":1,"caption":"GPS - Grupo de pa\u00edses productores del sur"},"image":{"@id":"https:\/\/grupogpps.org\/#\/schema\/logo\/image\/"},"sameAs":["https:\/\/www.linkedin.com\/company\/25037162\/","https:\/\/x.com\/GPSLatinAmerica","https:\/\/www.instagram.com\/gpslatin\/","https:\/\/www.youtube.com\/channel\/UCM2Qf0jSqNRJRkqmU8dO9QA\/videos"]},{"@type":"Person","@id":"https:\/\/grupogpps.org\/#\/schema\/person\/faaafcd24616dff095821c72659ce41f","name":"GPS GPS","url":"https:\/\/grupogpps.org\/pt\/author\/gps\/"}]}},"_links":{"self":[{"href":"https:\/\/grupogpps.org\/pt\/wp-json\/wp\/v2\/posts\/4880","targetHints":{"allow":["GET"]}}],"collection":[{"href":"https:\/\/grupogpps.org\/pt\/wp-json\/wp\/v2\/posts"}],"about":[{"href":"https:\/\/grupogpps.org\/pt\/wp-json\/wp\/v2\/types\/post"}],"author":[{"embeddable":true,"href":"https:\/\/grupogpps.org\/pt\/wp-json\/wp\/v2\/users\/2"}],"replies":[{"embeddable":true,"href":"https:\/\/grupogpps.org\/pt\/wp-json\/wp\/v2\/comments?post=4880"}],"version-history":[{"count":1,"href":"https:\/\/grupogpps.org\/pt\/wp-json\/wp\/v2\/posts\/4880\/revisions"}],"predecessor-version":[{"id":4883,"href":"https:\/\/grupogpps.org\/pt\/wp-json\/wp\/v2\/posts\/4880\/revisions\/4883"}],"wp:featuredmedia":[{"embeddable":true,"href":"https:\/\/grupogpps.org\/pt\/wp-json\/wp\/v2\/media\/4881"}],"wp:attachment":[{"href":"https:\/\/grupogpps.org\/pt\/wp-json\/wp\/v2\/media?parent=4880"}],"wp:term":[{"taxonomy":"category","embeddable":true,"href":"https:\/\/grupogpps.org\/pt\/wp-json\/wp\/v2\/categories?post=4880"},{"taxonomy":"post_tag","embeddable":true,"href":"https:\/\/grupogpps.org\/pt\/wp-json\/wp\/v2\/tags?post=4880"}],"curies":[{"name":"wp","href":"https:\/\/api.w.org\/{rel}","templated":true}]}}