{"id":4870,"date":"2024-10-24T11:21:46","date_gmt":"2024-10-24T14:21:46","guid":{"rendered":"https:\/\/grupogpps.org\/?p=4870"},"modified":"2024-10-24T11:21:47","modified_gmt":"2024-10-24T14:21:47","slug":"marcelo-regunaga-y-expertos-alertan-sobre-el-impacto-del-neoproteccionismo-en-las-cadenas-globales-y-la-seguridad-alimentaria-en-la-antesala-del-g20","status":"publish","type":"post","link":"https:\/\/grupogpps.org\/pt\/marcelo-regunaga-y-expertos-alertan-sobre-el-impacto-del-neoproteccionismo-en-las-cadenas-globales-y-la-seguridad-alimentaria-en-la-antesala-del-g20\/","title":{"rendered":"Marcelo Reg\u00fanaga e especialistas alertam sobre o impacto do neoprotecionismo nas cadeias globais e na seguran\u00e7a alimentar no per\u00edodo que antecede o G20"},"content":{"rendered":"<p class=\"has-medium-font-size\">No dia 16 de outubro, a Casa do G20 no Rio de Janeiro sediou a confer\u00eancia internacional sobre \"Neoprotecionismo e a Natureza Mut\u00e1vel das Cadeias Globais de Valor: Li\u00e7\u00f5es para o G20\". O evento, coorganizado pela Funda\u00e7\u00e3o Getulio Vargas, a Pontif\u00edcia Universidade Cat\u00f3lica do Rio de Janeiro, o Instituto para as Am\u00e9ricas da Universidade de Georgetown, o Instituto de Estudos Internacionais de Barcelona e a Delega\u00e7\u00e3o do Governo da Catalunha no Brasil, reuniu especialistas e representantes do Grupo de Trabalho T20 sobre Com\u00e9rcio e Investimento para o Desenvolvimento Sustent\u00e1vel e o Crescimento Inclusivo.<\/p>\n\n\n<div class=\"wp-block-image\">\n<figure class=\"alignright size-large is-resized\"><img loading=\"lazy\" decoding=\"async\" width=\"1024\" height=\"576\" src=\"https:\/\/grupogpps.org\/wp-content\/uploads\/2024\/10\/1-1024x576.png\" alt=\"\" class=\"wp-image-4872\" style=\"width:498px;height:auto\" srcset=\"https:\/\/grupogpps.org\/wp-content\/uploads\/2024\/10\/1-1024x576.png 1024w, https:\/\/grupogpps.org\/wp-content\/uploads\/2024\/10\/1-300x169.png 300w, https:\/\/grupogpps.org\/wp-content\/uploads\/2024\/10\/1-768x432.png 768w, https:\/\/grupogpps.org\/wp-content\/uploads\/2024\/10\/1-1536x864.png 1536w, https:\/\/grupogpps.org\/wp-content\/uploads\/2024\/10\/1-18x10.png 18w, https:\/\/grupogpps.org\/wp-content\/uploads\/2024\/10\/1.png 1600w\" sizes=\"auto, (max-width: 1024px) 100vw, 1024px\" \/><\/figure><\/div>\n\n\n<p>Durante o dia, os especialistas destacaram as amea\u00e7as que o desenvolvimento sustent\u00e1vel enfrenta diante do avan\u00e7o do neoprotecionismo. De acordo com os documentos apresentados, o aumento das barreiras comerciais, subs\u00eddios desproporcionais e outras pol\u00edticas restritivas est\u00e3o gerando disrup\u00e7\u00f5es nas cadeias globais de valor, o que impacta negativamente a economia mundial ao causar inefici\u00eancias. Nesse contexto, foram feitas v\u00e1rias recomenda\u00e7\u00f5es para a pr\u00f3xima C\u00fapula dos Presidentes do G20, que tamb\u00e9m acontecer\u00e1 no Rio de Janeiro.<\/p>\n\n\n\n<p>Um dos temas centrais foi a seguran\u00e7a alimentar e as mudan\u00e7as clim\u00e1ticas. O engenheiro agr\u00f4nomo Marcelo Reg\u00fanaga, coordenador do Grupo de Pa\u00edses Produtores do Sul (GPS), apresentou um documento em colabora\u00e7\u00e3o com o Instituto INSPER do Brasil, que foi inclu\u00eddo como uma das propostas t\u00e9cnicas para o T20. Reg\u00fanaga enfatizou que os problemas relacionados \u00e0 seguran\u00e7a alimentar e \u00e0 mudan\u00e7a clim\u00e1tica exigem solu\u00e7\u00f5es globais e n\u00e3o decis\u00f5es unilaterais, como a Resolu\u00e7\u00e3o EUDR 1115 da Uni\u00e3o Europeia sobre desmatamento, uma vez que tais regulamentos n\u00e3o consideram as realidades e a legisla\u00e7\u00e3o dos pa\u00edses do Cone Sul, fundamentais para a seguran\u00e7a alimentar e a transi\u00e7\u00e3o energ\u00e9tica global.<\/p>\n\n\n\n<p>O especialista tamb\u00e9m criticou a falta de consulta pr\u00e9via em f\u00f3runs internacionais, como a Organiza\u00e7\u00e3o Mundial do Com\u00e9rcio (OMC) e a Confer\u00eancia das Partes (COP), antes da implementa\u00e7\u00e3o de tais medidas, argumentando que as restri\u00e7\u00f5es comerciais n\u00e3o apenas geram estouros de custos e inefici\u00eancias nas cadeias de valor, mas tamb\u00e9m encarecem os alimentos e limitam o desenvolvimento dos pa\u00edses exportadores l\u00edquidos de alimentos.  como a Argentina.<\/p>\n\n\n<div class=\"wp-block-image\">\n<figure class=\"alignleft size-large is-resized\"><img loading=\"lazy\" decoding=\"async\" width=\"1024\" height=\"576\" src=\"https:\/\/grupogpps.org\/wp-content\/uploads\/2024\/10\/2-1024x576.png\" alt=\"\" class=\"wp-image-4873\" style=\"width:528px;height:auto\" srcset=\"https:\/\/grupogpps.org\/wp-content\/uploads\/2024\/10\/2-1024x576.png 1024w, https:\/\/grupogpps.org\/wp-content\/uploads\/2024\/10\/2-300x169.png 300w, https:\/\/grupogpps.org\/wp-content\/uploads\/2024\/10\/2-768x432.png 768w, https:\/\/grupogpps.org\/wp-content\/uploads\/2024\/10\/2-1536x864.png 1536w, https:\/\/grupogpps.org\/wp-content\/uploads\/2024\/10\/2-18x10.png 18w, https:\/\/grupogpps.org\/wp-content\/uploads\/2024\/10\/2.png 1600w\" sizes=\"auto, (max-width: 1024px) 100vw, 1024px\" \/><\/figure><\/div>\n\n\n<p>Em rela\u00e7\u00e3o \u00e0 agricultura e \u00e0s mudan\u00e7as clim\u00e1ticas, Reg\u00fanaga destacou o papel crucial da agricultura no sequestro de carbono. \"A agricultura \u00e9 o \u00fanico setor econ\u00f4mico capaz de sequestrar carbono, o que \u00e9 fundamental para mitigar as mudan\u00e7as clim\u00e1ticas\", disse ele. Ele tamb\u00e9m criticou as barreiras ao com\u00e9rcio agr\u00edcola, insistindo na necessidade de incentivos que promovam a ado\u00e7\u00e3o de pr\u00e1ticas agron\u00f4micas e tecnol\u00f3gicas sustent\u00e1veis pelos agricultores. Por fim, as recomenda\u00e7\u00f5es apresentadas na confer\u00eancia para o G20 inclu\u00edram: a promo\u00e7\u00e3o de acordos multilaterais, a revitaliza\u00e7\u00e3o da OMC, o compromisso com a abertura de mercados, a redu\u00e7\u00e3o das restri\u00e7\u00f5es comerciais e a ado\u00e7\u00e3o de medidas baseadas em evid\u00eancias cient\u00edficas. Apelou igualmente a um di\u00e1logo global construtivo para incentivar a produ\u00e7\u00e3o sustent\u00e1vel atrav\u00e9s de incentivos, em vez de barreiras comerciais.<\/p>\n\n\n\n<p><\/p>","protected":false},"excerpt":{"rendered":"<p>El 16 de octubre, la Casa del G20 en R\u00edo de Janeiro fue escenario de la conferencia internacional sobre \u201cNeoproteccionismo y la naturaleza cambiante de las cadenas globales de valor: lecciones para el G20\u201d. El evento, coorganizado por la Fundaci\u00f3n Getulio Vargas, la Universidad Cat\u00f3lica de R\u00edo de Janeiro, el Instituto para las Am\u00e9ricas de [&hellip;]<\/p>","protected":false},"author":2,"featured_media":4874,"comment_status":"open","ping_status":"closed","sticky":false,"template":"","format":"standard","meta":{"footnotes":""},"categories":[19,58,25,23],"tags":[],"class_list":["post-4870","post","type-post","status-publish","format-standard","has-post-thumbnail","hentry","category-actividades","category-eventos","category-home","category-novedades"],"yoast_head":"<!-- This site is optimized with the Yoast SEO plugin v26.8 - https:\/\/yoast.com\/product\/yoast-seo-wordpress\/ -->\n<title>Marcelo Reg\u00fanaga y expertos alertan sobre el impacto del neoproteccionismo en las cadenas globales y la seguridad alimentaria en la antesala del G20 - GPS<\/title>\n<meta name=\"robots\" content=\"index, follow, max-snippet:-1, max-image-preview:large, max-video-preview:-1\" \/>\n<link rel=\"canonical\" href=\"https:\/\/grupogpps.org\/pt\/marcelo-regunaga-y-expertos-alertan-sobre-el-impacto-del-neoproteccionismo-en-las-cadenas-globales-y-la-seguridad-alimentaria-en-la-antesala-del-g20\/\" \/>\n<meta property=\"og:locale\" content=\"pt_BR\" \/>\n<meta property=\"og:type\" content=\"article\" \/>\n<meta property=\"og:title\" content=\"Marcelo Reg\u00fanaga y expertos alertan sobre el impacto del neoproteccionismo en las cadenas globales y la seguridad alimentaria en la antesala del G20 - GPS\" \/>\n<meta property=\"og:description\" content=\"El 16 de octubre, la Casa del G20 en R\u00edo de Janeiro fue escenario de la conferencia internacional sobre \u201cNeoproteccionismo y la naturaleza cambiante de las cadenas globales de valor: lecciones para el G20\u201d. El evento, coorganizado por la Fundaci\u00f3n Getulio Vargas, la Universidad Cat\u00f3lica de R\u00edo de Janeiro, el Instituto para las Am\u00e9ricas de [&hellip;]\" \/>\n<meta property=\"og:url\" content=\"https:\/\/grupogpps.org\/pt\/marcelo-regunaga-y-expertos-alertan-sobre-el-impacto-del-neoproteccionismo-en-las-cadenas-globales-y-la-seguridad-alimentaria-en-la-antesala-del-g20\/\" \/>\n<meta property=\"og:site_name\" content=\"GPS\" \/>\n<meta property=\"article:publisher\" content=\"https:\/\/www.linkedin.com\/company\/25037162\/\" \/>\n<meta property=\"article:published_time\" content=\"2024-10-24T14:21:46+00:00\" \/>\n<meta property=\"article:modified_time\" content=\"2024-10-24T14:21:47+00:00\" \/>\n<meta property=\"og:image\" content=\"http:\/\/grupogpps.org\/wp-content\/uploads\/2024\/10\/3.jpeg\" \/>\n\t<meta property=\"og:image:width\" content=\"1600\" \/>\n\t<meta property=\"og:image:height\" content=\"1200\" \/>\n\t<meta property=\"og:image:type\" content=\"image\/jpeg\" \/>\n<meta name=\"author\" content=\"GPS GPS\" \/>\n<meta name=\"twitter:card\" content=\"summary_large_image\" \/>\n<meta name=\"twitter:creator\" content=\"@GPSLatinAmerica\" \/>\n<meta name=\"twitter:site\" content=\"@GPSLatinAmerica\" \/>\n<meta name=\"twitter:label1\" content=\"Escrito por\" \/>\n\t<meta name=\"twitter:data1\" content=\"GPS GPS\" \/>\n\t<meta name=\"twitter:label2\" content=\"Est. tempo de leitura\" \/>\n\t<meta name=\"twitter:data2\" content=\"3 minutos\" \/>\n<script type=\"application\/ld+json\" class=\"yoast-schema-graph\">{\"@context\":\"https:\/\/schema.org\",\"@graph\":[{\"@type\":\"Article\",\"@id\":\"https:\/\/grupogpps.org\/marcelo-regunaga-y-expertos-alertan-sobre-el-impacto-del-neoproteccionismo-en-las-cadenas-globales-y-la-seguridad-alimentaria-en-la-antesala-del-g20\/#article\",\"isPartOf\":{\"@id\":\"https:\/\/grupogpps.org\/marcelo-regunaga-y-expertos-alertan-sobre-el-impacto-del-neoproteccionismo-en-las-cadenas-globales-y-la-seguridad-alimentaria-en-la-antesala-del-g20\/\"},\"author\":{\"name\":\"GPS GPS\",\"@id\":\"https:\/\/grupogpps.org\/#\/schema\/person\/faaafcd24616dff095821c72659ce41f\"},\"headline\":\"Marcelo Reg\u00fanaga y expertos alertan sobre el impacto del neoproteccionismo en las cadenas globales y la seguridad alimentaria en la antesala del G20\",\"datePublished\":\"2024-10-24T14:21:46+00:00\",\"dateModified\":\"2024-10-24T14:21:47+00:00\",\"mainEntityOfPage\":{\"@id\":\"https:\/\/grupogpps.org\/marcelo-regunaga-y-expertos-alertan-sobre-el-impacto-del-neoproteccionismo-en-las-cadenas-globales-y-la-seguridad-alimentaria-en-la-antesala-del-g20\/\"},\"wordCount\":565,\"commentCount\":0,\"publisher\":{\"@id\":\"https:\/\/grupogpps.org\/#organization\"},\"image\":{\"@id\":\"https:\/\/grupogpps.org\/marcelo-regunaga-y-expertos-alertan-sobre-el-impacto-del-neoproteccionismo-en-las-cadenas-globales-y-la-seguridad-alimentaria-en-la-antesala-del-g20\/#primaryimage\"},\"thumbnailUrl\":\"https:\/\/grupogpps.org\/wp-content\/uploads\/2024\/10\/3.jpeg\",\"articleSection\":[\"Actividades\",\"Eventos\",\"Home\",\"Novedades\"],\"inLanguage\":\"pt-BR\",\"potentialAction\":[{\"@type\":\"CommentAction\",\"name\":\"Comment\",\"target\":[\"https:\/\/grupogpps.org\/marcelo-regunaga-y-expertos-alertan-sobre-el-impacto-del-neoproteccionismo-en-las-cadenas-globales-y-la-seguridad-alimentaria-en-la-antesala-del-g20\/#respond\"]}]},{\"@type\":\"WebPage\",\"@id\":\"https:\/\/grupogpps.org\/marcelo-regunaga-y-expertos-alertan-sobre-el-impacto-del-neoproteccionismo-en-las-cadenas-globales-y-la-seguridad-alimentaria-en-la-antesala-del-g20\/\",\"url\":\"https:\/\/grupogpps.org\/marcelo-regunaga-y-expertos-alertan-sobre-el-impacto-del-neoproteccionismo-en-las-cadenas-globales-y-la-seguridad-alimentaria-en-la-antesala-del-g20\/\",\"name\":\"Marcelo Reg\u00fanaga y expertos alertan sobre el impacto del neoproteccionismo en las cadenas globales y la seguridad alimentaria en la antesala del G20 - GPS\",\"isPartOf\":{\"@id\":\"https:\/\/grupogpps.org\/#website\"},\"primaryImageOfPage\":{\"@id\":\"https:\/\/grupogpps.org\/marcelo-regunaga-y-expertos-alertan-sobre-el-impacto-del-neoproteccionismo-en-las-cadenas-globales-y-la-seguridad-alimentaria-en-la-antesala-del-g20\/#primaryimage\"},\"image\":{\"@id\":\"https:\/\/grupogpps.org\/marcelo-regunaga-y-expertos-alertan-sobre-el-impacto-del-neoproteccionismo-en-las-cadenas-globales-y-la-seguridad-alimentaria-en-la-antesala-del-g20\/#primaryimage\"},\"thumbnailUrl\":\"https:\/\/grupogpps.org\/wp-content\/uploads\/2024\/10\/3.jpeg\",\"datePublished\":\"2024-10-24T14:21:46+00:00\",\"dateModified\":\"2024-10-24T14:21:47+00:00\",\"breadcrumb\":{\"@id\":\"https:\/\/grupogpps.org\/marcelo-regunaga-y-expertos-alertan-sobre-el-impacto-del-neoproteccionismo-en-las-cadenas-globales-y-la-seguridad-alimentaria-en-la-antesala-del-g20\/#breadcrumb\"},\"inLanguage\":\"pt-BR\",\"potentialAction\":[{\"@type\":\"ReadAction\",\"target\":[\"https:\/\/grupogpps.org\/marcelo-regunaga-y-expertos-alertan-sobre-el-impacto-del-neoproteccionismo-en-las-cadenas-globales-y-la-seguridad-alimentaria-en-la-antesala-del-g20\/\"]}]},{\"@type\":\"ImageObject\",\"inLanguage\":\"pt-BR\",\"@id\":\"https:\/\/grupogpps.org\/marcelo-regunaga-y-expertos-alertan-sobre-el-impacto-del-neoproteccionismo-en-las-cadenas-globales-y-la-seguridad-alimentaria-en-la-antesala-del-g20\/#primaryimage\",\"url\":\"https:\/\/grupogpps.org\/wp-content\/uploads\/2024\/10\/3.jpeg\",\"contentUrl\":\"https:\/\/grupogpps.org\/wp-content\/uploads\/2024\/10\/3.jpeg\",\"width\":1600,\"height\":1200},{\"@type\":\"BreadcrumbList\",\"@id\":\"https:\/\/grupogpps.org\/marcelo-regunaga-y-expertos-alertan-sobre-el-impacto-del-neoproteccionismo-en-las-cadenas-globales-y-la-seguridad-alimentaria-en-la-antesala-del-g20\/#breadcrumb\",\"itemListElement\":[{\"@type\":\"ListItem\",\"position\":1,\"name\":\"Inicio\",\"item\":\"https:\/\/grupogpps.org\/\"},{\"@type\":\"ListItem\",\"position\":2,\"name\":\"Marcelo Reg\u00fanaga y expertos alertan sobre el impacto del neoproteccionismo en las cadenas globales y la seguridad alimentaria en la antesala del G20\"}]},{\"@type\":\"WebSite\",\"@id\":\"https:\/\/grupogpps.org\/#website\",\"url\":\"https:\/\/grupogpps.org\/\",\"name\":\"GPS\",\"description\":\"Grupo de pa\u00edses productores del sur\",\"publisher\":{\"@id\":\"https:\/\/grupogpps.org\/#organization\"},\"potentialAction\":[{\"@type\":\"SearchAction\",\"target\":{\"@type\":\"EntryPoint\",\"urlTemplate\":\"https:\/\/grupogpps.org\/?s={search_term_string}\"},\"query-input\":{\"@type\":\"PropertyValueSpecification\",\"valueRequired\":true,\"valueName\":\"search_term_string\"}}],\"inLanguage\":\"pt-BR\"},{\"@type\":\"Organization\",\"@id\":\"https:\/\/grupogpps.org\/#organization\",\"name\":\"GPS - Grupo de pa\u00edses productores del sur\",\"url\":\"https:\/\/grupogpps.org\/\",\"logo\":{\"@type\":\"ImageObject\",\"inLanguage\":\"pt-BR\",\"@id\":\"https:\/\/grupogpps.org\/#\/schema\/logo\/image\/\",\"url\":\"http:\/\/grupogpps.org\/wp-content\/uploads\/2021\/06\/logoGPS3.svg\",\"contentUrl\":\"http:\/\/grupogpps.org\/wp-content\/uploads\/2021\/06\/logoGPS3.svg\",\"width\":1,\"height\":1,\"caption\":\"GPS - Grupo de pa\u00edses productores del sur\"},\"image\":{\"@id\":\"https:\/\/grupogpps.org\/#\/schema\/logo\/image\/\"},\"sameAs\":[\"https:\/\/www.linkedin.com\/company\/25037162\/\",\"https:\/\/x.com\/GPSLatinAmerica\",\"https:\/\/www.instagram.com\/gpslatin\/\",\"https:\/\/www.youtube.com\/channel\/UCM2Qf0jSqNRJRkqmU8dO9QA\/videos\"]},{\"@type\":\"Person\",\"@id\":\"https:\/\/grupogpps.org\/#\/schema\/person\/faaafcd24616dff095821c72659ce41f\",\"name\":\"GPS GPS\",\"url\":\"https:\/\/grupogpps.org\/pt\/author\/gps\/\"}]}<\/script>\n<!-- \/ Yoast SEO plugin. -->","yoast_head_json":{"title":"Marcelo Reg\u00fanaga y expertos alertan sobre el impacto del neoproteccionismo en las cadenas globales y la seguridad alimentaria en la antesala del G20 - GPS","robots":{"index":"index","follow":"follow","max-snippet":"max-snippet:-1","max-image-preview":"max-image-preview:large","max-video-preview":"max-video-preview:-1"},"canonical":"https:\/\/grupogpps.org\/pt\/marcelo-regunaga-y-expertos-alertan-sobre-el-impacto-del-neoproteccionismo-en-las-cadenas-globales-y-la-seguridad-alimentaria-en-la-antesala-del-g20\/","og_locale":"pt_BR","og_type":"article","og_title":"Marcelo Reg\u00fanaga y expertos alertan sobre el impacto del neoproteccionismo en las cadenas globales y la seguridad alimentaria en la antesala del G20 - GPS","og_description":"El 16 de octubre, la Casa del G20 en R\u00edo de Janeiro fue escenario de la conferencia internacional sobre \u201cNeoproteccionismo y la naturaleza cambiante de las cadenas globales de valor: lecciones para el G20\u201d. El evento, coorganizado por la Fundaci\u00f3n Getulio Vargas, la Universidad Cat\u00f3lica de R\u00edo de Janeiro, el Instituto para las Am\u00e9ricas de [&hellip;]","og_url":"https:\/\/grupogpps.org\/pt\/marcelo-regunaga-y-expertos-alertan-sobre-el-impacto-del-neoproteccionismo-en-las-cadenas-globales-y-la-seguridad-alimentaria-en-la-antesala-del-g20\/","og_site_name":"GPS","article_publisher":"https:\/\/www.linkedin.com\/company\/25037162\/","article_published_time":"2024-10-24T14:21:46+00:00","article_modified_time":"2024-10-24T14:21:47+00:00","og_image":[{"width":1600,"height":1200,"url":"http:\/\/grupogpps.org\/wp-content\/uploads\/2024\/10\/3.jpeg","type":"image\/jpeg"}],"author":"GPS GPS","twitter_card":"summary_large_image","twitter_creator":"@GPSLatinAmerica","twitter_site":"@GPSLatinAmerica","twitter_misc":{"Escrito por":"GPS GPS","Est. tempo de leitura":"3 minutos"},"schema":{"@context":"https:\/\/schema.org","@graph":[{"@type":"Article","@id":"https:\/\/grupogpps.org\/marcelo-regunaga-y-expertos-alertan-sobre-el-impacto-del-neoproteccionismo-en-las-cadenas-globales-y-la-seguridad-alimentaria-en-la-antesala-del-g20\/#article","isPartOf":{"@id":"https:\/\/grupogpps.org\/marcelo-regunaga-y-expertos-alertan-sobre-el-impacto-del-neoproteccionismo-en-las-cadenas-globales-y-la-seguridad-alimentaria-en-la-antesala-del-g20\/"},"author":{"name":"GPS GPS","@id":"https:\/\/grupogpps.org\/#\/schema\/person\/faaafcd24616dff095821c72659ce41f"},"headline":"Marcelo Reg\u00fanaga y expertos alertan sobre el impacto del neoproteccionismo en las cadenas globales y la seguridad alimentaria en la antesala del G20","datePublished":"2024-10-24T14:21:46+00:00","dateModified":"2024-10-24T14:21:47+00:00","mainEntityOfPage":{"@id":"https:\/\/grupogpps.org\/marcelo-regunaga-y-expertos-alertan-sobre-el-impacto-del-neoproteccionismo-en-las-cadenas-globales-y-la-seguridad-alimentaria-en-la-antesala-del-g20\/"},"wordCount":565,"commentCount":0,"publisher":{"@id":"https:\/\/grupogpps.org\/#organization"},"image":{"@id":"https:\/\/grupogpps.org\/marcelo-regunaga-y-expertos-alertan-sobre-el-impacto-del-neoproteccionismo-en-las-cadenas-globales-y-la-seguridad-alimentaria-en-la-antesala-del-g20\/#primaryimage"},"thumbnailUrl":"https:\/\/grupogpps.org\/wp-content\/uploads\/2024\/10\/3.jpeg","articleSection":["Actividades","Eventos","Home","Novedades"],"inLanguage":"pt-BR","potentialAction":[{"@type":"CommentAction","name":"Comment","target":["https:\/\/grupogpps.org\/marcelo-regunaga-y-expertos-alertan-sobre-el-impacto-del-neoproteccionismo-en-las-cadenas-globales-y-la-seguridad-alimentaria-en-la-antesala-del-g20\/#respond"]}]},{"@type":"WebPage","@id":"https:\/\/grupogpps.org\/marcelo-regunaga-y-expertos-alertan-sobre-el-impacto-del-neoproteccionismo-en-las-cadenas-globales-y-la-seguridad-alimentaria-en-la-antesala-del-g20\/","url":"https:\/\/grupogpps.org\/marcelo-regunaga-y-expertos-alertan-sobre-el-impacto-del-neoproteccionismo-en-las-cadenas-globales-y-la-seguridad-alimentaria-en-la-antesala-del-g20\/","name":"Marcelo Reg\u00fanaga y expertos alertan sobre el impacto del neoproteccionismo en las cadenas globales y la seguridad alimentaria en la antesala del G20 - GPS","isPartOf":{"@id":"https:\/\/grupogpps.org\/#website"},"primaryImageOfPage":{"@id":"https:\/\/grupogpps.org\/marcelo-regunaga-y-expertos-alertan-sobre-el-impacto-del-neoproteccionismo-en-las-cadenas-globales-y-la-seguridad-alimentaria-en-la-antesala-del-g20\/#primaryimage"},"image":{"@id":"https:\/\/grupogpps.org\/marcelo-regunaga-y-expertos-alertan-sobre-el-impacto-del-neoproteccionismo-en-las-cadenas-globales-y-la-seguridad-alimentaria-en-la-antesala-del-g20\/#primaryimage"},"thumbnailUrl":"https:\/\/grupogpps.org\/wp-content\/uploads\/2024\/10\/3.jpeg","datePublished":"2024-10-24T14:21:46+00:00","dateModified":"2024-10-24T14:21:47+00:00","breadcrumb":{"@id":"https:\/\/grupogpps.org\/marcelo-regunaga-y-expertos-alertan-sobre-el-impacto-del-neoproteccionismo-en-las-cadenas-globales-y-la-seguridad-alimentaria-en-la-antesala-del-g20\/#breadcrumb"},"inLanguage":"pt-BR","potentialAction":[{"@type":"ReadAction","target":["https:\/\/grupogpps.org\/marcelo-regunaga-y-expertos-alertan-sobre-el-impacto-del-neoproteccionismo-en-las-cadenas-globales-y-la-seguridad-alimentaria-en-la-antesala-del-g20\/"]}]},{"@type":"ImageObject","inLanguage":"pt-BR","@id":"https:\/\/grupogpps.org\/marcelo-regunaga-y-expertos-alertan-sobre-el-impacto-del-neoproteccionismo-en-las-cadenas-globales-y-la-seguridad-alimentaria-en-la-antesala-del-g20\/#primaryimage","url":"https:\/\/grupogpps.org\/wp-content\/uploads\/2024\/10\/3.jpeg","contentUrl":"https:\/\/grupogpps.org\/wp-content\/uploads\/2024\/10\/3.jpeg","width":1600,"height":1200},{"@type":"BreadcrumbList","@id":"https:\/\/grupogpps.org\/marcelo-regunaga-y-expertos-alertan-sobre-el-impacto-del-neoproteccionismo-en-las-cadenas-globales-y-la-seguridad-alimentaria-en-la-antesala-del-g20\/#breadcrumb","itemListElement":[{"@type":"ListItem","position":1,"name":"Inicio","item":"https:\/\/grupogpps.org\/"},{"@type":"ListItem","position":2,"name":"Marcelo Reg\u00fanaga y expertos alertan sobre el impacto del neoproteccionismo en las cadenas globales y la seguridad alimentaria en la antesala del G20"}]},{"@type":"WebSite","@id":"https:\/\/grupogpps.org\/#website","url":"https:\/\/grupogpps.org\/","name":"GPS","description":"Grupo de pa\u00edses productores del sur","publisher":{"@id":"https:\/\/grupogpps.org\/#organization"},"potentialAction":[{"@type":"SearchAction","target":{"@type":"EntryPoint","urlTemplate":"https:\/\/grupogpps.org\/?s={search_term_string}"},"query-input":{"@type":"PropertyValueSpecification","valueRequired":true,"valueName":"search_term_string"}}],"inLanguage":"pt-BR"},{"@type":"Organization","@id":"https:\/\/grupogpps.org\/#organization","name":"GPS - Grupo de pa\u00edses productores del sur","url":"https:\/\/grupogpps.org\/","logo":{"@type":"ImageObject","inLanguage":"pt-BR","@id":"https:\/\/grupogpps.org\/#\/schema\/logo\/image\/","url":"http:\/\/grupogpps.org\/wp-content\/uploads\/2021\/06\/logoGPS3.svg","contentUrl":"http:\/\/grupogpps.org\/wp-content\/uploads\/2021\/06\/logoGPS3.svg","width":1,"height":1,"caption":"GPS - Grupo de pa\u00edses productores del sur"},"image":{"@id":"https:\/\/grupogpps.org\/#\/schema\/logo\/image\/"},"sameAs":["https:\/\/www.linkedin.com\/company\/25037162\/","https:\/\/x.com\/GPSLatinAmerica","https:\/\/www.instagram.com\/gpslatin\/","https:\/\/www.youtube.com\/channel\/UCM2Qf0jSqNRJRkqmU8dO9QA\/videos"]},{"@type":"Person","@id":"https:\/\/grupogpps.org\/#\/schema\/person\/faaafcd24616dff095821c72659ce41f","name":"GPS GPS","url":"https:\/\/grupogpps.org\/pt\/author\/gps\/"}]}},"_links":{"self":[{"href":"https:\/\/grupogpps.org\/pt\/wp-json\/wp\/v2\/posts\/4870","targetHints":{"allow":["GET"]}}],"collection":[{"href":"https:\/\/grupogpps.org\/pt\/wp-json\/wp\/v2\/posts"}],"about":[{"href":"https:\/\/grupogpps.org\/pt\/wp-json\/wp\/v2\/types\/post"}],"author":[{"embeddable":true,"href":"https:\/\/grupogpps.org\/pt\/wp-json\/wp\/v2\/users\/2"}],"replies":[{"embeddable":true,"href":"https:\/\/grupogpps.org\/pt\/wp-json\/wp\/v2\/comments?post=4870"}],"version-history":[{"count":1,"href":"https:\/\/grupogpps.org\/pt\/wp-json\/wp\/v2\/posts\/4870\/revisions"}],"predecessor-version":[{"id":4875,"href":"https:\/\/grupogpps.org\/pt\/wp-json\/wp\/v2\/posts\/4870\/revisions\/4875"}],"wp:featuredmedia":[{"embeddable":true,"href":"https:\/\/grupogpps.org\/pt\/wp-json\/wp\/v2\/media\/4874"}],"wp:attachment":[{"href":"https:\/\/grupogpps.org\/pt\/wp-json\/wp\/v2\/media?parent=4870"}],"wp:term":[{"taxonomy":"category","embeddable":true,"href":"https:\/\/grupogpps.org\/pt\/wp-json\/wp\/v2\/categories?post=4870"},{"taxonomy":"post_tag","embeddable":true,"href":"https:\/\/grupogpps.org\/pt\/wp-json\/wp\/v2\/tags?post=4870"}],"curies":[{"name":"wp","href":"https:\/\/api.w.org\/{rel}","templated":true}]}}