{"id":4778,"date":"2024-08-30T15:40:10","date_gmt":"2024-08-30T18:40:10","guid":{"rendered":"https:\/\/grupogpps.org\/?p=4778"},"modified":"2024-08-30T15:40:12","modified_gmt":"2024-08-30T18:40:12","slug":"eduardo-serantes-se-despide-de-la-coordinacion-del-gps-argentina-tras-12-anos-alberto-morelli-asume-el-liderazgo","status":"publish","type":"post","link":"https:\/\/grupogpps.org\/pt\/eduardo-serantes-se-despide-de-la-coordinacion-del-gps-argentina-tras-12-anos-alberto-morelli-asume-el-liderazgo\/","title":{"rendered":"Eduardo Serantes se despide de la coordinaci\u00f3n del GPS Argentina tras 12 a\u00f1os; Alberto Morelli asume el liderazgo"},"content":{"rendered":"<p class=\"has-medium-font-size\"><\/p>\n\n\n\n<p>Durante la reuni\u00f3n del Foro Institucional GPS Argentina Foros, llevada a cabo el 28 de agosto, se despidi\u00f3 de la coordinaci\u00f3n de la red de GPS en Argentina el ingeniero Eduardo Serantes despu\u00e9s de 12 a\u00f1os.<\/p>\n\n\n\n<p>Serantes, durante su gesti\u00f3n como coordinador en Argentina -y luego Coordinador General-, Serantes trabaj\u00f3 en la producci\u00f3n de ideas y documentos destinados a instituciones y de esta manera contribuir con la unificaci\u00f3n de posiciones comunes\u00a0en Argentina y la Regi\u00f3n\u00a0frente a los cambios tecnol\u00f3gicos, geopol\u00edticos y ambientales que inciden en el comercio y el desarrollo agroindustrial.<\/p>\n\n\n<div class=\"wp-block-image\">\n<figure class=\"aligncenter size-large is-resized\"><img loading=\"lazy\" decoding=\"async\" width=\"1024\" height=\"768\" src=\"https:\/\/grupogpps.org\/wp-content\/uploads\/2024\/08\/foro2-1024x768.jpeg\" alt=\"\" class=\"wp-image-4780\" style=\"width:597px;height:auto\" srcset=\"https:\/\/grupogpps.org\/wp-content\/uploads\/2024\/08\/foro2-1024x768.jpeg 1024w, https:\/\/grupogpps.org\/wp-content\/uploads\/2024\/08\/foro2-300x225.jpeg 300w, https:\/\/grupogpps.org\/wp-content\/uploads\/2024\/08\/foro2-768x576.jpeg 768w, https:\/\/grupogpps.org\/wp-content\/uploads\/2024\/08\/foro2-1536x1152.jpeg 1536w, https:\/\/grupogpps.org\/wp-content\/uploads\/2024\/08\/foro2-16x12.jpeg 16w, https:\/\/grupogpps.org\/wp-content\/uploads\/2024\/08\/foro2.jpeg 1600w\" sizes=\"auto, (max-width: 1024px) 100vw, 1024px\" \/><\/figure><\/div>\n\n\n<p>Asimismo, la red tiene el agrado de dar la bienvenida a Alberto Morelli quien estar\u00e1 frente a la coordinaci\u00f3n del GPS en Argentina. Morelli es ingeniero agr\u00f3nomo, productor y responsable de la administraci\u00f3n de empresas agropecuarias y agroindustriales; ha sido presidente de Maizar y tuvo tambi\u00e9n la responsabilidad de fundar Maizall, organizaci\u00f3n que coordina instituciones de ma\u00edz de Estados Unidos, Brasil y Argentina.<\/p>\n\n\n\n<p>De igual forma, seguiremos contando con el apoyo y la experiencia de Eduardo Serantes ahora como miembro de la red que conforman al GPS.<\/p>\n\n\n\n<p><\/p>","protected":false},"excerpt":{"rendered":"<p>Durante la reuni\u00f3n del Foro Institucional GPS Argentina Foros, llevada a cabo el 28 de agosto, se despidi\u00f3 de la coordinaci\u00f3n de la red de GPS en Argentina el ingeniero Eduardo Serantes despu\u00e9s de 12 a\u00f1os. Serantes, durante su gesti\u00f3n como coordinador en Argentina -y luego Coordinador General-, Serantes trabaj\u00f3 en la producci\u00f3n de ideas [&hellip;]<\/p>","protected":false},"author":2,"featured_media":4779,"comment_status":"open","ping_status":"closed","sticky":false,"template":"","format":"standard","meta":{"footnotes":""},"categories":[19,58,25,23],"tags":[],"class_list":["post-4778","post","type-post","status-publish","format-standard","has-post-thumbnail","hentry","category-actividades","category-eventos","category-home","category-novedades"],"yoast_head":"<!-- This site is optimized with the Yoast SEO plugin v26.8 - https:\/\/yoast.com\/product\/yoast-seo-wordpress\/ -->\n<title>Eduardo Serantes se despide de la coordinaci\u00f3n del GPS Argentina tras 12 a\u00f1os; Alberto Morelli asume el liderazgo - GPS<\/title>\n<meta name=\"robots\" content=\"index, follow, max-snippet:-1, max-image-preview:large, max-video-preview:-1\" \/>\n<link rel=\"canonical\" href=\"https:\/\/grupogpps.org\/pt\/eduardo-serantes-se-despide-de-la-coordinacion-del-gps-argentina-tras-12-anos-alberto-morelli-asume-el-liderazgo\/\" \/>\n<meta property=\"og:locale\" content=\"pt_BR\" \/>\n<meta property=\"og:type\" content=\"article\" \/>\n<meta property=\"og:title\" content=\"Eduardo Serantes se despide de la coordinaci\u00f3n del GPS Argentina tras 12 a\u00f1os; Alberto Morelli asume el liderazgo - GPS\" \/>\n<meta property=\"og:description\" content=\"Durante la reuni\u00f3n del Foro Institucional GPS Argentina Foros, llevada a cabo el 28 de agosto, se despidi\u00f3 de la coordinaci\u00f3n de la red de GPS en Argentina el ingeniero Eduardo Serantes despu\u00e9s de 12 a\u00f1os. Serantes, durante su gesti\u00f3n como coordinador en Argentina -y luego Coordinador General-, Serantes trabaj\u00f3 en la producci\u00f3n de ideas [&hellip;]\" \/>\n<meta property=\"og:url\" content=\"https:\/\/grupogpps.org\/pt\/eduardo-serantes-se-despide-de-la-coordinacion-del-gps-argentina-tras-12-anos-alberto-morelli-asume-el-liderazgo\/\" \/>\n<meta property=\"og:site_name\" content=\"GPS\" \/>\n<meta property=\"article:publisher\" content=\"https:\/\/www.linkedin.com\/company\/25037162\/\" \/>\n<meta property=\"article:published_time\" content=\"2024-08-30T18:40:10+00:00\" \/>\n<meta property=\"article:modified_time\" content=\"2024-08-30T18:40:12+00:00\" \/>\n<meta property=\"og:image\" content=\"http:\/\/grupogpps.org\/wp-content\/uploads\/2024\/08\/foro1.jpeg\" \/>\n\t<meta property=\"og:image:width\" content=\"1600\" \/>\n\t<meta property=\"og:image:height\" content=\"1200\" \/>\n\t<meta property=\"og:image:type\" content=\"image\/jpeg\" \/>\n<meta name=\"author\" content=\"GPS GPS\" \/>\n<meta name=\"twitter:card\" content=\"summary_large_image\" \/>\n<meta name=\"twitter:creator\" content=\"@GPSLatinAmerica\" \/>\n<meta name=\"twitter:site\" content=\"@GPSLatinAmerica\" \/>\n<meta name=\"twitter:label1\" content=\"Escrito por\" \/>\n\t<meta name=\"twitter:data1\" content=\"GPS GPS\" \/>\n\t<meta name=\"twitter:label2\" content=\"Est. tempo de leitura\" \/>\n\t<meta name=\"twitter:data2\" content=\"2 minutos\" \/>\n<script type=\"application\/ld+json\" class=\"yoast-schema-graph\">{\"@context\":\"https:\/\/schema.org\",\"@graph\":[{\"@type\":\"Article\",\"@id\":\"https:\/\/grupogpps.org\/eduardo-serantes-se-despide-de-la-coordinacion-del-gps-argentina-tras-12-anos-alberto-morelli-asume-el-liderazgo\/#article\",\"isPartOf\":{\"@id\":\"https:\/\/grupogpps.org\/eduardo-serantes-se-despide-de-la-coordinacion-del-gps-argentina-tras-12-anos-alberto-morelli-asume-el-liderazgo\/\"},\"author\":{\"name\":\"GPS GPS\",\"@id\":\"https:\/\/grupogpps.org\/#\/schema\/person\/faaafcd24616dff095821c72659ce41f\"},\"headline\":\"Eduardo Serantes se despide de la coordinaci\u00f3n del GPS Argentina tras 12 a\u00f1os; Alberto Morelli asume el liderazgo\",\"datePublished\":\"2024-08-30T18:40:10+00:00\",\"dateModified\":\"2024-08-30T18:40:12+00:00\",\"mainEntityOfPage\":{\"@id\":\"https:\/\/grupogpps.org\/eduardo-serantes-se-despide-de-la-coordinacion-del-gps-argentina-tras-12-anos-alberto-morelli-asume-el-liderazgo\/\"},\"wordCount\":213,\"commentCount\":0,\"publisher\":{\"@id\":\"https:\/\/grupogpps.org\/#organization\"},\"image\":{\"@id\":\"https:\/\/grupogpps.org\/eduardo-serantes-se-despide-de-la-coordinacion-del-gps-argentina-tras-12-anos-alberto-morelli-asume-el-liderazgo\/#primaryimage\"},\"thumbnailUrl\":\"https:\/\/grupogpps.org\/wp-content\/uploads\/2024\/08\/foro1.jpeg\",\"articleSection\":[\"Actividades\",\"Eventos\",\"Home\",\"Novedades\"],\"inLanguage\":\"pt-BR\",\"potentialAction\":[{\"@type\":\"CommentAction\",\"name\":\"Comment\",\"target\":[\"https:\/\/grupogpps.org\/eduardo-serantes-se-despide-de-la-coordinacion-del-gps-argentina-tras-12-anos-alberto-morelli-asume-el-liderazgo\/#respond\"]}]},{\"@type\":\"WebPage\",\"@id\":\"https:\/\/grupogpps.org\/eduardo-serantes-se-despide-de-la-coordinacion-del-gps-argentina-tras-12-anos-alberto-morelli-asume-el-liderazgo\/\",\"url\":\"https:\/\/grupogpps.org\/eduardo-serantes-se-despide-de-la-coordinacion-del-gps-argentina-tras-12-anos-alberto-morelli-asume-el-liderazgo\/\",\"name\":\"Eduardo Serantes se despide de la coordinaci\u00f3n del GPS Argentina tras 12 a\u00f1os; Alberto Morelli asume el liderazgo - GPS\",\"isPartOf\":{\"@id\":\"https:\/\/grupogpps.org\/#website\"},\"primaryImageOfPage\":{\"@id\":\"https:\/\/grupogpps.org\/eduardo-serantes-se-despide-de-la-coordinacion-del-gps-argentina-tras-12-anos-alberto-morelli-asume-el-liderazgo\/#primaryimage\"},\"image\":{\"@id\":\"https:\/\/grupogpps.org\/eduardo-serantes-se-despide-de-la-coordinacion-del-gps-argentina-tras-12-anos-alberto-morelli-asume-el-liderazgo\/#primaryimage\"},\"thumbnailUrl\":\"https:\/\/grupogpps.org\/wp-content\/uploads\/2024\/08\/foro1.jpeg\",\"datePublished\":\"2024-08-30T18:40:10+00:00\",\"dateModified\":\"2024-08-30T18:40:12+00:00\",\"breadcrumb\":{\"@id\":\"https:\/\/grupogpps.org\/eduardo-serantes-se-despide-de-la-coordinacion-del-gps-argentina-tras-12-anos-alberto-morelli-asume-el-liderazgo\/#breadcrumb\"},\"inLanguage\":\"pt-BR\",\"potentialAction\":[{\"@type\":\"ReadAction\",\"target\":[\"https:\/\/grupogpps.org\/eduardo-serantes-se-despide-de-la-coordinacion-del-gps-argentina-tras-12-anos-alberto-morelli-asume-el-liderazgo\/\"]}]},{\"@type\":\"ImageObject\",\"inLanguage\":\"pt-BR\",\"@id\":\"https:\/\/grupogpps.org\/eduardo-serantes-se-despide-de-la-coordinacion-del-gps-argentina-tras-12-anos-alberto-morelli-asume-el-liderazgo\/#primaryimage\",\"url\":\"https:\/\/grupogpps.org\/wp-content\/uploads\/2024\/08\/foro1.jpeg\",\"contentUrl\":\"https:\/\/grupogpps.org\/wp-content\/uploads\/2024\/08\/foro1.jpeg\",\"width\":1600,\"height\":1200},{\"@type\":\"BreadcrumbList\",\"@id\":\"https:\/\/grupogpps.org\/eduardo-serantes-se-despide-de-la-coordinacion-del-gps-argentina-tras-12-anos-alberto-morelli-asume-el-liderazgo\/#breadcrumb\",\"itemListElement\":[{\"@type\":\"ListItem\",\"position\":1,\"name\":\"Inicio\",\"item\":\"https:\/\/grupogpps.org\/\"},{\"@type\":\"ListItem\",\"position\":2,\"name\":\"Eduardo Serantes se despide de la coordinaci\u00f3n del GPS Argentina tras 12 a\u00f1os; Alberto Morelli asume el liderazgo\"}]},{\"@type\":\"WebSite\",\"@id\":\"https:\/\/grupogpps.org\/#website\",\"url\":\"https:\/\/grupogpps.org\/\",\"name\":\"GPS\",\"description\":\"Grupo de pa\u00edses productores del sur\",\"publisher\":{\"@id\":\"https:\/\/grupogpps.org\/#organization\"},\"potentialAction\":[{\"@type\":\"SearchAction\",\"target\":{\"@type\":\"EntryPoint\",\"urlTemplate\":\"https:\/\/grupogpps.org\/?s={search_term_string}\"},\"query-input\":{\"@type\":\"PropertyValueSpecification\",\"valueRequired\":true,\"valueName\":\"search_term_string\"}}],\"inLanguage\":\"pt-BR\"},{\"@type\":\"Organization\",\"@id\":\"https:\/\/grupogpps.org\/#organization\",\"name\":\"GPS - Grupo de pa\u00edses productores del sur\",\"url\":\"https:\/\/grupogpps.org\/\",\"logo\":{\"@type\":\"ImageObject\",\"inLanguage\":\"pt-BR\",\"@id\":\"https:\/\/grupogpps.org\/#\/schema\/logo\/image\/\",\"url\":\"http:\/\/grupogpps.org\/wp-content\/uploads\/2021\/06\/logoGPS3.svg\",\"contentUrl\":\"http:\/\/grupogpps.org\/wp-content\/uploads\/2021\/06\/logoGPS3.svg\",\"width\":1,\"height\":1,\"caption\":\"GPS - Grupo de pa\u00edses productores del sur\"},\"image\":{\"@id\":\"https:\/\/grupogpps.org\/#\/schema\/logo\/image\/\"},\"sameAs\":[\"https:\/\/www.linkedin.com\/company\/25037162\/\",\"https:\/\/x.com\/GPSLatinAmerica\",\"https:\/\/www.instagram.com\/gpslatin\/\",\"https:\/\/www.youtube.com\/channel\/UCM2Qf0jSqNRJRkqmU8dO9QA\/videos\"]},{\"@type\":\"Person\",\"@id\":\"https:\/\/grupogpps.org\/#\/schema\/person\/faaafcd24616dff095821c72659ce41f\",\"name\":\"GPS GPS\",\"url\":\"https:\/\/grupogpps.org\/pt\/author\/gps\/\"}]}<\/script>\n<!-- \/ Yoast SEO plugin. -->","yoast_head_json":{"title":"Eduardo Serantes se despide de la coordinaci\u00f3n del GPS Argentina tras 12 a\u00f1os; Alberto Morelli asume el liderazgo - GPS","robots":{"index":"index","follow":"follow","max-snippet":"max-snippet:-1","max-image-preview":"max-image-preview:large","max-video-preview":"max-video-preview:-1"},"canonical":"https:\/\/grupogpps.org\/pt\/eduardo-serantes-se-despide-de-la-coordinacion-del-gps-argentina-tras-12-anos-alberto-morelli-asume-el-liderazgo\/","og_locale":"pt_BR","og_type":"article","og_title":"Eduardo Serantes se despide de la coordinaci\u00f3n del GPS Argentina tras 12 a\u00f1os; Alberto Morelli asume el liderazgo - GPS","og_description":"Durante la reuni\u00f3n del Foro Institucional GPS Argentina Foros, llevada a cabo el 28 de agosto, se despidi\u00f3 de la coordinaci\u00f3n de la red de GPS en Argentina el ingeniero Eduardo Serantes despu\u00e9s de 12 a\u00f1os. Serantes, durante su gesti\u00f3n como coordinador en Argentina -y luego Coordinador General-, Serantes trabaj\u00f3 en la producci\u00f3n de ideas [&hellip;]","og_url":"https:\/\/grupogpps.org\/pt\/eduardo-serantes-se-despide-de-la-coordinacion-del-gps-argentina-tras-12-anos-alberto-morelli-asume-el-liderazgo\/","og_site_name":"GPS","article_publisher":"https:\/\/www.linkedin.com\/company\/25037162\/","article_published_time":"2024-08-30T18:40:10+00:00","article_modified_time":"2024-08-30T18:40:12+00:00","og_image":[{"width":1600,"height":1200,"url":"http:\/\/grupogpps.org\/wp-content\/uploads\/2024\/08\/foro1.jpeg","type":"image\/jpeg"}],"author":"GPS GPS","twitter_card":"summary_large_image","twitter_creator":"@GPSLatinAmerica","twitter_site":"@GPSLatinAmerica","twitter_misc":{"Escrito por":"GPS GPS","Est. tempo de leitura":"2 minutos"},"schema":{"@context":"https:\/\/schema.org","@graph":[{"@type":"Article","@id":"https:\/\/grupogpps.org\/eduardo-serantes-se-despide-de-la-coordinacion-del-gps-argentina-tras-12-anos-alberto-morelli-asume-el-liderazgo\/#article","isPartOf":{"@id":"https:\/\/grupogpps.org\/eduardo-serantes-se-despide-de-la-coordinacion-del-gps-argentina-tras-12-anos-alberto-morelli-asume-el-liderazgo\/"},"author":{"name":"GPS GPS","@id":"https:\/\/grupogpps.org\/#\/schema\/person\/faaafcd24616dff095821c72659ce41f"},"headline":"Eduardo Serantes se despide de la coordinaci\u00f3n del GPS Argentina tras 12 a\u00f1os; Alberto Morelli asume el liderazgo","datePublished":"2024-08-30T18:40:10+00:00","dateModified":"2024-08-30T18:40:12+00:00","mainEntityOfPage":{"@id":"https:\/\/grupogpps.org\/eduardo-serantes-se-despide-de-la-coordinacion-del-gps-argentina-tras-12-anos-alberto-morelli-asume-el-liderazgo\/"},"wordCount":213,"commentCount":0,"publisher":{"@id":"https:\/\/grupogpps.org\/#organization"},"image":{"@id":"https:\/\/grupogpps.org\/eduardo-serantes-se-despide-de-la-coordinacion-del-gps-argentina-tras-12-anos-alberto-morelli-asume-el-liderazgo\/#primaryimage"},"thumbnailUrl":"https:\/\/grupogpps.org\/wp-content\/uploads\/2024\/08\/foro1.jpeg","articleSection":["Actividades","Eventos","Home","Novedades"],"inLanguage":"pt-BR","potentialAction":[{"@type":"CommentAction","name":"Comment","target":["https:\/\/grupogpps.org\/eduardo-serantes-se-despide-de-la-coordinacion-del-gps-argentina-tras-12-anos-alberto-morelli-asume-el-liderazgo\/#respond"]}]},{"@type":"WebPage","@id":"https:\/\/grupogpps.org\/eduardo-serantes-se-despide-de-la-coordinacion-del-gps-argentina-tras-12-anos-alberto-morelli-asume-el-liderazgo\/","url":"https:\/\/grupogpps.org\/eduardo-serantes-se-despide-de-la-coordinacion-del-gps-argentina-tras-12-anos-alberto-morelli-asume-el-liderazgo\/","name":"Eduardo Serantes se despide de la coordinaci\u00f3n del GPS Argentina tras 12 a\u00f1os; Alberto Morelli asume el liderazgo - GPS","isPartOf":{"@id":"https:\/\/grupogpps.org\/#website"},"primaryImageOfPage":{"@id":"https:\/\/grupogpps.org\/eduardo-serantes-se-despide-de-la-coordinacion-del-gps-argentina-tras-12-anos-alberto-morelli-asume-el-liderazgo\/#primaryimage"},"image":{"@id":"https:\/\/grupogpps.org\/eduardo-serantes-se-despide-de-la-coordinacion-del-gps-argentina-tras-12-anos-alberto-morelli-asume-el-liderazgo\/#primaryimage"},"thumbnailUrl":"https:\/\/grupogpps.org\/wp-content\/uploads\/2024\/08\/foro1.jpeg","datePublished":"2024-08-30T18:40:10+00:00","dateModified":"2024-08-30T18:40:12+00:00","breadcrumb":{"@id":"https:\/\/grupogpps.org\/eduardo-serantes-se-despide-de-la-coordinacion-del-gps-argentina-tras-12-anos-alberto-morelli-asume-el-liderazgo\/#breadcrumb"},"inLanguage":"pt-BR","potentialAction":[{"@type":"ReadAction","target":["https:\/\/grupogpps.org\/eduardo-serantes-se-despide-de-la-coordinacion-del-gps-argentina-tras-12-anos-alberto-morelli-asume-el-liderazgo\/"]}]},{"@type":"ImageObject","inLanguage":"pt-BR","@id":"https:\/\/grupogpps.org\/eduardo-serantes-se-despide-de-la-coordinacion-del-gps-argentina-tras-12-anos-alberto-morelli-asume-el-liderazgo\/#primaryimage","url":"https:\/\/grupogpps.org\/wp-content\/uploads\/2024\/08\/foro1.jpeg","contentUrl":"https:\/\/grupogpps.org\/wp-content\/uploads\/2024\/08\/foro1.jpeg","width":1600,"height":1200},{"@type":"BreadcrumbList","@id":"https:\/\/grupogpps.org\/eduardo-serantes-se-despide-de-la-coordinacion-del-gps-argentina-tras-12-anos-alberto-morelli-asume-el-liderazgo\/#breadcrumb","itemListElement":[{"@type":"ListItem","position":1,"name":"Inicio","item":"https:\/\/grupogpps.org\/"},{"@type":"ListItem","position":2,"name":"Eduardo Serantes se despide de la coordinaci\u00f3n del GPS Argentina tras 12 a\u00f1os; Alberto Morelli asume el liderazgo"}]},{"@type":"WebSite","@id":"https:\/\/grupogpps.org\/#website","url":"https:\/\/grupogpps.org\/","name":"GPS","description":"Grupo de pa\u00edses productores del sur","publisher":{"@id":"https:\/\/grupogpps.org\/#organization"},"potentialAction":[{"@type":"SearchAction","target":{"@type":"EntryPoint","urlTemplate":"https:\/\/grupogpps.org\/?s={search_term_string}"},"query-input":{"@type":"PropertyValueSpecification","valueRequired":true,"valueName":"search_term_string"}}],"inLanguage":"pt-BR"},{"@type":"Organization","@id":"https:\/\/grupogpps.org\/#organization","name":"GPS - Grupo de pa\u00edses productores del sur","url":"https:\/\/grupogpps.org\/","logo":{"@type":"ImageObject","inLanguage":"pt-BR","@id":"https:\/\/grupogpps.org\/#\/schema\/logo\/image\/","url":"http:\/\/grupogpps.org\/wp-content\/uploads\/2021\/06\/logoGPS3.svg","contentUrl":"http:\/\/grupogpps.org\/wp-content\/uploads\/2021\/06\/logoGPS3.svg","width":1,"height":1,"caption":"GPS - Grupo de pa\u00edses productores del sur"},"image":{"@id":"https:\/\/grupogpps.org\/#\/schema\/logo\/image\/"},"sameAs":["https:\/\/www.linkedin.com\/company\/25037162\/","https:\/\/x.com\/GPSLatinAmerica","https:\/\/www.instagram.com\/gpslatin\/","https:\/\/www.youtube.com\/channel\/UCM2Qf0jSqNRJRkqmU8dO9QA\/videos"]},{"@type":"Person","@id":"https:\/\/grupogpps.org\/#\/schema\/person\/faaafcd24616dff095821c72659ce41f","name":"GPS GPS","url":"https:\/\/grupogpps.org\/pt\/author\/gps\/"}]}},"_links":{"self":[{"href":"https:\/\/grupogpps.org\/pt\/wp-json\/wp\/v2\/posts\/4778","targetHints":{"allow":["GET"]}}],"collection":[{"href":"https:\/\/grupogpps.org\/pt\/wp-json\/wp\/v2\/posts"}],"about":[{"href":"https:\/\/grupogpps.org\/pt\/wp-json\/wp\/v2\/types\/post"}],"author":[{"embeddable":true,"href":"https:\/\/grupogpps.org\/pt\/wp-json\/wp\/v2\/users\/2"}],"replies":[{"embeddable":true,"href":"https:\/\/grupogpps.org\/pt\/wp-json\/wp\/v2\/comments?post=4778"}],"version-history":[{"count":1,"href":"https:\/\/grupogpps.org\/pt\/wp-json\/wp\/v2\/posts\/4778\/revisions"}],"predecessor-version":[{"id":4781,"href":"https:\/\/grupogpps.org\/pt\/wp-json\/wp\/v2\/posts\/4778\/revisions\/4781"}],"wp:featuredmedia":[{"embeddable":true,"href":"https:\/\/grupogpps.org\/pt\/wp-json\/wp\/v2\/media\/4779"}],"wp:attachment":[{"href":"https:\/\/grupogpps.org\/pt\/wp-json\/wp\/v2\/media?parent=4778"}],"wp:term":[{"taxonomy":"category","embeddable":true,"href":"https:\/\/grupogpps.org\/pt\/wp-json\/wp\/v2\/categories?post=4778"},{"taxonomy":"post_tag","embeddable":true,"href":"https:\/\/grupogpps.org\/pt\/wp-json\/wp\/v2\/tags?post=4778"}],"curies":[{"name":"wp","href":"https:\/\/api.w.org\/{rel}","templated":true}]}}