{"id":4646,"date":"2024-05-14T13:14:30","date_gmt":"2024-05-14T16:14:30","guid":{"rendered":"https:\/\/grupogpps.org\/?p=4646"},"modified":"2024-05-14T13:14:33","modified_gmt":"2024-05-14T16:14:33","slug":"regunaga-sobre-potencial-alimentario-y-ambiental-de-abpu-necesitamos-mostrarle-al-resto-del-mundo-que-somos-parte-de-la-solucion","status":"publish","type":"post","link":"https:\/\/grupogpps.org\/pt\/regunaga-sobre-potencial-alimentario-y-ambiental-de-abpu-necesitamos-mostrarle-al-resto-del-mundo-que-somos-parte-de-la-solucion\/","title":{"rendered":"Reg\u00fanaga sobre potencial alimentario y ambiental de ABPU: \u201cNecesitamos mostrarle al resto del mundo que somos parte de la soluci\u00f3n\u201d"},"content":{"rendered":"<p class=\"has-medium-font-size\"><\/p>\n\n\n\n<p>El Coordinador General del Grupo de Pa\u00edses Productores del Sur (GPS), junto al embajador Roberto Azev\u00eado y otros expertos, participaron en el webinar organizado por la Asociaci\u00f3n Brasile\u00f1a de Agronegocios (ABAG) ABAGTalks \u2013 \u00abAgroneg\u00f3cio e Geopol\u00edtica: o papel do Brasil frente \u00e0s novas regulamenta\u00e7\u00f5es estrangeiras\u00bb, moderado por Ingo Ploger, vicepresidente de ABAG.<\/p>\n\n\n<div class=\"wp-block-image\">\n<figure class=\"alignright size-large is-resized\"><img loading=\"lazy\" decoding=\"async\" width=\"1024\" height=\"1024\" src=\"https:\/\/grupogpps.org\/wp-content\/uploads\/2024\/05\/Webinar-ABAGTALK-Geopolitica-_2-1024x1024.png\" alt=\"\" class=\"wp-image-4649\" style=\"width:286px;height:auto\" srcset=\"https:\/\/grupogpps.org\/wp-content\/uploads\/2024\/05\/Webinar-ABAGTALK-Geopolitica-_2-1024x1024.png 1024w, https:\/\/grupogpps.org\/wp-content\/uploads\/2024\/05\/Webinar-ABAGTALK-Geopolitica-_2-300x300.png 300w, https:\/\/grupogpps.org\/wp-content\/uploads\/2024\/05\/Webinar-ABAGTALK-Geopolitica-_2-150x150.png 150w, https:\/\/grupogpps.org\/wp-content\/uploads\/2024\/05\/Webinar-ABAGTALK-Geopolitica-_2-768x768.png 768w, https:\/\/grupogpps.org\/wp-content\/uploads\/2024\/05\/Webinar-ABAGTALK-Geopolitica-_2-12x12.png 12w, https:\/\/grupogpps.org\/wp-content\/uploads\/2024\/05\/Webinar-ABAGTALK-Geopolitica-_2.png 1080w\" sizes=\"auto, (max-width: 1024px) 100vw, 1024px\" \/><\/figure><\/div>\n\n\n<p>Reg\u00fanaga resalt\u00f3 el potencial alimentario y ambiental de Argentina, Brasil, Paraguay y Uruguay, instando a estos pa\u00edses a liderar soluciones globales \u201cNecesitamos mostrarle al resto del mundo que somos parte de la soluci\u00f3n no solo de la seguridad alimentaria, sino tambi\u00e9n en la transici\u00f3n energ\u00e9tica, debido a la diversidad de nuestra regi\u00f3n. En este sentido, es necesario respetar la realidad de cada pa\u00eds. Las restricciones unilaterales sin base cient\u00edfica no son buenas, lo que significa que necesitamos recuperar la gobernanza global, a trav\u00e9s de una acci\u00f3n conjunta entre la entidad p\u00fablica y el sector privado\u201d. En su an\u00e1lisis destac\u00f3 que la agroindustria de la regi\u00f3n es pionera en la implementaci\u00f3n de sistemas sustentables, como la siembra directa, el uso de biotecnolog\u00eda para reducir la aplicaci\u00f3n de agroqu\u00edmicos, entre otros, con m\u00e9tricas y diagn\u00f3sticos.<\/p>\n\n\n\n<p>Por su parte, Azev\u00eado destac\u00f3 la necesidad de una agenda proactiva respaldada por evidencia cient\u00edfica, instando a Brasil a liderar iniciativas internacionales. Se\u00f1al\u00f3 que, ante la fragmentaci\u00f3n y debilidad de las organizaciones internacionales, los pa\u00edses, especialmente Brasil, deben tomar la iniciativa en la coordinaci\u00f3n para enfrentar estos desaf\u00edos. Destac\u00f3 la importancia del sector privado en impulsar el di\u00e1logo con el sector p\u00fablico y formar alianzas estrat\u00e9gicas con diversos bloques: \u201cNecesitamos participar todos y el sector privado es el motor, con un impacto importante para que el sector p\u00fablico pueda entender lo que realmente est\u00e1 pasando. Por eso es necesario que haya un v\u00ednculo entre ambos\u201d, observ\u00f3.<\/p>\n\n\n<div class=\"wp-block-image\">\n<figure class=\"aligncenter size-large is-resized\"><img loading=\"lazy\" decoding=\"async\" width=\"1024\" height=\"1024\" src=\"https:\/\/grupogpps.org\/wp-content\/uploads\/2024\/05\/Webinar-ABAGTALK-Geopolitica-_4-1024x1024.png\" alt=\"\" class=\"wp-image-4650\" style=\"width:562px;height:auto\" srcset=\"https:\/\/grupogpps.org\/wp-content\/uploads\/2024\/05\/Webinar-ABAGTALK-Geopolitica-_4-1024x1024.png 1024w, https:\/\/grupogpps.org\/wp-content\/uploads\/2024\/05\/Webinar-ABAGTALK-Geopolitica-_4-300x300.png 300w, https:\/\/grupogpps.org\/wp-content\/uploads\/2024\/05\/Webinar-ABAGTALK-Geopolitica-_4-150x150.png 150w, https:\/\/grupogpps.org\/wp-content\/uploads\/2024\/05\/Webinar-ABAGTALK-Geopolitica-_4-768x768.png 768w, https:\/\/grupogpps.org\/wp-content\/uploads\/2024\/05\/Webinar-ABAGTALK-Geopolitica-_4-12x12.png 12w, https:\/\/grupogpps.org\/wp-content\/uploads\/2024\/05\/Webinar-ABAGTALK-Geopolitica-_4.png 1080w\" sizes=\"auto, (max-width: 1024px) 100vw, 1024px\" \/><\/figure><\/div>\n\n\n<p>Caio Carvalho, Presidente de la ABAG, coincidi\u00f3 en la necesidad de una geopol\u00edtica global basada en la apertura de mercados, la ciencia y el di\u00e1logo, abogando por la integraci\u00f3n entre el sector p\u00fablico y privado para desarrollar marcos regulatorios que impulsen la transici\u00f3n hacia una econom\u00eda verde. \u201cNecesitamos estar adelante, liderar la narrativa, a trav\u00e9s de la integraci\u00f3n entre el sector p\u00fablico y privado, para incluir marcos regulatorios que aceleren la transici\u00f3n hacia una econom\u00eda verde, con beneficios para los agentes del agronegocio y la sociedad\u201d.<\/p>\n\n\n<div class=\"wp-block-image\">\n<figure class=\"alignright size-large is-resized\"><img loading=\"lazy\" decoding=\"async\" width=\"1024\" height=\"563\" src=\"https:\/\/grupogpps.org\/wp-content\/uploads\/2024\/05\/PARTCIPA_ConsideracionesFinales2-1024x563.png\" alt=\"\" class=\"wp-image-4651\" style=\"width:498px;height:auto\" srcset=\"https:\/\/grupogpps.org\/wp-content\/uploads\/2024\/05\/PARTCIPA_ConsideracionesFinales2-1024x563.png 1024w, https:\/\/grupogpps.org\/wp-content\/uploads\/2024\/05\/PARTCIPA_ConsideracionesFinales2-300x165.png 300w, https:\/\/grupogpps.org\/wp-content\/uploads\/2024\/05\/PARTCIPA_ConsideracionesFinales2-768x422.png 768w, https:\/\/grupogpps.org\/wp-content\/uploads\/2024\/05\/PARTCIPA_ConsideracionesFinales2-18x10.png 18w, https:\/\/grupogpps.org\/wp-content\/uploads\/2024\/05\/PARTCIPA_ConsideracionesFinales2.png 1117w\" sizes=\"auto, (max-width: 1024px) 100vw, 1024px\" \/><\/figure><\/div>\n\n\n<p>Renata Miranda, Secretaria de Innovaci\u00f3n, Desarrollo Sostenible, Riego y Cooperativas del Ministerio de Agricultura y Ganader\u00eda de Brasil, enfatiz\u00f3 el compromiso del pa\u00eds con la sostenibilidad agr\u00edcola y la importancia del cooperativismo en este proceso. Abord\u00f3 temas clave como la sostenibilidad, el cooperativismo, el papel de la agricultura en la captura de carbono y la necesidad de invertir en ciencia para medir el carbono en el suelo. \u201cNuestro sector trabaja en la m\u00e1gica paradoja de ser el \u00fanico que captura carbono de la atm\u00f3sfera y lo transforma en alimento, fibra y energ\u00eda. Por lo tanto, es injusto incluir a la agricultura en el recuento de emisiones globales\u201d, se\u00f1al\u00f3.<\/p>\n\n\n\n<p>Pod\u00e9s mirar el webinar:<\/p>\n\n\n\n<figure class=\"wp-block-embed is-type-video is-provider-youtube wp-block-embed-youtube wp-embed-aspect-16-9 wp-has-aspect-ratio\"><div class=\"wp-block-embed__wrapper\">\n<iframe loading=\"lazy\" title=\"ABAGTALKS Agroneg\u00f3cio e Geopol\u00edtica: o papel do Brasil frente \u00e0s novas regulamenta\u00e7\u00f5es estrangeiras\" width=\"800\" height=\"450\" src=\"https:\/\/www.youtube.com\/embed\/PaQnF1c6zt0?feature=oembed\" frameborder=\"0\" allow=\"accelerometer; autoplay; clipboard-write; encrypted-media; gyroscope; picture-in-picture; web-share\" referrerpolicy=\"strict-origin-when-cross-origin\" allowfullscreen><\/iframe>\n<\/div><\/figure>\n\n\n\n<p class=\"has-text-align-right\"><\/p>","protected":false},"excerpt":{"rendered":"<p>El Coordinador General del Grupo de Pa\u00edses Productores del Sur (GPS), junto al embajador Roberto Azev\u00eado y otros expertos, participaron en el webinar organizado por la Asociaci\u00f3n Brasile\u00f1a de Agronegocios (ABAG) ABAGTalks \u2013 \u00abAgroneg\u00f3cio e Geopol\u00edtica: o papel do Brasil frente \u00e0s novas regulamenta\u00e7\u00f5es estrangeiras\u00bb, moderado por Ingo Ploger, vicepresidente de ABAG. Reg\u00fanaga resalt\u00f3 el [&hellip;]<\/p>","protected":false},"author":2,"featured_media":4647,"comment_status":"open","ping_status":"closed","sticky":false,"template":"","format":"standard","meta":{"footnotes":""},"categories":[19,58,25,23],"tags":[],"class_list":["post-4646","post","type-post","status-publish","format-standard","has-post-thumbnail","hentry","category-actividades","category-eventos","category-home","category-novedades"],"yoast_head":"<!-- This site is optimized with the Yoast SEO plugin v26.8 - https:\/\/yoast.com\/product\/yoast-seo-wordpress\/ -->\n<title>Reg\u00fanaga sobre potencial alimentario y ambiental de ABPU: \u201cNecesitamos mostrarle al resto del mundo que somos parte de la soluci\u00f3n\u201d - GPS<\/title>\n<meta name=\"robots\" content=\"index, follow, max-snippet:-1, max-image-preview:large, max-video-preview:-1\" \/>\n<link rel=\"canonical\" href=\"https:\/\/grupogpps.org\/pt\/regunaga-sobre-potencial-alimentario-y-ambiental-de-abpu-necesitamos-mostrarle-al-resto-del-mundo-que-somos-parte-de-la-solucion\/\" \/>\n<meta property=\"og:locale\" content=\"pt_BR\" \/>\n<meta property=\"og:type\" content=\"article\" \/>\n<meta property=\"og:title\" content=\"Reg\u00fanaga sobre potencial alimentario y ambiental de ABPU: \u201cNecesitamos mostrarle al resto del mundo que somos parte de la soluci\u00f3n\u201d - GPS\" \/>\n<meta property=\"og:description\" content=\"El Coordinador General del Grupo de Pa\u00edses Productores del Sur (GPS), junto al embajador Roberto Azev\u00eado y otros expertos, participaron en el webinar organizado por la Asociaci\u00f3n Brasile\u00f1a de Agronegocios (ABAG) ABAGTalks \u2013 \u00abAgroneg\u00f3cio e Geopol\u00edtica: o papel do Brasil frente \u00e0s novas regulamenta\u00e7\u00f5es estrangeiras\u00bb, moderado por Ingo Ploger, vicepresidente de ABAG. Reg\u00fanaga resalt\u00f3 el [&hellip;]\" \/>\n<meta property=\"og:url\" content=\"https:\/\/grupogpps.org\/pt\/regunaga-sobre-potencial-alimentario-y-ambiental-de-abpu-necesitamos-mostrarle-al-resto-del-mundo-que-somos-parte-de-la-solucion\/\" \/>\n<meta property=\"og:site_name\" content=\"GPS\" \/>\n<meta property=\"article:publisher\" content=\"https:\/\/www.linkedin.com\/company\/25037162\/\" \/>\n<meta property=\"article:published_time\" content=\"2024-05-14T16:14:30+00:00\" \/>\n<meta property=\"article:modified_time\" content=\"2024-05-14T16:14:33+00:00\" \/>\n<meta property=\"og:image\" content=\"http:\/\/grupogpps.org\/wp-content\/uploads\/2024\/05\/brasil-precisa-construir-aliancas-internacionais-para-criar-marcos-regulatorios-globais-que-beneficiem-a-transicao-para-economia-verde-1080x675-1.jpg\" \/>\n\t<meta property=\"og:image:width\" content=\"1080\" \/>\n\t<meta property=\"og:image:height\" content=\"675\" \/>\n\t<meta property=\"og:image:type\" content=\"image\/jpeg\" \/>\n<meta name=\"author\" content=\"GPS GPS\" \/>\n<meta name=\"twitter:card\" content=\"summary_large_image\" \/>\n<meta name=\"twitter:creator\" content=\"@GPSLatinAmerica\" \/>\n<meta name=\"twitter:site\" content=\"@GPSLatinAmerica\" \/>\n<meta name=\"twitter:label1\" content=\"Escrito por\" \/>\n\t<meta name=\"twitter:data1\" content=\"GPS GPS\" \/>\n\t<meta name=\"twitter:label2\" content=\"Est. tempo de leitura\" \/>\n\t<meta name=\"twitter:data2\" content=\"4 minutos\" \/>\n<script type=\"application\/ld+json\" class=\"yoast-schema-graph\">{\"@context\":\"https:\/\/schema.org\",\"@graph\":[{\"@type\":\"Article\",\"@id\":\"https:\/\/grupogpps.org\/regunaga-sobre-potencial-alimentario-y-ambiental-de-abpu-necesitamos-mostrarle-al-resto-del-mundo-que-somos-parte-de-la-solucion\/#article\",\"isPartOf\":{\"@id\":\"https:\/\/grupogpps.org\/regunaga-sobre-potencial-alimentario-y-ambiental-de-abpu-necesitamos-mostrarle-al-resto-del-mundo-que-somos-parte-de-la-solucion\/\"},\"author\":{\"name\":\"GPS GPS\",\"@id\":\"https:\/\/grupogpps.org\/#\/schema\/person\/faaafcd24616dff095821c72659ce41f\"},\"headline\":\"Reg\u00fanaga sobre potencial alimentario y ambiental de ABPU: \u201cNecesitamos mostrarle al resto del mundo que somos parte de la soluci\u00f3n\u201d\",\"datePublished\":\"2024-05-14T16:14:30+00:00\",\"dateModified\":\"2024-05-14T16:14:33+00:00\",\"mainEntityOfPage\":{\"@id\":\"https:\/\/grupogpps.org\/regunaga-sobre-potencial-alimentario-y-ambiental-de-abpu-necesitamos-mostrarle-al-resto-del-mundo-que-somos-parte-de-la-solucion\/\"},\"wordCount\":578,\"commentCount\":0,\"publisher\":{\"@id\":\"https:\/\/grupogpps.org\/#organization\"},\"image\":{\"@id\":\"https:\/\/grupogpps.org\/regunaga-sobre-potencial-alimentario-y-ambiental-de-abpu-necesitamos-mostrarle-al-resto-del-mundo-que-somos-parte-de-la-solucion\/#primaryimage\"},\"thumbnailUrl\":\"https:\/\/grupogpps.org\/wp-content\/uploads\/2024\/05\/brasil-precisa-construir-aliancas-internacionais-para-criar-marcos-regulatorios-globais-que-beneficiem-a-transicao-para-economia-verde-1080x675-1.jpg\",\"articleSection\":[\"Actividades\",\"Eventos\",\"Home\",\"Novedades\"],\"inLanguage\":\"pt-BR\",\"potentialAction\":[{\"@type\":\"CommentAction\",\"name\":\"Comment\",\"target\":[\"https:\/\/grupogpps.org\/regunaga-sobre-potencial-alimentario-y-ambiental-de-abpu-necesitamos-mostrarle-al-resto-del-mundo-que-somos-parte-de-la-solucion\/#respond\"]}]},{\"@type\":\"WebPage\",\"@id\":\"https:\/\/grupogpps.org\/regunaga-sobre-potencial-alimentario-y-ambiental-de-abpu-necesitamos-mostrarle-al-resto-del-mundo-que-somos-parte-de-la-solucion\/\",\"url\":\"https:\/\/grupogpps.org\/regunaga-sobre-potencial-alimentario-y-ambiental-de-abpu-necesitamos-mostrarle-al-resto-del-mundo-que-somos-parte-de-la-solucion\/\",\"name\":\"Reg\u00fanaga sobre potencial alimentario y ambiental de ABPU: \u201cNecesitamos mostrarle al resto del mundo que somos parte de la soluci\u00f3n\u201d - GPS\",\"isPartOf\":{\"@id\":\"https:\/\/grupogpps.org\/#website\"},\"primaryImageOfPage\":{\"@id\":\"https:\/\/grupogpps.org\/regunaga-sobre-potencial-alimentario-y-ambiental-de-abpu-necesitamos-mostrarle-al-resto-del-mundo-que-somos-parte-de-la-solucion\/#primaryimage\"},\"image\":{\"@id\":\"https:\/\/grupogpps.org\/regunaga-sobre-potencial-alimentario-y-ambiental-de-abpu-necesitamos-mostrarle-al-resto-del-mundo-que-somos-parte-de-la-solucion\/#primaryimage\"},\"thumbnailUrl\":\"https:\/\/grupogpps.org\/wp-content\/uploads\/2024\/05\/brasil-precisa-construir-aliancas-internacionais-para-criar-marcos-regulatorios-globais-que-beneficiem-a-transicao-para-economia-verde-1080x675-1.jpg\",\"datePublished\":\"2024-05-14T16:14:30+00:00\",\"dateModified\":\"2024-05-14T16:14:33+00:00\",\"breadcrumb\":{\"@id\":\"https:\/\/grupogpps.org\/regunaga-sobre-potencial-alimentario-y-ambiental-de-abpu-necesitamos-mostrarle-al-resto-del-mundo-que-somos-parte-de-la-solucion\/#breadcrumb\"},\"inLanguage\":\"pt-BR\",\"potentialAction\":[{\"@type\":\"ReadAction\",\"target\":[\"https:\/\/grupogpps.org\/regunaga-sobre-potencial-alimentario-y-ambiental-de-abpu-necesitamos-mostrarle-al-resto-del-mundo-que-somos-parte-de-la-solucion\/\"]}]},{\"@type\":\"ImageObject\",\"inLanguage\":\"pt-BR\",\"@id\":\"https:\/\/grupogpps.org\/regunaga-sobre-potencial-alimentario-y-ambiental-de-abpu-necesitamos-mostrarle-al-resto-del-mundo-que-somos-parte-de-la-solucion\/#primaryimage\",\"url\":\"https:\/\/grupogpps.org\/wp-content\/uploads\/2024\/05\/brasil-precisa-construir-aliancas-internacionais-para-criar-marcos-regulatorios-globais-que-beneficiem-a-transicao-para-economia-verde-1080x675-1.jpg\",\"contentUrl\":\"https:\/\/grupogpps.org\/wp-content\/uploads\/2024\/05\/brasil-precisa-construir-aliancas-internacionais-para-criar-marcos-regulatorios-globais-que-beneficiem-a-transicao-para-economia-verde-1080x675-1.jpg\",\"width\":1080,\"height\":675},{\"@type\":\"BreadcrumbList\",\"@id\":\"https:\/\/grupogpps.org\/regunaga-sobre-potencial-alimentario-y-ambiental-de-abpu-necesitamos-mostrarle-al-resto-del-mundo-que-somos-parte-de-la-solucion\/#breadcrumb\",\"itemListElement\":[{\"@type\":\"ListItem\",\"position\":1,\"name\":\"Inicio\",\"item\":\"https:\/\/grupogpps.org\/\"},{\"@type\":\"ListItem\",\"position\":2,\"name\":\"Reg\u00fanaga sobre potencial alimentario y ambiental de ABPU: \u201cNecesitamos mostrarle al resto del mundo que somos parte de la soluci\u00f3n\u201d\"}]},{\"@type\":\"WebSite\",\"@id\":\"https:\/\/grupogpps.org\/#website\",\"url\":\"https:\/\/grupogpps.org\/\",\"name\":\"GPS\",\"description\":\"Grupo de pa\u00edses productores del sur\",\"publisher\":{\"@id\":\"https:\/\/grupogpps.org\/#organization\"},\"potentialAction\":[{\"@type\":\"SearchAction\",\"target\":{\"@type\":\"EntryPoint\",\"urlTemplate\":\"https:\/\/grupogpps.org\/?s={search_term_string}\"},\"query-input\":{\"@type\":\"PropertyValueSpecification\",\"valueRequired\":true,\"valueName\":\"search_term_string\"}}],\"inLanguage\":\"pt-BR\"},{\"@type\":\"Organization\",\"@id\":\"https:\/\/grupogpps.org\/#organization\",\"name\":\"GPS - Grupo de pa\u00edses productores del sur\",\"url\":\"https:\/\/grupogpps.org\/\",\"logo\":{\"@type\":\"ImageObject\",\"inLanguage\":\"pt-BR\",\"@id\":\"https:\/\/grupogpps.org\/#\/schema\/logo\/image\/\",\"url\":\"http:\/\/grupogpps.org\/wp-content\/uploads\/2021\/06\/logoGPS3.svg\",\"contentUrl\":\"http:\/\/grupogpps.org\/wp-content\/uploads\/2021\/06\/logoGPS3.svg\",\"width\":1,\"height\":1,\"caption\":\"GPS - Grupo de pa\u00edses productores del sur\"},\"image\":{\"@id\":\"https:\/\/grupogpps.org\/#\/schema\/logo\/image\/\"},\"sameAs\":[\"https:\/\/www.linkedin.com\/company\/25037162\/\",\"https:\/\/x.com\/GPSLatinAmerica\",\"https:\/\/www.instagram.com\/gpslatin\/\",\"https:\/\/www.youtube.com\/channel\/UCM2Qf0jSqNRJRkqmU8dO9QA\/videos\"]},{\"@type\":\"Person\",\"@id\":\"https:\/\/grupogpps.org\/#\/schema\/person\/faaafcd24616dff095821c72659ce41f\",\"name\":\"GPS GPS\",\"url\":\"https:\/\/grupogpps.org\/pt\/author\/gps\/\"}]}<\/script>\n<!-- \/ Yoast SEO plugin. -->","yoast_head_json":{"title":"Reg\u00fanaga sobre potencial alimentario y ambiental de ABPU: \u201cNecesitamos mostrarle al resto del mundo que somos parte de la soluci\u00f3n\u201d - GPS","robots":{"index":"index","follow":"follow","max-snippet":"max-snippet:-1","max-image-preview":"max-image-preview:large","max-video-preview":"max-video-preview:-1"},"canonical":"https:\/\/grupogpps.org\/pt\/regunaga-sobre-potencial-alimentario-y-ambiental-de-abpu-necesitamos-mostrarle-al-resto-del-mundo-que-somos-parte-de-la-solucion\/","og_locale":"pt_BR","og_type":"article","og_title":"Reg\u00fanaga sobre potencial alimentario y ambiental de ABPU: \u201cNecesitamos mostrarle al resto del mundo que somos parte de la soluci\u00f3n\u201d - GPS","og_description":"El Coordinador General del Grupo de Pa\u00edses Productores del Sur (GPS), junto al embajador Roberto Azev\u00eado y otros expertos, participaron en el webinar organizado por la Asociaci\u00f3n Brasile\u00f1a de Agronegocios (ABAG) ABAGTalks \u2013 \u00abAgroneg\u00f3cio e Geopol\u00edtica: o papel do Brasil frente \u00e0s novas regulamenta\u00e7\u00f5es estrangeiras\u00bb, moderado por Ingo Ploger, vicepresidente de ABAG. Reg\u00fanaga resalt\u00f3 el [&hellip;]","og_url":"https:\/\/grupogpps.org\/pt\/regunaga-sobre-potencial-alimentario-y-ambiental-de-abpu-necesitamos-mostrarle-al-resto-del-mundo-que-somos-parte-de-la-solucion\/","og_site_name":"GPS","article_publisher":"https:\/\/www.linkedin.com\/company\/25037162\/","article_published_time":"2024-05-14T16:14:30+00:00","article_modified_time":"2024-05-14T16:14:33+00:00","og_image":[{"width":1080,"height":675,"url":"http:\/\/grupogpps.org\/wp-content\/uploads\/2024\/05\/brasil-precisa-construir-aliancas-internacionais-para-criar-marcos-regulatorios-globais-que-beneficiem-a-transicao-para-economia-verde-1080x675-1.jpg","type":"image\/jpeg"}],"author":"GPS GPS","twitter_card":"summary_large_image","twitter_creator":"@GPSLatinAmerica","twitter_site":"@GPSLatinAmerica","twitter_misc":{"Escrito por":"GPS GPS","Est. tempo de leitura":"4 minutos"},"schema":{"@context":"https:\/\/schema.org","@graph":[{"@type":"Article","@id":"https:\/\/grupogpps.org\/regunaga-sobre-potencial-alimentario-y-ambiental-de-abpu-necesitamos-mostrarle-al-resto-del-mundo-que-somos-parte-de-la-solucion\/#article","isPartOf":{"@id":"https:\/\/grupogpps.org\/regunaga-sobre-potencial-alimentario-y-ambiental-de-abpu-necesitamos-mostrarle-al-resto-del-mundo-que-somos-parte-de-la-solucion\/"},"author":{"name":"GPS GPS","@id":"https:\/\/grupogpps.org\/#\/schema\/person\/faaafcd24616dff095821c72659ce41f"},"headline":"Reg\u00fanaga sobre potencial alimentario y ambiental de ABPU: \u201cNecesitamos mostrarle al resto del mundo que somos parte de la soluci\u00f3n\u201d","datePublished":"2024-05-14T16:14:30+00:00","dateModified":"2024-05-14T16:14:33+00:00","mainEntityOfPage":{"@id":"https:\/\/grupogpps.org\/regunaga-sobre-potencial-alimentario-y-ambiental-de-abpu-necesitamos-mostrarle-al-resto-del-mundo-que-somos-parte-de-la-solucion\/"},"wordCount":578,"commentCount":0,"publisher":{"@id":"https:\/\/grupogpps.org\/#organization"},"image":{"@id":"https:\/\/grupogpps.org\/regunaga-sobre-potencial-alimentario-y-ambiental-de-abpu-necesitamos-mostrarle-al-resto-del-mundo-que-somos-parte-de-la-solucion\/#primaryimage"},"thumbnailUrl":"https:\/\/grupogpps.org\/wp-content\/uploads\/2024\/05\/brasil-precisa-construir-aliancas-internacionais-para-criar-marcos-regulatorios-globais-que-beneficiem-a-transicao-para-economia-verde-1080x675-1.jpg","articleSection":["Actividades","Eventos","Home","Novedades"],"inLanguage":"pt-BR","potentialAction":[{"@type":"CommentAction","name":"Comment","target":["https:\/\/grupogpps.org\/regunaga-sobre-potencial-alimentario-y-ambiental-de-abpu-necesitamos-mostrarle-al-resto-del-mundo-que-somos-parte-de-la-solucion\/#respond"]}]},{"@type":"WebPage","@id":"https:\/\/grupogpps.org\/regunaga-sobre-potencial-alimentario-y-ambiental-de-abpu-necesitamos-mostrarle-al-resto-del-mundo-que-somos-parte-de-la-solucion\/","url":"https:\/\/grupogpps.org\/regunaga-sobre-potencial-alimentario-y-ambiental-de-abpu-necesitamos-mostrarle-al-resto-del-mundo-que-somos-parte-de-la-solucion\/","name":"Reg\u00fanaga sobre potencial alimentario y ambiental de ABPU: \u201cNecesitamos mostrarle al resto del mundo que somos parte de la soluci\u00f3n\u201d - GPS","isPartOf":{"@id":"https:\/\/grupogpps.org\/#website"},"primaryImageOfPage":{"@id":"https:\/\/grupogpps.org\/regunaga-sobre-potencial-alimentario-y-ambiental-de-abpu-necesitamos-mostrarle-al-resto-del-mundo-que-somos-parte-de-la-solucion\/#primaryimage"},"image":{"@id":"https:\/\/grupogpps.org\/regunaga-sobre-potencial-alimentario-y-ambiental-de-abpu-necesitamos-mostrarle-al-resto-del-mundo-que-somos-parte-de-la-solucion\/#primaryimage"},"thumbnailUrl":"https:\/\/grupogpps.org\/wp-content\/uploads\/2024\/05\/brasil-precisa-construir-aliancas-internacionais-para-criar-marcos-regulatorios-globais-que-beneficiem-a-transicao-para-economia-verde-1080x675-1.jpg","datePublished":"2024-05-14T16:14:30+00:00","dateModified":"2024-05-14T16:14:33+00:00","breadcrumb":{"@id":"https:\/\/grupogpps.org\/regunaga-sobre-potencial-alimentario-y-ambiental-de-abpu-necesitamos-mostrarle-al-resto-del-mundo-que-somos-parte-de-la-solucion\/#breadcrumb"},"inLanguage":"pt-BR","potentialAction":[{"@type":"ReadAction","target":["https:\/\/grupogpps.org\/regunaga-sobre-potencial-alimentario-y-ambiental-de-abpu-necesitamos-mostrarle-al-resto-del-mundo-que-somos-parte-de-la-solucion\/"]}]},{"@type":"ImageObject","inLanguage":"pt-BR","@id":"https:\/\/grupogpps.org\/regunaga-sobre-potencial-alimentario-y-ambiental-de-abpu-necesitamos-mostrarle-al-resto-del-mundo-que-somos-parte-de-la-solucion\/#primaryimage","url":"https:\/\/grupogpps.org\/wp-content\/uploads\/2024\/05\/brasil-precisa-construir-aliancas-internacionais-para-criar-marcos-regulatorios-globais-que-beneficiem-a-transicao-para-economia-verde-1080x675-1.jpg","contentUrl":"https:\/\/grupogpps.org\/wp-content\/uploads\/2024\/05\/brasil-precisa-construir-aliancas-internacionais-para-criar-marcos-regulatorios-globais-que-beneficiem-a-transicao-para-economia-verde-1080x675-1.jpg","width":1080,"height":675},{"@type":"BreadcrumbList","@id":"https:\/\/grupogpps.org\/regunaga-sobre-potencial-alimentario-y-ambiental-de-abpu-necesitamos-mostrarle-al-resto-del-mundo-que-somos-parte-de-la-solucion\/#breadcrumb","itemListElement":[{"@type":"ListItem","position":1,"name":"Inicio","item":"https:\/\/grupogpps.org\/"},{"@type":"ListItem","position":2,"name":"Reg\u00fanaga sobre potencial alimentario y ambiental de ABPU: \u201cNecesitamos mostrarle al resto del mundo que somos parte de la soluci\u00f3n\u201d"}]},{"@type":"WebSite","@id":"https:\/\/grupogpps.org\/#website","url":"https:\/\/grupogpps.org\/","name":"GPS","description":"Grupo de pa\u00edses productores del sur","publisher":{"@id":"https:\/\/grupogpps.org\/#organization"},"potentialAction":[{"@type":"SearchAction","target":{"@type":"EntryPoint","urlTemplate":"https:\/\/grupogpps.org\/?s={search_term_string}"},"query-input":{"@type":"PropertyValueSpecification","valueRequired":true,"valueName":"search_term_string"}}],"inLanguage":"pt-BR"},{"@type":"Organization","@id":"https:\/\/grupogpps.org\/#organization","name":"GPS - Grupo de pa\u00edses productores del sur","url":"https:\/\/grupogpps.org\/","logo":{"@type":"ImageObject","inLanguage":"pt-BR","@id":"https:\/\/grupogpps.org\/#\/schema\/logo\/image\/","url":"http:\/\/grupogpps.org\/wp-content\/uploads\/2021\/06\/logoGPS3.svg","contentUrl":"http:\/\/grupogpps.org\/wp-content\/uploads\/2021\/06\/logoGPS3.svg","width":1,"height":1,"caption":"GPS - Grupo de pa\u00edses productores del sur"},"image":{"@id":"https:\/\/grupogpps.org\/#\/schema\/logo\/image\/"},"sameAs":["https:\/\/www.linkedin.com\/company\/25037162\/","https:\/\/x.com\/GPSLatinAmerica","https:\/\/www.instagram.com\/gpslatin\/","https:\/\/www.youtube.com\/channel\/UCM2Qf0jSqNRJRkqmU8dO9QA\/videos"]},{"@type":"Person","@id":"https:\/\/grupogpps.org\/#\/schema\/person\/faaafcd24616dff095821c72659ce41f","name":"GPS GPS","url":"https:\/\/grupogpps.org\/pt\/author\/gps\/"}]}},"_links":{"self":[{"href":"https:\/\/grupogpps.org\/pt\/wp-json\/wp\/v2\/posts\/4646","targetHints":{"allow":["GET"]}}],"collection":[{"href":"https:\/\/grupogpps.org\/pt\/wp-json\/wp\/v2\/posts"}],"about":[{"href":"https:\/\/grupogpps.org\/pt\/wp-json\/wp\/v2\/types\/post"}],"author":[{"embeddable":true,"href":"https:\/\/grupogpps.org\/pt\/wp-json\/wp\/v2\/users\/2"}],"replies":[{"embeddable":true,"href":"https:\/\/grupogpps.org\/pt\/wp-json\/wp\/v2\/comments?post=4646"}],"version-history":[{"count":4,"href":"https:\/\/grupogpps.org\/pt\/wp-json\/wp\/v2\/posts\/4646\/revisions"}],"predecessor-version":[{"id":4655,"href":"https:\/\/grupogpps.org\/pt\/wp-json\/wp\/v2\/posts\/4646\/revisions\/4655"}],"wp:featuredmedia":[{"embeddable":true,"href":"https:\/\/grupogpps.org\/pt\/wp-json\/wp\/v2\/media\/4647"}],"wp:attachment":[{"href":"https:\/\/grupogpps.org\/pt\/wp-json\/wp\/v2\/media?parent=4646"}],"wp:term":[{"taxonomy":"category","embeddable":true,"href":"https:\/\/grupogpps.org\/pt\/wp-json\/wp\/v2\/categories?post=4646"},{"taxonomy":"post_tag","embeddable":true,"href":"https:\/\/grupogpps.org\/pt\/wp-json\/wp\/v2\/tags?post=4646"}],"curies":[{"name":"wp","href":"https:\/\/api.w.org\/{rel}","templated":true}]}}