{"id":4607,"date":"2024-03-04T12:51:08","date_gmt":"2024-03-04T15:51:08","guid":{"rendered":"https:\/\/grupogpps.org\/?p=4607"},"modified":"2024-03-04T12:51:09","modified_gmt":"2024-03-04T15:51:09","slug":"paises-productores-del-sur-apoyan-la-promocion-de-una-agenda-integral","status":"publish","type":"post","link":"https:\/\/grupogpps.org\/pt\/paises-productores-del-sur-apoyan-la-promocion-de-una-agenda-integral\/","title":{"rendered":"Pa\u00edses productores del sur apoyan la promoci\u00f3n de una agenda integral"},"content":{"rendered":"<p><em>El Grupo de Pa\u00edses Productores del Sur (GPS) reiter\u00f3 que el sistema de normas garantiza un comercio agr\u00edcola libre y previsible, fundamental para la competitividad de sus sectores agropecuarios.<\/em><\/p>\n\n\n\n<p>En el marco de la 13\u00b0 Conferencia Ministerial de la Organizaci\u00f3n Mundial del Comercio (OMC), celebrado del 26 al 29 de febrero, el Grupo de Pa\u00edses Productores del Sur present\u00f3 el libro&nbsp;<em>\u201cNavigating the Trade Landscape\u201d<\/em>.<\/p>\n\n\n\n<p>Asimismo, emiti\u00f3 un&nbsp;<a href=\"https:\/\/grupogpps.org\/wp-content\/uploads\/2024\/02\/XIII-OMC-Carta-recomendaciones.pdf\">comunicado&nbsp;<\/a>&nbsp;en el que reconoce que la Organizaci\u00f3n Mundial del Comercio (OMC) y su sistema de normas desempe\u00f1an un papel crucial en el comercio agr\u00edcola internacional, especialmente para pa\u00edses como Argentina, Brasil, Paraguay y Uruguay.&nbsp;<\/p>\n\n\n\n<p>Desde el sector privado consideran que es crucial que la negociaci\u00f3n entre los representantes de los gobiernos sea articulada con el sector p\u00fablico, impulsando una agenda integral que aborda tanto temas tradicionales como nuevos desaf\u00edos, tales como cambio clim\u00e1tico y sostenibilidad.&nbsp;<\/p>\n\n\n\n<p>Esto argumentando a favor de un comercio m\u00e1s libre para abordar desbalances en la oferta y la demanda de alimentos; se advierte contra medidas unilaterales que podr\u00edan derivar en barreras comerciales.<\/p>\n\n\n\n<p>Luiz Carlos Corr\u00eaa Carvalho, presidente de la Asociaci\u00f3n Brasile\u00f1a de Agronegocios (ABAG) representante del GPS Brasil, record\u00f3 que la seguridad alimentaria est\u00e1 estrechamente relacionada con la colaboraci\u00f3n p\u00fablico-privada, que se deben crear est\u00edmulos para alcanzar el potencial de la producci\u00f3n de alimentos y no promover distorsiones en el mercado.<\/p>\n\n\n\n<p>LEIA AS NOT\u00cdCIAS DE <a href=\"https:\/\/www.ugp.org.py\/2024\/02\/29\/paises-productores-del-sur-apoyan-la-promocion-de-una-agenda-integral\/\" target=\"_blank\" rel=\"noreferrer noopener\">Uni\u00f3n de Gremios de la Producci\u00f3n<\/a><\/p>","protected":false},"excerpt":{"rendered":"<p>El Grupo de Pa\u00edses Productores del Sur (GPS) reiter\u00f3 que el sistema de normas garantiza un comercio agr\u00edcola libre y previsible, fundamental para la competitividad de sus sectores agropecuarios. En el marco de la 13\u00b0 Conferencia Ministerial de la Organizaci\u00f3n Mundial del Comercio (OMC), celebrado del 26 al 29 de febrero, el Grupo de Pa\u00edses [&hellip;]<\/p>","protected":false},"author":2,"featured_media":4608,"comment_status":"open","ping_status":"closed","sticky":false,"template":"","format":"standard","meta":{"footnotes":""},"categories":[24,25,23,27],"tags":[],"class_list":["post-4607","post","type-post","status-publish","format-standard","has-post-thumbnail","hentry","category-gps-en-los-medios","category-home","category-novedades","category-publicaciones-home"],"yoast_head":"<!-- This site is optimized with the Yoast SEO plugin v26.8 - https:\/\/yoast.com\/product\/yoast-seo-wordpress\/ -->\n<title>Pa\u00edses productores del sur apoyan la promoci\u00f3n de una agenda integral - GPS<\/title>\n<meta name=\"robots\" content=\"index, follow, max-snippet:-1, max-image-preview:large, max-video-preview:-1\" \/>\n<link rel=\"canonical\" href=\"https:\/\/grupogpps.org\/pt\/paises-productores-del-sur-apoyan-la-promocion-de-una-agenda-integral\/\" \/>\n<meta property=\"og:locale\" content=\"pt_BR\" \/>\n<meta property=\"og:type\" content=\"article\" \/>\n<meta property=\"og:title\" content=\"Pa\u00edses productores del sur apoyan la promoci\u00f3n de una agenda integral - GPS\" \/>\n<meta property=\"og:description\" content=\"El Grupo de Pa\u00edses Productores del Sur (GPS) reiter\u00f3 que el sistema de normas garantiza un comercio agr\u00edcola libre y previsible, fundamental para la competitividad de sus sectores agropecuarios. En el marco de la 13\u00b0 Conferencia Ministerial de la Organizaci\u00f3n Mundial del Comercio (OMC), celebrado del 26 al 29 de febrero, el Grupo de Pa\u00edses [&hellip;]\" \/>\n<meta property=\"og:url\" content=\"https:\/\/grupogpps.org\/pt\/paises-productores-del-sur-apoyan-la-promocion-de-una-agenda-integral\/\" \/>\n<meta property=\"og:site_name\" content=\"GPS\" \/>\n<meta property=\"article:publisher\" content=\"https:\/\/www.linkedin.com\/company\/25037162\/\" \/>\n<meta property=\"article:published_time\" content=\"2024-03-04T15:51:08+00:00\" \/>\n<meta property=\"article:modified_time\" content=\"2024-03-04T15:51:09+00:00\" \/>\n<meta property=\"og:image\" content=\"http:\/\/grupogpps.org\/wp-content\/uploads\/2024\/03\/3.-GPS-1536x1236-1.jpg\" \/>\n\t<meta property=\"og:image:width\" content=\"1536\" \/>\n\t<meta property=\"og:image:height\" content=\"1236\" \/>\n\t<meta property=\"og:image:type\" content=\"image\/jpeg\" \/>\n<meta name=\"author\" content=\"GPS GPS\" \/>\n<meta name=\"twitter:card\" content=\"summary_large_image\" \/>\n<meta name=\"twitter:creator\" content=\"@GPSLatinAmerica\" \/>\n<meta name=\"twitter:site\" content=\"@GPSLatinAmerica\" \/>\n<meta name=\"twitter:label1\" content=\"Escrito por\" \/>\n\t<meta name=\"twitter:data1\" content=\"GPS GPS\" \/>\n\t<meta name=\"twitter:label2\" content=\"Est. tempo de leitura\" \/>\n\t<meta name=\"twitter:data2\" content=\"2 minutos\" \/>\n<script type=\"application\/ld+json\" class=\"yoast-schema-graph\">{\"@context\":\"https:\/\/schema.org\",\"@graph\":[{\"@type\":\"Article\",\"@id\":\"https:\/\/grupogpps.org\/paises-productores-del-sur-apoyan-la-promocion-de-una-agenda-integral\/#article\",\"isPartOf\":{\"@id\":\"https:\/\/grupogpps.org\/paises-productores-del-sur-apoyan-la-promocion-de-una-agenda-integral\/\"},\"author\":{\"name\":\"GPS GPS\",\"@id\":\"https:\/\/grupogpps.org\/#\/schema\/person\/faaafcd24616dff095821c72659ce41f\"},\"headline\":\"Pa\u00edses productores del sur apoyan la promoci\u00f3n de una agenda integral\",\"datePublished\":\"2024-03-04T15:51:08+00:00\",\"dateModified\":\"2024-03-04T15:51:09+00:00\",\"mainEntityOfPage\":{\"@id\":\"https:\/\/grupogpps.org\/paises-productores-del-sur-apoyan-la-promocion-de-una-agenda-integral\/\"},\"wordCount\":273,\"commentCount\":0,\"publisher\":{\"@id\":\"https:\/\/grupogpps.org\/#organization\"},\"image\":{\"@id\":\"https:\/\/grupogpps.org\/paises-productores-del-sur-apoyan-la-promocion-de-una-agenda-integral\/#primaryimage\"},\"thumbnailUrl\":\"https:\/\/grupogpps.org\/wp-content\/uploads\/2024\/03\/3.-GPS-1536x1236-1.jpg\",\"articleSection\":[\"GPS en los medios\",\"Home\",\"Novedades\",\"Publicaciones Home\"],\"inLanguage\":\"pt-BR\",\"potentialAction\":[{\"@type\":\"CommentAction\",\"name\":\"Comment\",\"target\":[\"https:\/\/grupogpps.org\/paises-productores-del-sur-apoyan-la-promocion-de-una-agenda-integral\/#respond\"]}]},{\"@type\":\"WebPage\",\"@id\":\"https:\/\/grupogpps.org\/paises-productores-del-sur-apoyan-la-promocion-de-una-agenda-integral\/\",\"url\":\"https:\/\/grupogpps.org\/paises-productores-del-sur-apoyan-la-promocion-de-una-agenda-integral\/\",\"name\":\"Pa\u00edses productores del sur apoyan la promoci\u00f3n de una agenda integral - GPS\",\"isPartOf\":{\"@id\":\"https:\/\/grupogpps.org\/#website\"},\"primaryImageOfPage\":{\"@id\":\"https:\/\/grupogpps.org\/paises-productores-del-sur-apoyan-la-promocion-de-una-agenda-integral\/#primaryimage\"},\"image\":{\"@id\":\"https:\/\/grupogpps.org\/paises-productores-del-sur-apoyan-la-promocion-de-una-agenda-integral\/#primaryimage\"},\"thumbnailUrl\":\"https:\/\/grupogpps.org\/wp-content\/uploads\/2024\/03\/3.-GPS-1536x1236-1.jpg\",\"datePublished\":\"2024-03-04T15:51:08+00:00\",\"dateModified\":\"2024-03-04T15:51:09+00:00\",\"breadcrumb\":{\"@id\":\"https:\/\/grupogpps.org\/paises-productores-del-sur-apoyan-la-promocion-de-una-agenda-integral\/#breadcrumb\"},\"inLanguage\":\"pt-BR\",\"potentialAction\":[{\"@type\":\"ReadAction\",\"target\":[\"https:\/\/grupogpps.org\/paises-productores-del-sur-apoyan-la-promocion-de-una-agenda-integral\/\"]}]},{\"@type\":\"ImageObject\",\"inLanguage\":\"pt-BR\",\"@id\":\"https:\/\/grupogpps.org\/paises-productores-del-sur-apoyan-la-promocion-de-una-agenda-integral\/#primaryimage\",\"url\":\"https:\/\/grupogpps.org\/wp-content\/uploads\/2024\/03\/3.-GPS-1536x1236-1.jpg\",\"contentUrl\":\"https:\/\/grupogpps.org\/wp-content\/uploads\/2024\/03\/3.-GPS-1536x1236-1.jpg\",\"width\":1536,\"height\":1236},{\"@type\":\"BreadcrumbList\",\"@id\":\"https:\/\/grupogpps.org\/paises-productores-del-sur-apoyan-la-promocion-de-una-agenda-integral\/#breadcrumb\",\"itemListElement\":[{\"@type\":\"ListItem\",\"position\":1,\"name\":\"Inicio\",\"item\":\"https:\/\/grupogpps.org\/\"},{\"@type\":\"ListItem\",\"position\":2,\"name\":\"Pa\u00edses productores del sur apoyan la promoci\u00f3n de una agenda integral\"}]},{\"@type\":\"WebSite\",\"@id\":\"https:\/\/grupogpps.org\/#website\",\"url\":\"https:\/\/grupogpps.org\/\",\"name\":\"GPS\",\"description\":\"Grupo de pa\u00edses productores del sur\",\"publisher\":{\"@id\":\"https:\/\/grupogpps.org\/#organization\"},\"potentialAction\":[{\"@type\":\"SearchAction\",\"target\":{\"@type\":\"EntryPoint\",\"urlTemplate\":\"https:\/\/grupogpps.org\/?s={search_term_string}\"},\"query-input\":{\"@type\":\"PropertyValueSpecification\",\"valueRequired\":true,\"valueName\":\"search_term_string\"}}],\"inLanguage\":\"pt-BR\"},{\"@type\":\"Organization\",\"@id\":\"https:\/\/grupogpps.org\/#organization\",\"name\":\"GPS - Grupo de pa\u00edses productores del sur\",\"url\":\"https:\/\/grupogpps.org\/\",\"logo\":{\"@type\":\"ImageObject\",\"inLanguage\":\"pt-BR\",\"@id\":\"https:\/\/grupogpps.org\/#\/schema\/logo\/image\/\",\"url\":\"http:\/\/grupogpps.org\/wp-content\/uploads\/2021\/06\/logoGPS3.svg\",\"contentUrl\":\"http:\/\/grupogpps.org\/wp-content\/uploads\/2021\/06\/logoGPS3.svg\",\"width\":1,\"height\":1,\"caption\":\"GPS - Grupo de pa\u00edses productores del sur\"},\"image\":{\"@id\":\"https:\/\/grupogpps.org\/#\/schema\/logo\/image\/\"},\"sameAs\":[\"https:\/\/www.linkedin.com\/company\/25037162\/\",\"https:\/\/x.com\/GPSLatinAmerica\",\"https:\/\/www.instagram.com\/gpslatin\/\",\"https:\/\/www.youtube.com\/channel\/UCM2Qf0jSqNRJRkqmU8dO9QA\/videos\"]},{\"@type\":\"Person\",\"@id\":\"https:\/\/grupogpps.org\/#\/schema\/person\/faaafcd24616dff095821c72659ce41f\",\"name\":\"GPS GPS\",\"url\":\"https:\/\/grupogpps.org\/pt\/author\/gps\/\"}]}<\/script>\n<!-- \/ Yoast SEO plugin. -->","yoast_head_json":{"title":"Pa\u00edses productores del sur apoyan la promoci\u00f3n de una agenda integral - GPS","robots":{"index":"index","follow":"follow","max-snippet":"max-snippet:-1","max-image-preview":"max-image-preview:large","max-video-preview":"max-video-preview:-1"},"canonical":"https:\/\/grupogpps.org\/pt\/paises-productores-del-sur-apoyan-la-promocion-de-una-agenda-integral\/","og_locale":"pt_BR","og_type":"article","og_title":"Pa\u00edses productores del sur apoyan la promoci\u00f3n de una agenda integral - GPS","og_description":"El Grupo de Pa\u00edses Productores del Sur (GPS) reiter\u00f3 que el sistema de normas garantiza un comercio agr\u00edcola libre y previsible, fundamental para la competitividad de sus sectores agropecuarios. En el marco de la 13\u00b0 Conferencia Ministerial de la Organizaci\u00f3n Mundial del Comercio (OMC), celebrado del 26 al 29 de febrero, el Grupo de Pa\u00edses [&hellip;]","og_url":"https:\/\/grupogpps.org\/pt\/paises-productores-del-sur-apoyan-la-promocion-de-una-agenda-integral\/","og_site_name":"GPS","article_publisher":"https:\/\/www.linkedin.com\/company\/25037162\/","article_published_time":"2024-03-04T15:51:08+00:00","article_modified_time":"2024-03-04T15:51:09+00:00","og_image":[{"width":1536,"height":1236,"url":"http:\/\/grupogpps.org\/wp-content\/uploads\/2024\/03\/3.-GPS-1536x1236-1.jpg","type":"image\/jpeg"}],"author":"GPS GPS","twitter_card":"summary_large_image","twitter_creator":"@GPSLatinAmerica","twitter_site":"@GPSLatinAmerica","twitter_misc":{"Escrito por":"GPS GPS","Est. tempo de leitura":"2 minutos"},"schema":{"@context":"https:\/\/schema.org","@graph":[{"@type":"Article","@id":"https:\/\/grupogpps.org\/paises-productores-del-sur-apoyan-la-promocion-de-una-agenda-integral\/#article","isPartOf":{"@id":"https:\/\/grupogpps.org\/paises-productores-del-sur-apoyan-la-promocion-de-una-agenda-integral\/"},"author":{"name":"GPS GPS","@id":"https:\/\/grupogpps.org\/#\/schema\/person\/faaafcd24616dff095821c72659ce41f"},"headline":"Pa\u00edses productores del sur apoyan la promoci\u00f3n de una agenda integral","datePublished":"2024-03-04T15:51:08+00:00","dateModified":"2024-03-04T15:51:09+00:00","mainEntityOfPage":{"@id":"https:\/\/grupogpps.org\/paises-productores-del-sur-apoyan-la-promocion-de-una-agenda-integral\/"},"wordCount":273,"commentCount":0,"publisher":{"@id":"https:\/\/grupogpps.org\/#organization"},"image":{"@id":"https:\/\/grupogpps.org\/paises-productores-del-sur-apoyan-la-promocion-de-una-agenda-integral\/#primaryimage"},"thumbnailUrl":"https:\/\/grupogpps.org\/wp-content\/uploads\/2024\/03\/3.-GPS-1536x1236-1.jpg","articleSection":["GPS en los medios","Home","Novedades","Publicaciones Home"],"inLanguage":"pt-BR","potentialAction":[{"@type":"CommentAction","name":"Comment","target":["https:\/\/grupogpps.org\/paises-productores-del-sur-apoyan-la-promocion-de-una-agenda-integral\/#respond"]}]},{"@type":"WebPage","@id":"https:\/\/grupogpps.org\/paises-productores-del-sur-apoyan-la-promocion-de-una-agenda-integral\/","url":"https:\/\/grupogpps.org\/paises-productores-del-sur-apoyan-la-promocion-de-una-agenda-integral\/","name":"Pa\u00edses productores del sur apoyan la promoci\u00f3n de una agenda integral - GPS","isPartOf":{"@id":"https:\/\/grupogpps.org\/#website"},"primaryImageOfPage":{"@id":"https:\/\/grupogpps.org\/paises-productores-del-sur-apoyan-la-promocion-de-una-agenda-integral\/#primaryimage"},"image":{"@id":"https:\/\/grupogpps.org\/paises-productores-del-sur-apoyan-la-promocion-de-una-agenda-integral\/#primaryimage"},"thumbnailUrl":"https:\/\/grupogpps.org\/wp-content\/uploads\/2024\/03\/3.-GPS-1536x1236-1.jpg","datePublished":"2024-03-04T15:51:08+00:00","dateModified":"2024-03-04T15:51:09+00:00","breadcrumb":{"@id":"https:\/\/grupogpps.org\/paises-productores-del-sur-apoyan-la-promocion-de-una-agenda-integral\/#breadcrumb"},"inLanguage":"pt-BR","potentialAction":[{"@type":"ReadAction","target":["https:\/\/grupogpps.org\/paises-productores-del-sur-apoyan-la-promocion-de-una-agenda-integral\/"]}]},{"@type":"ImageObject","inLanguage":"pt-BR","@id":"https:\/\/grupogpps.org\/paises-productores-del-sur-apoyan-la-promocion-de-una-agenda-integral\/#primaryimage","url":"https:\/\/grupogpps.org\/wp-content\/uploads\/2024\/03\/3.-GPS-1536x1236-1.jpg","contentUrl":"https:\/\/grupogpps.org\/wp-content\/uploads\/2024\/03\/3.-GPS-1536x1236-1.jpg","width":1536,"height":1236},{"@type":"BreadcrumbList","@id":"https:\/\/grupogpps.org\/paises-productores-del-sur-apoyan-la-promocion-de-una-agenda-integral\/#breadcrumb","itemListElement":[{"@type":"ListItem","position":1,"name":"Inicio","item":"https:\/\/grupogpps.org\/"},{"@type":"ListItem","position":2,"name":"Pa\u00edses productores del sur apoyan la promoci\u00f3n de una agenda integral"}]},{"@type":"WebSite","@id":"https:\/\/grupogpps.org\/#website","url":"https:\/\/grupogpps.org\/","name":"GPS","description":"Grupo de pa\u00edses productores del sur","publisher":{"@id":"https:\/\/grupogpps.org\/#organization"},"potentialAction":[{"@type":"SearchAction","target":{"@type":"EntryPoint","urlTemplate":"https:\/\/grupogpps.org\/?s={search_term_string}"},"query-input":{"@type":"PropertyValueSpecification","valueRequired":true,"valueName":"search_term_string"}}],"inLanguage":"pt-BR"},{"@type":"Organization","@id":"https:\/\/grupogpps.org\/#organization","name":"GPS - Grupo de pa\u00edses productores del sur","url":"https:\/\/grupogpps.org\/","logo":{"@type":"ImageObject","inLanguage":"pt-BR","@id":"https:\/\/grupogpps.org\/#\/schema\/logo\/image\/","url":"http:\/\/grupogpps.org\/wp-content\/uploads\/2021\/06\/logoGPS3.svg","contentUrl":"http:\/\/grupogpps.org\/wp-content\/uploads\/2021\/06\/logoGPS3.svg","width":1,"height":1,"caption":"GPS - Grupo de pa\u00edses productores del sur"},"image":{"@id":"https:\/\/grupogpps.org\/#\/schema\/logo\/image\/"},"sameAs":["https:\/\/www.linkedin.com\/company\/25037162\/","https:\/\/x.com\/GPSLatinAmerica","https:\/\/www.instagram.com\/gpslatin\/","https:\/\/www.youtube.com\/channel\/UCM2Qf0jSqNRJRkqmU8dO9QA\/videos"]},{"@type":"Person","@id":"https:\/\/grupogpps.org\/#\/schema\/person\/faaafcd24616dff095821c72659ce41f","name":"GPS GPS","url":"https:\/\/grupogpps.org\/pt\/author\/gps\/"}]}},"_links":{"self":[{"href":"https:\/\/grupogpps.org\/pt\/wp-json\/wp\/v2\/posts\/4607","targetHints":{"allow":["GET"]}}],"collection":[{"href":"https:\/\/grupogpps.org\/pt\/wp-json\/wp\/v2\/posts"}],"about":[{"href":"https:\/\/grupogpps.org\/pt\/wp-json\/wp\/v2\/types\/post"}],"author":[{"embeddable":true,"href":"https:\/\/grupogpps.org\/pt\/wp-json\/wp\/v2\/users\/2"}],"replies":[{"embeddable":true,"href":"https:\/\/grupogpps.org\/pt\/wp-json\/wp\/v2\/comments?post=4607"}],"version-history":[{"count":1,"href":"https:\/\/grupogpps.org\/pt\/wp-json\/wp\/v2\/posts\/4607\/revisions"}],"predecessor-version":[{"id":4609,"href":"https:\/\/grupogpps.org\/pt\/wp-json\/wp\/v2\/posts\/4607\/revisions\/4609"}],"wp:featuredmedia":[{"embeddable":true,"href":"https:\/\/grupogpps.org\/pt\/wp-json\/wp\/v2\/media\/4608"}],"wp:attachment":[{"href":"https:\/\/grupogpps.org\/pt\/wp-json\/wp\/v2\/media?parent=4607"}],"wp:term":[{"taxonomy":"category","embeddable":true,"href":"https:\/\/grupogpps.org\/pt\/wp-json\/wp\/v2\/categories?post=4607"},{"taxonomy":"post_tag","embeddable":true,"href":"https:\/\/grupogpps.org\/pt\/wp-json\/wp\/v2\/tags?post=4607"}],"curies":[{"name":"wp","href":"https:\/\/api.w.org\/{rel}","templated":true}]}}