{"id":4534,"date":"2023-12-21T16:26:15","date_gmt":"2023-12-21T19:26:15","guid":{"rendered":"http:\/\/grupogpps.org\/?p=4534"},"modified":"2023-12-21T22:38:34","modified_gmt":"2023-12-22T01:38:34","slug":"gps-participo-activamente-de-las-actividades-del-sector-privado-en-la-cop28-en-dubai","status":"publish","type":"post","link":"https:\/\/grupogpps.org\/pt\/gps-participo-activamente-de-las-actividades-del-sector-privado-en-la-cop28-en-dubai\/","title":{"rendered":"GPS particip\u00f3 activamente de las actividades del sector privado en la COP28 en Dub\u00e1i"},"content":{"rendered":"<p class=\"has-medium-font-size\"><\/p>\n\n\n\n<p>Entre el 1 y el 13 de diciembre, representantes de unos 200 pa\u00edses se reunieron en Dub\u00e1i (Emiratos \u00c1rabes Unidos) para la Conferencia de las Partes en la Convenci\u00f3n Marco de Naciones Unidas sobre Cambio Clim\u00e1tico, la COP28.<\/p>\n\n\n\n<p>En esta edici\u00f3n, como en las anteriores, los pa\u00edses buscaron alcanzar acuerdos que permitan avances significativos hacia el logro del objetivo central fijado en el Acuerdo de Par\u00eds, suscrito en 2015: detener el aumento de la temperatura media mundial por debajo de 2 \u00b0C, y proseguir los esfuerzos para limitar el aumento a 1.5 \u00b0C por encima de los niveles preindustriales.<\/p>\n\n\n\n<p>Esta COP logr\u00f3 un avance significativo: <strong>la aprobaci\u00f3n de una hoja de ruta para la \u201ctransici\u00f3n hacia el abandono de los combustibles f\u00f3siles\u201d, aunque a\u00fan no se logr\u00f3 establecer compromisos exigibles para la retirada del carb\u00f3n, petr\u00f3leo y gas.<\/strong><\/p>\n\n\n\n<p>Asimismo, se consiguieron compromisos para triplicar la capacidad de las energ\u00edas renovables y duplicar la eficiencia energ\u00e9tica para 2030, y se avanz\u00f3 en relaci\u00f3n a la adaptaci\u00f3n y el financiamiento, incluida la puesta en marcha del Fondo de P\u00e9rdidas y Da\u00f1os, aunque los compromisos en t\u00e9rminos financieros son a\u00fan muy limitados.<\/p>\n\n\n\n<p>La actividad de GPS en las COP ha venido creciendo en forma sostenida en los \u00faltimos a\u00f1os, acompa\u00f1ando un mayor involucramiento del sector privado as\u00ed como de instituciones regionales vinculadas al agro, como el IICA.<\/p>\n\n\n\n<p>En el entendimiento de que el sector agroalimentario de la regi\u00f3n (y, en particular, en Argentina, Brasil, Paraguay y Uruguay) puede cumplir un rol clave en el abordaje de dos de los grandes problemas globales de la actualidad, la seguridad alimentaria y la mitigaci\u00f3n del cambio clim\u00e1tico, se organizaron diversos eventos durante la COP.<\/p>\n\n\n\n<p>El 4 de diciembre (D\u00eda de las Finanzas) se desarroll\u00f3 una sesi\u00f3n virtual en el marco de la plataforma del ICC (C\u00e1mara de Comercio Internacional) cuyo t\u00edtulo fue <strong>\u201cCapital costs, transition risks and the burden for developing countries\u201d<\/strong> y que abord\u00f3, precisamente, el impacto de los riesgos de transici\u00f3n derivados de regulaciones arbitrarias y su impacto en el aumento del costo de capital para los pa\u00edses en desarrollo que son aquellos que m\u00e1s requieren acceder a financiamiento a costo competitivo.&nbsp; Dichos pa\u00edses, en general, son los que menos contribuyen a las emisiones de GEI pero, en muchos casos, resultan penalizados por dichas regulaciones.<\/p>\n\n\n\n<p>Participaron del panel, que fue moderado por <strong>Mar\u00eda Noel Sanguinetti<\/strong> (economista, miembro de GPS Uruguay), <strong>Mart\u00edn Fragu\u00edo<\/strong>&nbsp;(Miembro Fundador de GPS Argentina y Director Carbon&nbsp;Group), <strong>Roberto Azevedo<\/strong>&nbsp;(Socio Fundador de YvY Capital y ex Director de la OMC, &nbsp;Brazil) y <strong>Diego Flaiban<\/strong>&nbsp;(Director del Sector Financiero para el Cono Sur de BID Invest, &nbsp;Argentina).<\/p>\n\n\n\n<p><strong>La grabaci\u00f3n de la sesi\u00f3n puede verse en el siguiente <a href=\"https:\/\/www.youtube.com\/watch?v=tWL4LlUhSyU\">link.<\/a><\/strong><\/p>\n\n\n\n<p><\/p>\n\n\n\n<p>Asimismo, el 10 de diciembre (D\u00eda de la Agricultura), GPS co-organiz\u00f3 dos eventos presenciales en Dubai.<\/p>\n\n\n\n<p>Considerando que la sostenibilidad es un campo complejo para las empresas y que las nuevas reglas y regulaciones, as\u00ed como las exigencias del mercado, configuran continuamente el escenario local e internacional, el primero de ellos, organizado en forma conjunta con ICC Argentina, llev\u00f3 por t\u00edtulo<strong> \u00abTowards a Sustainable Trade Worldwide. Discussions among the Americas and Europe\u00bb. <\/strong>&nbsp;La sesi\u00f3n propuso una discusi\u00f3n sobre oportunidades y desaf\u00edos que el sector agr\u00edcola y ganadero tiene que superar particularmente en tres campos principales: nuevos est\u00e1ndares y regulaciones internacionales para acceder a los mercados internacionales; reconversi\u00f3n de sistemas; y fuentes de financiaci\u00f3n.<\/p>\n\n\n\n<p>La apertura de la sesi\u00f3n fue realizada por <strong>Sandra Hanni&nbsp;<\/strong>(Global Policy Lead \u2013 Climate, ICC)y cont\u00f3 con la participaci\u00f3n de&nbsp;<strong>Roberto Azevedo<\/strong>&nbsp;(ex Director General de la OMC, Presidente de la Iniciativa Internacional para el Agronegocio Brasilero y Socio Fundador de YvY Capital), <strong>Marcos Pereda&nbsp;<\/strong>(Vicepresidente de la Sociedad Rural Argentina y miembro del Board de ICC Argentina), <strong>Alex Peterson<\/strong>&nbsp;(Propietario de Peterson Dairy, EEUU) y <strong>Mario Cerutti&nbsp;<\/strong>(Jefe de Relaciones Institucionales y Sustentabilidad de Lavazza Group, Italia), y fue moderada por <strong>Mart\u00edn Fragu\u00edo<\/strong>&nbsp;(Miembro Fundador de GPS Argentina y Director Carbon&nbsp;Group).<\/p>\n\n\n\n<p><strong>La grabaci\u00f3n de la sesi\u00f3n puede verse en este <a href=\"https:\/\/youtu.be\/yfViEaeNR5g\">link<\/a>.<\/strong><\/p>\n\n\n\n<p>Por otra parte, ese mismo d\u00eda,&nbsp; en el Pabell\u00f3n de Agricultura Sostenible de las Am\u00e9ricas del IICA, se organiz\u00f3 un panel sobre <strong>\u00abSustainability of Production Systems in Southern Cone Countries: Experiences and Developments in Argentina, Brasil, Paraguay and Uruguay\u00bb <\/strong>en el que se presentaron los avances del proyecto conjunto que los cuatro pa\u00edses est\u00e1n desarrollando, cuyo objetivo (en esta primera etapa) es caracterizar los sistemas productivos y generar una metodolog\u00eda com\u00fan que, en una etapa posterior, permitir\u00e1 abordar estudios espec\u00edficos para cada pa\u00eds dentro de un marco com\u00fan y de comunicaci\u00f3n unificada. La sesi\u00f3n present\u00f3 el quehacer y metodolog\u00eda del proceso de integraci\u00f3n y caracterizaci\u00f3n de sistemas de producci\u00f3n clim\u00e1ticamente inteligentes en la regi\u00f3n, junto con casos y ejemplos pr\u00e1cticos de aplicaci\u00f3n.<\/p>\n\n\n\n<p>La sesi\u00f3n fue presentada por<strong> Francisco Lezama<\/strong>&nbsp;(Coordinador del Foro Uruguay de GPS) y cont\u00f3 con las participaciones de <strong>Marcelo Torres<\/strong>&nbsp;(Presidente de AAPRESID, Argentina), <strong>Daniel Vargas<\/strong>&nbsp;(Coordinador de Bioeconom\u00eda de Fundaci\u00f3n Getulio Vargas, Brasil) e <strong>Ignacio Di Pascua<\/strong>&nbsp;(Director de Proyecto de INAC, Uruguay). Fue moderada por<strong> Mail\u00e9n Saluzzio<\/strong>&nbsp;(Responsable de Relaciones Internacionales de AAPRESID, Argentina).<\/p>\n\n\n\n<p><strong>El video de la sesi\u00f3n puede verse en el <a href=\"https:\/\/www.youtube.com\/watch?v=XiAdn5I3mkA\">link<\/a><\/strong><\/p>\n\n\n\n<p>Asimismo, en el marco de la COP, GPS se sum\u00f3, junto con otras instituciones, como la Asociaci\u00f3n Argentina de Productores en Siembra Directa (AAPRESID), el Departamento de Silvicultura de la Universidad Estatal de Michigan (MSU), Gold Standard, ACORN de Rabobank y Climate Focus, a la Iniciativa de Integridad del Mercado Voluntario del Carbono (VCMI), promovida por el IICA, cuyo objetivo es respaldar el acceso del agro de Am\u00e9rica Latina y el Caribe al financiamiento de los mercados de carbono voluntarios y de cumplimiento.<\/p>\n\n\n\n<p><\/p>\n\n\n\n<p><\/p>\n\n\n\n<p class=\"has-text-align-center\"><\/p>","protected":false},"excerpt":{"rendered":"<p>Entre el 1 y el 13 de diciembre, representantes de unos 200 pa\u00edses se reunieron en Dub\u00e1i (Emiratos \u00c1rabes Unidos) para la Conferencia de las Partes en la Convenci\u00f3n Marco de Naciones Unidas sobre Cambio Clim\u00e1tico, la COP28. En esta edici\u00f3n, como en las anteriores, los pa\u00edses buscaron alcanzar acuerdos que permitan avances significativos hacia [&hellip;]<\/p>","protected":false},"author":2,"featured_media":4535,"comment_status":"open","ping_status":"closed","sticky":false,"template":"","format":"standard","meta":{"footnotes":""},"categories":[19,58,25,23],"tags":[],"class_list":["post-4534","post","type-post","status-publish","format-standard","has-post-thumbnail","hentry","category-actividades","category-eventos","category-home","category-novedades"],"yoast_head":"<!-- This site is optimized with the Yoast SEO plugin v26.8 - https:\/\/yoast.com\/product\/yoast-seo-wordpress\/ -->\n<title>GPS particip\u00f3 activamente de las actividades del sector privado en la COP28 en Dub\u00e1i - GPS<\/title>\n<meta name=\"robots\" content=\"index, follow, max-snippet:-1, max-image-preview:large, max-video-preview:-1\" \/>\n<link rel=\"canonical\" href=\"https:\/\/grupogpps.org\/pt\/gps-participo-activamente-de-las-actividades-del-sector-privado-en-la-cop28-en-dubai\/\" \/>\n<meta property=\"og:locale\" content=\"pt_BR\" \/>\n<meta property=\"og:type\" content=\"article\" \/>\n<meta property=\"og:title\" content=\"GPS particip\u00f3 activamente de las actividades del sector privado en la COP28 en Dub\u00e1i - GPS\" \/>\n<meta property=\"og:description\" content=\"Entre el 1 y el 13 de diciembre, representantes de unos 200 pa\u00edses se reunieron en Dub\u00e1i (Emiratos \u00c1rabes Unidos) para la Conferencia de las Partes en la Convenci\u00f3n Marco de Naciones Unidas sobre Cambio Clim\u00e1tico, la COP28. En esta edici\u00f3n, como en las anteriores, los pa\u00edses buscaron alcanzar acuerdos que permitan avances significativos hacia [&hellip;]\" \/>\n<meta property=\"og:url\" content=\"https:\/\/grupogpps.org\/pt\/gps-participo-activamente-de-las-actividades-del-sector-privado-en-la-cop28-en-dubai\/\" \/>\n<meta property=\"og:site_name\" content=\"GPS\" \/>\n<meta property=\"article:publisher\" content=\"https:\/\/www.linkedin.com\/company\/25037162\/\" \/>\n<meta property=\"article:published_time\" content=\"2023-12-21T19:26:15+00:00\" \/>\n<meta property=\"article:modified_time\" content=\"2023-12-22T01:38:34+00:00\" \/>\n<meta property=\"og:image\" content=\"https:\/\/grupogpps.org\/wp-content\/uploads\/2023\/12\/foto_cop281.jpg\" \/>\n\t<meta property=\"og:image:width\" content=\"840\" \/>\n\t<meta property=\"og:image:height\" content=\"475\" \/>\n\t<meta property=\"og:image:type\" content=\"image\/jpeg\" \/>\n<meta name=\"author\" content=\"GPS GPS\" \/>\n<meta name=\"twitter:card\" content=\"summary_large_image\" \/>\n<meta name=\"twitter:creator\" content=\"@GPSLatinAmerica\" \/>\n<meta name=\"twitter:site\" content=\"@GPSLatinAmerica\" \/>\n<meta name=\"twitter:label1\" content=\"Escrito por\" \/>\n\t<meta name=\"twitter:data1\" content=\"GPS GPS\" \/>\n\t<meta name=\"twitter:label2\" content=\"Est. tempo de leitura\" \/>\n\t<meta name=\"twitter:data2\" content=\"5 minutos\" \/>\n<script type=\"application\/ld+json\" class=\"yoast-schema-graph\">{\"@context\":\"https:\/\/schema.org\",\"@graph\":[{\"@type\":\"Article\",\"@id\":\"https:\/\/grupogpps.org\/gps-participo-activamente-de-las-actividades-del-sector-privado-en-la-cop28-en-dubai\/#article\",\"isPartOf\":{\"@id\":\"https:\/\/grupogpps.org\/gps-participo-activamente-de-las-actividades-del-sector-privado-en-la-cop28-en-dubai\/\"},\"author\":{\"name\":\"GPS GPS\",\"@id\":\"https:\/\/grupogpps.org\/#\/schema\/person\/faaafcd24616dff095821c72659ce41f\"},\"headline\":\"GPS particip\u00f3 activamente de las actividades del sector privado en la COP28 en Dub\u00e1i\",\"datePublished\":\"2023-12-21T19:26:15+00:00\",\"dateModified\":\"2023-12-22T01:38:34+00:00\",\"mainEntityOfPage\":{\"@id\":\"https:\/\/grupogpps.org\/gps-participo-activamente-de-las-actividades-del-sector-privado-en-la-cop28-en-dubai\/\"},\"wordCount\":1045,\"commentCount\":0,\"publisher\":{\"@id\":\"https:\/\/grupogpps.org\/#organization\"},\"image\":{\"@id\":\"https:\/\/grupogpps.org\/gps-participo-activamente-de-las-actividades-del-sector-privado-en-la-cop28-en-dubai\/#primaryimage\"},\"thumbnailUrl\":\"https:\/\/grupogpps.org\/wp-content\/uploads\/2023\/12\/foto_cop281.jpg\",\"articleSection\":[\"Actividades\",\"Eventos\",\"Home\",\"Novedades\"],\"inLanguage\":\"pt-BR\",\"potentialAction\":[{\"@type\":\"CommentAction\",\"name\":\"Comment\",\"target\":[\"https:\/\/grupogpps.org\/gps-participo-activamente-de-las-actividades-del-sector-privado-en-la-cop28-en-dubai\/#respond\"]}]},{\"@type\":\"WebPage\",\"@id\":\"https:\/\/grupogpps.org\/gps-participo-activamente-de-las-actividades-del-sector-privado-en-la-cop28-en-dubai\/\",\"url\":\"https:\/\/grupogpps.org\/gps-participo-activamente-de-las-actividades-del-sector-privado-en-la-cop28-en-dubai\/\",\"name\":\"GPS particip\u00f3 activamente de las actividades del sector privado en la COP28 en Dub\u00e1i - GPS\",\"isPartOf\":{\"@id\":\"https:\/\/grupogpps.org\/#website\"},\"primaryImageOfPage\":{\"@id\":\"https:\/\/grupogpps.org\/gps-participo-activamente-de-las-actividades-del-sector-privado-en-la-cop28-en-dubai\/#primaryimage\"},\"image\":{\"@id\":\"https:\/\/grupogpps.org\/gps-participo-activamente-de-las-actividades-del-sector-privado-en-la-cop28-en-dubai\/#primaryimage\"},\"thumbnailUrl\":\"https:\/\/grupogpps.org\/wp-content\/uploads\/2023\/12\/foto_cop281.jpg\",\"datePublished\":\"2023-12-21T19:26:15+00:00\",\"dateModified\":\"2023-12-22T01:38:34+00:00\",\"breadcrumb\":{\"@id\":\"https:\/\/grupogpps.org\/gps-participo-activamente-de-las-actividades-del-sector-privado-en-la-cop28-en-dubai\/#breadcrumb\"},\"inLanguage\":\"pt-BR\",\"potentialAction\":[{\"@type\":\"ReadAction\",\"target\":[\"https:\/\/grupogpps.org\/gps-participo-activamente-de-las-actividades-del-sector-privado-en-la-cop28-en-dubai\/\"]}]},{\"@type\":\"ImageObject\",\"inLanguage\":\"pt-BR\",\"@id\":\"https:\/\/grupogpps.org\/gps-participo-activamente-de-las-actividades-del-sector-privado-en-la-cop28-en-dubai\/#primaryimage\",\"url\":\"https:\/\/grupogpps.org\/wp-content\/uploads\/2023\/12\/foto_cop281.jpg\",\"contentUrl\":\"https:\/\/grupogpps.org\/wp-content\/uploads\/2023\/12\/foto_cop281.jpg\",\"width\":840,\"height\":475},{\"@type\":\"BreadcrumbList\",\"@id\":\"https:\/\/grupogpps.org\/gps-participo-activamente-de-las-actividades-del-sector-privado-en-la-cop28-en-dubai\/#breadcrumb\",\"itemListElement\":[{\"@type\":\"ListItem\",\"position\":1,\"name\":\"Inicio\",\"item\":\"https:\/\/grupogpps.org\/\"},{\"@type\":\"ListItem\",\"position\":2,\"name\":\"GPS particip\u00f3 activamente de las actividades del sector privado en la COP28 en Dub\u00e1i\"}]},{\"@type\":\"WebSite\",\"@id\":\"https:\/\/grupogpps.org\/#website\",\"url\":\"https:\/\/grupogpps.org\/\",\"name\":\"GPS\",\"description\":\"Grupo de pa\u00edses productores del sur\",\"publisher\":{\"@id\":\"https:\/\/grupogpps.org\/#organization\"},\"potentialAction\":[{\"@type\":\"SearchAction\",\"target\":{\"@type\":\"EntryPoint\",\"urlTemplate\":\"https:\/\/grupogpps.org\/?s={search_term_string}\"},\"query-input\":{\"@type\":\"PropertyValueSpecification\",\"valueRequired\":true,\"valueName\":\"search_term_string\"}}],\"inLanguage\":\"pt-BR\"},{\"@type\":\"Organization\",\"@id\":\"https:\/\/grupogpps.org\/#organization\",\"name\":\"GPS - Grupo de pa\u00edses productores del sur\",\"url\":\"https:\/\/grupogpps.org\/\",\"logo\":{\"@type\":\"ImageObject\",\"inLanguage\":\"pt-BR\",\"@id\":\"https:\/\/grupogpps.org\/#\/schema\/logo\/image\/\",\"url\":\"http:\/\/grupogpps.org\/wp-content\/uploads\/2021\/06\/logoGPS3.svg\",\"contentUrl\":\"http:\/\/grupogpps.org\/wp-content\/uploads\/2021\/06\/logoGPS3.svg\",\"width\":1,\"height\":1,\"caption\":\"GPS - Grupo de pa\u00edses productores del sur\"},\"image\":{\"@id\":\"https:\/\/grupogpps.org\/#\/schema\/logo\/image\/\"},\"sameAs\":[\"https:\/\/www.linkedin.com\/company\/25037162\/\",\"https:\/\/x.com\/GPSLatinAmerica\",\"https:\/\/www.instagram.com\/gpslatin\/\",\"https:\/\/www.youtube.com\/channel\/UCM2Qf0jSqNRJRkqmU8dO9QA\/videos\"]},{\"@type\":\"Person\",\"@id\":\"https:\/\/grupogpps.org\/#\/schema\/person\/faaafcd24616dff095821c72659ce41f\",\"name\":\"GPS GPS\",\"url\":\"https:\/\/grupogpps.org\/pt\/author\/gps\/\"}]}<\/script>\n<!-- \/ Yoast SEO plugin. -->","yoast_head_json":{"title":"GPS particip\u00f3 activamente de las actividades del sector privado en la COP28 en Dub\u00e1i - GPS","robots":{"index":"index","follow":"follow","max-snippet":"max-snippet:-1","max-image-preview":"max-image-preview:large","max-video-preview":"max-video-preview:-1"},"canonical":"https:\/\/grupogpps.org\/pt\/gps-participo-activamente-de-las-actividades-del-sector-privado-en-la-cop28-en-dubai\/","og_locale":"pt_BR","og_type":"article","og_title":"GPS particip\u00f3 activamente de las actividades del sector privado en la COP28 en Dub\u00e1i - GPS","og_description":"Entre el 1 y el 13 de diciembre, representantes de unos 200 pa\u00edses se reunieron en Dub\u00e1i (Emiratos \u00c1rabes Unidos) para la Conferencia de las Partes en la Convenci\u00f3n Marco de Naciones Unidas sobre Cambio Clim\u00e1tico, la COP28. En esta edici\u00f3n, como en las anteriores, los pa\u00edses buscaron alcanzar acuerdos que permitan avances significativos hacia [&hellip;]","og_url":"https:\/\/grupogpps.org\/pt\/gps-participo-activamente-de-las-actividades-del-sector-privado-en-la-cop28-en-dubai\/","og_site_name":"GPS","article_publisher":"https:\/\/www.linkedin.com\/company\/25037162\/","article_published_time":"2023-12-21T19:26:15+00:00","article_modified_time":"2023-12-22T01:38:34+00:00","og_image":[{"width":840,"height":475,"url":"https:\/\/grupogpps.org\/wp-content\/uploads\/2023\/12\/foto_cop281.jpg","type":"image\/jpeg"}],"author":"GPS GPS","twitter_card":"summary_large_image","twitter_creator":"@GPSLatinAmerica","twitter_site":"@GPSLatinAmerica","twitter_misc":{"Escrito por":"GPS GPS","Est. tempo de leitura":"5 minutos"},"schema":{"@context":"https:\/\/schema.org","@graph":[{"@type":"Article","@id":"https:\/\/grupogpps.org\/gps-participo-activamente-de-las-actividades-del-sector-privado-en-la-cop28-en-dubai\/#article","isPartOf":{"@id":"https:\/\/grupogpps.org\/gps-participo-activamente-de-las-actividades-del-sector-privado-en-la-cop28-en-dubai\/"},"author":{"name":"GPS GPS","@id":"https:\/\/grupogpps.org\/#\/schema\/person\/faaafcd24616dff095821c72659ce41f"},"headline":"GPS particip\u00f3 activamente de las actividades del sector privado en la COP28 en Dub\u00e1i","datePublished":"2023-12-21T19:26:15+00:00","dateModified":"2023-12-22T01:38:34+00:00","mainEntityOfPage":{"@id":"https:\/\/grupogpps.org\/gps-participo-activamente-de-las-actividades-del-sector-privado-en-la-cop28-en-dubai\/"},"wordCount":1045,"commentCount":0,"publisher":{"@id":"https:\/\/grupogpps.org\/#organization"},"image":{"@id":"https:\/\/grupogpps.org\/gps-participo-activamente-de-las-actividades-del-sector-privado-en-la-cop28-en-dubai\/#primaryimage"},"thumbnailUrl":"https:\/\/grupogpps.org\/wp-content\/uploads\/2023\/12\/foto_cop281.jpg","articleSection":["Actividades","Eventos","Home","Novedades"],"inLanguage":"pt-BR","potentialAction":[{"@type":"CommentAction","name":"Comment","target":["https:\/\/grupogpps.org\/gps-participo-activamente-de-las-actividades-del-sector-privado-en-la-cop28-en-dubai\/#respond"]}]},{"@type":"WebPage","@id":"https:\/\/grupogpps.org\/gps-participo-activamente-de-las-actividades-del-sector-privado-en-la-cop28-en-dubai\/","url":"https:\/\/grupogpps.org\/gps-participo-activamente-de-las-actividades-del-sector-privado-en-la-cop28-en-dubai\/","name":"GPS particip\u00f3 activamente de las actividades del sector privado en la COP28 en Dub\u00e1i - GPS","isPartOf":{"@id":"https:\/\/grupogpps.org\/#website"},"primaryImageOfPage":{"@id":"https:\/\/grupogpps.org\/gps-participo-activamente-de-las-actividades-del-sector-privado-en-la-cop28-en-dubai\/#primaryimage"},"image":{"@id":"https:\/\/grupogpps.org\/gps-participo-activamente-de-las-actividades-del-sector-privado-en-la-cop28-en-dubai\/#primaryimage"},"thumbnailUrl":"https:\/\/grupogpps.org\/wp-content\/uploads\/2023\/12\/foto_cop281.jpg","datePublished":"2023-12-21T19:26:15+00:00","dateModified":"2023-12-22T01:38:34+00:00","breadcrumb":{"@id":"https:\/\/grupogpps.org\/gps-participo-activamente-de-las-actividades-del-sector-privado-en-la-cop28-en-dubai\/#breadcrumb"},"inLanguage":"pt-BR","potentialAction":[{"@type":"ReadAction","target":["https:\/\/grupogpps.org\/gps-participo-activamente-de-las-actividades-del-sector-privado-en-la-cop28-en-dubai\/"]}]},{"@type":"ImageObject","inLanguage":"pt-BR","@id":"https:\/\/grupogpps.org\/gps-participo-activamente-de-las-actividades-del-sector-privado-en-la-cop28-en-dubai\/#primaryimage","url":"https:\/\/grupogpps.org\/wp-content\/uploads\/2023\/12\/foto_cop281.jpg","contentUrl":"https:\/\/grupogpps.org\/wp-content\/uploads\/2023\/12\/foto_cop281.jpg","width":840,"height":475},{"@type":"BreadcrumbList","@id":"https:\/\/grupogpps.org\/gps-participo-activamente-de-las-actividades-del-sector-privado-en-la-cop28-en-dubai\/#breadcrumb","itemListElement":[{"@type":"ListItem","position":1,"name":"Inicio","item":"https:\/\/grupogpps.org\/"},{"@type":"ListItem","position":2,"name":"GPS particip\u00f3 activamente de las actividades del sector privado en la COP28 en Dub\u00e1i"}]},{"@type":"WebSite","@id":"https:\/\/grupogpps.org\/#website","url":"https:\/\/grupogpps.org\/","name":"GPS","description":"Grupo de pa\u00edses productores del sur","publisher":{"@id":"https:\/\/grupogpps.org\/#organization"},"potentialAction":[{"@type":"SearchAction","target":{"@type":"EntryPoint","urlTemplate":"https:\/\/grupogpps.org\/?s={search_term_string}"},"query-input":{"@type":"PropertyValueSpecification","valueRequired":true,"valueName":"search_term_string"}}],"inLanguage":"pt-BR"},{"@type":"Organization","@id":"https:\/\/grupogpps.org\/#organization","name":"GPS - Grupo de pa\u00edses productores del sur","url":"https:\/\/grupogpps.org\/","logo":{"@type":"ImageObject","inLanguage":"pt-BR","@id":"https:\/\/grupogpps.org\/#\/schema\/logo\/image\/","url":"http:\/\/grupogpps.org\/wp-content\/uploads\/2021\/06\/logoGPS3.svg","contentUrl":"http:\/\/grupogpps.org\/wp-content\/uploads\/2021\/06\/logoGPS3.svg","width":1,"height":1,"caption":"GPS - Grupo de pa\u00edses productores del sur"},"image":{"@id":"https:\/\/grupogpps.org\/#\/schema\/logo\/image\/"},"sameAs":["https:\/\/www.linkedin.com\/company\/25037162\/","https:\/\/x.com\/GPSLatinAmerica","https:\/\/www.instagram.com\/gpslatin\/","https:\/\/www.youtube.com\/channel\/UCM2Qf0jSqNRJRkqmU8dO9QA\/videos"]},{"@type":"Person","@id":"https:\/\/grupogpps.org\/#\/schema\/person\/faaafcd24616dff095821c72659ce41f","name":"GPS GPS","url":"https:\/\/grupogpps.org\/pt\/author\/gps\/"}]}},"_links":{"self":[{"href":"https:\/\/grupogpps.org\/pt\/wp-json\/wp\/v2\/posts\/4534","targetHints":{"allow":["GET"]}}],"collection":[{"href":"https:\/\/grupogpps.org\/pt\/wp-json\/wp\/v2\/posts"}],"about":[{"href":"https:\/\/grupogpps.org\/pt\/wp-json\/wp\/v2\/types\/post"}],"author":[{"embeddable":true,"href":"https:\/\/grupogpps.org\/pt\/wp-json\/wp\/v2\/users\/2"}],"replies":[{"embeddable":true,"href":"https:\/\/grupogpps.org\/pt\/wp-json\/wp\/v2\/comments?post=4534"}],"version-history":[{"count":4,"href":"https:\/\/grupogpps.org\/pt\/wp-json\/wp\/v2\/posts\/4534\/revisions"}],"predecessor-version":[{"id":4541,"href":"https:\/\/grupogpps.org\/pt\/wp-json\/wp\/v2\/posts\/4534\/revisions\/4541"}],"wp:featuredmedia":[{"embeddable":true,"href":"https:\/\/grupogpps.org\/pt\/wp-json\/wp\/v2\/media\/4535"}],"wp:attachment":[{"href":"https:\/\/grupogpps.org\/pt\/wp-json\/wp\/v2\/media?parent=4534"}],"wp:term":[{"taxonomy":"category","embeddable":true,"href":"https:\/\/grupogpps.org\/pt\/wp-json\/wp\/v2\/categories?post=4534"},{"taxonomy":"post_tag","embeddable":true,"href":"https:\/\/grupogpps.org\/pt\/wp-json\/wp\/v2\/tags?post=4534"}],"curies":[{"name":"wp","href":"https:\/\/api.w.org\/{rel}","templated":true}]}}