{"id":4487,"date":"2023-11-02T13:08:35","date_gmt":"2023-11-02T16:08:35","guid":{"rendered":"http:\/\/grupogpps.org\/?p=4487"},"modified":"2023-11-02T13:08:37","modified_gmt":"2023-11-02T16:08:37","slug":"con-85-anos-martin-pineiro-es-la-memoria-viva-de-la-lucha-contra-los-subsidios-agricolas-y-las-barreras-al-comercio-ahora-advierte-que-ese-esfuerzo-se-debilita","status":"publish","type":"post","link":"https:\/\/grupogpps.org\/pt\/con-85-anos-martin-pineiro-es-la-memoria-viva-de-la-lucha-contra-los-subsidios-agricolas-y-las-barreras-al-comercio-ahora-advierte-que-ese-esfuerzo-se-debilita\/","title":{"rendered":"Con 85 a\u00f1os, Mart\u00edn Pi\u00f1eiro es la memoria viva de la lucha contra los subsidios agr\u00edcolas y las barreras al comercio: Ahora advierte que ese esfuerzo se debilita"},"content":{"rendered":"<p>Antes de hacer esta entrevista con Mart\u00edn Pi\u00f1eiro, que es una de las eminencias en materia de pol\u00edtica agropecuaria con la que cuenta la Argentina,&nbsp;<strong>Bichos de Campo<\/strong>&nbsp;repas\u00f3 r\u00e1pidamente su curr\u00edculum vitae, para no meter la pata. El gran riesgo de consultar cosas as\u00ed -a los apurones- en la Internet es que no siempre est\u00e1n actualizadas.<\/p>\n\n\n\n<p>Sobre Pi\u00f1eiro dec\u00eda su CV que es ingeniero agr\u00f3nomo graduado en la Universidad de Buenos Aires y con un master en Econom\u00eda Agraria en la Universidad de California. Que ocup\u00f3 m\u00faltiples cargos en organismos internacionales pero tambi\u00e9n en nuestro querido INTA. Que fue director general del Instituto Interamericano de Cooperaci\u00f3n para la Agricultura (IICA) luego del retorno de la democracia en el pa\u00eds. Y as\u00ed va sumando antecedentes profesionales y acad\u00e9micos. De todos modos, el dato que m\u00e1s nos sorprendi\u00f3 de ese curr\u00edculum dec\u00eda que Mart\u00edn \u201cha escrito 10 libros y m\u00e1s de 100 art\u00edculos\u201d vinculados con la pol\u00edtica agr\u00edcola y comercial internacional.<\/p>\n\n\n\n<p>Nos hicimos los cancheros y en la entrevista marcamos de entrada eso. Pero \u00e9l nos corrigi\u00f3: \u201cSon 16 libros ahora, 16 libros. Acabo de publicar los \u00faltimos cuatro\u201d.<\/p>\n\n\n\n<p>Pi\u00f1eiro, quien naci\u00f3 en 1938 y ya cumpli\u00f3 los 85 a\u00f1os, se muestra infatigable. Sigue siendo asesor del IICA y cooperando activamente con otras instituciones, como el Grupo GPS o el CARI.<\/p>\n\n\n\n<p><strong>Mir\u00e1 la entrevista completa:<\/strong><\/p>\n\n\n\n<figure class=\"wp-block-embed is-type-video is-provider-youtube wp-block-embed-youtube wp-embed-aspect-16-9 wp-has-aspect-ratio\"><div class=\"wp-block-embed__wrapper\">\n<iframe loading=\"lazy\" title=\"Mart\u00edn Pi\u00f1eiro, ex subsecretario de Agricultura y director general\u00a0del\u00a0IICA\" width=\"800\" height=\"450\" src=\"https:\/\/www.youtube.com\/embed\/SitAg5y5p-g?start=5&#038;feature=oembed\" frameborder=\"0\" allow=\"accelerometer; autoplay; clipboard-write; encrypted-media; gyroscope; picture-in-picture; web-share\" allowfullscreen><\/iframe>\n<\/div><\/figure>\n\n\n\n<p><\/p>\n\n\n\n<p>Pese a su largu\u00edsima trayectoria, hay un detalle que muy pocos saben sobre Mart\u00edn Pi\u00f1eiro: sin ser peronista, tambi\u00e9n se desempe\u00f1\u00f3 como subsecretario de Agricultura (en realidad,d e Econom\u00eda Agraria) del presidente Juan Domingo Per\u00f3n, nada menos, en su regreso al pa\u00eds tras 18 a\u00f1os de proscripci\u00f3n, en 1974. El secretario\/ministro era nada menos que el recordado Horacio Giberti.<\/p>\n\n\n\n<p><strong>-\u00bfQu\u00e9 te acord\u00e1s de aquellos a\u00f1os?&nbsp;<\/strong><\/p>\n\n\n\n<p>-Eran a\u00f1os muy complicados. Pero yo era un subsecretario m\u00e1s t\u00e9cnico que pol\u00edtico, por decirlo de una manera. Al interior de la Secretar\u00eda \u00e9ramos un equipo muy unido, donde Giberti (en la foto abajo) era secretario y debajo hab\u00eda tres subsecretarios. Los tres \u00e9ramos amigos de toda la vida. Pedro Lacau, que era un ganadero importante, y Armando Palau. Lacau no era peronista, obviamente. Y Palau era un peronista tradicional, un peronista de siempre, un tipo muy creativo. Los tres hab\u00edamos sido compa\u00f1eros en la facultad. \u00c9ramos \u00edntimos amigos.<\/p>\n\n\n\n<p><strong>-M\u00e1s all\u00e1 del entorno pol\u00edtico convulsionado, \u00bffue la \u00e9poca del avi\u00f3n que fue a buscar la semilla de soja?<\/strong><\/p>\n\n\n\n<p>-Claro. Una de las cosas famosas que hizo Palau fue agarrar un avi\u00f3n. Porque hab\u00eda habido intentos de un tipo que hab\u00eda tra\u00eddo la soja y no hab\u00eda prosperado. Hab\u00eda dificultades, gente que se opon\u00eda porque dec\u00eda que la soja destru\u00eda el suelo y un mont\u00f3n de boludeces. Entonces Armando, que era un tipo muy ejecutivo, hizo un arreglo con el Ej\u00e9rcito y le mandaron un avi\u00f3n y trajo no s\u00e9 cu\u00e1ntas toneladas de semillas de soja. Y as\u00ed arranc\u00f3 la soja.<\/p>\n\n\n<div class=\"wp-block-image\">\n<figure class=\"aligncenter\"><img decoding=\"async\" src=\"https:\/\/bichosdecampo.com\/wp-content\/uploads\/2023\/10\/giberti-iade.jpg\" alt=\"\" class=\"wp-image-154871\"\/><\/figure><\/div>\n\n\n<p>Pi\u00f1eiro forma parte de una camada de profesionales del agro que fue muy singular. A poco de recibirse en la UBA y luego de su doctorado en California lo contact\u00f3 el BID (Banco Interamericano de Desarrollo) para ofrecerle trabajo. Luego, con apoyo de una serie de becas de la Fundaci\u00f3n Ford, regres\u00f3 al pa\u00eds y arm\u00f3 la primera escuela de econom\u00eda agraria para graduados, y que funcion\u00f3 en instalaciones del INTA Castelar -donde ya hab\u00eda trabajado tiempo antes- con apoyo de la Universidad P\u00fablica. Recuerda que all\u00ed estudiaban gen\u00e9tica, econom\u00eda agr\u00edcola y extensi\u00f3n. \u201cCon eso pudimos armar un equipo donde hab\u00eda 10 doctorados en Econom\u00eda Agraria. Cosa \u00fanica, que no se ha repetido\u201d, se enorgullece.<\/p>\n\n\n\n<p><strong>-\u00bfY en ese momento cu\u00e1l era el dilema a resolver? \u00bfYa est\u00e1bamos entrando en plena Revoluci\u00f3n Verde?<\/strong><\/p>\n\n\n\n<p>-Est\u00e1bamos en el comienzo de la Revoluci\u00f3n Verde. Los problemas principales eran c\u00f3mo generabas los cambios t\u00e9cnicos para que disminuyera el gap, la diferencia de productividad entre Argentina y el resto del mundo, en especial Estados Unidos y Canad\u00e1. Es decir, c\u00f3mo hac\u00edas una transformaci\u00f3n tecnol\u00f3gica productiva. Esa era la preocupaci\u00f3n principal. Tambi\u00e9n c\u00f3mo desarrollabas un \u00e1mbito en el que hubiera investigaci\u00f3n propia. Esa era la preocupaci\u00f3n central del INTA. El director del INTA, que era un tipo que se llamaba Adalualdo Garc\u00eda, un tipo buen\u00edsimo, hac\u00eda mucho esfuerzo y se construy\u00f3 un INTA muy poderoso desde el punto de vista t\u00e9cnico.<\/p>\n\n\n\n<figure class=\"wp-block-image\"><img decoding=\"async\" src=\"https:\/\/bichosdecampo.com\/wp-content\/uploads\/2023\/10\/pineiro.png\" alt=\"\" class=\"wp-image-154870\"\/><\/figure>\n\n\n\n<p>Como con casi todo, la dictadura interrumpi\u00f3 tambi\u00e9n ese proceso en 1976. \u201cLos militares me dijeron \u2018mire, usted mejor que se vaya, porque por m\u00e1s buena voluntad que haya tenido ha sido colaborador del gobierno peronista\u2019. Y entonces me fui. Tuve la enorme fortuna de que la Fundaci\u00f3n Ford me encargara armar un equipo de tres o cuatro economistas e \u2018inventen un proyecto sobre ciencia y tecnolog\u00eda para Am\u00e9rica Latina&#8217;\u201d.<\/p>\n\n\n\n<p>En 1986, con el retorno de la democracia, Pi\u00f1eiro fue el primer argentino en convertirse en director general del IICA, un conglomerado de 34 pa\u00edses del continente americano que justamente trabaja para mejorar el desempe\u00f1o agr\u00edcola en toda la regi\u00f3n. Permaneci\u00f3 all\u00ed hasta 1994. Es el mismo puesto que ahora ocupa otro argentino, Manuel Otero.<\/p>\n\n\n\n<p>Desde esa vasta experiencia, Mart\u00edn est\u00e1 convencido de que la mejor f\u00f3rmula para construir desarrollo es que los pa\u00edses se ayuden entre ellos. En el \u00faltima cumbre de ministros de Agricultura de las Am\u00e9ricas realizada en la sede central del IICA en Costa Rica, brind\u00f3 una charla magistral en la que alert\u00f3 sobre visibles retrocesos en el camino emprendido por el multilateralismo.<\/p>\n\n\n\n<figure class=\"wp-block-image\"><img decoding=\"async\" src=\"https:\/\/bichosdecampo.com\/wp-content\/uploads\/2023\/10\/martin-pineiro.jpg\" alt=\"\" class=\"wp-image-154867\"\/><\/figure>\n\n\n\n<p>Nos explica: \u201cEl multilateralismo en realidad son un conjunto de reglas acordadas por todos los pa\u00edses para ordenar el comercio. Yo dije que se estaba debilitando. Ha habido cambios en la geopol\u00edtica que representan un riesgo\u2026 Por ejemplo, la guerra. Pero m\u00e1s que la guerra, la definici\u00f3n de Estados Unidos, de que China no es un socio comercial sino un competidor estrat\u00e9gico. Entonces define una nueva pol\u00edtica industrial, que est\u00e1 dirigida a la contenci\u00f3n de China. Por lo menos a la contenci\u00f3n del control de China de los sectores productivos que est\u00e1n directamente vinculados a la ciencia y a la seguridad nacional.<\/p>\n\n\n\n<p><strong>-\u00bfY c\u00f3mo afecta esto las reglas de comercio?<\/strong><\/p>\n\n\n\n<p>-Bueno, las reglas de comercio dicen, yo produzco sin subsidios\u2026 Las reglas hacia las cuales el multilateralismo se estaba moviendo, que nunca va a llegar, pero son el objetivo: La OMC era un lugar donde se negociaban reglas que progresivamente se iban aproximando ese figura ideal. Entre 1980 y el 2010 hubo progresos bastante significativos. Los americanos bajaron un mont\u00f3n los subsidios, los europeos bajaron un mont\u00f3n los subsidios agr\u00edcolas y tambi\u00e9n bajaron los aranceles.&nbsp;Hab\u00eda una trayectoria en esa direcci\u00f3n, muy lenta, muy cuidadosa. \u00bfQu\u00e9 pasa a partir de los \u00faltimos a\u00f1os? Primero ha habido un incremento importante de restricciones arancelarias, de distintas medidas y colores.<\/p>\n\n\n\n<p><strong>-Es como que se vuelven a construir paredes para que no ingresen los productos agr\u00edcolas de nuestros pa\u00edses\u2026<\/strong><\/p>\n\n\n\n<p>-Exacto, restricciones arancelarias y de otro tipo. Aumentaron tambi\u00e9n los subsidios en cierta forma. Y Estados Unidos y Europa vuelven a definir una pol\u00edtica industrial. China, Jap\u00f3n, Corea siempre la tuvieron, pero todo el mundo se hac\u00eda un poco el distra\u00eddo. Pero Estados Unidos y Europa respetaban bastante fielmente el asunto.<\/p>\n\n\n\n<figure class=\"wp-block-image\"><img decoding=\"async\" src=\"https:\/\/bichosdecampo.com\/wp-content\/uploads\/2023\/10\/IICA.webp\" alt=\"\" class=\"wp-image-154872\"\/><\/figure>\n\n\n\n<p><strong>-Ahora volvieron a alterar las reglas en funci\u00f3n de intereses individuales.<\/strong><\/p>\n\n\n\n<p>-En funci\u00f3n de una pelea particular con China. Estados Unidos, Europa y India ahora empiezan a hacer pol\u00edticas industriales definidas que implican m\u00e1s subsidios y a veces, en el caso de India, tambi\u00e9n tarifas. Entonces vos, Argentina, ya no est\u00e1s compitiendo con Estados Unidos en base a la productividad que surge de las propias capacidades. Las empresas americanas est\u00e1n recibiendo subsidios y est\u00e1n recibiendo bienes p\u00fablicos. Entonces, bueno, el multilateralismo comienza a debilitarse. Y eso se expresa en que la OMC hace 10 a\u00f1os que no aprueba nada.<\/p>\n\n\n\n<p><strong>-\u00bfPor eso entonces vos dec\u00eds estoy preocupado por la salud del multilateralismo?<\/strong><\/p>\n\n\n\n<p>-Porque el multilateralismo para los pa\u00edses de tama\u00f1o medio era la mejor soluci\u00f3n. Porque vos pod\u00edas competir en sectores en los cuales somos competitivos. Y compet\u00edamos mano a mano con todo el mundo y le gan\u00e1bamos en algunos casos, y en otros perd\u00edamos. Obviamente no es cierto que hubiera libre comercio. Europa tiene un mont\u00f3n de subsidios y mecanismos protectivos y ahora est\u00e1n poniendo m\u00e1s a trav\u00e9s del Green Deal, restricciones al comercio vinculadas a la cuesti\u00f3n ambiental. Para los pa\u00edses del medio, que no tenemos plata para subsidiar o para proteger, eso nos saca de la cancha.<\/p>\n\n\n\n<p><a href=\"https:\/\/bichosdecampo.com\/con-85-anos-martin-pineiro-es-la-memoria-viva-de-la-lucha-contra-los-subsidios-agricolas-y-las-barreras-al-comercio-ahora-advierte-que-ese-esfuerzo-se-debilita\/\">LE\u00c9 LA NOTA COPLETA EN Bichos de Campo<\/a><\/p>","protected":false},"excerpt":{"rendered":"<p>Antes de hacer esta entrevista con Mart\u00edn Pi\u00f1eiro, que es una de las eminencias en materia de pol\u00edtica agropecuaria con la que cuenta la Argentina,&nbsp;Bichos de Campo&nbsp;repas\u00f3 r\u00e1pidamente su curr\u00edculum vitae, para no meter la pata. El gran riesgo de consultar cosas as\u00ed -a los apurones- en la Internet es que no siempre est\u00e1n actualizadas. [&hellip;]<\/p>","protected":false},"author":2,"featured_media":4489,"comment_status":"open","ping_status":"closed","sticky":false,"template":"","format":"standard","meta":{"footnotes":""},"categories":[24,25,23,27],"tags":[],"class_list":["post-4487","post","type-post","status-publish","format-standard","has-post-thumbnail","hentry","category-gps-en-los-medios","category-home","category-novedades","category-publicaciones-home"],"yoast_head":"<!-- This site is optimized with the Yoast SEO plugin v26.8 - https:\/\/yoast.com\/product\/yoast-seo-wordpress\/ -->\n<title>Con 85 a\u00f1os, Mart\u00edn Pi\u00f1eiro es la memoria viva de la lucha contra los subsidios agr\u00edcolas y las barreras al comercio: Ahora advierte que ese esfuerzo se debilita - GPS<\/title>\n<meta name=\"robots\" content=\"index, follow, max-snippet:-1, max-image-preview:large, max-video-preview:-1\" \/>\n<link rel=\"canonical\" href=\"https:\/\/grupogpps.org\/pt\/con-85-anos-martin-pineiro-es-la-memoria-viva-de-la-lucha-contra-los-subsidios-agricolas-y-las-barreras-al-comercio-ahora-advierte-que-ese-esfuerzo-se-debilita\/\" \/>\n<meta property=\"og:locale\" content=\"pt_BR\" \/>\n<meta property=\"og:type\" content=\"article\" \/>\n<meta property=\"og:title\" content=\"Con 85 a\u00f1os, Mart\u00edn Pi\u00f1eiro es la memoria viva de la lucha contra los subsidios agr\u00edcolas y las barreras al comercio: Ahora advierte que ese esfuerzo se debilita - GPS\" \/>\n<meta property=\"og:description\" content=\"Antes de hacer esta entrevista con Mart\u00edn Pi\u00f1eiro, que es una de las eminencias en materia de pol\u00edtica agropecuaria con la que cuenta la Argentina,&nbsp;Bichos de Campo&nbsp;repas\u00f3 r\u00e1pidamente su curr\u00edculum vitae, para no meter la pata. El gran riesgo de consultar cosas as\u00ed -a los apurones- en la Internet es que no siempre est\u00e1n actualizadas. [&hellip;]\" \/>\n<meta property=\"og:url\" content=\"https:\/\/grupogpps.org\/pt\/con-85-anos-martin-pineiro-es-la-memoria-viva-de-la-lucha-contra-los-subsidios-agricolas-y-las-barreras-al-comercio-ahora-advierte-que-ese-esfuerzo-se-debilita\/\" \/>\n<meta property=\"og:site_name\" content=\"GPS\" \/>\n<meta property=\"article:publisher\" content=\"https:\/\/www.linkedin.com\/company\/25037162\/\" \/>\n<meta property=\"article:published_time\" content=\"2023-11-02T16:08:35+00:00\" \/>\n<meta property=\"article:modified_time\" content=\"2023-11-02T16:08:37+00:00\" \/>\n<meta property=\"og:image\" content=\"https:\/\/grupogpps.org\/wp-content\/uploads\/2023\/11\/pineiro-2-702x368-1.png\" \/>\n\t<meta property=\"og:image:width\" content=\"702\" \/>\n\t<meta property=\"og:image:height\" content=\"368\" \/>\n\t<meta property=\"og:image:type\" content=\"image\/png\" \/>\n<meta name=\"author\" content=\"GPS GPS\" \/>\n<meta name=\"twitter:card\" content=\"summary_large_image\" \/>\n<meta name=\"twitter:creator\" content=\"@GPSLatinAmerica\" \/>\n<meta name=\"twitter:site\" content=\"@GPSLatinAmerica\" \/>\n<meta name=\"twitter:label1\" content=\"Escrito por\" \/>\n\t<meta name=\"twitter:data1\" content=\"GPS GPS\" \/>\n\t<meta name=\"twitter:label2\" content=\"Est. tempo de leitura\" \/>\n\t<meta name=\"twitter:data2\" content=\"8 minutos\" \/>\n<script type=\"application\/ld+json\" class=\"yoast-schema-graph\">{\"@context\":\"https:\/\/schema.org\",\"@graph\":[{\"@type\":\"Article\",\"@id\":\"https:\/\/grupogpps.org\/en\/con-85-anos-martin-pineiro-es-la-memoria-viva-de-la-lucha-contra-los-subsidios-agricolas-y-las-barreras-al-comercio-ahora-advierte-que-ese-esfuerzo-se-debilita\/#article\",\"isPartOf\":{\"@id\":\"https:\/\/grupogpps.org\/en\/con-85-anos-martin-pineiro-es-la-memoria-viva-de-la-lucha-contra-los-subsidios-agricolas-y-las-barreras-al-comercio-ahora-advierte-que-ese-esfuerzo-se-debilita\/\"},\"author\":{\"name\":\"GPS GPS\",\"@id\":\"https:\/\/grupogpps.org\/#\/schema\/person\/faaafcd24616dff095821c72659ce41f\"},\"headline\":\"Con 85 a\u00f1os, Mart\u00edn Pi\u00f1eiro es la memoria viva de la lucha contra los subsidios agr\u00edcolas y las barreras al comercio: Ahora advierte que ese esfuerzo se debilita\",\"datePublished\":\"2023-11-02T16:08:35+00:00\",\"dateModified\":\"2023-11-02T16:08:37+00:00\",\"mainEntityOfPage\":{\"@id\":\"https:\/\/grupogpps.org\/en\/con-85-anos-martin-pineiro-es-la-memoria-viva-de-la-lucha-contra-los-subsidios-agricolas-y-las-barreras-al-comercio-ahora-advierte-que-ese-esfuerzo-se-debilita\/\"},\"wordCount\":1615,\"commentCount\":0,\"publisher\":{\"@id\":\"https:\/\/grupogpps.org\/#organization\"},\"image\":{\"@id\":\"https:\/\/grupogpps.org\/en\/con-85-anos-martin-pineiro-es-la-memoria-viva-de-la-lucha-contra-los-subsidios-agricolas-y-las-barreras-al-comercio-ahora-advierte-que-ese-esfuerzo-se-debilita\/#primaryimage\"},\"thumbnailUrl\":\"https:\/\/grupogpps.org\/wp-content\/uploads\/2023\/11\/pineiro-2-702x368-1.png\",\"articleSection\":[\"GPS en los medios\",\"Home\",\"Novedades\",\"Publicaciones Home\"],\"inLanguage\":\"pt-BR\",\"potentialAction\":[{\"@type\":\"CommentAction\",\"name\":\"Comment\",\"target\":[\"https:\/\/grupogpps.org\/en\/con-85-anos-martin-pineiro-es-la-memoria-viva-de-la-lucha-contra-los-subsidios-agricolas-y-las-barreras-al-comercio-ahora-advierte-que-ese-esfuerzo-se-debilita\/#respond\"]}]},{\"@type\":\"WebPage\",\"@id\":\"https:\/\/grupogpps.org\/en\/con-85-anos-martin-pineiro-es-la-memoria-viva-de-la-lucha-contra-los-subsidios-agricolas-y-las-barreras-al-comercio-ahora-advierte-que-ese-esfuerzo-se-debilita\/\",\"url\":\"https:\/\/grupogpps.org\/en\/con-85-anos-martin-pineiro-es-la-memoria-viva-de-la-lucha-contra-los-subsidios-agricolas-y-las-barreras-al-comercio-ahora-advierte-que-ese-esfuerzo-se-debilita\/\",\"name\":\"Con 85 a\u00f1os, Mart\u00edn Pi\u00f1eiro es la memoria viva de la lucha contra los subsidios agr\u00edcolas y las barreras al comercio: Ahora advierte que ese esfuerzo se debilita - GPS\",\"isPartOf\":{\"@id\":\"https:\/\/grupogpps.org\/#website\"},\"primaryImageOfPage\":{\"@id\":\"https:\/\/grupogpps.org\/en\/con-85-anos-martin-pineiro-es-la-memoria-viva-de-la-lucha-contra-los-subsidios-agricolas-y-las-barreras-al-comercio-ahora-advierte-que-ese-esfuerzo-se-debilita\/#primaryimage\"},\"image\":{\"@id\":\"https:\/\/grupogpps.org\/en\/con-85-anos-martin-pineiro-es-la-memoria-viva-de-la-lucha-contra-los-subsidios-agricolas-y-las-barreras-al-comercio-ahora-advierte-que-ese-esfuerzo-se-debilita\/#primaryimage\"},\"thumbnailUrl\":\"https:\/\/grupogpps.org\/wp-content\/uploads\/2023\/11\/pineiro-2-702x368-1.png\",\"datePublished\":\"2023-11-02T16:08:35+00:00\",\"dateModified\":\"2023-11-02T16:08:37+00:00\",\"breadcrumb\":{\"@id\":\"https:\/\/grupogpps.org\/en\/con-85-anos-martin-pineiro-es-la-memoria-viva-de-la-lucha-contra-los-subsidios-agricolas-y-las-barreras-al-comercio-ahora-advierte-que-ese-esfuerzo-se-debilita\/#breadcrumb\"},\"inLanguage\":\"pt-BR\",\"potentialAction\":[{\"@type\":\"ReadAction\",\"target\":[\"https:\/\/grupogpps.org\/en\/con-85-anos-martin-pineiro-es-la-memoria-viva-de-la-lucha-contra-los-subsidios-agricolas-y-las-barreras-al-comercio-ahora-advierte-que-ese-esfuerzo-se-debilita\/\"]}]},{\"@type\":\"ImageObject\",\"inLanguage\":\"pt-BR\",\"@id\":\"https:\/\/grupogpps.org\/en\/con-85-anos-martin-pineiro-es-la-memoria-viva-de-la-lucha-contra-los-subsidios-agricolas-y-las-barreras-al-comercio-ahora-advierte-que-ese-esfuerzo-se-debilita\/#primaryimage\",\"url\":\"https:\/\/grupogpps.org\/wp-content\/uploads\/2023\/11\/pineiro-2-702x368-1.png\",\"contentUrl\":\"https:\/\/grupogpps.org\/wp-content\/uploads\/2023\/11\/pineiro-2-702x368-1.png\",\"width\":702,\"height\":368},{\"@type\":\"BreadcrumbList\",\"@id\":\"https:\/\/grupogpps.org\/en\/con-85-anos-martin-pineiro-es-la-memoria-viva-de-la-lucha-contra-los-subsidios-agricolas-y-las-barreras-al-comercio-ahora-advierte-que-ese-esfuerzo-se-debilita\/#breadcrumb\",\"itemListElement\":[{\"@type\":\"ListItem\",\"position\":1,\"name\":\"Inicio\",\"item\":\"https:\/\/grupogpps.org\/\"},{\"@type\":\"ListItem\",\"position\":2,\"name\":\"Con 85 a\u00f1os, Mart\u00edn Pi\u00f1eiro es la memoria viva de la lucha contra los subsidios agr\u00edcolas y las barreras al comercio: Ahora advierte que ese esfuerzo se debilita\"}]},{\"@type\":\"WebSite\",\"@id\":\"https:\/\/grupogpps.org\/#website\",\"url\":\"https:\/\/grupogpps.org\/\",\"name\":\"GPS\",\"description\":\"Grupo de pa\u00edses productores del sur\",\"publisher\":{\"@id\":\"https:\/\/grupogpps.org\/#organization\"},\"potentialAction\":[{\"@type\":\"SearchAction\",\"target\":{\"@type\":\"EntryPoint\",\"urlTemplate\":\"https:\/\/grupogpps.org\/?s={search_term_string}\"},\"query-input\":{\"@type\":\"PropertyValueSpecification\",\"valueRequired\":true,\"valueName\":\"search_term_string\"}}],\"inLanguage\":\"pt-BR\"},{\"@type\":\"Organization\",\"@id\":\"https:\/\/grupogpps.org\/#organization\",\"name\":\"GPS - Grupo de pa\u00edses productores del sur\",\"url\":\"https:\/\/grupogpps.org\/\",\"logo\":{\"@type\":\"ImageObject\",\"inLanguage\":\"pt-BR\",\"@id\":\"https:\/\/grupogpps.org\/#\/schema\/logo\/image\/\",\"url\":\"http:\/\/grupogpps.org\/wp-content\/uploads\/2021\/06\/logoGPS3.svg\",\"contentUrl\":\"http:\/\/grupogpps.org\/wp-content\/uploads\/2021\/06\/logoGPS3.svg\",\"width\":1,\"height\":1,\"caption\":\"GPS - Grupo de pa\u00edses productores del sur\"},\"image\":{\"@id\":\"https:\/\/grupogpps.org\/#\/schema\/logo\/image\/\"},\"sameAs\":[\"https:\/\/www.linkedin.com\/company\/25037162\/\",\"https:\/\/x.com\/GPSLatinAmerica\",\"https:\/\/www.instagram.com\/gpslatin\/\",\"https:\/\/www.youtube.com\/channel\/UCM2Qf0jSqNRJRkqmU8dO9QA\/videos\"]},{\"@type\":\"Person\",\"@id\":\"https:\/\/grupogpps.org\/#\/schema\/person\/faaafcd24616dff095821c72659ce41f\",\"name\":\"GPS GPS\",\"url\":\"https:\/\/grupogpps.org\/pt\/author\/gps\/\"}]}<\/script>\n<!-- \/ Yoast SEO plugin. -->","yoast_head_json":{"title":"Con 85 a\u00f1os, Mart\u00edn Pi\u00f1eiro es la memoria viva de la lucha contra los subsidios agr\u00edcolas y las barreras al comercio: Ahora advierte que ese esfuerzo se debilita - GPS","robots":{"index":"index","follow":"follow","max-snippet":"max-snippet:-1","max-image-preview":"max-image-preview:large","max-video-preview":"max-video-preview:-1"},"canonical":"https:\/\/grupogpps.org\/pt\/con-85-anos-martin-pineiro-es-la-memoria-viva-de-la-lucha-contra-los-subsidios-agricolas-y-las-barreras-al-comercio-ahora-advierte-que-ese-esfuerzo-se-debilita\/","og_locale":"pt_BR","og_type":"article","og_title":"Con 85 a\u00f1os, Mart\u00edn Pi\u00f1eiro es la memoria viva de la lucha contra los subsidios agr\u00edcolas y las barreras al comercio: Ahora advierte que ese esfuerzo se debilita - GPS","og_description":"Antes de hacer esta entrevista con Mart\u00edn Pi\u00f1eiro, que es una de las eminencias en materia de pol\u00edtica agropecuaria con la que cuenta la Argentina,&nbsp;Bichos de Campo&nbsp;repas\u00f3 r\u00e1pidamente su curr\u00edculum vitae, para no meter la pata. El gran riesgo de consultar cosas as\u00ed -a los apurones- en la Internet es que no siempre est\u00e1n actualizadas. [&hellip;]","og_url":"https:\/\/grupogpps.org\/pt\/con-85-anos-martin-pineiro-es-la-memoria-viva-de-la-lucha-contra-los-subsidios-agricolas-y-las-barreras-al-comercio-ahora-advierte-que-ese-esfuerzo-se-debilita\/","og_site_name":"GPS","article_publisher":"https:\/\/www.linkedin.com\/company\/25037162\/","article_published_time":"2023-11-02T16:08:35+00:00","article_modified_time":"2023-11-02T16:08:37+00:00","og_image":[{"width":702,"height":368,"url":"https:\/\/grupogpps.org\/wp-content\/uploads\/2023\/11\/pineiro-2-702x368-1.png","type":"image\/png"}],"author":"GPS GPS","twitter_card":"summary_large_image","twitter_creator":"@GPSLatinAmerica","twitter_site":"@GPSLatinAmerica","twitter_misc":{"Escrito por":"GPS GPS","Est. tempo de leitura":"8 minutos"},"schema":{"@context":"https:\/\/schema.org","@graph":[{"@type":"Article","@id":"https:\/\/grupogpps.org\/en\/con-85-anos-martin-pineiro-es-la-memoria-viva-de-la-lucha-contra-los-subsidios-agricolas-y-las-barreras-al-comercio-ahora-advierte-que-ese-esfuerzo-se-debilita\/#article","isPartOf":{"@id":"https:\/\/grupogpps.org\/en\/con-85-anos-martin-pineiro-es-la-memoria-viva-de-la-lucha-contra-los-subsidios-agricolas-y-las-barreras-al-comercio-ahora-advierte-que-ese-esfuerzo-se-debilita\/"},"author":{"name":"GPS GPS","@id":"https:\/\/grupogpps.org\/#\/schema\/person\/faaafcd24616dff095821c72659ce41f"},"headline":"Con 85 a\u00f1os, Mart\u00edn Pi\u00f1eiro es la memoria viva de la lucha contra los subsidios agr\u00edcolas y las barreras al comercio: Ahora advierte que ese esfuerzo se debilita","datePublished":"2023-11-02T16:08:35+00:00","dateModified":"2023-11-02T16:08:37+00:00","mainEntityOfPage":{"@id":"https:\/\/grupogpps.org\/en\/con-85-anos-martin-pineiro-es-la-memoria-viva-de-la-lucha-contra-los-subsidios-agricolas-y-las-barreras-al-comercio-ahora-advierte-que-ese-esfuerzo-se-debilita\/"},"wordCount":1615,"commentCount":0,"publisher":{"@id":"https:\/\/grupogpps.org\/#organization"},"image":{"@id":"https:\/\/grupogpps.org\/en\/con-85-anos-martin-pineiro-es-la-memoria-viva-de-la-lucha-contra-los-subsidios-agricolas-y-las-barreras-al-comercio-ahora-advierte-que-ese-esfuerzo-se-debilita\/#primaryimage"},"thumbnailUrl":"https:\/\/grupogpps.org\/wp-content\/uploads\/2023\/11\/pineiro-2-702x368-1.png","articleSection":["GPS en los medios","Home","Novedades","Publicaciones Home"],"inLanguage":"pt-BR","potentialAction":[{"@type":"CommentAction","name":"Comment","target":["https:\/\/grupogpps.org\/en\/con-85-anos-martin-pineiro-es-la-memoria-viva-de-la-lucha-contra-los-subsidios-agricolas-y-las-barreras-al-comercio-ahora-advierte-que-ese-esfuerzo-se-debilita\/#respond"]}]},{"@type":"WebPage","@id":"https:\/\/grupogpps.org\/en\/con-85-anos-martin-pineiro-es-la-memoria-viva-de-la-lucha-contra-los-subsidios-agricolas-y-las-barreras-al-comercio-ahora-advierte-que-ese-esfuerzo-se-debilita\/","url":"https:\/\/grupogpps.org\/en\/con-85-anos-martin-pineiro-es-la-memoria-viva-de-la-lucha-contra-los-subsidios-agricolas-y-las-barreras-al-comercio-ahora-advierte-que-ese-esfuerzo-se-debilita\/","name":"Con 85 a\u00f1os, Mart\u00edn Pi\u00f1eiro es la memoria viva de la lucha contra los subsidios agr\u00edcolas y las barreras al comercio: Ahora advierte que ese esfuerzo se debilita - GPS","isPartOf":{"@id":"https:\/\/grupogpps.org\/#website"},"primaryImageOfPage":{"@id":"https:\/\/grupogpps.org\/en\/con-85-anos-martin-pineiro-es-la-memoria-viva-de-la-lucha-contra-los-subsidios-agricolas-y-las-barreras-al-comercio-ahora-advierte-que-ese-esfuerzo-se-debilita\/#primaryimage"},"image":{"@id":"https:\/\/grupogpps.org\/en\/con-85-anos-martin-pineiro-es-la-memoria-viva-de-la-lucha-contra-los-subsidios-agricolas-y-las-barreras-al-comercio-ahora-advierte-que-ese-esfuerzo-se-debilita\/#primaryimage"},"thumbnailUrl":"https:\/\/grupogpps.org\/wp-content\/uploads\/2023\/11\/pineiro-2-702x368-1.png","datePublished":"2023-11-02T16:08:35+00:00","dateModified":"2023-11-02T16:08:37+00:00","breadcrumb":{"@id":"https:\/\/grupogpps.org\/en\/con-85-anos-martin-pineiro-es-la-memoria-viva-de-la-lucha-contra-los-subsidios-agricolas-y-las-barreras-al-comercio-ahora-advierte-que-ese-esfuerzo-se-debilita\/#breadcrumb"},"inLanguage":"pt-BR","potentialAction":[{"@type":"ReadAction","target":["https:\/\/grupogpps.org\/en\/con-85-anos-martin-pineiro-es-la-memoria-viva-de-la-lucha-contra-los-subsidios-agricolas-y-las-barreras-al-comercio-ahora-advierte-que-ese-esfuerzo-se-debilita\/"]}]},{"@type":"ImageObject","inLanguage":"pt-BR","@id":"https:\/\/grupogpps.org\/en\/con-85-anos-martin-pineiro-es-la-memoria-viva-de-la-lucha-contra-los-subsidios-agricolas-y-las-barreras-al-comercio-ahora-advierte-que-ese-esfuerzo-se-debilita\/#primaryimage","url":"https:\/\/grupogpps.org\/wp-content\/uploads\/2023\/11\/pineiro-2-702x368-1.png","contentUrl":"https:\/\/grupogpps.org\/wp-content\/uploads\/2023\/11\/pineiro-2-702x368-1.png","width":702,"height":368},{"@type":"BreadcrumbList","@id":"https:\/\/grupogpps.org\/en\/con-85-anos-martin-pineiro-es-la-memoria-viva-de-la-lucha-contra-los-subsidios-agricolas-y-las-barreras-al-comercio-ahora-advierte-que-ese-esfuerzo-se-debilita\/#breadcrumb","itemListElement":[{"@type":"ListItem","position":1,"name":"Inicio","item":"https:\/\/grupogpps.org\/"},{"@type":"ListItem","position":2,"name":"Con 85 a\u00f1os, Mart\u00edn Pi\u00f1eiro es la memoria viva de la lucha contra los subsidios agr\u00edcolas y las barreras al comercio: Ahora advierte que ese esfuerzo se debilita"}]},{"@type":"WebSite","@id":"https:\/\/grupogpps.org\/#website","url":"https:\/\/grupogpps.org\/","name":"GPS","description":"Grupo de pa\u00edses productores del sur","publisher":{"@id":"https:\/\/grupogpps.org\/#organization"},"potentialAction":[{"@type":"SearchAction","target":{"@type":"EntryPoint","urlTemplate":"https:\/\/grupogpps.org\/?s={search_term_string}"},"query-input":{"@type":"PropertyValueSpecification","valueRequired":true,"valueName":"search_term_string"}}],"inLanguage":"pt-BR"},{"@type":"Organization","@id":"https:\/\/grupogpps.org\/#organization","name":"GPS - Grupo de pa\u00edses productores del sur","url":"https:\/\/grupogpps.org\/","logo":{"@type":"ImageObject","inLanguage":"pt-BR","@id":"https:\/\/grupogpps.org\/#\/schema\/logo\/image\/","url":"http:\/\/grupogpps.org\/wp-content\/uploads\/2021\/06\/logoGPS3.svg","contentUrl":"http:\/\/grupogpps.org\/wp-content\/uploads\/2021\/06\/logoGPS3.svg","width":1,"height":1,"caption":"GPS - Grupo de pa\u00edses productores del sur"},"image":{"@id":"https:\/\/grupogpps.org\/#\/schema\/logo\/image\/"},"sameAs":["https:\/\/www.linkedin.com\/company\/25037162\/","https:\/\/x.com\/GPSLatinAmerica","https:\/\/www.instagram.com\/gpslatin\/","https:\/\/www.youtube.com\/channel\/UCM2Qf0jSqNRJRkqmU8dO9QA\/videos"]},{"@type":"Person","@id":"https:\/\/grupogpps.org\/#\/schema\/person\/faaafcd24616dff095821c72659ce41f","name":"GPS GPS","url":"https:\/\/grupogpps.org\/pt\/author\/gps\/"}]}},"_links":{"self":[{"href":"https:\/\/grupogpps.org\/pt\/wp-json\/wp\/v2\/posts\/4487","targetHints":{"allow":["GET"]}}],"collection":[{"href":"https:\/\/grupogpps.org\/pt\/wp-json\/wp\/v2\/posts"}],"about":[{"href":"https:\/\/grupogpps.org\/pt\/wp-json\/wp\/v2\/types\/post"}],"author":[{"embeddable":true,"href":"https:\/\/grupogpps.org\/pt\/wp-json\/wp\/v2\/users\/2"}],"replies":[{"embeddable":true,"href":"https:\/\/grupogpps.org\/pt\/wp-json\/wp\/v2\/comments?post=4487"}],"version-history":[{"count":1,"href":"https:\/\/grupogpps.org\/pt\/wp-json\/wp\/v2\/posts\/4487\/revisions"}],"predecessor-version":[{"id":4488,"href":"https:\/\/grupogpps.org\/pt\/wp-json\/wp\/v2\/posts\/4487\/revisions\/4488"}],"wp:featuredmedia":[{"embeddable":true,"href":"https:\/\/grupogpps.org\/pt\/wp-json\/wp\/v2\/media\/4489"}],"wp:attachment":[{"href":"https:\/\/grupogpps.org\/pt\/wp-json\/wp\/v2\/media?parent=4487"}],"wp:term":[{"taxonomy":"category","embeddable":true,"href":"https:\/\/grupogpps.org\/pt\/wp-json\/wp\/v2\/categories?post=4487"},{"taxonomy":"post_tag","embeddable":true,"href":"https:\/\/grupogpps.org\/pt\/wp-json\/wp\/v2\/tags?post=4487"}],"curies":[{"name":"wp","href":"https:\/\/api.w.org\/{rel}","templated":true}]}}