{"id":4450,"date":"2023-09-19T10:59:46","date_gmt":"2023-09-19T13:59:46","guid":{"rendered":"http:\/\/grupogpps.org\/?p=4450"},"modified":"2023-09-19T10:59:49","modified_gmt":"2023-09-19T13:59:49","slug":"agenda-ambiental-da-uniao-europeia-prejudica-cooperacao-e-acordos-comerciais-criticam-liderancas","status":"publish","type":"post","link":"https:\/\/grupogpps.org\/pt\/agenda-ambiental-da-uniao-europeia-prejudica-cooperacao-e-acordos-comerciais-criticam-liderancas\/","title":{"rendered":"Agenda ambiental da Uni\u00e3o Europeia prejudica coopera\u00e7\u00e3o e acordos comerciais, criticam lideran\u00e7as"},"content":{"rendered":"<h6 class=\"wp-block-heading\"><strong><em>Representantes do agroneg\u00f3cio da Am\u00e9rica do Sul e de c\u00e2maras de com\u00e9rcio discutiram o acordo com o Mercosul e o Pacto Verde Europeu<\/em><\/strong><\/h6>\n\n\n\n<p>A agenda ambiental da Uni\u00e3o Europeia foi criticada, nesta quarta-feira (13\/9), por lideran\u00e7as do agroneg\u00f3cio da Am\u00e9rica do Sul e representantes de C\u00e2maras de Com\u00e9rcio de pa\u00edses europeus no Brasil.&nbsp;A avalia\u00e7\u00e3o \u00e9 de que o bloco tenta estabelecer regras que podem prejudicar acordos internacionais e rela\u00e7\u00f5es comerciais.<\/p>\n\n\n\n<p>O assunto foi debatido no evento \u201cPara onde vai: Mercosul\/Uni\u00e3o Europeia\u201d, promovido pela Associa\u00e7\u00e3o Brasileira do Agroneg\u00f3cio (Abag) e pelo Grupo de Pa\u00edses Produtores do Sul (GPS), que re\u00fane Brasil, Argentina, Paraguai e Uruguai. O encontro foi realizado na sede da Federa\u00e7\u00e3o das Ind\u00fastrias do Estado de S\u00e3o Paulo (Fiesp).<\/p>\n\n\n\n<p>Durante o evento, os debatedores destacaram a urg\u00eancia da conclus\u00e3o do&nbsp;<strong>acordo comercial entre Mercosul e Uni\u00e3o Europeia<\/strong>. A avalia\u00e7\u00e3o \u00e9 de que, se n\u00e3o for implantado, os dois blocos v\u00e3o perder oportunidades importantes. E, do ponto de vista do&nbsp;<strong>Mercosul<\/strong>, com efeitos negativos para a competitividade em rela\u00e7\u00e3o a outros concorrentes, que tamb\u00e9m buscam seus acordos comerciais.<\/p>\n\n\n\n<p>\u201cSe n\u00e3o fizemos o acordo, o mundo segue girando, a geopol\u00edtica continua mudando, outros pa\u00edses v\u00e3o negociando e vamos perdendo competitividade. O acordo \u00e9 urgente para o futuro do Mercosul e seu fortalecimento como bloco\u201d, argumentou Agust\u00edn Tejeda, diretor de Conte\u00fados e Comunica\u00e7\u00e3o do GPS.<\/p>\n\n\n\n<p>Em sua avalia\u00e7\u00e3o, a percep\u00e7\u00e3o sobre sustentabilidade nos sistemas produtivos dos pa\u00edses do Mercosul \u00e9 equivocada e usada por quem \u00e9 contra o acordo com a Uni\u00e3o Europeia para impedir seu avan\u00e7o. Para Tejeda, os pa\u00edses ter\u00e3o tempo de se adaptar ao sistema que surgir\u00e1 depois da consolida\u00e7\u00e3o do tratado entre os dois blocos.<\/p>\n\n\n\n<p>\u201cAs preocupa\u00e7\u00f5es me parecem infundadas porque o acordo tem mecanismos de prote\u00e7\u00e3o para setores sens\u00edveis. Estamos adotando pr\u00e1ticas sustent\u00e1veis nos melhores padr\u00f5es do mundo. \u00c9 preciso um trabalho de maneira coordenada para medi\u00e7\u00e3o de resultados de sustentabilidade\u201d, acrescentou.<\/p>\n\n\n\n<p>Para Renato Meirelles, representante do Conselho da C\u00e2mara Oficial Espanhola de Com\u00e9rcio no Brasil, o principal problema n\u00e3o est\u00e1 na sustentabilidade. Ele destacou que as regras ambientais no Brasil s\u00e3o as mais rigorosas do mundo, mas o pa\u00eds precisa saber comunicar melhor sua situa\u00e7\u00e3o para o mundo.<\/p>\n\n\n\n<p>\u201cN\u00e3o h\u00e1 nenhum pa\u00eds que tenha o \u00edndice de preserva\u00e7\u00e3o consciente e de desenvolvimento sustent\u00e1vel como o Brasil tem. N\u00e3o t\u00eam direito de nos chamar a aten\u00e7\u00e3o sobre algo que dominamos\u201d, protestou.<\/p>\n\n\n\n<p>Barbara Konner, representante da C\u00e2mara de Com\u00e9rcio Brasil Alemanha refor\u00e7ou a avalia\u00e7\u00e3o de que o acordo est\u00e1 negociado e que os desafios apresentados pode ser convertidos em oportunidades. Segundo ela, tanto sul-americanos quanto europeus se beneficiariam de uma maior seguran\u00e7a jur\u00eddica e harmoniza\u00e7\u00e3o de regras.<\/p>\n\n\n\n<p>\u201cTemos que ter mais consci\u00eancia do que somos e do porque n\u00e3o h\u00e1 mais op\u00e7\u00e3o\u201d, disse. \u201cCreio que a Uni\u00e3o Europeia est\u00e1 subestimando o governo brasileiro, j\u00e1 que precisa mais do Brasil do que vice-versa\u201d, ressaltou.<\/p>\n\n\n\n<h2 class=\"wp-block-heading\">Pacto Verde Europeu<\/h2>\n\n\n\n<p>Os participantes do evento questionaram tamb\u00e9m o&nbsp;<strong>Pacto Verde Europeu (Green Deal)<\/strong>, que prev\u00ea san\u00e7\u00f5es comerciais com base em quest\u00f5es ambientais. A Uni\u00e3o Europeia vem adotando crit\u00e9rios mais rigorosos, sob o argumento de evitar compras de produtos provenientes de \u00e1reas de desmatamento, o que atinge cadeias produtivas importantes para o agroneg\u00f3cio brasileiro, como soja e carnes.<\/p>\n\n\n\n<blockquote class=\"wp-block-quote is-layout-flow wp-block-quote-is-layout-flow\">\n<p>\u201cA Uni\u00e3o Europeia acabou se tornando o maior formulador e exportador de conceitos. E o Green Deal foi uma forma de trabalharem isso. N\u00e3o vi em nenhum dos documentos que eles abririam mercados agr\u00edcolas\u201d, pontuou o vice-presidente da Abag, Ingo Ploger.<\/p>\n<\/blockquote>\n\n\n\n<p>O presidente da Associa\u00e7\u00e3o Brasileira do Agroneg\u00f3cio (Abag), Luiz Carlos Corr\u00eaa Carvalho, afirmou que o Green Deal, como o pacto \u00e9 chamado, n\u00e3o est\u00e1 \u201cbem desenhado para a nova realidade\u201d mundial. Em sua avalia\u00e7\u00e3o, as regras do bloco europeu est\u00e3o mais direcionadas para a san\u00e7\u00e3o do que para a coopera\u00e7\u00e3o.<\/p>\n\n\n\n<p>\u201cN\u00e3o vemos janela de abertura de mercado. Quem l\u00ea o texto v\u00ea mais san\u00e7\u00f5es do que coopera\u00e7\u00e3o\u201d, disse ele.<\/p>\n\n\n\n<p>Marcelo Ragunaga, coordenador geral do Grupo de Pa\u00edses Produtores do Sul (GPS), reiterou sua avalia\u00e7\u00e3o de problemas globais devem ser discutidos de forma global, dentro do sistema multilateral. Neste aspecto, o Green Deal europeu questiona os mecanismos de governan\u00e7a global.<\/p>\n\n\n\n<p>\u201cSe estamos fazendo um acordo Mercosul Uni\u00e3o Europeia, plantar regras de jogo diferentes entre os pa\u00edses \u00e9 grav\u00edssimo. \u00c9 uma falta de vis\u00e3o e de entendimento da realidade de outras regi\u00f5es do mundo\u201d, afirmou.<\/p>\n\n\n\n<p><a href=\"https:\/\/globorural.globo.com\/politica\/noticia\/2023\/09\/agenda-ambiental-da-uniao-europeia-prejudica-cooperacao-e-acordos-comerciais-criticam-liderancas.ghtml\">LEE EL ART\u00cdCULO EN \u00abGLOBO RURAL\u00bb<\/a><\/p>\n\n\n\n<p><\/p>","protected":false},"excerpt":{"rendered":"<p>Representantes do agroneg\u00f3cio da Am\u00e9rica do Sul e de c\u00e2maras de com\u00e9rcio discutiram o acordo com o Mercosul e o Pacto Verde Europeu A agenda ambiental da Uni\u00e3o Europeia foi criticada, nesta quarta-feira (13\/9), por lideran\u00e7as do agroneg\u00f3cio da Am\u00e9rica do Sul e representantes de C\u00e2maras de Com\u00e9rcio de pa\u00edses europeus no Brasil.&nbsp;A avalia\u00e7\u00e3o \u00e9 [&hellip;]<\/p>","protected":false},"author":2,"featured_media":4451,"comment_status":"open","ping_status":"closed","sticky":false,"template":"","format":"standard","meta":{"footnotes":""},"categories":[24,25,23,27],"tags":[],"class_list":["post-4450","post","type-post","status-publish","format-standard","has-post-thumbnail","hentry","category-gps-en-los-medios","category-home","category-novedades","category-publicaciones-home"],"yoast_head":"<!-- This site is optimized with the Yoast SEO plugin v26.8 - https:\/\/yoast.com\/product\/yoast-seo-wordpress\/ -->\n<title>Agenda ambiental da Uni\u00e3o Europeia prejudica coopera\u00e7\u00e3o e acordos comerciais, criticam lideran\u00e7as - GPS<\/title>\n<meta name=\"robots\" content=\"index, follow, max-snippet:-1, max-image-preview:large, max-video-preview:-1\" \/>\n<link rel=\"canonical\" href=\"https:\/\/grupogpps.org\/pt\/agenda-ambiental-da-uniao-europeia-prejudica-cooperacao-e-acordos-comerciais-criticam-liderancas\/\" \/>\n<meta property=\"og:locale\" content=\"pt_BR\" \/>\n<meta property=\"og:type\" content=\"article\" \/>\n<meta property=\"og:title\" content=\"Agenda ambiental da Uni\u00e3o Europeia prejudica coopera\u00e7\u00e3o e acordos comerciais, criticam lideran\u00e7as - GPS\" \/>\n<meta property=\"og:description\" content=\"Representantes do agroneg\u00f3cio da Am\u00e9rica do Sul e de c\u00e2maras de com\u00e9rcio discutiram o acordo com o Mercosul e o Pacto Verde Europeu A agenda ambiental da Uni\u00e3o Europeia foi criticada, nesta quarta-feira (13\/9), por lideran\u00e7as do agroneg\u00f3cio da Am\u00e9rica do Sul e representantes de C\u00e2maras de Com\u00e9rcio de pa\u00edses europeus no Brasil.&nbsp;A avalia\u00e7\u00e3o \u00e9 [&hellip;]\" \/>\n<meta property=\"og:url\" content=\"https:\/\/grupogpps.org\/pt\/agenda-ambiental-da-uniao-europeia-prejudica-cooperacao-e-acordos-comerciais-criticam-liderancas\/\" \/>\n<meta property=\"og:site_name\" content=\"GPS\" \/>\n<meta property=\"article:publisher\" content=\"https:\/\/www.linkedin.com\/company\/25037162\/\" \/>\n<meta property=\"article:published_time\" content=\"2023-09-19T13:59:46+00:00\" \/>\n<meta property=\"article:modified_time\" content=\"2023-09-19T13:59:49+00:00\" \/>\n<meta property=\"og:image\" content=\"http:\/\/grupogpps.org\/wp-content\/uploads\/2023\/09\/globo.png\" \/>\n\t<meta property=\"og:image:width\" content=\"896\" \/>\n\t<meta property=\"og:image:height\" content=\"501\" \/>\n\t<meta property=\"og:image:type\" content=\"image\/png\" \/>\n<meta name=\"author\" content=\"GPS GPS\" \/>\n<meta name=\"twitter:card\" content=\"summary_large_image\" \/>\n<meta name=\"twitter:creator\" content=\"@GPSLatinAmerica\" \/>\n<meta name=\"twitter:site\" content=\"@GPSLatinAmerica\" \/>\n<meta name=\"twitter:label1\" content=\"Escrito por\" \/>\n\t<meta name=\"twitter:data1\" content=\"GPS GPS\" \/>\n\t<meta name=\"twitter:label2\" content=\"Est. tempo de leitura\" \/>\n\t<meta name=\"twitter:data2\" content=\"4 minutos\" \/>\n<script type=\"application\/ld+json\" class=\"yoast-schema-graph\">{\"@context\":\"https:\/\/schema.org\",\"@graph\":[{\"@type\":\"Article\",\"@id\":\"https:\/\/grupogpps.org\/agenda-ambiental-da-uniao-europeia-prejudica-cooperacao-e-acordos-comerciais-criticam-liderancas\/#article\",\"isPartOf\":{\"@id\":\"https:\/\/grupogpps.org\/agenda-ambiental-da-uniao-europeia-prejudica-cooperacao-e-acordos-comerciais-criticam-liderancas\/\"},\"author\":{\"name\":\"GPS GPS\",\"@id\":\"https:\/\/grupogpps.org\/#\/schema\/person\/faaafcd24616dff095821c72659ce41f\"},\"headline\":\"Agenda ambiental da Uni\u00e3o Europeia prejudica coopera\u00e7\u00e3o e acordos comerciais, criticam lideran\u00e7as\",\"datePublished\":\"2023-09-19T13:59:46+00:00\",\"dateModified\":\"2023-09-19T13:59:49+00:00\",\"mainEntityOfPage\":{\"@id\":\"https:\/\/grupogpps.org\/agenda-ambiental-da-uniao-europeia-prejudica-cooperacao-e-acordos-comerciais-criticam-liderancas\/\"},\"wordCount\":839,\"commentCount\":0,\"publisher\":{\"@id\":\"https:\/\/grupogpps.org\/#organization\"},\"image\":{\"@id\":\"https:\/\/grupogpps.org\/agenda-ambiental-da-uniao-europeia-prejudica-cooperacao-e-acordos-comerciais-criticam-liderancas\/#primaryimage\"},\"thumbnailUrl\":\"https:\/\/grupogpps.org\/wp-content\/uploads\/2023\/09\/globo.png\",\"articleSection\":[\"GPS en los medios\",\"Home\",\"Novedades\",\"Publicaciones Home\"],\"inLanguage\":\"pt-BR\",\"potentialAction\":[{\"@type\":\"CommentAction\",\"name\":\"Comment\",\"target\":[\"https:\/\/grupogpps.org\/agenda-ambiental-da-uniao-europeia-prejudica-cooperacao-e-acordos-comerciais-criticam-liderancas\/#respond\"]}]},{\"@type\":\"WebPage\",\"@id\":\"https:\/\/grupogpps.org\/agenda-ambiental-da-uniao-europeia-prejudica-cooperacao-e-acordos-comerciais-criticam-liderancas\/\",\"url\":\"https:\/\/grupogpps.org\/agenda-ambiental-da-uniao-europeia-prejudica-cooperacao-e-acordos-comerciais-criticam-liderancas\/\",\"name\":\"Agenda ambiental da Uni\u00e3o Europeia prejudica coopera\u00e7\u00e3o e acordos comerciais, criticam lideran\u00e7as - GPS\",\"isPartOf\":{\"@id\":\"https:\/\/grupogpps.org\/#website\"},\"primaryImageOfPage\":{\"@id\":\"https:\/\/grupogpps.org\/agenda-ambiental-da-uniao-europeia-prejudica-cooperacao-e-acordos-comerciais-criticam-liderancas\/#primaryimage\"},\"image\":{\"@id\":\"https:\/\/grupogpps.org\/agenda-ambiental-da-uniao-europeia-prejudica-cooperacao-e-acordos-comerciais-criticam-liderancas\/#primaryimage\"},\"thumbnailUrl\":\"https:\/\/grupogpps.org\/wp-content\/uploads\/2023\/09\/globo.png\",\"datePublished\":\"2023-09-19T13:59:46+00:00\",\"dateModified\":\"2023-09-19T13:59:49+00:00\",\"breadcrumb\":{\"@id\":\"https:\/\/grupogpps.org\/agenda-ambiental-da-uniao-europeia-prejudica-cooperacao-e-acordos-comerciais-criticam-liderancas\/#breadcrumb\"},\"inLanguage\":\"pt-BR\",\"potentialAction\":[{\"@type\":\"ReadAction\",\"target\":[\"https:\/\/grupogpps.org\/agenda-ambiental-da-uniao-europeia-prejudica-cooperacao-e-acordos-comerciais-criticam-liderancas\/\"]}]},{\"@type\":\"ImageObject\",\"inLanguage\":\"pt-BR\",\"@id\":\"https:\/\/grupogpps.org\/agenda-ambiental-da-uniao-europeia-prejudica-cooperacao-e-acordos-comerciais-criticam-liderancas\/#primaryimage\",\"url\":\"https:\/\/grupogpps.org\/wp-content\/uploads\/2023\/09\/globo.png\",\"contentUrl\":\"https:\/\/grupogpps.org\/wp-content\/uploads\/2023\/09\/globo.png\",\"width\":896,\"height\":501},{\"@type\":\"BreadcrumbList\",\"@id\":\"https:\/\/grupogpps.org\/agenda-ambiental-da-uniao-europeia-prejudica-cooperacao-e-acordos-comerciais-criticam-liderancas\/#breadcrumb\",\"itemListElement\":[{\"@type\":\"ListItem\",\"position\":1,\"name\":\"Inicio\",\"item\":\"https:\/\/grupogpps.org\/\"},{\"@type\":\"ListItem\",\"position\":2,\"name\":\"Agenda ambiental da Uni\u00e3o Europeia prejudica coopera\u00e7\u00e3o e acordos comerciais, criticam lideran\u00e7as\"}]},{\"@type\":\"WebSite\",\"@id\":\"https:\/\/grupogpps.org\/#website\",\"url\":\"https:\/\/grupogpps.org\/\",\"name\":\"GPS\",\"description\":\"Grupo de pa\u00edses productores del sur\",\"publisher\":{\"@id\":\"https:\/\/grupogpps.org\/#organization\"},\"potentialAction\":[{\"@type\":\"SearchAction\",\"target\":{\"@type\":\"EntryPoint\",\"urlTemplate\":\"https:\/\/grupogpps.org\/?s={search_term_string}\"},\"query-input\":{\"@type\":\"PropertyValueSpecification\",\"valueRequired\":true,\"valueName\":\"search_term_string\"}}],\"inLanguage\":\"pt-BR\"},{\"@type\":\"Organization\",\"@id\":\"https:\/\/grupogpps.org\/#organization\",\"name\":\"GPS - Grupo de pa\u00edses productores del sur\",\"url\":\"https:\/\/grupogpps.org\/\",\"logo\":{\"@type\":\"ImageObject\",\"inLanguage\":\"pt-BR\",\"@id\":\"https:\/\/grupogpps.org\/#\/schema\/logo\/image\/\",\"url\":\"http:\/\/grupogpps.org\/wp-content\/uploads\/2021\/06\/logoGPS3.svg\",\"contentUrl\":\"http:\/\/grupogpps.org\/wp-content\/uploads\/2021\/06\/logoGPS3.svg\",\"width\":1,\"height\":1,\"caption\":\"GPS - Grupo de pa\u00edses productores del sur\"},\"image\":{\"@id\":\"https:\/\/grupogpps.org\/#\/schema\/logo\/image\/\"},\"sameAs\":[\"https:\/\/www.linkedin.com\/company\/25037162\/\",\"https:\/\/x.com\/GPSLatinAmerica\",\"https:\/\/www.instagram.com\/gpslatin\/\",\"https:\/\/www.youtube.com\/channel\/UCM2Qf0jSqNRJRkqmU8dO9QA\/videos\"]},{\"@type\":\"Person\",\"@id\":\"https:\/\/grupogpps.org\/#\/schema\/person\/faaafcd24616dff095821c72659ce41f\",\"name\":\"GPS GPS\",\"url\":\"https:\/\/grupogpps.org\/pt\/author\/gps\/\"}]}<\/script>\n<!-- \/ Yoast SEO plugin. -->","yoast_head_json":{"title":"Agenda ambiental da Uni\u00e3o Europeia prejudica coopera\u00e7\u00e3o e acordos comerciais, criticam lideran\u00e7as - GPS","robots":{"index":"index","follow":"follow","max-snippet":"max-snippet:-1","max-image-preview":"max-image-preview:large","max-video-preview":"max-video-preview:-1"},"canonical":"https:\/\/grupogpps.org\/pt\/agenda-ambiental-da-uniao-europeia-prejudica-cooperacao-e-acordos-comerciais-criticam-liderancas\/","og_locale":"pt_BR","og_type":"article","og_title":"Agenda ambiental da Uni\u00e3o Europeia prejudica coopera\u00e7\u00e3o e acordos comerciais, criticam lideran\u00e7as - GPS","og_description":"Representantes do agroneg\u00f3cio da Am\u00e9rica do Sul e de c\u00e2maras de com\u00e9rcio discutiram o acordo com o Mercosul e o Pacto Verde Europeu A agenda ambiental da Uni\u00e3o Europeia foi criticada, nesta quarta-feira (13\/9), por lideran\u00e7as do agroneg\u00f3cio da Am\u00e9rica do Sul e representantes de C\u00e2maras de Com\u00e9rcio de pa\u00edses europeus no Brasil.&nbsp;A avalia\u00e7\u00e3o \u00e9 [&hellip;]","og_url":"https:\/\/grupogpps.org\/pt\/agenda-ambiental-da-uniao-europeia-prejudica-cooperacao-e-acordos-comerciais-criticam-liderancas\/","og_site_name":"GPS","article_publisher":"https:\/\/www.linkedin.com\/company\/25037162\/","article_published_time":"2023-09-19T13:59:46+00:00","article_modified_time":"2023-09-19T13:59:49+00:00","og_image":[{"width":896,"height":501,"url":"http:\/\/grupogpps.org\/wp-content\/uploads\/2023\/09\/globo.png","type":"image\/png"}],"author":"GPS GPS","twitter_card":"summary_large_image","twitter_creator":"@GPSLatinAmerica","twitter_site":"@GPSLatinAmerica","twitter_misc":{"Escrito por":"GPS GPS","Est. tempo de leitura":"4 minutos"},"schema":{"@context":"https:\/\/schema.org","@graph":[{"@type":"Article","@id":"https:\/\/grupogpps.org\/agenda-ambiental-da-uniao-europeia-prejudica-cooperacao-e-acordos-comerciais-criticam-liderancas\/#article","isPartOf":{"@id":"https:\/\/grupogpps.org\/agenda-ambiental-da-uniao-europeia-prejudica-cooperacao-e-acordos-comerciais-criticam-liderancas\/"},"author":{"name":"GPS GPS","@id":"https:\/\/grupogpps.org\/#\/schema\/person\/faaafcd24616dff095821c72659ce41f"},"headline":"Agenda ambiental da Uni\u00e3o Europeia prejudica coopera\u00e7\u00e3o e acordos comerciais, criticam lideran\u00e7as","datePublished":"2023-09-19T13:59:46+00:00","dateModified":"2023-09-19T13:59:49+00:00","mainEntityOfPage":{"@id":"https:\/\/grupogpps.org\/agenda-ambiental-da-uniao-europeia-prejudica-cooperacao-e-acordos-comerciais-criticam-liderancas\/"},"wordCount":839,"commentCount":0,"publisher":{"@id":"https:\/\/grupogpps.org\/#organization"},"image":{"@id":"https:\/\/grupogpps.org\/agenda-ambiental-da-uniao-europeia-prejudica-cooperacao-e-acordos-comerciais-criticam-liderancas\/#primaryimage"},"thumbnailUrl":"https:\/\/grupogpps.org\/wp-content\/uploads\/2023\/09\/globo.png","articleSection":["GPS en los medios","Home","Novedades","Publicaciones Home"],"inLanguage":"pt-BR","potentialAction":[{"@type":"CommentAction","name":"Comment","target":["https:\/\/grupogpps.org\/agenda-ambiental-da-uniao-europeia-prejudica-cooperacao-e-acordos-comerciais-criticam-liderancas\/#respond"]}]},{"@type":"WebPage","@id":"https:\/\/grupogpps.org\/agenda-ambiental-da-uniao-europeia-prejudica-cooperacao-e-acordos-comerciais-criticam-liderancas\/","url":"https:\/\/grupogpps.org\/agenda-ambiental-da-uniao-europeia-prejudica-cooperacao-e-acordos-comerciais-criticam-liderancas\/","name":"Agenda ambiental da Uni\u00e3o Europeia prejudica coopera\u00e7\u00e3o e acordos comerciais, criticam lideran\u00e7as - GPS","isPartOf":{"@id":"https:\/\/grupogpps.org\/#website"},"primaryImageOfPage":{"@id":"https:\/\/grupogpps.org\/agenda-ambiental-da-uniao-europeia-prejudica-cooperacao-e-acordos-comerciais-criticam-liderancas\/#primaryimage"},"image":{"@id":"https:\/\/grupogpps.org\/agenda-ambiental-da-uniao-europeia-prejudica-cooperacao-e-acordos-comerciais-criticam-liderancas\/#primaryimage"},"thumbnailUrl":"https:\/\/grupogpps.org\/wp-content\/uploads\/2023\/09\/globo.png","datePublished":"2023-09-19T13:59:46+00:00","dateModified":"2023-09-19T13:59:49+00:00","breadcrumb":{"@id":"https:\/\/grupogpps.org\/agenda-ambiental-da-uniao-europeia-prejudica-cooperacao-e-acordos-comerciais-criticam-liderancas\/#breadcrumb"},"inLanguage":"pt-BR","potentialAction":[{"@type":"ReadAction","target":["https:\/\/grupogpps.org\/agenda-ambiental-da-uniao-europeia-prejudica-cooperacao-e-acordos-comerciais-criticam-liderancas\/"]}]},{"@type":"ImageObject","inLanguage":"pt-BR","@id":"https:\/\/grupogpps.org\/agenda-ambiental-da-uniao-europeia-prejudica-cooperacao-e-acordos-comerciais-criticam-liderancas\/#primaryimage","url":"https:\/\/grupogpps.org\/wp-content\/uploads\/2023\/09\/globo.png","contentUrl":"https:\/\/grupogpps.org\/wp-content\/uploads\/2023\/09\/globo.png","width":896,"height":501},{"@type":"BreadcrumbList","@id":"https:\/\/grupogpps.org\/agenda-ambiental-da-uniao-europeia-prejudica-cooperacao-e-acordos-comerciais-criticam-liderancas\/#breadcrumb","itemListElement":[{"@type":"ListItem","position":1,"name":"Inicio","item":"https:\/\/grupogpps.org\/"},{"@type":"ListItem","position":2,"name":"Agenda ambiental da Uni\u00e3o Europeia prejudica coopera\u00e7\u00e3o e acordos comerciais, criticam lideran\u00e7as"}]},{"@type":"WebSite","@id":"https:\/\/grupogpps.org\/#website","url":"https:\/\/grupogpps.org\/","name":"GPS","description":"Grupo de pa\u00edses productores del sur","publisher":{"@id":"https:\/\/grupogpps.org\/#organization"},"potentialAction":[{"@type":"SearchAction","target":{"@type":"EntryPoint","urlTemplate":"https:\/\/grupogpps.org\/?s={search_term_string}"},"query-input":{"@type":"PropertyValueSpecification","valueRequired":true,"valueName":"search_term_string"}}],"inLanguage":"pt-BR"},{"@type":"Organization","@id":"https:\/\/grupogpps.org\/#organization","name":"GPS - Grupo de pa\u00edses productores del sur","url":"https:\/\/grupogpps.org\/","logo":{"@type":"ImageObject","inLanguage":"pt-BR","@id":"https:\/\/grupogpps.org\/#\/schema\/logo\/image\/","url":"http:\/\/grupogpps.org\/wp-content\/uploads\/2021\/06\/logoGPS3.svg","contentUrl":"http:\/\/grupogpps.org\/wp-content\/uploads\/2021\/06\/logoGPS3.svg","width":1,"height":1,"caption":"GPS - Grupo de pa\u00edses productores del sur"},"image":{"@id":"https:\/\/grupogpps.org\/#\/schema\/logo\/image\/"},"sameAs":["https:\/\/www.linkedin.com\/company\/25037162\/","https:\/\/x.com\/GPSLatinAmerica","https:\/\/www.instagram.com\/gpslatin\/","https:\/\/www.youtube.com\/channel\/UCM2Qf0jSqNRJRkqmU8dO9QA\/videos"]},{"@type":"Person","@id":"https:\/\/grupogpps.org\/#\/schema\/person\/faaafcd24616dff095821c72659ce41f","name":"GPS GPS","url":"https:\/\/grupogpps.org\/pt\/author\/gps\/"}]}},"_links":{"self":[{"href":"https:\/\/grupogpps.org\/pt\/wp-json\/wp\/v2\/posts\/4450","targetHints":{"allow":["GET"]}}],"collection":[{"href":"https:\/\/grupogpps.org\/pt\/wp-json\/wp\/v2\/posts"}],"about":[{"href":"https:\/\/grupogpps.org\/pt\/wp-json\/wp\/v2\/types\/post"}],"author":[{"embeddable":true,"href":"https:\/\/grupogpps.org\/pt\/wp-json\/wp\/v2\/users\/2"}],"replies":[{"embeddable":true,"href":"https:\/\/grupogpps.org\/pt\/wp-json\/wp\/v2\/comments?post=4450"}],"version-history":[{"count":1,"href":"https:\/\/grupogpps.org\/pt\/wp-json\/wp\/v2\/posts\/4450\/revisions"}],"predecessor-version":[{"id":4452,"href":"https:\/\/grupogpps.org\/pt\/wp-json\/wp\/v2\/posts\/4450\/revisions\/4452"}],"wp:featuredmedia":[{"embeddable":true,"href":"https:\/\/grupogpps.org\/pt\/wp-json\/wp\/v2\/media\/4451"}],"wp:attachment":[{"href":"https:\/\/grupogpps.org\/pt\/wp-json\/wp\/v2\/media?parent=4450"}],"wp:term":[{"taxonomy":"category","embeddable":true,"href":"https:\/\/grupogpps.org\/pt\/wp-json\/wp\/v2\/categories?post=4450"},{"taxonomy":"post_tag","embeddable":true,"href":"https:\/\/grupogpps.org\/pt\/wp-json\/wp\/v2\/tags?post=4450"}],"curies":[{"name":"wp","href":"https:\/\/api.w.org\/{rel}","templated":true}]}}