{"id":4230,"date":"2023-06-01T13:24:40","date_gmt":"2023-06-01T16:24:40","guid":{"rendered":"http:\/\/grupogpps.org\/?p=4230"},"modified":"2023-06-01T14:41:05","modified_gmt":"2023-06-01T17:41:05","slug":"el-mercosur-ante-una-disyuntiva-o-concreta-el-acuerdo-con-la-union-europea-o-se-fragmenta","status":"publish","type":"post","link":"https:\/\/grupogpps.org\/pt\/el-mercosur-ante-una-disyuntiva-o-concreta-el-acuerdo-con-la-union-europea-o-se-fragmenta\/","title":{"rendered":"El Mercosur ante una disyuntiva: o concreta el acuerdo con la Uni\u00f3n Europea o se fragmenta"},"content":{"rendered":"<h2 class=\"wp-block-heading has-medium-font-size\">El bloque regional fue perdiendo relevancia en los \u00faltimos a\u00f1os y podr\u00eda recuperar protagonismo con el agregado de valor a la exportaci\u00f3n de productos primarios con el desarrollo de la bioindustria<\/h2>\n\n\n\n<p>En uno de los paneles del\u00a0Congreso de Maizar\u00a0se analizaron las oportunidades y desaf\u00edos para el\u00a0Mercosur\u00a0en el nuevo contexto internacional, con la moderaci\u00f3n de Agust\u00edn Tejeda, director de Contenidos del Grupo GPS.\u00a0Tres especialistas plantearon que la actual situaci\u00f3n deber\u00eda dar paso a una nueva din\u00e1mica, en la que la concreci\u00f3n del acuerdo con la Uni\u00f3n Europea ser\u00eda una pieza clave.<\/p>\n\n\n\n<p>Federico Lavopa fue subsecretario de Comercio Exterior durante el gobierno de Mauricio Macri y hoy es director de Comercio Internacional Quipu. Est\u00e1 especializado en temas del Mercosur desde hace muchos a\u00f1os, al que no duda en calificar como \u201cparalizado y perdiendo relevancia desde hace 30 a\u00f1os\u201d.<\/p>\n\n\n\n<p>La persistente decadencia determina que el bloque solo concentre el 12% de las exportaciones de los pa\u00edses miembros, a diferencia del 23% que exhib\u00eda en origen.\u00a0Adem\u00e1s, se han generado tensiones entre los socios.\u00a0Recientemente Uruguay se alej\u00f3 de la regla del consenso y dijo: \u201cSi no me dejan avanzar con la agenda, me voy solo\u201d. Por su parte, Brasil redujo dos veces unilateralmente el arancel externo com\u00fan. Es decir \u201cse est\u00e1 terminando la paciencia entre los pa\u00edses miembros\u201d,\u00a0alert\u00f3 Lavopa.<\/p>\n\n\n\n<p>Por otro lado, el experto destac\u00f3 que es dif\u00edcil alinear cuatro pa\u00edses con ciclos pol\u00edticos que no coinciden: \u201cConviven gobiernos reci\u00e9n electos con patos rengos\u201d.<\/p>\n\n\n\n<p>M\u00e1s all\u00e1 de la visi\u00f3n esc\u00e9ptica sobre el estado actual del Mercosur, Federico fue m\u00e1s optimista sobre su futuro, a la luz de algunos recientes cambios. Uno muy importante es el nuevo gobierno de Brasil del presidente Lula da Silva, que le da importancia al bloque, a diferencia de su antecesor, Jair Bolsonaro.\u00a0El orador dijo que esto es importante porque \u201cnada se puede hacer en el Mercosur sin Brasil; es el principal socio y equivaldr\u00eda a la suma de los seis principales pa\u00edses de la Uni\u00f3n Europea. Entonces, resulta impensable el Mercosur sin Brasil dentro\u201d.<\/p>\n\n\n\n<p>El otro factor importante es el acuerdo Mercosur y Uni\u00f3n Europea, que le podr\u00eda \u201cdar aire\u201d al bloque regional.\u00a0\u201cLa Uni\u00f3n Europea est\u00e1 tocando la puerta diciendo que quiere interactuar con la regi\u00f3n y esta circunstancia coincide con el cambio de gobierno en Brasil y la pr\u00f3xima asunci\u00f3n de nuevas autoridades nacionales en la Argentina\u201d,\u00a0destac\u00f3 Lavopa.<\/p>\n\n\n\n<p>Si esta perspectiva se convierte en realidad, ser\u00e1 una se\u00f1al pol\u00edtica importante y generar\u00e1 oportunidades para ubicar productos del bloque en los pa\u00edses europeos, con paulatina baja de los aranceles del Mercosur.\u00a0En cambio, si fracasara este acuerdo, es poco probable que pueda hacerse otro con un bloque de pa\u00edses asi\u00e1ticos, para quienes nuestros productos son muy caros. \u201cEn ese escenario no es improbable que los pa\u00edses miembros del Mercosur sigan su camino por separado\u201d,\u00a0adelant\u00f3.<\/p>\n\n\n\n<h3 class=\"wp-block-heading\">Exportar bioproductos<\/h3>\n\n\n\n<p>En el panel tambi\u00e9n habl\u00f3 Marcelo Reg\u00fanaga, exsecretario de Agricultura de la Naci\u00f3n y un especialista en el Mercosur. Dijo que \u201cen el actual escenario internacional, la Argentina debe replantear la estrategia de desarrollo econ\u00f3mico y social que emple\u00f3 desde hace 80 a\u00f1os, basada en la industrializaci\u00f3n sustitutiva de importaciones\u201d.<\/p>\n\n\n\n<p>\u201cNuestro pa\u00eds se cerr\u00f3 al mundo desde el siglo pasado priorizando el mercado interno en vez de crecer con el comercio exterior. Es el momento de cambiar de modelo y aprovechar la oportunidad de agregar valor a productos de la bioeconom\u00eda, como biocombustibles, biopl\u00e1sticos y otros, para comenzar una nueva etapa de desarrollo\u201d,<strong>\u00a0<\/strong>invit\u00f3.<\/p>\n\n\n<div class=\"wp-block-image\">\n<figure class=\"aligncenter size-full is-resized\"><img loading=\"lazy\" decoding=\"async\" src=\"http:\/\/grupogpps.org\/wp-content\/uploads\/2023\/06\/image.png\" alt=\"\" class=\"wp-image-4237\" width=\"535\" height=\"380\" srcset=\"https:\/\/grupogpps.org\/wp-content\/uploads\/2023\/06\/image.png 757w, https:\/\/grupogpps.org\/wp-content\/uploads\/2023\/06\/image-300x213.png 300w, https:\/\/grupogpps.org\/wp-content\/uploads\/2023\/06\/image-18x12.png 18w\" sizes=\"auto, (max-width: 535px) 100vw, 535px\" \/><\/figure><\/div>\n\n\n<p>\u201cLos mercados de estos bienes crecen m\u00e1s r\u00e1pido que su producci\u00f3n y hay que aprovechar la demanda desarrollando equipos especializados en comercio exterior que hoy no est\u00e1n disponibles, luego de tantos a\u00f1os de privilegiar la demanda interna\u201d, fustig\u00f3.<\/p>\n\n\n\n<p>Adem\u00e1s,\u00a0subray\u00f3 que la bioeconom\u00eda dar\u00e1 oportunidad de hacer m\u00e1s din\u00e1mico el Mercosur aprovechando los aspectos complementarios que se pueden generar entre los pa\u00edses miembros. De esa forma se puede pensar en una escala regional para insertarse en el mercado mundial.<\/p>\n\n\n\n<p>\u201cTenemos un ejemplo cercano que es Brasil; hay que seguirlo y sumar las ventajas competitivas y comparativas que tiene la Argentina para generar una bioindustria exportadora eficiente\u201d, precis\u00f3.<\/p>\n\n\n\n<h3 class=\"wp-block-heading\">Ma\u00edz y Mercosur<\/h3>\n\n\n\n<p>En otro tramo del panel del congreso de Maizar, Enori Barbieri, un dirigente brasile\u00f1o vicepresidente de Abramilho, analiz\u00f3 las posibilidades de crecimiento del cereal en la regi\u00f3n.<\/p>\n\n\n\n<p>\u201cLa Argentina tiene gran potencial de crecimiento en la producci\u00f3n de ma\u00edz, con una demanda asegurada para colocar el producto\u201d,\u00a0desafi\u00f3. \u201cBrasil produce 150 millones de toneladas y la Argentina puede seguir su camino si desarrolla una cadena comercial competitiva en precio y calidad, los dos atributos que exige el mercado mundial\u201d, propuso.<\/p>\n\n\n\n<p>Para poder concretar ese objetivo\u00a0\u201cdeben solucionar sus problemas internos, que son muchos. Deben lograr una mejor interacci\u00f3n entre las autoridades nacionales y los agricultores\u201d,\u00a0plante\u00f3. \u201cEn Brasil, los pol\u00edticos se comprometen con el sector agropecuario; prueba de ello son los numerosos representantes del campo en el Congreso Nacional\u201d resalt\u00f3.<\/p>\n\n\n\n<p>\u201cLa Argentina tiene tierra, recursos humanos, maquinaria, puertos e infraestructura para ser muy competitiva produciendo granos si se lo propone\u201d,\u00a0reconoci\u00f3. Y record\u00f3 que\u00a0\u201cgran parte de la superficie agr\u00edcola de Brasil est\u00e1 2000 kil\u00f3metros de los puertos y hay que sacar la producci\u00f3n del campo por caminos de tierra de largo trayecto antes de llegar al asfalto\u201d.<\/p>\n\n\n\n<p>\u201cLos argentinos tienen todo para crecer en granos; falta que el sector p\u00fablico y privado se pongan de acuerdo y tiren parejo para que esa perspectiva se convierta en realidad\u201d, finaliz\u00f3.<\/p>\n\n\n\n<p><a href=\"https:\/\/www.lanacion.com.ar\/economia\/campo\/el-mercosur-ante-una-disyuntiva-o-concreta-el-acuerdo-con-la-union-europea-o-se-fragmenta-nid01062023\/\" target=\"_blank\" rel=\"noreferrer noopener\">Lee la nota publicada en La Naci\u00f3n<\/a><\/p>","protected":false},"excerpt":{"rendered":"<p>El bloque regional fue perdiendo relevancia en los \u00faltimos a\u00f1os y podr\u00eda recuperar protagonismo con el agregado de valor a la exportaci\u00f3n de productos primarios con el desarrollo de la bioindustria En uno de los paneles del\u00a0Congreso de Maizar\u00a0se analizaron las oportunidades y desaf\u00edos para el\u00a0Mercosur\u00a0en el nuevo contexto internacional, con la moderaci\u00f3n de Agust\u00edn [&hellip;]<\/p>","protected":false},"author":2,"featured_media":4236,"comment_status":"open","ping_status":"closed","sticky":false,"template":"","format":"standard","meta":{"footnotes":""},"categories":[24,25,23,27],"tags":[],"class_list":["post-4230","post","type-post","status-publish","format-standard","has-post-thumbnail","hentry","category-gps-en-los-medios","category-home","category-novedades","category-publicaciones-home"],"yoast_head":"<!-- This site is optimized with the Yoast SEO plugin v26.8 - https:\/\/yoast.com\/product\/yoast-seo-wordpress\/ -->\n<title>El Mercosur ante una disyuntiva: o concreta el acuerdo con la Uni\u00f3n Europea o se fragmenta - GPS<\/title>\n<meta name=\"robots\" content=\"index, follow, max-snippet:-1, max-image-preview:large, max-video-preview:-1\" \/>\n<link rel=\"canonical\" href=\"https:\/\/grupogpps.org\/pt\/el-mercosur-ante-una-disyuntiva-o-concreta-el-acuerdo-con-la-union-europea-o-se-fragmenta\/\" \/>\n<meta property=\"og:locale\" content=\"pt_BR\" \/>\n<meta property=\"og:type\" content=\"article\" \/>\n<meta property=\"og:title\" content=\"El Mercosur ante una disyuntiva: o concreta el acuerdo con la Uni\u00f3n Europea o se fragmenta - GPS\" \/>\n<meta property=\"og:description\" content=\"El bloque regional fue perdiendo relevancia en los \u00faltimos a\u00f1os y podr\u00eda recuperar protagonismo con el agregado de valor a la exportaci\u00f3n de productos primarios con el desarrollo de la bioindustria En uno de los paneles del\u00a0Congreso de Maizar\u00a0se analizaron las oportunidades y desaf\u00edos para el\u00a0Mercosur\u00a0en el nuevo contexto internacional, con la moderaci\u00f3n de Agust\u00edn [&hellip;]\" \/>\n<meta property=\"og:url\" content=\"https:\/\/grupogpps.org\/pt\/el-mercosur-ante-una-disyuntiva-o-concreta-el-acuerdo-con-la-union-europea-o-se-fragmenta\/\" \/>\n<meta property=\"og:site_name\" content=\"GPS\" \/>\n<meta property=\"article:publisher\" content=\"https:\/\/www.linkedin.com\/company\/25037162\/\" \/>\n<meta property=\"article:published_time\" content=\"2023-06-01T16:24:40+00:00\" \/>\n<meta property=\"article:modified_time\" content=\"2023-06-01T17:41:05+00:00\" \/>\n<meta property=\"og:image\" content=\"https:\/\/grupogpps.org\/wp-content\/uploads\/2023\/06\/Maizar2023.png\" \/>\n\t<meta property=\"og:image:width\" content=\"698\" \/>\n\t<meta property=\"og:image:height\" content=\"466\" \/>\n\t<meta property=\"og:image:type\" content=\"image\/png\" \/>\n<meta name=\"author\" content=\"GPS GPS\" \/>\n<meta name=\"twitter:card\" content=\"summary_large_image\" \/>\n<meta name=\"twitter:creator\" content=\"@GPSLatinAmerica\" \/>\n<meta name=\"twitter:site\" content=\"@GPSLatinAmerica\" \/>\n<meta name=\"twitter:label1\" content=\"Escrito por\" \/>\n\t<meta name=\"twitter:data1\" content=\"GPS GPS\" \/>\n\t<meta name=\"twitter:label2\" content=\"Est. tempo de leitura\" \/>\n\t<meta name=\"twitter:data2\" content=\"5 minutos\" \/>\n<script type=\"application\/ld+json\" class=\"yoast-schema-graph\">{\"@context\":\"https:\/\/schema.org\",\"@graph\":[{\"@type\":\"Article\",\"@id\":\"https:\/\/grupogpps.org\/en\/el-mercosur-ante-una-disyuntiva-o-concreta-el-acuerdo-con-la-union-europea-o-se-fragmenta\/#article\",\"isPartOf\":{\"@id\":\"https:\/\/grupogpps.org\/en\/el-mercosur-ante-una-disyuntiva-o-concreta-el-acuerdo-con-la-union-europea-o-se-fragmenta\/\"},\"author\":{\"name\":\"GPS GPS\",\"@id\":\"https:\/\/grupogpps.org\/#\/schema\/person\/faaafcd24616dff095821c72659ce41f\"},\"headline\":\"El Mercosur ante una disyuntiva: o concreta el acuerdo con la Uni\u00f3n Europea o se fragmenta\",\"datePublished\":\"2023-06-01T16:24:40+00:00\",\"dateModified\":\"2023-06-01T17:41:05+00:00\",\"mainEntityOfPage\":{\"@id\":\"https:\/\/grupogpps.org\/en\/el-mercosur-ante-una-disyuntiva-o-concreta-el-acuerdo-con-la-union-europea-o-se-fragmenta\/\"},\"wordCount\":1002,\"commentCount\":0,\"publisher\":{\"@id\":\"https:\/\/grupogpps.org\/#organization\"},\"image\":{\"@id\":\"https:\/\/grupogpps.org\/en\/el-mercosur-ante-una-disyuntiva-o-concreta-el-acuerdo-con-la-union-europea-o-se-fragmenta\/#primaryimage\"},\"thumbnailUrl\":\"https:\/\/grupogpps.org\/wp-content\/uploads\/2023\/06\/Maizar2023.png\",\"articleSection\":[\"GPS en los medios\",\"Home\",\"Novedades\",\"Publicaciones Home\"],\"inLanguage\":\"pt-BR\",\"potentialAction\":[{\"@type\":\"CommentAction\",\"name\":\"Comment\",\"target\":[\"https:\/\/grupogpps.org\/en\/el-mercosur-ante-una-disyuntiva-o-concreta-el-acuerdo-con-la-union-europea-o-se-fragmenta\/#respond\"]}]},{\"@type\":\"WebPage\",\"@id\":\"https:\/\/grupogpps.org\/en\/el-mercosur-ante-una-disyuntiva-o-concreta-el-acuerdo-con-la-union-europea-o-se-fragmenta\/\",\"url\":\"https:\/\/grupogpps.org\/en\/el-mercosur-ante-una-disyuntiva-o-concreta-el-acuerdo-con-la-union-europea-o-se-fragmenta\/\",\"name\":\"El Mercosur ante una disyuntiva: o concreta el acuerdo con la Uni\u00f3n Europea o se fragmenta - GPS\",\"isPartOf\":{\"@id\":\"https:\/\/grupogpps.org\/#website\"},\"primaryImageOfPage\":{\"@id\":\"https:\/\/grupogpps.org\/en\/el-mercosur-ante-una-disyuntiva-o-concreta-el-acuerdo-con-la-union-europea-o-se-fragmenta\/#primaryimage\"},\"image\":{\"@id\":\"https:\/\/grupogpps.org\/en\/el-mercosur-ante-una-disyuntiva-o-concreta-el-acuerdo-con-la-union-europea-o-se-fragmenta\/#primaryimage\"},\"thumbnailUrl\":\"https:\/\/grupogpps.org\/wp-content\/uploads\/2023\/06\/Maizar2023.png\",\"datePublished\":\"2023-06-01T16:24:40+00:00\",\"dateModified\":\"2023-06-01T17:41:05+00:00\",\"breadcrumb\":{\"@id\":\"https:\/\/grupogpps.org\/en\/el-mercosur-ante-una-disyuntiva-o-concreta-el-acuerdo-con-la-union-europea-o-se-fragmenta\/#breadcrumb\"},\"inLanguage\":\"pt-BR\",\"potentialAction\":[{\"@type\":\"ReadAction\",\"target\":[\"https:\/\/grupogpps.org\/en\/el-mercosur-ante-una-disyuntiva-o-concreta-el-acuerdo-con-la-union-europea-o-se-fragmenta\/\"]}]},{\"@type\":\"ImageObject\",\"inLanguage\":\"pt-BR\",\"@id\":\"https:\/\/grupogpps.org\/en\/el-mercosur-ante-una-disyuntiva-o-concreta-el-acuerdo-con-la-union-europea-o-se-fragmenta\/#primaryimage\",\"url\":\"https:\/\/grupogpps.org\/wp-content\/uploads\/2023\/06\/Maizar2023.png\",\"contentUrl\":\"https:\/\/grupogpps.org\/wp-content\/uploads\/2023\/06\/Maizar2023.png\",\"width\":698,\"height\":466,\"caption\":\"Marcelo Reg\u00fanaga, coordinador del GPS y exsecretario de Agricultura, y Enori Barbieri, de Abramilho, en el Congreso de Maizar\"},{\"@type\":\"BreadcrumbList\",\"@id\":\"https:\/\/grupogpps.org\/en\/el-mercosur-ante-una-disyuntiva-o-concreta-el-acuerdo-con-la-union-europea-o-se-fragmenta\/#breadcrumb\",\"itemListElement\":[{\"@type\":\"ListItem\",\"position\":1,\"name\":\"Inicio\",\"item\":\"https:\/\/grupogpps.org\/\"},{\"@type\":\"ListItem\",\"position\":2,\"name\":\"El Mercosur ante una disyuntiva: o concreta el acuerdo con la Uni\u00f3n Europea o se fragmenta\"}]},{\"@type\":\"WebSite\",\"@id\":\"https:\/\/grupogpps.org\/#website\",\"url\":\"https:\/\/grupogpps.org\/\",\"name\":\"GPS\",\"description\":\"Grupo de pa\u00edses productores del sur\",\"publisher\":{\"@id\":\"https:\/\/grupogpps.org\/#organization\"},\"potentialAction\":[{\"@type\":\"SearchAction\",\"target\":{\"@type\":\"EntryPoint\",\"urlTemplate\":\"https:\/\/grupogpps.org\/?s={search_term_string}\"},\"query-input\":{\"@type\":\"PropertyValueSpecification\",\"valueRequired\":true,\"valueName\":\"search_term_string\"}}],\"inLanguage\":\"pt-BR\"},{\"@type\":\"Organization\",\"@id\":\"https:\/\/grupogpps.org\/#organization\",\"name\":\"GPS - Grupo de pa\u00edses productores del sur\",\"url\":\"https:\/\/grupogpps.org\/\",\"logo\":{\"@type\":\"ImageObject\",\"inLanguage\":\"pt-BR\",\"@id\":\"https:\/\/grupogpps.org\/#\/schema\/logo\/image\/\",\"url\":\"http:\/\/grupogpps.org\/wp-content\/uploads\/2021\/06\/logoGPS3.svg\",\"contentUrl\":\"http:\/\/grupogpps.org\/wp-content\/uploads\/2021\/06\/logoGPS3.svg\",\"width\":1,\"height\":1,\"caption\":\"GPS - Grupo de pa\u00edses productores del sur\"},\"image\":{\"@id\":\"https:\/\/grupogpps.org\/#\/schema\/logo\/image\/\"},\"sameAs\":[\"https:\/\/www.linkedin.com\/company\/25037162\/\",\"https:\/\/x.com\/GPSLatinAmerica\",\"https:\/\/www.instagram.com\/gpslatin\/\",\"https:\/\/www.youtube.com\/channel\/UCM2Qf0jSqNRJRkqmU8dO9QA\/videos\"]},{\"@type\":\"Person\",\"@id\":\"https:\/\/grupogpps.org\/#\/schema\/person\/faaafcd24616dff095821c72659ce41f\",\"name\":\"GPS GPS\",\"url\":\"https:\/\/grupogpps.org\/pt\/author\/gps\/\"}]}<\/script>\n<!-- \/ Yoast SEO plugin. -->","yoast_head_json":{"title":"El Mercosur ante una disyuntiva: o concreta el acuerdo con la Uni\u00f3n Europea o se fragmenta - GPS","robots":{"index":"index","follow":"follow","max-snippet":"max-snippet:-1","max-image-preview":"max-image-preview:large","max-video-preview":"max-video-preview:-1"},"canonical":"https:\/\/grupogpps.org\/pt\/el-mercosur-ante-una-disyuntiva-o-concreta-el-acuerdo-con-la-union-europea-o-se-fragmenta\/","og_locale":"pt_BR","og_type":"article","og_title":"El Mercosur ante una disyuntiva: o concreta el acuerdo con la Uni\u00f3n Europea o se fragmenta - GPS","og_description":"El bloque regional fue perdiendo relevancia en los \u00faltimos a\u00f1os y podr\u00eda recuperar protagonismo con el agregado de valor a la exportaci\u00f3n de productos primarios con el desarrollo de la bioindustria En uno de los paneles del\u00a0Congreso de Maizar\u00a0se analizaron las oportunidades y desaf\u00edos para el\u00a0Mercosur\u00a0en el nuevo contexto internacional, con la moderaci\u00f3n de Agust\u00edn [&hellip;]","og_url":"https:\/\/grupogpps.org\/pt\/el-mercosur-ante-una-disyuntiva-o-concreta-el-acuerdo-con-la-union-europea-o-se-fragmenta\/","og_site_name":"GPS","article_publisher":"https:\/\/www.linkedin.com\/company\/25037162\/","article_published_time":"2023-06-01T16:24:40+00:00","article_modified_time":"2023-06-01T17:41:05+00:00","og_image":[{"width":698,"height":466,"url":"https:\/\/grupogpps.org\/wp-content\/uploads\/2023\/06\/Maizar2023.png","type":"image\/png"}],"author":"GPS GPS","twitter_card":"summary_large_image","twitter_creator":"@GPSLatinAmerica","twitter_site":"@GPSLatinAmerica","twitter_misc":{"Escrito por":"GPS GPS","Est. tempo de leitura":"5 minutos"},"schema":{"@context":"https:\/\/schema.org","@graph":[{"@type":"Article","@id":"https:\/\/grupogpps.org\/en\/el-mercosur-ante-una-disyuntiva-o-concreta-el-acuerdo-con-la-union-europea-o-se-fragmenta\/#article","isPartOf":{"@id":"https:\/\/grupogpps.org\/en\/el-mercosur-ante-una-disyuntiva-o-concreta-el-acuerdo-con-la-union-europea-o-se-fragmenta\/"},"author":{"name":"GPS GPS","@id":"https:\/\/grupogpps.org\/#\/schema\/person\/faaafcd24616dff095821c72659ce41f"},"headline":"El Mercosur ante una disyuntiva: o concreta el acuerdo con la Uni\u00f3n Europea o se fragmenta","datePublished":"2023-06-01T16:24:40+00:00","dateModified":"2023-06-01T17:41:05+00:00","mainEntityOfPage":{"@id":"https:\/\/grupogpps.org\/en\/el-mercosur-ante-una-disyuntiva-o-concreta-el-acuerdo-con-la-union-europea-o-se-fragmenta\/"},"wordCount":1002,"commentCount":0,"publisher":{"@id":"https:\/\/grupogpps.org\/#organization"},"image":{"@id":"https:\/\/grupogpps.org\/en\/el-mercosur-ante-una-disyuntiva-o-concreta-el-acuerdo-con-la-union-europea-o-se-fragmenta\/#primaryimage"},"thumbnailUrl":"https:\/\/grupogpps.org\/wp-content\/uploads\/2023\/06\/Maizar2023.png","articleSection":["GPS en los medios","Home","Novedades","Publicaciones Home"],"inLanguage":"pt-BR","potentialAction":[{"@type":"CommentAction","name":"Comment","target":["https:\/\/grupogpps.org\/en\/el-mercosur-ante-una-disyuntiva-o-concreta-el-acuerdo-con-la-union-europea-o-se-fragmenta\/#respond"]}]},{"@type":"WebPage","@id":"https:\/\/grupogpps.org\/en\/el-mercosur-ante-una-disyuntiva-o-concreta-el-acuerdo-con-la-union-europea-o-se-fragmenta\/","url":"https:\/\/grupogpps.org\/en\/el-mercosur-ante-una-disyuntiva-o-concreta-el-acuerdo-con-la-union-europea-o-se-fragmenta\/","name":"El Mercosur ante una disyuntiva: o concreta el acuerdo con la Uni\u00f3n Europea o se fragmenta - GPS","isPartOf":{"@id":"https:\/\/grupogpps.org\/#website"},"primaryImageOfPage":{"@id":"https:\/\/grupogpps.org\/en\/el-mercosur-ante-una-disyuntiva-o-concreta-el-acuerdo-con-la-union-europea-o-se-fragmenta\/#primaryimage"},"image":{"@id":"https:\/\/grupogpps.org\/en\/el-mercosur-ante-una-disyuntiva-o-concreta-el-acuerdo-con-la-union-europea-o-se-fragmenta\/#primaryimage"},"thumbnailUrl":"https:\/\/grupogpps.org\/wp-content\/uploads\/2023\/06\/Maizar2023.png","datePublished":"2023-06-01T16:24:40+00:00","dateModified":"2023-06-01T17:41:05+00:00","breadcrumb":{"@id":"https:\/\/grupogpps.org\/en\/el-mercosur-ante-una-disyuntiva-o-concreta-el-acuerdo-con-la-union-europea-o-se-fragmenta\/#breadcrumb"},"inLanguage":"pt-BR","potentialAction":[{"@type":"ReadAction","target":["https:\/\/grupogpps.org\/en\/el-mercosur-ante-una-disyuntiva-o-concreta-el-acuerdo-con-la-union-europea-o-se-fragmenta\/"]}]},{"@type":"ImageObject","inLanguage":"pt-BR","@id":"https:\/\/grupogpps.org\/en\/el-mercosur-ante-una-disyuntiva-o-concreta-el-acuerdo-con-la-union-europea-o-se-fragmenta\/#primaryimage","url":"https:\/\/grupogpps.org\/wp-content\/uploads\/2023\/06\/Maizar2023.png","contentUrl":"https:\/\/grupogpps.org\/wp-content\/uploads\/2023\/06\/Maizar2023.png","width":698,"height":466,"caption":"Marcelo Reg\u00fanaga, coordinador del GPS y exsecretario de Agricultura, y Enori Barbieri, de Abramilho, en el Congreso de Maizar"},{"@type":"BreadcrumbList","@id":"https:\/\/grupogpps.org\/en\/el-mercosur-ante-una-disyuntiva-o-concreta-el-acuerdo-con-la-union-europea-o-se-fragmenta\/#breadcrumb","itemListElement":[{"@type":"ListItem","position":1,"name":"Inicio","item":"https:\/\/grupogpps.org\/"},{"@type":"ListItem","position":2,"name":"El Mercosur ante una disyuntiva: o concreta el acuerdo con la Uni\u00f3n Europea o se fragmenta"}]},{"@type":"WebSite","@id":"https:\/\/grupogpps.org\/#website","url":"https:\/\/grupogpps.org\/","name":"GPS","description":"Grupo de pa\u00edses productores del sur","publisher":{"@id":"https:\/\/grupogpps.org\/#organization"},"potentialAction":[{"@type":"SearchAction","target":{"@type":"EntryPoint","urlTemplate":"https:\/\/grupogpps.org\/?s={search_term_string}"},"query-input":{"@type":"PropertyValueSpecification","valueRequired":true,"valueName":"search_term_string"}}],"inLanguage":"pt-BR"},{"@type":"Organization","@id":"https:\/\/grupogpps.org\/#organization","name":"GPS - Grupo de pa\u00edses productores del sur","url":"https:\/\/grupogpps.org\/","logo":{"@type":"ImageObject","inLanguage":"pt-BR","@id":"https:\/\/grupogpps.org\/#\/schema\/logo\/image\/","url":"http:\/\/grupogpps.org\/wp-content\/uploads\/2021\/06\/logoGPS3.svg","contentUrl":"http:\/\/grupogpps.org\/wp-content\/uploads\/2021\/06\/logoGPS3.svg","width":1,"height":1,"caption":"GPS - Grupo de pa\u00edses productores del sur"},"image":{"@id":"https:\/\/grupogpps.org\/#\/schema\/logo\/image\/"},"sameAs":["https:\/\/www.linkedin.com\/company\/25037162\/","https:\/\/x.com\/GPSLatinAmerica","https:\/\/www.instagram.com\/gpslatin\/","https:\/\/www.youtube.com\/channel\/UCM2Qf0jSqNRJRkqmU8dO9QA\/videos"]},{"@type":"Person","@id":"https:\/\/grupogpps.org\/#\/schema\/person\/faaafcd24616dff095821c72659ce41f","name":"GPS GPS","url":"https:\/\/grupogpps.org\/pt\/author\/gps\/"}]}},"_links":{"self":[{"href":"https:\/\/grupogpps.org\/pt\/wp-json\/wp\/v2\/posts\/4230","targetHints":{"allow":["GET"]}}],"collection":[{"href":"https:\/\/grupogpps.org\/pt\/wp-json\/wp\/v2\/posts"}],"about":[{"href":"https:\/\/grupogpps.org\/pt\/wp-json\/wp\/v2\/types\/post"}],"author":[{"embeddable":true,"href":"https:\/\/grupogpps.org\/pt\/wp-json\/wp\/v2\/users\/2"}],"replies":[{"embeddable":true,"href":"https:\/\/grupogpps.org\/pt\/wp-json\/wp\/v2\/comments?post=4230"}],"version-history":[{"count":6,"href":"https:\/\/grupogpps.org\/pt\/wp-json\/wp\/v2\/posts\/4230\/revisions"}],"predecessor-version":[{"id":4238,"href":"https:\/\/grupogpps.org\/pt\/wp-json\/wp\/v2\/posts\/4230\/revisions\/4238"}],"wp:featuredmedia":[{"embeddable":true,"href":"https:\/\/grupogpps.org\/pt\/wp-json\/wp\/v2\/media\/4236"}],"wp:attachment":[{"href":"https:\/\/grupogpps.org\/pt\/wp-json\/wp\/v2\/media?parent=4230"}],"wp:term":[{"taxonomy":"category","embeddable":true,"href":"https:\/\/grupogpps.org\/pt\/wp-json\/wp\/v2\/categories?post=4230"},{"taxonomy":"post_tag","embeddable":true,"href":"https:\/\/grupogpps.org\/pt\/wp-json\/wp\/v2\/tags?post=4230"}],"curies":[{"name":"wp","href":"https:\/\/api.w.org\/{rel}","templated":true}]}}