{"id":4197,"date":"2023-05-16T11:21:43","date_gmt":"2023-05-16T14:21:43","guid":{"rendered":"http:\/\/grupogpps.org\/?p=4197"},"modified":"2023-05-16T11:25:04","modified_gmt":"2023-05-16T14:25:04","slug":"gps-participo-en-el-seminario-argentina-potencia-o-decadencia-de-la-fundacion-producir-conservando","status":"publish","type":"post","link":"https:\/\/grupogpps.org\/pt\/gps-participo-en-el-seminario-argentina-potencia-o-decadencia-de-la-fundacion-producir-conservando\/","title":{"rendered":"GPS particip\u00f3 en el seminario \u201cArgentina, \u00bfPotencia o Decadencia?\u201d de la Fundaci\u00f3n Producir Conservando"},"content":{"rendered":"<p>El pasado 27 de abril se llev\u00f3 a cabo el 32avo Seminario de la Fundaci\u00f3n Producir Conservando: Argentina, \u00bfPotencia O Decadencia?, en donde se dieron cita destacadas personalidades del agro entre ellas Marcelo Reg\u00fanaga, Coordinador General de GPS, y Ernesto Viglizzo, miembro de la red y Luis Bameule, miembro del Consejo Consultivo del grupo.<\/p>\n\n\n\n<p>El seminario fue moderado por Ricardo Bindi periodista y presidente de Agrositio, y Gustavo Oliveiro, Asesor y Coordinador de Proyectos en FPC, quienes aclararon que uno de los objetivos principales de dicho seminario es, adem\u00e1s de hacer un diagn\u00f3stico de la posici\u00f3n de Argentina en el contexto actual, plantear soluciones.<\/p>\n\n\n\n<p>Entre los especialistas que formaron parte del programa estuvo el investigador del CONICET, Ernesto Viglizzo, miembro de la red GPS, que present\u00f3 el panel \u201cAmbiente, Carbono y Estrategias Comerciales para el Agro\u201d. En el mismo aborda la importancia de evaluar la huella de carbono en la producci\u00f3n agropecuaria y su impacto en el medio ambiente y la salud. Viglizzo, adem\u00e1s propone dos enfoques metodol\u00f3gicos para calcular el carbono: ascendente y descendente, y discute la generalizaci\u00f3n de los est\u00e1ndares de la Uni\u00f3n Europea en todo el mundo y su impacto en la rentabilidad de la producci\u00f3n agropecuaria.<\/p>\n\n\n\n<p><\/p>\n\n\n<div class=\"wp-block-image\">\n<figure class=\"aligncenter size-full is-resized\"><img loading=\"lazy\" decoding=\"async\" src=\"http:\/\/grupogpps.org\/wp-content\/uploads\/2023\/05\/SeminarioFPC2.png\" alt=\"\" class=\"wp-image-4199\" width=\"670\" height=\"331\" srcset=\"https:\/\/grupogpps.org\/wp-content\/uploads\/2023\/05\/SeminarioFPC2.png 884w, https:\/\/grupogpps.org\/wp-content\/uploads\/2023\/05\/SeminarioFPC2-300x148.png 300w, https:\/\/grupogpps.org\/wp-content\/uploads\/2023\/05\/SeminarioFPC2-768x380.png 768w, https:\/\/grupogpps.org\/wp-content\/uploads\/2023\/05\/SeminarioFPC2-18x9.png 18w\" sizes=\"auto, (max-width: 670px) 100vw, 670px\" \/><\/figure><\/div>\n\n\n<p><\/p>\n\n\n\n<p>El empresario Luis Bameule, Presidente de la firma ganadera Agritur San Luis y miembro del Comit\u00e9 Consultivo de la red GPS, present\u00f3 sus apuntes sobre el contexto de la ganader\u00eda argentina. Se refiri\u00f3 a la disminuci\u00f3n de la industria de la carne en el pa\u00eds en los \u00faltimos 60 a\u00f1os, la cual se la atribuye a da\u00f1os autoinfligidos, como altos impuestos y cambios en las regulaciones, as\u00ed como a una lenta adaptaci\u00f3n a los cambios del mercado. El empresario propuso un plan de 10 a\u00f1os para relanzar la industria, que incluye mejorar la tasa de destete y aumentar el peso del ganado, lo que podr\u00eda resultar en 400,000 toneladas adicionales de carne exportable o consumible.<\/p>\n\n\n\n<p>Por su parte, Marcelo Reg\u00fanaga, Coordinador General de GPS, adem\u00e1s de destacar el alto potencial de producci\u00f3n de Argentina y su capacidad para aprovechar el mercado internacional, discute su pobre desempe\u00f1o en los \u00faltimos 20-30 a\u00f1os, gracias a la falta de una estrategia clara de exportaci\u00f3n. Sin embargo, Reg\u00fanaga ve en la crisis actual una oportunidad para revisar estos problemas y cambiar la visi\u00f3n hacia un enfoque m\u00e1s estructural.<\/p>\n\n\n\n<p><\/p>\n\n\n<div class=\"wp-block-image\">\n<figure class=\"aligncenter size-full is-resized\"><img loading=\"lazy\" decoding=\"async\" src=\"http:\/\/grupogpps.org\/wp-content\/uploads\/2023\/05\/SeminarioFPC3.png\" alt=\"\" class=\"wp-image-4200\" width=\"701\" height=\"367\" srcset=\"https:\/\/grupogpps.org\/wp-content\/uploads\/2023\/05\/SeminarioFPC3.png 821w, https:\/\/grupogpps.org\/wp-content\/uploads\/2023\/05\/SeminarioFPC3-300x157.png 300w, https:\/\/grupogpps.org\/wp-content\/uploads\/2023\/05\/SeminarioFPC3-768x402.png 768w, https:\/\/grupogpps.org\/wp-content\/uploads\/2023\/05\/SeminarioFPC3-18x9.png 18w\" sizes=\"auto, (max-width: 701px) 100vw, 701px\" \/><\/figure><\/div>\n\n\n<p><\/p>\n\n\n\n<p>En el seminario tambi\u00e9n participaron Gustavo L\u00f3pez, Director de Agritrend; Fernando Canosa, Director en Conocimiento Ganadero y administrador de empresas agropecuarias; Ignacio Lartirigoyen, agr\u00f3nomo y empresario y Gast\u00f3n Bourdieu, Ger. de Banca Mayorista del Banco Galicia.<\/p>\n\n\n<div class=\"wp-block-image\">\n<figure class=\"aligncenter size-full is-resized\"><img loading=\"lazy\" decoding=\"async\" src=\"http:\/\/grupogpps.org\/wp-content\/uploads\/2023\/05\/SeminarioFPC4.png\" alt=\"\" class=\"wp-image-4198\" width=\"716\" height=\"358\" srcset=\"https:\/\/grupogpps.org\/wp-content\/uploads\/2023\/05\/SeminarioFPC4.png 884w, https:\/\/grupogpps.org\/wp-content\/uploads\/2023\/05\/SeminarioFPC4-300x150.png 300w, https:\/\/grupogpps.org\/wp-content\/uploads\/2023\/05\/SeminarioFPC4-768x385.png 768w, https:\/\/grupogpps.org\/wp-content\/uploads\/2023\/05\/SeminarioFPC4-18x9.png 18w\" sizes=\"auto, (max-width: 716px) 100vw, 716px\" \/><\/figure><\/div>\n\n\n<p><\/p>\n\n\n\n<p>Fuente: <a href=\"https:\/\/www.youtube.com\/watch?v=-hDYdB97VPc\">Seminario Fundaci\u00f3n Producir Conservando 2023<\/a><\/p>","protected":false},"excerpt":{"rendered":"<p>El pasado 27 de abril se llev\u00f3 a cabo el 32avo Seminario de la Fundaci\u00f3n Producir Conservando: Argentina, \u00bfPotencia O Decadencia?, en donde se dieron cita destacadas personalidades del agro entre ellas Marcelo Reg\u00fanaga, Coordinador General de GPS, y Ernesto Viglizzo, miembro de la red y Luis Bameule, miembro del Consejo Consultivo del grupo. El [&hellip;]<\/p>","protected":false},"author":2,"featured_media":4201,"comment_status":"open","ping_status":"closed","sticky":false,"template":"","format":"standard","meta":{"footnotes":""},"categories":[19,25,23,27],"tags":[],"class_list":["post-4197","post","type-post","status-publish","format-standard","has-post-thumbnail","hentry","category-actividades","category-home","category-novedades","category-publicaciones-home"],"yoast_head":"<!-- This site is optimized with the Yoast SEO plugin v26.8 - https:\/\/yoast.com\/product\/yoast-seo-wordpress\/ -->\n<title>GPS particip\u00f3 en el seminario \u201cArgentina, \u00bfPotencia o Decadencia?\u201d de la Fundaci\u00f3n Producir Conservando - GPS<\/title>\n<meta name=\"robots\" content=\"index, follow, max-snippet:-1, max-image-preview:large, max-video-preview:-1\" \/>\n<link rel=\"canonical\" href=\"https:\/\/grupogpps.org\/pt\/gps-participo-en-el-seminario-argentina-potencia-o-decadencia-de-la-fundacion-producir-conservando\/\" \/>\n<meta property=\"og:locale\" content=\"pt_BR\" \/>\n<meta property=\"og:type\" content=\"article\" \/>\n<meta property=\"og:title\" content=\"GPS particip\u00f3 en el seminario \u201cArgentina, \u00bfPotencia o Decadencia?\u201d de la Fundaci\u00f3n Producir Conservando - GPS\" \/>\n<meta property=\"og:description\" content=\"El pasado 27 de abril se llev\u00f3 a cabo el 32avo Seminario de la Fundaci\u00f3n Producir Conservando: Argentina, \u00bfPotencia O Decadencia?, en donde se dieron cita destacadas personalidades del agro entre ellas Marcelo Reg\u00fanaga, Coordinador General de GPS, y Ernesto Viglizzo, miembro de la red y Luis Bameule, miembro del Consejo Consultivo del grupo. El [&hellip;]\" \/>\n<meta property=\"og:url\" content=\"https:\/\/grupogpps.org\/pt\/gps-participo-en-el-seminario-argentina-potencia-o-decadencia-de-la-fundacion-producir-conservando\/\" \/>\n<meta property=\"og:site_name\" content=\"GPS\" \/>\n<meta property=\"article:publisher\" content=\"https:\/\/www.linkedin.com\/company\/25037162\/\" \/>\n<meta property=\"article:published_time\" content=\"2023-05-16T14:21:43+00:00\" \/>\n<meta property=\"article:modified_time\" content=\"2023-05-16T14:25:04+00:00\" \/>\n<meta property=\"og:image\" content=\"https:\/\/grupogpps.org\/wp-content\/uploads\/2023\/05\/SeminarioFPC1.png\" \/>\n\t<meta property=\"og:image:width\" content=\"826\" \/>\n\t<meta property=\"og:image:height\" content=\"179\" \/>\n\t<meta property=\"og:image:type\" content=\"image\/png\" \/>\n<meta name=\"author\" content=\"GPS GPS\" \/>\n<meta name=\"twitter:card\" content=\"summary_large_image\" \/>\n<meta name=\"twitter:creator\" content=\"@GPSLatinAmerica\" \/>\n<meta name=\"twitter:site\" content=\"@GPSLatinAmerica\" \/>\n<meta name=\"twitter:label1\" content=\"Escrito por\" \/>\n\t<meta name=\"twitter:data1\" content=\"GPS GPS\" \/>\n\t<meta name=\"twitter:label2\" content=\"Est. tempo de leitura\" \/>\n\t<meta name=\"twitter:data2\" content=\"3 minutos\" \/>\n<script type=\"application\/ld+json\" class=\"yoast-schema-graph\">{\"@context\":\"https:\/\/schema.org\",\"@graph\":[{\"@type\":\"Article\",\"@id\":\"https:\/\/grupogpps.org\/en\/gps-participo-en-el-seminario-argentina-potencia-o-decadencia-de-la-fundacion-producir-conservando\/#article\",\"isPartOf\":{\"@id\":\"https:\/\/grupogpps.org\/en\/gps-participo-en-el-seminario-argentina-potencia-o-decadencia-de-la-fundacion-producir-conservando\/\"},\"author\":{\"name\":\"GPS GPS\",\"@id\":\"https:\/\/grupogpps.org\/#\/schema\/person\/faaafcd24616dff095821c72659ce41f\"},\"headline\":\"GPS particip\u00f3 en el seminario \u201cArgentina, \u00bfPotencia o Decadencia?\u201d de la Fundaci\u00f3n Producir Conservando\",\"datePublished\":\"2023-05-16T14:21:43+00:00\",\"dateModified\":\"2023-05-16T14:25:04+00:00\",\"mainEntityOfPage\":{\"@id\":\"https:\/\/grupogpps.org\/en\/gps-participo-en-el-seminario-argentina-potencia-o-decadencia-de-la-fundacion-producir-conservando\/\"},\"wordCount\":470,\"commentCount\":0,\"publisher\":{\"@id\":\"https:\/\/grupogpps.org\/#organization\"},\"image\":{\"@id\":\"https:\/\/grupogpps.org\/en\/gps-participo-en-el-seminario-argentina-potencia-o-decadencia-de-la-fundacion-producir-conservando\/#primaryimage\"},\"thumbnailUrl\":\"https:\/\/grupogpps.org\/wp-content\/uploads\/2023\/05\/SeminarioFPC1.png\",\"articleSection\":[\"Actividades\",\"Home\",\"Novedades\",\"Publicaciones Home\"],\"inLanguage\":\"pt-BR\",\"potentialAction\":[{\"@type\":\"CommentAction\",\"name\":\"Comment\",\"target\":[\"https:\/\/grupogpps.org\/en\/gps-participo-en-el-seminario-argentina-potencia-o-decadencia-de-la-fundacion-producir-conservando\/#respond\"]}]},{\"@type\":\"WebPage\",\"@id\":\"https:\/\/grupogpps.org\/en\/gps-participo-en-el-seminario-argentina-potencia-o-decadencia-de-la-fundacion-producir-conservando\/\",\"url\":\"https:\/\/grupogpps.org\/en\/gps-participo-en-el-seminario-argentina-potencia-o-decadencia-de-la-fundacion-producir-conservando\/\",\"name\":\"GPS particip\u00f3 en el seminario \u201cArgentina, \u00bfPotencia o Decadencia?\u201d de la Fundaci\u00f3n Producir Conservando - GPS\",\"isPartOf\":{\"@id\":\"https:\/\/grupogpps.org\/#website\"},\"primaryImageOfPage\":{\"@id\":\"https:\/\/grupogpps.org\/en\/gps-participo-en-el-seminario-argentina-potencia-o-decadencia-de-la-fundacion-producir-conservando\/#primaryimage\"},\"image\":{\"@id\":\"https:\/\/grupogpps.org\/en\/gps-participo-en-el-seminario-argentina-potencia-o-decadencia-de-la-fundacion-producir-conservando\/#primaryimage\"},\"thumbnailUrl\":\"https:\/\/grupogpps.org\/wp-content\/uploads\/2023\/05\/SeminarioFPC1.png\",\"datePublished\":\"2023-05-16T14:21:43+00:00\",\"dateModified\":\"2023-05-16T14:25:04+00:00\",\"breadcrumb\":{\"@id\":\"https:\/\/grupogpps.org\/en\/gps-participo-en-el-seminario-argentina-potencia-o-decadencia-de-la-fundacion-producir-conservando\/#breadcrumb\"},\"inLanguage\":\"pt-BR\",\"potentialAction\":[{\"@type\":\"ReadAction\",\"target\":[\"https:\/\/grupogpps.org\/en\/gps-participo-en-el-seminario-argentina-potencia-o-decadencia-de-la-fundacion-producir-conservando\/\"]}]},{\"@type\":\"ImageObject\",\"inLanguage\":\"pt-BR\",\"@id\":\"https:\/\/grupogpps.org\/en\/gps-participo-en-el-seminario-argentina-potencia-o-decadencia-de-la-fundacion-producir-conservando\/#primaryimage\",\"url\":\"https:\/\/grupogpps.org\/wp-content\/uploads\/2023\/05\/SeminarioFPC1.png\",\"contentUrl\":\"https:\/\/grupogpps.org\/wp-content\/uploads\/2023\/05\/SeminarioFPC1.png\",\"width\":826,\"height\":179},{\"@type\":\"BreadcrumbList\",\"@id\":\"https:\/\/grupogpps.org\/en\/gps-participo-en-el-seminario-argentina-potencia-o-decadencia-de-la-fundacion-producir-conservando\/#breadcrumb\",\"itemListElement\":[{\"@type\":\"ListItem\",\"position\":1,\"name\":\"Inicio\",\"item\":\"https:\/\/grupogpps.org\/\"},{\"@type\":\"ListItem\",\"position\":2,\"name\":\"GPS particip\u00f3 en el seminario \u201cArgentina, \u00bfPotencia o Decadencia?\u201d de la Fundaci\u00f3n Producir Conservando\"}]},{\"@type\":\"WebSite\",\"@id\":\"https:\/\/grupogpps.org\/#website\",\"url\":\"https:\/\/grupogpps.org\/\",\"name\":\"GPS\",\"description\":\"Grupo de pa\u00edses productores del sur\",\"publisher\":{\"@id\":\"https:\/\/grupogpps.org\/#organization\"},\"potentialAction\":[{\"@type\":\"SearchAction\",\"target\":{\"@type\":\"EntryPoint\",\"urlTemplate\":\"https:\/\/grupogpps.org\/?s={search_term_string}\"},\"query-input\":{\"@type\":\"PropertyValueSpecification\",\"valueRequired\":true,\"valueName\":\"search_term_string\"}}],\"inLanguage\":\"pt-BR\"},{\"@type\":\"Organization\",\"@id\":\"https:\/\/grupogpps.org\/#organization\",\"name\":\"GPS - Grupo de pa\u00edses productores del sur\",\"url\":\"https:\/\/grupogpps.org\/\",\"logo\":{\"@type\":\"ImageObject\",\"inLanguage\":\"pt-BR\",\"@id\":\"https:\/\/grupogpps.org\/#\/schema\/logo\/image\/\",\"url\":\"http:\/\/grupogpps.org\/wp-content\/uploads\/2021\/06\/logoGPS3.svg\",\"contentUrl\":\"http:\/\/grupogpps.org\/wp-content\/uploads\/2021\/06\/logoGPS3.svg\",\"width\":1,\"height\":1,\"caption\":\"GPS - Grupo de pa\u00edses productores del sur\"},\"image\":{\"@id\":\"https:\/\/grupogpps.org\/#\/schema\/logo\/image\/\"},\"sameAs\":[\"https:\/\/www.linkedin.com\/company\/25037162\/\",\"https:\/\/x.com\/GPSLatinAmerica\",\"https:\/\/www.instagram.com\/gpslatin\/\",\"https:\/\/www.youtube.com\/channel\/UCM2Qf0jSqNRJRkqmU8dO9QA\/videos\"]},{\"@type\":\"Person\",\"@id\":\"https:\/\/grupogpps.org\/#\/schema\/person\/faaafcd24616dff095821c72659ce41f\",\"name\":\"GPS GPS\",\"url\":\"https:\/\/grupogpps.org\/pt\/author\/gps\/\"}]}<\/script>\n<!-- \/ Yoast SEO plugin. -->","yoast_head_json":{"title":"GPS particip\u00f3 en el seminario \u201cArgentina, \u00bfPotencia o Decadencia?\u201d de la Fundaci\u00f3n Producir Conservando - GPS","robots":{"index":"index","follow":"follow","max-snippet":"max-snippet:-1","max-image-preview":"max-image-preview:large","max-video-preview":"max-video-preview:-1"},"canonical":"https:\/\/grupogpps.org\/pt\/gps-participo-en-el-seminario-argentina-potencia-o-decadencia-de-la-fundacion-producir-conservando\/","og_locale":"pt_BR","og_type":"article","og_title":"GPS particip\u00f3 en el seminario \u201cArgentina, \u00bfPotencia o Decadencia?\u201d de la Fundaci\u00f3n Producir Conservando - GPS","og_description":"El pasado 27 de abril se llev\u00f3 a cabo el 32avo Seminario de la Fundaci\u00f3n Producir Conservando: Argentina, \u00bfPotencia O Decadencia?, en donde se dieron cita destacadas personalidades del agro entre ellas Marcelo Reg\u00fanaga, Coordinador General de GPS, y Ernesto Viglizzo, miembro de la red y Luis Bameule, miembro del Consejo Consultivo del grupo. El [&hellip;]","og_url":"https:\/\/grupogpps.org\/pt\/gps-participo-en-el-seminario-argentina-potencia-o-decadencia-de-la-fundacion-producir-conservando\/","og_site_name":"GPS","article_publisher":"https:\/\/www.linkedin.com\/company\/25037162\/","article_published_time":"2023-05-16T14:21:43+00:00","article_modified_time":"2023-05-16T14:25:04+00:00","og_image":[{"width":826,"height":179,"url":"https:\/\/grupogpps.org\/wp-content\/uploads\/2023\/05\/SeminarioFPC1.png","type":"image\/png"}],"author":"GPS GPS","twitter_card":"summary_large_image","twitter_creator":"@GPSLatinAmerica","twitter_site":"@GPSLatinAmerica","twitter_misc":{"Escrito por":"GPS GPS","Est. tempo de leitura":"3 minutos"},"schema":{"@context":"https:\/\/schema.org","@graph":[{"@type":"Article","@id":"https:\/\/grupogpps.org\/en\/gps-participo-en-el-seminario-argentina-potencia-o-decadencia-de-la-fundacion-producir-conservando\/#article","isPartOf":{"@id":"https:\/\/grupogpps.org\/en\/gps-participo-en-el-seminario-argentina-potencia-o-decadencia-de-la-fundacion-producir-conservando\/"},"author":{"name":"GPS GPS","@id":"https:\/\/grupogpps.org\/#\/schema\/person\/faaafcd24616dff095821c72659ce41f"},"headline":"GPS particip\u00f3 en el seminario \u201cArgentina, \u00bfPotencia o Decadencia?\u201d de la Fundaci\u00f3n Producir Conservando","datePublished":"2023-05-16T14:21:43+00:00","dateModified":"2023-05-16T14:25:04+00:00","mainEntityOfPage":{"@id":"https:\/\/grupogpps.org\/en\/gps-participo-en-el-seminario-argentina-potencia-o-decadencia-de-la-fundacion-producir-conservando\/"},"wordCount":470,"commentCount":0,"publisher":{"@id":"https:\/\/grupogpps.org\/#organization"},"image":{"@id":"https:\/\/grupogpps.org\/en\/gps-participo-en-el-seminario-argentina-potencia-o-decadencia-de-la-fundacion-producir-conservando\/#primaryimage"},"thumbnailUrl":"https:\/\/grupogpps.org\/wp-content\/uploads\/2023\/05\/SeminarioFPC1.png","articleSection":["Actividades","Home","Novedades","Publicaciones Home"],"inLanguage":"pt-BR","potentialAction":[{"@type":"CommentAction","name":"Comment","target":["https:\/\/grupogpps.org\/en\/gps-participo-en-el-seminario-argentina-potencia-o-decadencia-de-la-fundacion-producir-conservando\/#respond"]}]},{"@type":"WebPage","@id":"https:\/\/grupogpps.org\/en\/gps-participo-en-el-seminario-argentina-potencia-o-decadencia-de-la-fundacion-producir-conservando\/","url":"https:\/\/grupogpps.org\/en\/gps-participo-en-el-seminario-argentina-potencia-o-decadencia-de-la-fundacion-producir-conservando\/","name":"GPS particip\u00f3 en el seminario \u201cArgentina, \u00bfPotencia o Decadencia?\u201d de la Fundaci\u00f3n Producir Conservando - GPS","isPartOf":{"@id":"https:\/\/grupogpps.org\/#website"},"primaryImageOfPage":{"@id":"https:\/\/grupogpps.org\/en\/gps-participo-en-el-seminario-argentina-potencia-o-decadencia-de-la-fundacion-producir-conservando\/#primaryimage"},"image":{"@id":"https:\/\/grupogpps.org\/en\/gps-participo-en-el-seminario-argentina-potencia-o-decadencia-de-la-fundacion-producir-conservando\/#primaryimage"},"thumbnailUrl":"https:\/\/grupogpps.org\/wp-content\/uploads\/2023\/05\/SeminarioFPC1.png","datePublished":"2023-05-16T14:21:43+00:00","dateModified":"2023-05-16T14:25:04+00:00","breadcrumb":{"@id":"https:\/\/grupogpps.org\/en\/gps-participo-en-el-seminario-argentina-potencia-o-decadencia-de-la-fundacion-producir-conservando\/#breadcrumb"},"inLanguage":"pt-BR","potentialAction":[{"@type":"ReadAction","target":["https:\/\/grupogpps.org\/en\/gps-participo-en-el-seminario-argentina-potencia-o-decadencia-de-la-fundacion-producir-conservando\/"]}]},{"@type":"ImageObject","inLanguage":"pt-BR","@id":"https:\/\/grupogpps.org\/en\/gps-participo-en-el-seminario-argentina-potencia-o-decadencia-de-la-fundacion-producir-conservando\/#primaryimage","url":"https:\/\/grupogpps.org\/wp-content\/uploads\/2023\/05\/SeminarioFPC1.png","contentUrl":"https:\/\/grupogpps.org\/wp-content\/uploads\/2023\/05\/SeminarioFPC1.png","width":826,"height":179},{"@type":"BreadcrumbList","@id":"https:\/\/grupogpps.org\/en\/gps-participo-en-el-seminario-argentina-potencia-o-decadencia-de-la-fundacion-producir-conservando\/#breadcrumb","itemListElement":[{"@type":"ListItem","position":1,"name":"Inicio","item":"https:\/\/grupogpps.org\/"},{"@type":"ListItem","position":2,"name":"GPS particip\u00f3 en el seminario \u201cArgentina, \u00bfPotencia o Decadencia?\u201d de la Fundaci\u00f3n Producir Conservando"}]},{"@type":"WebSite","@id":"https:\/\/grupogpps.org\/#website","url":"https:\/\/grupogpps.org\/","name":"GPS","description":"Grupo de pa\u00edses productores del sur","publisher":{"@id":"https:\/\/grupogpps.org\/#organization"},"potentialAction":[{"@type":"SearchAction","target":{"@type":"EntryPoint","urlTemplate":"https:\/\/grupogpps.org\/?s={search_term_string}"},"query-input":{"@type":"PropertyValueSpecification","valueRequired":true,"valueName":"search_term_string"}}],"inLanguage":"pt-BR"},{"@type":"Organization","@id":"https:\/\/grupogpps.org\/#organization","name":"GPS - Grupo de pa\u00edses productores del sur","url":"https:\/\/grupogpps.org\/","logo":{"@type":"ImageObject","inLanguage":"pt-BR","@id":"https:\/\/grupogpps.org\/#\/schema\/logo\/image\/","url":"http:\/\/grupogpps.org\/wp-content\/uploads\/2021\/06\/logoGPS3.svg","contentUrl":"http:\/\/grupogpps.org\/wp-content\/uploads\/2021\/06\/logoGPS3.svg","width":1,"height":1,"caption":"GPS - Grupo de pa\u00edses productores del sur"},"image":{"@id":"https:\/\/grupogpps.org\/#\/schema\/logo\/image\/"},"sameAs":["https:\/\/www.linkedin.com\/company\/25037162\/","https:\/\/x.com\/GPSLatinAmerica","https:\/\/www.instagram.com\/gpslatin\/","https:\/\/www.youtube.com\/channel\/UCM2Qf0jSqNRJRkqmU8dO9QA\/videos"]},{"@type":"Person","@id":"https:\/\/grupogpps.org\/#\/schema\/person\/faaafcd24616dff095821c72659ce41f","name":"GPS GPS","url":"https:\/\/grupogpps.org\/pt\/author\/gps\/"}]}},"_links":{"self":[{"href":"https:\/\/grupogpps.org\/pt\/wp-json\/wp\/v2\/posts\/4197","targetHints":{"allow":["GET"]}}],"collection":[{"href":"https:\/\/grupogpps.org\/pt\/wp-json\/wp\/v2\/posts"}],"about":[{"href":"https:\/\/grupogpps.org\/pt\/wp-json\/wp\/v2\/types\/post"}],"author":[{"embeddable":true,"href":"https:\/\/grupogpps.org\/pt\/wp-json\/wp\/v2\/users\/2"}],"replies":[{"embeddable":true,"href":"https:\/\/grupogpps.org\/pt\/wp-json\/wp\/v2\/comments?post=4197"}],"version-history":[{"count":3,"href":"https:\/\/grupogpps.org\/pt\/wp-json\/wp\/v2\/posts\/4197\/revisions"}],"predecessor-version":[{"id":4204,"href":"https:\/\/grupogpps.org\/pt\/wp-json\/wp\/v2\/posts\/4197\/revisions\/4204"}],"wp:featuredmedia":[{"embeddable":true,"href":"https:\/\/grupogpps.org\/pt\/wp-json\/wp\/v2\/media\/4201"}],"wp:attachment":[{"href":"https:\/\/grupogpps.org\/pt\/wp-json\/wp\/v2\/media?parent=4197"}],"wp:term":[{"taxonomy":"category","embeddable":true,"href":"https:\/\/grupogpps.org\/pt\/wp-json\/wp\/v2\/categories?post=4197"},{"taxonomy":"post_tag","embeddable":true,"href":"https:\/\/grupogpps.org\/pt\/wp-json\/wp\/v2\/tags?post=4197"}],"curies":[{"name":"wp","href":"https:\/\/api.w.org\/{rel}","templated":true}]}}