{"id":4174,"date":"2023-01-02T12:41:00","date_gmt":"2023-01-02T15:41:00","guid":{"rendered":"http:\/\/grupogpps.org\/?p=4174"},"modified":"2023-02-08T19:49:02","modified_gmt":"2023-02-08T22:49:02","slug":"webinar-4-eu-mercosur-agreement-series-2022-where-is-the-eu-mercosur-fta-going","status":"publish","type":"post","link":"https:\/\/grupogpps.org\/pt\/webinar-4-eu-mercosur-agreement-series-2022-where-is-the-eu-mercosur-fta-going\/","title":{"rendered":"Webinar # 4 EU Mercosur Agreement Series 2022: \u00abWhere is the EU-Mercosur FTA going?\u00bb"},"content":{"rendered":"<h3 class=\"wp-block-heading\">GPS-Paddy Ashdown Forum-European Liberal Forum-We Are Innovation<\/h3>\n\n\n\n<p>1 de diciembre de 2022<\/p>\n\n\n\n<p>Reconhece-se que as principais preocupa\u00e7\u00f5es que cercam o FTA UE-Mercosul est\u00e3o relacionadas ao desmatamento da Amaz\u00f4nia, ao modelo agroindustrial intensivo geral dos pa\u00edses do Mercosul e ao fraco compromisso do Brasil com o Acordo de Paris sob o presidente Jair Bolsonaro.<\/p>\n\n\n\n<p>O escopo de seu cap\u00edtulo de com\u00e9rcio e desenvolvimento sustent\u00e1vel (TSD) \u00e9 visto como limitado e seus mecanismos de aplica\u00e7\u00e3o muito fracos. No entanto, pode-se argumentar que atualmente n\u00e3o h\u00e1 acordo comercial que possa resolver os muitos desafios clim\u00e1ticos e ambientais cruciais dos pa\u00edses do Mercosul. No entanto, se a UE pretende levar a s\u00e9rio seus objetivos de desenvolvimento sustent\u00e1vel \u2013 e do novo acordo verde \u2013, ela tem todas as oportunidades de alavancar seu poder comercial \u2013 e ferramentas \u2013 ao m\u00e1ximo.<\/p>\n\n\n\n<p>Consequentemente, a Comiss\u00e3o Europ\u00e9ia tem em m\u00e3os a oportunidade de utilizar todos os instrumentos legais para garantir fortes compromissos de TSD dos pa\u00edses do Mercosul: isso inclui fortes procedimentos de monitoramento e implementa\u00e7\u00e3o usando os \u00f3rg\u00e3os do acordo de associa\u00e7\u00e3o conjunta (AA). Em um momento de tens\u00e3o global, esta \u00e9 uma oportunidade para criar calma por meio de uma forte colabora\u00e7\u00e3o e troca que aborda as m\u00faltiplas quest\u00f5es de mudan\u00e7a clim\u00e1tica, degrada\u00e7\u00e3o ambiental e a diminui\u00e7\u00e3o dos servi\u00e7os da biosfera simultaneamente, ao mesmo tempo em que melhora o bem-estar de milh\u00f5es que dependem da paz. , seguran\u00e7a e prosperidade compartilhada. Desenvolver os talentos das pessoas, promover a diversidade e alimentar a criatividade sustentada por uma forte economia de mercado que oferece a todas as pessoas escolhas reais.<\/p>\n\n\n\n<p><strong>Mart\u00edn E. Pi\u00f1eiro,&nbsp;<\/strong>Conselho Argentino de Rela\u00e7\u00f5es Exteriores (CARI) Grupo de Pa\u00edses Produtores do Sul (GPS)<\/p>\n\n\n\n<p><strong>Arantza Gomez Arana<\/strong>Professor S\u00eanior de Rela\u00e7\u00f5es Internacionais na Northumbria University, membro eleito do comit\u00ea UACES e co-organizador do Grupo de Trabalho de Seguran\u00e7a Europeia da BISA.<\/p>\n\n\n\n<hr class=\"wp-block-separator has-alpha-channel-opacity\"\/>\n\n\n\n<div style=\"height:20px\" aria-hidden=\"true\" class=\"wp-block-spacer\"><\/div>\n\n\n\n<p>S\u00e9rie \u00abO acordo UE-Mercosul\u00bb<\/p>\n\n\n\n<p>As negocia\u00e7\u00f5es sobre o acordo de livre com\u00e9rcio entre a UE e os pa\u00edses do Mercosul de Brasil, Argentina, Uruguai e Paraguai levaram mais de 20 anos. Para muitos, este acordo de com\u00e9rcio livre \u00e9 visto como minar as ambi\u00e7\u00f5es clim\u00e1ticas da UE, al\u00e9m de ser uma amea\u00e7a \u00e0 sustentabilidade no continente sul-americano. A s\u00e9rie de webinars fornecer\u00e1 conhecimentos precisos e validados sobre este Acordo, as cr\u00edticas que ele provocou e seu impacto no clima e no meio ambiente. Al\u00e9m dos webinars, ser\u00e1 publicada uma s\u00e9rie de artigos escritos pelos especialistas.<\/p>\n\n\n\n<p>Os quatro webinars discutiram os seguintes t\u00f3picos:<\/p>\n\n\n\n<p class=\" translation-block\">Protecionismo: mostra a cara?<br>\nComo a coopera\u00e7\u00e3o pode fortalecer a seguran\u00e7a alimentar?<br>\nLivre com\u00e9rcio como ferramenta para salvar o meio ambiente<br>\nPara onde est\u00e1 indo o TLC UE\/Mercosul e por que ele \u00e9 importante?<\/p>\n\n\n\n<div style=\"height:20px\" aria-hidden=\"true\" class=\"wp-block-spacer\"><\/div>\n\n\n\n<figure class=\"wp-block-embed is-type-video is-provider-youtube wp-block-embed-youtube wp-embed-aspect-16-9 wp-has-aspect-ratio\"><div class=\"wp-block-embed__wrapper\">\n<iframe loading=\"lazy\" title=\"EU - Mercosur WEBINAR #4Where -  is the EU \/ Mercosur FTA going?\" width=\"800\" height=\"450\" src=\"https:\/\/www.youtube.com\/embed\/lmL2WTQx6ns?feature=oembed\" frameborder=\"0\" allow=\"accelerometer; autoplay; clipboard-write; encrypted-media; gyroscope; picture-in-picture; web-share\" allowfullscreen><\/iframe>\n<\/div><\/figure>","protected":false},"excerpt":{"rendered":"<p>GPS-Paddy Ashdown Forum-European Liberal Forum-We Are Innovation 1 de diciembre de 2022 Las principales preocupaciones que rodean el TLC UE-Mercosur se relacionan con la deforestaci\u00f3n del Amazonas, el modelo agroindustrial intensivo general de los pa\u00edses del Mercosur y el d\u00e9bil compromiso de Brasil con el Acuerdo de Par\u00eds bajo la presidencia de Jair Bolsonaro. Asimismo, [&hellip;]<\/p>","protected":false},"author":2,"featured_media":4177,"comment_status":"closed","ping_status":"closed","sticky":false,"template":"","format":"standard","meta":{"footnotes":""},"categories":[19,25,23],"tags":[],"class_list":["post-4174","post","type-post","status-publish","format-standard","has-post-thumbnail","hentry","category-actividades","category-home","category-novedades"],"yoast_head":"<!-- This site is optimized with the Yoast SEO plugin v26.8 - https:\/\/yoast.com\/product\/yoast-seo-wordpress\/ -->\n<title>Webinar # 4 EU Mercosur Agreement Series 2022: &quot;Where is the EU-Mercosur FTA going?&quot; - GPS<\/title>\n<meta name=\"robots\" content=\"index, follow, max-snippet:-1, max-image-preview:large, max-video-preview:-1\" \/>\n<link rel=\"canonical\" href=\"https:\/\/grupogpps.org\/pt\/webinar-4-eu-mercosur-agreement-series-2022-where-is-the-eu-mercosur-fta-going\/\" \/>\n<meta property=\"og:locale\" content=\"pt_BR\" \/>\n<meta property=\"og:type\" content=\"article\" \/>\n<meta property=\"og:title\" content=\"Webinar # 4 EU Mercosur Agreement Series 2022: &quot;Where is the EU-Mercosur FTA going?&quot; - GPS\" \/>\n<meta property=\"og:description\" content=\"GPS-Paddy Ashdown Forum-European Liberal Forum-We Are Innovation 1 de diciembre de 2022 Las principales preocupaciones que rodean el TLC UE-Mercosur se relacionan con la deforestaci\u00f3n del Amazonas, el modelo agroindustrial intensivo general de los pa\u00edses del Mercosur y el d\u00e9bil compromiso de Brasil con el Acuerdo de Par\u00eds bajo la presidencia de Jair Bolsonaro. Asimismo, [&hellip;]\" \/>\n<meta property=\"og:url\" content=\"https:\/\/grupogpps.org\/pt\/webinar-4-eu-mercosur-agreement-series-2022-where-is-the-eu-mercosur-fta-going\/\" \/>\n<meta property=\"og:site_name\" content=\"GPS\" \/>\n<meta property=\"article:publisher\" content=\"https:\/\/www.linkedin.com\/company\/25037162\/\" \/>\n<meta property=\"article:published_time\" content=\"2023-01-02T15:41:00+00:00\" \/>\n<meta property=\"article:modified_time\" content=\"2023-02-08T22:49:02+00:00\" \/>\n<meta property=\"og:image\" content=\"https:\/\/grupogpps.org\/wp-content\/uploads\/2023\/01\/Captura-de-Pantalla-2023-02-02-a-las-12.51.24.png\" \/>\n\t<meta property=\"og:image:width\" content=\"1542\" \/>\n\t<meta property=\"og:image:height\" content=\"850\" \/>\n\t<meta property=\"og:image:type\" content=\"image\/png\" \/>\n<meta name=\"author\" content=\"GPS GPS\" \/>\n<meta name=\"twitter:card\" content=\"summary_large_image\" \/>\n<meta name=\"twitter:creator\" content=\"@GPSLatinAmerica\" \/>\n<meta name=\"twitter:site\" content=\"@GPSLatinAmerica\" \/>\n<meta name=\"twitter:label1\" content=\"Escrito por\" \/>\n\t<meta name=\"twitter:data1\" content=\"GPS GPS\" \/>\n\t<meta name=\"twitter:label2\" content=\"Est. tempo de leitura\" \/>\n\t<meta name=\"twitter:data2\" content=\"3 minutos\" \/>\n<script type=\"application\/ld+json\" class=\"yoast-schema-graph\">{\"@context\":\"https:\/\/schema.org\",\"@graph\":[{\"@type\":\"Article\",\"@id\":\"https:\/\/grupogpps.org\/webinar-4-eu-mercosur-agreement-series-2022-where-is-the-eu-mercosur-fta-going\/#article\",\"isPartOf\":{\"@id\":\"https:\/\/grupogpps.org\/webinar-4-eu-mercosur-agreement-series-2022-where-is-the-eu-mercosur-fta-going\/\"},\"author\":{\"name\":\"GPS GPS\",\"@id\":\"https:\/\/grupogpps.org\/#\/schema\/person\/faaafcd24616dff095821c72659ce41f\"},\"headline\":\"Webinar # 4 EU Mercosur Agreement Series 2022: \u00abWhere is the EU-Mercosur FTA going?\u00bb\",\"datePublished\":\"2023-01-02T15:41:00+00:00\",\"dateModified\":\"2023-02-08T22:49:02+00:00\",\"mainEntityOfPage\":{\"@id\":\"https:\/\/grupogpps.org\/webinar-4-eu-mercosur-agreement-series-2022-where-is-the-eu-mercosur-fta-going\/\"},\"wordCount\":527,\"publisher\":{\"@id\":\"https:\/\/grupogpps.org\/#organization\"},\"image\":{\"@id\":\"https:\/\/grupogpps.org\/webinar-4-eu-mercosur-agreement-series-2022-where-is-the-eu-mercosur-fta-going\/#primaryimage\"},\"thumbnailUrl\":\"https:\/\/grupogpps.org\/wp-content\/uploads\/2023\/01\/Captura-de-Pantalla-2023-02-02-a-las-12.51.24.png\",\"articleSection\":[\"Actividades\",\"Home\",\"Novedades\"],\"inLanguage\":\"pt-BR\"},{\"@type\":\"WebPage\",\"@id\":\"https:\/\/grupogpps.org\/webinar-4-eu-mercosur-agreement-series-2022-where-is-the-eu-mercosur-fta-going\/\",\"url\":\"https:\/\/grupogpps.org\/webinar-4-eu-mercosur-agreement-series-2022-where-is-the-eu-mercosur-fta-going\/\",\"name\":\"Webinar # 4 EU Mercosur Agreement Series 2022: \\\"Where is the EU-Mercosur FTA going?\\\" - GPS\",\"isPartOf\":{\"@id\":\"https:\/\/grupogpps.org\/#website\"},\"primaryImageOfPage\":{\"@id\":\"https:\/\/grupogpps.org\/webinar-4-eu-mercosur-agreement-series-2022-where-is-the-eu-mercosur-fta-going\/#primaryimage\"},\"image\":{\"@id\":\"https:\/\/grupogpps.org\/webinar-4-eu-mercosur-agreement-series-2022-where-is-the-eu-mercosur-fta-going\/#primaryimage\"},\"thumbnailUrl\":\"https:\/\/grupogpps.org\/wp-content\/uploads\/2023\/01\/Captura-de-Pantalla-2023-02-02-a-las-12.51.24.png\",\"datePublished\":\"2023-01-02T15:41:00+00:00\",\"dateModified\":\"2023-02-08T22:49:02+00:00\",\"breadcrumb\":{\"@id\":\"https:\/\/grupogpps.org\/webinar-4-eu-mercosur-agreement-series-2022-where-is-the-eu-mercosur-fta-going\/#breadcrumb\"},\"inLanguage\":\"pt-BR\",\"potentialAction\":[{\"@type\":\"ReadAction\",\"target\":[\"https:\/\/grupogpps.org\/webinar-4-eu-mercosur-agreement-series-2022-where-is-the-eu-mercosur-fta-going\/\"]}]},{\"@type\":\"ImageObject\",\"inLanguage\":\"pt-BR\",\"@id\":\"https:\/\/grupogpps.org\/webinar-4-eu-mercosur-agreement-series-2022-where-is-the-eu-mercosur-fta-going\/#primaryimage\",\"url\":\"https:\/\/grupogpps.org\/wp-content\/uploads\/2023\/01\/Captura-de-Pantalla-2023-02-02-a-las-12.51.24.png\",\"contentUrl\":\"https:\/\/grupogpps.org\/wp-content\/uploads\/2023\/01\/Captura-de-Pantalla-2023-02-02-a-las-12.51.24.png\",\"width\":1542,\"height\":850},{\"@type\":\"BreadcrumbList\",\"@id\":\"https:\/\/grupogpps.org\/webinar-4-eu-mercosur-agreement-series-2022-where-is-the-eu-mercosur-fta-going\/#breadcrumb\",\"itemListElement\":[{\"@type\":\"ListItem\",\"position\":1,\"name\":\"Inicio\",\"item\":\"https:\/\/grupogpps.org\/\"},{\"@type\":\"ListItem\",\"position\":2,\"name\":\"Webinar # 4 EU Mercosur Agreement Series 2022: \u00abWhere is the EU-Mercosur FTA going?\u00bb\"}]},{\"@type\":\"WebSite\",\"@id\":\"https:\/\/grupogpps.org\/#website\",\"url\":\"https:\/\/grupogpps.org\/\",\"name\":\"GPS\",\"description\":\"Grupo de pa\u00edses productores del sur\",\"publisher\":{\"@id\":\"https:\/\/grupogpps.org\/#organization\"},\"potentialAction\":[{\"@type\":\"SearchAction\",\"target\":{\"@type\":\"EntryPoint\",\"urlTemplate\":\"https:\/\/grupogpps.org\/?s={search_term_string}\"},\"query-input\":{\"@type\":\"PropertyValueSpecification\",\"valueRequired\":true,\"valueName\":\"search_term_string\"}}],\"inLanguage\":\"pt-BR\"},{\"@type\":\"Organization\",\"@id\":\"https:\/\/grupogpps.org\/#organization\",\"name\":\"GPS - Grupo de pa\u00edses productores del sur\",\"url\":\"https:\/\/grupogpps.org\/\",\"logo\":{\"@type\":\"ImageObject\",\"inLanguage\":\"pt-BR\",\"@id\":\"https:\/\/grupogpps.org\/#\/schema\/logo\/image\/\",\"url\":\"http:\/\/grupogpps.org\/wp-content\/uploads\/2021\/06\/logoGPS3.svg\",\"contentUrl\":\"http:\/\/grupogpps.org\/wp-content\/uploads\/2021\/06\/logoGPS3.svg\",\"width\":1,\"height\":1,\"caption\":\"GPS - Grupo de pa\u00edses productores del sur\"},\"image\":{\"@id\":\"https:\/\/grupogpps.org\/#\/schema\/logo\/image\/\"},\"sameAs\":[\"https:\/\/www.linkedin.com\/company\/25037162\/\",\"https:\/\/x.com\/GPSLatinAmerica\",\"https:\/\/www.instagram.com\/gpslatin\/\",\"https:\/\/www.youtube.com\/channel\/UCM2Qf0jSqNRJRkqmU8dO9QA\/videos\"]},{\"@type\":\"Person\",\"@id\":\"https:\/\/grupogpps.org\/#\/schema\/person\/faaafcd24616dff095821c72659ce41f\",\"name\":\"GPS GPS\",\"url\":\"https:\/\/grupogpps.org\/pt\/author\/gps\/\"}]}<\/script>\n<!-- \/ Yoast SEO plugin. -->","yoast_head_json":{"title":"Webinar # 4 EU Mercosur Agreement Series 2022: \"Where is the EU-Mercosur FTA going?\" - GPS","robots":{"index":"index","follow":"follow","max-snippet":"max-snippet:-1","max-image-preview":"max-image-preview:large","max-video-preview":"max-video-preview:-1"},"canonical":"https:\/\/grupogpps.org\/pt\/webinar-4-eu-mercosur-agreement-series-2022-where-is-the-eu-mercosur-fta-going\/","og_locale":"pt_BR","og_type":"article","og_title":"Webinar # 4 EU Mercosur Agreement Series 2022: \"Where is the EU-Mercosur FTA going?\" - GPS","og_description":"GPS-Paddy Ashdown Forum-European Liberal Forum-We Are Innovation 1 de diciembre de 2022 Las principales preocupaciones que rodean el TLC UE-Mercosur se relacionan con la deforestaci\u00f3n del Amazonas, el modelo agroindustrial intensivo general de los pa\u00edses del Mercosur y el d\u00e9bil compromiso de Brasil con el Acuerdo de Par\u00eds bajo la presidencia de Jair Bolsonaro. Asimismo, [&hellip;]","og_url":"https:\/\/grupogpps.org\/pt\/webinar-4-eu-mercosur-agreement-series-2022-where-is-the-eu-mercosur-fta-going\/","og_site_name":"GPS","article_publisher":"https:\/\/www.linkedin.com\/company\/25037162\/","article_published_time":"2023-01-02T15:41:00+00:00","article_modified_time":"2023-02-08T22:49:02+00:00","og_image":[{"width":1542,"height":850,"url":"https:\/\/grupogpps.org\/wp-content\/uploads\/2023\/01\/Captura-de-Pantalla-2023-02-02-a-las-12.51.24.png","type":"image\/png"}],"author":"GPS GPS","twitter_card":"summary_large_image","twitter_creator":"@GPSLatinAmerica","twitter_site":"@GPSLatinAmerica","twitter_misc":{"Escrito por":"GPS GPS","Est. tempo de leitura":"3 minutos"},"schema":{"@context":"https:\/\/schema.org","@graph":[{"@type":"Article","@id":"https:\/\/grupogpps.org\/webinar-4-eu-mercosur-agreement-series-2022-where-is-the-eu-mercosur-fta-going\/#article","isPartOf":{"@id":"https:\/\/grupogpps.org\/webinar-4-eu-mercosur-agreement-series-2022-where-is-the-eu-mercosur-fta-going\/"},"author":{"name":"GPS GPS","@id":"https:\/\/grupogpps.org\/#\/schema\/person\/faaafcd24616dff095821c72659ce41f"},"headline":"Webinar # 4 EU Mercosur Agreement Series 2022: \u00abWhere is the EU-Mercosur FTA going?\u00bb","datePublished":"2023-01-02T15:41:00+00:00","dateModified":"2023-02-08T22:49:02+00:00","mainEntityOfPage":{"@id":"https:\/\/grupogpps.org\/webinar-4-eu-mercosur-agreement-series-2022-where-is-the-eu-mercosur-fta-going\/"},"wordCount":527,"publisher":{"@id":"https:\/\/grupogpps.org\/#organization"},"image":{"@id":"https:\/\/grupogpps.org\/webinar-4-eu-mercosur-agreement-series-2022-where-is-the-eu-mercosur-fta-going\/#primaryimage"},"thumbnailUrl":"https:\/\/grupogpps.org\/wp-content\/uploads\/2023\/01\/Captura-de-Pantalla-2023-02-02-a-las-12.51.24.png","articleSection":["Actividades","Home","Novedades"],"inLanguage":"pt-BR"},{"@type":"WebPage","@id":"https:\/\/grupogpps.org\/webinar-4-eu-mercosur-agreement-series-2022-where-is-the-eu-mercosur-fta-going\/","url":"https:\/\/grupogpps.org\/webinar-4-eu-mercosur-agreement-series-2022-where-is-the-eu-mercosur-fta-going\/","name":"Webinar # 4 EU Mercosur Agreement Series 2022: \"Where is the EU-Mercosur FTA going?\" - GPS","isPartOf":{"@id":"https:\/\/grupogpps.org\/#website"},"primaryImageOfPage":{"@id":"https:\/\/grupogpps.org\/webinar-4-eu-mercosur-agreement-series-2022-where-is-the-eu-mercosur-fta-going\/#primaryimage"},"image":{"@id":"https:\/\/grupogpps.org\/webinar-4-eu-mercosur-agreement-series-2022-where-is-the-eu-mercosur-fta-going\/#primaryimage"},"thumbnailUrl":"https:\/\/grupogpps.org\/wp-content\/uploads\/2023\/01\/Captura-de-Pantalla-2023-02-02-a-las-12.51.24.png","datePublished":"2023-01-02T15:41:00+00:00","dateModified":"2023-02-08T22:49:02+00:00","breadcrumb":{"@id":"https:\/\/grupogpps.org\/webinar-4-eu-mercosur-agreement-series-2022-where-is-the-eu-mercosur-fta-going\/#breadcrumb"},"inLanguage":"pt-BR","potentialAction":[{"@type":"ReadAction","target":["https:\/\/grupogpps.org\/webinar-4-eu-mercosur-agreement-series-2022-where-is-the-eu-mercosur-fta-going\/"]}]},{"@type":"ImageObject","inLanguage":"pt-BR","@id":"https:\/\/grupogpps.org\/webinar-4-eu-mercosur-agreement-series-2022-where-is-the-eu-mercosur-fta-going\/#primaryimage","url":"https:\/\/grupogpps.org\/wp-content\/uploads\/2023\/01\/Captura-de-Pantalla-2023-02-02-a-las-12.51.24.png","contentUrl":"https:\/\/grupogpps.org\/wp-content\/uploads\/2023\/01\/Captura-de-Pantalla-2023-02-02-a-las-12.51.24.png","width":1542,"height":850},{"@type":"BreadcrumbList","@id":"https:\/\/grupogpps.org\/webinar-4-eu-mercosur-agreement-series-2022-where-is-the-eu-mercosur-fta-going\/#breadcrumb","itemListElement":[{"@type":"ListItem","position":1,"name":"Inicio","item":"https:\/\/grupogpps.org\/"},{"@type":"ListItem","position":2,"name":"Webinar # 4 EU Mercosur Agreement Series 2022: \u00abWhere is the EU-Mercosur FTA going?\u00bb"}]},{"@type":"WebSite","@id":"https:\/\/grupogpps.org\/#website","url":"https:\/\/grupogpps.org\/","name":"GPS","description":"Grupo de pa\u00edses productores del sur","publisher":{"@id":"https:\/\/grupogpps.org\/#organization"},"potentialAction":[{"@type":"SearchAction","target":{"@type":"EntryPoint","urlTemplate":"https:\/\/grupogpps.org\/?s={search_term_string}"},"query-input":{"@type":"PropertyValueSpecification","valueRequired":true,"valueName":"search_term_string"}}],"inLanguage":"pt-BR"},{"@type":"Organization","@id":"https:\/\/grupogpps.org\/#organization","name":"GPS - Grupo de pa\u00edses productores del sur","url":"https:\/\/grupogpps.org\/","logo":{"@type":"ImageObject","inLanguage":"pt-BR","@id":"https:\/\/grupogpps.org\/#\/schema\/logo\/image\/","url":"http:\/\/grupogpps.org\/wp-content\/uploads\/2021\/06\/logoGPS3.svg","contentUrl":"http:\/\/grupogpps.org\/wp-content\/uploads\/2021\/06\/logoGPS3.svg","width":1,"height":1,"caption":"GPS - Grupo de pa\u00edses productores del sur"},"image":{"@id":"https:\/\/grupogpps.org\/#\/schema\/logo\/image\/"},"sameAs":["https:\/\/www.linkedin.com\/company\/25037162\/","https:\/\/x.com\/GPSLatinAmerica","https:\/\/www.instagram.com\/gpslatin\/","https:\/\/www.youtube.com\/channel\/UCM2Qf0jSqNRJRkqmU8dO9QA\/videos"]},{"@type":"Person","@id":"https:\/\/grupogpps.org\/#\/schema\/person\/faaafcd24616dff095821c72659ce41f","name":"GPS GPS","url":"https:\/\/grupogpps.org\/pt\/author\/gps\/"}]}},"_links":{"self":[{"href":"https:\/\/grupogpps.org\/pt\/wp-json\/wp\/v2\/posts\/4174","targetHints":{"allow":["GET"]}}],"collection":[{"href":"https:\/\/grupogpps.org\/pt\/wp-json\/wp\/v2\/posts"}],"about":[{"href":"https:\/\/grupogpps.org\/pt\/wp-json\/wp\/v2\/types\/post"}],"author":[{"embeddable":true,"href":"https:\/\/grupogpps.org\/pt\/wp-json\/wp\/v2\/users\/2"}],"replies":[{"embeddable":true,"href":"https:\/\/grupogpps.org\/pt\/wp-json\/wp\/v2\/comments?post=4174"}],"version-history":[{"count":3,"href":"https:\/\/grupogpps.org\/pt\/wp-json\/wp\/v2\/posts\/4174\/revisions"}],"predecessor-version":[{"id":4180,"href":"https:\/\/grupogpps.org\/pt\/wp-json\/wp\/v2\/posts\/4174\/revisions\/4180"}],"wp:featuredmedia":[{"embeddable":true,"href":"https:\/\/grupogpps.org\/pt\/wp-json\/wp\/v2\/media\/4177"}],"wp:attachment":[{"href":"https:\/\/grupogpps.org\/pt\/wp-json\/wp\/v2\/media?parent=4174"}],"wp:term":[{"taxonomy":"category","embeddable":true,"href":"https:\/\/grupogpps.org\/pt\/wp-json\/wp\/v2\/categories?post=4174"},{"taxonomy":"post_tag","embeddable":true,"href":"https:\/\/grupogpps.org\/pt\/wp-json\/wp\/v2\/tags?post=4174"}],"curies":[{"name":"wp","href":"https:\/\/api.w.org\/{rel}","templated":true}]}}