{"id":4111,"date":"2022-12-27T14:39:02","date_gmt":"2022-12-27T17:39:02","guid":{"rendered":"http:\/\/grupogpps.org\/?p=4111"},"modified":"2023-01-13T11:34:05","modified_gmt":"2023-01-13T14:34:05","slug":"la-variable-ambiental-en-la-evaluacion-financiera","status":"publish","type":"post","link":"https:\/\/grupogpps.org\/pt\/la-variable-ambiental-en-la-evaluacion-financiera\/","title":{"rendered":"A vari\u00e1vel ambiental na avalia\u00e7\u00e3o financeira"},"content":{"rendered":"<p><strong>Sabine Papendieck, dezembro de 2022<\/strong><\/p>\n\n\n\n<p>Devido \u00e0 import\u00e2ncia que as estrat\u00e9gias de redu\u00e7\u00e3o de emiss\u00f5es est\u00e3o ganhando globalmente, as empresas consideram em menor ou maior medida o impacto de suas opera\u00e7\u00f5es nas mudan\u00e7as clim\u00e1ticas, os esfor\u00e7os de mitiga\u00e7\u00e3o e adapta\u00e7\u00e3o associados em suas estrat\u00e9gias e opera\u00e7\u00f5es, divulgando informa\u00e7\u00f5es relacionadas \u00e0 sua a\u00e7\u00e3o clim\u00e1tica.<\/p>\n\n\n\n<p>Por outro lado, o d\u00e9fice de financiamento (principalmente nas economias em desenvolvimento) \u00e9 hoje um dos principais obst\u00e1culos \u00e0 consecu\u00e7\u00e3o dos objetivos tra\u00e7ados pelo Acordo de Paris. Por isso, o setor banc\u00e1rio e financeiro tem assumido diferentes compromissos para alcan\u00e7ar a neutralidade de emiss\u00f5es de suas carteiras de investimentos at\u00e9 2050, com o objetivo de reduzir o risco clim\u00e1tico de suas opera\u00e7\u00f5es, bem como incentivar financeiramente a transi\u00e7\u00e3o sustent\u00e1vel de seus clientes.<\/p>\n\n\n\n<p>Este breve documento pretende ser uma introdu\u00e7\u00e3o \u00e0s implica\u00e7\u00f5es financeiras que os compromissos clim\u00e1ticos das entidades financeiras e banc\u00e1rias t\u00eam nas estrat\u00e9gias ambientais das empresas. Para isso, pretende apresentar diferentes iniciativas abordadas pelo setor que se traduzem em exig\u00eancias para o setor produtivo privado como cliente do sistema financeiro.<\/p>\n\n\n\n<p>Documento dispon\u00edvel somente em espanhol.<\/p>\n\n\n\n<div style=\"height:30px\" aria-hidden=\"true\" class=\"wp-block-spacer\"><\/div>\n\n\n\n<div class=\"wp-block-buttons is-horizontal is-content-justification-center is-layout-flex wp-container-core-buttons-is-layout-1 wp-block-buttons-is-layout-flex\">\n<div class=\"wp-block-button\"><a class=\"wp-block-button__link wp-element-button\" href=\"http:\/\/grupogpps.org\/wp-content\/uploads\/2023\/01\/221215-La-variable-ambiental-en-la-evaluacion-financiera-de-clientes.pdf\">Baixar documento<\/a><\/div>\n<\/div>","protected":false},"excerpt":{"rendered":"<p>Sabine Papendieck, Diciembre de 2022 Debido a la importancia que est\u00e1n cobrando las estrategias de reducci\u00f3n de emisiones a nivel global , las empresas consideran en menor o mayor medida el impacto de sus operaciones sobre el cambio clim\u00e1tico, la mitigaci\u00f3n asociada y los esfuerzos de adaptaci\u00f3n sobre sus estrategias y operaciones divulgando informaci\u00f3n relacionada [&hellip;]<\/p>","protected":false},"author":2,"featured_media":4114,"comment_status":"closed","ping_status":"closed","sticky":false,"template":"","format":"standard","meta":{"footnotes":""},"categories":[26,25,27],"tags":[67,66,68,65],"class_list":["post-4111","post","type-post","status-publish","format-standard","has-post-thumbnail","hentry","category-documentos-institucionales","category-home","category-publicaciones-home","tag-agronegocios","tag-argentina","tag-geopolitica-de-los-alimentos","tag-insercion-internacional"],"yoast_head":"<!-- This site is optimized with the Yoast SEO plugin v26.8 - https:\/\/yoast.com\/product\/yoast-seo-wordpress\/ -->\n<title>La variable ambiental en la evaluaci\u00f3n financiera - GPS<\/title>\n<meta name=\"robots\" content=\"index, follow, max-snippet:-1, max-image-preview:large, max-video-preview:-1\" \/>\n<link rel=\"canonical\" href=\"https:\/\/grupogpps.org\/pt\/la-variable-ambiental-en-la-evaluacion-financiera\/\" \/>\n<meta property=\"og:locale\" content=\"pt_BR\" \/>\n<meta property=\"og:type\" content=\"article\" \/>\n<meta property=\"og:title\" content=\"La variable ambiental en la evaluaci\u00f3n financiera - GPS\" \/>\n<meta property=\"og:description\" content=\"Sabine Papendieck, Diciembre de 2022 Debido a la importancia que est\u00e1n cobrando las estrategias de reducci\u00f3n de emisiones a nivel global , las empresas consideran en menor o mayor medida el impacto de sus operaciones sobre el cambio clim\u00e1tico, la mitigaci\u00f3n asociada y los esfuerzos de adaptaci\u00f3n sobre sus estrategias y operaciones divulgando informaci\u00f3n relacionada [&hellip;]\" \/>\n<meta property=\"og:url\" content=\"https:\/\/grupogpps.org\/pt\/la-variable-ambiental-en-la-evaluacion-financiera\/\" \/>\n<meta property=\"og:site_name\" content=\"GPS\" \/>\n<meta property=\"article:publisher\" content=\"https:\/\/www.linkedin.com\/company\/25037162\/\" \/>\n<meta property=\"article:published_time\" content=\"2022-12-27T17:39:02+00:00\" \/>\n<meta property=\"article:modified_time\" content=\"2023-01-13T14:34:05+00:00\" \/>\n<meta property=\"og:image\" content=\"https:\/\/grupogpps.org\/wp-content\/uploads\/2022\/12\/Captura-de-Pantalla-2022-12-27-a-las-14.42.10.png\" \/>\n\t<meta property=\"og:image:width\" content=\"860\" \/>\n\t<meta property=\"og:image:height\" content=\"1138\" \/>\n\t<meta property=\"og:image:type\" content=\"image\/png\" \/>\n<meta name=\"author\" content=\"GPS GPS\" \/>\n<meta name=\"twitter:card\" content=\"summary_large_image\" \/>\n<meta name=\"twitter:creator\" content=\"@GPSLatinAmerica\" \/>\n<meta name=\"twitter:site\" content=\"@GPSLatinAmerica\" \/>\n<meta name=\"twitter:label1\" content=\"Escrito por\" \/>\n\t<meta name=\"twitter:data1\" content=\"GPS GPS\" \/>\n\t<meta name=\"twitter:label2\" content=\"Est. tempo de leitura\" \/>\n\t<meta name=\"twitter:data2\" content=\"1 minuto\" \/>\n<script type=\"application\/ld+json\" class=\"yoast-schema-graph\">{\"@context\":\"https:\/\/schema.org\",\"@graph\":[{\"@type\":\"Article\",\"@id\":\"https:\/\/grupogpps.org\/la-variable-ambiental-en-la-evaluacion-financiera\/#article\",\"isPartOf\":{\"@id\":\"https:\/\/grupogpps.org\/la-variable-ambiental-en-la-evaluacion-financiera\/\"},\"author\":{\"name\":\"GPS GPS\",\"@id\":\"https:\/\/grupogpps.org\/#\/schema\/person\/faaafcd24616dff095821c72659ce41f\"},\"headline\":\"La variable ambiental en la evaluaci\u00f3n financiera\",\"datePublished\":\"2022-12-27T17:39:02+00:00\",\"dateModified\":\"2023-01-13T14:34:05+00:00\",\"mainEntityOfPage\":{\"@id\":\"https:\/\/grupogpps.org\/la-variable-ambiental-en-la-evaluacion-financiera\/\"},\"wordCount\":223,\"publisher\":{\"@id\":\"https:\/\/grupogpps.org\/#organization\"},\"image\":{\"@id\":\"https:\/\/grupogpps.org\/la-variable-ambiental-en-la-evaluacion-financiera\/#primaryimage\"},\"thumbnailUrl\":\"https:\/\/grupogpps.org\/wp-content\/uploads\/2022\/12\/Captura-de-Pantalla-2022-12-27-a-las-14.42.10.png\",\"keywords\":[\"Agronegocios\",\"Argentina\",\"geopol\u00edtica de los alimentos\",\"Inserci\u00f3n internacional\"],\"articleSection\":[\"Documentos institucionales\",\"Home\",\"Publicaciones Home\"],\"inLanguage\":\"pt-BR\"},{\"@type\":\"WebPage\",\"@id\":\"https:\/\/grupogpps.org\/la-variable-ambiental-en-la-evaluacion-financiera\/\",\"url\":\"https:\/\/grupogpps.org\/la-variable-ambiental-en-la-evaluacion-financiera\/\",\"name\":\"La variable ambiental en la evaluaci\u00f3n financiera - GPS\",\"isPartOf\":{\"@id\":\"https:\/\/grupogpps.org\/#website\"},\"primaryImageOfPage\":{\"@id\":\"https:\/\/grupogpps.org\/la-variable-ambiental-en-la-evaluacion-financiera\/#primaryimage\"},\"image\":{\"@id\":\"https:\/\/grupogpps.org\/la-variable-ambiental-en-la-evaluacion-financiera\/#primaryimage\"},\"thumbnailUrl\":\"https:\/\/grupogpps.org\/wp-content\/uploads\/2022\/12\/Captura-de-Pantalla-2022-12-27-a-las-14.42.10.png\",\"datePublished\":\"2022-12-27T17:39:02+00:00\",\"dateModified\":\"2023-01-13T14:34:05+00:00\",\"breadcrumb\":{\"@id\":\"https:\/\/grupogpps.org\/la-variable-ambiental-en-la-evaluacion-financiera\/#breadcrumb\"},\"inLanguage\":\"pt-BR\",\"potentialAction\":[{\"@type\":\"ReadAction\",\"target\":[\"https:\/\/grupogpps.org\/la-variable-ambiental-en-la-evaluacion-financiera\/\"]}]},{\"@type\":\"ImageObject\",\"inLanguage\":\"pt-BR\",\"@id\":\"https:\/\/grupogpps.org\/la-variable-ambiental-en-la-evaluacion-financiera\/#primaryimage\",\"url\":\"https:\/\/grupogpps.org\/wp-content\/uploads\/2022\/12\/Captura-de-Pantalla-2022-12-27-a-las-14.42.10.png\",\"contentUrl\":\"https:\/\/grupogpps.org\/wp-content\/uploads\/2022\/12\/Captura-de-Pantalla-2022-12-27-a-las-14.42.10.png\",\"width\":860,\"height\":1138},{\"@type\":\"BreadcrumbList\",\"@id\":\"https:\/\/grupogpps.org\/la-variable-ambiental-en-la-evaluacion-financiera\/#breadcrumb\",\"itemListElement\":[{\"@type\":\"ListItem\",\"position\":1,\"name\":\"Inicio\",\"item\":\"https:\/\/grupogpps.org\/\"},{\"@type\":\"ListItem\",\"position\":2,\"name\":\"La variable ambiental en la evaluaci\u00f3n financiera\"}]},{\"@type\":\"WebSite\",\"@id\":\"https:\/\/grupogpps.org\/#website\",\"url\":\"https:\/\/grupogpps.org\/\",\"name\":\"GPS\",\"description\":\"Grupo de pa\u00edses productores del sur\",\"publisher\":{\"@id\":\"https:\/\/grupogpps.org\/#organization\"},\"potentialAction\":[{\"@type\":\"SearchAction\",\"target\":{\"@type\":\"EntryPoint\",\"urlTemplate\":\"https:\/\/grupogpps.org\/?s={search_term_string}\"},\"query-input\":{\"@type\":\"PropertyValueSpecification\",\"valueRequired\":true,\"valueName\":\"search_term_string\"}}],\"inLanguage\":\"pt-BR\"},{\"@type\":\"Organization\",\"@id\":\"https:\/\/grupogpps.org\/#organization\",\"name\":\"GPS - Grupo de pa\u00edses productores del sur\",\"url\":\"https:\/\/grupogpps.org\/\",\"logo\":{\"@type\":\"ImageObject\",\"inLanguage\":\"pt-BR\",\"@id\":\"https:\/\/grupogpps.org\/#\/schema\/logo\/image\/\",\"url\":\"http:\/\/grupogpps.org\/wp-content\/uploads\/2021\/06\/logoGPS3.svg\",\"contentUrl\":\"http:\/\/grupogpps.org\/wp-content\/uploads\/2021\/06\/logoGPS3.svg\",\"width\":1,\"height\":1,\"caption\":\"GPS - Grupo de pa\u00edses productores del sur\"},\"image\":{\"@id\":\"https:\/\/grupogpps.org\/#\/schema\/logo\/image\/\"},\"sameAs\":[\"https:\/\/www.linkedin.com\/company\/25037162\/\",\"https:\/\/x.com\/GPSLatinAmerica\",\"https:\/\/www.instagram.com\/gpslatin\/\",\"https:\/\/www.youtube.com\/channel\/UCM2Qf0jSqNRJRkqmU8dO9QA\/videos\"]},{\"@type\":\"Person\",\"@id\":\"https:\/\/grupogpps.org\/#\/schema\/person\/faaafcd24616dff095821c72659ce41f\",\"name\":\"GPS GPS\",\"url\":\"https:\/\/grupogpps.org\/pt\/author\/gps\/\"}]}<\/script>\n<!-- \/ Yoast SEO plugin. -->","yoast_head_json":{"title":"La variable ambiental en la evaluaci\u00f3n financiera - GPS","robots":{"index":"index","follow":"follow","max-snippet":"max-snippet:-1","max-image-preview":"max-image-preview:large","max-video-preview":"max-video-preview:-1"},"canonical":"https:\/\/grupogpps.org\/pt\/la-variable-ambiental-en-la-evaluacion-financiera\/","og_locale":"pt_BR","og_type":"article","og_title":"La variable ambiental en la evaluaci\u00f3n financiera - GPS","og_description":"Sabine Papendieck, Diciembre de 2022 Debido a la importancia que est\u00e1n cobrando las estrategias de reducci\u00f3n de emisiones a nivel global , las empresas consideran en menor o mayor medida el impacto de sus operaciones sobre el cambio clim\u00e1tico, la mitigaci\u00f3n asociada y los esfuerzos de adaptaci\u00f3n sobre sus estrategias y operaciones divulgando informaci\u00f3n relacionada [&hellip;]","og_url":"https:\/\/grupogpps.org\/pt\/la-variable-ambiental-en-la-evaluacion-financiera\/","og_site_name":"GPS","article_publisher":"https:\/\/www.linkedin.com\/company\/25037162\/","article_published_time":"2022-12-27T17:39:02+00:00","article_modified_time":"2023-01-13T14:34:05+00:00","og_image":[{"width":860,"height":1138,"url":"https:\/\/grupogpps.org\/wp-content\/uploads\/2022\/12\/Captura-de-Pantalla-2022-12-27-a-las-14.42.10.png","type":"image\/png"}],"author":"GPS GPS","twitter_card":"summary_large_image","twitter_creator":"@GPSLatinAmerica","twitter_site":"@GPSLatinAmerica","twitter_misc":{"Escrito por":"GPS GPS","Est. tempo de leitura":"1 minuto"},"schema":{"@context":"https:\/\/schema.org","@graph":[{"@type":"Article","@id":"https:\/\/grupogpps.org\/la-variable-ambiental-en-la-evaluacion-financiera\/#article","isPartOf":{"@id":"https:\/\/grupogpps.org\/la-variable-ambiental-en-la-evaluacion-financiera\/"},"author":{"name":"GPS GPS","@id":"https:\/\/grupogpps.org\/#\/schema\/person\/faaafcd24616dff095821c72659ce41f"},"headline":"La variable ambiental en la evaluaci\u00f3n financiera","datePublished":"2022-12-27T17:39:02+00:00","dateModified":"2023-01-13T14:34:05+00:00","mainEntityOfPage":{"@id":"https:\/\/grupogpps.org\/la-variable-ambiental-en-la-evaluacion-financiera\/"},"wordCount":223,"publisher":{"@id":"https:\/\/grupogpps.org\/#organization"},"image":{"@id":"https:\/\/grupogpps.org\/la-variable-ambiental-en-la-evaluacion-financiera\/#primaryimage"},"thumbnailUrl":"https:\/\/grupogpps.org\/wp-content\/uploads\/2022\/12\/Captura-de-Pantalla-2022-12-27-a-las-14.42.10.png","keywords":["Agronegocios","Argentina","geopol\u00edtica de los alimentos","Inserci\u00f3n internacional"],"articleSection":["Documentos institucionales","Home","Publicaciones Home"],"inLanguage":"pt-BR"},{"@type":"WebPage","@id":"https:\/\/grupogpps.org\/la-variable-ambiental-en-la-evaluacion-financiera\/","url":"https:\/\/grupogpps.org\/la-variable-ambiental-en-la-evaluacion-financiera\/","name":"La variable ambiental en la evaluaci\u00f3n financiera - GPS","isPartOf":{"@id":"https:\/\/grupogpps.org\/#website"},"primaryImageOfPage":{"@id":"https:\/\/grupogpps.org\/la-variable-ambiental-en-la-evaluacion-financiera\/#primaryimage"},"image":{"@id":"https:\/\/grupogpps.org\/la-variable-ambiental-en-la-evaluacion-financiera\/#primaryimage"},"thumbnailUrl":"https:\/\/grupogpps.org\/wp-content\/uploads\/2022\/12\/Captura-de-Pantalla-2022-12-27-a-las-14.42.10.png","datePublished":"2022-12-27T17:39:02+00:00","dateModified":"2023-01-13T14:34:05+00:00","breadcrumb":{"@id":"https:\/\/grupogpps.org\/la-variable-ambiental-en-la-evaluacion-financiera\/#breadcrumb"},"inLanguage":"pt-BR","potentialAction":[{"@type":"ReadAction","target":["https:\/\/grupogpps.org\/la-variable-ambiental-en-la-evaluacion-financiera\/"]}]},{"@type":"ImageObject","inLanguage":"pt-BR","@id":"https:\/\/grupogpps.org\/la-variable-ambiental-en-la-evaluacion-financiera\/#primaryimage","url":"https:\/\/grupogpps.org\/wp-content\/uploads\/2022\/12\/Captura-de-Pantalla-2022-12-27-a-las-14.42.10.png","contentUrl":"https:\/\/grupogpps.org\/wp-content\/uploads\/2022\/12\/Captura-de-Pantalla-2022-12-27-a-las-14.42.10.png","width":860,"height":1138},{"@type":"BreadcrumbList","@id":"https:\/\/grupogpps.org\/la-variable-ambiental-en-la-evaluacion-financiera\/#breadcrumb","itemListElement":[{"@type":"ListItem","position":1,"name":"Inicio","item":"https:\/\/grupogpps.org\/"},{"@type":"ListItem","position":2,"name":"La variable ambiental en la evaluaci\u00f3n financiera"}]},{"@type":"WebSite","@id":"https:\/\/grupogpps.org\/#website","url":"https:\/\/grupogpps.org\/","name":"GPS","description":"Grupo de pa\u00edses productores del sur","publisher":{"@id":"https:\/\/grupogpps.org\/#organization"},"potentialAction":[{"@type":"SearchAction","target":{"@type":"EntryPoint","urlTemplate":"https:\/\/grupogpps.org\/?s={search_term_string}"},"query-input":{"@type":"PropertyValueSpecification","valueRequired":true,"valueName":"search_term_string"}}],"inLanguage":"pt-BR"},{"@type":"Organization","@id":"https:\/\/grupogpps.org\/#organization","name":"GPS - Grupo de pa\u00edses productores del sur","url":"https:\/\/grupogpps.org\/","logo":{"@type":"ImageObject","inLanguage":"pt-BR","@id":"https:\/\/grupogpps.org\/#\/schema\/logo\/image\/","url":"http:\/\/grupogpps.org\/wp-content\/uploads\/2021\/06\/logoGPS3.svg","contentUrl":"http:\/\/grupogpps.org\/wp-content\/uploads\/2021\/06\/logoGPS3.svg","width":1,"height":1,"caption":"GPS - Grupo de pa\u00edses productores del sur"},"image":{"@id":"https:\/\/grupogpps.org\/#\/schema\/logo\/image\/"},"sameAs":["https:\/\/www.linkedin.com\/company\/25037162\/","https:\/\/x.com\/GPSLatinAmerica","https:\/\/www.instagram.com\/gpslatin\/","https:\/\/www.youtube.com\/channel\/UCM2Qf0jSqNRJRkqmU8dO9QA\/videos"]},{"@type":"Person","@id":"https:\/\/grupogpps.org\/#\/schema\/person\/faaafcd24616dff095821c72659ce41f","name":"GPS GPS","url":"https:\/\/grupogpps.org\/pt\/author\/gps\/"}]}},"_links":{"self":[{"href":"https:\/\/grupogpps.org\/pt\/wp-json\/wp\/v2\/posts\/4111","targetHints":{"allow":["GET"]}}],"collection":[{"href":"https:\/\/grupogpps.org\/pt\/wp-json\/wp\/v2\/posts"}],"about":[{"href":"https:\/\/grupogpps.org\/pt\/wp-json\/wp\/v2\/types\/post"}],"author":[{"embeddable":true,"href":"https:\/\/grupogpps.org\/pt\/wp-json\/wp\/v2\/users\/2"}],"replies":[{"embeddable":true,"href":"https:\/\/grupogpps.org\/pt\/wp-json\/wp\/v2\/comments?post=4111"}],"version-history":[{"count":2,"href":"https:\/\/grupogpps.org\/pt\/wp-json\/wp\/v2\/posts\/4111\/revisions"}],"predecessor-version":[{"id":4124,"href":"https:\/\/grupogpps.org\/pt\/wp-json\/wp\/v2\/posts\/4111\/revisions\/4124"}],"wp:featuredmedia":[{"embeddable":true,"href":"https:\/\/grupogpps.org\/pt\/wp-json\/wp\/v2\/media\/4114"}],"wp:attachment":[{"href":"https:\/\/grupogpps.org\/pt\/wp-json\/wp\/v2\/media?parent=4111"}],"wp:term":[{"taxonomy":"category","embeddable":true,"href":"https:\/\/grupogpps.org\/pt\/wp-json\/wp\/v2\/categories?post=4111"},{"taxonomy":"post_tag","embeddable":true,"href":"https:\/\/grupogpps.org\/pt\/wp-json\/wp\/v2\/tags?post=4111"}],"curies":[{"name":"wp","href":"https:\/\/api.w.org\/{rel}","templated":true}]}}