{"id":4096,"date":"2022-11-18T10:23:00","date_gmt":"2022-11-18T13:23:00","guid":{"rendered":"http:\/\/grupogpps.org\/?p=4096"},"modified":"2022-12-03T11:17:02","modified_gmt":"2022-12-03T14:17:02","slug":"gps-organizo-paneles-presenciales-y-virtuales-en-el-marco-de-la-cop27","status":"publish","type":"post","link":"https:\/\/grupogpps.org\/pt\/gps-organizo-paneles-presenciales-y-virtuales-en-el-marco-de-la-cop27\/","title":{"rendered":"GPS organizou eventos presenciais e virtuais no \u00e2mbito da COP27"},"content":{"rendered":"<p>Embora o aspecto mais relevante das COPs seja a negocia\u00e7\u00e3o entre os estados, o setor privado participa de v\u00e1rias formas. O papel da agricultura (e especialmente do Cone Sul) est\u00e1 se tornando cada vez mais importante no quadro de estrat\u00e9gias de mitiga\u00e7\u00e3o baseadas em solu\u00e7\u00f5es baseadas na natureza (NBS por sua sigla em Ingl\u00eas).<\/p>\n\n\n\n<p>No \u00e2mbito da COP27, realizada no Egito, a GPS organizou e participou de diversos eventos.<\/p>\n\n\n\n<p class=\" translation-block\">Por um lado, foi organizado um semin\u00e1rio virtual no \u00e2mbito da plataforma global da ICC (International Chamber of Commerce) \"Make Climate Action Everyone's Business Forum\". O painel contou com a participa\u00e7\u00e3o de Carmen Longa Virasoro (Partner Carbon Group, Argentina), Francisco Rosas (Professor de Economia, Universidad ORT Uruguai), Fabiana Alves (Diretora Executiva do Rabobank, Brasil) e Carlos Gentile (Diretor de Desenvolvimento Sustent\u00e1vel, Funda\u00e7\u00e3o Argentina Global) e moderado por Mart\u00edn Fragu\u00edo (Membro Fundador da GPS Argentina). O v\u00eddeo da sess\u00e3o est\u00e1 dispon\u00edvel em nosso <a href=\"https:\/\/youtu.be\/PW8SBumPqcw\" target=\"_blank\" rel=\"noreferrer noopener\">canal do Youtube<\/a>.<\/p>\n\n\n\n<p>Na ocasi\u00e3o, tamb\u00e9m foram organizados pain\u00e9is presenciais no Pavilh\u00e3o \"Casa da Agricultura Sustent\u00e1vel das Am\u00e9ricas\", que o Instituto Interamericano de Coopera\u00e7\u00e3o para a Agricultura (IICA) instalou na cidade eg\u00edpcia de Sharm El Sheik. Esses eventos foram organizados em conjunto com o CREA e a AAPRESID, refor\u00e7ando nosso networking em n\u00edvel regional. <\/p>\n\n\n\n<p class=\" translation-block\">Assim, na manh\u00e3 do dia 9 de novembro, aconteceu o evento denominado: <em>\u201cSistemas de produ\u00e7\u00e3o climaticamente inteligentes: solu\u00e7\u00f5es baseadas na natureza e no papel do agricultor\u201d<\/em>. Moderado por Cristian Feldkamp, diretor executivo do CREA, participaram como palestrantes Marcelo Torres, vice-presidente da AAPRESID; Bob Lowe, presidente da Associa\u00e7\u00e3o Canadense de Pecuaristas; Cecilia Jones, coordenadora da Unidade de Sustentabilidade e Mudan\u00e7a Clim\u00e1tica do Minist\u00e9rio da Pecu\u00e1ria, Agricultura e Pesca do Uruguai; e Eduardo Bastos, CEO da My Carbon, empresa da Minerva Foods e L\u00edder do Comit\u00ea de Sustentabilidade da ABAG (Associa\u00e7\u00e3o Brasileira do Agroneg\u00f3cio, membro da GPS Brasil).<\/p>\n\n\n\n<p>Manuel Otero, Diretor Geral do IICA, deu as boas-vindas aos participantes e destacou a import\u00e2ncia das Am\u00e9ricas como o continente que garante que a humanidade possa se alimentar. Ele destacou que \u201cestamos dando contribui\u00e7\u00f5es substantivas para enfrentar as mudan\u00e7as clim\u00e1ticas e temos que mostrar isso com orgulho e for\u00e7a, reconhecendo que temos sistemas agroalimentares que podem ser aperfei\u00e7oados, mas que de forma alguma falharam\u201d. Em seguida, os palestrantes reafirmaram o papel fundamental da ci\u00eancia para a formula\u00e7\u00e3o de pol\u00edticas pr\u00f3-natureza na regi\u00e3o, destacando a import\u00e2ncia de uma agricultura sustent\u00e1vel com boas pr\u00e1ticas ambientais que garantam a seguran\u00e7a alimentar no mundo. As pr\u00e1ticas regenerativas para a prote\u00e7\u00e3o dos solos e outros recursos naturais foram destacadas, numa produ\u00e7\u00e3o para reduzir a zero as emiss\u00f5es de carbono.&nbsp;<\/p>\n\n\n\n<p>Marcelo Torres, vice-presidente da Aapresid, afirmou que \u201ca Argentina j\u00e1 \u00e9 l\u00edder no cuidado do solo, controle da eros\u00e3o, uso de tecnologias e inova\u00e7\u00e3o agr\u00edcola. Na AAPRESID, trabalhamos com estrat\u00e9gias que visam manter os solos vivos e suas implica\u00e7\u00f5es no uso eficiente da \u00e1gua, na menor depend\u00eancia de insumos sint\u00e9ticos e na maximiza\u00e7\u00e3o do sequestro de carbono.\u201d<\/p>\n\n\n\n<p>Por outro lado, na tarde de 9 de novembro, ocorreu o segundo evento co-organizado pela Aapresid, AACREA e GPS, sobre \"Oportunidades e desafios no design de sistemas de produ\u00e7\u00e3o inteligentes para o clima\". Moderado por Mar\u00eda Cecilia Gin\u00e9s (Aapresid), Mart\u00edn Fragu\u00edo (GPS), Cristian Feldkamp (CREA) e Mauricio Rodrigues (CropScience Latam, Bayer).<\/p>\n\n\n\n<p>\u201cTemos a convic\u00e7\u00e3o de que fazemos parte da solu\u00e7\u00e3o, e fazemos porque temos evid\u00eancias cient\u00edficas de que, com certas pr\u00e1ticas clim\u00e1ticas inteligentes na agricultura e na pecu\u00e1ria, podemos reduzir as emiss\u00f5es e ser mais eficientes. Essas solu\u00e7\u00f5es incluem pessoas, empresas e meio ambiente. Nesse sentido, o carbono \u00e9 um dos aspectos fundamentais e outra dimens\u00e3o muito importante \u00e9 a biodiversidade. \u00c9 por isso que as solu\u00e7\u00f5es devem ser adaptadas a cada local e \u00e9 por isso que n\u00e3o existem solu\u00e7\u00f5es imediatas. \u00c9 necess\u00e1rio um quadro de acordos e pol\u00edticas que encorajem uma a\u00e7\u00e3o sustentada a longo prazo.\u201d Cristian Feldkamp (CREA) afirmou.&nbsp;<\/p>\n\n\n\n<p>Na mesma linha, Mart\u00edn Fragu\u00edo expressou: \u201c\u00c9 muito importante estar presente nestes f\u00f3runs para desenvolver uma linguagem comum em torno do papel da agricultura na mitiga\u00e7\u00e3o das mudan\u00e7as clim\u00e1ticas. Os ecossistemas produtivos e naturais da Am\u00e9rica Latina s\u00e3o capazes de mitigar as emiss\u00f5es de gases de efeito estufa, al\u00e9m de capturar e armazenar carbono em solos e biomassa como nenhuma outra regi\u00e3o do mundo. O papel do setor privado e das organiza\u00e7\u00f5es internacionais \u00e9 crucial para comunicar e esclarecer esses conceitos e divulgar essa importante mensagem.\"<\/p>\n\n\n\n<p>Encerrando as apresenta\u00e7\u00f5es, Mauricio Rodrigues destacou a estrat\u00e9gia e os objetivos que a Bayer est\u00e1 desenvolvendo para o desenvolvimento de sistemas agr\u00edcolas que permitam aumentar a produtividade e, por sua vez, reduzir o impacto ambiental.<\/p>\n\n\n\n<p>O pavilh\u00e3o \"Casa da Agricultura Sustent\u00e1vel das Am\u00e9ricas\", instalado pelo IICA na COP27, permitiu mostrar o papel fundamental do setor agr\u00edcola nas solu\u00e7\u00f5es clim\u00e1ticas e na seguran\u00e7a alimentar global, ao mesmo tempo em que tornou vis\u00edveis as contribui\u00e7\u00f5es dos produtores e outros atores da setor na adapta\u00e7\u00e3o e mitiga\u00e7\u00e3o das mudan\u00e7as clim\u00e1ticas.<\/p>\n\n\n\n<p><\/p>","protected":false},"excerpt":{"rendered":"<p>Si bien lo m\u00e1s relevante de las COP es la negociaci\u00f3n entre estados, el sector privado participa de diversas maneras. El rol del agro (y en especial el del Cono Sur) cobra cada vez mayor relevancia en el marco de las estrategias de mitigaci\u00f3n en base a las soluciones basadas en la naturaleza (NBS por [&hellip;]<\/p>","protected":false},"author":2,"featured_media":4097,"comment_status":"open","ping_status":"closed","sticky":false,"template":"","format":"standard","meta":{"footnotes":""},"categories":[19,58,25,23],"tags":[],"class_list":["post-4096","post","type-post","status-publish","format-standard","has-post-thumbnail","hentry","category-actividades","category-eventos","category-home","category-novedades"],"yoast_head":"<!-- This site is optimized with the Yoast SEO plugin v26.8 - https:\/\/yoast.com\/product\/yoast-seo-wordpress\/ -->\n<title>GPS organiz\u00f3 eventos presenciales y virtuales en el marco de la COP27 - GPS<\/title>\n<meta name=\"robots\" content=\"index, follow, max-snippet:-1, max-image-preview:large, max-video-preview:-1\" \/>\n<link rel=\"canonical\" href=\"https:\/\/grupogpps.org\/pt\/gps-organizo-paneles-presenciales-y-virtuales-en-el-marco-de-la-cop27\/\" \/>\n<meta property=\"og:locale\" content=\"pt_BR\" \/>\n<meta property=\"og:type\" content=\"article\" \/>\n<meta property=\"og:title\" content=\"GPS organiz\u00f3 eventos presenciales y virtuales en el marco de la COP27 - GPS\" \/>\n<meta property=\"og:description\" content=\"Si bien lo m\u00e1s relevante de las COP es la negociaci\u00f3n entre estados, el sector privado participa de diversas maneras. El rol del agro (y en especial el del Cono Sur) cobra cada vez mayor relevancia en el marco de las estrategias de mitigaci\u00f3n en base a las soluciones basadas en la naturaleza (NBS por [&hellip;]\" \/>\n<meta property=\"og:url\" content=\"https:\/\/grupogpps.org\/pt\/gps-organizo-paneles-presenciales-y-virtuales-en-el-marco-de-la-cop27\/\" \/>\n<meta property=\"og:site_name\" content=\"GPS\" \/>\n<meta property=\"article:publisher\" content=\"https:\/\/www.linkedin.com\/company\/25037162\/\" \/>\n<meta property=\"article:published_time\" content=\"2022-11-18T13:23:00+00:00\" \/>\n<meta property=\"article:modified_time\" content=\"2022-12-03T14:17:02+00:00\" \/>\n<meta property=\"og:image\" content=\"https:\/\/grupogpps.org\/wp-content\/uploads\/2022\/12\/WhatsApp-Image-2022-11-09-at-15.02.01-1.jpeg\" \/>\n\t<meta property=\"og:image:width\" content=\"1511\" \/>\n\t<meta property=\"og:image:height\" content=\"1600\" \/>\n\t<meta property=\"og:image:type\" content=\"image\/jpeg\" \/>\n<meta name=\"author\" content=\"GPS GPS\" \/>\n<meta name=\"twitter:card\" content=\"summary_large_image\" \/>\n<meta name=\"twitter:creator\" content=\"@GPSLatinAmerica\" \/>\n<meta name=\"twitter:site\" content=\"@GPSLatinAmerica\" \/>\n<meta name=\"twitter:label1\" content=\"Escrito por\" \/>\n\t<meta name=\"twitter:data1\" content=\"GPS GPS\" \/>\n\t<meta name=\"twitter:label2\" content=\"Est. tempo de leitura\" \/>\n\t<meta name=\"twitter:data2\" content=\"4 minutos\" \/>\n<script type=\"application\/ld+json\" class=\"yoast-schema-graph\">{\"@context\":\"https:\/\/schema.org\",\"@graph\":[{\"@type\":\"Article\",\"@id\":\"https:\/\/grupogpps.org\/gps-organizo-paneles-presenciales-y-virtuales-en-el-marco-de-la-cop27\/#article\",\"isPartOf\":{\"@id\":\"https:\/\/grupogpps.org\/gps-organizo-paneles-presenciales-y-virtuales-en-el-marco-de-la-cop27\/\"},\"author\":{\"name\":\"GPS GPS\",\"@id\":\"https:\/\/grupogpps.org\/#\/schema\/person\/faaafcd24616dff095821c72659ce41f\"},\"headline\":\"GPS organiz\u00f3 eventos presenciales y virtuales en el marco de la COP27\",\"datePublished\":\"2022-11-18T13:23:00+00:00\",\"dateModified\":\"2022-12-03T14:17:02+00:00\",\"mainEntityOfPage\":{\"@id\":\"https:\/\/grupogpps.org\/gps-organizo-paneles-presenciales-y-virtuales-en-el-marco-de-la-cop27\/\"},\"wordCount\":951,\"commentCount\":0,\"publisher\":{\"@id\":\"https:\/\/grupogpps.org\/#organization\"},\"image\":{\"@id\":\"https:\/\/grupogpps.org\/gps-organizo-paneles-presenciales-y-virtuales-en-el-marco-de-la-cop27\/#primaryimage\"},\"thumbnailUrl\":\"https:\/\/grupogpps.org\/wp-content\/uploads\/2022\/12\/WhatsApp-Image-2022-11-09-at-15.02.01-1.jpeg\",\"articleSection\":[\"Actividades\",\"Eventos\",\"Home\",\"Novedades\"],\"inLanguage\":\"pt-BR\",\"potentialAction\":[{\"@type\":\"CommentAction\",\"name\":\"Comment\",\"target\":[\"https:\/\/grupogpps.org\/gps-organizo-paneles-presenciales-y-virtuales-en-el-marco-de-la-cop27\/#respond\"]}]},{\"@type\":\"WebPage\",\"@id\":\"https:\/\/grupogpps.org\/gps-organizo-paneles-presenciales-y-virtuales-en-el-marco-de-la-cop27\/\",\"url\":\"https:\/\/grupogpps.org\/gps-organizo-paneles-presenciales-y-virtuales-en-el-marco-de-la-cop27\/\",\"name\":\"GPS organiz\u00f3 eventos presenciales y virtuales en el marco de la COP27 - GPS\",\"isPartOf\":{\"@id\":\"https:\/\/grupogpps.org\/#website\"},\"primaryImageOfPage\":{\"@id\":\"https:\/\/grupogpps.org\/gps-organizo-paneles-presenciales-y-virtuales-en-el-marco-de-la-cop27\/#primaryimage\"},\"image\":{\"@id\":\"https:\/\/grupogpps.org\/gps-organizo-paneles-presenciales-y-virtuales-en-el-marco-de-la-cop27\/#primaryimage\"},\"thumbnailUrl\":\"https:\/\/grupogpps.org\/wp-content\/uploads\/2022\/12\/WhatsApp-Image-2022-11-09-at-15.02.01-1.jpeg\",\"datePublished\":\"2022-11-18T13:23:00+00:00\",\"dateModified\":\"2022-12-03T14:17:02+00:00\",\"breadcrumb\":{\"@id\":\"https:\/\/grupogpps.org\/gps-organizo-paneles-presenciales-y-virtuales-en-el-marco-de-la-cop27\/#breadcrumb\"},\"inLanguage\":\"pt-BR\",\"potentialAction\":[{\"@type\":\"ReadAction\",\"target\":[\"https:\/\/grupogpps.org\/gps-organizo-paneles-presenciales-y-virtuales-en-el-marco-de-la-cop27\/\"]}]},{\"@type\":\"ImageObject\",\"inLanguage\":\"pt-BR\",\"@id\":\"https:\/\/grupogpps.org\/gps-organizo-paneles-presenciales-y-virtuales-en-el-marco-de-la-cop27\/#primaryimage\",\"url\":\"https:\/\/grupogpps.org\/wp-content\/uploads\/2022\/12\/WhatsApp-Image-2022-11-09-at-15.02.01-1.jpeg\",\"contentUrl\":\"https:\/\/grupogpps.org\/wp-content\/uploads\/2022\/12\/WhatsApp-Image-2022-11-09-at-15.02.01-1.jpeg\",\"width\":1511,\"height\":1600},{\"@type\":\"BreadcrumbList\",\"@id\":\"https:\/\/grupogpps.org\/gps-organizo-paneles-presenciales-y-virtuales-en-el-marco-de-la-cop27\/#breadcrumb\",\"itemListElement\":[{\"@type\":\"ListItem\",\"position\":1,\"name\":\"Inicio\",\"item\":\"https:\/\/grupogpps.org\/\"},{\"@type\":\"ListItem\",\"position\":2,\"name\":\"GPS organiz\u00f3 eventos presenciales y virtuales en el marco de la COP27\"}]},{\"@type\":\"WebSite\",\"@id\":\"https:\/\/grupogpps.org\/#website\",\"url\":\"https:\/\/grupogpps.org\/\",\"name\":\"GPS\",\"description\":\"Grupo de pa\u00edses productores del sur\",\"publisher\":{\"@id\":\"https:\/\/grupogpps.org\/#organization\"},\"potentialAction\":[{\"@type\":\"SearchAction\",\"target\":{\"@type\":\"EntryPoint\",\"urlTemplate\":\"https:\/\/grupogpps.org\/?s={search_term_string}\"},\"query-input\":{\"@type\":\"PropertyValueSpecification\",\"valueRequired\":true,\"valueName\":\"search_term_string\"}}],\"inLanguage\":\"pt-BR\"},{\"@type\":\"Organization\",\"@id\":\"https:\/\/grupogpps.org\/#organization\",\"name\":\"GPS - Grupo de pa\u00edses productores del sur\",\"url\":\"https:\/\/grupogpps.org\/\",\"logo\":{\"@type\":\"ImageObject\",\"inLanguage\":\"pt-BR\",\"@id\":\"https:\/\/grupogpps.org\/#\/schema\/logo\/image\/\",\"url\":\"http:\/\/grupogpps.org\/wp-content\/uploads\/2021\/06\/logoGPS3.svg\",\"contentUrl\":\"http:\/\/grupogpps.org\/wp-content\/uploads\/2021\/06\/logoGPS3.svg\",\"width\":1,\"height\":1,\"caption\":\"GPS - Grupo de pa\u00edses productores del sur\"},\"image\":{\"@id\":\"https:\/\/grupogpps.org\/#\/schema\/logo\/image\/\"},\"sameAs\":[\"https:\/\/www.linkedin.com\/company\/25037162\/\",\"https:\/\/x.com\/GPSLatinAmerica\",\"https:\/\/www.instagram.com\/gpslatin\/\",\"https:\/\/www.youtube.com\/channel\/UCM2Qf0jSqNRJRkqmU8dO9QA\/videos\"]},{\"@type\":\"Person\",\"@id\":\"https:\/\/grupogpps.org\/#\/schema\/person\/faaafcd24616dff095821c72659ce41f\",\"name\":\"GPS GPS\",\"url\":\"https:\/\/grupogpps.org\/pt\/author\/gps\/\"}]}<\/script>\n<!-- \/ Yoast SEO plugin. -->","yoast_head_json":{"title":"GPS organiz\u00f3 eventos presenciales y virtuales en el marco de la COP27 - GPS","robots":{"index":"index","follow":"follow","max-snippet":"max-snippet:-1","max-image-preview":"max-image-preview:large","max-video-preview":"max-video-preview:-1"},"canonical":"https:\/\/grupogpps.org\/pt\/gps-organizo-paneles-presenciales-y-virtuales-en-el-marco-de-la-cop27\/","og_locale":"pt_BR","og_type":"article","og_title":"GPS organiz\u00f3 eventos presenciales y virtuales en el marco de la COP27 - GPS","og_description":"Si bien lo m\u00e1s relevante de las COP es la negociaci\u00f3n entre estados, el sector privado participa de diversas maneras. El rol del agro (y en especial el del Cono Sur) cobra cada vez mayor relevancia en el marco de las estrategias de mitigaci\u00f3n en base a las soluciones basadas en la naturaleza (NBS por [&hellip;]","og_url":"https:\/\/grupogpps.org\/pt\/gps-organizo-paneles-presenciales-y-virtuales-en-el-marco-de-la-cop27\/","og_site_name":"GPS","article_publisher":"https:\/\/www.linkedin.com\/company\/25037162\/","article_published_time":"2022-11-18T13:23:00+00:00","article_modified_time":"2022-12-03T14:17:02+00:00","og_image":[{"width":1511,"height":1600,"url":"https:\/\/grupogpps.org\/wp-content\/uploads\/2022\/12\/WhatsApp-Image-2022-11-09-at-15.02.01-1.jpeg","type":"image\/jpeg"}],"author":"GPS GPS","twitter_card":"summary_large_image","twitter_creator":"@GPSLatinAmerica","twitter_site":"@GPSLatinAmerica","twitter_misc":{"Escrito por":"GPS GPS","Est. tempo de leitura":"4 minutos"},"schema":{"@context":"https:\/\/schema.org","@graph":[{"@type":"Article","@id":"https:\/\/grupogpps.org\/gps-organizo-paneles-presenciales-y-virtuales-en-el-marco-de-la-cop27\/#article","isPartOf":{"@id":"https:\/\/grupogpps.org\/gps-organizo-paneles-presenciales-y-virtuales-en-el-marco-de-la-cop27\/"},"author":{"name":"GPS GPS","@id":"https:\/\/grupogpps.org\/#\/schema\/person\/faaafcd24616dff095821c72659ce41f"},"headline":"GPS organiz\u00f3 eventos presenciales y virtuales en el marco de la COP27","datePublished":"2022-11-18T13:23:00+00:00","dateModified":"2022-12-03T14:17:02+00:00","mainEntityOfPage":{"@id":"https:\/\/grupogpps.org\/gps-organizo-paneles-presenciales-y-virtuales-en-el-marco-de-la-cop27\/"},"wordCount":951,"commentCount":0,"publisher":{"@id":"https:\/\/grupogpps.org\/#organization"},"image":{"@id":"https:\/\/grupogpps.org\/gps-organizo-paneles-presenciales-y-virtuales-en-el-marco-de-la-cop27\/#primaryimage"},"thumbnailUrl":"https:\/\/grupogpps.org\/wp-content\/uploads\/2022\/12\/WhatsApp-Image-2022-11-09-at-15.02.01-1.jpeg","articleSection":["Actividades","Eventos","Home","Novedades"],"inLanguage":"pt-BR","potentialAction":[{"@type":"CommentAction","name":"Comment","target":["https:\/\/grupogpps.org\/gps-organizo-paneles-presenciales-y-virtuales-en-el-marco-de-la-cop27\/#respond"]}]},{"@type":"WebPage","@id":"https:\/\/grupogpps.org\/gps-organizo-paneles-presenciales-y-virtuales-en-el-marco-de-la-cop27\/","url":"https:\/\/grupogpps.org\/gps-organizo-paneles-presenciales-y-virtuales-en-el-marco-de-la-cop27\/","name":"GPS organiz\u00f3 eventos presenciales y virtuales en el marco de la COP27 - GPS","isPartOf":{"@id":"https:\/\/grupogpps.org\/#website"},"primaryImageOfPage":{"@id":"https:\/\/grupogpps.org\/gps-organizo-paneles-presenciales-y-virtuales-en-el-marco-de-la-cop27\/#primaryimage"},"image":{"@id":"https:\/\/grupogpps.org\/gps-organizo-paneles-presenciales-y-virtuales-en-el-marco-de-la-cop27\/#primaryimage"},"thumbnailUrl":"https:\/\/grupogpps.org\/wp-content\/uploads\/2022\/12\/WhatsApp-Image-2022-11-09-at-15.02.01-1.jpeg","datePublished":"2022-11-18T13:23:00+00:00","dateModified":"2022-12-03T14:17:02+00:00","breadcrumb":{"@id":"https:\/\/grupogpps.org\/gps-organizo-paneles-presenciales-y-virtuales-en-el-marco-de-la-cop27\/#breadcrumb"},"inLanguage":"pt-BR","potentialAction":[{"@type":"ReadAction","target":["https:\/\/grupogpps.org\/gps-organizo-paneles-presenciales-y-virtuales-en-el-marco-de-la-cop27\/"]}]},{"@type":"ImageObject","inLanguage":"pt-BR","@id":"https:\/\/grupogpps.org\/gps-organizo-paneles-presenciales-y-virtuales-en-el-marco-de-la-cop27\/#primaryimage","url":"https:\/\/grupogpps.org\/wp-content\/uploads\/2022\/12\/WhatsApp-Image-2022-11-09-at-15.02.01-1.jpeg","contentUrl":"https:\/\/grupogpps.org\/wp-content\/uploads\/2022\/12\/WhatsApp-Image-2022-11-09-at-15.02.01-1.jpeg","width":1511,"height":1600},{"@type":"BreadcrumbList","@id":"https:\/\/grupogpps.org\/gps-organizo-paneles-presenciales-y-virtuales-en-el-marco-de-la-cop27\/#breadcrumb","itemListElement":[{"@type":"ListItem","position":1,"name":"Inicio","item":"https:\/\/grupogpps.org\/"},{"@type":"ListItem","position":2,"name":"GPS organiz\u00f3 eventos presenciales y virtuales en el marco de la COP27"}]},{"@type":"WebSite","@id":"https:\/\/grupogpps.org\/#website","url":"https:\/\/grupogpps.org\/","name":"GPS","description":"Grupo de pa\u00edses productores del sur","publisher":{"@id":"https:\/\/grupogpps.org\/#organization"},"potentialAction":[{"@type":"SearchAction","target":{"@type":"EntryPoint","urlTemplate":"https:\/\/grupogpps.org\/?s={search_term_string}"},"query-input":{"@type":"PropertyValueSpecification","valueRequired":true,"valueName":"search_term_string"}}],"inLanguage":"pt-BR"},{"@type":"Organization","@id":"https:\/\/grupogpps.org\/#organization","name":"GPS - Grupo de pa\u00edses productores del sur","url":"https:\/\/grupogpps.org\/","logo":{"@type":"ImageObject","inLanguage":"pt-BR","@id":"https:\/\/grupogpps.org\/#\/schema\/logo\/image\/","url":"http:\/\/grupogpps.org\/wp-content\/uploads\/2021\/06\/logoGPS3.svg","contentUrl":"http:\/\/grupogpps.org\/wp-content\/uploads\/2021\/06\/logoGPS3.svg","width":1,"height":1,"caption":"GPS - Grupo de pa\u00edses productores del sur"},"image":{"@id":"https:\/\/grupogpps.org\/#\/schema\/logo\/image\/"},"sameAs":["https:\/\/www.linkedin.com\/company\/25037162\/","https:\/\/x.com\/GPSLatinAmerica","https:\/\/www.instagram.com\/gpslatin\/","https:\/\/www.youtube.com\/channel\/UCM2Qf0jSqNRJRkqmU8dO9QA\/videos"]},{"@type":"Person","@id":"https:\/\/grupogpps.org\/#\/schema\/person\/faaafcd24616dff095821c72659ce41f","name":"GPS GPS","url":"https:\/\/grupogpps.org\/pt\/author\/gps\/"}]}},"_links":{"self":[{"href":"https:\/\/grupogpps.org\/pt\/wp-json\/wp\/v2\/posts\/4096","targetHints":{"allow":["GET"]}}],"collection":[{"href":"https:\/\/grupogpps.org\/pt\/wp-json\/wp\/v2\/posts"}],"about":[{"href":"https:\/\/grupogpps.org\/pt\/wp-json\/wp\/v2\/types\/post"}],"author":[{"embeddable":true,"href":"https:\/\/grupogpps.org\/pt\/wp-json\/wp\/v2\/users\/2"}],"replies":[{"embeddable":true,"href":"https:\/\/grupogpps.org\/pt\/wp-json\/wp\/v2\/comments?post=4096"}],"version-history":[{"count":2,"href":"https:\/\/grupogpps.org\/pt\/wp-json\/wp\/v2\/posts\/4096\/revisions"}],"predecessor-version":[{"id":4100,"href":"https:\/\/grupogpps.org\/pt\/wp-json\/wp\/v2\/posts\/4096\/revisions\/4100"}],"wp:featuredmedia":[{"embeddable":true,"href":"https:\/\/grupogpps.org\/pt\/wp-json\/wp\/v2\/media\/4097"}],"wp:attachment":[{"href":"https:\/\/grupogpps.org\/pt\/wp-json\/wp\/v2\/media?parent=4096"}],"wp:term":[{"taxonomy":"category","embeddable":true,"href":"https:\/\/grupogpps.org\/pt\/wp-json\/wp\/v2\/categories?post=4096"},{"taxonomy":"post_tag","embeddable":true,"href":"https:\/\/grupogpps.org\/pt\/wp-json\/wp\/v2\/tags?post=4096"}],"curies":[{"name":"wp","href":"https:\/\/api.w.org\/{rel}","templated":true}]}}