{"id":4009,"date":"2022-11-08T12:40:50","date_gmt":"2022-11-08T15:40:50","guid":{"rendered":"http:\/\/grupogpps.org\/?p=4009"},"modified":"2022-11-18T16:24:21","modified_gmt":"2022-11-18T19:24:21","slug":"gps-uruguay-y-el-ministerio-de-ambiente-lanzaron-un-ciclo-de-eventos-para-la-elaboracion-de-una-estrategia-ambiental-nacional","status":"publish","type":"post","link":"https:\/\/grupogpps.org\/pt\/gps-uruguay-y-el-ministerio-de-ambiente-lanzaron-un-ciclo-de-eventos-para-la-elaboracion-de-una-estrategia-ambiental-nacional\/","title":{"rendered":"A GPS Uruguai e o Minist\u00e9rio do Meio Ambiente conclu\u00edram um ciclo de eventos para o desenvolvimento de uma estrat\u00e9gia ambiental nacional"},"content":{"rendered":"<p><strong>8 de novembro de 2022<\/strong><\/p>\n\n\n\n<p>O ciclo de quatro encontros, com uma ampla gama de interlocutores de diferentes setores (empresas, organiza\u00e7\u00f5es e produtores, institutos oficiais de pesquisa e produ\u00e7\u00e3o, academia, universidades, ONGs ambientais) buscou gerar inst\u00e2ncias de consulta e interc\u00e2mbio entre o setor p\u00fablico e o setor privado setor agr\u00edcola privado para obter insumos para a elabora\u00e7\u00e3o de uma estrat\u00e9gia ambiental nacional.  <\/p>\n\n\n\n<p>Os encontros abordaram uma ampla gama de temas, incluindo qualidade e gest\u00e3o de recursos h\u00eddricos, disposi\u00e7\u00e3o e uso de res\u00edduos, mudan\u00e7as clim\u00e1ticas e carbono, identifica\u00e7\u00e3o, avalia\u00e7\u00e3o e certifica\u00e7\u00e3o de pegadas ambientais de nossos sistemas de produ\u00e7\u00e3o, gest\u00e3o de \u00e1reas protegidas e flora nativa. campo natural.&nbsp;<\/p>\n\n\n\n<p>A \u00faltima reuni\u00e3o foi realizada nos sal\u00f5es da ALADI, completando o ciclo de atividades propostas pelo GPS Uruguai, com o esp\u00edrito que norteia todas as nossas a\u00e7\u00f5es, gerando conte\u00fado, promovendo o di\u00e1logo e articulando posi\u00e7\u00f5es entre os diferentes setores buscando o posicionamento estrat\u00e9gico do nosso agro.<\/p>\n\n\n\n<div style=\"height:20px\" aria-hidden=\"true\" class=\"wp-block-spacer\"><\/div>\n\n\n\n<figure class=\"wp-block-gallery aligncenter has-nested-images columns-default is-cropped wp-block-gallery-1 is-layout-flex wp-block-gallery-is-layout-flex\">\n<figure class=\"wp-block-image size-full\"><a href=\"http:\/\/grupogpps.org\/wp-content\/uploads\/2022\/10\/WhatsApp-Image-2022-10-18-at-4.13.15-PM-1.jpeg\"><img loading=\"lazy\" decoding=\"async\" width=\"1024\" height=\"577\" data-id=\"4013\" src=\"http:\/\/grupogpps.org\/wp-content\/uploads\/2022\/10\/WhatsApp-Image-2022-10-18-at-4.13.15-PM-1-1024x577.jpeg\" alt=\"\" class=\"wp-image-4013\" srcset=\"https:\/\/grupogpps.org\/wp-content\/uploads\/2022\/10\/WhatsApp-Image-2022-10-18-at-4.13.15-PM-1-1024x577.jpeg 1024w, https:\/\/grupogpps.org\/wp-content\/uploads\/2022\/10\/WhatsApp-Image-2022-10-18-at-4.13.15-PM-1-300x169.jpeg 300w, https:\/\/grupogpps.org\/wp-content\/uploads\/2022\/10\/WhatsApp-Image-2022-10-18-at-4.13.15-PM-1-768x432.jpeg 768w, https:\/\/grupogpps.org\/wp-content\/uploads\/2022\/10\/WhatsApp-Image-2022-10-18-at-4.13.15-PM-1-1536x865.jpeg 1536w, https:\/\/grupogpps.org\/wp-content\/uploads\/2022\/10\/WhatsApp-Image-2022-10-18-at-4.13.15-PM-1-18x10.jpeg 18w, https:\/\/grupogpps.org\/wp-content\/uploads\/2022\/10\/WhatsApp-Image-2022-10-18-at-4.13.15-PM-1.jpeg 2000w\" sizes=\"auto, (max-width: 1024px) 100vw, 1024px\" \/><\/a><\/figure>\n\n\n\n<figure class=\"wp-block-image size-full\"><a href=\"http:\/\/grupogpps.org\/wp-content\/uploads\/2022\/10\/WhatsApp-Image-2022-10-18-at-4.13.28-PM.jpeg\"><img loading=\"lazy\" decoding=\"async\" width=\"1024\" height=\"577\" data-id=\"4011\" src=\"http:\/\/grupogpps.org\/wp-content\/uploads\/2022\/10\/WhatsApp-Image-2022-10-18-at-4.13.28-PM-1024x577.jpeg\" alt=\"\" class=\"wp-image-4011\" srcset=\"https:\/\/grupogpps.org\/wp-content\/uploads\/2022\/10\/WhatsApp-Image-2022-10-18-at-4.13.28-PM-1024x577.jpeg 1024w, https:\/\/grupogpps.org\/wp-content\/uploads\/2022\/10\/WhatsApp-Image-2022-10-18-at-4.13.28-PM-300x169.jpeg 300w, https:\/\/grupogpps.org\/wp-content\/uploads\/2022\/10\/WhatsApp-Image-2022-10-18-at-4.13.28-PM-768x432.jpeg 768w, https:\/\/grupogpps.org\/wp-content\/uploads\/2022\/10\/WhatsApp-Image-2022-10-18-at-4.13.28-PM-1536x865.jpeg 1536w, https:\/\/grupogpps.org\/wp-content\/uploads\/2022\/10\/WhatsApp-Image-2022-10-18-at-4.13.28-PM-18x10.jpeg 18w, https:\/\/grupogpps.org\/wp-content\/uploads\/2022\/10\/WhatsApp-Image-2022-10-18-at-4.13.28-PM.jpeg 2000w\" sizes=\"auto, (max-width: 1024px) 100vw, 1024px\" \/><\/a><\/figure>\n\n\n\n<figure class=\"wp-block-image size-full\"><a href=\"http:\/\/grupogpps.org\/wp-content\/uploads\/2022\/10\/WhatsApp-Image-2022-10-18-at-4.14.07-PM.jpeg\"><img loading=\"lazy\" decoding=\"async\" width=\"1024\" height=\"768\" data-id=\"4012\" src=\"http:\/\/grupogpps.org\/wp-content\/uploads\/2022\/10\/WhatsApp-Image-2022-10-18-at-4.14.07-PM.jpeg\" alt=\"\" class=\"wp-image-4012\" srcset=\"https:\/\/grupogpps.org\/wp-content\/uploads\/2022\/10\/WhatsApp-Image-2022-10-18-at-4.14.07-PM.jpeg 1024w, https:\/\/grupogpps.org\/wp-content\/uploads\/2022\/10\/WhatsApp-Image-2022-10-18-at-4.14.07-PM-300x225.jpeg 300w, https:\/\/grupogpps.org\/wp-content\/uploads\/2022\/10\/WhatsApp-Image-2022-10-18-at-4.14.07-PM-768x576.jpeg 768w, https:\/\/grupogpps.org\/wp-content\/uploads\/2022\/10\/WhatsApp-Image-2022-10-18-at-4.14.07-PM-16x12.jpeg 16w\" sizes=\"auto, (max-width: 1024px) 100vw, 1024px\" \/><\/a><\/figure>\n\n\n\n<figure class=\"wp-block-image size-full\"><a href=\"http:\/\/grupogpps.org\/wp-content\/uploads\/2022\/10\/WhatsApp-Image-2022-10-18-at-4.14.32-PM.jpeg\"><img loading=\"lazy\" decoding=\"async\" width=\"1024\" height=\"738\" data-id=\"4014\" src=\"http:\/\/grupogpps.org\/wp-content\/uploads\/2022\/10\/WhatsApp-Image-2022-10-18-at-4.14.32-PM.jpeg\" alt=\"\" class=\"wp-image-4014\" srcset=\"https:\/\/grupogpps.org\/wp-content\/uploads\/2022\/10\/WhatsApp-Image-2022-10-18-at-4.14.32-PM.jpeg 1024w, https:\/\/grupogpps.org\/wp-content\/uploads\/2022\/10\/WhatsApp-Image-2022-10-18-at-4.14.32-PM-300x216.jpeg 300w, https:\/\/grupogpps.org\/wp-content\/uploads\/2022\/10\/WhatsApp-Image-2022-10-18-at-4.14.32-PM-768x554.jpeg 768w, https:\/\/grupogpps.org\/wp-content\/uploads\/2022\/10\/WhatsApp-Image-2022-10-18-at-4.14.32-PM-18x12.jpeg 18w\" sizes=\"auto, (max-width: 1024px) 100vw, 1024px\" \/><\/a><\/figure>\n<\/figure>","protected":false},"excerpt":{"rendered":"<p>A GPS Uruguai e o Minist\u00e9rio do Meio Ambiente lan\u00e7aram um ciclo de eventos para o desenvolvimento de uma estrat\u00e9gia ambiental nacional<\/p>","protected":false},"author":2,"featured_media":4013,"comment_status":"closed","ping_status":"closed","sticky":false,"template":"","format":"standard","meta":{"footnotes":""},"categories":[19,25,23],"tags":[],"class_list":["post-4009","post","type-post","status-publish","format-standard","has-post-thumbnail","hentry","category-actividades","category-home","category-novedades"],"yoast_head":"<!-- This site is optimized with the Yoast SEO plugin v26.8 - https:\/\/yoast.com\/product\/yoast-seo-wordpress\/ -->\n<title>GPS Uruguay y el Ministerio de Ambiente concluyeron un ciclo de eventos para la elaboraci\u00f3n de una estrategia ambiental nacional - GPS<\/title>\n<meta name=\"description\" content=\"GPS Uruguay y el Ministerio de Ambiente lanzaron un ciclo de eventos para la elaboraci\u00f3n de una estrategia ambiental nacional\" \/>\n<meta name=\"robots\" content=\"index, follow, max-snippet:-1, max-image-preview:large, max-video-preview:-1\" \/>\n<link rel=\"canonical\" href=\"https:\/\/grupogpps.org\/pt\/gps-uruguay-y-el-ministerio-de-ambiente-lanzaron-un-ciclo-de-eventos-para-la-elaboracion-de-una-estrategia-ambiental-nacional\/\" \/>\n<meta property=\"og:locale\" content=\"pt_BR\" \/>\n<meta property=\"og:type\" content=\"article\" \/>\n<meta property=\"og:title\" content=\"GPS Uruguay y el Ministerio de Ambiente concluyeron un ciclo de eventos para la elaboraci\u00f3n de una estrategia ambiental nacional - GPS\" \/>\n<meta property=\"og:description\" content=\"GPS Uruguay y el Ministerio de Ambiente lanzaron un ciclo de eventos para la elaboraci\u00f3n de una estrategia ambiental nacional\" \/>\n<meta property=\"og:url\" content=\"https:\/\/grupogpps.org\/pt\/gps-uruguay-y-el-ministerio-de-ambiente-lanzaron-un-ciclo-de-eventos-para-la-elaboracion-de-una-estrategia-ambiental-nacional\/\" \/>\n<meta property=\"og:site_name\" content=\"GPS\" \/>\n<meta property=\"article:publisher\" content=\"https:\/\/www.linkedin.com\/company\/25037162\/\" \/>\n<meta property=\"article:published_time\" content=\"2022-11-08T15:40:50+00:00\" \/>\n<meta property=\"article:modified_time\" content=\"2022-11-18T19:24:21+00:00\" \/>\n<meta property=\"og:image\" content=\"https:\/\/grupogpps.org\/wp-content\/uploads\/2022\/10\/WhatsApp-Image-2022-10-18-at-4.13.15-PM-1.jpeg\" \/>\n\t<meta property=\"og:image:width\" content=\"2000\" \/>\n\t<meta property=\"og:image:height\" content=\"1126\" \/>\n\t<meta property=\"og:image:type\" content=\"image\/jpeg\" \/>\n<meta name=\"author\" content=\"GPS GPS\" \/>\n<meta name=\"twitter:card\" content=\"summary_large_image\" \/>\n<meta name=\"twitter:creator\" content=\"@GPSLatinAmerica\" \/>\n<meta name=\"twitter:site\" content=\"@GPSLatinAmerica\" \/>\n<meta name=\"twitter:label1\" content=\"Escrito por\" \/>\n\t<meta name=\"twitter:data1\" content=\"GPS GPS\" \/>\n\t<meta name=\"twitter:label2\" content=\"Est. tempo de leitura\" \/>\n\t<meta name=\"twitter:data2\" content=\"2 minutos\" \/>\n<script type=\"application\/ld+json\" class=\"yoast-schema-graph\">{\"@context\":\"https:\/\/schema.org\",\"@graph\":[{\"@type\":\"Article\",\"@id\":\"https:\/\/grupogpps.org\/gps-uruguay-y-el-ministerio-de-ambiente-lanzaron-un-ciclo-de-eventos-para-la-elaboracion-de-una-estrategia-ambiental-nacional\/#article\",\"isPartOf\":{\"@id\":\"https:\/\/grupogpps.org\/gps-uruguay-y-el-ministerio-de-ambiente-lanzaron-un-ciclo-de-eventos-para-la-elaboracion-de-una-estrategia-ambiental-nacional\/\"},\"author\":{\"name\":\"GPS GPS\",\"@id\":\"https:\/\/grupogpps.org\/#\/schema\/person\/faaafcd24616dff095821c72659ce41f\"},\"headline\":\"GPS Uruguay y el Ministerio de Ambiente concluyeron un ciclo de eventos para la elaboraci\u00f3n de una estrategia ambiental nacional\",\"datePublished\":\"2022-11-08T15:40:50+00:00\",\"dateModified\":\"2022-11-18T19:24:21+00:00\",\"mainEntityOfPage\":{\"@id\":\"https:\/\/grupogpps.org\/gps-uruguay-y-el-ministerio-de-ambiente-lanzaron-un-ciclo-de-eventos-para-la-elaboracion-de-una-estrategia-ambiental-nacional\/\"},\"wordCount\":189,\"publisher\":{\"@id\":\"https:\/\/grupogpps.org\/#organization\"},\"image\":{\"@id\":\"https:\/\/grupogpps.org\/gps-uruguay-y-el-ministerio-de-ambiente-lanzaron-un-ciclo-de-eventos-para-la-elaboracion-de-una-estrategia-ambiental-nacional\/#primaryimage\"},\"thumbnailUrl\":\"https:\/\/grupogpps.org\/wp-content\/uploads\/2022\/10\/WhatsApp-Image-2022-10-18-at-4.13.15-PM-1.jpeg\",\"articleSection\":[\"Actividades\",\"Home\",\"Novedades\"],\"inLanguage\":\"pt-BR\"},{\"@type\":\"WebPage\",\"@id\":\"https:\/\/grupogpps.org\/gps-uruguay-y-el-ministerio-de-ambiente-lanzaron-un-ciclo-de-eventos-para-la-elaboracion-de-una-estrategia-ambiental-nacional\/\",\"url\":\"https:\/\/grupogpps.org\/gps-uruguay-y-el-ministerio-de-ambiente-lanzaron-un-ciclo-de-eventos-para-la-elaboracion-de-una-estrategia-ambiental-nacional\/\",\"name\":\"GPS Uruguay y el Ministerio de Ambiente concluyeron un ciclo de eventos para la elaboraci\u00f3n de una estrategia ambiental nacional - GPS\",\"isPartOf\":{\"@id\":\"https:\/\/grupogpps.org\/#website\"},\"primaryImageOfPage\":{\"@id\":\"https:\/\/grupogpps.org\/gps-uruguay-y-el-ministerio-de-ambiente-lanzaron-un-ciclo-de-eventos-para-la-elaboracion-de-una-estrategia-ambiental-nacional\/#primaryimage\"},\"image\":{\"@id\":\"https:\/\/grupogpps.org\/gps-uruguay-y-el-ministerio-de-ambiente-lanzaron-un-ciclo-de-eventos-para-la-elaboracion-de-una-estrategia-ambiental-nacional\/#primaryimage\"},\"thumbnailUrl\":\"https:\/\/grupogpps.org\/wp-content\/uploads\/2022\/10\/WhatsApp-Image-2022-10-18-at-4.13.15-PM-1.jpeg\",\"datePublished\":\"2022-11-08T15:40:50+00:00\",\"dateModified\":\"2022-11-18T19:24:21+00:00\",\"description\":\"GPS Uruguay y el Ministerio de Ambiente lanzaron un ciclo de eventos para la elaboraci\u00f3n de una estrategia ambiental nacional\",\"breadcrumb\":{\"@id\":\"https:\/\/grupogpps.org\/gps-uruguay-y-el-ministerio-de-ambiente-lanzaron-un-ciclo-de-eventos-para-la-elaboracion-de-una-estrategia-ambiental-nacional\/#breadcrumb\"},\"inLanguage\":\"pt-BR\",\"potentialAction\":[{\"@type\":\"ReadAction\",\"target\":[\"https:\/\/grupogpps.org\/gps-uruguay-y-el-ministerio-de-ambiente-lanzaron-un-ciclo-de-eventos-para-la-elaboracion-de-una-estrategia-ambiental-nacional\/\"]}]},{\"@type\":\"ImageObject\",\"inLanguage\":\"pt-BR\",\"@id\":\"https:\/\/grupogpps.org\/gps-uruguay-y-el-ministerio-de-ambiente-lanzaron-un-ciclo-de-eventos-para-la-elaboracion-de-una-estrategia-ambiental-nacional\/#primaryimage\",\"url\":\"https:\/\/grupogpps.org\/wp-content\/uploads\/2022\/10\/WhatsApp-Image-2022-10-18-at-4.13.15-PM-1.jpeg\",\"contentUrl\":\"https:\/\/grupogpps.org\/wp-content\/uploads\/2022\/10\/WhatsApp-Image-2022-10-18-at-4.13.15-PM-1.jpeg\",\"width\":2000,\"height\":1126},{\"@type\":\"BreadcrumbList\",\"@id\":\"https:\/\/grupogpps.org\/gps-uruguay-y-el-ministerio-de-ambiente-lanzaron-un-ciclo-de-eventos-para-la-elaboracion-de-una-estrategia-ambiental-nacional\/#breadcrumb\",\"itemListElement\":[{\"@type\":\"ListItem\",\"position\":1,\"name\":\"Inicio\",\"item\":\"https:\/\/grupogpps.org\/\"},{\"@type\":\"ListItem\",\"position\":2,\"name\":\"GPS Uruguay y el Ministerio de Ambiente concluyeron un ciclo de eventos para la elaboraci\u00f3n de una estrategia ambiental nacional\"}]},{\"@type\":\"WebSite\",\"@id\":\"https:\/\/grupogpps.org\/#website\",\"url\":\"https:\/\/grupogpps.org\/\",\"name\":\"GPS\",\"description\":\"Grupo de pa\u00edses productores del sur\",\"publisher\":{\"@id\":\"https:\/\/grupogpps.org\/#organization\"},\"potentialAction\":[{\"@type\":\"SearchAction\",\"target\":{\"@type\":\"EntryPoint\",\"urlTemplate\":\"https:\/\/grupogpps.org\/?s={search_term_string}\"},\"query-input\":{\"@type\":\"PropertyValueSpecification\",\"valueRequired\":true,\"valueName\":\"search_term_string\"}}],\"inLanguage\":\"pt-BR\"},{\"@type\":\"Organization\",\"@id\":\"https:\/\/grupogpps.org\/#organization\",\"name\":\"GPS - Grupo de pa\u00edses productores del sur\",\"url\":\"https:\/\/grupogpps.org\/\",\"logo\":{\"@type\":\"ImageObject\",\"inLanguage\":\"pt-BR\",\"@id\":\"https:\/\/grupogpps.org\/#\/schema\/logo\/image\/\",\"url\":\"http:\/\/grupogpps.org\/wp-content\/uploads\/2021\/06\/logoGPS3.svg\",\"contentUrl\":\"http:\/\/grupogpps.org\/wp-content\/uploads\/2021\/06\/logoGPS3.svg\",\"width\":1,\"height\":1,\"caption\":\"GPS - Grupo de pa\u00edses productores del sur\"},\"image\":{\"@id\":\"https:\/\/grupogpps.org\/#\/schema\/logo\/image\/\"},\"sameAs\":[\"https:\/\/www.linkedin.com\/company\/25037162\/\",\"https:\/\/x.com\/GPSLatinAmerica\",\"https:\/\/www.instagram.com\/gpslatin\/\",\"https:\/\/www.youtube.com\/channel\/UCM2Qf0jSqNRJRkqmU8dO9QA\/videos\"]},{\"@type\":\"Person\",\"@id\":\"https:\/\/grupogpps.org\/#\/schema\/person\/faaafcd24616dff095821c72659ce41f\",\"name\":\"GPS GPS\",\"url\":\"https:\/\/grupogpps.org\/pt\/author\/gps\/\"}]}<\/script>\n<!-- \/ Yoast SEO plugin. -->","yoast_head_json":{"title":"GPS Uruguay y el Ministerio de Ambiente concluyeron un ciclo de eventos para la elaboraci\u00f3n de una estrategia ambiental nacional - GPS","description":"GPS Uruguay y el Ministerio de Ambiente lanzaron un ciclo de eventos para la elaboraci\u00f3n de una estrategia ambiental nacional","robots":{"index":"index","follow":"follow","max-snippet":"max-snippet:-1","max-image-preview":"max-image-preview:large","max-video-preview":"max-video-preview:-1"},"canonical":"https:\/\/grupogpps.org\/pt\/gps-uruguay-y-el-ministerio-de-ambiente-lanzaron-un-ciclo-de-eventos-para-la-elaboracion-de-una-estrategia-ambiental-nacional\/","og_locale":"pt_BR","og_type":"article","og_title":"GPS Uruguay y el Ministerio de Ambiente concluyeron un ciclo de eventos para la elaboraci\u00f3n de una estrategia ambiental nacional - GPS","og_description":"GPS Uruguay y el Ministerio de Ambiente lanzaron un ciclo de eventos para la elaboraci\u00f3n de una estrategia ambiental nacional","og_url":"https:\/\/grupogpps.org\/pt\/gps-uruguay-y-el-ministerio-de-ambiente-lanzaron-un-ciclo-de-eventos-para-la-elaboracion-de-una-estrategia-ambiental-nacional\/","og_site_name":"GPS","article_publisher":"https:\/\/www.linkedin.com\/company\/25037162\/","article_published_time":"2022-11-08T15:40:50+00:00","article_modified_time":"2022-11-18T19:24:21+00:00","og_image":[{"width":2000,"height":1126,"url":"https:\/\/grupogpps.org\/wp-content\/uploads\/2022\/10\/WhatsApp-Image-2022-10-18-at-4.13.15-PM-1.jpeg","type":"image\/jpeg"}],"author":"GPS GPS","twitter_card":"summary_large_image","twitter_creator":"@GPSLatinAmerica","twitter_site":"@GPSLatinAmerica","twitter_misc":{"Escrito por":"GPS GPS","Est. tempo de leitura":"2 minutos"},"schema":{"@context":"https:\/\/schema.org","@graph":[{"@type":"Article","@id":"https:\/\/grupogpps.org\/gps-uruguay-y-el-ministerio-de-ambiente-lanzaron-un-ciclo-de-eventos-para-la-elaboracion-de-una-estrategia-ambiental-nacional\/#article","isPartOf":{"@id":"https:\/\/grupogpps.org\/gps-uruguay-y-el-ministerio-de-ambiente-lanzaron-un-ciclo-de-eventos-para-la-elaboracion-de-una-estrategia-ambiental-nacional\/"},"author":{"name":"GPS GPS","@id":"https:\/\/grupogpps.org\/#\/schema\/person\/faaafcd24616dff095821c72659ce41f"},"headline":"GPS Uruguay y el Ministerio de Ambiente concluyeron un ciclo de eventos para la elaboraci\u00f3n de una estrategia ambiental nacional","datePublished":"2022-11-08T15:40:50+00:00","dateModified":"2022-11-18T19:24:21+00:00","mainEntityOfPage":{"@id":"https:\/\/grupogpps.org\/gps-uruguay-y-el-ministerio-de-ambiente-lanzaron-un-ciclo-de-eventos-para-la-elaboracion-de-una-estrategia-ambiental-nacional\/"},"wordCount":189,"publisher":{"@id":"https:\/\/grupogpps.org\/#organization"},"image":{"@id":"https:\/\/grupogpps.org\/gps-uruguay-y-el-ministerio-de-ambiente-lanzaron-un-ciclo-de-eventos-para-la-elaboracion-de-una-estrategia-ambiental-nacional\/#primaryimage"},"thumbnailUrl":"https:\/\/grupogpps.org\/wp-content\/uploads\/2022\/10\/WhatsApp-Image-2022-10-18-at-4.13.15-PM-1.jpeg","articleSection":["Actividades","Home","Novedades"],"inLanguage":"pt-BR"},{"@type":"WebPage","@id":"https:\/\/grupogpps.org\/gps-uruguay-y-el-ministerio-de-ambiente-lanzaron-un-ciclo-de-eventos-para-la-elaboracion-de-una-estrategia-ambiental-nacional\/","url":"https:\/\/grupogpps.org\/gps-uruguay-y-el-ministerio-de-ambiente-lanzaron-un-ciclo-de-eventos-para-la-elaboracion-de-una-estrategia-ambiental-nacional\/","name":"GPS Uruguay y el Ministerio de Ambiente concluyeron un ciclo de eventos para la elaboraci\u00f3n de una estrategia ambiental nacional - GPS","isPartOf":{"@id":"https:\/\/grupogpps.org\/#website"},"primaryImageOfPage":{"@id":"https:\/\/grupogpps.org\/gps-uruguay-y-el-ministerio-de-ambiente-lanzaron-un-ciclo-de-eventos-para-la-elaboracion-de-una-estrategia-ambiental-nacional\/#primaryimage"},"image":{"@id":"https:\/\/grupogpps.org\/gps-uruguay-y-el-ministerio-de-ambiente-lanzaron-un-ciclo-de-eventos-para-la-elaboracion-de-una-estrategia-ambiental-nacional\/#primaryimage"},"thumbnailUrl":"https:\/\/grupogpps.org\/wp-content\/uploads\/2022\/10\/WhatsApp-Image-2022-10-18-at-4.13.15-PM-1.jpeg","datePublished":"2022-11-08T15:40:50+00:00","dateModified":"2022-11-18T19:24:21+00:00","description":"GPS Uruguay y el Ministerio de Ambiente lanzaron un ciclo de eventos para la elaboraci\u00f3n de una estrategia ambiental nacional","breadcrumb":{"@id":"https:\/\/grupogpps.org\/gps-uruguay-y-el-ministerio-de-ambiente-lanzaron-un-ciclo-de-eventos-para-la-elaboracion-de-una-estrategia-ambiental-nacional\/#breadcrumb"},"inLanguage":"pt-BR","potentialAction":[{"@type":"ReadAction","target":["https:\/\/grupogpps.org\/gps-uruguay-y-el-ministerio-de-ambiente-lanzaron-un-ciclo-de-eventos-para-la-elaboracion-de-una-estrategia-ambiental-nacional\/"]}]},{"@type":"ImageObject","inLanguage":"pt-BR","@id":"https:\/\/grupogpps.org\/gps-uruguay-y-el-ministerio-de-ambiente-lanzaron-un-ciclo-de-eventos-para-la-elaboracion-de-una-estrategia-ambiental-nacional\/#primaryimage","url":"https:\/\/grupogpps.org\/wp-content\/uploads\/2022\/10\/WhatsApp-Image-2022-10-18-at-4.13.15-PM-1.jpeg","contentUrl":"https:\/\/grupogpps.org\/wp-content\/uploads\/2022\/10\/WhatsApp-Image-2022-10-18-at-4.13.15-PM-1.jpeg","width":2000,"height":1126},{"@type":"BreadcrumbList","@id":"https:\/\/grupogpps.org\/gps-uruguay-y-el-ministerio-de-ambiente-lanzaron-un-ciclo-de-eventos-para-la-elaboracion-de-una-estrategia-ambiental-nacional\/#breadcrumb","itemListElement":[{"@type":"ListItem","position":1,"name":"Inicio","item":"https:\/\/grupogpps.org\/"},{"@type":"ListItem","position":2,"name":"GPS Uruguay y el Ministerio de Ambiente concluyeron un ciclo de eventos para la elaboraci\u00f3n de una estrategia ambiental nacional"}]},{"@type":"WebSite","@id":"https:\/\/grupogpps.org\/#website","url":"https:\/\/grupogpps.org\/","name":"GPS","description":"Grupo de pa\u00edses productores del sur","publisher":{"@id":"https:\/\/grupogpps.org\/#organization"},"potentialAction":[{"@type":"SearchAction","target":{"@type":"EntryPoint","urlTemplate":"https:\/\/grupogpps.org\/?s={search_term_string}"},"query-input":{"@type":"PropertyValueSpecification","valueRequired":true,"valueName":"search_term_string"}}],"inLanguage":"pt-BR"},{"@type":"Organization","@id":"https:\/\/grupogpps.org\/#organization","name":"GPS - Grupo de pa\u00edses productores del sur","url":"https:\/\/grupogpps.org\/","logo":{"@type":"ImageObject","inLanguage":"pt-BR","@id":"https:\/\/grupogpps.org\/#\/schema\/logo\/image\/","url":"http:\/\/grupogpps.org\/wp-content\/uploads\/2021\/06\/logoGPS3.svg","contentUrl":"http:\/\/grupogpps.org\/wp-content\/uploads\/2021\/06\/logoGPS3.svg","width":1,"height":1,"caption":"GPS - Grupo de pa\u00edses productores del sur"},"image":{"@id":"https:\/\/grupogpps.org\/#\/schema\/logo\/image\/"},"sameAs":["https:\/\/www.linkedin.com\/company\/25037162\/","https:\/\/x.com\/GPSLatinAmerica","https:\/\/www.instagram.com\/gpslatin\/","https:\/\/www.youtube.com\/channel\/UCM2Qf0jSqNRJRkqmU8dO9QA\/videos"]},{"@type":"Person","@id":"https:\/\/grupogpps.org\/#\/schema\/person\/faaafcd24616dff095821c72659ce41f","name":"GPS GPS","url":"https:\/\/grupogpps.org\/pt\/author\/gps\/"}]}},"_links":{"self":[{"href":"https:\/\/grupogpps.org\/pt\/wp-json\/wp\/v2\/posts\/4009","targetHints":{"allow":["GET"]}}],"collection":[{"href":"https:\/\/grupogpps.org\/pt\/wp-json\/wp\/v2\/posts"}],"about":[{"href":"https:\/\/grupogpps.org\/pt\/wp-json\/wp\/v2\/types\/post"}],"author":[{"embeddable":true,"href":"https:\/\/grupogpps.org\/pt\/wp-json\/wp\/v2\/users\/2"}],"replies":[{"embeddable":true,"href":"https:\/\/grupogpps.org\/pt\/wp-json\/wp\/v2\/comments?post=4009"}],"version-history":[{"count":4,"href":"https:\/\/grupogpps.org\/pt\/wp-json\/wp\/v2\/posts\/4009\/revisions"}],"predecessor-version":[{"id":4044,"href":"https:\/\/grupogpps.org\/pt\/wp-json\/wp\/v2\/posts\/4009\/revisions\/4044"}],"wp:featuredmedia":[{"embeddable":true,"href":"https:\/\/grupogpps.org\/pt\/wp-json\/wp\/v2\/media\/4013"}],"wp:attachment":[{"href":"https:\/\/grupogpps.org\/pt\/wp-json\/wp\/v2\/media?parent=4009"}],"wp:term":[{"taxonomy":"category","embeddable":true,"href":"https:\/\/grupogpps.org\/pt\/wp-json\/wp\/v2\/categories?post=4009"},{"taxonomy":"post_tag","embeddable":true,"href":"https:\/\/grupogpps.org\/pt\/wp-json\/wp\/v2\/tags?post=4009"}],"curies":[{"name":"wp","href":"https:\/\/api.w.org\/{rel}","templated":true}]}}