{"id":3997,"date":"2022-09-21T19:29:07","date_gmt":"2022-09-21T22:29:07","guid":{"rendered":"http:\/\/grupogpps.org\/?p=3997"},"modified":"2022-09-21T19:29:10","modified_gmt":"2022-09-21T22:29:10","slug":"gps-argentina-participo-de-una-reunion-en-la-camara-de-diputados-para-analizar-la-situacion-economica-mundial-y-las-dinamicas-comerciales","status":"publish","type":"post","link":"https:\/\/grupogpps.org\/pt\/gps-argentina-participo-de-una-reunion-en-la-camara-de-diputados-para-analizar-la-situacion-economica-mundial-y-las-dinamicas-comerciales\/","title":{"rendered":"GPS Argentina particip\u00f3 de una reuni\u00f3n en la C\u00e1mara de Diputados para analizar la situaci\u00f3n econ\u00f3mica mundial y las din\u00e1micas comerciales"},"content":{"rendered":"<p>21 de septiembre de 2022<\/p>\n\n\n<h4>UN PLENARIO DE LAS COMISIONES DE ECONOM\u00cdA; Y AGRICULTURA Y GANADER\u00cdA RECIBI\u00d3 A REPRESENTANTES DEL GRUPO DE PA\u00cdSES PRODUCTORES DEL SUR, DE LA BOLSA DE COMERCIO DE ROSARIO Y DE LA BOLSA DE CEREALES DE BUENOS AIRES.<\/h4>\n<p>En el marco de la reuni\u00f3n informativa, el diputado Pablo Cervi (Evoluci\u00f3n radical), presidente de la Comisi\u00f3n de Econom\u00eda, se\u00f1al\u00f3: \u201cCreo que Argentina tiene una gran oportunidad y es importante mirar un poco hacia adelante. Tenemos que ver hacia d\u00f3nde va el mundo y c\u00f3mo podemos insertarnos, como pa\u00eds, en \u00e9l\u201d.<\/p>\n<p>Desde el Frente de Todos, el vicepresidente primero de la Comisi\u00f3n de Agricultura y Ganader\u00eda, diputado Carlos Ponce, expres\u00f3: \u201cEstamos en un camino correcto, pero tenemos que seguir sancionando leyes que beneficien al campo y a todo el pa\u00eds\u201d.<\/p>\n<p>Eduardo Serantes, Coordinador General de GPS, explic\u00f3 que \u201cel grupo Productores del Sur es un centro de pensamiento entre el sector privado y el sector agroindustrial de Argentina, Brasil, Paraguay y Uruguay, que busca demostrar que tenemos un sistema m\u00e1s sustentable que otros competidores\u201d.<\/p>\n<p>Por su parte, desde el Consejo Argentino para las Relaciones Internacionales (CARI), Mart\u00edn Pi\u00f1eiro enfatiz\u00f3 en \u201cla necesidad de repensar nuestra inserci\u00f3n internacional frente al nuevo contexto internacional que estamos enfrentando\u201d. \u00a0\u00a0Durante su exposici\u00f3n, adem\u00e1s, se refiri\u00f3 a la situaci\u00f3n de la agricultura y la inserci\u00f3n de Argentina a nivel mundial, y en ese sentido, indic\u00f3 que, luego de varios sucesos internacionales, tales como la guerra Rusia-Ucrania, \u201cla geopol\u00edtica comienza a estar entrelazada con el comercio\u201d.<\/p>\n<p>\u201cLa crisis puso en evidencia la importancia estrat\u00e9gica de los alimentos y la energ\u00eda a nivel mundial\u201d, asegur\u00f3, al tiempo que remarc\u00f3: \u201cMantener el multilateralismo en el sector de alimentos es un elemento de particular importancia\u201d.<\/p>\n<p>Desde la Bolsa de Comercio de Rosario, Guido D\u00b4Angelo se refiri\u00f3 a las consecuencias de la pandemia del Covid-19 a nivel mundial y al conflicto Rusia-Ucrania, al se\u00f1alar que \u201cmostraron un esquema donde los precios internacionales de los alimentos y la energ\u00eda empiezan a subir en un contexto donde las cadenas globales de valor siguen tensionadas\u201d.<\/p>\n<p>En la misma sinton\u00eda, su par Emilce Terre agreg\u00f3: \u201cAumentaron dos insumos claves para la producci\u00f3n de la gran mayor\u00eda del mundo que consume el mundo, y tambi\u00e9n, para el agro: los fertilizantes y el gasoil\u201d.<\/p>\n<p>Por \u00faltimo, Agust\u00edn Tejeda Rodr\u00edguez, economista jefe de la Bolsa de Cereales de Buenos Aires, mencion\u00f3 la \u201cnecesidad de buscar soluciones a la crisis energ\u00e9tica y alimentaria a nivel mundial\u201d, y en esa l\u00ednea, destac\u00f3 que \u201cla Ley de bio y nanotecnolog\u00eda, sancionada en el Congreso Nacional, ha dado grandes soluciones a la agricultura argentina\u201d.<\/p>\n<p>\u201cNecesitamos una pol\u00edtica distinta, sobre todo, en lo que respecta a la inserci\u00f3n y negociaci\u00f3n internacional. Se trata de una pol\u00edtica inteligente que pueda sortear las tensiones y los nuevos escenarios pol\u00edticos mundiales para poder maximizar las relaciones comerciales con el mundo\u201d, concluy\u00f3.\u00a0<\/p>\n<p>Fuente:\u00a0<a href=\"https:\/\/www.hcdn.gob.ar\/prensa\/noticias\/2022\/noticias_1918.html\">Honorable C\u00e1mara de Diputados de la Naci\u00f3n<\/a><\/p>\n<p>\u00a0<\/p>\n\n\n<div style=\"height:20px\" aria-hidden=\"true\" class=\"wp-block-spacer\"><\/div>\n\n\n\n<figure class=\"wp-block-embed aligncenter is-type-video is-provider-youtube wp-block-embed-youtube wp-embed-aspect-16-9 wp-has-aspect-ratio\"><div class=\"wp-block-embed__wrapper\">\n<iframe loading=\"lazy\" title=\"COMISI\u00d3N COMPLETA: 21 de septiembre de 2022 - REUNI\u00d3N CONJUNTA - Diputados Argentina\" width=\"800\" height=\"450\" src=\"https:\/\/www.youtube.com\/embed\/kcwE1BllqjA?feature=oembed\" frameborder=\"0\" allow=\"accelerometer; autoplay; clipboard-write; encrypted-media; gyroscope; picture-in-picture\" allowfullscreen><\/iframe>\n<\/div><\/figure>","protected":false},"excerpt":{"rendered":"<p>21 de septiembre de 2022 UN PLENARIO DE LAS COMISIONES DE ECONOM\u00cdA; Y AGRICULTURA Y GANADER\u00cdA RECIBI\u00d3 A REPRESENTANTES DEL GRUPO DE PA\u00cdSES PRODUCTORES DEL SUR, DE LA BOLSA DE COMERCIO DE ROSARIO Y DE LA BOLSA DE CEREALES DE BUENOS AIRES. En el marco de la reuni\u00f3n informativa, el diputado Pablo Cervi (Evoluci\u00f3n radical), [&hellip;]<\/p>","protected":false},"author":2,"featured_media":3998,"comment_status":"closed","ping_status":"closed","sticky":false,"template":"","format":"standard","meta":{"footnotes":""},"categories":[19,25,23],"tags":[],"class_list":["post-3997","post","type-post","status-publish","format-standard","has-post-thumbnail","hentry","category-actividades","category-home","category-novedades"],"yoast_head":"<!-- This site is optimized with the Yoast SEO plugin v26.8 - https:\/\/yoast.com\/product\/yoast-seo-wordpress\/ -->\n<title>GPS Argentina particip\u00f3 de una reuni\u00f3n en la C\u00e1mara de Diputados para analizar la situaci\u00f3n econ\u00f3mica mundial y las din\u00e1micas comerciales - GPS<\/title>\n<meta name=\"robots\" content=\"index, follow, max-snippet:-1, max-image-preview:large, max-video-preview:-1\" \/>\n<link rel=\"canonical\" href=\"https:\/\/grupogpps.org\/pt\/gps-argentina-participo-de-una-reunion-en-la-camara-de-diputados-para-analizar-la-situacion-economica-mundial-y-las-dinamicas-comerciales\/\" \/>\n<meta property=\"og:locale\" content=\"pt_BR\" \/>\n<meta property=\"og:type\" content=\"article\" \/>\n<meta property=\"og:title\" content=\"GPS Argentina particip\u00f3 de una reuni\u00f3n en la C\u00e1mara de Diputados para analizar la situaci\u00f3n econ\u00f3mica mundial y las din\u00e1micas comerciales - GPS\" \/>\n<meta property=\"og:description\" content=\"21 de septiembre de 2022 UN PLENARIO DE LAS COMISIONES DE ECONOM\u00cdA; Y AGRICULTURA Y GANADER\u00cdA RECIBI\u00d3 A REPRESENTANTES DEL GRUPO DE PA\u00cdSES PRODUCTORES DEL SUR, DE LA BOLSA DE COMERCIO DE ROSARIO Y DE LA BOLSA DE CEREALES DE BUENOS AIRES. En el marco de la reuni\u00f3n informativa, el diputado Pablo Cervi (Evoluci\u00f3n radical), [&hellip;]\" \/>\n<meta property=\"og:url\" content=\"https:\/\/grupogpps.org\/pt\/gps-argentina-participo-de-una-reunion-en-la-camara-de-diputados-para-analizar-la-situacion-economica-mundial-y-las-dinamicas-comerciales\/\" \/>\n<meta property=\"og:site_name\" content=\"GPS\" \/>\n<meta property=\"article:publisher\" content=\"https:\/\/www.linkedin.com\/company\/25037162\/\" \/>\n<meta property=\"article:published_time\" content=\"2022-09-21T22:29:07+00:00\" \/>\n<meta property=\"article:modified_time\" content=\"2022-09-21T22:29:10+00:00\" \/>\n<meta property=\"og:image\" content=\"https:\/\/grupogpps.org\/wp-content\/uploads\/2022\/09\/Captura-de-Pantalla-2022-09-21-a-las-19.27.50.png\" \/>\n\t<meta property=\"og:image:width\" content=\"1082\" \/>\n\t<meta property=\"og:image:height\" content=\"858\" \/>\n\t<meta property=\"og:image:type\" content=\"image\/png\" \/>\n<meta name=\"author\" content=\"GPS GPS\" \/>\n<meta name=\"twitter:card\" content=\"summary_large_image\" \/>\n<meta name=\"twitter:creator\" content=\"@GPSLatinAmerica\" \/>\n<meta name=\"twitter:site\" content=\"@GPSLatinAmerica\" \/>\n<meta name=\"twitter:label1\" content=\"Escrito por\" \/>\n\t<meta name=\"twitter:data1\" content=\"GPS GPS\" \/>\n\t<meta name=\"twitter:label2\" content=\"Est. tempo de leitura\" \/>\n\t<meta name=\"twitter:data2\" content=\"3 minutos\" \/>\n<script type=\"application\/ld+json\" class=\"yoast-schema-graph\">{\"@context\":\"https:\/\/schema.org\",\"@graph\":[{\"@type\":\"Article\",\"@id\":\"https:\/\/grupogpps.org\/gps-argentina-participo-de-una-reunion-en-la-camara-de-diputados-para-analizar-la-situacion-economica-mundial-y-las-dinamicas-comerciales\/#article\",\"isPartOf\":{\"@id\":\"https:\/\/grupogpps.org\/gps-argentina-participo-de-una-reunion-en-la-camara-de-diputados-para-analizar-la-situacion-economica-mundial-y-las-dinamicas-comerciales\/\"},\"author\":{\"name\":\"GPS GPS\",\"@id\":\"https:\/\/grupogpps.org\/#\/schema\/person\/faaafcd24616dff095821c72659ce41f\"},\"headline\":\"GPS Argentina particip\u00f3 de una reuni\u00f3n en la C\u00e1mara de Diputados para analizar la situaci\u00f3n econ\u00f3mica mundial y las din\u00e1micas comerciales\",\"datePublished\":\"2022-09-21T22:29:07+00:00\",\"dateModified\":\"2022-09-21T22:29:10+00:00\",\"mainEntityOfPage\":{\"@id\":\"https:\/\/grupogpps.org\/gps-argentina-participo-de-una-reunion-en-la-camara-de-diputados-para-analizar-la-situacion-economica-mundial-y-las-dinamicas-comerciales\/\"},\"wordCount\":559,\"publisher\":{\"@id\":\"https:\/\/grupogpps.org\/#organization\"},\"image\":{\"@id\":\"https:\/\/grupogpps.org\/gps-argentina-participo-de-una-reunion-en-la-camara-de-diputados-para-analizar-la-situacion-economica-mundial-y-las-dinamicas-comerciales\/#primaryimage\"},\"thumbnailUrl\":\"https:\/\/grupogpps.org\/wp-content\/uploads\/2022\/09\/Captura-de-Pantalla-2022-09-21-a-las-19.27.50.png\",\"articleSection\":[\"Actividades\",\"Home\",\"Novedades\"],\"inLanguage\":\"pt-BR\"},{\"@type\":\"WebPage\",\"@id\":\"https:\/\/grupogpps.org\/gps-argentina-participo-de-una-reunion-en-la-camara-de-diputados-para-analizar-la-situacion-economica-mundial-y-las-dinamicas-comerciales\/\",\"url\":\"https:\/\/grupogpps.org\/gps-argentina-participo-de-una-reunion-en-la-camara-de-diputados-para-analizar-la-situacion-economica-mundial-y-las-dinamicas-comerciales\/\",\"name\":\"GPS Argentina particip\u00f3 de una reuni\u00f3n en la C\u00e1mara de Diputados para analizar la situaci\u00f3n econ\u00f3mica mundial y las din\u00e1micas comerciales - GPS\",\"isPartOf\":{\"@id\":\"https:\/\/grupogpps.org\/#website\"},\"primaryImageOfPage\":{\"@id\":\"https:\/\/grupogpps.org\/gps-argentina-participo-de-una-reunion-en-la-camara-de-diputados-para-analizar-la-situacion-economica-mundial-y-las-dinamicas-comerciales\/#primaryimage\"},\"image\":{\"@id\":\"https:\/\/grupogpps.org\/gps-argentina-participo-de-una-reunion-en-la-camara-de-diputados-para-analizar-la-situacion-economica-mundial-y-las-dinamicas-comerciales\/#primaryimage\"},\"thumbnailUrl\":\"https:\/\/grupogpps.org\/wp-content\/uploads\/2022\/09\/Captura-de-Pantalla-2022-09-21-a-las-19.27.50.png\",\"datePublished\":\"2022-09-21T22:29:07+00:00\",\"dateModified\":\"2022-09-21T22:29:10+00:00\",\"breadcrumb\":{\"@id\":\"https:\/\/grupogpps.org\/gps-argentina-participo-de-una-reunion-en-la-camara-de-diputados-para-analizar-la-situacion-economica-mundial-y-las-dinamicas-comerciales\/#breadcrumb\"},\"inLanguage\":\"pt-BR\",\"potentialAction\":[{\"@type\":\"ReadAction\",\"target\":[\"https:\/\/grupogpps.org\/gps-argentina-participo-de-una-reunion-en-la-camara-de-diputados-para-analizar-la-situacion-economica-mundial-y-las-dinamicas-comerciales\/\"]}]},{\"@type\":\"ImageObject\",\"inLanguage\":\"pt-BR\",\"@id\":\"https:\/\/grupogpps.org\/gps-argentina-participo-de-una-reunion-en-la-camara-de-diputados-para-analizar-la-situacion-economica-mundial-y-las-dinamicas-comerciales\/#primaryimage\",\"url\":\"https:\/\/grupogpps.org\/wp-content\/uploads\/2022\/09\/Captura-de-Pantalla-2022-09-21-a-las-19.27.50.png\",\"contentUrl\":\"https:\/\/grupogpps.org\/wp-content\/uploads\/2022\/09\/Captura-de-Pantalla-2022-09-21-a-las-19.27.50.png\",\"width\":1082,\"height\":858},{\"@type\":\"BreadcrumbList\",\"@id\":\"https:\/\/grupogpps.org\/gps-argentina-participo-de-una-reunion-en-la-camara-de-diputados-para-analizar-la-situacion-economica-mundial-y-las-dinamicas-comerciales\/#breadcrumb\",\"itemListElement\":[{\"@type\":\"ListItem\",\"position\":1,\"name\":\"Inicio\",\"item\":\"https:\/\/grupogpps.org\/\"},{\"@type\":\"ListItem\",\"position\":2,\"name\":\"GPS Argentina particip\u00f3 de una reuni\u00f3n en la C\u00e1mara de Diputados para analizar la situaci\u00f3n econ\u00f3mica mundial y las din\u00e1micas comerciales\"}]},{\"@type\":\"WebSite\",\"@id\":\"https:\/\/grupogpps.org\/#website\",\"url\":\"https:\/\/grupogpps.org\/\",\"name\":\"GPS\",\"description\":\"Grupo de pa\u00edses productores del sur\",\"publisher\":{\"@id\":\"https:\/\/grupogpps.org\/#organization\"},\"potentialAction\":[{\"@type\":\"SearchAction\",\"target\":{\"@type\":\"EntryPoint\",\"urlTemplate\":\"https:\/\/grupogpps.org\/?s={search_term_string}\"},\"query-input\":{\"@type\":\"PropertyValueSpecification\",\"valueRequired\":true,\"valueName\":\"search_term_string\"}}],\"inLanguage\":\"pt-BR\"},{\"@type\":\"Organization\",\"@id\":\"https:\/\/grupogpps.org\/#organization\",\"name\":\"GPS - Grupo de pa\u00edses productores del sur\",\"url\":\"https:\/\/grupogpps.org\/\",\"logo\":{\"@type\":\"ImageObject\",\"inLanguage\":\"pt-BR\",\"@id\":\"https:\/\/grupogpps.org\/#\/schema\/logo\/image\/\",\"url\":\"http:\/\/grupogpps.org\/wp-content\/uploads\/2021\/06\/logoGPS3.svg\",\"contentUrl\":\"http:\/\/grupogpps.org\/wp-content\/uploads\/2021\/06\/logoGPS3.svg\",\"width\":1,\"height\":1,\"caption\":\"GPS - Grupo de pa\u00edses productores del sur\"},\"image\":{\"@id\":\"https:\/\/grupogpps.org\/#\/schema\/logo\/image\/\"},\"sameAs\":[\"https:\/\/www.linkedin.com\/company\/25037162\/\",\"https:\/\/x.com\/GPSLatinAmerica\",\"https:\/\/www.instagram.com\/gpslatin\/\",\"https:\/\/www.youtube.com\/channel\/UCM2Qf0jSqNRJRkqmU8dO9QA\/videos\"]},{\"@type\":\"Person\",\"@id\":\"https:\/\/grupogpps.org\/#\/schema\/person\/faaafcd24616dff095821c72659ce41f\",\"name\":\"GPS GPS\",\"url\":\"https:\/\/grupogpps.org\/pt\/author\/gps\/\"}]}<\/script>\n<!-- \/ Yoast SEO plugin. -->","yoast_head_json":{"title":"GPS Argentina particip\u00f3 de una reuni\u00f3n en la C\u00e1mara de Diputados para analizar la situaci\u00f3n econ\u00f3mica mundial y las din\u00e1micas comerciales - GPS","robots":{"index":"index","follow":"follow","max-snippet":"max-snippet:-1","max-image-preview":"max-image-preview:large","max-video-preview":"max-video-preview:-1"},"canonical":"https:\/\/grupogpps.org\/pt\/gps-argentina-participo-de-una-reunion-en-la-camara-de-diputados-para-analizar-la-situacion-economica-mundial-y-las-dinamicas-comerciales\/","og_locale":"pt_BR","og_type":"article","og_title":"GPS Argentina particip\u00f3 de una reuni\u00f3n en la C\u00e1mara de Diputados para analizar la situaci\u00f3n econ\u00f3mica mundial y las din\u00e1micas comerciales - GPS","og_description":"21 de septiembre de 2022 UN PLENARIO DE LAS COMISIONES DE ECONOM\u00cdA; Y AGRICULTURA Y GANADER\u00cdA RECIBI\u00d3 A REPRESENTANTES DEL GRUPO DE PA\u00cdSES PRODUCTORES DEL SUR, DE LA BOLSA DE COMERCIO DE ROSARIO Y DE LA BOLSA DE CEREALES DE BUENOS AIRES. En el marco de la reuni\u00f3n informativa, el diputado Pablo Cervi (Evoluci\u00f3n radical), [&hellip;]","og_url":"https:\/\/grupogpps.org\/pt\/gps-argentina-participo-de-una-reunion-en-la-camara-de-diputados-para-analizar-la-situacion-economica-mundial-y-las-dinamicas-comerciales\/","og_site_name":"GPS","article_publisher":"https:\/\/www.linkedin.com\/company\/25037162\/","article_published_time":"2022-09-21T22:29:07+00:00","article_modified_time":"2022-09-21T22:29:10+00:00","og_image":[{"width":1082,"height":858,"url":"https:\/\/grupogpps.org\/wp-content\/uploads\/2022\/09\/Captura-de-Pantalla-2022-09-21-a-las-19.27.50.png","type":"image\/png"}],"author":"GPS GPS","twitter_card":"summary_large_image","twitter_creator":"@GPSLatinAmerica","twitter_site":"@GPSLatinAmerica","twitter_misc":{"Escrito por":"GPS GPS","Est. tempo de leitura":"3 minutos"},"schema":{"@context":"https:\/\/schema.org","@graph":[{"@type":"Article","@id":"https:\/\/grupogpps.org\/gps-argentina-participo-de-una-reunion-en-la-camara-de-diputados-para-analizar-la-situacion-economica-mundial-y-las-dinamicas-comerciales\/#article","isPartOf":{"@id":"https:\/\/grupogpps.org\/gps-argentina-participo-de-una-reunion-en-la-camara-de-diputados-para-analizar-la-situacion-economica-mundial-y-las-dinamicas-comerciales\/"},"author":{"name":"GPS GPS","@id":"https:\/\/grupogpps.org\/#\/schema\/person\/faaafcd24616dff095821c72659ce41f"},"headline":"GPS Argentina particip\u00f3 de una reuni\u00f3n en la C\u00e1mara de Diputados para analizar la situaci\u00f3n econ\u00f3mica mundial y las din\u00e1micas comerciales","datePublished":"2022-09-21T22:29:07+00:00","dateModified":"2022-09-21T22:29:10+00:00","mainEntityOfPage":{"@id":"https:\/\/grupogpps.org\/gps-argentina-participo-de-una-reunion-en-la-camara-de-diputados-para-analizar-la-situacion-economica-mundial-y-las-dinamicas-comerciales\/"},"wordCount":559,"publisher":{"@id":"https:\/\/grupogpps.org\/#organization"},"image":{"@id":"https:\/\/grupogpps.org\/gps-argentina-participo-de-una-reunion-en-la-camara-de-diputados-para-analizar-la-situacion-economica-mundial-y-las-dinamicas-comerciales\/#primaryimage"},"thumbnailUrl":"https:\/\/grupogpps.org\/wp-content\/uploads\/2022\/09\/Captura-de-Pantalla-2022-09-21-a-las-19.27.50.png","articleSection":["Actividades","Home","Novedades"],"inLanguage":"pt-BR"},{"@type":"WebPage","@id":"https:\/\/grupogpps.org\/gps-argentina-participo-de-una-reunion-en-la-camara-de-diputados-para-analizar-la-situacion-economica-mundial-y-las-dinamicas-comerciales\/","url":"https:\/\/grupogpps.org\/gps-argentina-participo-de-una-reunion-en-la-camara-de-diputados-para-analizar-la-situacion-economica-mundial-y-las-dinamicas-comerciales\/","name":"GPS Argentina particip\u00f3 de una reuni\u00f3n en la C\u00e1mara de Diputados para analizar la situaci\u00f3n econ\u00f3mica mundial y las din\u00e1micas comerciales - GPS","isPartOf":{"@id":"https:\/\/grupogpps.org\/#website"},"primaryImageOfPage":{"@id":"https:\/\/grupogpps.org\/gps-argentina-participo-de-una-reunion-en-la-camara-de-diputados-para-analizar-la-situacion-economica-mundial-y-las-dinamicas-comerciales\/#primaryimage"},"image":{"@id":"https:\/\/grupogpps.org\/gps-argentina-participo-de-una-reunion-en-la-camara-de-diputados-para-analizar-la-situacion-economica-mundial-y-las-dinamicas-comerciales\/#primaryimage"},"thumbnailUrl":"https:\/\/grupogpps.org\/wp-content\/uploads\/2022\/09\/Captura-de-Pantalla-2022-09-21-a-las-19.27.50.png","datePublished":"2022-09-21T22:29:07+00:00","dateModified":"2022-09-21T22:29:10+00:00","breadcrumb":{"@id":"https:\/\/grupogpps.org\/gps-argentina-participo-de-una-reunion-en-la-camara-de-diputados-para-analizar-la-situacion-economica-mundial-y-las-dinamicas-comerciales\/#breadcrumb"},"inLanguage":"pt-BR","potentialAction":[{"@type":"ReadAction","target":["https:\/\/grupogpps.org\/gps-argentina-participo-de-una-reunion-en-la-camara-de-diputados-para-analizar-la-situacion-economica-mundial-y-las-dinamicas-comerciales\/"]}]},{"@type":"ImageObject","inLanguage":"pt-BR","@id":"https:\/\/grupogpps.org\/gps-argentina-participo-de-una-reunion-en-la-camara-de-diputados-para-analizar-la-situacion-economica-mundial-y-las-dinamicas-comerciales\/#primaryimage","url":"https:\/\/grupogpps.org\/wp-content\/uploads\/2022\/09\/Captura-de-Pantalla-2022-09-21-a-las-19.27.50.png","contentUrl":"https:\/\/grupogpps.org\/wp-content\/uploads\/2022\/09\/Captura-de-Pantalla-2022-09-21-a-las-19.27.50.png","width":1082,"height":858},{"@type":"BreadcrumbList","@id":"https:\/\/grupogpps.org\/gps-argentina-participo-de-una-reunion-en-la-camara-de-diputados-para-analizar-la-situacion-economica-mundial-y-las-dinamicas-comerciales\/#breadcrumb","itemListElement":[{"@type":"ListItem","position":1,"name":"Inicio","item":"https:\/\/grupogpps.org\/"},{"@type":"ListItem","position":2,"name":"GPS Argentina particip\u00f3 de una reuni\u00f3n en la C\u00e1mara de Diputados para analizar la situaci\u00f3n econ\u00f3mica mundial y las din\u00e1micas comerciales"}]},{"@type":"WebSite","@id":"https:\/\/grupogpps.org\/#website","url":"https:\/\/grupogpps.org\/","name":"GPS","description":"Grupo de pa\u00edses productores del sur","publisher":{"@id":"https:\/\/grupogpps.org\/#organization"},"potentialAction":[{"@type":"SearchAction","target":{"@type":"EntryPoint","urlTemplate":"https:\/\/grupogpps.org\/?s={search_term_string}"},"query-input":{"@type":"PropertyValueSpecification","valueRequired":true,"valueName":"search_term_string"}}],"inLanguage":"pt-BR"},{"@type":"Organization","@id":"https:\/\/grupogpps.org\/#organization","name":"GPS - Grupo de pa\u00edses productores del sur","url":"https:\/\/grupogpps.org\/","logo":{"@type":"ImageObject","inLanguage":"pt-BR","@id":"https:\/\/grupogpps.org\/#\/schema\/logo\/image\/","url":"http:\/\/grupogpps.org\/wp-content\/uploads\/2021\/06\/logoGPS3.svg","contentUrl":"http:\/\/grupogpps.org\/wp-content\/uploads\/2021\/06\/logoGPS3.svg","width":1,"height":1,"caption":"GPS - Grupo de pa\u00edses productores del sur"},"image":{"@id":"https:\/\/grupogpps.org\/#\/schema\/logo\/image\/"},"sameAs":["https:\/\/www.linkedin.com\/company\/25037162\/","https:\/\/x.com\/GPSLatinAmerica","https:\/\/www.instagram.com\/gpslatin\/","https:\/\/www.youtube.com\/channel\/UCM2Qf0jSqNRJRkqmU8dO9QA\/videos"]},{"@type":"Person","@id":"https:\/\/grupogpps.org\/#\/schema\/person\/faaafcd24616dff095821c72659ce41f","name":"GPS GPS","url":"https:\/\/grupogpps.org\/pt\/author\/gps\/"}]}},"_links":{"self":[{"href":"https:\/\/grupogpps.org\/pt\/wp-json\/wp\/v2\/posts\/3997","targetHints":{"allow":["GET"]}}],"collection":[{"href":"https:\/\/grupogpps.org\/pt\/wp-json\/wp\/v2\/posts"}],"about":[{"href":"https:\/\/grupogpps.org\/pt\/wp-json\/wp\/v2\/types\/post"}],"author":[{"embeddable":true,"href":"https:\/\/grupogpps.org\/pt\/wp-json\/wp\/v2\/users\/2"}],"replies":[{"embeddable":true,"href":"https:\/\/grupogpps.org\/pt\/wp-json\/wp\/v2\/comments?post=3997"}],"version-history":[{"count":1,"href":"https:\/\/grupogpps.org\/pt\/wp-json\/wp\/v2\/posts\/3997\/revisions"}],"predecessor-version":[{"id":3999,"href":"https:\/\/grupogpps.org\/pt\/wp-json\/wp\/v2\/posts\/3997\/revisions\/3999"}],"wp:featuredmedia":[{"embeddable":true,"href":"https:\/\/grupogpps.org\/pt\/wp-json\/wp\/v2\/media\/3998"}],"wp:attachment":[{"href":"https:\/\/grupogpps.org\/pt\/wp-json\/wp\/v2\/media?parent=3997"}],"wp:term":[{"taxonomy":"category","embeddable":true,"href":"https:\/\/grupogpps.org\/pt\/wp-json\/wp\/v2\/categories?post=3997"},{"taxonomy":"post_tag","embeddable":true,"href":"https:\/\/grupogpps.org\/pt\/wp-json\/wp\/v2\/tags?post=3997"}],"curies":[{"name":"wp","href":"https:\/\/api.w.org\/{rel}","templated":true}]}}