{"id":3768,"date":"2021-11-30T09:37:05","date_gmt":"2021-11-30T12:37:05","guid":{"rendered":"http:\/\/grupogpps.org\/?p=3768"},"modified":"2021-11-30T09:40:43","modified_gmt":"2021-11-30T12:40:43","slug":"analisis-de-la-estrategia-ambiental-de-la-ue-en-alimentos-con-implicancias-en-el-comercio-internacional","status":"publish","type":"post","link":"https:\/\/grupogpps.org\/pt\/analisis-de-la-estrategia-ambiental-de-la-ue-en-alimentos-con-implicancias-en-el-comercio-internacional\/","title":{"rendered":"An\u00e1lise da estrat\u00e9gia ambiental da UE em mat\u00e9ria de alimentos com implica\u00e7\u00f5es para o com\u00e9rcio internacional"},"content":{"rendered":"<p><strong>Sabine Papendieck, novembro de 2021<\/strong><\/p>\n\n\n\n<p>Este artigo examina e analisa os novos regulamentos da UE relativos ao impacto das altera\u00e7\u00f5es clim\u00e1ticas e da sustentabilidade, tendo em conta que eles restringem e condicionam o com\u00e9rcio internacional de produtos alimentares. Essas regulamenta\u00e7\u00f5es representam desafios significativos para nossos pa\u00edses como produtores e exportadores globais de alimentos.<\/p>\n\n\n\n<div style=\"height:30px\" aria-hidden=\"true\" class=\"wp-block-spacer\"><\/div>\n\n\n\n<div class=\"wp-block-buttons is-content-justification-center is-layout-flex wp-block-buttons-is-layout-flex\">\n<div class=\"wp-block-button\"><a class=\"wp-block-button__link\" href=\"http:\/\/grupogpps.org\/wp-content\/uploads\/2021\/11\/2111-UE-Papendieck-VF.pdf\" target=\"_blank\" rel=\"noreferrer noopener\">Baixar documento<\/a><\/div>\n<\/div>\n\n\n\n<p><\/p>","protected":false},"excerpt":{"rendered":"<p>Sabine Papendieck, Noviembre de 2021 Este trabajo examina y analiza las nuevas regulaciones de la UE respecto del impacto del cambio clim\u00e1tico y la sostenibilidad, teniendo en cuenta que las mismas restringen y condicionan el comercio internacional de productos alimentarios. Estas regulaciones suponen importantes desaf\u00edos para nuestros pa\u00edses como productores y exportadores globales de alimentos.<\/p>","protected":false},"author":2,"featured_media":3766,"comment_status":"closed","ping_status":"closed","sticky":false,"template":"","format":"standard","meta":{"footnotes":""},"categories":[26,25,27],"tags":[60,49,39,40],"class_list":["post-3768","post","type-post","status-publish","format-standard","has-post-thumbnail","hentry","category-documentos-institucionales","category-home","category-publicaciones-home","tag-cambio-climatico","tag-comercio-internacional","tag-mercosur","tag-ue"],"yoast_head":"<!-- This site is optimized with the Yoast SEO plugin v26.8 - https:\/\/yoast.com\/product\/yoast-seo-wordpress\/ -->\n<title>An\u00e1lisis de la estrategia ambiental de la UE en alimentos con implicancias en el comercio internacional - GPS<\/title>\n<meta name=\"robots\" content=\"index, follow, max-snippet:-1, max-image-preview:large, max-video-preview:-1\" \/>\n<link rel=\"canonical\" href=\"https:\/\/grupogpps.org\/pt\/analisis-de-la-estrategia-ambiental-de-la-ue-en-alimentos-con-implicancias-en-el-comercio-internacional\/\" \/>\n<meta property=\"og:locale\" content=\"pt_BR\" \/>\n<meta property=\"og:type\" content=\"article\" \/>\n<meta property=\"og:title\" content=\"An\u00e1lisis de la estrategia ambiental de la UE en alimentos con implicancias en el comercio internacional - GPS\" \/>\n<meta property=\"og:description\" content=\"Sabine Papendieck, Noviembre de 2021 Este trabajo examina y analiza las nuevas regulaciones de la UE respecto del impacto del cambio clim\u00e1tico y la sostenibilidad, teniendo en cuenta que las mismas restringen y condicionan el comercio internacional de productos alimentarios. Estas regulaciones suponen importantes desaf\u00edos para nuestros pa\u00edses como productores y exportadores globales de alimentos.\" \/>\n<meta property=\"og:url\" content=\"https:\/\/grupogpps.org\/pt\/analisis-de-la-estrategia-ambiental-de-la-ue-en-alimentos-con-implicancias-en-el-comercio-internacional\/\" \/>\n<meta property=\"og:site_name\" content=\"GPS\" \/>\n<meta property=\"article:publisher\" content=\"https:\/\/www.linkedin.com\/company\/25037162\/\" \/>\n<meta property=\"article:published_time\" content=\"2021-11-30T12:37:05+00:00\" \/>\n<meta property=\"article:modified_time\" content=\"2021-11-30T12:40:43+00:00\" \/>\n<meta property=\"og:image\" content=\"https:\/\/grupogpps.org\/wp-content\/uploads\/2021\/11\/Captura-de-Pantalla-2021-11-30-a-las-09.16.58.png\" \/>\n\t<meta property=\"og:image:width\" content=\"419\" \/>\n\t<meta property=\"og:image:height\" content=\"559\" \/>\n\t<meta property=\"og:image:type\" content=\"image\/png\" \/>\n<meta name=\"author\" content=\"GPS GPS\" \/>\n<meta name=\"twitter:card\" content=\"summary_large_image\" \/>\n<meta name=\"twitter:creator\" content=\"@GPSLatinAmerica\" \/>\n<meta name=\"twitter:site\" content=\"@GPSLatinAmerica\" \/>\n<meta name=\"twitter:label1\" content=\"Escrito por\" \/>\n\t<meta name=\"twitter:data1\" content=\"GPS GPS\" \/>\n<script type=\"application\/ld+json\" class=\"yoast-schema-graph\">{\"@context\":\"https:\/\/schema.org\",\"@graph\":[{\"@type\":\"Article\",\"@id\":\"https:\/\/grupogpps.org\/en\/analisis-de-la-estrategia-ambiental-de-la-ue-en-alimentos-con-implicancias-en-el-comercio-internacional\/#article\",\"isPartOf\":{\"@id\":\"https:\/\/grupogpps.org\/en\/analisis-de-la-estrategia-ambiental-de-la-ue-en-alimentos-con-implicancias-en-el-comercio-internacional\/\"},\"author\":{\"name\":\"GPS GPS\",\"@id\":\"https:\/\/grupogpps.org\/#\/schema\/person\/faaafcd24616dff095821c72659ce41f\"},\"headline\":\"An\u00e1lisis de la estrategia ambiental de la UE en alimentos con implicancias en el comercio internacional\",\"datePublished\":\"2021-11-30T12:37:05+00:00\",\"dateModified\":\"2021-11-30T12:40:43+00:00\",\"mainEntityOfPage\":{\"@id\":\"https:\/\/grupogpps.org\/en\/analisis-de-la-estrategia-ambiental-de-la-ue-en-alimentos-con-implicancias-en-el-comercio-internacional\/\"},\"wordCount\":76,\"publisher\":{\"@id\":\"https:\/\/grupogpps.org\/#organization\"},\"image\":{\"@id\":\"https:\/\/grupogpps.org\/en\/analisis-de-la-estrategia-ambiental-de-la-ue-en-alimentos-con-implicancias-en-el-comercio-internacional\/#primaryimage\"},\"thumbnailUrl\":\"https:\/\/grupogpps.org\/wp-content\/uploads\/2021\/11\/Captura-de-Pantalla-2021-11-30-a-las-09.16.58.png\",\"keywords\":[\"Cambio clim\u00e1tico\",\"Comercio Internacional\",\"Mercosur\",\"UE\"],\"articleSection\":[\"Documentos institucionales\",\"Home\",\"Publicaciones Home\"],\"inLanguage\":\"pt-BR\"},{\"@type\":\"WebPage\",\"@id\":\"https:\/\/grupogpps.org\/en\/analisis-de-la-estrategia-ambiental-de-la-ue-en-alimentos-con-implicancias-en-el-comercio-internacional\/\",\"url\":\"https:\/\/grupogpps.org\/en\/analisis-de-la-estrategia-ambiental-de-la-ue-en-alimentos-con-implicancias-en-el-comercio-internacional\/\",\"name\":\"An\u00e1lisis de la estrategia ambiental de la UE en alimentos con implicancias en el comercio internacional - GPS\",\"isPartOf\":{\"@id\":\"https:\/\/grupogpps.org\/#website\"},\"primaryImageOfPage\":{\"@id\":\"https:\/\/grupogpps.org\/en\/analisis-de-la-estrategia-ambiental-de-la-ue-en-alimentos-con-implicancias-en-el-comercio-internacional\/#primaryimage\"},\"image\":{\"@id\":\"https:\/\/grupogpps.org\/en\/analisis-de-la-estrategia-ambiental-de-la-ue-en-alimentos-con-implicancias-en-el-comercio-internacional\/#primaryimage\"},\"thumbnailUrl\":\"https:\/\/grupogpps.org\/wp-content\/uploads\/2021\/11\/Captura-de-Pantalla-2021-11-30-a-las-09.16.58.png\",\"datePublished\":\"2021-11-30T12:37:05+00:00\",\"dateModified\":\"2021-11-30T12:40:43+00:00\",\"breadcrumb\":{\"@id\":\"https:\/\/grupogpps.org\/en\/analisis-de-la-estrategia-ambiental-de-la-ue-en-alimentos-con-implicancias-en-el-comercio-internacional\/#breadcrumb\"},\"inLanguage\":\"pt-BR\",\"potentialAction\":[{\"@type\":\"ReadAction\",\"target\":[\"https:\/\/grupogpps.org\/en\/analisis-de-la-estrategia-ambiental-de-la-ue-en-alimentos-con-implicancias-en-el-comercio-internacional\/\"]}]},{\"@type\":\"ImageObject\",\"inLanguage\":\"pt-BR\",\"@id\":\"https:\/\/grupogpps.org\/en\/analisis-de-la-estrategia-ambiental-de-la-ue-en-alimentos-con-implicancias-en-el-comercio-internacional\/#primaryimage\",\"url\":\"https:\/\/grupogpps.org\/wp-content\/uploads\/2021\/11\/Captura-de-Pantalla-2021-11-30-a-las-09.16.58.png\",\"contentUrl\":\"https:\/\/grupogpps.org\/wp-content\/uploads\/2021\/11\/Captura-de-Pantalla-2021-11-30-a-las-09.16.58.png\",\"width\":419,\"height\":559,\"caption\":\"Estrategia Ambiental\"},{\"@type\":\"BreadcrumbList\",\"@id\":\"https:\/\/grupogpps.org\/en\/analisis-de-la-estrategia-ambiental-de-la-ue-en-alimentos-con-implicancias-en-el-comercio-internacional\/#breadcrumb\",\"itemListElement\":[{\"@type\":\"ListItem\",\"position\":1,\"name\":\"Inicio\",\"item\":\"https:\/\/grupogpps.org\/\"},{\"@type\":\"ListItem\",\"position\":2,\"name\":\"An\u00e1lisis de la estrategia ambiental de la UE en alimentos con implicancias en el comercio internacional\"}]},{\"@type\":\"WebSite\",\"@id\":\"https:\/\/grupogpps.org\/#website\",\"url\":\"https:\/\/grupogpps.org\/\",\"name\":\"GPS\",\"description\":\"Grupo de pa\u00edses productores del sur\",\"publisher\":{\"@id\":\"https:\/\/grupogpps.org\/#organization\"},\"potentialAction\":[{\"@type\":\"SearchAction\",\"target\":{\"@type\":\"EntryPoint\",\"urlTemplate\":\"https:\/\/grupogpps.org\/?s={search_term_string}\"},\"query-input\":{\"@type\":\"PropertyValueSpecification\",\"valueRequired\":true,\"valueName\":\"search_term_string\"}}],\"inLanguage\":\"pt-BR\"},{\"@type\":\"Organization\",\"@id\":\"https:\/\/grupogpps.org\/#organization\",\"name\":\"GPS - Grupo de pa\u00edses productores del sur\",\"url\":\"https:\/\/grupogpps.org\/\",\"logo\":{\"@type\":\"ImageObject\",\"inLanguage\":\"pt-BR\",\"@id\":\"https:\/\/grupogpps.org\/#\/schema\/logo\/image\/\",\"url\":\"http:\/\/grupogpps.org\/wp-content\/uploads\/2021\/06\/logoGPS3.svg\",\"contentUrl\":\"http:\/\/grupogpps.org\/wp-content\/uploads\/2021\/06\/logoGPS3.svg\",\"width\":1,\"height\":1,\"caption\":\"GPS - Grupo de pa\u00edses productores del sur\"},\"image\":{\"@id\":\"https:\/\/grupogpps.org\/#\/schema\/logo\/image\/\"},\"sameAs\":[\"https:\/\/www.linkedin.com\/company\/25037162\/\",\"https:\/\/x.com\/GPSLatinAmerica\",\"https:\/\/www.instagram.com\/gpslatin\/\",\"https:\/\/www.youtube.com\/channel\/UCM2Qf0jSqNRJRkqmU8dO9QA\/videos\"]},{\"@type\":\"Person\",\"@id\":\"https:\/\/grupogpps.org\/#\/schema\/person\/faaafcd24616dff095821c72659ce41f\",\"name\":\"GPS GPS\",\"url\":\"https:\/\/grupogpps.org\/pt\/author\/gps\/\"}]}<\/script>\n<!-- \/ Yoast SEO plugin. -->","yoast_head_json":{"title":"An\u00e1lisis de la estrategia ambiental de la UE en alimentos con implicancias en el comercio internacional - GPS","robots":{"index":"index","follow":"follow","max-snippet":"max-snippet:-1","max-image-preview":"max-image-preview:large","max-video-preview":"max-video-preview:-1"},"canonical":"https:\/\/grupogpps.org\/pt\/analisis-de-la-estrategia-ambiental-de-la-ue-en-alimentos-con-implicancias-en-el-comercio-internacional\/","og_locale":"pt_BR","og_type":"article","og_title":"An\u00e1lisis de la estrategia ambiental de la UE en alimentos con implicancias en el comercio internacional - GPS","og_description":"Sabine Papendieck, Noviembre de 2021 Este trabajo examina y analiza las nuevas regulaciones de la UE respecto del impacto del cambio clim\u00e1tico y la sostenibilidad, teniendo en cuenta que las mismas restringen y condicionan el comercio internacional de productos alimentarios. Estas regulaciones suponen importantes desaf\u00edos para nuestros pa\u00edses como productores y exportadores globales de alimentos.","og_url":"https:\/\/grupogpps.org\/pt\/analisis-de-la-estrategia-ambiental-de-la-ue-en-alimentos-con-implicancias-en-el-comercio-internacional\/","og_site_name":"GPS","article_publisher":"https:\/\/www.linkedin.com\/company\/25037162\/","article_published_time":"2021-11-30T12:37:05+00:00","article_modified_time":"2021-11-30T12:40:43+00:00","og_image":[{"width":419,"height":559,"url":"https:\/\/grupogpps.org\/wp-content\/uploads\/2021\/11\/Captura-de-Pantalla-2021-11-30-a-las-09.16.58.png","type":"image\/png"}],"author":"GPS GPS","twitter_card":"summary_large_image","twitter_creator":"@GPSLatinAmerica","twitter_site":"@GPSLatinAmerica","twitter_misc":{"Escrito por":"GPS GPS"},"schema":{"@context":"https:\/\/schema.org","@graph":[{"@type":"Article","@id":"https:\/\/grupogpps.org\/en\/analisis-de-la-estrategia-ambiental-de-la-ue-en-alimentos-con-implicancias-en-el-comercio-internacional\/#article","isPartOf":{"@id":"https:\/\/grupogpps.org\/en\/analisis-de-la-estrategia-ambiental-de-la-ue-en-alimentos-con-implicancias-en-el-comercio-internacional\/"},"author":{"name":"GPS GPS","@id":"https:\/\/grupogpps.org\/#\/schema\/person\/faaafcd24616dff095821c72659ce41f"},"headline":"An\u00e1lisis de la estrategia ambiental de la UE en alimentos con implicancias en el comercio internacional","datePublished":"2021-11-30T12:37:05+00:00","dateModified":"2021-11-30T12:40:43+00:00","mainEntityOfPage":{"@id":"https:\/\/grupogpps.org\/en\/analisis-de-la-estrategia-ambiental-de-la-ue-en-alimentos-con-implicancias-en-el-comercio-internacional\/"},"wordCount":76,"publisher":{"@id":"https:\/\/grupogpps.org\/#organization"},"image":{"@id":"https:\/\/grupogpps.org\/en\/analisis-de-la-estrategia-ambiental-de-la-ue-en-alimentos-con-implicancias-en-el-comercio-internacional\/#primaryimage"},"thumbnailUrl":"https:\/\/grupogpps.org\/wp-content\/uploads\/2021\/11\/Captura-de-Pantalla-2021-11-30-a-las-09.16.58.png","keywords":["Cambio clim\u00e1tico","Comercio Internacional","Mercosur","UE"],"articleSection":["Documentos institucionales","Home","Publicaciones Home"],"inLanguage":"pt-BR"},{"@type":"WebPage","@id":"https:\/\/grupogpps.org\/en\/analisis-de-la-estrategia-ambiental-de-la-ue-en-alimentos-con-implicancias-en-el-comercio-internacional\/","url":"https:\/\/grupogpps.org\/en\/analisis-de-la-estrategia-ambiental-de-la-ue-en-alimentos-con-implicancias-en-el-comercio-internacional\/","name":"An\u00e1lisis de la estrategia ambiental de la UE en alimentos con implicancias en el comercio internacional - GPS","isPartOf":{"@id":"https:\/\/grupogpps.org\/#website"},"primaryImageOfPage":{"@id":"https:\/\/grupogpps.org\/en\/analisis-de-la-estrategia-ambiental-de-la-ue-en-alimentos-con-implicancias-en-el-comercio-internacional\/#primaryimage"},"image":{"@id":"https:\/\/grupogpps.org\/en\/analisis-de-la-estrategia-ambiental-de-la-ue-en-alimentos-con-implicancias-en-el-comercio-internacional\/#primaryimage"},"thumbnailUrl":"https:\/\/grupogpps.org\/wp-content\/uploads\/2021\/11\/Captura-de-Pantalla-2021-11-30-a-las-09.16.58.png","datePublished":"2021-11-30T12:37:05+00:00","dateModified":"2021-11-30T12:40:43+00:00","breadcrumb":{"@id":"https:\/\/grupogpps.org\/en\/analisis-de-la-estrategia-ambiental-de-la-ue-en-alimentos-con-implicancias-en-el-comercio-internacional\/#breadcrumb"},"inLanguage":"pt-BR","potentialAction":[{"@type":"ReadAction","target":["https:\/\/grupogpps.org\/en\/analisis-de-la-estrategia-ambiental-de-la-ue-en-alimentos-con-implicancias-en-el-comercio-internacional\/"]}]},{"@type":"ImageObject","inLanguage":"pt-BR","@id":"https:\/\/grupogpps.org\/en\/analisis-de-la-estrategia-ambiental-de-la-ue-en-alimentos-con-implicancias-en-el-comercio-internacional\/#primaryimage","url":"https:\/\/grupogpps.org\/wp-content\/uploads\/2021\/11\/Captura-de-Pantalla-2021-11-30-a-las-09.16.58.png","contentUrl":"https:\/\/grupogpps.org\/wp-content\/uploads\/2021\/11\/Captura-de-Pantalla-2021-11-30-a-las-09.16.58.png","width":419,"height":559,"caption":"Estrategia Ambiental"},{"@type":"BreadcrumbList","@id":"https:\/\/grupogpps.org\/en\/analisis-de-la-estrategia-ambiental-de-la-ue-en-alimentos-con-implicancias-en-el-comercio-internacional\/#breadcrumb","itemListElement":[{"@type":"ListItem","position":1,"name":"Inicio","item":"https:\/\/grupogpps.org\/"},{"@type":"ListItem","position":2,"name":"An\u00e1lisis de la estrategia ambiental de la UE en alimentos con implicancias en el comercio internacional"}]},{"@type":"WebSite","@id":"https:\/\/grupogpps.org\/#website","url":"https:\/\/grupogpps.org\/","name":"GPS","description":"Grupo de pa\u00edses productores del sur","publisher":{"@id":"https:\/\/grupogpps.org\/#organization"},"potentialAction":[{"@type":"SearchAction","target":{"@type":"EntryPoint","urlTemplate":"https:\/\/grupogpps.org\/?s={search_term_string}"},"query-input":{"@type":"PropertyValueSpecification","valueRequired":true,"valueName":"search_term_string"}}],"inLanguage":"pt-BR"},{"@type":"Organization","@id":"https:\/\/grupogpps.org\/#organization","name":"GPS - Grupo de pa\u00edses productores del sur","url":"https:\/\/grupogpps.org\/","logo":{"@type":"ImageObject","inLanguage":"pt-BR","@id":"https:\/\/grupogpps.org\/#\/schema\/logo\/image\/","url":"http:\/\/grupogpps.org\/wp-content\/uploads\/2021\/06\/logoGPS3.svg","contentUrl":"http:\/\/grupogpps.org\/wp-content\/uploads\/2021\/06\/logoGPS3.svg","width":1,"height":1,"caption":"GPS - Grupo de pa\u00edses productores del sur"},"image":{"@id":"https:\/\/grupogpps.org\/#\/schema\/logo\/image\/"},"sameAs":["https:\/\/www.linkedin.com\/company\/25037162\/","https:\/\/x.com\/GPSLatinAmerica","https:\/\/www.instagram.com\/gpslatin\/","https:\/\/www.youtube.com\/channel\/UCM2Qf0jSqNRJRkqmU8dO9QA\/videos"]},{"@type":"Person","@id":"https:\/\/grupogpps.org\/#\/schema\/person\/faaafcd24616dff095821c72659ce41f","name":"GPS GPS","url":"https:\/\/grupogpps.org\/pt\/author\/gps\/"}]}},"_links":{"self":[{"href":"https:\/\/grupogpps.org\/pt\/wp-json\/wp\/v2\/posts\/3768","targetHints":{"allow":["GET"]}}],"collection":[{"href":"https:\/\/grupogpps.org\/pt\/wp-json\/wp\/v2\/posts"}],"about":[{"href":"https:\/\/grupogpps.org\/pt\/wp-json\/wp\/v2\/types\/post"}],"author":[{"embeddable":true,"href":"https:\/\/grupogpps.org\/pt\/wp-json\/wp\/v2\/users\/2"}],"replies":[{"embeddable":true,"href":"https:\/\/grupogpps.org\/pt\/wp-json\/wp\/v2\/comments?post=3768"}],"version-history":[{"count":1,"href":"https:\/\/grupogpps.org\/pt\/wp-json\/wp\/v2\/posts\/3768\/revisions"}],"predecessor-version":[{"id":3769,"href":"https:\/\/grupogpps.org\/pt\/wp-json\/wp\/v2\/posts\/3768\/revisions\/3769"}],"wp:featuredmedia":[{"embeddable":true,"href":"https:\/\/grupogpps.org\/pt\/wp-json\/wp\/v2\/media\/3766"}],"wp:attachment":[{"href":"https:\/\/grupogpps.org\/pt\/wp-json\/wp\/v2\/media?parent=3768"}],"wp:term":[{"taxonomy":"category","embeddable":true,"href":"https:\/\/grupogpps.org\/pt\/wp-json\/wp\/v2\/categories?post=3768"},{"taxonomy":"post_tag","embeddable":true,"href":"https:\/\/grupogpps.org\/pt\/wp-json\/wp\/v2\/tags?post=3768"}],"curies":[{"name":"wp","href":"https:\/\/api.w.org\/{rel}","templated":true}]}}