{"id":3752,"date":"2021-11-22T14:21:53","date_gmt":"2021-11-22T17:21:53","guid":{"rendered":"http:\/\/grupogpps.org\/?p=3752"},"modified":"2021-11-29T09:46:47","modified_gmt":"2021-11-29T12:46:47","slug":"gps-participo-de-eventos-organizados-por-el-sector-privado-internacional-en-la-cop26","status":"publish","type":"post","link":"https:\/\/grupogpps.org\/pt\/gps-participo-de-eventos-organizados-por-el-sector-privado-internacional-en-la-cop26\/","title":{"rendered":"GPS participou de eventos organizados pelo setor privado internacional na COP26"},"content":{"rendered":"<h2 class=\"wp-block-heading\"><em>Sobre COPs<\/em><\/h2>\n\n\n\n<p>Em 1992, a ONU organizou um grande evento no Rio de Janeiro denominado C\u00fapula da Terra, no qual foi adotada a Conven\u00e7\u00e3o-Quadro das Na\u00e7\u00f5es Unidas sobre Mudan\u00e7a do Clima (UNFCCC).<\/p>\n\n\n\n<p>En este tratado, las naciones acordaron \u00abestabilizar las concentraciones de gases de efecto invernadero en la atm\u00f3sfera\u00bb para evitar la peligrosa interferencia de la actividad humana en el sistema clim\u00e1tico. En la actualidad, el tratado cuenta con 197 signatarios.<\/p>\n\n\n\n<p>Desde 1994, a\u00f1o en que entr\u00f3 en vigor el tratado, la ONU re\u00fane cada a\u00f1o a casi todos los pa\u00edses del planeta en Conferencia sobre el cambio clim\u00e1tico o \u00abCOP\u00bb, que significa \u00abConferencia de las Partes\u00bb.<\/p>\n\n\n\n<p>O Acordo de Paris foi adotado no \u00e2mbito da COP21, em 2015, e seu principal objetivo \u00e9\u00a0<strong>limitar o aquecimento global\u00a0<\/strong>bem abaixo de 2, de prefer\u00eancia\u00a0<strong>1,5 graus Celsius<\/strong>, em compara\u00e7\u00e3o com os n\u00edveis pr\u00e9-industriais. Os compromissos assumidos no Acordo de Paris avan\u00e7am em ciclos de 5 anos nos quais os pa\u00edses apresentam seus planos de a\u00e7\u00e3o clim\u00e1tica conhecidos como\u00a0<strong>Contribui\u00e7\u00f5es Determinadas Nacionalmente (NDC).<\/strong><\/p>\n\n\n\n<p><a href=\"https:\/\/www.embajadaabierta.org\/post\/mundo-multilateral-10-las-cop-conferencia-de-las-partes-sobre-el-cambio-clim\u00e1tico\">M\u00e1s informaci\u00f3n sobre estas conferencias y sus resultados <\/a><\/p>\n\n\n\n<h2 class=\"wp-block-heading\"><strong><em>COP 26: a presid\u00eancia brit\u00e2nica, os resultados alcan\u00e7ados e os olhares para o futuro<\/em><\/strong><\/h2>\n\n\n\n<p>A COP26 (que deveria ter sido realizada em 2020 e foi adiada pela pandemia COVID19) foi realizada em Glasgow de 1 a 14 de novembro.&nbsp;<\/p>\n\n\n\n<p>A declara\u00e7\u00e3o final da COP26 (<a href=\"https:\/\/unfccc.int\/process-and-meetings\/conferences\/glasgow-climate-change-conference-october-november-2021\/outcomes-of-the-glasgow-climate-change-conference\" target=\"_blank\" rel=\"noreferrer noopener\">Pacto Clim\u00e1tico de Glasgow<\/a>) fue adoptada el s\u00e1bado 13 de noviembre con la firma de 197 pa\u00edses presentes.&nbsp;&nbsp;El resultado formal de las negociaciones fue un acuerdo de compromiso que, aunque permiti\u00f3 mantener vivo el objetivo de reducci\u00f3n de 1,5 grados, result\u00f3 decepcionante para muchos de los participantes.<\/p>\n\n\n\n<p>Quanto aos compromissos gerais assumidos:<\/p>\n\n\n\n<h2 class=\"wp-block-heading\"><strong>Finan\u00e7a<\/strong><\/h2>\n\n\n\n<p>A Plen\u00e1ria de Encerramento adotou v\u00e1rias decis\u00f5es sobre finan\u00e7as (ver Pacto Clim\u00e1tico de Glasgow,&nbsp;<a href=\"https:\/\/unfccc.int\/documents\/310479\" target=\"_blank\" rel=\"noreferrer noopener\">Financiamento clim\u00e1tico de longo prazo<\/a>;&nbsp;<a href=\"https:\/\/unfccc.int\/sites\/default\/files\/resource\/cma3_auv_8e_collective_goal_new.pdf\" target=\"_blank\" rel=\"noreferrer noopener\">nova meta coletiva quantificada sobre financiamento clim\u00e1tico<\/a>; y&nbsp;<a href=\"https:\/\/unfccc.int\/process-and-meetings\/conferences\/glasgow-climate-change-conference-october-november-2021\/outcomes-of-the-glasgow-climate-change-conference\" target=\"_blank\" rel=\"noreferrer noopener\">e quest\u00f5es relacionadas ao Comit\u00ea Permanente de Finan\u00e7as<\/a>).&nbsp;&nbsp;Sin embargo, los pa\u00edses m\u00e1s vulnerables expresaron una profunda decepci\u00f3n por el hecho de que la promesa de $ 100 mil millones para 2020 permaneciera pendiente y tambi\u00e9n expresaron su preocupaci\u00f3n con respecto a la calidad del financiamiento proporcionado, refiri\u00e9ndose a pr\u00e9stamos con altos intereses que a menudo se incluyen en los informes de financiamiento clim\u00e1tico. Algunos delegados dijeron que las discusiones sobre finanzas resultaron en una ruptura de la confianza entre las partes.<\/p>\n\n\n\n<h2 class=\"wp-block-heading\"><strong>Artigo 6<\/strong><\/h2>\n\n\n\n<p>Ap\u00f3s anos de negocia\u00e7\u00f5es, os pa\u00edses finalmente adotaram regras para a implementa\u00e7\u00e3o do Artigo 6 do Acordo de Paris sobre os mercados de carbono. Os textos das decis\u00f5es finais cobrem tr\u00eas quest\u00f5es importantes sob o Artigo 6: dois mecanismos que permitem o funcionamento eficiente dos mercados internacionais de carbono,&nbsp;<a href=\"https:\/\/unfccc.int\/sites\/default\/files\/resource\/cma3_auv_12a_PA_6.2.pdf\" target=\"_blank\" rel=\"noreferrer noopener\">Artigo 6.2<\/a>&nbsp;e&nbsp;<a href=\"https:\/\/unfccc.int\/sites\/default\/files\/resource\/cma3_auv_12b_PA_6.4.pdf\" target=\"_blank\" rel=\"noreferrer noopener\">Artigo 6.4<\/a>, e um terceiro baseado em abordagens n\u00e3o comerciais,&nbsp;<a href=\"https:\/\/unfccc.int\/sites\/default\/files\/resource\/cma3_auv_12c_PA_6.8.pdf\" target=\"_blank\" rel=\"noreferrer noopener\">Artigo 6.8<\/a>.<\/p>\n\n\n\n<p>O acordo sobre as regras fundamentais relacionadas com o Artigo 6 fornecer\u00e1 a base para a certeza e previsibilidade das abordagens mercantis e n\u00e3o mercantis de apoio \u00e0 mitiga\u00e7\u00e3o e adapta\u00e7\u00e3o. No entanto, muito mais trabalho precisa ser feito e um trabalho t\u00e9cnico adicional significativo ser\u00e1 necess\u00e1rio para definir e implementar as regras de uma forma que funcione para a economia real e proteja a integridade ambiental e a ambi\u00e7\u00e3o do Acordo de Paris.<\/p>\n\n\n\n<h2 class=\"wp-block-heading\"><strong>Prazos comuns&nbsp;<\/strong><\/h2>\n\n\n\n<p>As negocia\u00e7\u00f5es sobre a quest\u00e3o dos prazos comuns, per\u00edodo em que todos os pa\u00edses devem apresentar e comunicar seus PADs ou compromissos clim\u00e1ticos nacionais, conclu\u00edram com a ado\u00e7\u00e3o de um&nbsp;<a href=\"https:\/\/unfccc.int\/documents\/310498\" target=\"_blank\" rel=\"noreferrer noopener\">texto final<\/a>.<\/p>\n\n\n\n<p>Enquanto muitos pa\u00edses apoiavam um \u00fanico prazo comum de 5 anos, outros pediam um prazo mais flex\u00edvel com compromissos de 10 anos ou combina\u00e7\u00f5es diferentes. Os textos finais \u201cencorajam\u201d todas as partes a apresentarem compromissos a cada cinco anos, come\u00e7ando em 2025 cobrindo o per\u00edodo 2031-2035, com uma formula\u00e7\u00e3o mais flex\u00edvel do que os textos legais da UNFCCC.<\/p>\n\n\n\n<h2 class=\"wp-block-heading\"><strong>Agricultura<\/strong><\/h2>\n\n\n\n<p>Reconhecendo a import\u00e2ncia do setor agr\u00edcola para a adapta\u00e7\u00e3o e mitiga\u00e7\u00e3o das mudan\u00e7as clim\u00e1ticas, as Partes t\u00eam discutido essa quest\u00e3o no \u00e2mbito do denominado Grupo de Trabalho Conjunto Koronivia sobre Agricultura estabelecido na COP23.<\/p>\n\n\n\n<p>Na COP26, os pa\u00edses adotaram conclus\u00f5es preliminares sobre como melhorar o uso de nutrientes, melhorar os sistemas de gest\u00e3o da pecu\u00e1ria e a seguran\u00e7a socioecon\u00f4mica e alimentar. As conclus\u00f5es reconhecem a import\u00e2ncia dessas quest\u00f5es e tamb\u00e9m o papel do setor privado, mas n\u00e3o formalizaram um compromisso concreto sobre a implementa\u00e7\u00e3o. Por ello, los \u00f3rganos subsidiarios de la CMNUCC acordaron continuar trabajando sobre estos asuntos en la pr\u00f3xima reuni\u00f3n entre sesiones, prevista para junio de 2022, con la finalidad de producir un proyecto de decisi\u00f3n a ser adoptado en la COP27, a desarrollarse en noviembre de 2022 no Egito.<\/p>\n\n\n\n<p>Al\u00e9m desses resultados (considerados escassos por muitos pa\u00edses), houve v\u00e1rios an\u00fancios e compromissos durante a confer\u00eancia.<\/p>\n\n\n\n<ul class=\"wp-block-list\"><li>Os Estados Unidos e a China se comprometeram a aumentar a coopera\u00e7\u00e3o clim\u00e1tica na pr\u00f3xima d\u00e9cada. (consulte&nbsp;<a rel=\"noreferrer noopener\" href=\"https:\/\/www.state.gov\/u-s-china-joint-glasgow-declaration-on-enhancing-climate-action-in-the-2020s\/\" target=\"_blank\">https:\/\/www.state.gov\/u-s-china-joint-glasgow-declaration-on-enhancing-climate-action-in-the-2020s\/<\/a>)&nbsp;<\/li><li>Deforestaci\u00f3n: m\u00e1s de 120 pa\u00edses, que representan alrededor del 90% de los bosques del mundo, se comprometieron a detener y revertir la deforestaci\u00f3n para 2030. El compromiso firmado por los pa\u00edses esta acompa\u00f1ado por 12 mil millones de d\u00f3lares de financiamiento p\u00fablico y 7 mil millones de inversiones privadas para apoyar la deforestaci\u00f3n y la restauraci\u00f3n de ecosistemas.&nbsp;&nbsp;(<a rel=\"noreferrer noopener\" href=\"https:\/\/ukcop26.org\/glasgow-leaders-declaration-on-forests-and-land-use\/\" target=\"_blank\">https:\/\/ukcop26.org\/glasgow-leaders-declaration-on-forests-and-land-use\/<\/a>)&nbsp;<\/li><li>Carv\u00e3o: mais de 40 pa\u00edses - incluindo grandes consumidores de carv\u00e3o como Pol\u00f4nia, Vietn\u00e3 e Chile - concordaram em abandonar o carv\u00e3o como fonte de energia, embora sem o compromisso da China e da \u00cdndia (dois pa\u00edses-chave no uso do carv\u00e3o).<\/li><li>Finan\u00e7as clim\u00e1ticas: quase 500 empresas de servi\u00e7os financeiros globais que concordaram em alinhar US $ 130 trilh\u00f5es - cerca de 40% dos ativos financeiros mundiais - com as metas estabelecidas no Acordo de Paris (<a rel=\"noreferrer noopener\" href=\"https:\/\/www.gfanzero.com\/netzerofinancing\" target=\"_blank\">https:\/\/www.gfanzero.com\/netzerofinancing<\/a>)&nbsp;<\/li><li>Combust\u00edveis f\u00f3sseis: 11 pa\u00edses que criaram a Beyond Oil and Gas Alliance (BOGA). Irlanda, Fran\u00e7a, Dinamarca e Costa Rica, entre outros, bem como alguns governos subnacionais, lan\u00e7aram esta alian\u00e7a, a primeira do tipo, para&nbsp;<strong>definir uma data de conclus\u00e3o para a explora\u00e7\u00e3o e extra\u00e7\u00e3o de petr\u00f3leo e g\u00e1s em n\u00edvel nacional<\/strong> (<a rel=\"noreferrer noopener\" href=\"https:\/\/beyondoilandgasalliance.com\/\" target=\"_blank\">https:\/\/beyondoilandgasalliance.com<\/a>)&nbsp;<\/li><li>Compromisso Global de Metano: iniciado pela UE e os EUA em 2021. Durante a COP26, muitos pa\u00edses aderiram a este compromisso para mitigar as emiss\u00f5es de metano em 30% at\u00e9 2030. Este compromisso j\u00e1 inclui mais de 100 pa\u00edses. Tem apoio financeiro inicial de $ 300 milh\u00f5es para sua implementa\u00e7\u00e3o, de acordo com John Kerry na \u00e9poca de seu lan\u00e7amento.&nbsp;<a href=\"https:\/\/www.globalmethane.org\/index.aspx\" target=\"_blank\" rel=\"noreferrer noopener\">https:\/\/www.globalmethane.org\/index.aspx<\/a><\/li><\/ul>\n\n\n\n<div style=\"height:20px\" aria-hidden=\"true\" class=\"wp-block-spacer\"><\/div>\n\n\n\n<h2 class=\"wp-block-heading\"><strong><em>O papel do GPS<\/em><\/strong><\/h2>\n\n\n\n<p>Embora o aspecto mais relevante das COPs seja a negocia\u00e7\u00e3o entre os estados, o setor privado participa de v\u00e1rias formas. O papel da agricultura (e especialmente do Cone Sul) est\u00e1 se tornando cada vez mais importante no quadro de estrat\u00e9gias de mitiga\u00e7\u00e3o baseadas em solu\u00e7\u00f5es baseadas na natureza (NBS por sua sigla em Ingl\u00eas).<\/p>\n\n\n\n<p>A GPS tem participado de eventos do setor privado em COPs h\u00e1 v\u00e1rios anos.<\/p>\n\n\n\n<p>En esta oportunidad, se organiz\u00f3 un seminario virtual en el marco de la plataforma global de ICC (International Chamber of Commerce) \u201cMake Climate Action Everyone\u2019s Business Forum\u201d.&nbsp;&nbsp;El panel cont\u00f3 con la participaci\u00f3n de Sabine Papendieck (Argentina), Eduardo Bastos (Brasil) y Luc\u00eda Pittaluga (Uruguay) y fue moderado por Mart\u00edn Fragu\u00edo (Argentina).&nbsp;&nbsp;El video de la sesi\u00f3n est\u00e1 disponible en nuestro&nbsp;<a href=\"https:\/\/www.youtube.com\/watch?v=8UAze0R2zJg\" target=\"_blank\" rel=\"noreferrer noopener\">canal no Youtube<\/a>.<\/p>\n\n\n\n<p>Integrantes da GPS Paraguai e Uruguai fizeram parte de v\u00e1rias delega\u00e7\u00f5es que estiveram presentes em Glasgow.<\/p>\n\n\n\n<p>Tamb\u00e9m participamos da \u00faltima edi\u00e7\u00e3o da publica\u00e7\u00e3o Latam Investor, dedicada \u00e0 COP26, com&nbsp;<a href=\"http:\/\/grupogpps.org\/pt\/articulo-de-martin-fraguio-y-paloma-ochoa-en-latam-investor-analiza-el-rol-del-agro-del-cono-sur-en-la-mitigacion-del-cambio-climatico\/\" target=\"_blank\" rel=\"noreferrer noopener\">artigo<\/a>&nbsp;de Mart\u00edn Fragu\u00edo e Paloma Ochoa sobre o papel da agricultura dos pa\u00edses do Mercosul na mitiga\u00e7\u00e3o das mudan\u00e7as clim\u00e1ticas.&nbsp;<\/p>\n\n\n\n<p>Atualmente, continuamos a participar e co-organizar eventos sobre os impactos futuros dos acordos alcan\u00e7ados em Glasgow e o papel das cadeias de valor agroindustriais de nossa regi\u00e3o em uma estrat\u00e9gia que aborda, ao mesmo tempo, cuidado ambiental, sustentabilidade e seguran\u00e7a alimentar.<\/p>","protected":false},"excerpt":{"rendered":"<p>Sobre las COP En 1992, la ONU organiz\u00f3 un gran evento en R\u00edo de Janeiro llamado Cumbre de la Tierra, en el que se adopt\u00f3 la Convenci\u00f3n Marco de las Naciones Unidas sobre el Cambio Clim\u00e1tico (CMNUCC). En este tratado, las naciones acordaron \u00abestabilizar las concentraciones de gases de efecto invernadero en la atm\u00f3sfera\u00bb para [&hellip;]<\/p>","protected":false},"author":2,"featured_media":3753,"comment_status":"open","ping_status":"closed","sticky":false,"template":"","format":"standard","meta":{"footnotes":""},"categories":[19,58,25,23],"tags":[],"class_list":["post-3752","post","type-post","status-publish","format-standard","has-post-thumbnail","hentry","category-actividades","category-eventos","category-home","category-novedades"],"yoast_head":"<!-- This site is optimized with the Yoast SEO plugin v26.8 - https:\/\/yoast.com\/product\/yoast-seo-wordpress\/ -->\n<title>GPS particip\u00f3 de eventos organizados por el sector privado internacional en la COP26 - GPS<\/title>\n<meta name=\"robots\" content=\"index, follow, max-snippet:-1, max-image-preview:large, max-video-preview:-1\" \/>\n<link rel=\"canonical\" href=\"https:\/\/grupogpps.org\/pt\/gps-participo-de-eventos-organizados-por-el-sector-privado-internacional-en-la-cop26\/\" \/>\n<meta property=\"og:locale\" content=\"pt_BR\" \/>\n<meta property=\"og:type\" content=\"article\" \/>\n<meta property=\"og:title\" content=\"GPS particip\u00f3 de eventos organizados por el sector privado internacional en la COP26 - GPS\" \/>\n<meta property=\"og:description\" content=\"Sobre las COP En 1992, la ONU organiz\u00f3 un gran evento en R\u00edo de Janeiro llamado Cumbre de la Tierra, en el que se adopt\u00f3 la Convenci\u00f3n Marco de las Naciones Unidas sobre el Cambio Clim\u00e1tico (CMNUCC). En este tratado, las naciones acordaron \u00abestabilizar las concentraciones de gases de efecto invernadero en la atm\u00f3sfera\u00bb para [&hellip;]\" \/>\n<meta property=\"og:url\" content=\"https:\/\/grupogpps.org\/pt\/gps-participo-de-eventos-organizados-por-el-sector-privado-internacional-en-la-cop26\/\" \/>\n<meta property=\"og:site_name\" content=\"GPS\" \/>\n<meta property=\"article:publisher\" content=\"https:\/\/www.linkedin.com\/company\/25037162\/\" \/>\n<meta property=\"article:published_time\" content=\"2021-11-22T17:21:53+00:00\" \/>\n<meta property=\"article:modified_time\" content=\"2021-11-29T12:46:47+00:00\" \/>\n<meta property=\"og:image\" content=\"https:\/\/grupogpps.org\/wp-content\/uploads\/2021\/11\/Captura-de-Pantalla-2021-11-22-a-las-14.21.27.png\" \/>\n\t<meta property=\"og:image:width\" content=\"377\" \/>\n\t<meta property=\"og:image:height\" content=\"195\" \/>\n\t<meta property=\"og:image:type\" content=\"image\/png\" \/>\n<meta name=\"author\" content=\"GPS GPS\" \/>\n<meta name=\"twitter:card\" content=\"summary_large_image\" \/>\n<meta name=\"twitter:creator\" content=\"@GPSLatinAmerica\" \/>\n<meta name=\"twitter:site\" content=\"@GPSLatinAmerica\" \/>\n<meta name=\"twitter:label1\" content=\"Escrito por\" \/>\n\t<meta name=\"twitter:data1\" content=\"GPS GPS\" \/>\n\t<meta name=\"twitter:label2\" content=\"Est. tempo de leitura\" \/>\n\t<meta name=\"twitter:data2\" content=\"7 minutos\" \/>\n<script type=\"application\/ld+json\" class=\"yoast-schema-graph\">{\"@context\":\"https:\/\/schema.org\",\"@graph\":[{\"@type\":\"Article\",\"@id\":\"https:\/\/grupogpps.org\/gps-participo-de-eventos-organizados-por-el-sector-privado-internacional-en-la-cop26\/#article\",\"isPartOf\":{\"@id\":\"https:\/\/grupogpps.org\/gps-participo-de-eventos-organizados-por-el-sector-privado-internacional-en-la-cop26\/\"},\"author\":{\"name\":\"GPS GPS\",\"@id\":\"https:\/\/grupogpps.org\/#\/schema\/person\/faaafcd24616dff095821c72659ce41f\"},\"headline\":\"GPS particip\u00f3 de eventos organizados por el sector privado internacional en la COP26\",\"datePublished\":\"2021-11-22T17:21:53+00:00\",\"dateModified\":\"2021-11-29T12:46:47+00:00\",\"mainEntityOfPage\":{\"@id\":\"https:\/\/grupogpps.org\/gps-participo-de-eventos-organizados-por-el-sector-privado-internacional-en-la-cop26\/\"},\"wordCount\":1503,\"commentCount\":0,\"publisher\":{\"@id\":\"https:\/\/grupogpps.org\/#organization\"},\"image\":{\"@id\":\"https:\/\/grupogpps.org\/gps-participo-de-eventos-organizados-por-el-sector-privado-internacional-en-la-cop26\/#primaryimage\"},\"thumbnailUrl\":\"https:\/\/grupogpps.org\/wp-content\/uploads\/2021\/11\/Captura-de-Pantalla-2021-11-22-a-las-14.21.27.png\",\"articleSection\":[\"Actividades\",\"Eventos\",\"Home\",\"Novedades\"],\"inLanguage\":\"pt-BR\",\"potentialAction\":[{\"@type\":\"CommentAction\",\"name\":\"Comment\",\"target\":[\"https:\/\/grupogpps.org\/gps-participo-de-eventos-organizados-por-el-sector-privado-internacional-en-la-cop26\/#respond\"]}]},{\"@type\":\"WebPage\",\"@id\":\"https:\/\/grupogpps.org\/gps-participo-de-eventos-organizados-por-el-sector-privado-internacional-en-la-cop26\/\",\"url\":\"https:\/\/grupogpps.org\/gps-participo-de-eventos-organizados-por-el-sector-privado-internacional-en-la-cop26\/\",\"name\":\"GPS particip\u00f3 de eventos organizados por el sector privado internacional en la COP26 - GPS\",\"isPartOf\":{\"@id\":\"https:\/\/grupogpps.org\/#website\"},\"primaryImageOfPage\":{\"@id\":\"https:\/\/grupogpps.org\/gps-participo-de-eventos-organizados-por-el-sector-privado-internacional-en-la-cop26\/#primaryimage\"},\"image\":{\"@id\":\"https:\/\/grupogpps.org\/gps-participo-de-eventos-organizados-por-el-sector-privado-internacional-en-la-cop26\/#primaryimage\"},\"thumbnailUrl\":\"https:\/\/grupogpps.org\/wp-content\/uploads\/2021\/11\/Captura-de-Pantalla-2021-11-22-a-las-14.21.27.png\",\"datePublished\":\"2021-11-22T17:21:53+00:00\",\"dateModified\":\"2021-11-29T12:46:47+00:00\",\"breadcrumb\":{\"@id\":\"https:\/\/grupogpps.org\/gps-participo-de-eventos-organizados-por-el-sector-privado-internacional-en-la-cop26\/#breadcrumb\"},\"inLanguage\":\"pt-BR\",\"potentialAction\":[{\"@type\":\"ReadAction\",\"target\":[\"https:\/\/grupogpps.org\/gps-participo-de-eventos-organizados-por-el-sector-privado-internacional-en-la-cop26\/\"]}]},{\"@type\":\"ImageObject\",\"inLanguage\":\"pt-BR\",\"@id\":\"https:\/\/grupogpps.org\/gps-participo-de-eventos-organizados-por-el-sector-privado-internacional-en-la-cop26\/#primaryimage\",\"url\":\"https:\/\/grupogpps.org\/wp-content\/uploads\/2021\/11\/Captura-de-Pantalla-2021-11-22-a-las-14.21.27.png\",\"contentUrl\":\"https:\/\/grupogpps.org\/wp-content\/uploads\/2021\/11\/Captura-de-Pantalla-2021-11-22-a-las-14.21.27.png\",\"width\":377,\"height\":195,\"caption\":\"Cambio clim\u00e1tico\"},{\"@type\":\"BreadcrumbList\",\"@id\":\"https:\/\/grupogpps.org\/gps-participo-de-eventos-organizados-por-el-sector-privado-internacional-en-la-cop26\/#breadcrumb\",\"itemListElement\":[{\"@type\":\"ListItem\",\"position\":1,\"name\":\"Inicio\",\"item\":\"https:\/\/grupogpps.org\/\"},{\"@type\":\"ListItem\",\"position\":2,\"name\":\"GPS particip\u00f3 de eventos organizados por el sector privado internacional en la COP26\"}]},{\"@type\":\"WebSite\",\"@id\":\"https:\/\/grupogpps.org\/#website\",\"url\":\"https:\/\/grupogpps.org\/\",\"name\":\"GPS\",\"description\":\"Grupo de pa\u00edses productores del sur\",\"publisher\":{\"@id\":\"https:\/\/grupogpps.org\/#organization\"},\"potentialAction\":[{\"@type\":\"SearchAction\",\"target\":{\"@type\":\"EntryPoint\",\"urlTemplate\":\"https:\/\/grupogpps.org\/?s={search_term_string}\"},\"query-input\":{\"@type\":\"PropertyValueSpecification\",\"valueRequired\":true,\"valueName\":\"search_term_string\"}}],\"inLanguage\":\"pt-BR\"},{\"@type\":\"Organization\",\"@id\":\"https:\/\/grupogpps.org\/#organization\",\"name\":\"GPS - Grupo de pa\u00edses productores del sur\",\"url\":\"https:\/\/grupogpps.org\/\",\"logo\":{\"@type\":\"ImageObject\",\"inLanguage\":\"pt-BR\",\"@id\":\"https:\/\/grupogpps.org\/#\/schema\/logo\/image\/\",\"url\":\"http:\/\/grupogpps.org\/wp-content\/uploads\/2021\/06\/logoGPS3.svg\",\"contentUrl\":\"http:\/\/grupogpps.org\/wp-content\/uploads\/2021\/06\/logoGPS3.svg\",\"width\":1,\"height\":1,\"caption\":\"GPS - Grupo de pa\u00edses productores del sur\"},\"image\":{\"@id\":\"https:\/\/grupogpps.org\/#\/schema\/logo\/image\/\"},\"sameAs\":[\"https:\/\/www.linkedin.com\/company\/25037162\/\",\"https:\/\/x.com\/GPSLatinAmerica\",\"https:\/\/www.instagram.com\/gpslatin\/\",\"https:\/\/www.youtube.com\/channel\/UCM2Qf0jSqNRJRkqmU8dO9QA\/videos\"]},{\"@type\":\"Person\",\"@id\":\"https:\/\/grupogpps.org\/#\/schema\/person\/faaafcd24616dff095821c72659ce41f\",\"name\":\"GPS GPS\",\"url\":\"https:\/\/grupogpps.org\/pt\/author\/gps\/\"}]}<\/script>\n<!-- \/ Yoast SEO plugin. -->","yoast_head_json":{"title":"GPS particip\u00f3 de eventos organizados por el sector privado internacional en la COP26 - GPS","robots":{"index":"index","follow":"follow","max-snippet":"max-snippet:-1","max-image-preview":"max-image-preview:large","max-video-preview":"max-video-preview:-1"},"canonical":"https:\/\/grupogpps.org\/pt\/gps-participo-de-eventos-organizados-por-el-sector-privado-internacional-en-la-cop26\/","og_locale":"pt_BR","og_type":"article","og_title":"GPS particip\u00f3 de eventos organizados por el sector privado internacional en la COP26 - GPS","og_description":"Sobre las COP En 1992, la ONU organiz\u00f3 un gran evento en R\u00edo de Janeiro llamado Cumbre de la Tierra, en el que se adopt\u00f3 la Convenci\u00f3n Marco de las Naciones Unidas sobre el Cambio Clim\u00e1tico (CMNUCC). En este tratado, las naciones acordaron \u00abestabilizar las concentraciones de gases de efecto invernadero en la atm\u00f3sfera\u00bb para [&hellip;]","og_url":"https:\/\/grupogpps.org\/pt\/gps-participo-de-eventos-organizados-por-el-sector-privado-internacional-en-la-cop26\/","og_site_name":"GPS","article_publisher":"https:\/\/www.linkedin.com\/company\/25037162\/","article_published_time":"2021-11-22T17:21:53+00:00","article_modified_time":"2021-11-29T12:46:47+00:00","og_image":[{"width":377,"height":195,"url":"https:\/\/grupogpps.org\/wp-content\/uploads\/2021\/11\/Captura-de-Pantalla-2021-11-22-a-las-14.21.27.png","type":"image\/png"}],"author":"GPS GPS","twitter_card":"summary_large_image","twitter_creator":"@GPSLatinAmerica","twitter_site":"@GPSLatinAmerica","twitter_misc":{"Escrito por":"GPS GPS","Est. tempo de leitura":"7 minutos"},"schema":{"@context":"https:\/\/schema.org","@graph":[{"@type":"Article","@id":"https:\/\/grupogpps.org\/gps-participo-de-eventos-organizados-por-el-sector-privado-internacional-en-la-cop26\/#article","isPartOf":{"@id":"https:\/\/grupogpps.org\/gps-participo-de-eventos-organizados-por-el-sector-privado-internacional-en-la-cop26\/"},"author":{"name":"GPS GPS","@id":"https:\/\/grupogpps.org\/#\/schema\/person\/faaafcd24616dff095821c72659ce41f"},"headline":"GPS particip\u00f3 de eventos organizados por el sector privado internacional en la COP26","datePublished":"2021-11-22T17:21:53+00:00","dateModified":"2021-11-29T12:46:47+00:00","mainEntityOfPage":{"@id":"https:\/\/grupogpps.org\/gps-participo-de-eventos-organizados-por-el-sector-privado-internacional-en-la-cop26\/"},"wordCount":1503,"commentCount":0,"publisher":{"@id":"https:\/\/grupogpps.org\/#organization"},"image":{"@id":"https:\/\/grupogpps.org\/gps-participo-de-eventos-organizados-por-el-sector-privado-internacional-en-la-cop26\/#primaryimage"},"thumbnailUrl":"https:\/\/grupogpps.org\/wp-content\/uploads\/2021\/11\/Captura-de-Pantalla-2021-11-22-a-las-14.21.27.png","articleSection":["Actividades","Eventos","Home","Novedades"],"inLanguage":"pt-BR","potentialAction":[{"@type":"CommentAction","name":"Comment","target":["https:\/\/grupogpps.org\/gps-participo-de-eventos-organizados-por-el-sector-privado-internacional-en-la-cop26\/#respond"]}]},{"@type":"WebPage","@id":"https:\/\/grupogpps.org\/gps-participo-de-eventos-organizados-por-el-sector-privado-internacional-en-la-cop26\/","url":"https:\/\/grupogpps.org\/gps-participo-de-eventos-organizados-por-el-sector-privado-internacional-en-la-cop26\/","name":"GPS particip\u00f3 de eventos organizados por el sector privado internacional en la COP26 - GPS","isPartOf":{"@id":"https:\/\/grupogpps.org\/#website"},"primaryImageOfPage":{"@id":"https:\/\/grupogpps.org\/gps-participo-de-eventos-organizados-por-el-sector-privado-internacional-en-la-cop26\/#primaryimage"},"image":{"@id":"https:\/\/grupogpps.org\/gps-participo-de-eventos-organizados-por-el-sector-privado-internacional-en-la-cop26\/#primaryimage"},"thumbnailUrl":"https:\/\/grupogpps.org\/wp-content\/uploads\/2021\/11\/Captura-de-Pantalla-2021-11-22-a-las-14.21.27.png","datePublished":"2021-11-22T17:21:53+00:00","dateModified":"2021-11-29T12:46:47+00:00","breadcrumb":{"@id":"https:\/\/grupogpps.org\/gps-participo-de-eventos-organizados-por-el-sector-privado-internacional-en-la-cop26\/#breadcrumb"},"inLanguage":"pt-BR","potentialAction":[{"@type":"ReadAction","target":["https:\/\/grupogpps.org\/gps-participo-de-eventos-organizados-por-el-sector-privado-internacional-en-la-cop26\/"]}]},{"@type":"ImageObject","inLanguage":"pt-BR","@id":"https:\/\/grupogpps.org\/gps-participo-de-eventos-organizados-por-el-sector-privado-internacional-en-la-cop26\/#primaryimage","url":"https:\/\/grupogpps.org\/wp-content\/uploads\/2021\/11\/Captura-de-Pantalla-2021-11-22-a-las-14.21.27.png","contentUrl":"https:\/\/grupogpps.org\/wp-content\/uploads\/2021\/11\/Captura-de-Pantalla-2021-11-22-a-las-14.21.27.png","width":377,"height":195,"caption":"Cambio clim\u00e1tico"},{"@type":"BreadcrumbList","@id":"https:\/\/grupogpps.org\/gps-participo-de-eventos-organizados-por-el-sector-privado-internacional-en-la-cop26\/#breadcrumb","itemListElement":[{"@type":"ListItem","position":1,"name":"Inicio","item":"https:\/\/grupogpps.org\/"},{"@type":"ListItem","position":2,"name":"GPS particip\u00f3 de eventos organizados por el sector privado internacional en la COP26"}]},{"@type":"WebSite","@id":"https:\/\/grupogpps.org\/#website","url":"https:\/\/grupogpps.org\/","name":"GPS","description":"Grupo de pa\u00edses productores del sur","publisher":{"@id":"https:\/\/grupogpps.org\/#organization"},"potentialAction":[{"@type":"SearchAction","target":{"@type":"EntryPoint","urlTemplate":"https:\/\/grupogpps.org\/?s={search_term_string}"},"query-input":{"@type":"PropertyValueSpecification","valueRequired":true,"valueName":"search_term_string"}}],"inLanguage":"pt-BR"},{"@type":"Organization","@id":"https:\/\/grupogpps.org\/#organization","name":"GPS - Grupo de pa\u00edses productores del sur","url":"https:\/\/grupogpps.org\/","logo":{"@type":"ImageObject","inLanguage":"pt-BR","@id":"https:\/\/grupogpps.org\/#\/schema\/logo\/image\/","url":"http:\/\/grupogpps.org\/wp-content\/uploads\/2021\/06\/logoGPS3.svg","contentUrl":"http:\/\/grupogpps.org\/wp-content\/uploads\/2021\/06\/logoGPS3.svg","width":1,"height":1,"caption":"GPS - Grupo de pa\u00edses productores del sur"},"image":{"@id":"https:\/\/grupogpps.org\/#\/schema\/logo\/image\/"},"sameAs":["https:\/\/www.linkedin.com\/company\/25037162\/","https:\/\/x.com\/GPSLatinAmerica","https:\/\/www.instagram.com\/gpslatin\/","https:\/\/www.youtube.com\/channel\/UCM2Qf0jSqNRJRkqmU8dO9QA\/videos"]},{"@type":"Person","@id":"https:\/\/grupogpps.org\/#\/schema\/person\/faaafcd24616dff095821c72659ce41f","name":"GPS GPS","url":"https:\/\/grupogpps.org\/pt\/author\/gps\/"}]}},"_links":{"self":[{"href":"https:\/\/grupogpps.org\/pt\/wp-json\/wp\/v2\/posts\/3752","targetHints":{"allow":["GET"]}}],"collection":[{"href":"https:\/\/grupogpps.org\/pt\/wp-json\/wp\/v2\/posts"}],"about":[{"href":"https:\/\/grupogpps.org\/pt\/wp-json\/wp\/v2\/types\/post"}],"author":[{"embeddable":true,"href":"https:\/\/grupogpps.org\/pt\/wp-json\/wp\/v2\/users\/2"}],"replies":[{"embeddable":true,"href":"https:\/\/grupogpps.org\/pt\/wp-json\/wp\/v2\/comments?post=3752"}],"version-history":[{"count":4,"href":"https:\/\/grupogpps.org\/pt\/wp-json\/wp\/v2\/posts\/3752\/revisions"}],"predecessor-version":[{"id":3761,"href":"https:\/\/grupogpps.org\/pt\/wp-json\/wp\/v2\/posts\/3752\/revisions\/3761"}],"wp:featuredmedia":[{"embeddable":true,"href":"https:\/\/grupogpps.org\/pt\/wp-json\/wp\/v2\/media\/3753"}],"wp:attachment":[{"href":"https:\/\/grupogpps.org\/pt\/wp-json\/wp\/v2\/media?parent=3752"}],"wp:term":[{"taxonomy":"category","embeddable":true,"href":"https:\/\/grupogpps.org\/pt\/wp-json\/wp\/v2\/categories?post=3752"},{"taxonomy":"post_tag","embeddable":true,"href":"https:\/\/grupogpps.org\/pt\/wp-json\/wp\/v2\/tags?post=3752"}],"curies":[{"name":"wp","href":"https:\/\/api.w.org\/{rel}","templated":true}]}}