{"id":3595,"date":"2021-08-24T20:11:19","date_gmt":"2021-08-24T23:11:19","guid":{"rendered":"http:\/\/grupogpps.org\/?p=3595"},"modified":"2021-09-14T17:28:04","modified_gmt":"2021-09-14T20:28:04","slug":"gps-participa-en-la-articulacion-regional-de-posiciones-frente-a-la-cumbre-de-sistemas-alimentarios-de-la-onu","status":"publish","type":"post","link":"https:\/\/grupogpps.org\/pt\/gps-participa-en-la-articulacion-regional-de-posiciones-frente-a-la-cumbre-de-sistemas-alimentarios-de-la-onu\/","title":{"rendered":"GPS PARTICIPA DA ARTICULA\u00c7\u00c3O REGIONAL DE POSI\u00c7\u00d5ES NA FRENTE DA C\u00daPULA DOS SISTEMAS ALIMENTARES DA ONU"},"content":{"rendered":"<p><strong>1. ALGUNS ANTECEDENTES DA CIMEIRA DOS SISTEMAS DE ALIMENTOS<\/strong><\/p>\n\n\n\n<p>A C\u00fapula Mundial sobre Sistemas Alimentares, convocada pela ONU para setembro de 2021, foi organizada com um esquema de governan\u00e7a que inclui um Comit\u00ea Consultivo, um Grupo Cient\u00edfico, t\u00e9cnicos para a prepara\u00e7\u00e3o de documentos e consultas para cinco temas selecionados (5 Trilhas de A\u00e7\u00e3o) e outros mecanismos de consulta e divulga\u00e7\u00e3o. Eles podem ser consultados&nbsp;<a href=\"https:\/\/www.un.org\/en\/food-systems-summit\/leadership#scientific-group\" target=\"_blank\" rel=\"noreferrer noopener\">neste link<\/a><\/p>\n\n\n\n<p>Todos eles foram concebidos quase sem presen\u00e7a da regi\u00e3o latino-americana, tanto em termos dos problemas como das realidades do desenvolvimento local em nossa regi\u00e3o. Tampouco refletem adequadamente as quest\u00f5es relacionadas \u00e0 produ\u00e7\u00e3o e ao com\u00e9rcio agroalimentares.<\/p>\n\n\n\n<p>Por isso, foi necess\u00e1rio desenvolver a\u00e7\u00f5es conjuntas com o MERCOSUL e os pa\u00edses americanos para que a C\u00fapula considere nossas realidades, nossos objetivos, nossas oportunidades e desafios para contribuir com o desenvolvimento econ\u00f4mico e social, especialmente no interior do pa\u00eds.&nbsp;<\/p>\n\n\n\n<p>Entendemos que um com\u00e9rcio global fluido, sem barreiras que n\u00e3o sejam amparadas por informa\u00e7\u00f5es cient\u00edficas, \u00e9 crucial para viabilizar as transforma\u00e7\u00f5es de sistemas alimentares insustent\u00e1veis \u200b\u200b(da UE e dos pa\u00edses asi\u00e1ticos), bem como para atender \u00e0s necessidades dos pa\u00edses. n\u00e3o possuem recursos naturais suficientes para satisfazer sua demanda por alimentos e precisam importar ao menor custo poss\u00edvel. Atualmente, o com\u00e9rcio mundial constitui uma porcentagem significativa do consumo mundial e as proje\u00e7\u00f5es da OCDE-FAO para a pr\u00f3xima d\u00e9cada indicam que as importa\u00e7\u00f5es de alimentos continuar\u00e3o a ser um componente cr\u00edtico para o consumo dos pa\u00edses importadores l\u00edquidos, especialmente na \u00c1sia, Oriente M\u00e9dio e \u00c1frica.<\/p>\n\n\n\n<p>Da mesma forma, \u00e9 feita uma cr\u00edtica gen\u00e9rica ao sistema alimentar global, sem reconhecer as transforma\u00e7\u00f5es que j\u00e1 ocorreram nos pa\u00edses da regi\u00e3o, com o enfoque da \u201cintensifica\u00e7\u00e3o sustent\u00e1vel\u201d, que permite aumentar a produ\u00e7\u00e3o com sistemas de conserva\u00e7\u00e3o; Ou seja, contribui para a seguran\u00e7a alimentar com sistemas de produ\u00e7\u00e3o eficientes e ecologicamente corretos.&nbsp;<\/p>\n\n\n\n<p>Tampouco se atribui import\u00e2ncia suficiente \u00e0 P&amp;D desenvolvida sem limita\u00e7\u00f5es ideol\u00f3gicas e \u00e0 coopera\u00e7\u00e3o internacional na mat\u00e9ria, para contribuir para o aumento da efici\u00eancia e resili\u00eancia nos pa\u00edses em desenvolvimento. Por isso, considera-se necess\u00e1rio que a C\u00fapula incorpore os seguintes aspectos:<\/p>\n\n\n\n<ul class=\"wp-block-list\"><li>Import\u00e2ncia de um sistema de com\u00e9rcio global sem barreiras comerciais e sem respaldo cient\u00edfico, para viabilizar a mudan\u00e7a nos sistemas produtivos dos pa\u00edses que o requerem e para atender \u00e0 seguran\u00e7a alimentar mundial.<\/li><li>Import\u00e2ncia da I&amp;D e da coopera\u00e7\u00e3o internacional com vista a promover: o aumento da produtividade, a efici\u00eancia na utiliza\u00e7\u00e3o dos recursos e sua melhoria, a resili\u00eancia, as tecnologias amigas do ambiente e o desenvolvimento da economia circular.<\/li><li>Os sistemas regulat\u00f3rios dos pa\u00edses devem ter bases cient\u00edficas, para evitar que por outros motivos os desenvolvimentos tecnol\u00f3gicos que contribuir\u00e3o para o aumento da produtividade e seguran\u00e7a alimentar global sejam limitados.<\/li><li>Import\u00e2ncia da regi\u00e3o para aumentar as exporta\u00e7\u00f5es l\u00edquidas com sistemas sustent\u00e1veis. Possibilidades de coopera\u00e7\u00e3o internacional para outras regi\u00f5es incorporarem os sistemas de intensifica\u00e7\u00e3o sustent\u00e1veis \u200b\u200bdesenvolvidos na Argentina.&nbsp;<\/li><\/ul>\n\n\n\n<div style=\"height:20px\" aria-hidden=\"true\" class=\"wp-block-spacer\"><\/div>\n\n\n\n<p><strong>2. O PAPEL DA REGI\u00c3O E A DOCUMENTA\u00c7\u00c3O PARA A CIME<\/strong><\/p>\n\n\n\n<p>O GPS participa ativamente da coordena\u00e7\u00e3o e harmoniza\u00e7\u00e3o das a\u00e7\u00f5es do setor privado em n\u00edvel regional. A articula\u00e7\u00e3o das a\u00e7\u00f5es regionais com vistas \u00e0 participa\u00e7\u00e3o na C\u00fapula \u00e9 desenvolvida pelo IICA. Da mesma forma, os Minist\u00e9rios das Rela\u00e7\u00f5es Exteriores, em conjunto com os da Agricultura dos diversos pa\u00edses, t\u00eam promovido e articulado o mecanismo de di\u00e1logos nacionais previsto pela C\u00fapula para levantar e consultar as posi\u00e7\u00f5es dos atores privados.<\/p>\n\n\n\n<p>A partir do GPS, foi realizado um processo de consulta a entidades privadas do setor agropecu\u00e1rio da Argentina, Brasil, EUA e Canad\u00e1. Entidades norte-americanas tamb\u00e9m est\u00e3o desenvolvendo uma agenda e preparando documentos. Os presidentes de MAIZALL, ISGA e ICTC est\u00e3o envolvidos nessas quest\u00f5es e, de fato, nos EUA, uma plataforma nacional foi desenvolvida.<\/p>\n\n\n\n<p>O GPS e seus membros t\u00eam participado da prepara\u00e7\u00e3o de uma s\u00e9rie de eventos e documentos, bem como de eventos e di\u00e1logos nacionais convocados pelos Minist\u00e9rios de cada pa\u00eds com o objetivo de contribuir para o posicionamento estrat\u00e9gico da regi\u00e3o.<\/p>\n\n\n\n<p>Abaixo, inclu\u00edmos a lista de documenta\u00e7\u00e3o de interesse para a C\u00fapula.<\/p>\n\n\n\n<p>Documentos e eventos do IICA<\/p>\n\n\n\n<p>Documentos e declara\u00e7\u00f5es governamentais<\/p>\n\n\n\n<p>Documentos, eventos e declara\u00e7\u00f5es de institui\u00e7\u00f5es regionais<\/p>\n\n\n\n<p>Documentos dispon\u00edveis para divulga\u00e7\u00e3o da sustentabilidade dos sistemas regionais e locais de produ\u00e7\u00e3o de alimentos<\/p>\n\n\n\n<p>Documentos sobre a liga\u00e7\u00e3o entre com\u00e9rcio e seguran\u00e7a alimentar<\/p>\n\n\n\n<div style=\"height:20px\" aria-hidden=\"true\" class=\"wp-block-spacer\"><\/div>\n\n\n\n<p>a. <strong>DOCUMENTOS E EVENTOS DO IICA<\/strong><\/p>\n\n\n\n<ul class=\"wp-block-list\"><li><a href=\"https:\/\/iica.int\/es\/prensa\/noticias\/precumbre-de-sistemas-alimentarios-los-paises-de-las-americas-dan-una-contundente\" target=\"_blank\" rel=\"noreferrer noopener\">PRECUMBRE DE SISTEMAS ALIMENTARIOS: LOS PA\u00cdSES DE LAS AM\u00c9RICAS DAN UNA CONTUNDENTE MUESTRA DE UNIDAD EN FORO GLOBAL SOBRE EL FUTURO DE LA PRODUCCI\u00d3N DE ALIMENTOS (IICA, Julio 2021)<\/a><\/li><\/ul>\n\n\n\n<ul class=\"wp-block-list\"><li><a href=\"https:\/\/www.iica.int\/sites\/default\/files\/2021-06\/PR-2Cumbredelossistemasalimentarios2021.pdf\" target=\"_blank\" rel=\"noreferrer noopener\">\u201cPrincipales mensajes en camino hacia la Cumbre de las Naciones Unidas sobre los Sistemas Alimentarios, desde la perspectiva de la agricultura de las Ame\u0301ricas\u201d (IICA, 28 de junio de 2021)<\/a><\/li><\/ul>\n\n\n\n<ul class=\"wp-block-list\"><li>Webinar organizado pelo IICA com a participa\u00e7\u00e3o do GPS.&nbsp;<a href=\"https:\/\/iica.int\/es\/prensa\/eventos\/el-papel-de-los-cereales-y-las-semillas-oleaginosas-en-los-sistemas-alimentarios\" target=\"_blank\" rel=\"noreferrer noopener\">EL PAPEL DE LOS CEREALES Y LAS SEMILLAS OLEAGINOSAS EN LOS SISTEMAS ALIMENTARIOS SOSTENIBLES: LA PERSPECTIVA DEL HEMISFERIO OCCIDENTAL HACIA LA CUMBRE DE SISTEMAS ALIMENTARIOS DE LAS NACIONES UNIDAS DE 2021 (abril 2021)<\/a><\/li><\/ul>\n\n\n\n<ul class=\"wp-block-list\"><li><a href=\"https:\/\/sc-fss2021.org\/wp-content\/uploads\/2021\/03\/FSS_Brief_Bioeconomy_and_Food_Systems_Transformation.pdf\" target=\"_blank\" rel=\"noreferrer noopener\">\u201cThe Bioeconomy and Food Systems Transformation\u201d (Food Systems Summit Brief prepared by Research Partners of the Scientific Group for the Food Systems Summit, IICA-CABR, Febrero 2021)<\/a><\/li><\/ul>\n\n\n\n<ul class=\"wp-block-list\"><li><a href=\"https:\/\/repositorio.iica.int\/bitstream\/handle\/11324\/17523\/5117-00.pdf?sequence=1&amp;isAllowed=y\" target=\"_blank\" rel=\"noreferrer noopener\">\u201cIICA in the 2021 UN Food Systems Summit\u201d (IICA, 2021)<\/a><\/li><\/ul>\n\n\n\n<div style=\"height:20px\" aria-hidden=\"true\" class=\"wp-block-spacer\"><\/div>\n\n\n\n<p>b. <strong>DOCUMENTOS E DECLARA\u00c7\u00d5ES DO GOVERNO<\/strong><\/p>\n\n\n\n<ul class=\"wp-block-list\"><li>As contribui\u00e7\u00f5es dos di\u00e1logos nacionais sobre os diferentes temas podem ser acessadas neste <a href=\"https:\/\/summitdialogues.org\/es\/explora-los-dialogos\/?dm_country=argentina,brazil,paraguay,uruguay&amp;dm_type=national\" data-type=\"URL\" data-id=\"https:\/\/summitdialogues.org\/es\/explora-los-dialogos\/?dm_country=argentina,brazil,paraguay,uruguay&amp;dm_type=national\" target=\"_blank\" rel=\"noreferrer noopener\">link<\/a><\/li><\/ul>\n\n\n\n<ul class=\"wp-block-list\"><li><a href=\"http:\/\/consejocas.org\/los-ministros-del-cas-presentaron-su-posicion-en-la-precumbre-de-sistemas-alimentarios\/\" target=\"_blank\" rel=\"noreferrer noopener\">Presentaci\u00f3n de los Ministros de Agricultura de la regi\u00f3n en la Pre-Cumbre de Roma (julio 2021)<\/a><\/li><\/ul>\n\n\n\n<ul class=\"wp-block-list\"><li><a href=\"https:\/\/www.youtube.com\/watch?v=k-h1-qwMuBw\" target=\"_blank\" rel=\"noreferrer noopener\">Video de la Sesi\u00f3n sobre Comercio de la Pre-Cumbre \u201cHarnessing the Contribution of International Agriculture Trade for Sustainable Food Systems\u201d<\/a><\/li><\/ul>\n\n\n\n<ul class=\"wp-block-list\"><li><a href=\"http:\/\/consejocas.org\/wp-content\/uploads\/2021\/05\/Declaracin-I.-Principios-y-valores-de-la-regin-para-la-produccin-de-alimentos-en-el-marco-del-Desarrollo-Sostenible.pdf\" target=\"_blank\" rel=\"noreferrer noopener\">Declaraci\u00f3n de Ministros de Agricultura en el Consejo Agropecuario del Sur (mayo 2021)<\/a><\/li><\/ul>\n\n\n\n<ul class=\"wp-block-list\"><li><a href=\"https:\/\/docs.wto.org\/dol2fe\/Pages\/SS\/directdoc.aspx?filename=q:\/G\/AG\/GEN186.pdf&amp;Open=True\" target=\"_blank\" rel=\"noreferrer noopener\">Declaraci\u00f3n conjunta de pa\u00edses productores de alimentos ante la OMC (mayo 2021)<\/a><\/li><\/ul>\n\n\n\n<div style=\"height:20px\" aria-hidden=\"true\" class=\"wp-block-spacer\"><\/div>\n\n\n\n<p>c. <strong>DOCUMENTOS E DECLARA\u00c7\u00d5ES DE INSTITUI\u00c7\u00d5ES DA REGI\u00c3O<\/strong><\/p>\n\n\n\n<ul class=\"wp-block-list\"><li><a href=\"https:\/\/docs.wto.org\/dol2fe\/Pages\/SS\/directdoc.aspx?filename=q:\/G\/AG\/GEN186.pdf&amp;Open=True\" target=\"_blank\" rel=\"noreferrer noopener\">MAIZALL contribution to the UN Food Systems Summit (mayo 2021)<\/a><\/li><\/ul>\n\n\n\n<ul class=\"wp-block-list\"><li><a href=\"https:\/\/naega.org\/wp-content\/uploads\/2021\/06\/NAEGA-Statement-on-Crosscutting-Trade-Investment-and-Security-for-Food-Systems-as-of-6-9-21.pdf\" target=\"_blank\" rel=\"noreferrer noopener\">NAEGA Statement on the United Nations Food Systems Summit (Junio 2021)<\/a><\/li><\/ul>\n\n\n\n<ul class=\"wp-block-list\"><li><a href=\"https:\/\/www.worldseed.org\/wp-content\/uploads\/2021\/03\/Seed-sector-declaration-UN-FSS-Spanish.pdf\" target=\"_blank\" rel=\"noreferrer noopener\">International Seed Federation - Declaraci\u00f3n frente a la Cumbre Sobre Sistemas Alimentarios (Diciembre 2020)<\/a><\/li><\/ul>\n\n\n\n<div style=\"height:20px\" aria-hidden=\"true\" class=\"wp-block-spacer\"><\/div>\n\n\n\n<p>d. <strong>DOCUMENTOS DISPON\u00cdVEIS PARA DIVULGA\u00c7\u00c3O SOBRE A SUSTENTABILIDADE DE SISTEMAS REGIONAIS E LOCAIS DE PRODU\u00c7\u00c3O DE ALIMENTOS<\/strong><\/p>\n\n\n\n<ul class=\"wp-block-list\"><li><a href=\"https:\/\/read.oecd-ilibrary.org\/agriculture-and-food\/making-better-policies-for-food-systems_ddfba4de-en#page2\">\u201cMaking Better Policies for Food Systems\u201d (OECD, Enero 2021)<\/a><\/li><\/ul>\n\n\n\n<ul class=\"wp-block-list\"><li><a href=\"https:\/\/www.bolsadecereales.com\/imagenes\/retaa\/2021-02\/219-retaamensualn41-practicasambientales.pdf\" target=\"_blank\" rel=\"noreferrer noopener\">\u201cPRA\u0301CTICAS AMBIENTALES EN LA PRODUCCIO\u0301N AGRI\u0301COLA ARGENTINA\u201d (Bolsa de Cereales de Buenos Aires, Febrero 2021)<\/a><\/li><\/ul>\n\n\n\n<ul class=\"wp-block-list\"><li><a href=\"https:\/\/observatoriocts.oei.org.ar\/wp-content\/uploads\/2021\/02\/Papeles-19-Web-VERSION-FINAL.pdf\" target=\"_blank\" rel=\"noreferrer noopener\">\u201cEl potencial del mejoramiento vegetal en la busqueda de sustentabilidad de seguridad alimentaria\u201d (Organizaci\u00f3n de Estados Iberoamericanos, Febrero 2021)<\/a><\/li><\/ul>\n\n\n\n<ul class=\"wp-block-list\"><li><a href=\"https:\/grupogpps.org\/wp-content\/uploads\/2021\/08\/Descripcion-de-la-agricultura-Argentina.-AACREA-AAPRESID.pdf\" data-type=\"URL\" data-id=\"https:\/grupogpps.org\/wp-content\/uploads\/2021\/08\/Descripcion-de-la-agricultura-Argentina.-AACREA-AAPRESID.pdf\" target=\"_blank\" rel=\"noreferrer noopener\">\u201cEvoluci\u00f3n de la agricultura extensiva argentina hacia un sistema productivo sostenible\u201d (AACREA-AAPRESID-GPS, Julio 2021)<\/a><\/li><\/ul>\n\n\n\n<ul class=\"wp-block-list\"><li><a href=\"https:\/\/croplifebrasil.org\/noticias\/atlas-do-agronegocio-brasileiro\/\" target=\"_blank\" rel=\"noreferrer noopener\">\u201cAtlas do Agroneg\u00f3cio Brasileiro: Uma Jornada Sustent\u00e1vel\u201d (Croplife Brasil, Junio 2021)<\/a><\/li><\/ul>\n\n\n\n<ul class=\"wp-block-list\"><li><a href=\"http:\/\/www.fao.org\/fileadmin\/user_upload\/GSP\/GSOCseq\/Argentina_SOC_SequestrationPotentialNationalMap.pdf\" target=\"_blank\" rel=\"noreferrer noopener\">\u201cArgentina: Soil Organic Carbon Sequestration Potential National Map\u201d (FAO, 2021)<\/a><\/li><\/ul>\n\n\n\n<ul class=\"wp-block-list\"><li><a href=\"https:\/\/www.ifpri.org\/publication\/agricultural-development-new-perspectives-changing-world\" target=\"_blank\" rel=\"noreferrer noopener\">\u201cAgricultural Development. New perspectives in a changing world\u201d (IFPRI, 2021)<\/a><\/li><\/ul>\n\n\n\n<ul class=\"wp-block-list\"><li><a href=\"http:\/\/grupogpps.org\/pt\/diagnostico-y-megatendencias-ambientales-del-sector-agropecuario-en-la-region-mercosur\/\" target=\"_blank\" rel=\"noreferrer noopener\">\u201cDiagno\u0301stico y megatendencias ambientales del sector agropecuario en la Regio\u0301n MERCOSUR\u201d (E. Viglizzo, Junio 2021).<\/a>.<\/li><\/ul>\n\n\n\n<ul class=\"wp-block-list\"><li><a href=\"https:\/\/foodsustainability.eiu.com\/blogs\/policies-are-crucial-for-food-system-transformation\/\" target=\"_blank\" rel=\"noreferrer noopener\">\u201cPolicies are crucial for food system transformation\u201d (Johan Swinnen, IFPRI, 2021)<\/a><\/li><\/ul>\n\n\n\n<ul class=\"wp-block-list\"><li><a href=\"http:\/\/grupogpps.org\/pt\/la-conferencia-de-las-naciones-unidas-sobre-los-sistemas-alimentarios-un-desafio-para-el-mercosur\/\" target=\"_blank\" rel=\"noreferrer noopener\">\u201cLa Conferencia de las Naciones Unidas sobre los sistemas alimentarios: un desaf\u00edo para el Mercosur\u201d (Mart\u00edn Pi\u00f1eiro, Junio 2021)<\/a><\/li><\/ul>\n\n\n\n<ul class=\"wp-block-list\"><li><a href=\"http:\/\/grupogpps.org\/pt\/gps-participo-en-el-congreso-de-aapresid\/\" target=\"_blank\" rel=\"noreferrer noopener\">Presentaciones de Marcelo Reg\u00fagana (GPS), Gustavo Id\u00edgoras (CIARA-CEC) y Marcos Jank (INSPER) (Congreso AAPRESID, Agosto 2021)<\/a><\/li><\/ul>\n\n\n\n<div style=\"height:20px\" aria-hidden=\"true\" class=\"wp-block-spacer\"><\/div>\n\n\n\n<p>e. <strong>DOCUMENTOS SOBRE O LINK ENTRE COM\u00c9RCIO E SEGURAN\u00c7A ALIMENTAR<\/strong><\/p>\n\n\n\n<ul class=\"wp-block-list\"><li><a href=\"http:\/\/grupogpps.org\/wp-content\/uploads\/2021\/09\/Pineiro-et-al-El-Sistema-alimentario-global-...TESEO9789877233025_613bb01e0c9b3.pdf\">El sistema alimentario global. Una perspectiva de Am\u00e9rica Latina (Pi\u00f1eiro M. y otros, TESEO-CARI-GPS, Septiembre de 2021)<\/a><\/li><\/ul>\n\n\n\n<ul class=\"wp-block-list\"><li><a rel=\"noreferrer noopener\" href=\"https:\/\/www.iisd.org\/publications\/trade-policy-address-food-system-shocks\" target=\"_blank\">\u201cHow Could Trade Policy Better Address Food System Shocks?\u201d\u00a0(J. Hepburn et al,\u00a0IISD, Marzo 2021)<\/a><\/li><\/ul>\n\n\n\n<ul class=\"wp-block-list\"><li><a href=\"http:\/\/inai.org.ar\/el-comercio-como-medio-para-viabilizar-la-trasformacion-de-los-sistemas-alimentarios\/\" target=\"_blank\" rel=\"noreferrer noopener\">\u201cEl comercio como medio para viabilizar la trasformacio\u0301n de los sistemas alimentarios\u201d (N. Illescas, M. Reg\u00fanaga y A. Tejeda, INAI, Mayo 2021)<\/a><\/li><\/ul>\n\n\n\n<ul class=\"wp-block-list\"><li><a href=\"https:\/\/www.oecd.org\/newsroom\/OECD-G7-Report-Fostering-Economic-Resilience-in-a-World-of-Open-and-Integrated-Markets.pdf\" target=\"_blank\" rel=\"noreferrer noopener\">\u201cFOSTERING ECONOMIC RESILIENCE IN A WORLD OF OPEN AND INTEGRATED MARKETS.  RISKS, VULNERABILITIES AND AREAS FOR POLICY ACTION\u201d (REPORT PREPARED FOR THE 2021 UK PRESIDENCY OF THE G7, OECD, 2021)<\/a><\/li><\/ul>\n\n\n\n<p><\/p>","protected":false},"excerpt":{"rendered":"<p>1. ALGUNOS ANTECEDENTES SOBRE LA CUMBRE DE SISTEMAS ALIMENTARIOS La Cumbre Mundial de Sistemas Alimentarios, convocada por la ONU para septiembre de 2021, se ha organizado con un esquema de gobernanza que incluye un Comit\u00e9 Asesor, un Grupo Cient\u00edfico, t\u00e9cnicos para la preparaci\u00f3n de documentos y consultas para cinco temas seleccionados (5 Action Tracks) y [&hellip;]<\/p>","protected":false},"author":2,"featured_media":3415,"comment_status":"open","ping_status":"closed","sticky":false,"template":"","format":"standard","meta":{"footnotes":""},"categories":[19,58,25,23],"tags":[],"class_list":["post-3595","post","type-post","status-publish","format-standard","has-post-thumbnail","hentry","category-actividades","category-eventos","category-home","category-novedades"],"yoast_head":"<!-- This site is optimized with the Yoast SEO plugin v26.8 - https:\/\/yoast.com\/product\/yoast-seo-wordpress\/ -->\n<title>GPS participa en la articulaci\u00f3n regional de posiciones frente a la Cumbre de Sistemas Alimentarios de la ONU - GPS<\/title>\n<meta name=\"robots\" content=\"index, follow, max-snippet:-1, max-image-preview:large, max-video-preview:-1\" \/>\n<link rel=\"canonical\" href=\"https:\/\/grupogpps.org\/pt\/gps-participa-en-la-articulacion-regional-de-posiciones-frente-a-la-cumbre-de-sistemas-alimentarios-de-la-onu\/\" \/>\n<meta property=\"og:locale\" content=\"pt_BR\" \/>\n<meta property=\"og:type\" content=\"article\" \/>\n<meta property=\"og:title\" content=\"GPS participa en la articulaci\u00f3n regional de posiciones frente a la Cumbre de Sistemas Alimentarios de la ONU - GPS\" \/>\n<meta property=\"og:description\" content=\"1. ALGUNOS ANTECEDENTES SOBRE LA CUMBRE DE SISTEMAS ALIMENTARIOS La Cumbre Mundial de Sistemas Alimentarios, convocada por la ONU para septiembre de 2021, se ha organizado con un esquema de gobernanza que incluye un Comit\u00e9 Asesor, un Grupo Cient\u00edfico, t\u00e9cnicos para la preparaci\u00f3n de documentos y consultas para cinco temas seleccionados (5 Action Tracks) y [&hellip;]\" \/>\n<meta property=\"og:url\" content=\"https:\/\/grupogpps.org\/pt\/gps-participa-en-la-articulacion-regional-de-posiciones-frente-a-la-cumbre-de-sistemas-alimentarios-de-la-onu\/\" \/>\n<meta property=\"og:site_name\" content=\"GPS\" \/>\n<meta property=\"article:publisher\" content=\"https:\/\/www.linkedin.com\/company\/25037162\/\" \/>\n<meta property=\"article:published_time\" content=\"2021-08-24T23:11:19+00:00\" \/>\n<meta property=\"article:modified_time\" content=\"2021-09-14T20:28:04+00:00\" \/>\n<meta property=\"og:image\" content=\"https:\/\/grupogpps.org\/wp-content\/uploads\/2021\/07\/LA-CONFERENCIA-DE-LAS-NACIONES-UNIDAS-SOBRE-LOS-SISTEMAS.jpg\" \/>\n\t<meta property=\"og:image:width\" content=\"760\" \/>\n\t<meta property=\"og:image:height\" content=\"400\" \/>\n\t<meta property=\"og:image:type\" content=\"image\/jpeg\" \/>\n<meta name=\"author\" content=\"GPS GPS\" \/>\n<meta name=\"twitter:card\" content=\"summary_large_image\" \/>\n<meta name=\"twitter:creator\" content=\"@GPSLatinAmerica\" \/>\n<meta name=\"twitter:site\" content=\"@GPSLatinAmerica\" \/>\n<meta name=\"twitter:label1\" content=\"Escrito por\" \/>\n\t<meta name=\"twitter:data1\" content=\"GPS GPS\" \/>\n\t<meta name=\"twitter:label2\" content=\"Est. tempo de leitura\" \/>\n\t<meta name=\"twitter:data2\" content=\"7 minutos\" \/>\n<script type=\"application\/ld+json\" class=\"yoast-schema-graph\">{\"@context\":\"https:\/\/schema.org\",\"@graph\":[{\"@type\":\"Article\",\"@id\":\"https:\/\/grupogpps.org\/pt\/gps-participa-en-la-articulacion-regional-de-posiciones-frente-a-la-cumbre-de-sistemas-alimentarios-de-la-onu\/#article\",\"isPartOf\":{\"@id\":\"https:\/\/grupogpps.org\/pt\/gps-participa-en-la-articulacion-regional-de-posiciones-frente-a-la-cumbre-de-sistemas-alimentarios-de-la-onu\/\"},\"author\":{\"name\":\"GPS GPS\",\"@id\":\"https:\/\/grupogpps.org\/#\/schema\/person\/faaafcd24616dff095821c72659ce41f\"},\"headline\":\"GPS participa en la articulaci\u00f3n regional de posiciones frente a la Cumbre de Sistemas Alimentarios de la ONU\",\"datePublished\":\"2021-08-24T23:11:19+00:00\",\"dateModified\":\"2021-09-14T20:28:04+00:00\",\"mainEntityOfPage\":{\"@id\":\"https:\/\/grupogpps.org\/pt\/gps-participa-en-la-articulacion-regional-de-posiciones-frente-a-la-cumbre-de-sistemas-alimentarios-de-la-onu\/\"},\"wordCount\":1383,\"commentCount\":0,\"publisher\":{\"@id\":\"https:\/\/grupogpps.org\/#organization\"},\"image\":{\"@id\":\"https:\/\/grupogpps.org\/pt\/gps-participa-en-la-articulacion-regional-de-posiciones-frente-a-la-cumbre-de-sistemas-alimentarios-de-la-onu\/#primaryimage\"},\"thumbnailUrl\":\"https:\/\/grupogpps.org\/wp-content\/uploads\/2021\/07\/LA-CONFERENCIA-DE-LAS-NACIONES-UNIDAS-SOBRE-LOS-SISTEMAS.jpg\",\"articleSection\":[\"Actividades\",\"Eventos\",\"Home\",\"Novedades\"],\"inLanguage\":\"pt-BR\",\"potentialAction\":[{\"@type\":\"CommentAction\",\"name\":\"Comment\",\"target\":[\"https:\/\/grupogpps.org\/pt\/gps-participa-en-la-articulacion-regional-de-posiciones-frente-a-la-cumbre-de-sistemas-alimentarios-de-la-onu\/#respond\"]}]},{\"@type\":\"WebPage\",\"@id\":\"https:\/\/grupogpps.org\/pt\/gps-participa-en-la-articulacion-regional-de-posiciones-frente-a-la-cumbre-de-sistemas-alimentarios-de-la-onu\/\",\"url\":\"https:\/\/grupogpps.org\/pt\/gps-participa-en-la-articulacion-regional-de-posiciones-frente-a-la-cumbre-de-sistemas-alimentarios-de-la-onu\/\",\"name\":\"GPS participa en la articulaci\u00f3n regional de posiciones frente a la Cumbre de Sistemas Alimentarios de la ONU - GPS\",\"isPartOf\":{\"@id\":\"https:\/\/grupogpps.org\/#website\"},\"primaryImageOfPage\":{\"@id\":\"https:\/\/grupogpps.org\/pt\/gps-participa-en-la-articulacion-regional-de-posiciones-frente-a-la-cumbre-de-sistemas-alimentarios-de-la-onu\/#primaryimage\"},\"image\":{\"@id\":\"https:\/\/grupogpps.org\/pt\/gps-participa-en-la-articulacion-regional-de-posiciones-frente-a-la-cumbre-de-sistemas-alimentarios-de-la-onu\/#primaryimage\"},\"thumbnailUrl\":\"https:\/\/grupogpps.org\/wp-content\/uploads\/2021\/07\/LA-CONFERENCIA-DE-LAS-NACIONES-UNIDAS-SOBRE-LOS-SISTEMAS.jpg\",\"datePublished\":\"2021-08-24T23:11:19+00:00\",\"dateModified\":\"2021-09-14T20:28:04+00:00\",\"breadcrumb\":{\"@id\":\"https:\/\/grupogpps.org\/pt\/gps-participa-en-la-articulacion-regional-de-posiciones-frente-a-la-cumbre-de-sistemas-alimentarios-de-la-onu\/#breadcrumb\"},\"inLanguage\":\"pt-BR\",\"potentialAction\":[{\"@type\":\"ReadAction\",\"target\":[\"https:\/\/grupogpps.org\/pt\/gps-participa-en-la-articulacion-regional-de-posiciones-frente-a-la-cumbre-de-sistemas-alimentarios-de-la-onu\/\"]}]},{\"@type\":\"ImageObject\",\"inLanguage\":\"pt-BR\",\"@id\":\"https:\/\/grupogpps.org\/pt\/gps-participa-en-la-articulacion-regional-de-posiciones-frente-a-la-cumbre-de-sistemas-alimentarios-de-la-onu\/#primaryimage\",\"url\":\"https:\/\/grupogpps.org\/wp-content\/uploads\/2021\/07\/LA-CONFERENCIA-DE-LAS-NACIONES-UNIDAS-SOBRE-LOS-SISTEMAS.jpg\",\"contentUrl\":\"https:\/\/grupogpps.org\/wp-content\/uploads\/2021\/07\/LA-CONFERENCIA-DE-LAS-NACIONES-UNIDAS-SOBRE-LOS-SISTEMAS.jpg\",\"width\":760,\"height\":400,\"caption\":\"LA CONFERENCIA DE LAS NACIONES UNIDAS SOBRE LOS SISTEMAS\"},{\"@type\":\"BreadcrumbList\",\"@id\":\"https:\/\/grupogpps.org\/pt\/gps-participa-en-la-articulacion-regional-de-posiciones-frente-a-la-cumbre-de-sistemas-alimentarios-de-la-onu\/#breadcrumb\",\"itemListElement\":[{\"@type\":\"ListItem\",\"position\":1,\"name\":\"Inicio\",\"item\":\"https:\/\/grupogpps.org\/\"},{\"@type\":\"ListItem\",\"position\":2,\"name\":\"GPS participa en la articulaci\u00f3n regional de posiciones frente a la Cumbre de Sistemas Alimentarios de la ONU\"}]},{\"@type\":\"WebSite\",\"@id\":\"https:\/\/grupogpps.org\/#website\",\"url\":\"https:\/\/grupogpps.org\/\",\"name\":\"GPS\",\"description\":\"Grupo de pa\u00edses productores del sur\",\"publisher\":{\"@id\":\"https:\/\/grupogpps.org\/#organization\"},\"potentialAction\":[{\"@type\":\"SearchAction\",\"target\":{\"@type\":\"EntryPoint\",\"urlTemplate\":\"https:\/\/grupogpps.org\/?s={search_term_string}\"},\"query-input\":{\"@type\":\"PropertyValueSpecification\",\"valueRequired\":true,\"valueName\":\"search_term_string\"}}],\"inLanguage\":\"pt-BR\"},{\"@type\":\"Organization\",\"@id\":\"https:\/\/grupogpps.org\/#organization\",\"name\":\"GPS - Grupo de pa\u00edses productores del sur\",\"url\":\"https:\/\/grupogpps.org\/\",\"logo\":{\"@type\":\"ImageObject\",\"inLanguage\":\"pt-BR\",\"@id\":\"https:\/\/grupogpps.org\/#\/schema\/logo\/image\/\",\"url\":\"http:\/\/grupogpps.org\/wp-content\/uploads\/2021\/06\/logoGPS3.svg\",\"contentUrl\":\"http:\/\/grupogpps.org\/wp-content\/uploads\/2021\/06\/logoGPS3.svg\",\"width\":1,\"height\":1,\"caption\":\"GPS - Grupo de pa\u00edses productores del sur\"},\"image\":{\"@id\":\"https:\/\/grupogpps.org\/#\/schema\/logo\/image\/\"},\"sameAs\":[\"https:\/\/www.linkedin.com\/company\/25037162\/\",\"https:\/\/x.com\/GPSLatinAmerica\",\"https:\/\/www.instagram.com\/gpslatin\/\",\"https:\/\/www.youtube.com\/channel\/UCM2Qf0jSqNRJRkqmU8dO9QA\/videos\"]},{\"@type\":\"Person\",\"@id\":\"https:\/\/grupogpps.org\/#\/schema\/person\/faaafcd24616dff095821c72659ce41f\",\"name\":\"GPS GPS\",\"url\":\"https:\/\/grupogpps.org\/pt\/author\/gps\/\"}]}<\/script>\n<!-- \/ Yoast SEO plugin. -->","yoast_head_json":{"title":"GPS participa en la articulaci\u00f3n regional de posiciones frente a la Cumbre de Sistemas Alimentarios de la ONU - GPS","robots":{"index":"index","follow":"follow","max-snippet":"max-snippet:-1","max-image-preview":"max-image-preview:large","max-video-preview":"max-video-preview:-1"},"canonical":"https:\/\/grupogpps.org\/pt\/gps-participa-en-la-articulacion-regional-de-posiciones-frente-a-la-cumbre-de-sistemas-alimentarios-de-la-onu\/","og_locale":"pt_BR","og_type":"article","og_title":"GPS participa en la articulaci\u00f3n regional de posiciones frente a la Cumbre de Sistemas Alimentarios de la ONU - GPS","og_description":"1. ALGUNOS ANTECEDENTES SOBRE LA CUMBRE DE SISTEMAS ALIMENTARIOS La Cumbre Mundial de Sistemas Alimentarios, convocada por la ONU para septiembre de 2021, se ha organizado con un esquema de gobernanza que incluye un Comit\u00e9 Asesor, un Grupo Cient\u00edfico, t\u00e9cnicos para la preparaci\u00f3n de documentos y consultas para cinco temas seleccionados (5 Action Tracks) y [&hellip;]","og_url":"https:\/\/grupogpps.org\/pt\/gps-participa-en-la-articulacion-regional-de-posiciones-frente-a-la-cumbre-de-sistemas-alimentarios-de-la-onu\/","og_site_name":"GPS","article_publisher":"https:\/\/www.linkedin.com\/company\/25037162\/","article_published_time":"2021-08-24T23:11:19+00:00","article_modified_time":"2021-09-14T20:28:04+00:00","og_image":[{"width":760,"height":400,"url":"https:\/\/grupogpps.org\/wp-content\/uploads\/2021\/07\/LA-CONFERENCIA-DE-LAS-NACIONES-UNIDAS-SOBRE-LOS-SISTEMAS.jpg","type":"image\/jpeg"}],"author":"GPS GPS","twitter_card":"summary_large_image","twitter_creator":"@GPSLatinAmerica","twitter_site":"@GPSLatinAmerica","twitter_misc":{"Escrito por":"GPS GPS","Est. tempo de leitura":"7 minutos"},"schema":{"@context":"https:\/\/schema.org","@graph":[{"@type":"Article","@id":"https:\/\/grupogpps.org\/pt\/gps-participa-en-la-articulacion-regional-de-posiciones-frente-a-la-cumbre-de-sistemas-alimentarios-de-la-onu\/#article","isPartOf":{"@id":"https:\/\/grupogpps.org\/pt\/gps-participa-en-la-articulacion-regional-de-posiciones-frente-a-la-cumbre-de-sistemas-alimentarios-de-la-onu\/"},"author":{"name":"GPS GPS","@id":"https:\/\/grupogpps.org\/#\/schema\/person\/faaafcd24616dff095821c72659ce41f"},"headline":"GPS participa en la articulaci\u00f3n regional de posiciones frente a la Cumbre de Sistemas Alimentarios de la ONU","datePublished":"2021-08-24T23:11:19+00:00","dateModified":"2021-09-14T20:28:04+00:00","mainEntityOfPage":{"@id":"https:\/\/grupogpps.org\/pt\/gps-participa-en-la-articulacion-regional-de-posiciones-frente-a-la-cumbre-de-sistemas-alimentarios-de-la-onu\/"},"wordCount":1383,"commentCount":0,"publisher":{"@id":"https:\/\/grupogpps.org\/#organization"},"image":{"@id":"https:\/\/grupogpps.org\/pt\/gps-participa-en-la-articulacion-regional-de-posiciones-frente-a-la-cumbre-de-sistemas-alimentarios-de-la-onu\/#primaryimage"},"thumbnailUrl":"https:\/\/grupogpps.org\/wp-content\/uploads\/2021\/07\/LA-CONFERENCIA-DE-LAS-NACIONES-UNIDAS-SOBRE-LOS-SISTEMAS.jpg","articleSection":["Actividades","Eventos","Home","Novedades"],"inLanguage":"pt-BR","potentialAction":[{"@type":"CommentAction","name":"Comment","target":["https:\/\/grupogpps.org\/pt\/gps-participa-en-la-articulacion-regional-de-posiciones-frente-a-la-cumbre-de-sistemas-alimentarios-de-la-onu\/#respond"]}]},{"@type":"WebPage","@id":"https:\/\/grupogpps.org\/pt\/gps-participa-en-la-articulacion-regional-de-posiciones-frente-a-la-cumbre-de-sistemas-alimentarios-de-la-onu\/","url":"https:\/\/grupogpps.org\/pt\/gps-participa-en-la-articulacion-regional-de-posiciones-frente-a-la-cumbre-de-sistemas-alimentarios-de-la-onu\/","name":"GPS participa en la articulaci\u00f3n regional de posiciones frente a la Cumbre de Sistemas Alimentarios de la ONU - GPS","isPartOf":{"@id":"https:\/\/grupogpps.org\/#website"},"primaryImageOfPage":{"@id":"https:\/\/grupogpps.org\/pt\/gps-participa-en-la-articulacion-regional-de-posiciones-frente-a-la-cumbre-de-sistemas-alimentarios-de-la-onu\/#primaryimage"},"image":{"@id":"https:\/\/grupogpps.org\/pt\/gps-participa-en-la-articulacion-regional-de-posiciones-frente-a-la-cumbre-de-sistemas-alimentarios-de-la-onu\/#primaryimage"},"thumbnailUrl":"https:\/\/grupogpps.org\/wp-content\/uploads\/2021\/07\/LA-CONFERENCIA-DE-LAS-NACIONES-UNIDAS-SOBRE-LOS-SISTEMAS.jpg","datePublished":"2021-08-24T23:11:19+00:00","dateModified":"2021-09-14T20:28:04+00:00","breadcrumb":{"@id":"https:\/\/grupogpps.org\/pt\/gps-participa-en-la-articulacion-regional-de-posiciones-frente-a-la-cumbre-de-sistemas-alimentarios-de-la-onu\/#breadcrumb"},"inLanguage":"pt-BR","potentialAction":[{"@type":"ReadAction","target":["https:\/\/grupogpps.org\/pt\/gps-participa-en-la-articulacion-regional-de-posiciones-frente-a-la-cumbre-de-sistemas-alimentarios-de-la-onu\/"]}]},{"@type":"ImageObject","inLanguage":"pt-BR","@id":"https:\/\/grupogpps.org\/pt\/gps-participa-en-la-articulacion-regional-de-posiciones-frente-a-la-cumbre-de-sistemas-alimentarios-de-la-onu\/#primaryimage","url":"https:\/\/grupogpps.org\/wp-content\/uploads\/2021\/07\/LA-CONFERENCIA-DE-LAS-NACIONES-UNIDAS-SOBRE-LOS-SISTEMAS.jpg","contentUrl":"https:\/\/grupogpps.org\/wp-content\/uploads\/2021\/07\/LA-CONFERENCIA-DE-LAS-NACIONES-UNIDAS-SOBRE-LOS-SISTEMAS.jpg","width":760,"height":400,"caption":"LA CONFERENCIA DE LAS NACIONES UNIDAS SOBRE LOS SISTEMAS"},{"@type":"BreadcrumbList","@id":"https:\/\/grupogpps.org\/pt\/gps-participa-en-la-articulacion-regional-de-posiciones-frente-a-la-cumbre-de-sistemas-alimentarios-de-la-onu\/#breadcrumb","itemListElement":[{"@type":"ListItem","position":1,"name":"Inicio","item":"https:\/\/grupogpps.org\/"},{"@type":"ListItem","position":2,"name":"GPS participa en la articulaci\u00f3n regional de posiciones frente a la Cumbre de Sistemas Alimentarios de la ONU"}]},{"@type":"WebSite","@id":"https:\/\/grupogpps.org\/#website","url":"https:\/\/grupogpps.org\/","name":"GPS","description":"Grupo de pa\u00edses productores del sur","publisher":{"@id":"https:\/\/grupogpps.org\/#organization"},"potentialAction":[{"@type":"SearchAction","target":{"@type":"EntryPoint","urlTemplate":"https:\/\/grupogpps.org\/?s={search_term_string}"},"query-input":{"@type":"PropertyValueSpecification","valueRequired":true,"valueName":"search_term_string"}}],"inLanguage":"pt-BR"},{"@type":"Organization","@id":"https:\/\/grupogpps.org\/#organization","name":"GPS - Grupo de pa\u00edses productores del sur","url":"https:\/\/grupogpps.org\/","logo":{"@type":"ImageObject","inLanguage":"pt-BR","@id":"https:\/\/grupogpps.org\/#\/schema\/logo\/image\/","url":"http:\/\/grupogpps.org\/wp-content\/uploads\/2021\/06\/logoGPS3.svg","contentUrl":"http:\/\/grupogpps.org\/wp-content\/uploads\/2021\/06\/logoGPS3.svg","width":1,"height":1,"caption":"GPS - Grupo de pa\u00edses productores del sur"},"image":{"@id":"https:\/\/grupogpps.org\/#\/schema\/logo\/image\/"},"sameAs":["https:\/\/www.linkedin.com\/company\/25037162\/","https:\/\/x.com\/GPSLatinAmerica","https:\/\/www.instagram.com\/gpslatin\/","https:\/\/www.youtube.com\/channel\/UCM2Qf0jSqNRJRkqmU8dO9QA\/videos"]},{"@type":"Person","@id":"https:\/\/grupogpps.org\/#\/schema\/person\/faaafcd24616dff095821c72659ce41f","name":"GPS GPS","url":"https:\/\/grupogpps.org\/pt\/author\/gps\/"}]}},"_links":{"self":[{"href":"https:\/\/grupogpps.org\/pt\/wp-json\/wp\/v2\/posts\/3595","targetHints":{"allow":["GET"]}}],"collection":[{"href":"https:\/\/grupogpps.org\/pt\/wp-json\/wp\/v2\/posts"}],"about":[{"href":"https:\/\/grupogpps.org\/pt\/wp-json\/wp\/v2\/types\/post"}],"author":[{"embeddable":true,"href":"https:\/\/grupogpps.org\/pt\/wp-json\/wp\/v2\/users\/2"}],"replies":[{"embeddable":true,"href":"https:\/\/grupogpps.org\/pt\/wp-json\/wp\/v2\/comments?post=3595"}],"version-history":[{"count":7,"href":"https:\/\/grupogpps.org\/pt\/wp-json\/wp\/v2\/posts\/3595\/revisions"}],"predecessor-version":[{"id":3697,"href":"https:\/\/grupogpps.org\/pt\/wp-json\/wp\/v2\/posts\/3595\/revisions\/3697"}],"wp:featuredmedia":[{"embeddable":true,"href":"https:\/\/grupogpps.org\/pt\/wp-json\/wp\/v2\/media\/3415"}],"wp:attachment":[{"href":"https:\/\/grupogpps.org\/pt\/wp-json\/wp\/v2\/media?parent=3595"}],"wp:term":[{"taxonomy":"category","embeddable":true,"href":"https:\/\/grupogpps.org\/pt\/wp-json\/wp\/v2\/categories?post=3595"},{"taxonomy":"post_tag","embeddable":true,"href":"https:\/\/grupogpps.org\/pt\/wp-json\/wp\/v2\/tags?post=3595"}],"curies":[{"name":"wp","href":"https:\/\/api.w.org\/{rel}","templated":true}]}}