{"id":3497,"date":"2021-08-17T09:31:38","date_gmt":"2021-08-17T12:31:38","guid":{"rendered":"http:\/\/grupogpps.org\/?p=3497"},"modified":"2021-08-20T13:01:29","modified_gmt":"2021-08-20T16:01:29","slug":"cantidad-y-calidad-los-desafios-que-trajo-el-covid-para-los-exportadores-de-alimentos-del-mercosur","status":"publish","type":"post","link":"https:\/\/grupogpps.org\/pt\/cantidad-y-calidad-los-desafios-que-trajo-el-covid-para-los-exportadores-de-alimentos-del-mercosur\/","title":{"rendered":"Cantidad y calidad: los desaf\u00edos que trajo el Covid para los exportadores de alimentos del Mercosur"},"content":{"rendered":"<p><strong style=\"font-size: inherit;\">Mariana Reinke, La Naci\u00f3n, Campo, 13 de agosto de 2021<\/strong><\/p>\n<div class=\"page\" title=\"Page 4\">\n<div class=\"section\">\n<div class=\"layoutArea\">\n<div class=\"column\">\n<div class=\"page\" title=\"Page 4\">\n<div class=\"section\">\n<div class=\"layoutArea\">\n<div class=\"column\">\n<p class=\"com-paragraph  --capital --s\">La implementaci\u00f3n de sistemas agropecuarios sustentables es el nuevo desaf\u00edo que tienen por delante los pa\u00edses exportadores de alimentos. En este sentido, ese ser\u00e1 uno de los principales ejes en la Cumbre de Presidentes de la ONU, en septiembre pr\u00f3ximo.<\/p>\n<p class=\"com-paragraph   --s\"><strong>\u201cDebe haber un enfoque global y sist\u00e9mico porque existen nuevos desaf\u00edos. <\/strong>La tradicional seguridad alimentaria mundial debe ser con un enfoque m\u00e1s amplio: <strong>no solo tenemos que llegar a todo el mundo con cantidad sino con calidad y sanidad de alimentos\u201d, <\/strong>expuso Marcelo Reg\u00fanaga, exsecretario de Agricultura, en el congreso anual de Aapresid.<\/p>\n<p class=\"com-paragraph   --s\">En este contexto, Reg\u00fanaga se\u00f1al\u00f3 que al planteo de Europa de tratar de imponer su visi\u00f3n para cambiar la manera en que se trabaja en los sistemas productivos del mundo, <strong>encontr\u00f3 una postura en la regi\u00f3n \u201cdiciendo las cosas no son tan simples como las plantean ustedes\u201d.<\/strong><\/p>\n<p class=\"com-paragraph   --s\"><strong>\u201cTenemos la oportunidad de posicionar a nuestros sistemas productivos y analizar eventuales coaliciones por nuestros intereses comunes.<\/strong> <strong>A diferencia de los europeos, que utilizan enormes cantidades de energ\u00eda y destruyen el suelo para producir, nuestros sistemas productivos utilizan bajos insumos y siembra directa, que nos permite reducir los impactos ambientales\u201d,<\/strong> detall\u00f3.<\/p>\n<p class=\"com-paragraph   --s\">En un trabajo que se va a presentar en la Bolsa de Cereales de Buenos Aires se ha medido que <strong>en la Argentina hemos bajado por a\u00f1o un mill\u00f3n de toneladas la emisi\u00f3n de gases de efecto invernadero. Por a\u00f1o estamos secuestrando alrededor de siete millones de toneladas de carbono\u201d, <\/strong>adelant\u00f3.<\/p>\n<p class=\"com-paragraph   --s\">En este contexto, dijo que la regi\u00f3n est\u00e1 adelantada con respecto a otras zonas en el mundo. <strong>\u201cTenemos gran parte de la superficie plantada en la Argentina y en la regi\u00f3n con los esquemas de siembra directa. <\/strong>Asimismo, hemos adoptado tempranamente en la regi\u00f3n los controles biol\u00f3gicos a partir de la biotecnolog\u00eda como son los cultivos transg\u00e9nicos. <strong>Hoy en d\u00eda, utilizamos agroqu\u00edmicos menos t\u00f3xicos, esto es muy importante porque hemos logrado tener una agricultura amigable con el ambiente y menos riesgosa en materia de salud. Al mismo tiempo hemos aumentado la producci\u00f3n y fuimos reduciendo la emisi\u00f3n de gases de efecto invernadero\u201d, <\/strong>afirm\u00f3.<\/p>\n<p class=\"com-paragraph   --s\">El exfuncionario destac\u00f3 que, con datos de FAO,<strong> tanto en Brasil como en la Argentina se ve c\u00f3mo se est\u00e1 contribuyendo a alimentar al mundo, de una manera m\u00e1s eficiente en materia de emisi\u00f3n de gases de efecto invernadero, es decir \u201cmejoramos la seguridad alimentaria mundial pero con menores emisiones\u201d.<\/strong><\/p>\n<p class=\"com-paragraph   --s\">Por este motivo, para el exsecretario de Agricultura <strong>la cumbre pr\u00f3xima es muy importante porque permite posicionar a la regi\u00f3n como soluci\u00f3n para la seguridad alimentaria global con sistemas sostenibles y amigables con el ambiente.<\/strong> \u201cAl ser una regi\u00f3n excedentaria podemos alimentar al resto del mundo porque nuestra producci\u00f3n excede en gran cantidad.<strong> Somos parte de la soluci\u00f3n alimentaria del mundo\u201d,<\/strong> destac\u00f3.<\/p>\n<p class=\"com-paragraph   --s\">\u201cA la vez podemos cooperar con el mundo para mejorar los sistemas no sostenibles de otros pa\u00edses. Los pa\u00edses del Mercosur van a tener un papel fundamental para contribuir a la seguridad alimentaria mundial, donde el comercio es un componente clave para la seguridad y para permitir que algunas regiones del mundo\u201d, a\u00f1adi\u00f3.<\/p>\n<p class=\"com-paragraph   --s\">En coincidencia, Marcos Jank, economista brasile\u00f1o y profesor de Instituto de Ense\u00f1anza y Estudios de San Pablo (Insper), dijo que <strong>son los pa\u00edses americanos quienes tienen excedente alimentario. <\/strong>\u201cEn el mapa del mundo, <strong>la gran regi\u00f3n que va a ofertar excedentes de commodities es el Mercosur y las que van a importar est\u00e1n Asia meridional y oriental y \u00c1frica del norte y con el tiempo la subsahariana\u201d,<\/strong> explic\u00f3.<\/p>\n<div>\n<section class=\"mod-media --zoom\" role=\"button\">\n<figure class=\"mod-figure --horizontal\" role=\"button\"><picture class=\"mod-picture\"><source srcset=\"https:\/\/resizer.glanacion.com\/resizer\/6xPX4ll0ZfvJOsw8_X-sqQHmS1M=\/879x0\/filters:quality(80)\/cloudfront-us-east-1.images.arcpublishing.com\/lanacionar\/VEEU5QKACJCOFNMMSVFYQLF2IM.png\" media=\"(min-width: 1280px)\" \/><source srcset=\"https:\/\/resizer.glanacion.com\/resizer\/kk-pxoMJkQg34EsWjPEFjyyh_G8=\/690x0\/filters:quality(80)\/cloudfront-us-east-1.images.arcpublishing.com\/lanacionar\/VEEU5QKACJCOFNMMSVFYQLF2IM.png\" media=\"(min-width: 1024px)\" \/><source srcset=\"https:\/\/resizer.glanacion.com\/resizer\/5CjwsWcwf8xlfgt72HAFYBYAXe0=\/768x0\/filters:quality(80)\/cloudfront-us-east-1.images.arcpublishing.com\/lanacionar\/VEEU5QKACJCOFNMMSVFYQLF2IM.png\" media=\"(min-width: 768px)\" \/><source srcset=\"https:\/\/resizer.glanacion.com\/resizer\/Pg7OCYS03hERBcr0ZLP4JOXc3Js=\/350x0\/filters:quality(80)\/cloudfront-us-east-1.images.arcpublishing.com\/lanacionar\/VEEU5QKACJCOFNMMSVFYQLF2IM.png\" media=\"(min-width: 360px)\" \/><source srcset=\"https:\/\/resizer.glanacion.com\/resizer\/Yv1zvGy-s6RIu176o68eSSiEXF0=\/310x0\/filters:quality(80)\/cloudfront-us-east-1.images.arcpublishing.com\/lanacionar\/VEEU5QKACJCOFNMMSVFYQLF2IM.png\" media=\"(min-width: 320px)\" \/><img loading=\"lazy\" decoding=\"async\" class=\"com-image  aligncenter\" src=\"https:\/\/resizer.glanacion.com\/resizer\/5CjwsWcwf8xlfgt72HAFYBYAXe0=\/768x0\/filters:quality(80)\/cloudfront-us-east-1.images.arcpublishing.com\/lanacionar\/VEEU5QKACJCOFNMMSVFYQLF2IM.png\" srcset=\"\" alt=\"Para Marcos Jank, economista brasile\u00f1o y profesor de  Instituto de Ense\u00f1anza y Estudios de San Pablo (Insper), son los pa\u00edses americanos quienes tienen excedente alimentarios\" width=\"1336\" height=\"738\" \/><\/picture>\n<figcaption class=\"mod-figcaption\"><em><span class=\"com-text --caption --twoxs\">Para Marcos Jank, economista brasile\u00f1o y profesor de Instituto de Ense\u00f1anza y Estudios de San Pablo (Insper), son los pa\u00edses americanos quienes tienen excedente alimentarios<\/span><\/em><\/figcaption>\n<\/figure>\n<\/section>\n<\/div>\n<p class=\"com-paragraph   --s\"><strong>En cuanto a la posici\u00f3n europea, se\u00f1al\u00f3 que el mundo es mucho m\u00e1s diverso y que se necesita todav\u00eda de mucha producci\u00f3n \u201cporque el consumo va por seguir creciendo\u201d.<\/strong><\/p>\n<p class=\"com-paragraph   --s\"><strong>\u201cEl mundo no tiene futuro si se sigue solo lo que propone Europa para sus agricultores\u201d, <\/strong>remarc\u00f3. En relaci\u00f3n a qu\u00e9 pa\u00edses ser\u00e1n los encargados de alimentar a la poblaci\u00f3n en el mundo en los pr\u00f3ximos 80 a\u00f1os, Jank puntualiz\u00f3 que ese rol lo tiene Am\u00e9rica del Sur como gran productor de granos, carne, leche, frutas.<\/p>\n<p class=\"com-paragraph   --s\">Por esto, insisti\u00f3 que \u201cen un gran debate, debemos estar juntos en el Mercosur como grandes exportadores en el comercio internacional. <strong>Somos pocos los grandes jugadores que exportan commodities agropecuarios. No se puede discutir sistemas alimentarios sin la presencia de los pa\u00edses americanos\u201d,<\/strong> reiter\u00f3.<\/p>\n<p class=\"com-paragraph   --s\">Por \u00faltimo, se\u00f1al\u00f3 que no se puede aceptar m\u00e1s restricciones al comercio agr\u00edcola: \u201cLa cuesti\u00f3n final es c\u00f3mo los pa\u00edses van a llegar a tener una seguridad alimentaria, es decir accesibles para toda la poblaci\u00f3n y por otro la calidad y la inocuidad de los alimentos\u201d.<\/p>\n<p class=\"com-paragraph   --s\">Por su parte, para <strong>Gustavo Id\u00edgoras, <\/strong>presidente de la C\u00e1mara de la Industria Aceitera y el Centro de Exportadores de Cereales (Ciara-CEC),<strong> hay varios ejes destacables en la pr\u00f3xima cumbre, <\/strong>entre los cu\u00e1les figura<strong> que se deben dar garant\u00edas de cadenas libres de desforestaci\u00f3n.<\/strong><\/p>\n<div>\n<section class=\"mod-media --zoom\" role=\"button\">\n<figure class=\"mod-figure --horizontal\" role=\"button\"><picture class=\"mod-picture\"><source srcset=\"https:\/\/resizer.glanacion.com\/resizer\/YjoRMsGRLOk5bW6uMsfOsnn8DmI=\/879x0\/filters:quality(80)\/cloudfront-us-east-1.images.arcpublishing.com\/lanacionar\/BBJ7CTGZBBG6XC37BPNHA6MFBU.png\" media=\"(min-width: 1280px)\" \/><source srcset=\"https:\/\/resizer.glanacion.com\/resizer\/e9Q9HJ0no3ZfH1WR-HLl2I9JLDQ=\/690x0\/filters:quality(80)\/cloudfront-us-east-1.images.arcpublishing.com\/lanacionar\/BBJ7CTGZBBG6XC37BPNHA6MFBU.png\" media=\"(min-width: 1024px)\" \/><source srcset=\"https:\/\/resizer.glanacion.com\/resizer\/ghgiDk0zqsxC86G2r6uc6ZUlSRo=\/768x0\/filters:quality(80)\/cloudfront-us-east-1.images.arcpublishing.com\/lanacionar\/BBJ7CTGZBBG6XC37BPNHA6MFBU.png\" media=\"(min-width: 768px)\" \/><source srcset=\"https:\/\/resizer.glanacion.com\/resizer\/wBmgC5slI23BT2_M3pl7w02zrNE=\/350x0\/filters:quality(80)\/cloudfront-us-east-1.images.arcpublishing.com\/lanacionar\/BBJ7CTGZBBG6XC37BPNHA6MFBU.png\" media=\"(min-width: 360px)\" \/><source srcset=\"https:\/\/resizer.glanacion.com\/resizer\/AzGUEP6KtC25XT6v61Z0Klq6wJU=\/310x0\/filters:quality(80)\/cloudfront-us-east-1.images.arcpublishing.com\/lanacionar\/BBJ7CTGZBBG6XC37BPNHA6MFBU.png\" media=\"(min-width: 320px)\" \/><img loading=\"lazy\" decoding=\"async\" class=\"com-image  aligncenter\" src=\"https:\/\/resizer.glanacion.com\/resizer\/ghgiDk0zqsxC86G2r6uc6ZUlSRo=\/768x0\/filters:quality(80)\/cloudfront-us-east-1.images.arcpublishing.com\/lanacionar\/BBJ7CTGZBBG6XC37BPNHA6MFBU.png\" srcset=\"\" alt=\"Gustavo Idigoras, presidente de la C\u00e1mara de la Industria Aceitera y el Centro de Exportadores de Cereales (Ciara-CEC), se\u00f1al\u00f3 que trabajar solo sobre la rentabilidad econ\u00f3mica hoy es insuficiente. En este sentido, cont\u00f3 que la sustentabilidad dej\u00f3 de ser futuro y hoy es una realidad\" width=\"1318\" height=\"770\" \/><\/picture>\n<figcaption class=\"mod-figcaption\"><em><span class=\"com-text --caption --twoxs\">Gustavo Idigoras, presidente de la C\u00e1mara de la Industria Aceitera y el Centro de Exportadores de Cereales (Ciara-CEC), se\u00f1al\u00f3 que trabajar solo sobre la rentabilidad econ\u00f3mica hoy es insuficiente. En este sentido, cont\u00f3 que la sustentabilidad dej\u00f3 de ser futuro y hoy es una realidad<\/span><\/em><\/figcaption>\n<\/figure>\n<\/section>\n<\/div>\n<p class=\"com-paragraph   --s\"><strong>\u201cEs un nuevo requisito de los pa\u00edses compradores y la cumbre est\u00e1 haciendo referencia de manera expl\u00edcita a este tema<\/strong>. Adem\u00e1s nos exigen dar garant\u00eda de libre conversi\u00f3n es decir, el no cambio al uso del suelo. Hace a\u00f1os venimos trabajando en el pa\u00eds para poder cumplir con la legislaci\u00f3n europea y de los Estados Unidos, pero ahora va a ser no solo para una exportaci\u00f3n nicho sino para exportar a cualquier pa\u00eds del mundo\u201d, describi\u00f3.<\/p>\n<p class=\"com-paragraph   --s\"><strong>\u201cSe necesita un comercio m\u00e1s justo y menos proteccionista para mejorar las condiciones de seguridad alimentaria.<\/strong> Cuando hablamos de respuestas ambientales de ir a una transici\u00f3n verde, ordenada y equilibrada, <strong>tenemos que tener en cuenta que esa transici\u00f3n debe ir de la mano de la seguridad alimentaria y que debe privilegiar a aquellos pa\u00edses que somos m\u00e1s eficientes en la producci\u00f3n de alimentos\u201d,<\/strong> explic\u00f3.<\/p>\n<p class=\"com-paragraph   --s\">A la vez, sostuvo que <strong>\u201cpara reglamentar y discutir sobre sustentabilidad y transici\u00f3n verde todas las discusiones deben estar basadas en la ciencia y no en especulaciones pol\u00edticas o aspiracionales\u201d.<\/strong><\/p>\n<p class=\"com-paragraph   --s\">Finalmente, indic\u00f3 que <strong>trabajar solo sobre la rentabilidad econ\u00f3mica hoy es insuficiente. En este sentido, cont\u00f3 que la sustentabilidad dej\u00f3 de ser futuro y hoy es una realidad.<\/strong><\/p>\n<p class=\"com-paragraph   --s\"><strong>\u201cTenemos que trabajar seriamente, tratando de informar y gestionar para tener un posicionamiento internacional, respetando las buenas pr\u00e1cticas<\/strong>. Debemos trabajar en aspectos de la sustentabilidad ambiental y social y<strong> demostrarla con herramientas concretas y efectivas para dar garant\u00edas al mundo de que la Argentina es un pa\u00eds proveedor confiable de alimentos, con alta inocuidad y con mucha seriedad en materia de compromisos ambientales\u201d,<\/strong>concluy\u00f3.<\/p>\n<\/div>\n<\/div>\n<\/div>\n<\/div>\n<\/div>\n<\/div>\n<\/div>\n<\/div>\n\n\n<div style=\"height:30px\" aria-hidden=\"true\" class=\"wp-block-spacer\"><\/div>\n\n\n\n<div class=\"wp-block-buttons is-content-justification-center is-layout-flex wp-block-buttons-is-layout-flex\">\n<div class=\"wp-block-button is-style-fill\"><a class=\"wp-block-button__link\" href=\"https:\/\/www.lanacion.com.ar\/economia\/campo\/cantidad-y-calidad-los-desafios-que-trajo-el-covid-para-los-exportadores-de-alimentos-del-mercosur-nid13082021\/\" style=\"border-radius:15px\" target=\"_blank\" rel=\"noreferrer noopener\">V\u00e1 para o artigo no La Naci\u00f3n<\/a><\/div>\n<\/div>\n\n\n\n<p><\/p>","protected":false},"excerpt":{"rendered":"<p>Mariana Reinke, La Naci\u00f3n, Campo, 13 de agosto de 2021 La implementaci\u00f3n de sistemas agropecuarios sustentables es el nuevo desaf\u00edo que tienen por delante los pa\u00edses exportadores de alimentos. En este sentido, ese ser\u00e1 uno de los principales ejes en la Cumbre de Presidentes de la ONU, en septiembre pr\u00f3ximo. \u201cDebe haber un enfoque global [&hellip;]<\/p>","protected":false},"author":2,"featured_media":3498,"comment_status":"closed","ping_status":"closed","sticky":false,"template":"","format":"standard","meta":{"footnotes":""},"categories":[24,25,23],"tags":[],"class_list":["post-3497","post","type-post","status-publish","format-standard","has-post-thumbnail","hentry","category-gps-en-los-medios","category-home","category-novedades"],"yoast_head":"<!-- This site is optimized with the Yoast SEO plugin v26.8 - https:\/\/yoast.com\/product\/yoast-seo-wordpress\/ -->\n<title>Cantidad y calidad: los desaf\u00edos que trajo el Covid para los exportadores de alimentos del Mercosur - GPS<\/title>\n<meta name=\"robots\" content=\"index, follow, max-snippet:-1, max-image-preview:large, max-video-preview:-1\" \/>\n<link rel=\"canonical\" href=\"https:\/\/grupogpps.org\/pt\/cantidad-y-calidad-los-desafios-que-trajo-el-covid-para-los-exportadores-de-alimentos-del-mercosur\/\" \/>\n<meta property=\"og:locale\" content=\"pt_BR\" \/>\n<meta property=\"og:type\" content=\"article\" \/>\n<meta property=\"og:title\" content=\"Cantidad y calidad: los desaf\u00edos que trajo el Covid para los exportadores de alimentos del Mercosur - GPS\" \/>\n<meta property=\"og:description\" content=\"Mariana Reinke, La Naci\u00f3n, Campo, 13 de agosto de 2021 La implementaci\u00f3n de sistemas agropecuarios sustentables es el nuevo desaf\u00edo que tienen por delante los pa\u00edses exportadores de alimentos. En este sentido, ese ser\u00e1 uno de los principales ejes en la Cumbre de Presidentes de la ONU, en septiembre pr\u00f3ximo. \u201cDebe haber un enfoque global [&hellip;]\" \/>\n<meta property=\"og:url\" content=\"https:\/\/grupogpps.org\/pt\/cantidad-y-calidad-los-desafios-que-trajo-el-covid-para-los-exportadores-de-alimentos-del-mercosur\/\" \/>\n<meta property=\"og:site_name\" content=\"GPS\" \/>\n<meta property=\"article:publisher\" content=\"https:\/\/www.linkedin.com\/company\/25037162\/\" \/>\n<meta property=\"article:published_time\" content=\"2021-08-17T12:31:38+00:00\" \/>\n<meta property=\"article:modified_time\" content=\"2021-08-20T16:01:29+00:00\" \/>\n<meta property=\"og:image\" content=\"https:\/\/grupogpps.org\/wp-content\/uploads\/2021\/08\/Captura-de-Pantalla-2021-08-17-a-las-09.30.49.png\" \/>\n\t<meta property=\"og:image:width\" content=\"820\" \/>\n\t<meta property=\"og:image:height\" content=\"513\" \/>\n\t<meta property=\"og:image:type\" content=\"image\/png\" \/>\n<meta name=\"author\" content=\"GPS GPS\" \/>\n<meta name=\"twitter:card\" content=\"summary_large_image\" \/>\n<meta name=\"twitter:creator\" content=\"@GPSLatinAmerica\" \/>\n<meta name=\"twitter:site\" content=\"@GPSLatinAmerica\" \/>\n<meta name=\"twitter:label1\" content=\"Escrito por\" \/>\n\t<meta name=\"twitter:data1\" content=\"GPS GPS\" \/>\n\t<meta name=\"twitter:label2\" content=\"Est. tempo de leitura\" \/>\n\t<meta name=\"twitter:data2\" content=\"6 minutos\" \/>\n<script type=\"application\/ld+json\" class=\"yoast-schema-graph\">{\"@context\":\"https:\/\/schema.org\",\"@graph\":[{\"@type\":\"Article\",\"@id\":\"https:\/\/grupogpps.org\/en\/cantidad-y-calidad-los-desafios-que-trajo-el-covid-para-los-exportadores-de-alimentos-del-mercosur\/#article\",\"isPartOf\":{\"@id\":\"https:\/\/grupogpps.org\/en\/cantidad-y-calidad-los-desafios-que-trajo-el-covid-para-los-exportadores-de-alimentos-del-mercosur\/\"},\"author\":{\"name\":\"GPS GPS\",\"@id\":\"https:\/\/grupogpps.org\/#\/schema\/person\/faaafcd24616dff095821c72659ce41f\"},\"headline\":\"Cantidad y calidad: los desaf\u00edos que trajo el Covid para los exportadores de alimentos del Mercosur\",\"datePublished\":\"2021-08-17T12:31:38+00:00\",\"dateModified\":\"2021-08-20T16:01:29+00:00\",\"mainEntityOfPage\":{\"@id\":\"https:\/\/grupogpps.org\/en\/cantidad-y-calidad-los-desafios-que-trajo-el-covid-para-los-exportadores-de-alimentos-del-mercosur\/\"},\"wordCount\":1261,\"publisher\":{\"@id\":\"https:\/\/grupogpps.org\/#organization\"},\"image\":{\"@id\":\"https:\/\/grupogpps.org\/en\/cantidad-y-calidad-los-desafios-que-trajo-el-covid-para-los-exportadores-de-alimentos-del-mercosur\/#primaryimage\"},\"thumbnailUrl\":\"https:\/\/grupogpps.org\/wp-content\/uploads\/2021\/08\/Captura-de-Pantalla-2021-08-17-a-las-09.30.49.png\",\"articleSection\":[\"GPS en los medios\",\"Home\",\"Novedades\"],\"inLanguage\":\"pt-BR\"},{\"@type\":\"WebPage\",\"@id\":\"https:\/\/grupogpps.org\/en\/cantidad-y-calidad-los-desafios-que-trajo-el-covid-para-los-exportadores-de-alimentos-del-mercosur\/\",\"url\":\"https:\/\/grupogpps.org\/en\/cantidad-y-calidad-los-desafios-que-trajo-el-covid-para-los-exportadores-de-alimentos-del-mercosur\/\",\"name\":\"Cantidad y calidad: los desaf\u00edos que trajo el Covid para los exportadores de alimentos del Mercosur - GPS\",\"isPartOf\":{\"@id\":\"https:\/\/grupogpps.org\/#website\"},\"primaryImageOfPage\":{\"@id\":\"https:\/\/grupogpps.org\/en\/cantidad-y-calidad-los-desafios-que-trajo-el-covid-para-los-exportadores-de-alimentos-del-mercosur\/#primaryimage\"},\"image\":{\"@id\":\"https:\/\/grupogpps.org\/en\/cantidad-y-calidad-los-desafios-que-trajo-el-covid-para-los-exportadores-de-alimentos-del-mercosur\/#primaryimage\"},\"thumbnailUrl\":\"https:\/\/grupogpps.org\/wp-content\/uploads\/2021\/08\/Captura-de-Pantalla-2021-08-17-a-las-09.30.49.png\",\"datePublished\":\"2021-08-17T12:31:38+00:00\",\"dateModified\":\"2021-08-20T16:01:29+00:00\",\"breadcrumb\":{\"@id\":\"https:\/\/grupogpps.org\/en\/cantidad-y-calidad-los-desafios-que-trajo-el-covid-para-los-exportadores-de-alimentos-del-mercosur\/#breadcrumb\"},\"inLanguage\":\"pt-BR\",\"potentialAction\":[{\"@type\":\"ReadAction\",\"target\":[\"https:\/\/grupogpps.org\/en\/cantidad-y-calidad-los-desafios-que-trajo-el-covid-para-los-exportadores-de-alimentos-del-mercosur\/\"]}]},{\"@type\":\"ImageObject\",\"inLanguage\":\"pt-BR\",\"@id\":\"https:\/\/grupogpps.org\/en\/cantidad-y-calidad-los-desafios-que-trajo-el-covid-para-los-exportadores-de-alimentos-del-mercosur\/#primaryimage\",\"url\":\"https:\/\/grupogpps.org\/wp-content\/uploads\/2021\/08\/Captura-de-Pantalla-2021-08-17-a-las-09.30.49.png\",\"contentUrl\":\"https:\/\/grupogpps.org\/wp-content\/uploads\/2021\/08\/Captura-de-Pantalla-2021-08-17-a-las-09.30.49.png\",\"width\":820,\"height\":513,\"caption\":\"Cantidad y calidad: los desaf\u00edos que trajo el Covid para los exportadores de alimentos del Mercosur\"},{\"@type\":\"BreadcrumbList\",\"@id\":\"https:\/\/grupogpps.org\/en\/cantidad-y-calidad-los-desafios-que-trajo-el-covid-para-los-exportadores-de-alimentos-del-mercosur\/#breadcrumb\",\"itemListElement\":[{\"@type\":\"ListItem\",\"position\":1,\"name\":\"Inicio\",\"item\":\"https:\/\/grupogpps.org\/\"},{\"@type\":\"ListItem\",\"position\":2,\"name\":\"Cantidad y calidad: los desaf\u00edos que trajo el Covid para los exportadores de alimentos del Mercosur\"}]},{\"@type\":\"WebSite\",\"@id\":\"https:\/\/grupogpps.org\/#website\",\"url\":\"https:\/\/grupogpps.org\/\",\"name\":\"GPS\",\"description\":\"Grupo de pa\u00edses productores del sur\",\"publisher\":{\"@id\":\"https:\/\/grupogpps.org\/#organization\"},\"potentialAction\":[{\"@type\":\"SearchAction\",\"target\":{\"@type\":\"EntryPoint\",\"urlTemplate\":\"https:\/\/grupogpps.org\/?s={search_term_string}\"},\"query-input\":{\"@type\":\"PropertyValueSpecification\",\"valueRequired\":true,\"valueName\":\"search_term_string\"}}],\"inLanguage\":\"pt-BR\"},{\"@type\":\"Organization\",\"@id\":\"https:\/\/grupogpps.org\/#organization\",\"name\":\"GPS - Grupo de pa\u00edses productores del sur\",\"url\":\"https:\/\/grupogpps.org\/\",\"logo\":{\"@type\":\"ImageObject\",\"inLanguage\":\"pt-BR\",\"@id\":\"https:\/\/grupogpps.org\/#\/schema\/logo\/image\/\",\"url\":\"http:\/\/grupogpps.org\/wp-content\/uploads\/2021\/06\/logoGPS3.svg\",\"contentUrl\":\"http:\/\/grupogpps.org\/wp-content\/uploads\/2021\/06\/logoGPS3.svg\",\"width\":1,\"height\":1,\"caption\":\"GPS - Grupo de pa\u00edses productores del sur\"},\"image\":{\"@id\":\"https:\/\/grupogpps.org\/#\/schema\/logo\/image\/\"},\"sameAs\":[\"https:\/\/www.linkedin.com\/company\/25037162\/\",\"https:\/\/x.com\/GPSLatinAmerica\",\"https:\/\/www.instagram.com\/gpslatin\/\",\"https:\/\/www.youtube.com\/channel\/UCM2Qf0jSqNRJRkqmU8dO9QA\/videos\"]},{\"@type\":\"Person\",\"@id\":\"https:\/\/grupogpps.org\/#\/schema\/person\/faaafcd24616dff095821c72659ce41f\",\"name\":\"GPS GPS\",\"url\":\"https:\/\/grupogpps.org\/pt\/author\/gps\/\"}]}<\/script>\n<!-- \/ Yoast SEO plugin. -->","yoast_head_json":{"title":"Cantidad y calidad: los desaf\u00edos que trajo el Covid para los exportadores de alimentos del Mercosur - GPS","robots":{"index":"index","follow":"follow","max-snippet":"max-snippet:-1","max-image-preview":"max-image-preview:large","max-video-preview":"max-video-preview:-1"},"canonical":"https:\/\/grupogpps.org\/pt\/cantidad-y-calidad-los-desafios-que-trajo-el-covid-para-los-exportadores-de-alimentos-del-mercosur\/","og_locale":"pt_BR","og_type":"article","og_title":"Cantidad y calidad: los desaf\u00edos que trajo el Covid para los exportadores de alimentos del Mercosur - GPS","og_description":"Mariana Reinke, La Naci\u00f3n, Campo, 13 de agosto de 2021 La implementaci\u00f3n de sistemas agropecuarios sustentables es el nuevo desaf\u00edo que tienen por delante los pa\u00edses exportadores de alimentos. En este sentido, ese ser\u00e1 uno de los principales ejes en la Cumbre de Presidentes de la ONU, en septiembre pr\u00f3ximo. \u201cDebe haber un enfoque global [&hellip;]","og_url":"https:\/\/grupogpps.org\/pt\/cantidad-y-calidad-los-desafios-que-trajo-el-covid-para-los-exportadores-de-alimentos-del-mercosur\/","og_site_name":"GPS","article_publisher":"https:\/\/www.linkedin.com\/company\/25037162\/","article_published_time":"2021-08-17T12:31:38+00:00","article_modified_time":"2021-08-20T16:01:29+00:00","og_image":[{"width":820,"height":513,"url":"https:\/\/grupogpps.org\/wp-content\/uploads\/2021\/08\/Captura-de-Pantalla-2021-08-17-a-las-09.30.49.png","type":"image\/png"}],"author":"GPS GPS","twitter_card":"summary_large_image","twitter_creator":"@GPSLatinAmerica","twitter_site":"@GPSLatinAmerica","twitter_misc":{"Escrito por":"GPS GPS","Est. tempo de leitura":"6 minutos"},"schema":{"@context":"https:\/\/schema.org","@graph":[{"@type":"Article","@id":"https:\/\/grupogpps.org\/en\/cantidad-y-calidad-los-desafios-que-trajo-el-covid-para-los-exportadores-de-alimentos-del-mercosur\/#article","isPartOf":{"@id":"https:\/\/grupogpps.org\/en\/cantidad-y-calidad-los-desafios-que-trajo-el-covid-para-los-exportadores-de-alimentos-del-mercosur\/"},"author":{"name":"GPS GPS","@id":"https:\/\/grupogpps.org\/#\/schema\/person\/faaafcd24616dff095821c72659ce41f"},"headline":"Cantidad y calidad: los desaf\u00edos que trajo el Covid para los exportadores de alimentos del Mercosur","datePublished":"2021-08-17T12:31:38+00:00","dateModified":"2021-08-20T16:01:29+00:00","mainEntityOfPage":{"@id":"https:\/\/grupogpps.org\/en\/cantidad-y-calidad-los-desafios-que-trajo-el-covid-para-los-exportadores-de-alimentos-del-mercosur\/"},"wordCount":1261,"publisher":{"@id":"https:\/\/grupogpps.org\/#organization"},"image":{"@id":"https:\/\/grupogpps.org\/en\/cantidad-y-calidad-los-desafios-que-trajo-el-covid-para-los-exportadores-de-alimentos-del-mercosur\/#primaryimage"},"thumbnailUrl":"https:\/\/grupogpps.org\/wp-content\/uploads\/2021\/08\/Captura-de-Pantalla-2021-08-17-a-las-09.30.49.png","articleSection":["GPS en los medios","Home","Novedades"],"inLanguage":"pt-BR"},{"@type":"WebPage","@id":"https:\/\/grupogpps.org\/en\/cantidad-y-calidad-los-desafios-que-trajo-el-covid-para-los-exportadores-de-alimentos-del-mercosur\/","url":"https:\/\/grupogpps.org\/en\/cantidad-y-calidad-los-desafios-que-trajo-el-covid-para-los-exportadores-de-alimentos-del-mercosur\/","name":"Cantidad y calidad: los desaf\u00edos que trajo el Covid para los exportadores de alimentos del Mercosur - GPS","isPartOf":{"@id":"https:\/\/grupogpps.org\/#website"},"primaryImageOfPage":{"@id":"https:\/\/grupogpps.org\/en\/cantidad-y-calidad-los-desafios-que-trajo-el-covid-para-los-exportadores-de-alimentos-del-mercosur\/#primaryimage"},"image":{"@id":"https:\/\/grupogpps.org\/en\/cantidad-y-calidad-los-desafios-que-trajo-el-covid-para-los-exportadores-de-alimentos-del-mercosur\/#primaryimage"},"thumbnailUrl":"https:\/\/grupogpps.org\/wp-content\/uploads\/2021\/08\/Captura-de-Pantalla-2021-08-17-a-las-09.30.49.png","datePublished":"2021-08-17T12:31:38+00:00","dateModified":"2021-08-20T16:01:29+00:00","breadcrumb":{"@id":"https:\/\/grupogpps.org\/en\/cantidad-y-calidad-los-desafios-que-trajo-el-covid-para-los-exportadores-de-alimentos-del-mercosur\/#breadcrumb"},"inLanguage":"pt-BR","potentialAction":[{"@type":"ReadAction","target":["https:\/\/grupogpps.org\/en\/cantidad-y-calidad-los-desafios-que-trajo-el-covid-para-los-exportadores-de-alimentos-del-mercosur\/"]}]},{"@type":"ImageObject","inLanguage":"pt-BR","@id":"https:\/\/grupogpps.org\/en\/cantidad-y-calidad-los-desafios-que-trajo-el-covid-para-los-exportadores-de-alimentos-del-mercosur\/#primaryimage","url":"https:\/\/grupogpps.org\/wp-content\/uploads\/2021\/08\/Captura-de-Pantalla-2021-08-17-a-las-09.30.49.png","contentUrl":"https:\/\/grupogpps.org\/wp-content\/uploads\/2021\/08\/Captura-de-Pantalla-2021-08-17-a-las-09.30.49.png","width":820,"height":513,"caption":"Cantidad y calidad: los desaf\u00edos que trajo el Covid para los exportadores de alimentos del Mercosur"},{"@type":"BreadcrumbList","@id":"https:\/\/grupogpps.org\/en\/cantidad-y-calidad-los-desafios-que-trajo-el-covid-para-los-exportadores-de-alimentos-del-mercosur\/#breadcrumb","itemListElement":[{"@type":"ListItem","position":1,"name":"Inicio","item":"https:\/\/grupogpps.org\/"},{"@type":"ListItem","position":2,"name":"Cantidad y calidad: los desaf\u00edos que trajo el Covid para los exportadores de alimentos del Mercosur"}]},{"@type":"WebSite","@id":"https:\/\/grupogpps.org\/#website","url":"https:\/\/grupogpps.org\/","name":"GPS","description":"Grupo de pa\u00edses productores del sur","publisher":{"@id":"https:\/\/grupogpps.org\/#organization"},"potentialAction":[{"@type":"SearchAction","target":{"@type":"EntryPoint","urlTemplate":"https:\/\/grupogpps.org\/?s={search_term_string}"},"query-input":{"@type":"PropertyValueSpecification","valueRequired":true,"valueName":"search_term_string"}}],"inLanguage":"pt-BR"},{"@type":"Organization","@id":"https:\/\/grupogpps.org\/#organization","name":"GPS - Grupo de pa\u00edses productores del sur","url":"https:\/\/grupogpps.org\/","logo":{"@type":"ImageObject","inLanguage":"pt-BR","@id":"https:\/\/grupogpps.org\/#\/schema\/logo\/image\/","url":"http:\/\/grupogpps.org\/wp-content\/uploads\/2021\/06\/logoGPS3.svg","contentUrl":"http:\/\/grupogpps.org\/wp-content\/uploads\/2021\/06\/logoGPS3.svg","width":1,"height":1,"caption":"GPS - Grupo de pa\u00edses productores del sur"},"image":{"@id":"https:\/\/grupogpps.org\/#\/schema\/logo\/image\/"},"sameAs":["https:\/\/www.linkedin.com\/company\/25037162\/","https:\/\/x.com\/GPSLatinAmerica","https:\/\/www.instagram.com\/gpslatin\/","https:\/\/www.youtube.com\/channel\/UCM2Qf0jSqNRJRkqmU8dO9QA\/videos"]},{"@type":"Person","@id":"https:\/\/grupogpps.org\/#\/schema\/person\/faaafcd24616dff095821c72659ce41f","name":"GPS GPS","url":"https:\/\/grupogpps.org\/pt\/author\/gps\/"}]}},"_links":{"self":[{"href":"https:\/\/grupogpps.org\/pt\/wp-json\/wp\/v2\/posts\/3497","targetHints":{"allow":["GET"]}}],"collection":[{"href":"https:\/\/grupogpps.org\/pt\/wp-json\/wp\/v2\/posts"}],"about":[{"href":"https:\/\/grupogpps.org\/pt\/wp-json\/wp\/v2\/types\/post"}],"author":[{"embeddable":true,"href":"https:\/\/grupogpps.org\/pt\/wp-json\/wp\/v2\/users\/2"}],"replies":[{"embeddable":true,"href":"https:\/\/grupogpps.org\/pt\/wp-json\/wp\/v2\/comments?post=3497"}],"version-history":[{"count":7,"href":"https:\/\/grupogpps.org\/pt\/wp-json\/wp\/v2\/posts\/3497\/revisions"}],"predecessor-version":[{"id":3529,"href":"https:\/\/grupogpps.org\/pt\/wp-json\/wp\/v2\/posts\/3497\/revisions\/3529"}],"wp:featuredmedia":[{"embeddable":true,"href":"https:\/\/grupogpps.org\/pt\/wp-json\/wp\/v2\/media\/3498"}],"wp:attachment":[{"href":"https:\/\/grupogpps.org\/pt\/wp-json\/wp\/v2\/media?parent=3497"}],"wp:term":[{"taxonomy":"category","embeddable":true,"href":"https:\/\/grupogpps.org\/pt\/wp-json\/wp\/v2\/categories?post=3497"},{"taxonomy":"post_tag","embeddable":true,"href":"https:\/\/grupogpps.org\/pt\/wp-json\/wp\/v2\/tags?post=3497"}],"curies":[{"name":"wp","href":"https:\/\/api.w.org\/{rel}","templated":true}]}}