{"id":2315,"date":"2016-04-09T18:49:19","date_gmt":"2016-04-09T21:49:19","guid":{"rendered":"http:\/\/grupogpps.org\/?p=542"},"modified":"2021-07-08T12:53:24","modified_gmt":"2021-07-08T15:53:24","slug":"oportunidad-para-relanzar-las-negociaciones-economicas-internacionales-del-mercosur-por-sabine-papendieck-y-gustavo-idigoras","status":"publish","type":"post","link":"https:\/\/grupogpps.org\/pt\/oportunidad-para-relanzar-las-negociaciones-economicas-internacionales-del-mercosur-por-sabine-papendieck-y-gustavo-idigoras\/","title":{"rendered":"Oportunidad para relanzar las negociaciones econ\u00f3micas internacionales del Mercosur, por Sabine Papendieck y Gustavo Idigoras"},"content":{"rendered":"<p>Los autores identifican cu\u00e1les son las negociaciones comerciales que convienen a la agroindustria del Mercosur para su acceso efectivo a mercados con mayores posibilidades de crecimiento, y con los cuales la interacci\u00f3n genere empleos y desarrollo econ\u00f3mico en la regi\u00f3n.<\/p>\n\n\n\n<p><strong>Abril 2016<\/strong><br><strong>Autores:<\/strong> Sabine Papendieck y Gustavo Idigoras<\/p>\n\n\n\n<div style=\"height:30px\" aria-hidden=\"true\" class=\"wp-block-spacer\"><\/div>\n\n\n\n<div class=\"wp-block-buttons is-content-justification-center is-layout-flex wp-block-buttons-is-layout-flex\">\n<div class=\"wp-block-button\"><a class=\"wp-block-button__link\" href=\"http:\/\/grupogpps.org\/wp-content\/uploads\/2021\/07\/2.Resumen-Oportunidades-para-relanzar-las-negociaciones-economicas-interncional-del-mercosur.pdf\" target=\"_blank\" rel=\"noreferrer noopener\">Descargar br<\/a><\/div>\n<\/div>","protected":false},"excerpt":{"rendered":"<p>Los autores identifican cu\u00e1les son las negociaciones comerciales que convienen a la agroindustria del Mercosur para su acceso efectivo a mercados con mayores posibilidades de crecimiento, y con los cuales la interacci\u00f3n genere empleos y desarrollo econ\u00f3mico en la regi\u00f3n. Abril 2016Autores: Sabine Papendieck y Gustavo Idigoras<\/p>","protected":false},"author":1,"featured_media":2316,"comment_status":"closed","ping_status":"closed","sticky":false,"template":"","format":"standard","meta":{"footnotes":""},"categories":[26],"tags":[],"class_list":["post-2315","post","type-post","status-publish","format-standard","has-post-thumbnail","hentry","category-documentos-institucionales"],"yoast_head":"<!-- This site is optimized with the Yoast SEO plugin v26.8 - https:\/\/yoast.com\/product\/yoast-seo-wordpress\/ -->\n<title>Oportunidad para relanzar las negociaciones econ\u00f3micas internacionales del Mercosur, por Sabine Papendieck y Gustavo Idigoras - GPS<\/title>\n<meta name=\"robots\" content=\"index, follow, max-snippet:-1, max-image-preview:large, max-video-preview:-1\" \/>\n<link rel=\"canonical\" href=\"https:\/\/grupogpps.org\/pt\/oportunidad-para-relanzar-las-negociaciones-economicas-internacionales-del-mercosur-por-sabine-papendieck-y-gustavo-idigoras\/\" \/>\n<meta property=\"og:locale\" content=\"pt_BR\" \/>\n<meta property=\"og:type\" content=\"article\" \/>\n<meta property=\"og:title\" content=\"Oportunidad para relanzar las negociaciones econ\u00f3micas internacionales del Mercosur, por Sabine Papendieck y Gustavo Idigoras - GPS\" \/>\n<meta property=\"og:description\" content=\"Los autores identifican cu\u00e1les son las negociaciones comerciales que convienen a la agroindustria del Mercosur para su acceso efectivo a mercados con mayores posibilidades de crecimiento, y con los cuales la interacci\u00f3n genere empleos y desarrollo econ\u00f3mico en la regi\u00f3n. Abril 2016Autores: Sabine Papendieck y Gustavo Idigoras\" \/>\n<meta property=\"og:url\" content=\"https:\/\/grupogpps.org\/pt\/oportunidad-para-relanzar-las-negociaciones-economicas-internacionales-del-mercosur-por-sabine-papendieck-y-gustavo-idigoras\/\" \/>\n<meta property=\"og:site_name\" content=\"GPS\" \/>\n<meta property=\"article:publisher\" content=\"https:\/\/www.linkedin.com\/company\/25037162\/\" \/>\n<meta property=\"article:published_time\" content=\"2016-04-09T21:49:19+00:00\" \/>\n<meta property=\"article:modified_time\" content=\"2021-07-08T15:53:24+00:00\" \/>\n<meta property=\"og:image\" content=\"https:\/\/grupogpps.org\/wp-content\/uploads\/2017\/12\/OportunidadesRelanzar.jpg\" \/>\n\t<meta property=\"og:image:width\" content=\"390\" \/>\n\t<meta property=\"og:image:height\" content=\"518\" \/>\n\t<meta property=\"og:image:type\" content=\"image\/jpeg\" \/>\n<meta name=\"twitter:card\" content=\"summary_large_image\" \/>\n<meta name=\"twitter:creator\" content=\"@GPSLatinAmerica\" \/>\n<meta name=\"twitter:site\" content=\"@GPSLatinAmerica\" \/>\n<meta name=\"twitter:label1\" content=\"Escrito por\" \/>\n\t<meta name=\"twitter:data1\" content=\"\" \/>\n<script type=\"application\/ld+json\" class=\"yoast-schema-graph\">{\"@context\":\"https:\/\/schema.org\",\"@graph\":[{\"@type\":\"Article\",\"@id\":\"https:\/\/grupogpps.org\/oportunidad-para-relanzar-las-negociaciones-economicas-internacionales-del-mercosur-por-sabine-papendieck-y-gustavo-idigoras\/#article\",\"isPartOf\":{\"@id\":\"https:\/\/grupogpps.org\/oportunidad-para-relanzar-las-negociaciones-economicas-internacionales-del-mercosur-por-sabine-papendieck-y-gustavo-idigoras\/\"},\"author\":{\"name\":\"\",\"@id\":\"\"},\"headline\":\"Oportunidad para relanzar las negociaciones econ\u00f3micas internacionales del Mercosur, por Sabine Papendieck y Gustavo Idigoras\",\"datePublished\":\"2016-04-09T21:49:19+00:00\",\"dateModified\":\"2021-07-08T15:53:24+00:00\",\"mainEntityOfPage\":{\"@id\":\"https:\/\/grupogpps.org\/oportunidad-para-relanzar-las-negociaciones-economicas-internacionales-del-mercosur-por-sabine-papendieck-y-gustavo-idigoras\/\"},\"wordCount\":68,\"publisher\":{\"@id\":\"https:\/\/grupogpps.org\/#organization\"},\"image\":{\"@id\":\"https:\/\/grupogpps.org\/oportunidad-para-relanzar-las-negociaciones-economicas-internacionales-del-mercosur-por-sabine-papendieck-y-gustavo-idigoras\/#primaryimage\"},\"thumbnailUrl\":\"https:\/\/grupogpps.org\/wp-content\/uploads\/2017\/12\/OportunidadesRelanzar.jpg\",\"articleSection\":[\"Documentos institucionales\"],\"inLanguage\":\"pt-BR\"},{\"@type\":\"WebPage\",\"@id\":\"https:\/\/grupogpps.org\/oportunidad-para-relanzar-las-negociaciones-economicas-internacionales-del-mercosur-por-sabine-papendieck-y-gustavo-idigoras\/\",\"url\":\"https:\/\/grupogpps.org\/oportunidad-para-relanzar-las-negociaciones-economicas-internacionales-del-mercosur-por-sabine-papendieck-y-gustavo-idigoras\/\",\"name\":\"Oportunidad para relanzar las negociaciones econ\u00f3micas internacionales del Mercosur, por Sabine Papendieck y Gustavo Idigoras - GPS\",\"isPartOf\":{\"@id\":\"https:\/\/grupogpps.org\/#website\"},\"primaryImageOfPage\":{\"@id\":\"https:\/\/grupogpps.org\/oportunidad-para-relanzar-las-negociaciones-economicas-internacionales-del-mercosur-por-sabine-papendieck-y-gustavo-idigoras\/#primaryimage\"},\"image\":{\"@id\":\"https:\/\/grupogpps.org\/oportunidad-para-relanzar-las-negociaciones-economicas-internacionales-del-mercosur-por-sabine-papendieck-y-gustavo-idigoras\/#primaryimage\"},\"thumbnailUrl\":\"https:\/\/grupogpps.org\/wp-content\/uploads\/2017\/12\/OportunidadesRelanzar.jpg\",\"datePublished\":\"2016-04-09T21:49:19+00:00\",\"dateModified\":\"2021-07-08T15:53:24+00:00\",\"breadcrumb\":{\"@id\":\"https:\/\/grupogpps.org\/oportunidad-para-relanzar-las-negociaciones-economicas-internacionales-del-mercosur-por-sabine-papendieck-y-gustavo-idigoras\/#breadcrumb\"},\"inLanguage\":\"pt-BR\",\"potentialAction\":[{\"@type\":\"ReadAction\",\"target\":[\"https:\/\/grupogpps.org\/oportunidad-para-relanzar-las-negociaciones-economicas-internacionales-del-mercosur-por-sabine-papendieck-y-gustavo-idigoras\/\"]}]},{\"@type\":\"ImageObject\",\"inLanguage\":\"pt-BR\",\"@id\":\"https:\/\/grupogpps.org\/oportunidad-para-relanzar-las-negociaciones-economicas-internacionales-del-mercosur-por-sabine-papendieck-y-gustavo-idigoras\/#primaryimage\",\"url\":\"https:\/\/grupogpps.org\/wp-content\/uploads\/2017\/12\/OportunidadesRelanzar.jpg\",\"contentUrl\":\"https:\/\/grupogpps.org\/wp-content\/uploads\/2017\/12\/OportunidadesRelanzar.jpg\",\"width\":390,\"height\":518,\"caption\":\"Oportunidad para relanzar las negociaciones econ\u00f3micas internacionales del Mercosur, por Sabine Papendieck y Gustavo Idigoras\"},{\"@type\":\"BreadcrumbList\",\"@id\":\"https:\/\/grupogpps.org\/oportunidad-para-relanzar-las-negociaciones-economicas-internacionales-del-mercosur-por-sabine-papendieck-y-gustavo-idigoras\/#breadcrumb\",\"itemListElement\":[{\"@type\":\"ListItem\",\"position\":1,\"name\":\"Inicio\",\"item\":\"https:\/\/grupogpps.org\/\"},{\"@type\":\"ListItem\",\"position\":2,\"name\":\"Oportunidad para relanzar las negociaciones econ\u00f3micas internacionales del Mercosur, por Sabine Papendieck y Gustavo Idigoras\"}]},{\"@type\":\"WebSite\",\"@id\":\"https:\/\/grupogpps.org\/#website\",\"url\":\"https:\/\/grupogpps.org\/\",\"name\":\"GPS\",\"description\":\"Grupo de pa\u00edses productores del sur\",\"publisher\":{\"@id\":\"https:\/\/grupogpps.org\/#organization\"},\"potentialAction\":[{\"@type\":\"SearchAction\",\"target\":{\"@type\":\"EntryPoint\",\"urlTemplate\":\"https:\/\/grupogpps.org\/?s={search_term_string}\"},\"query-input\":{\"@type\":\"PropertyValueSpecification\",\"valueRequired\":true,\"valueName\":\"search_term_string\"}}],\"inLanguage\":\"pt-BR\"},{\"@type\":\"Organization\",\"@id\":\"https:\/\/grupogpps.org\/#organization\",\"name\":\"GPS - Grupo de pa\u00edses productores del sur\",\"url\":\"https:\/\/grupogpps.org\/\",\"logo\":{\"@type\":\"ImageObject\",\"inLanguage\":\"pt-BR\",\"@id\":\"https:\/\/grupogpps.org\/#\/schema\/logo\/image\/\",\"url\":\"http:\/\/grupogpps.org\/wp-content\/uploads\/2021\/06\/logoGPS3.svg\",\"contentUrl\":\"http:\/\/grupogpps.org\/wp-content\/uploads\/2021\/06\/logoGPS3.svg\",\"width\":1,\"height\":1,\"caption\":\"GPS - Grupo de pa\u00edses productores del sur\"},\"image\":{\"@id\":\"https:\/\/grupogpps.org\/#\/schema\/logo\/image\/\"},\"sameAs\":[\"https:\/\/www.linkedin.com\/company\/25037162\/\",\"https:\/\/x.com\/GPSLatinAmerica\",\"https:\/\/www.instagram.com\/gpslatin\/\",\"https:\/\/www.youtube.com\/channel\/UCM2Qf0jSqNRJRkqmU8dO9QA\/videos\"]},{\"@type\":\"Person\",\"@id\":\"\",\"url\":\"https:\/\/grupogpps.org\/pt\/author\/\"}]}<\/script>\n<!-- \/ Yoast SEO plugin. -->","yoast_head_json":{"title":"Oportunidad para relanzar las negociaciones econ\u00f3micas internacionales del Mercosur, por Sabine Papendieck y Gustavo Idigoras - GPS","robots":{"index":"index","follow":"follow","max-snippet":"max-snippet:-1","max-image-preview":"max-image-preview:large","max-video-preview":"max-video-preview:-1"},"canonical":"https:\/\/grupogpps.org\/pt\/oportunidad-para-relanzar-las-negociaciones-economicas-internacionales-del-mercosur-por-sabine-papendieck-y-gustavo-idigoras\/","og_locale":"pt_BR","og_type":"article","og_title":"Oportunidad para relanzar las negociaciones econ\u00f3micas internacionales del Mercosur, por Sabine Papendieck y Gustavo Idigoras - GPS","og_description":"Los autores identifican cu\u00e1les son las negociaciones comerciales que convienen a la agroindustria del Mercosur para su acceso efectivo a mercados con mayores posibilidades de crecimiento, y con los cuales la interacci\u00f3n genere empleos y desarrollo econ\u00f3mico en la regi\u00f3n. Abril 2016Autores: Sabine Papendieck y Gustavo Idigoras","og_url":"https:\/\/grupogpps.org\/pt\/oportunidad-para-relanzar-las-negociaciones-economicas-internacionales-del-mercosur-por-sabine-papendieck-y-gustavo-idigoras\/","og_site_name":"GPS","article_publisher":"https:\/\/www.linkedin.com\/company\/25037162\/","article_published_time":"2016-04-09T21:49:19+00:00","article_modified_time":"2021-07-08T15:53:24+00:00","og_image":[{"width":390,"height":518,"url":"https:\/\/grupogpps.org\/wp-content\/uploads\/2017\/12\/OportunidadesRelanzar.jpg","type":"image\/jpeg"}],"twitter_card":"summary_large_image","twitter_creator":"@GPSLatinAmerica","twitter_site":"@GPSLatinAmerica","twitter_misc":{"Escrito por":""},"schema":{"@context":"https:\/\/schema.org","@graph":[{"@type":"Article","@id":"https:\/\/grupogpps.org\/oportunidad-para-relanzar-las-negociaciones-economicas-internacionales-del-mercosur-por-sabine-papendieck-y-gustavo-idigoras\/#article","isPartOf":{"@id":"https:\/\/grupogpps.org\/oportunidad-para-relanzar-las-negociaciones-economicas-internacionales-del-mercosur-por-sabine-papendieck-y-gustavo-idigoras\/"},"author":{"name":"","@id":""},"headline":"Oportunidad para relanzar las negociaciones econ\u00f3micas internacionales del Mercosur, por Sabine Papendieck y Gustavo Idigoras","datePublished":"2016-04-09T21:49:19+00:00","dateModified":"2021-07-08T15:53:24+00:00","mainEntityOfPage":{"@id":"https:\/\/grupogpps.org\/oportunidad-para-relanzar-las-negociaciones-economicas-internacionales-del-mercosur-por-sabine-papendieck-y-gustavo-idigoras\/"},"wordCount":68,"publisher":{"@id":"https:\/\/grupogpps.org\/#organization"},"image":{"@id":"https:\/\/grupogpps.org\/oportunidad-para-relanzar-las-negociaciones-economicas-internacionales-del-mercosur-por-sabine-papendieck-y-gustavo-idigoras\/#primaryimage"},"thumbnailUrl":"https:\/\/grupogpps.org\/wp-content\/uploads\/2017\/12\/OportunidadesRelanzar.jpg","articleSection":["Documentos institucionales"],"inLanguage":"pt-BR"},{"@type":"WebPage","@id":"https:\/\/grupogpps.org\/oportunidad-para-relanzar-las-negociaciones-economicas-internacionales-del-mercosur-por-sabine-papendieck-y-gustavo-idigoras\/","url":"https:\/\/grupogpps.org\/oportunidad-para-relanzar-las-negociaciones-economicas-internacionales-del-mercosur-por-sabine-papendieck-y-gustavo-idigoras\/","name":"Oportunidad para relanzar las negociaciones econ\u00f3micas internacionales del Mercosur, por Sabine Papendieck y Gustavo Idigoras - GPS","isPartOf":{"@id":"https:\/\/grupogpps.org\/#website"},"primaryImageOfPage":{"@id":"https:\/\/grupogpps.org\/oportunidad-para-relanzar-las-negociaciones-economicas-internacionales-del-mercosur-por-sabine-papendieck-y-gustavo-idigoras\/#primaryimage"},"image":{"@id":"https:\/\/grupogpps.org\/oportunidad-para-relanzar-las-negociaciones-economicas-internacionales-del-mercosur-por-sabine-papendieck-y-gustavo-idigoras\/#primaryimage"},"thumbnailUrl":"https:\/\/grupogpps.org\/wp-content\/uploads\/2017\/12\/OportunidadesRelanzar.jpg","datePublished":"2016-04-09T21:49:19+00:00","dateModified":"2021-07-08T15:53:24+00:00","breadcrumb":{"@id":"https:\/\/grupogpps.org\/oportunidad-para-relanzar-las-negociaciones-economicas-internacionales-del-mercosur-por-sabine-papendieck-y-gustavo-idigoras\/#breadcrumb"},"inLanguage":"pt-BR","potentialAction":[{"@type":"ReadAction","target":["https:\/\/grupogpps.org\/oportunidad-para-relanzar-las-negociaciones-economicas-internacionales-del-mercosur-por-sabine-papendieck-y-gustavo-idigoras\/"]}]},{"@type":"ImageObject","inLanguage":"pt-BR","@id":"https:\/\/grupogpps.org\/oportunidad-para-relanzar-las-negociaciones-economicas-internacionales-del-mercosur-por-sabine-papendieck-y-gustavo-idigoras\/#primaryimage","url":"https:\/\/grupogpps.org\/wp-content\/uploads\/2017\/12\/OportunidadesRelanzar.jpg","contentUrl":"https:\/\/grupogpps.org\/wp-content\/uploads\/2017\/12\/OportunidadesRelanzar.jpg","width":390,"height":518,"caption":"Oportunidad para relanzar las negociaciones econ\u00f3micas internacionales del Mercosur, por Sabine Papendieck y Gustavo Idigoras"},{"@type":"BreadcrumbList","@id":"https:\/\/grupogpps.org\/oportunidad-para-relanzar-las-negociaciones-economicas-internacionales-del-mercosur-por-sabine-papendieck-y-gustavo-idigoras\/#breadcrumb","itemListElement":[{"@type":"ListItem","position":1,"name":"Inicio","item":"https:\/\/grupogpps.org\/"},{"@type":"ListItem","position":2,"name":"Oportunidad para relanzar las negociaciones econ\u00f3micas internacionales del Mercosur, por Sabine Papendieck y Gustavo Idigoras"}]},{"@type":"WebSite","@id":"https:\/\/grupogpps.org\/#website","url":"https:\/\/grupogpps.org\/","name":"GPS","description":"Grupo de pa\u00edses productores del sur","publisher":{"@id":"https:\/\/grupogpps.org\/#organization"},"potentialAction":[{"@type":"SearchAction","target":{"@type":"EntryPoint","urlTemplate":"https:\/\/grupogpps.org\/?s={search_term_string}"},"query-input":{"@type":"PropertyValueSpecification","valueRequired":true,"valueName":"search_term_string"}}],"inLanguage":"pt-BR"},{"@type":"Organization","@id":"https:\/\/grupogpps.org\/#organization","name":"GPS - Grupo de pa\u00edses productores del sur","url":"https:\/\/grupogpps.org\/","logo":{"@type":"ImageObject","inLanguage":"pt-BR","@id":"https:\/\/grupogpps.org\/#\/schema\/logo\/image\/","url":"http:\/\/grupogpps.org\/wp-content\/uploads\/2021\/06\/logoGPS3.svg","contentUrl":"http:\/\/grupogpps.org\/wp-content\/uploads\/2021\/06\/logoGPS3.svg","width":1,"height":1,"caption":"GPS - Grupo de pa\u00edses productores del sur"},"image":{"@id":"https:\/\/grupogpps.org\/#\/schema\/logo\/image\/"},"sameAs":["https:\/\/www.linkedin.com\/company\/25037162\/","https:\/\/x.com\/GPSLatinAmerica","https:\/\/www.instagram.com\/gpslatin\/","https:\/\/www.youtube.com\/channel\/UCM2Qf0jSqNRJRkqmU8dO9QA\/videos"]},{"@type":"Person","@id":"","url":"https:\/\/grupogpps.org\/pt\/author\/"}]}},"_links":{"self":[{"href":"https:\/\/grupogpps.org\/pt\/wp-json\/wp\/v2\/posts\/2315","targetHints":{"allow":["GET"]}}],"collection":[{"href":"https:\/\/grupogpps.org\/pt\/wp-json\/wp\/v2\/posts"}],"about":[{"href":"https:\/\/grupogpps.org\/pt\/wp-json\/wp\/v2\/types\/post"}],"author":[{"embeddable":true,"href":"https:\/\/grupogpps.org\/pt\/wp-json\/wp\/v2\/users\/1"}],"replies":[{"embeddable":true,"href":"https:\/\/grupogpps.org\/pt\/wp-json\/wp\/v2\/comments?post=2315"}],"version-history":[{"count":1,"href":"https:\/\/grupogpps.org\/pt\/wp-json\/wp\/v2\/posts\/2315\/revisions"}],"predecessor-version":[{"id":3314,"href":"https:\/\/grupogpps.org\/pt\/wp-json\/wp\/v2\/posts\/2315\/revisions\/3314"}],"wp:featuredmedia":[{"embeddable":true,"href":"https:\/\/grupogpps.org\/pt\/wp-json\/wp\/v2\/media\/2316"}],"wp:attachment":[{"href":"https:\/\/grupogpps.org\/pt\/wp-json\/wp\/v2\/media?parent=2315"}],"wp:term":[{"taxonomy":"category","embeddable":true,"href":"https:\/\/grupogpps.org\/pt\/wp-json\/wp\/v2\/categories?post=2315"},{"taxonomy":"post_tag","embeddable":true,"href":"https:\/\/grupogpps.org\/pt\/wp-json\/wp\/v2\/tags?post=2315"}],"curies":[{"name":"wp","href":"https:\/\/api.w.org\/{rel}","templated":true}]}}