{"id":2291,"date":"2016-12-19T18:11:57","date_gmt":"2016-12-19T21:11:57","guid":{"rendered":"http:\/\/grupogpps.org\/?p=195"},"modified":"2021-07-07T09:45:52","modified_gmt":"2021-07-07T12:45:52","slug":"grune-woche-berlin-2017-semana-verde-berlin-2017","status":"publish","type":"post","link":"https:\/\/grupogpps.org\/pt\/grune-woche-berlin-2017-semana-verde-berlin-2017\/","title":{"rendered":"GR\u00dcNE WOCHE \u2013 Berl\u00edn 2017 \/ Semana Verde Berl\u00edn &#8211; 2017"},"content":{"rendered":"<p>GPS (Grupo de Pa\u00edses Productores del Sur), tiene el agrado de invitarlo a la charla sobre \u201cSeguridad Alimentaria, D\u00e9ficit H\u00eddrico, la Agenda del G-20 y el rol estrat\u00e9gico de los pa\u00edses del Cono Sur (Argentina, Brasil, Paraguay y Uruguay\u201d a realizarse en el marco de la Semana Verde Internacional de Berl\u00edn, el d\u00eda 20 de enero de 4pm a 7pm. Berlin Expo Center City (MesseBerlin), Sal\u00f3n Gro\u00dferStern, Messedam 22, Berl\u00edn.<\/p>\n\n\n\n<div style=\"height:20px\" aria-hidden=\"true\" class=\"wp-block-spacer\"><\/div>\n\n\n\n<figure class=\"wp-block-gallery columns-3 is-cropped wp-block-gallery-1 is-layout-flex wp-block-gallery-is-layout-flex\"><ul class=\"blocks-gallery-grid\"><li class=\"blocks-gallery-item\"><figure><a href=\"http:\/\/grupogpps.org\/wp-content\/uploads\/2021\/07\/1-foto-conf-640x350-2.jpg\"><img loading=\"lazy\" decoding=\"async\" width=\"640\" height=\"350\" src=\"http:\/\/grupogpps.org\/wp-content\/uploads\/2021\/07\/1-foto-conf-640x350-2.jpg\" alt=\"\" data-id=\"3039\" data-full-url=\"http:\/\/grupogpps.org\/wp-content\/uploads\/2021\/07\/1-foto-conf-640x350-2.jpg\" data-link=\"http:\/\/grupogpps.org\/2016\/12\/19\/grune-woche-berlin-2017-semana-verde-berlin-2017\/1-foto-conf-640x350-2-2\/\" class=\"wp-image-3039\" srcset=\"https:\/\/grupogpps.org\/wp-content\/uploads\/2021\/07\/1-foto-conf-640x350-2.jpg 640w, https:\/\/grupogpps.org\/wp-content\/uploads\/2021\/07\/1-foto-conf-640x350-2-300x164.jpg 300w, https:\/\/grupogpps.org\/wp-content\/uploads\/2021\/07\/1-foto-conf-640x350-2-16x9.jpg 16w\" sizes=\"auto, (max-width: 640px) 100vw, 640px\" \/><\/a><\/figure><\/li><li class=\"blocks-gallery-item\"><figure><a href=\"http:\/\/grupogpps.org\/wp-content\/uploads\/2021\/07\/2-foto-Conf-Martin-640x350-2.jpg\"><img loading=\"lazy\" decoding=\"async\" width=\"640\" height=\"350\" src=\"http:\/\/grupogpps.org\/wp-content\/uploads\/2021\/07\/2-foto-Conf-Martin-640x350-2.jpg\" alt=\"\" data-id=\"3040\" data-full-url=\"http:\/\/grupogpps.org\/wp-content\/uploads\/2021\/07\/2-foto-Conf-Martin-640x350-2.jpg\" data-link=\"http:\/\/grupogpps.org\/2016\/12\/19\/grune-woche-berlin-2017-semana-verde-berlin-2017\/2-foto-conf-martin-640x350-2-2\/\" class=\"wp-image-3040\" srcset=\"https:\/\/grupogpps.org\/wp-content\/uploads\/2021\/07\/2-foto-Conf-Martin-640x350-2.jpg 640w, https:\/\/grupogpps.org\/wp-content\/uploads\/2021\/07\/2-foto-Conf-Martin-640x350-2-300x164.jpg 300w, https:\/\/grupogpps.org\/wp-content\/uploads\/2021\/07\/2-foto-Conf-Martin-640x350-2-16x9.jpg 16w\" sizes=\"auto, (max-width: 640px) 100vw, 640px\" \/><\/a><\/figure><\/li><li class=\"blocks-gallery-item\"><figure><a href=\"http:\/\/grupogpps.org\/wp-content\/uploads\/2021\/07\/3-Foto-conf-Martin-Torero-Hepburn-640x350-2.jpg\"><img loading=\"lazy\" decoding=\"async\" width=\"640\" height=\"350\" src=\"http:\/\/grupogpps.org\/wp-content\/uploads\/2021\/07\/3-Foto-conf-Martin-Torero-Hepburn-640x350-2.jpg\" alt=\"\" data-id=\"3041\" data-full-url=\"http:\/\/grupogpps.org\/wp-content\/uploads\/2021\/07\/3-Foto-conf-Martin-Torero-Hepburn-640x350-2.jpg\" data-link=\"http:\/\/grupogpps.org\/2016\/12\/19\/grune-woche-berlin-2017-semana-verde-berlin-2017\/3-foto-conf-martin-torero-hepburn-640x350-2-2\/\" class=\"wp-image-3041\" srcset=\"https:\/\/grupogpps.org\/wp-content\/uploads\/2021\/07\/3-Foto-conf-Martin-Torero-Hepburn-640x350-2.jpg 640w, https:\/\/grupogpps.org\/wp-content\/uploads\/2021\/07\/3-Foto-conf-Martin-Torero-Hepburn-640x350-2-300x164.jpg 300w, https:\/\/grupogpps.org\/wp-content\/uploads\/2021\/07\/3-Foto-conf-Martin-Torero-Hepburn-640x350-2-16x9.jpg 16w\" sizes=\"auto, (max-width: 640px) 100vw, 640px\" \/><\/a><\/figure><\/li><li class=\"blocks-gallery-item\"><figure><a href=\"http:\/\/grupogpps.org\/wp-content\/uploads\/2021\/07\/4-Foto-conf-grupal-680x350-2.jpg\"><img loading=\"lazy\" decoding=\"async\" width=\"680\" height=\"350\" src=\"http:\/\/grupogpps.org\/wp-content\/uploads\/2021\/07\/4-Foto-conf-grupal-680x350-2.jpg\" alt=\"\" data-id=\"3042\" data-full-url=\"http:\/\/grupogpps.org\/wp-content\/uploads\/2021\/07\/4-Foto-conf-grupal-680x350-2.jpg\" data-link=\"http:\/\/grupogpps.org\/2016\/12\/19\/grune-woche-berlin-2017-semana-verde-berlin-2017\/4-foto-conf-grupal-680x350-2-2\/\" class=\"wp-image-3042\" srcset=\"https:\/\/grupogpps.org\/wp-content\/uploads\/2021\/07\/4-Foto-conf-grupal-680x350-2.jpg 680w, https:\/\/grupogpps.org\/wp-content\/uploads\/2021\/07\/4-Foto-conf-grupal-680x350-2-300x154.jpg 300w, https:\/\/grupogpps.org\/wp-content\/uploads\/2021\/07\/4-Foto-conf-grupal-680x350-2-16x8.jpg 16w\" sizes=\"auto, (max-width: 680px) 100vw, 680px\" \/><\/a><\/figure><\/li><li class=\"blocks-gallery-item\"><figure><a href=\"http:\/\/grupogpps.org\/wp-content\/uploads\/2021\/07\/5-foto-conf-Martin-Hepburn-640x350-2.jpg\"><img loading=\"lazy\" decoding=\"async\" width=\"640\" height=\"350\" src=\"http:\/\/grupogpps.org\/wp-content\/uploads\/2021\/07\/5-foto-conf-Martin-Hepburn-640x350-2.jpg\" alt=\"\" data-id=\"3043\" data-full-url=\"http:\/\/grupogpps.org\/wp-content\/uploads\/2021\/07\/5-foto-conf-Martin-Hepburn-640x350-2.jpg\" data-link=\"http:\/\/grupogpps.org\/2016\/12\/19\/grune-woche-berlin-2017-semana-verde-berlin-2017\/5-foto-conf-martin-hepburn-640x350-2-2\/\" class=\"wp-image-3043\" srcset=\"https:\/\/grupogpps.org\/wp-content\/uploads\/2021\/07\/5-foto-conf-Martin-Hepburn-640x350-2.jpg 640w, https:\/\/grupogpps.org\/wp-content\/uploads\/2021\/07\/5-foto-conf-Martin-Hepburn-640x350-2-300x164.jpg 300w, https:\/\/grupogpps.org\/wp-content\/uploads\/2021\/07\/5-foto-conf-Martin-Hepburn-640x350-2-16x9.jpg 16w\" sizes=\"auto, (max-width: 640px) 100vw, 640px\" \/><\/a><\/figure><\/li><li class=\"blocks-gallery-item\"><figure><a href=\"http:\/\/grupogpps.org\/wp-content\/uploads\/2021\/07\/6-Foto-Viglizzo-640x350-2.jpg\"><img loading=\"lazy\" decoding=\"async\" width=\"640\" height=\"350\" src=\"http:\/\/grupogpps.org\/wp-content\/uploads\/2021\/07\/6-Foto-Viglizzo-640x350-2.jpg\" alt=\"\" data-id=\"3044\" data-full-url=\"http:\/\/grupogpps.org\/wp-content\/uploads\/2021\/07\/6-Foto-Viglizzo-640x350-2.jpg\" data-link=\"http:\/\/grupogpps.org\/2016\/12\/19\/grune-woche-berlin-2017-semana-verde-berlin-2017\/6-foto-viglizzo-640x350-2-2\/\" class=\"wp-image-3044\" srcset=\"https:\/\/grupogpps.org\/wp-content\/uploads\/2021\/07\/6-Foto-Viglizzo-640x350-2.jpg 640w, https:\/\/grupogpps.org\/wp-content\/uploads\/2021\/07\/6-Foto-Viglizzo-640x350-2-300x164.jpg 300w, https:\/\/grupogpps.org\/wp-content\/uploads\/2021\/07\/6-Foto-Viglizzo-640x350-2-16x9.jpg 16w\" sizes=\"auto, (max-width: 640px) 100vw, 640px\" \/><\/a><\/figure><\/li><li class=\"blocks-gallery-item\"><figure><a href=\"http:\/\/grupogpps.org\/wp-content\/uploads\/2021\/07\/8-Emb-Guani-640x350-2.jpg\"><img loading=\"lazy\" decoding=\"async\" width=\"640\" height=\"350\" src=\"http:\/\/grupogpps.org\/wp-content\/uploads\/2021\/07\/8-Emb-Guani-640x350-2.jpg\" alt=\"\" data-id=\"3045\" data-full-url=\"http:\/\/grupogpps.org\/wp-content\/uploads\/2021\/07\/8-Emb-Guani-640x350-2.jpg\" data-link=\"http:\/\/grupogpps.org\/2016\/12\/19\/grune-woche-berlin-2017-semana-verde-berlin-2017\/8-emb-guani-640x350-2-2\/\" class=\"wp-image-3045\" srcset=\"https:\/\/grupogpps.org\/wp-content\/uploads\/2021\/07\/8-Emb-Guani-640x350-2.jpg 640w, https:\/\/grupogpps.org\/wp-content\/uploads\/2021\/07\/8-Emb-Guani-640x350-2-300x164.jpg 300w, https:\/\/grupogpps.org\/wp-content\/uploads\/2021\/07\/8-Emb-Guani-640x350-2-16x9.jpg 16w\" sizes=\"auto, (max-width: 640px) 100vw, 640px\" \/><\/a><\/figure><\/li><li class=\"blocks-gallery-item\"><figure><a href=\"http:\/\/grupogpps.org\/wp-content\/uploads\/2021\/07\/9-Juan-C.-Baruja-640x350-2.jpg\"><img loading=\"lazy\" decoding=\"async\" width=\"640\" height=\"350\" src=\"http:\/\/grupogpps.org\/wp-content\/uploads\/2021\/07\/9-Juan-C.-Baruja-640x350-2.jpg\" alt=\"\" data-id=\"3046\" data-full-url=\"http:\/\/grupogpps.org\/wp-content\/uploads\/2021\/07\/9-Juan-C.-Baruja-640x350-2.jpg\" data-link=\"http:\/\/grupogpps.org\/2016\/12\/19\/grune-woche-berlin-2017-semana-verde-berlin-2017\/9-juan-c-baruja-640x350-2-2\/\" class=\"wp-image-3046\" srcset=\"https:\/\/grupogpps.org\/wp-content\/uploads\/2021\/07\/9-Juan-C.-Baruja-640x350-2.jpg 640w, https:\/\/grupogpps.org\/wp-content\/uploads\/2021\/07\/9-Juan-C.-Baruja-640x350-2-300x164.jpg 300w, https:\/\/grupogpps.org\/wp-content\/uploads\/2021\/07\/9-Juan-C.-Baruja-640x350-2-16x9.jpg 16w\" sizes=\"auto, (max-width: 640px) 100vw, 640px\" \/><\/a><\/figure><\/li><li class=\"blocks-gallery-item\"><figure><a href=\"http:\/\/grupogpps.org\/wp-content\/uploads\/2021\/07\/Food-Security_Water-Scarcity-web-640x350-2.jpg\"><img loading=\"lazy\" decoding=\"async\" width=\"640\" height=\"350\" src=\"http:\/\/grupogpps.org\/wp-content\/uploads\/2021\/07\/Food-Security_Water-Scarcity-web-640x350-2.jpg\" alt=\"\" data-id=\"3047\" data-full-url=\"http:\/\/grupogpps.org\/wp-content\/uploads\/2021\/07\/Food-Security_Water-Scarcity-web-640x350-2.jpg\" data-link=\"http:\/\/grupogpps.org\/2016\/12\/19\/grune-woche-berlin-2017-semana-verde-berlin-2017\/food-security_water-scarcity-web-640x350-2-2\/\" class=\"wp-image-3047\" srcset=\"https:\/\/grupogpps.org\/wp-content\/uploads\/2021\/07\/Food-Security_Water-Scarcity-web-640x350-2.jpg 640w, https:\/\/grupogpps.org\/wp-content\/uploads\/2021\/07\/Food-Security_Water-Scarcity-web-640x350-2-300x164.jpg 300w, https:\/\/grupogpps.org\/wp-content\/uploads\/2021\/07\/Food-Security_Water-Scarcity-web-640x350-2-16x9.jpg 16w\" sizes=\"auto, (max-width: 640px) 100vw, 640px\" \/><\/a><\/figure><\/li><li class=\"blocks-gallery-item\"><figure><a href=\"http:\/\/grupogpps.org\/wp-content\/uploads\/2021\/07\/tapa-web-subir-web-viglizzo-680x350-2.jpg\"><img loading=\"lazy\" decoding=\"async\" width=\"680\" height=\"350\" src=\"http:\/\/grupogpps.org\/wp-content\/uploads\/2021\/07\/tapa-web-subir-web-viglizzo-680x350-2.jpg\" alt=\"\" data-id=\"3048\" data-full-url=\"http:\/\/grupogpps.org\/wp-content\/uploads\/2021\/07\/tapa-web-subir-web-viglizzo-680x350-2.jpg\" data-link=\"http:\/\/grupogpps.org\/2016\/12\/19\/grune-woche-berlin-2017-semana-verde-berlin-2017\/tapa-web-subir-web-viglizzo-680x350-2-2\/\" class=\"wp-image-3048\" srcset=\"https:\/\/grupogpps.org\/wp-content\/uploads\/2021\/07\/tapa-web-subir-web-viglizzo-680x350-2.jpg 680w, https:\/\/grupogpps.org\/wp-content\/uploads\/2021\/07\/tapa-web-subir-web-viglizzo-680x350-2-300x154.jpg 300w, https:\/\/grupogpps.org\/wp-content\/uploads\/2021\/07\/tapa-web-subir-web-viglizzo-680x350-2-16x8.jpg 16w\" sizes=\"auto, (max-width: 680px) 100vw, 680px\" \/><\/a><\/figure><\/li><\/ul><\/figure>\n\n\n\n<div style=\"height:30px\" aria-hidden=\"true\" class=\"wp-block-spacer\"><\/div>\n\n\n\n<p class=\"has-text-align-center\"><strong>Descargar Presentaciones<\/strong><\/p>\n\n\n\n<div class=\"wp-block-buttons is-content-justification-center is-layout-flex wp-block-buttons-is-layout-flex\">\n<div class=\"wp-block-button\"><a class=\"wp-block-button__link\" href=\"http:\/\/grupogpps.org\/wp-content\/uploads\/2021\/07\/Min-Juan-Carlos-Baruja-Presentation-Paraguay-as-food-production-plataform.pdf\" target=\"_blank\" rel=\"noreferrer noopener\">Min. Juan Carlos Baruja<\/a><\/div>\n\n\n\n<div class=\"wp-block-button\"><a class=\"wp-block-button__link\" href=\"http:\/\/grupogpps.org\/wp-content\/uploads\/2021\/07\/Ramiro-Costa-Presentation-Bioeconomy.pdf\" target=\"_blank\" rel=\"noreferrer noopener\">Ramiro Costa<\/a><\/div>\n\n\n\n<div class=\"wp-block-button\"><a class=\"wp-block-button__link\" href=\"http:\/\/grupogpps.org\/wp-content\/uploads\/2021\/07\/Martin-Fraguio-Presentation-Southern-Cone-Contributions-To-Food-Security-and-Global-Environmental-Sustainability.pdf\" target=\"_blank\" rel=\"noreferrer noopener\">Mart\u00edn Fragu\u00edo<\/a><\/div>\n\n\n\n<div class=\"wp-block-button\"><a class=\"wp-block-button__link\" href=\"https:\/\/www.dropbox.com\/preview\/Luiz%20C%20Correa%20CarvalhoGPS-Alemanha_20-01-17_Abag.pdf\" target=\"_blank\" rel=\"noreferrer noopener\">Luis Carlos Correa Carvalho<\/a><\/div>\n\n\n\n<div class=\"wp-block-button\"><a class=\"wp-block-button__link\" href=\"http:\/\/grupogpps.org\/wp-content\/uploads\/2021\/07\/Maximo-Torero-Comments.pdf\" target=\"_blank\" rel=\"noreferrer noopener\">M\u00e1ximo Torero<\/a><\/div>\n\n\n\n<div class=\"wp-block-button\"><a class=\"wp-block-button__link\" href=\"http:\/\/grupogpps.org\/wp-content\/uploads\/2021\/07\/Ernesto-Viglizzo-Presentation-Virtual-Water-in-The-Rural-Sector-of-Argentina-Brazil-Paraguay-And-Uruguay-and-Its-Potential-Impact-on-Global-Water-Security.pdf\" target=\"_blank\" rel=\"noreferrer noopener\">Ernesto Viglizzo<\/a><\/div>\n\n\n\n<div class=\"wp-block-button\"><a class=\"wp-block-button__link\" href=\"http:\/\/grupogpps.org\/wp-content\/uploads\/2021\/07\/Beyond-the-footprint-MFR-27-03-17-_2_.pdf\" target=\"_blank\" rel=\"noreferrer noopener\">Beyond the Footprint<\/a><\/div>\n\n\n\n<div class=\"wp-block-button\"><a class=\"wp-block-button__link\" href=\"http:\/\/grupogpps.org\/wp-content\/uploads\/2021\/07\/Blog-WHAT-IS-BEYOND-THE-WATER-AND-CARBON-FOOTPRINT-THE-PRESSING-ISSUE-OFFOOD-AND-WATER-SECURITY-May-04-05-17.pdf\" target=\"_blank\" rel=\"noreferrer noopener\">What is beyond the water and Carbon Footprint<\/a><\/div>\n\n\n\n<div class=\"wp-block-button\"><a class=\"wp-block-button__link\" href=\"http:\/\/grupogpps.org\/wp-content\/uploads\/2021\/07\/19-01-17-Programa-GW.pdf\" target=\"_blank\" rel=\"noreferrer noopener\">Descargar Programa<\/a><\/div>\n\n\n\n<div class=\"wp-block-button\"><a class=\"wp-block-button__link\" href=\"http:\/\/grupogpps.org\/wp-content\/uploads\/2021\/07\/Invitation-G.W.pdf\" target=\"_blank\" rel=\"noreferrer noopener\">Descargar invitaci\u00f3n<\/a><\/div>\n<\/div>","protected":false},"excerpt":{"rendered":"<p>GPS (Grupo de Pa\u00edses Productores del Sur), tiene el agrado de invitarlo a la charla sobre \u201cSeguridad Alimentaria, D\u00e9ficit H\u00eddrico, la Agenda del G-20 y el rol estrat\u00e9gico de los pa\u00edses del Cono Sur (Argentina, Brasil, Paraguay y Uruguay\u201d a realizarse en el marco de la Semana Verde Internacional de Berl\u00edn, el d\u00eda 20 de [&hellip;]<\/p>","protected":false},"author":1,"featured_media":2293,"comment_status":"closed","ping_status":"closed","sticky":false,"template":"","format":"standard","meta":{"footnotes":""},"categories":[19,23],"tags":[],"class_list":["post-2291","post","type-post","status-publish","format-standard","has-post-thumbnail","hentry","category-actividades","category-novedades"],"yoast_head":"<!-- This site is optimized with the Yoast SEO plugin v26.8 - https:\/\/yoast.com\/product\/yoast-seo-wordpress\/ -->\n<title>GR\u00dcNE WOCHE \u2013 Berl\u00edn 2017 \/ Semana Verde Berl\u00edn - 2017 - GPS<\/title>\n<meta name=\"robots\" content=\"index, follow, max-snippet:-1, max-image-preview:large, max-video-preview:-1\" \/>\n<link rel=\"canonical\" href=\"https:\/\/grupogpps.org\/pt\/grune-woche-berlin-2017-semana-verde-berlin-2017\/\" \/>\n<meta property=\"og:locale\" content=\"pt_BR\" \/>\n<meta property=\"og:type\" content=\"article\" \/>\n<meta property=\"og:title\" content=\"GR\u00dcNE WOCHE \u2013 Berl\u00edn 2017 \/ Semana Verde Berl\u00edn - 2017 - GPS\" \/>\n<meta property=\"og:description\" content=\"GPS (Grupo de Pa\u00edses Productores del Sur), tiene el agrado de invitarlo a la charla sobre \u201cSeguridad Alimentaria, D\u00e9ficit H\u00eddrico, la Agenda del G-20 y el rol estrat\u00e9gico de los pa\u00edses del Cono Sur (Argentina, Brasil, Paraguay y Uruguay\u201d a realizarse en el marco de la Semana Verde Internacional de Berl\u00edn, el d\u00eda 20 de [&hellip;]\" \/>\n<meta property=\"og:url\" content=\"https:\/\/grupogpps.org\/pt\/grune-woche-berlin-2017-semana-verde-berlin-2017\/\" \/>\n<meta property=\"og:site_name\" content=\"GPS\" \/>\n<meta property=\"article:publisher\" content=\"https:\/\/www.linkedin.com\/company\/25037162\/\" \/>\n<meta property=\"article:published_time\" content=\"2016-12-19T21:11:57+00:00\" \/>\n<meta property=\"article:modified_time\" content=\"2021-07-07T12:45:52+00:00\" \/>\n<meta property=\"og:image\" content=\"https:\/\/grupogpps.org\/wp-content\/uploads\/2017\/11\/Food-Security_Water-Scarcity-web-640x350.jpg\" \/>\n\t<meta property=\"og:image:width\" content=\"640\" \/>\n\t<meta property=\"og:image:height\" content=\"350\" \/>\n\t<meta property=\"og:image:type\" content=\"image\/jpeg\" \/>\n<meta name=\"twitter:card\" content=\"summary_large_image\" \/>\n<meta name=\"twitter:creator\" content=\"@GPSLatinAmerica\" \/>\n<meta name=\"twitter:site\" content=\"@GPSLatinAmerica\" \/>\n<meta name=\"twitter:label1\" content=\"Escrito por\" \/>\n\t<meta name=\"twitter:data1\" content=\"\" \/>\n\t<meta name=\"twitter:label2\" content=\"Est. tempo de leitura\" \/>\n\t<meta name=\"twitter:data2\" content=\"1 minuto\" \/>\n<script type=\"application\/ld+json\" class=\"yoast-schema-graph\">{\"@context\":\"https:\/\/schema.org\",\"@graph\":[{\"@type\":\"Article\",\"@id\":\"https:\/\/grupogpps.org\/grune-woche-berlin-2017-semana-verde-berlin-2017\/#article\",\"isPartOf\":{\"@id\":\"https:\/\/grupogpps.org\/grune-woche-berlin-2017-semana-verde-berlin-2017\/\"},\"author\":{\"name\":\"\",\"@id\":\"\"},\"headline\":\"GR\u00dcNE WOCHE \u2013 Berl\u00edn 2017 \/ Semana Verde Berl\u00edn &#8211; 2017\",\"datePublished\":\"2016-12-19T21:11:57+00:00\",\"dateModified\":\"2021-07-07T12:45:52+00:00\",\"mainEntityOfPage\":{\"@id\":\"https:\/\/grupogpps.org\/grune-woche-berlin-2017-semana-verde-berlin-2017\/\"},\"wordCount\":125,\"publisher\":{\"@id\":\"https:\/\/grupogpps.org\/#organization\"},\"image\":{\"@id\":\"https:\/\/grupogpps.org\/grune-woche-berlin-2017-semana-verde-berlin-2017\/#primaryimage\"},\"thumbnailUrl\":\"https:\/\/grupogpps.org\/wp-content\/uploads\/2017\/11\/Food-Security_Water-Scarcity-web-640x350.jpg\",\"articleSection\":[\"Actividades\",\"Novedades\"],\"inLanguage\":\"pt-BR\"},{\"@type\":\"WebPage\",\"@id\":\"https:\/\/grupogpps.org\/grune-woche-berlin-2017-semana-verde-berlin-2017\/\",\"url\":\"https:\/\/grupogpps.org\/grune-woche-berlin-2017-semana-verde-berlin-2017\/\",\"name\":\"GR\u00dcNE WOCHE \u2013 Berl\u00edn 2017 \/ Semana Verde Berl\u00edn - 2017 - GPS\",\"isPartOf\":{\"@id\":\"https:\/\/grupogpps.org\/#website\"},\"primaryImageOfPage\":{\"@id\":\"https:\/\/grupogpps.org\/grune-woche-berlin-2017-semana-verde-berlin-2017\/#primaryimage\"},\"image\":{\"@id\":\"https:\/\/grupogpps.org\/grune-woche-berlin-2017-semana-verde-berlin-2017\/#primaryimage\"},\"thumbnailUrl\":\"https:\/\/grupogpps.org\/wp-content\/uploads\/2017\/11\/Food-Security_Water-Scarcity-web-640x350.jpg\",\"datePublished\":\"2016-12-19T21:11:57+00:00\",\"dateModified\":\"2021-07-07T12:45:52+00:00\",\"breadcrumb\":{\"@id\":\"https:\/\/grupogpps.org\/grune-woche-berlin-2017-semana-verde-berlin-2017\/#breadcrumb\"},\"inLanguage\":\"pt-BR\",\"potentialAction\":[{\"@type\":\"ReadAction\",\"target\":[\"https:\/\/grupogpps.org\/grune-woche-berlin-2017-semana-verde-berlin-2017\/\"]}]},{\"@type\":\"ImageObject\",\"inLanguage\":\"pt-BR\",\"@id\":\"https:\/\/grupogpps.org\/grune-woche-berlin-2017-semana-verde-berlin-2017\/#primaryimage\",\"url\":\"https:\/\/grupogpps.org\/wp-content\/uploads\/2017\/11\/Food-Security_Water-Scarcity-web-640x350.jpg\",\"contentUrl\":\"https:\/\/grupogpps.org\/wp-content\/uploads\/2017\/11\/Food-Security_Water-Scarcity-web-640x350.jpg\",\"width\":640,\"height\":350,\"caption\":\"GR\u00dcNE WOCHE \u2013 Berl\u00edn 2017 \/ Semana Verde Berl\u00edn - 2017\"},{\"@type\":\"BreadcrumbList\",\"@id\":\"https:\/\/grupogpps.org\/grune-woche-berlin-2017-semana-verde-berlin-2017\/#breadcrumb\",\"itemListElement\":[{\"@type\":\"ListItem\",\"position\":1,\"name\":\"Inicio\",\"item\":\"https:\/\/grupogpps.org\/\"},{\"@type\":\"ListItem\",\"position\":2,\"name\":\"GR\u00dcNE WOCHE \u2013 Berl\u00edn 2017 \/ Semana Verde Berl\u00edn &#8211; 2017\"}]},{\"@type\":\"WebSite\",\"@id\":\"https:\/\/grupogpps.org\/#website\",\"url\":\"https:\/\/grupogpps.org\/\",\"name\":\"GPS\",\"description\":\"Grupo de pa\u00edses productores del sur\",\"publisher\":{\"@id\":\"https:\/\/grupogpps.org\/#organization\"},\"potentialAction\":[{\"@type\":\"SearchAction\",\"target\":{\"@type\":\"EntryPoint\",\"urlTemplate\":\"https:\/\/grupogpps.org\/?s={search_term_string}\"},\"query-input\":{\"@type\":\"PropertyValueSpecification\",\"valueRequired\":true,\"valueName\":\"search_term_string\"}}],\"inLanguage\":\"pt-BR\"},{\"@type\":\"Organization\",\"@id\":\"https:\/\/grupogpps.org\/#organization\",\"name\":\"GPS - Grupo de pa\u00edses productores del sur\",\"url\":\"https:\/\/grupogpps.org\/\",\"logo\":{\"@type\":\"ImageObject\",\"inLanguage\":\"pt-BR\",\"@id\":\"https:\/\/grupogpps.org\/#\/schema\/logo\/image\/\",\"url\":\"http:\/\/grupogpps.org\/wp-content\/uploads\/2021\/06\/logoGPS3.svg\",\"contentUrl\":\"http:\/\/grupogpps.org\/wp-content\/uploads\/2021\/06\/logoGPS3.svg\",\"width\":1,\"height\":1,\"caption\":\"GPS - Grupo de pa\u00edses productores del sur\"},\"image\":{\"@id\":\"https:\/\/grupogpps.org\/#\/schema\/logo\/image\/\"},\"sameAs\":[\"https:\/\/www.linkedin.com\/company\/25037162\/\",\"https:\/\/x.com\/GPSLatinAmerica\",\"https:\/\/www.instagram.com\/gpslatin\/\",\"https:\/\/www.youtube.com\/channel\/UCM2Qf0jSqNRJRkqmU8dO9QA\/videos\"]},{\"@type\":\"Person\",\"@id\":\"\",\"url\":\"https:\/\/grupogpps.org\/pt\/author\/\"}]}<\/script>\n<!-- \/ Yoast SEO plugin. -->","yoast_head_json":{"title":"GR\u00dcNE WOCHE \u2013 Berl\u00edn 2017 \/ Semana Verde Berl\u00edn - 2017 - GPS","robots":{"index":"index","follow":"follow","max-snippet":"max-snippet:-1","max-image-preview":"max-image-preview:large","max-video-preview":"max-video-preview:-1"},"canonical":"https:\/\/grupogpps.org\/pt\/grune-woche-berlin-2017-semana-verde-berlin-2017\/","og_locale":"pt_BR","og_type":"article","og_title":"GR\u00dcNE WOCHE \u2013 Berl\u00edn 2017 \/ Semana Verde Berl\u00edn - 2017 - GPS","og_description":"GPS (Grupo de Pa\u00edses Productores del Sur), tiene el agrado de invitarlo a la charla sobre \u201cSeguridad Alimentaria, D\u00e9ficit H\u00eddrico, la Agenda del G-20 y el rol estrat\u00e9gico de los pa\u00edses del Cono Sur (Argentina, Brasil, Paraguay y Uruguay\u201d a realizarse en el marco de la Semana Verde Internacional de Berl\u00edn, el d\u00eda 20 de [&hellip;]","og_url":"https:\/\/grupogpps.org\/pt\/grune-woche-berlin-2017-semana-verde-berlin-2017\/","og_site_name":"GPS","article_publisher":"https:\/\/www.linkedin.com\/company\/25037162\/","article_published_time":"2016-12-19T21:11:57+00:00","article_modified_time":"2021-07-07T12:45:52+00:00","og_image":[{"width":640,"height":350,"url":"https:\/\/grupogpps.org\/wp-content\/uploads\/2017\/11\/Food-Security_Water-Scarcity-web-640x350.jpg","type":"image\/jpeg"}],"twitter_card":"summary_large_image","twitter_creator":"@GPSLatinAmerica","twitter_site":"@GPSLatinAmerica","twitter_misc":{"Escrito por":"","Est. tempo de leitura":"1 minuto"},"schema":{"@context":"https:\/\/schema.org","@graph":[{"@type":"Article","@id":"https:\/\/grupogpps.org\/grune-woche-berlin-2017-semana-verde-berlin-2017\/#article","isPartOf":{"@id":"https:\/\/grupogpps.org\/grune-woche-berlin-2017-semana-verde-berlin-2017\/"},"author":{"name":"","@id":""},"headline":"GR\u00dcNE WOCHE \u2013 Berl\u00edn 2017 \/ Semana Verde Berl\u00edn &#8211; 2017","datePublished":"2016-12-19T21:11:57+00:00","dateModified":"2021-07-07T12:45:52+00:00","mainEntityOfPage":{"@id":"https:\/\/grupogpps.org\/grune-woche-berlin-2017-semana-verde-berlin-2017\/"},"wordCount":125,"publisher":{"@id":"https:\/\/grupogpps.org\/#organization"},"image":{"@id":"https:\/\/grupogpps.org\/grune-woche-berlin-2017-semana-verde-berlin-2017\/#primaryimage"},"thumbnailUrl":"https:\/\/grupogpps.org\/wp-content\/uploads\/2017\/11\/Food-Security_Water-Scarcity-web-640x350.jpg","articleSection":["Actividades","Novedades"],"inLanguage":"pt-BR"},{"@type":"WebPage","@id":"https:\/\/grupogpps.org\/grune-woche-berlin-2017-semana-verde-berlin-2017\/","url":"https:\/\/grupogpps.org\/grune-woche-berlin-2017-semana-verde-berlin-2017\/","name":"GR\u00dcNE WOCHE \u2013 Berl\u00edn 2017 \/ Semana Verde Berl\u00edn - 2017 - GPS","isPartOf":{"@id":"https:\/\/grupogpps.org\/#website"},"primaryImageOfPage":{"@id":"https:\/\/grupogpps.org\/grune-woche-berlin-2017-semana-verde-berlin-2017\/#primaryimage"},"image":{"@id":"https:\/\/grupogpps.org\/grune-woche-berlin-2017-semana-verde-berlin-2017\/#primaryimage"},"thumbnailUrl":"https:\/\/grupogpps.org\/wp-content\/uploads\/2017\/11\/Food-Security_Water-Scarcity-web-640x350.jpg","datePublished":"2016-12-19T21:11:57+00:00","dateModified":"2021-07-07T12:45:52+00:00","breadcrumb":{"@id":"https:\/\/grupogpps.org\/grune-woche-berlin-2017-semana-verde-berlin-2017\/#breadcrumb"},"inLanguage":"pt-BR","potentialAction":[{"@type":"ReadAction","target":["https:\/\/grupogpps.org\/grune-woche-berlin-2017-semana-verde-berlin-2017\/"]}]},{"@type":"ImageObject","inLanguage":"pt-BR","@id":"https:\/\/grupogpps.org\/grune-woche-berlin-2017-semana-verde-berlin-2017\/#primaryimage","url":"https:\/\/grupogpps.org\/wp-content\/uploads\/2017\/11\/Food-Security_Water-Scarcity-web-640x350.jpg","contentUrl":"https:\/\/grupogpps.org\/wp-content\/uploads\/2017\/11\/Food-Security_Water-Scarcity-web-640x350.jpg","width":640,"height":350,"caption":"GR\u00dcNE WOCHE \u2013 Berl\u00edn 2017 \/ Semana Verde Berl\u00edn - 2017"},{"@type":"BreadcrumbList","@id":"https:\/\/grupogpps.org\/grune-woche-berlin-2017-semana-verde-berlin-2017\/#breadcrumb","itemListElement":[{"@type":"ListItem","position":1,"name":"Inicio","item":"https:\/\/grupogpps.org\/"},{"@type":"ListItem","position":2,"name":"GR\u00dcNE WOCHE \u2013 Berl\u00edn 2017 \/ Semana Verde Berl\u00edn &#8211; 2017"}]},{"@type":"WebSite","@id":"https:\/\/grupogpps.org\/#website","url":"https:\/\/grupogpps.org\/","name":"GPS","description":"Grupo de pa\u00edses productores del sur","publisher":{"@id":"https:\/\/grupogpps.org\/#organization"},"potentialAction":[{"@type":"SearchAction","target":{"@type":"EntryPoint","urlTemplate":"https:\/\/grupogpps.org\/?s={search_term_string}"},"query-input":{"@type":"PropertyValueSpecification","valueRequired":true,"valueName":"search_term_string"}}],"inLanguage":"pt-BR"},{"@type":"Organization","@id":"https:\/\/grupogpps.org\/#organization","name":"GPS - Grupo de pa\u00edses productores del sur","url":"https:\/\/grupogpps.org\/","logo":{"@type":"ImageObject","inLanguage":"pt-BR","@id":"https:\/\/grupogpps.org\/#\/schema\/logo\/image\/","url":"http:\/\/grupogpps.org\/wp-content\/uploads\/2021\/06\/logoGPS3.svg","contentUrl":"http:\/\/grupogpps.org\/wp-content\/uploads\/2021\/06\/logoGPS3.svg","width":1,"height":1,"caption":"GPS - Grupo de pa\u00edses productores del sur"},"image":{"@id":"https:\/\/grupogpps.org\/#\/schema\/logo\/image\/"},"sameAs":["https:\/\/www.linkedin.com\/company\/25037162\/","https:\/\/x.com\/GPSLatinAmerica","https:\/\/www.instagram.com\/gpslatin\/","https:\/\/www.youtube.com\/channel\/UCM2Qf0jSqNRJRkqmU8dO9QA\/videos"]},{"@type":"Person","@id":"","url":"https:\/\/grupogpps.org\/pt\/author\/"}]}},"_links":{"self":[{"href":"https:\/\/grupogpps.org\/pt\/wp-json\/wp\/v2\/posts\/2291","targetHints":{"allow":["GET"]}}],"collection":[{"href":"https:\/\/grupogpps.org\/pt\/wp-json\/wp\/v2\/posts"}],"about":[{"href":"https:\/\/grupogpps.org\/pt\/wp-json\/wp\/v2\/types\/post"}],"author":[{"embeddable":true,"href":"https:\/\/grupogpps.org\/pt\/wp-json\/wp\/v2\/users\/1"}],"replies":[{"embeddable":true,"href":"https:\/\/grupogpps.org\/pt\/wp-json\/wp\/v2\/comments?post=2291"}],"version-history":[{"count":4,"href":"https:\/\/grupogpps.org\/pt\/wp-json\/wp\/v2\/posts\/2291\/revisions"}],"predecessor-version":[{"id":3050,"href":"https:\/\/grupogpps.org\/pt\/wp-json\/wp\/v2\/posts\/2291\/revisions\/3050"}],"wp:featuredmedia":[{"embeddable":true,"href":"https:\/\/grupogpps.org\/pt\/wp-json\/wp\/v2\/media\/2293"}],"wp:attachment":[{"href":"https:\/\/grupogpps.org\/pt\/wp-json\/wp\/v2\/media?parent=2291"}],"wp:term":[{"taxonomy":"category","embeddable":true,"href":"https:\/\/grupogpps.org\/pt\/wp-json\/wp\/v2\/categories?post=2291"},{"taxonomy":"post_tag","embeddable":true,"href":"https:\/\/grupogpps.org\/pt\/wp-json\/wp\/v2\/tags?post=2291"}],"curies":[{"name":"wp","href":"https:\/\/api.w.org\/{rel}","templated":true}]}}