{"id":2223,"date":"2017-12-11T02:42:23","date_gmt":"2017-12-11T05:42:23","guid":{"rendered":"http:\/\/grupogpps.org\/?p=647"},"modified":"2021-07-07T09:20:15","modified_gmt":"2021-07-07T12:20:15","slug":"argentina-sede-de-la-11a-conferencia-ministerial-de-la-organizacion-mundial-del-comercio","status":"publish","type":"post","link":"https:\/\/grupogpps.org\/pt\/argentina-sede-de-la-11a-conferencia-ministerial-de-la-organizacion-mundial-del-comercio\/","title":{"rendered":"Argentina sede de la 11\u00aa Conferencia Ministerial de la Organizaci\u00f3n Mundial del Comercio"},"content":{"rendered":"<p><strong>El presidente Mauricio Macri encabez\u00f3 la jornada de apertura de la XI Conferencia Ministerial de la Organizaci\u00f3n Mundial del Comercio.<\/strong>Con 120 pa\u00edses participantes, las sesiones se extender\u00e1n desde el domingo (10) hasta el mi\u00e9rcoles 13 en la ciudad de Buenos Aires. Es la primera vez que el encuentro se lleva a cabo en Am\u00e9rica del Sur.<\/p>\n\n\n\n<p>El mandatario argentino pidi\u00f3 que \u00ablas reglas del comercio est\u00e9n en sinton\u00eda con las necesidades sociales del mundo\u00bb, luego de recibir como invitados especiales a los presidentes Michel Temer (Brasil), Horacio Cartes (Paraguay) y Tabar\u00e9 V\u00e1zquez (Uruguay).<\/p>\n\n\n\n<p>Macri sostuvo que desde la creaci\u00f3n de la OMC, \u00abel comercio fue una fuente central de crecimiento y desarrollo. Sabemos que los beneficios no han alcanzado a todos y esto ha producido cuestionamientos hacia la globalizaci\u00f3n econ\u00f3mica\u00bb.<\/p>\n\n\n\n<p>Durante la apertura los Gobiernos de Argentina, Brasil, Colombia, Chile, Guyana, M\u00e9xico, Paraguay, Per\u00fa, Suriname y Uruguay suscribieron una Declaraci\u00f3n conjunta en que reafirmaron que el multilateralismo es la mejor respuesta para aprovechar las oportunidades y afrontar los desaf\u00edos del comercio internacional.<\/p>\n\n\n\n<p>El jefe de Estado argentino sostuvo que en un escenario internacional marcado por una incipiente recuperaci\u00f3n del comercio internacional existen razones para ser optimistas. \u00abNuestra tarea es profundizar este repunte hacia un crecimiento sostenido del comercio\u00bb, agreg\u00f3 y pidi\u00f3 a los pa\u00edses participantes \u00abtrabajar juntos para expandir los beneficios del comercio, poniendo en el centro del debate el desarrollo humano, el cuidado del planeta, la igualdad de g\u00e9nero y la equidad social\u00bb.<\/p>\n\n\n\n<p>Macri remarc\u00f3 que \u00abes importante que sigamos creyendo en este sistema y sus reglas\u00bb ya que son una garant\u00eda de previsibilidad para los flujos comerciales globales y para su crecimiento, y asegur\u00f3 que \u00ablos problemas de la OMC se resuelven con m\u00e1s OMC\u00bb.<\/p>\n\n\n\n<p>\u00abSer sede de esta conferencia y del G20 afirma nuestra vocaci\u00f3n por ser parte de una conversaci\u00f3n global que mejore la calidad de vida de millones de argentinos\u00bb, concluy\u00f3 el mandatario.<\/p>","protected":false},"excerpt":{"rendered":"<p>El presidente Mauricio Macri encabez\u00f3 la jornada de apertura de la XI Conferencia Ministerial de la Organizaci\u00f3n Mundial del Comercio.Con 120 pa\u00edses participantes, las sesiones se extender\u00e1n desde el domingo (10) hasta el mi\u00e9rcoles 13 en la ciudad de Buenos Aires. Es la primera vez que el encuentro se lleva a cabo en Am\u00e9rica del [&hellip;]<\/p>","protected":false},"author":2,"featured_media":2224,"comment_status":"closed","ping_status":"closed","sticky":false,"template":"","format":"standard","meta":{"footnotes":""},"categories":[19,23],"tags":[53,44],"class_list":["post-2223","post","type-post","status-publish","format-standard","has-post-thumbnail","hentry","category-actividades","category-novedades","tag-macri","tag-omc"],"yoast_head":"<!-- This site is optimized with the Yoast SEO plugin v26.8 - https:\/\/yoast.com\/product\/yoast-seo-wordpress\/ -->\n<title>Argentina sede de la 11\u00aa Conferencia Ministerial de la Organizaci\u00f3n Mundial del Comercio - GPS<\/title>\n<meta name=\"robots\" content=\"index, follow, max-snippet:-1, max-image-preview:large, max-video-preview:-1\" \/>\n<link rel=\"canonical\" href=\"https:\/\/grupogpps.org\/pt\/argentina-sede-de-la-11a-conferencia-ministerial-de-la-organizacion-mundial-del-comercio\/\" \/>\n<meta property=\"og:locale\" content=\"pt_BR\" \/>\n<meta property=\"og:type\" content=\"article\" \/>\n<meta property=\"og:title\" content=\"Argentina sede de la 11\u00aa Conferencia Ministerial de la Organizaci\u00f3n Mundial del Comercio - GPS\" \/>\n<meta property=\"og:description\" content=\"El presidente Mauricio Macri encabez\u00f3 la jornada de apertura de la XI Conferencia Ministerial de la Organizaci\u00f3n Mundial del Comercio.Con 120 pa\u00edses participantes, las sesiones se extender\u00e1n desde el domingo (10) hasta el mi\u00e9rcoles 13 en la ciudad de Buenos Aires. Es la primera vez que el encuentro se lleva a cabo en Am\u00e9rica del [&hellip;]\" \/>\n<meta property=\"og:url\" content=\"https:\/\/grupogpps.org\/pt\/argentina-sede-de-la-11a-conferencia-ministerial-de-la-organizacion-mundial-del-comercio\/\" \/>\n<meta property=\"og:site_name\" content=\"GPS\" \/>\n<meta property=\"article:publisher\" content=\"https:\/\/www.linkedin.com\/company\/25037162\/\" \/>\n<meta property=\"article:published_time\" content=\"2017-12-11T05:42:23+00:00\" \/>\n<meta property=\"article:modified_time\" content=\"2021-07-07T12:20:15+00:00\" \/>\n<meta property=\"og:image\" content=\"https:\/\/grupogpps.org\/wp-content\/uploads\/2017\/12\/Macri-OMC-3-e1512960091903.jpg\" \/>\n\t<meta property=\"og:image:width\" content=\"1070\" \/>\n\t<meta property=\"og:image:height\" content=\"678\" \/>\n\t<meta property=\"og:image:type\" content=\"image\/jpeg\" \/>\n<meta name=\"author\" content=\"GPS GPS\" \/>\n<meta name=\"twitter:card\" content=\"summary_large_image\" \/>\n<meta name=\"twitter:creator\" content=\"@GPSLatinAmerica\" \/>\n<meta name=\"twitter:site\" content=\"@GPSLatinAmerica\" \/>\n<meta name=\"twitter:label1\" content=\"Escrito por\" \/>\n\t<meta name=\"twitter:data1\" content=\"GPS GPS\" \/>\n\t<meta name=\"twitter:label2\" content=\"Est. tempo de leitura\" \/>\n\t<meta name=\"twitter:data2\" content=\"2 minutos\" \/>\n<script type=\"application\/ld+json\" class=\"yoast-schema-graph\">{\"@context\":\"https:\/\/schema.org\",\"@graph\":[{\"@type\":\"Article\",\"@id\":\"https:\/\/grupogpps.org\/argentina-sede-de-la-11a-conferencia-ministerial-de-la-organizacion-mundial-del-comercio\/#article\",\"isPartOf\":{\"@id\":\"https:\/\/grupogpps.org\/argentina-sede-de-la-11a-conferencia-ministerial-de-la-organizacion-mundial-del-comercio\/\"},\"author\":{\"name\":\"GPS GPS\",\"@id\":\"https:\/\/grupogpps.org\/#\/schema\/person\/faaafcd24616dff095821c72659ce41f\"},\"headline\":\"Argentina sede de la 11\u00aa Conferencia Ministerial de la Organizaci\u00f3n Mundial del Comercio\",\"datePublished\":\"2017-12-11T05:42:23+00:00\",\"dateModified\":\"2021-07-07T12:20:15+00:00\",\"mainEntityOfPage\":{\"@id\":\"https:\/\/grupogpps.org\/argentina-sede-de-la-11a-conferencia-ministerial-de-la-organizacion-mundial-del-comercio\/\"},\"wordCount\":350,\"publisher\":{\"@id\":\"https:\/\/grupogpps.org\/#organization\"},\"image\":{\"@id\":\"https:\/\/grupogpps.org\/argentina-sede-de-la-11a-conferencia-ministerial-de-la-organizacion-mundial-del-comercio\/#primaryimage\"},\"thumbnailUrl\":\"https:\/\/grupogpps.org\/wp-content\/uploads\/2017\/12\/Macri-OMC-3-e1512960091903.jpg\",\"keywords\":[\"Macri\",\"OMC\"],\"articleSection\":[\"Actividades\",\"Novedades\"],\"inLanguage\":\"pt-BR\"},{\"@type\":\"WebPage\",\"@id\":\"https:\/\/grupogpps.org\/argentina-sede-de-la-11a-conferencia-ministerial-de-la-organizacion-mundial-del-comercio\/\",\"url\":\"https:\/\/grupogpps.org\/argentina-sede-de-la-11a-conferencia-ministerial-de-la-organizacion-mundial-del-comercio\/\",\"name\":\"Argentina sede de la 11\u00aa Conferencia Ministerial de la Organizaci\u00f3n Mundial del Comercio - GPS\",\"isPartOf\":{\"@id\":\"https:\/\/grupogpps.org\/#website\"},\"primaryImageOfPage\":{\"@id\":\"https:\/\/grupogpps.org\/argentina-sede-de-la-11a-conferencia-ministerial-de-la-organizacion-mundial-del-comercio\/#primaryimage\"},\"image\":{\"@id\":\"https:\/\/grupogpps.org\/argentina-sede-de-la-11a-conferencia-ministerial-de-la-organizacion-mundial-del-comercio\/#primaryimage\"},\"thumbnailUrl\":\"https:\/\/grupogpps.org\/wp-content\/uploads\/2017\/12\/Macri-OMC-3-e1512960091903.jpg\",\"datePublished\":\"2017-12-11T05:42:23+00:00\",\"dateModified\":\"2021-07-07T12:20:15+00:00\",\"breadcrumb\":{\"@id\":\"https:\/\/grupogpps.org\/argentina-sede-de-la-11a-conferencia-ministerial-de-la-organizacion-mundial-del-comercio\/#breadcrumb\"},\"inLanguage\":\"pt-BR\",\"potentialAction\":[{\"@type\":\"ReadAction\",\"target\":[\"https:\/\/grupogpps.org\/argentina-sede-de-la-11a-conferencia-ministerial-de-la-organizacion-mundial-del-comercio\/\"]}]},{\"@type\":\"ImageObject\",\"inLanguage\":\"pt-BR\",\"@id\":\"https:\/\/grupogpps.org\/argentina-sede-de-la-11a-conferencia-ministerial-de-la-organizacion-mundial-del-comercio\/#primaryimage\",\"url\":\"https:\/\/grupogpps.org\/wp-content\/uploads\/2017\/12\/Macri-OMC-3-e1512960091903.jpg\",\"contentUrl\":\"https:\/\/grupogpps.org\/wp-content\/uploads\/2017\/12\/Macri-OMC-3-e1512960091903.jpg\",\"width\":1070,\"height\":678,\"caption\":\"Argentina sede de la 11\u00aa Conferencia Ministerial de la Organizaci\u00f3n Mundial del Comercio\"},{\"@type\":\"BreadcrumbList\",\"@id\":\"https:\/\/grupogpps.org\/argentina-sede-de-la-11a-conferencia-ministerial-de-la-organizacion-mundial-del-comercio\/#breadcrumb\",\"itemListElement\":[{\"@type\":\"ListItem\",\"position\":1,\"name\":\"Inicio\",\"item\":\"https:\/\/grupogpps.org\/\"},{\"@type\":\"ListItem\",\"position\":2,\"name\":\"Argentina sede de la 11\u00aa Conferencia Ministerial de la Organizaci\u00f3n Mundial del Comercio\"}]},{\"@type\":\"WebSite\",\"@id\":\"https:\/\/grupogpps.org\/#website\",\"url\":\"https:\/\/grupogpps.org\/\",\"name\":\"GPS\",\"description\":\"Grupo de pa\u00edses productores del sur\",\"publisher\":{\"@id\":\"https:\/\/grupogpps.org\/#organization\"},\"potentialAction\":[{\"@type\":\"SearchAction\",\"target\":{\"@type\":\"EntryPoint\",\"urlTemplate\":\"https:\/\/grupogpps.org\/?s={search_term_string}\"},\"query-input\":{\"@type\":\"PropertyValueSpecification\",\"valueRequired\":true,\"valueName\":\"search_term_string\"}}],\"inLanguage\":\"pt-BR\"},{\"@type\":\"Organization\",\"@id\":\"https:\/\/grupogpps.org\/#organization\",\"name\":\"GPS - Grupo de pa\u00edses productores del sur\",\"url\":\"https:\/\/grupogpps.org\/\",\"logo\":{\"@type\":\"ImageObject\",\"inLanguage\":\"pt-BR\",\"@id\":\"https:\/\/grupogpps.org\/#\/schema\/logo\/image\/\",\"url\":\"http:\/\/grupogpps.org\/wp-content\/uploads\/2021\/06\/logoGPS3.svg\",\"contentUrl\":\"http:\/\/grupogpps.org\/wp-content\/uploads\/2021\/06\/logoGPS3.svg\",\"width\":1,\"height\":1,\"caption\":\"GPS - Grupo de pa\u00edses productores del sur\"},\"image\":{\"@id\":\"https:\/\/grupogpps.org\/#\/schema\/logo\/image\/\"},\"sameAs\":[\"https:\/\/www.linkedin.com\/company\/25037162\/\",\"https:\/\/x.com\/GPSLatinAmerica\",\"https:\/\/www.instagram.com\/gpslatin\/\",\"https:\/\/www.youtube.com\/channel\/UCM2Qf0jSqNRJRkqmU8dO9QA\/videos\"]},{\"@type\":\"Person\",\"@id\":\"https:\/\/grupogpps.org\/#\/schema\/person\/faaafcd24616dff095821c72659ce41f\",\"name\":\"GPS GPS\",\"url\":\"https:\/\/grupogpps.org\/pt\/author\/gps\/\"}]}<\/script>\n<!-- \/ Yoast SEO plugin. -->","yoast_head_json":{"title":"Argentina sede de la 11\u00aa Conferencia Ministerial de la Organizaci\u00f3n Mundial del Comercio - GPS","robots":{"index":"index","follow":"follow","max-snippet":"max-snippet:-1","max-image-preview":"max-image-preview:large","max-video-preview":"max-video-preview:-1"},"canonical":"https:\/\/grupogpps.org\/pt\/argentina-sede-de-la-11a-conferencia-ministerial-de-la-organizacion-mundial-del-comercio\/","og_locale":"pt_BR","og_type":"article","og_title":"Argentina sede de la 11\u00aa Conferencia Ministerial de la Organizaci\u00f3n Mundial del Comercio - GPS","og_description":"El presidente Mauricio Macri encabez\u00f3 la jornada de apertura de la XI Conferencia Ministerial de la Organizaci\u00f3n Mundial del Comercio.Con 120 pa\u00edses participantes, las sesiones se extender\u00e1n desde el domingo (10) hasta el mi\u00e9rcoles 13 en la ciudad de Buenos Aires. Es la primera vez que el encuentro se lleva a cabo en Am\u00e9rica del [&hellip;]","og_url":"https:\/\/grupogpps.org\/pt\/argentina-sede-de-la-11a-conferencia-ministerial-de-la-organizacion-mundial-del-comercio\/","og_site_name":"GPS","article_publisher":"https:\/\/www.linkedin.com\/company\/25037162\/","article_published_time":"2017-12-11T05:42:23+00:00","article_modified_time":"2021-07-07T12:20:15+00:00","og_image":[{"width":1070,"height":678,"url":"https:\/\/grupogpps.org\/wp-content\/uploads\/2017\/12\/Macri-OMC-3-e1512960091903.jpg","type":"image\/jpeg"}],"author":"GPS GPS","twitter_card":"summary_large_image","twitter_creator":"@GPSLatinAmerica","twitter_site":"@GPSLatinAmerica","twitter_misc":{"Escrito por":"GPS GPS","Est. tempo de leitura":"2 minutos"},"schema":{"@context":"https:\/\/schema.org","@graph":[{"@type":"Article","@id":"https:\/\/grupogpps.org\/argentina-sede-de-la-11a-conferencia-ministerial-de-la-organizacion-mundial-del-comercio\/#article","isPartOf":{"@id":"https:\/\/grupogpps.org\/argentina-sede-de-la-11a-conferencia-ministerial-de-la-organizacion-mundial-del-comercio\/"},"author":{"name":"GPS GPS","@id":"https:\/\/grupogpps.org\/#\/schema\/person\/faaafcd24616dff095821c72659ce41f"},"headline":"Argentina sede de la 11\u00aa Conferencia Ministerial de la Organizaci\u00f3n Mundial del Comercio","datePublished":"2017-12-11T05:42:23+00:00","dateModified":"2021-07-07T12:20:15+00:00","mainEntityOfPage":{"@id":"https:\/\/grupogpps.org\/argentina-sede-de-la-11a-conferencia-ministerial-de-la-organizacion-mundial-del-comercio\/"},"wordCount":350,"publisher":{"@id":"https:\/\/grupogpps.org\/#organization"},"image":{"@id":"https:\/\/grupogpps.org\/argentina-sede-de-la-11a-conferencia-ministerial-de-la-organizacion-mundial-del-comercio\/#primaryimage"},"thumbnailUrl":"https:\/\/grupogpps.org\/wp-content\/uploads\/2017\/12\/Macri-OMC-3-e1512960091903.jpg","keywords":["Macri","OMC"],"articleSection":["Actividades","Novedades"],"inLanguage":"pt-BR"},{"@type":"WebPage","@id":"https:\/\/grupogpps.org\/argentina-sede-de-la-11a-conferencia-ministerial-de-la-organizacion-mundial-del-comercio\/","url":"https:\/\/grupogpps.org\/argentina-sede-de-la-11a-conferencia-ministerial-de-la-organizacion-mundial-del-comercio\/","name":"Argentina sede de la 11\u00aa Conferencia Ministerial de la Organizaci\u00f3n Mundial del Comercio - GPS","isPartOf":{"@id":"https:\/\/grupogpps.org\/#website"},"primaryImageOfPage":{"@id":"https:\/\/grupogpps.org\/argentina-sede-de-la-11a-conferencia-ministerial-de-la-organizacion-mundial-del-comercio\/#primaryimage"},"image":{"@id":"https:\/\/grupogpps.org\/argentina-sede-de-la-11a-conferencia-ministerial-de-la-organizacion-mundial-del-comercio\/#primaryimage"},"thumbnailUrl":"https:\/\/grupogpps.org\/wp-content\/uploads\/2017\/12\/Macri-OMC-3-e1512960091903.jpg","datePublished":"2017-12-11T05:42:23+00:00","dateModified":"2021-07-07T12:20:15+00:00","breadcrumb":{"@id":"https:\/\/grupogpps.org\/argentina-sede-de-la-11a-conferencia-ministerial-de-la-organizacion-mundial-del-comercio\/#breadcrumb"},"inLanguage":"pt-BR","potentialAction":[{"@type":"ReadAction","target":["https:\/\/grupogpps.org\/argentina-sede-de-la-11a-conferencia-ministerial-de-la-organizacion-mundial-del-comercio\/"]}]},{"@type":"ImageObject","inLanguage":"pt-BR","@id":"https:\/\/grupogpps.org\/argentina-sede-de-la-11a-conferencia-ministerial-de-la-organizacion-mundial-del-comercio\/#primaryimage","url":"https:\/\/grupogpps.org\/wp-content\/uploads\/2017\/12\/Macri-OMC-3-e1512960091903.jpg","contentUrl":"https:\/\/grupogpps.org\/wp-content\/uploads\/2017\/12\/Macri-OMC-3-e1512960091903.jpg","width":1070,"height":678,"caption":"Argentina sede de la 11\u00aa Conferencia Ministerial de la Organizaci\u00f3n Mundial del Comercio"},{"@type":"BreadcrumbList","@id":"https:\/\/grupogpps.org\/argentina-sede-de-la-11a-conferencia-ministerial-de-la-organizacion-mundial-del-comercio\/#breadcrumb","itemListElement":[{"@type":"ListItem","position":1,"name":"Inicio","item":"https:\/\/grupogpps.org\/"},{"@type":"ListItem","position":2,"name":"Argentina sede de la 11\u00aa Conferencia Ministerial de la Organizaci\u00f3n Mundial del Comercio"}]},{"@type":"WebSite","@id":"https:\/\/grupogpps.org\/#website","url":"https:\/\/grupogpps.org\/","name":"GPS","description":"Grupo de pa\u00edses productores del sur","publisher":{"@id":"https:\/\/grupogpps.org\/#organization"},"potentialAction":[{"@type":"SearchAction","target":{"@type":"EntryPoint","urlTemplate":"https:\/\/grupogpps.org\/?s={search_term_string}"},"query-input":{"@type":"PropertyValueSpecification","valueRequired":true,"valueName":"search_term_string"}}],"inLanguage":"pt-BR"},{"@type":"Organization","@id":"https:\/\/grupogpps.org\/#organization","name":"GPS - Grupo de pa\u00edses productores del sur","url":"https:\/\/grupogpps.org\/","logo":{"@type":"ImageObject","inLanguage":"pt-BR","@id":"https:\/\/grupogpps.org\/#\/schema\/logo\/image\/","url":"http:\/\/grupogpps.org\/wp-content\/uploads\/2021\/06\/logoGPS3.svg","contentUrl":"http:\/\/grupogpps.org\/wp-content\/uploads\/2021\/06\/logoGPS3.svg","width":1,"height":1,"caption":"GPS - Grupo de pa\u00edses productores del sur"},"image":{"@id":"https:\/\/grupogpps.org\/#\/schema\/logo\/image\/"},"sameAs":["https:\/\/www.linkedin.com\/company\/25037162\/","https:\/\/x.com\/GPSLatinAmerica","https:\/\/www.instagram.com\/gpslatin\/","https:\/\/www.youtube.com\/channel\/UCM2Qf0jSqNRJRkqmU8dO9QA\/videos"]},{"@type":"Person","@id":"https:\/\/grupogpps.org\/#\/schema\/person\/faaafcd24616dff095821c72659ce41f","name":"GPS GPS","url":"https:\/\/grupogpps.org\/pt\/author\/gps\/"}]}},"_links":{"self":[{"href":"https:\/\/grupogpps.org\/pt\/wp-json\/wp\/v2\/posts\/2223","targetHints":{"allow":["GET"]}}],"collection":[{"href":"https:\/\/grupogpps.org\/pt\/wp-json\/wp\/v2\/posts"}],"about":[{"href":"https:\/\/grupogpps.org\/pt\/wp-json\/wp\/v2\/types\/post"}],"author":[{"embeddable":true,"href":"https:\/\/grupogpps.org\/pt\/wp-json\/wp\/v2\/users\/2"}],"replies":[{"embeddable":true,"href":"https:\/\/grupogpps.org\/pt\/wp-json\/wp\/v2\/comments?post=2223"}],"version-history":[{"count":1,"href":"https:\/\/grupogpps.org\/pt\/wp-json\/wp\/v2\/posts\/2223\/revisions"}],"predecessor-version":[{"id":3002,"href":"https:\/\/grupogpps.org\/pt\/wp-json\/wp\/v2\/posts\/2223\/revisions\/3002"}],"wp:featuredmedia":[{"embeddable":true,"href":"https:\/\/grupogpps.org\/pt\/wp-json\/wp\/v2\/media\/2224"}],"wp:attachment":[{"href":"https:\/\/grupogpps.org\/pt\/wp-json\/wp\/v2\/media?parent=2223"}],"wp:term":[{"taxonomy":"category","embeddable":true,"href":"https:\/\/grupogpps.org\/pt\/wp-json\/wp\/v2\/categories?post=2223"},{"taxonomy":"post_tag","embeddable":true,"href":"https:\/\/grupogpps.org\/pt\/wp-json\/wp\/v2\/tags?post=2223"}],"curies":[{"name":"wp","href":"https:\/\/api.w.org\/{rel}","templated":true}]}}