{"id":2208,"date":"2017-12-12T01:26:08","date_gmt":"2017-12-12T04:26:08","guid":{"rendered":"http:\/\/grupogpps.org\/?p=685"},"modified":"2021-07-07T09:14:02","modified_gmt":"2021-07-07T12:14:02","slug":"gpsenlaministerial-omc-comercio-global-y-seguridad-alimentaria-segun-los-paises-exportadores-e-importadores","status":"publish","type":"post","link":"https:\/\/grupogpps.org\/pt\/gpsenlaministerial-omc-comercio-global-y-seguridad-alimentaria-segun-los-paises-exportadores-e-importadores\/","title":{"rendered":"#GPSEnLaMinisterial OMC: Comercio Global y Seguridad Alimentaria seg\u00fan los pa\u00edses exportadores e importadores"},"content":{"rendered":"<p><strong>Marcelo Reg\u00fanaga, integrante del Grupo de Pa\u00edses Productores del Sur, fue el moderador este lunes (11) del panel \u00abComercio Internacional y Seguridad Alimentaria: la visi\u00f3n de los pa\u00edses importadores y exportadores\u00bb<\/strong>, en el marco del Simposio de Comercio y Desarrollo Sustentable, organizado por el Centro Internacional para el Comercio y el Desarrollo Sustentable (ICTSD, por sus siglas en ingl\u00e9s), desarrolla con ocasi\u00f3n de la 11\u00aa Ministerial de la OMC que se lleva a cabo en Buenos Aires hasta el 13 de diciembre.<\/p>\n\n\n\n<p>La demanda por materias primas est\u00e1 en crecimiento en todo el mundo, y el comercio juega un papel fundamental en esa din\u00e1mica. Para los pa\u00edses de bajos ingresos, el comercio de alimentos representa una parte fundamental de su actividad econ\u00f3mica y una porci\u00f3n creciente de sus costos de importaci\u00f3n.<\/p>\n\n\n\n<p>Seg\u00fan Marcelo Reg\u00fanaga, la problem\u00e1tica impl\u00edcita en la producci\u00f3n de alimentos no puede separarse del cuidado del medio ambiente, cambio clim\u00e1tico y la demanda de alimentos para fines como la fabricaci\u00f3n de combustible de origen vegetal. El experto -miembro del Consejo Consultivo del Consejo Argentino para las Relaciones Internacionales, CARI- resalt\u00f3 la importancia de que la OMC haga lugar a la discusi\u00f3n del acuerdo SPS sobre medidas sanitarias y fitosanitarias, y la posibilidad de establecer acuerdos entre pa\u00edses importadores y exportadores para garantizar la seguridad alimentaria.<\/p>\n\n\n\n<p>Ekaterina Krivonos, miembro del Consejo de la Organizaci\u00f3n de las Naciones Unidas para la Agricultura y la Alimentaci\u00f3n, FAO, dijo durante su intervenci\u00f3n que el rol de la Organizaci\u00f3n Mundial de Comercio es crucial en la problem\u00e1tica de la seguridad alimentaria. Y resalt\u00f3 los subsidios internos, el almacenaje de alimentos por parte de los gobiernos, los mecanismos especiales de salvaguarda y las restricciones a la exportaci\u00f3n de alimentos -que imponen algunos gobiernos para controlar los precios internos, como sucedi\u00f3 en varios pa\u00edses de Africa y America en 2008- como factores que deber\u00edan ser discutidos y eventualmente reglamentados por la OMC. Sobre las restricciones a la exportaci\u00f3n, Reg\u00fanaga intervino para resaltar la experiencia argentina, cuyo gobierno hasta 2014 las impuso para varios productos agropecuarios, y a su juicio gener\u00f3 distorsiones en el mercado.<\/p>\n\n\n\n<div style=\"height:20px\" aria-hidden=\"true\" class=\"wp-block-spacer\"><\/div>\n\n\n\n<figure class=\"wp-block-gallery aligncenter columns-1 is-cropped wp-block-gallery-1 is-layout-flex wp-block-gallery-is-layout-flex\"><ul class=\"blocks-gallery-grid\"><li class=\"blocks-gallery-item\"><figure><a href=\"http:\/\/grupogpps.org\/wp-content\/uploads\/2021\/07\/panel-gps-11-12.jpg\"><img loading=\"lazy\" decoding=\"async\" width=\"1024\" height=\"768\" src=\"http:\/\/grupogpps.org\/wp-content\/uploads\/2021\/07\/panel-gps-11-12.jpg\" alt=\"\" data-id=\"2994\" data-full-url=\"http:\/\/grupogpps.org\/wp-content\/uploads\/2021\/07\/panel-gps-11-12.jpg\" data-link=\"http:\/\/grupogpps.org\/2017\/12\/12\/gpsenlaministerial-omc-comercio-global-y-seguridad-alimentaria-segun-los-paises-exportadores-e-importadores\/panel-gps-11-12-2\/\" class=\"wp-image-2994\" srcset=\"https:\/\/grupogpps.org\/wp-content\/uploads\/2021\/07\/panel-gps-11-12.jpg 1024w, https:\/\/grupogpps.org\/wp-content\/uploads\/2021\/07\/panel-gps-11-12-300x225.jpg 300w, https:\/\/grupogpps.org\/wp-content\/uploads\/2021\/07\/panel-gps-11-12-768x576.jpg 768w, https:\/\/grupogpps.org\/wp-content\/uploads\/2021\/07\/panel-gps-11-12-16x12.jpg 16w\" sizes=\"auto, (max-width: 1024px) 100vw, 1024px\" \/><\/a><\/figure><\/li><\/ul><\/figure>\n\n\n\n<div style=\"height:20px\" aria-hidden=\"true\" class=\"wp-block-spacer\"><\/div>\n\n\n\n<p>Seg\u00fan la FAO, en 2016 unos 815 millones de personas no tuvieron acceso a una alimentaci\u00f3n adecuada. Krivonos aclara que la mayor\u00eda de los afectados se encuentra en zonas de guerra o conflictos armados. \u00abDebemos discutir las mejoras en la distribuci\u00f3n de alimentos, porque muchas veces el problema no es la producci\u00f3n sino lograr que lleguen a las poblaciones\u00bb, dijo la funcionaria.<\/p>\n\n\n\n<p>A continuaci\u00f3n la productora agr\u00edcola y activista estadounidense, Pamela Johnson, en representaci\u00f3n de Maizall, The International Maize Alliance, hizo una enf\u00e1tica defensa de la necesidad de dotar a los productores agr\u00edcolas del mundo de elementos tecnol\u00f3gicos que les permitan sacar adelante sus cosechas. \u00abSi a m\u00ed me va mal en una cosecha, a mis nietos no les suceder\u00e1 nada, pero si lo mismo le pasa a una peque\u00f1a agricultora de Nigeria, sus hijos pasar\u00edan hambre\u00bb, dijo la productora agr\u00edcola.<\/p>\n\n\n\n<p>\u00abTodos los agricultores del mundo necesitan acceso al conocimiento disponible y educaci\u00f3n, investigaci\u00f3n e innovaci\u00f3n que pueda proveerles herramientas que les permitan cosechas mejores y m\u00e1s sustentables\u00bb, explic\u00f3 Johnson y alert\u00f3 que los activistas que abogan por la ecolog\u00eda y atacan a los agroqu\u00edmicos o las semillas gen\u00e9ticamente modificadas, atentan contra El Progreso de la agricultura. \u00abNo soy est\u00fapida para envenenar el suelo que nos ha dado de comer a tres generaciones de mi familia\u00bb, asegur\u00f3.<\/p>\n\n\n\n<p>Chris Carson, director de Pol\u00edticas Internacionales del Ministerio de Industrias Primarias de Nueva Zelanda, expres\u00f3 en el panel que su pa\u00eds le da una gran importancia a la agricultura desde e lugar de consumidor y exportador de alimentos, pero que hay que diferenciar entre soberan\u00eda alimentaria y seguridad alimentaria.<\/p>\n\n\n\n<p>Para Bipul Chatterjee, Director Ejecutivo del think-Tank CUTS International, el caso de India es paradigm\u00e1tico: all\u00ed debe proveerse de alimentos a una poblaci\u00f3n de 1.300 millones de personas, donde 70% de los agricultores son de subsistencia y no poseen herramientas de tecnolog\u00eda. \u00abEl acceso a los alimentos, no la producci\u00f3n, es lo que garantiza la seguridad alimentaria\u00bb, explic\u00f3 Chatterjee.<\/p>","protected":false},"excerpt":{"rendered":"<p>Marcelo Reg\u00fanaga, integrante del Grupo de Pa\u00edses Productores del Sur, fue el moderador este lunes (11) del panel \u00abComercio Internacional y Seguridad Alimentaria: la visi\u00f3n de los pa\u00edses importadores y exportadores\u00bb, en el marco del Simposio de Comercio y Desarrollo Sustentable, organizado por el Centro Internacional para el Comercio y el Desarrollo Sustentable (ICTSD, por [&hellip;]<\/p>","protected":false},"author":2,"featured_media":2209,"comment_status":"closed","ping_status":"closed","sticky":false,"template":"","format":"standard","meta":{"footnotes":""},"categories":[19,25],"tags":[47,44,48],"class_list":["post-2208","post","type-post","status-publish","format-standard","has-post-thumbnail","hentry","category-actividades","category-home","tag-gpsenlaministerial","tag-omc","tag-seguridad-alimentaria"],"yoast_head":"<!-- This site is optimized with the Yoast SEO plugin v26.8 - https:\/\/yoast.com\/product\/yoast-seo-wordpress\/ -->\n<title>#GPSEnLaMinisterial OMC: Comercio Global y Seguridad Alimentaria seg\u00fan los pa\u00edses exportadores e importadores - GPS<\/title>\n<meta name=\"robots\" content=\"index, follow, max-snippet:-1, max-image-preview:large, max-video-preview:-1\" \/>\n<link rel=\"canonical\" href=\"https:\/\/grupogpps.org\/pt\/gpsenlaministerial-omc-comercio-global-y-seguridad-alimentaria-segun-los-paises-exportadores-e-importadores\/\" \/>\n<meta property=\"og:locale\" content=\"pt_BR\" \/>\n<meta property=\"og:type\" content=\"article\" \/>\n<meta property=\"og:title\" content=\"#GPSEnLaMinisterial OMC: Comercio Global y Seguridad Alimentaria seg\u00fan los pa\u00edses exportadores e importadores - GPS\" \/>\n<meta property=\"og:description\" content=\"Marcelo Reg\u00fanaga, integrante del Grupo de Pa\u00edses Productores del Sur, fue el moderador este lunes (11) del panel \u00abComercio Internacional y Seguridad Alimentaria: la visi\u00f3n de los pa\u00edses importadores y exportadores\u00bb, en el marco del Simposio de Comercio y Desarrollo Sustentable, organizado por el Centro Internacional para el Comercio y el Desarrollo Sustentable (ICTSD, por [&hellip;]\" \/>\n<meta property=\"og:url\" content=\"https:\/\/grupogpps.org\/pt\/gpsenlaministerial-omc-comercio-global-y-seguridad-alimentaria-segun-los-paises-exportadores-e-importadores\/\" \/>\n<meta property=\"og:site_name\" content=\"GPS\" \/>\n<meta property=\"article:publisher\" content=\"https:\/\/www.linkedin.com\/company\/25037162\/\" \/>\n<meta property=\"article:published_time\" content=\"2017-12-12T04:26:08+00:00\" \/>\n<meta property=\"article:modified_time\" content=\"2021-07-07T12:14:02+00:00\" \/>\n<meta property=\"og:image\" content=\"https:\/\/grupogpps.org\/wp-content\/uploads\/2017\/12\/gps-en-la-ministerial-logo.jpg\" \/>\n\t<meta property=\"og:image:width\" content=\"1280\" \/>\n\t<meta property=\"og:image:height\" content=\"956\" \/>\n\t<meta property=\"og:image:type\" content=\"image\/jpeg\" \/>\n<meta name=\"author\" content=\"GPS GPS\" \/>\n<meta name=\"twitter:card\" content=\"summary_large_image\" \/>\n<meta name=\"twitter:creator\" content=\"@GPSLatinAmerica\" \/>\n<meta name=\"twitter:site\" content=\"@GPSLatinAmerica\" \/>\n<meta name=\"twitter:label1\" content=\"Escrito por\" \/>\n\t<meta name=\"twitter:data1\" content=\"GPS GPS\" \/>\n\t<meta name=\"twitter:label2\" content=\"Est. tempo de leitura\" \/>\n\t<meta name=\"twitter:data2\" content=\"4 minutos\" \/>\n<script type=\"application\/ld+json\" class=\"yoast-schema-graph\">{\"@context\":\"https:\/\/schema.org\",\"@graph\":[{\"@type\":\"Article\",\"@id\":\"https:\/\/grupogpps.org\/en\/gpsenlaministerial-omc-comercio-global-y-seguridad-alimentaria-segun-los-paises-exportadores-e-importadores\/#article\",\"isPartOf\":{\"@id\":\"https:\/\/grupogpps.org\/en\/gpsenlaministerial-omc-comercio-global-y-seguridad-alimentaria-segun-los-paises-exportadores-e-importadores\/\"},\"author\":{\"name\":\"GPS GPS\",\"@id\":\"https:\/\/grupogpps.org\/#\/schema\/person\/faaafcd24616dff095821c72659ce41f\"},\"headline\":\"#GPSEnLaMinisterial OMC: Comercio Global y Seguridad Alimentaria seg\u00fan los pa\u00edses exportadores e importadores\",\"datePublished\":\"2017-12-12T04:26:08+00:00\",\"dateModified\":\"2021-07-07T12:14:02+00:00\",\"mainEntityOfPage\":{\"@id\":\"https:\/\/grupogpps.org\/en\/gpsenlaministerial-omc-comercio-global-y-seguridad-alimentaria-segun-los-paises-exportadores-e-importadores\/\"},\"wordCount\":740,\"publisher\":{\"@id\":\"https:\/\/grupogpps.org\/#organization\"},\"image\":{\"@id\":\"https:\/\/grupogpps.org\/en\/gpsenlaministerial-omc-comercio-global-y-seguridad-alimentaria-segun-los-paises-exportadores-e-importadores\/#primaryimage\"},\"thumbnailUrl\":\"https:\/\/grupogpps.org\/wp-content\/uploads\/2017\/12\/gps-en-la-ministerial-logo.jpg\",\"keywords\":[\"GPSEnLaMinisterial\",\"OMC\",\"Seguridad Alimentaria\"],\"articleSection\":[\"Actividades\",\"Home\"],\"inLanguage\":\"pt-BR\"},{\"@type\":\"WebPage\",\"@id\":\"https:\/\/grupogpps.org\/en\/gpsenlaministerial-omc-comercio-global-y-seguridad-alimentaria-segun-los-paises-exportadores-e-importadores\/\",\"url\":\"https:\/\/grupogpps.org\/en\/gpsenlaministerial-omc-comercio-global-y-seguridad-alimentaria-segun-los-paises-exportadores-e-importadores\/\",\"name\":\"#GPSEnLaMinisterial OMC: Comercio Global y Seguridad Alimentaria seg\u00fan los pa\u00edses exportadores e importadores - GPS\",\"isPartOf\":{\"@id\":\"https:\/\/grupogpps.org\/#website\"},\"primaryImageOfPage\":{\"@id\":\"https:\/\/grupogpps.org\/en\/gpsenlaministerial-omc-comercio-global-y-seguridad-alimentaria-segun-los-paises-exportadores-e-importadores\/#primaryimage\"},\"image\":{\"@id\":\"https:\/\/grupogpps.org\/en\/gpsenlaministerial-omc-comercio-global-y-seguridad-alimentaria-segun-los-paises-exportadores-e-importadores\/#primaryimage\"},\"thumbnailUrl\":\"https:\/\/grupogpps.org\/wp-content\/uploads\/2017\/12\/gps-en-la-ministerial-logo.jpg\",\"datePublished\":\"2017-12-12T04:26:08+00:00\",\"dateModified\":\"2021-07-07T12:14:02+00:00\",\"breadcrumb\":{\"@id\":\"https:\/\/grupogpps.org\/en\/gpsenlaministerial-omc-comercio-global-y-seguridad-alimentaria-segun-los-paises-exportadores-e-importadores\/#breadcrumb\"},\"inLanguage\":\"pt-BR\",\"potentialAction\":[{\"@type\":\"ReadAction\",\"target\":[\"https:\/\/grupogpps.org\/en\/gpsenlaministerial-omc-comercio-global-y-seguridad-alimentaria-segun-los-paises-exportadores-e-importadores\/\"]}]},{\"@type\":\"ImageObject\",\"inLanguage\":\"pt-BR\",\"@id\":\"https:\/\/grupogpps.org\/en\/gpsenlaministerial-omc-comercio-global-y-seguridad-alimentaria-segun-los-paises-exportadores-e-importadores\/#primaryimage\",\"url\":\"https:\/\/grupogpps.org\/wp-content\/uploads\/2017\/12\/gps-en-la-ministerial-logo.jpg\",\"contentUrl\":\"https:\/\/grupogpps.org\/wp-content\/uploads\/2017\/12\/gps-en-la-ministerial-logo.jpg\",\"width\":1280,\"height\":956,\"caption\":\"#GPSEnLaMinisterial OMC: Comercio Global y Seguridad Alimentaria seg\u00fan los pa\u00edses exportadores e importadores\"},{\"@type\":\"BreadcrumbList\",\"@id\":\"https:\/\/grupogpps.org\/en\/gpsenlaministerial-omc-comercio-global-y-seguridad-alimentaria-segun-los-paises-exportadores-e-importadores\/#breadcrumb\",\"itemListElement\":[{\"@type\":\"ListItem\",\"position\":1,\"name\":\"Inicio\",\"item\":\"https:\/\/grupogpps.org\/\"},{\"@type\":\"ListItem\",\"position\":2,\"name\":\"#GPSEnLaMinisterial OMC: Comercio Global y Seguridad Alimentaria seg\u00fan los pa\u00edses exportadores e importadores\"}]},{\"@type\":\"WebSite\",\"@id\":\"https:\/\/grupogpps.org\/#website\",\"url\":\"https:\/\/grupogpps.org\/\",\"name\":\"GPS\",\"description\":\"Grupo de pa\u00edses productores del sur\",\"publisher\":{\"@id\":\"https:\/\/grupogpps.org\/#organization\"},\"potentialAction\":[{\"@type\":\"SearchAction\",\"target\":{\"@type\":\"EntryPoint\",\"urlTemplate\":\"https:\/\/grupogpps.org\/?s={search_term_string}\"},\"query-input\":{\"@type\":\"PropertyValueSpecification\",\"valueRequired\":true,\"valueName\":\"search_term_string\"}}],\"inLanguage\":\"pt-BR\"},{\"@type\":\"Organization\",\"@id\":\"https:\/\/grupogpps.org\/#organization\",\"name\":\"GPS - Grupo de pa\u00edses productores del sur\",\"url\":\"https:\/\/grupogpps.org\/\",\"logo\":{\"@type\":\"ImageObject\",\"inLanguage\":\"pt-BR\",\"@id\":\"https:\/\/grupogpps.org\/#\/schema\/logo\/image\/\",\"url\":\"http:\/\/grupogpps.org\/wp-content\/uploads\/2021\/06\/logoGPS3.svg\",\"contentUrl\":\"http:\/\/grupogpps.org\/wp-content\/uploads\/2021\/06\/logoGPS3.svg\",\"width\":1,\"height\":1,\"caption\":\"GPS - Grupo de pa\u00edses productores del sur\"},\"image\":{\"@id\":\"https:\/\/grupogpps.org\/#\/schema\/logo\/image\/\"},\"sameAs\":[\"https:\/\/www.linkedin.com\/company\/25037162\/\",\"https:\/\/x.com\/GPSLatinAmerica\",\"https:\/\/www.instagram.com\/gpslatin\/\",\"https:\/\/www.youtube.com\/channel\/UCM2Qf0jSqNRJRkqmU8dO9QA\/videos\"]},{\"@type\":\"Person\",\"@id\":\"https:\/\/grupogpps.org\/#\/schema\/person\/faaafcd24616dff095821c72659ce41f\",\"name\":\"GPS GPS\",\"url\":\"https:\/\/grupogpps.org\/pt\/author\/gps\/\"}]}<\/script>\n<!-- \/ Yoast SEO plugin. -->","yoast_head_json":{"title":"#GPSEnLaMinisterial OMC: Comercio Global y Seguridad Alimentaria seg\u00fan los pa\u00edses exportadores e importadores - GPS","robots":{"index":"index","follow":"follow","max-snippet":"max-snippet:-1","max-image-preview":"max-image-preview:large","max-video-preview":"max-video-preview:-1"},"canonical":"https:\/\/grupogpps.org\/pt\/gpsenlaministerial-omc-comercio-global-y-seguridad-alimentaria-segun-los-paises-exportadores-e-importadores\/","og_locale":"pt_BR","og_type":"article","og_title":"#GPSEnLaMinisterial OMC: Comercio Global y Seguridad Alimentaria seg\u00fan los pa\u00edses exportadores e importadores - GPS","og_description":"Marcelo Reg\u00fanaga, integrante del Grupo de Pa\u00edses Productores del Sur, fue el moderador este lunes (11) del panel \u00abComercio Internacional y Seguridad Alimentaria: la visi\u00f3n de los pa\u00edses importadores y exportadores\u00bb, en el marco del Simposio de Comercio y Desarrollo Sustentable, organizado por el Centro Internacional para el Comercio y el Desarrollo Sustentable (ICTSD, por [&hellip;]","og_url":"https:\/\/grupogpps.org\/pt\/gpsenlaministerial-omc-comercio-global-y-seguridad-alimentaria-segun-los-paises-exportadores-e-importadores\/","og_site_name":"GPS","article_publisher":"https:\/\/www.linkedin.com\/company\/25037162\/","article_published_time":"2017-12-12T04:26:08+00:00","article_modified_time":"2021-07-07T12:14:02+00:00","og_image":[{"width":1280,"height":956,"url":"https:\/\/grupogpps.org\/wp-content\/uploads\/2017\/12\/gps-en-la-ministerial-logo.jpg","type":"image\/jpeg"}],"author":"GPS GPS","twitter_card":"summary_large_image","twitter_creator":"@GPSLatinAmerica","twitter_site":"@GPSLatinAmerica","twitter_misc":{"Escrito por":"GPS GPS","Est. tempo de leitura":"4 minutos"},"schema":{"@context":"https:\/\/schema.org","@graph":[{"@type":"Article","@id":"https:\/\/grupogpps.org\/en\/gpsenlaministerial-omc-comercio-global-y-seguridad-alimentaria-segun-los-paises-exportadores-e-importadores\/#article","isPartOf":{"@id":"https:\/\/grupogpps.org\/en\/gpsenlaministerial-omc-comercio-global-y-seguridad-alimentaria-segun-los-paises-exportadores-e-importadores\/"},"author":{"name":"GPS GPS","@id":"https:\/\/grupogpps.org\/#\/schema\/person\/faaafcd24616dff095821c72659ce41f"},"headline":"#GPSEnLaMinisterial OMC: Comercio Global y Seguridad Alimentaria seg\u00fan los pa\u00edses exportadores e importadores","datePublished":"2017-12-12T04:26:08+00:00","dateModified":"2021-07-07T12:14:02+00:00","mainEntityOfPage":{"@id":"https:\/\/grupogpps.org\/en\/gpsenlaministerial-omc-comercio-global-y-seguridad-alimentaria-segun-los-paises-exportadores-e-importadores\/"},"wordCount":740,"publisher":{"@id":"https:\/\/grupogpps.org\/#organization"},"image":{"@id":"https:\/\/grupogpps.org\/en\/gpsenlaministerial-omc-comercio-global-y-seguridad-alimentaria-segun-los-paises-exportadores-e-importadores\/#primaryimage"},"thumbnailUrl":"https:\/\/grupogpps.org\/wp-content\/uploads\/2017\/12\/gps-en-la-ministerial-logo.jpg","keywords":["GPSEnLaMinisterial","OMC","Seguridad Alimentaria"],"articleSection":["Actividades","Home"],"inLanguage":"pt-BR"},{"@type":"WebPage","@id":"https:\/\/grupogpps.org\/en\/gpsenlaministerial-omc-comercio-global-y-seguridad-alimentaria-segun-los-paises-exportadores-e-importadores\/","url":"https:\/\/grupogpps.org\/en\/gpsenlaministerial-omc-comercio-global-y-seguridad-alimentaria-segun-los-paises-exportadores-e-importadores\/","name":"#GPSEnLaMinisterial OMC: Comercio Global y Seguridad Alimentaria seg\u00fan los pa\u00edses exportadores e importadores - GPS","isPartOf":{"@id":"https:\/\/grupogpps.org\/#website"},"primaryImageOfPage":{"@id":"https:\/\/grupogpps.org\/en\/gpsenlaministerial-omc-comercio-global-y-seguridad-alimentaria-segun-los-paises-exportadores-e-importadores\/#primaryimage"},"image":{"@id":"https:\/\/grupogpps.org\/en\/gpsenlaministerial-omc-comercio-global-y-seguridad-alimentaria-segun-los-paises-exportadores-e-importadores\/#primaryimage"},"thumbnailUrl":"https:\/\/grupogpps.org\/wp-content\/uploads\/2017\/12\/gps-en-la-ministerial-logo.jpg","datePublished":"2017-12-12T04:26:08+00:00","dateModified":"2021-07-07T12:14:02+00:00","breadcrumb":{"@id":"https:\/\/grupogpps.org\/en\/gpsenlaministerial-omc-comercio-global-y-seguridad-alimentaria-segun-los-paises-exportadores-e-importadores\/#breadcrumb"},"inLanguage":"pt-BR","potentialAction":[{"@type":"ReadAction","target":["https:\/\/grupogpps.org\/en\/gpsenlaministerial-omc-comercio-global-y-seguridad-alimentaria-segun-los-paises-exportadores-e-importadores\/"]}]},{"@type":"ImageObject","inLanguage":"pt-BR","@id":"https:\/\/grupogpps.org\/en\/gpsenlaministerial-omc-comercio-global-y-seguridad-alimentaria-segun-los-paises-exportadores-e-importadores\/#primaryimage","url":"https:\/\/grupogpps.org\/wp-content\/uploads\/2017\/12\/gps-en-la-ministerial-logo.jpg","contentUrl":"https:\/\/grupogpps.org\/wp-content\/uploads\/2017\/12\/gps-en-la-ministerial-logo.jpg","width":1280,"height":956,"caption":"#GPSEnLaMinisterial OMC: Comercio Global y Seguridad Alimentaria seg\u00fan los pa\u00edses exportadores e importadores"},{"@type":"BreadcrumbList","@id":"https:\/\/grupogpps.org\/en\/gpsenlaministerial-omc-comercio-global-y-seguridad-alimentaria-segun-los-paises-exportadores-e-importadores\/#breadcrumb","itemListElement":[{"@type":"ListItem","position":1,"name":"Inicio","item":"https:\/\/grupogpps.org\/"},{"@type":"ListItem","position":2,"name":"#GPSEnLaMinisterial OMC: Comercio Global y Seguridad Alimentaria seg\u00fan los pa\u00edses exportadores e importadores"}]},{"@type":"WebSite","@id":"https:\/\/grupogpps.org\/#website","url":"https:\/\/grupogpps.org\/","name":"GPS","description":"Grupo de pa\u00edses productores del sur","publisher":{"@id":"https:\/\/grupogpps.org\/#organization"},"potentialAction":[{"@type":"SearchAction","target":{"@type":"EntryPoint","urlTemplate":"https:\/\/grupogpps.org\/?s={search_term_string}"},"query-input":{"@type":"PropertyValueSpecification","valueRequired":true,"valueName":"search_term_string"}}],"inLanguage":"pt-BR"},{"@type":"Organization","@id":"https:\/\/grupogpps.org\/#organization","name":"GPS - Grupo de pa\u00edses productores del sur","url":"https:\/\/grupogpps.org\/","logo":{"@type":"ImageObject","inLanguage":"pt-BR","@id":"https:\/\/grupogpps.org\/#\/schema\/logo\/image\/","url":"http:\/\/grupogpps.org\/wp-content\/uploads\/2021\/06\/logoGPS3.svg","contentUrl":"http:\/\/grupogpps.org\/wp-content\/uploads\/2021\/06\/logoGPS3.svg","width":1,"height":1,"caption":"GPS - Grupo de pa\u00edses productores del sur"},"image":{"@id":"https:\/\/grupogpps.org\/#\/schema\/logo\/image\/"},"sameAs":["https:\/\/www.linkedin.com\/company\/25037162\/","https:\/\/x.com\/GPSLatinAmerica","https:\/\/www.instagram.com\/gpslatin\/","https:\/\/www.youtube.com\/channel\/UCM2Qf0jSqNRJRkqmU8dO9QA\/videos"]},{"@type":"Person","@id":"https:\/\/grupogpps.org\/#\/schema\/person\/faaafcd24616dff095821c72659ce41f","name":"GPS GPS","url":"https:\/\/grupogpps.org\/pt\/author\/gps\/"}]}},"_links":{"self":[{"href":"https:\/\/grupogpps.org\/pt\/wp-json\/wp\/v2\/posts\/2208","targetHints":{"allow":["GET"]}}],"collection":[{"href":"https:\/\/grupogpps.org\/pt\/wp-json\/wp\/v2\/posts"}],"about":[{"href":"https:\/\/grupogpps.org\/pt\/wp-json\/wp\/v2\/types\/post"}],"author":[{"embeddable":true,"href":"https:\/\/grupogpps.org\/pt\/wp-json\/wp\/v2\/users\/2"}],"replies":[{"embeddable":true,"href":"https:\/\/grupogpps.org\/pt\/wp-json\/wp\/v2\/comments?post=2208"}],"version-history":[{"count":2,"href":"https:\/\/grupogpps.org\/pt\/wp-json\/wp\/v2\/posts\/2208\/revisions"}],"predecessor-version":[{"id":2995,"href":"https:\/\/grupogpps.org\/pt\/wp-json\/wp\/v2\/posts\/2208\/revisions\/2995"}],"wp:featuredmedia":[{"embeddable":true,"href":"https:\/\/grupogpps.org\/pt\/wp-json\/wp\/v2\/media\/2209"}],"wp:attachment":[{"href":"https:\/\/grupogpps.org\/pt\/wp-json\/wp\/v2\/media?parent=2208"}],"wp:term":[{"taxonomy":"category","embeddable":true,"href":"https:\/\/grupogpps.org\/pt\/wp-json\/wp\/v2\/categories?post=2208"},{"taxonomy":"post_tag","embeddable":true,"href":"https:\/\/grupogpps.org\/pt\/wp-json\/wp\/v2\/tags?post=2208"}],"curies":[{"name":"wp","href":"https:\/\/api.w.org\/{rel}","templated":true}]}}