{"id":2204,"date":"2017-12-12T05:21:12","date_gmt":"2017-12-12T08:21:12","guid":{"rendered":"http:\/\/grupogpps.org\/?p=692"},"modified":"2021-07-07T09:12:13","modified_gmt":"2021-07-07T12:12:13","slug":"gpsenlaministerial-comercio-agricola-cambio-climatico-y-las-metas-del-desarrollo-sustentable","status":"publish","type":"post","link":"https:\/\/grupogpps.org\/pt\/gpsenlaministerial-comercio-agricola-cambio-climatico-y-las-metas-del-desarrollo-sustentable\/","title":{"rendered":"#GPSEnLaMinisterial OMC: Comercio Agr\u00edcola, Cambio Clim\u00e1tico y las metas del Desarrollo Sustentable"},"content":{"rendered":"<p><strong>Representantes del Grupo de Pa\u00edses Productores del Sur, GPS, participaron este martes (12) en el panel que analiz\u00f3 las perspectivas de la producci\u00f3n y el intercambio de productos agr\u00edcolas<\/strong> en un mundo donde el desarrollo sustentable enfrenta cada vez m\u00e1s obst\u00e1culos.<\/p>\n\n\n\n<p>El evento form\u00f3 parte del Simposio de Comercio y Desarrollo Sustentable, organizado por el Centro Internacional para el Comercio y el Desarrollo Sustentable (ICTSD, por sus siglas en ingl\u00e9s), en cooperaci\u00f3n con el Consejo Argentino para las Relaciones Internacionales, CARI; Banco Interamericano de Desarrollo, Cippec y Bolsa de Cereales. El evento es parte de la agenda paralela de la 11\u00aa reuni\u00f3n ministerial de la Organizaci\u00f3n Mundial de Comercio, que se celebra hasta el mi\u00e9rcoles (13) en Buenos Aires.<\/p>\n\n\n\n<p>Moderados por Christophe Bellmann, investigador residente asociado del ICTSD, los participantes del panel avanzaron sobre la relaci\u00f3n entre agricultura, seguridad alimentaria, comercio y cambio clim\u00e1tico.<\/p>\n\n\n\n<p>Ekaterina Krivonos, economista y representante de la Organizaci\u00f3n de las Naciones Unidas para la Agricultura y la Alimentaci\u00f3n, FAO, abri\u00f3 el debate con las cifras que confirman el efecto que el cambio clim\u00e1tico tiene sobre la productividad agr\u00edcola. El problema, dijo Krivonos, est\u00e1 en \u00c1frica, un continente con altas tasas de crecimiento, afectado por los fen\u00f3menos del cambio clim\u00e1tico, con una producci\u00f3n deficitaria de alimentos y una poblaci\u00f3n estimada de 2,2 billones de personas para 2015.<\/p>\n\n\n\n<div style=\"height:20px\" aria-hidden=\"true\" class=\"wp-block-spacer\"><\/div>\n\n\n\n<figure class=\"wp-block-gallery aligncenter columns-1 is-cropped wp-block-gallery-1 is-layout-flex wp-block-gallery-is-layout-flex\"><ul class=\"blocks-gallery-grid\"><li class=\"blocks-gallery-item\"><figure><a href=\"http:\/\/grupogpps.org\/wp-content\/uploads\/2021\/07\/campo-de-soja.jpg\"><img loading=\"lazy\" decoding=\"async\" width=\"1000\" height=\"357\" src=\"http:\/\/grupogpps.org\/wp-content\/uploads\/2021\/07\/campo-de-soja.jpg\" alt=\"\" data-id=\"2991\" data-full-url=\"http:\/\/grupogpps.org\/wp-content\/uploads\/2021\/07\/campo-de-soja.jpg\" data-link=\"http:\/\/grupogpps.org\/2017\/12\/12\/gpsenlaministerial-comercio-agricola-cambio-climatico-y-las-metas-del-desarrollo-sustentable\/campo-de-soja-2\/\" class=\"wp-image-2991\" srcset=\"https:\/\/grupogpps.org\/wp-content\/uploads\/2021\/07\/campo-de-soja.jpg 1000w, https:\/\/grupogpps.org\/wp-content\/uploads\/2021\/07\/campo-de-soja-300x107.jpg 300w, https:\/\/grupogpps.org\/wp-content\/uploads\/2021\/07\/campo-de-soja-768x274.jpg 768w, https:\/\/grupogpps.org\/wp-content\/uploads\/2021\/07\/campo-de-soja-16x6.jpg 16w\" sizes=\"auto, (max-width: 1000px) 100vw, 1000px\" \/><\/a><\/figure><\/li><\/ul><\/figure>\n\n\n\n<div style=\"height:20px\" aria-hidden=\"true\" class=\"wp-block-spacer\"><\/div>\n\n\n\n<p>\u00abEl comercio puede promover la seguridad alimentaria a trav\u00e9s de la estabilizaci\u00f3n de los precios de los alimentos\u00bb, ilustr\u00f3 la funcionaria de la FAO.<\/p>\n\n\n\n<p>David Blandford, profesor de la Penn State University, parti\u00f3 del dilema que rodea a la actividad agr\u00edcola en los tiempos que corren: la agricultura representa apenas el 3,8% del PBI global, pero es responsable del 24% de las emisiones globales de gases de efecto invernadero, seg\u00fan las estad\u00edsticas consensuadas a nivel internacional. El problema de reducir esas emisiones, advirti\u00f3 Blandford, reside en c\u00f3mo medirlas pa\u00eds a pa\u00eds y qu\u00e9 mecanismos usar para ello.<\/p>\n\n\n\n<p>\u00abHay que aplicar politicas adecuadas a la realidad de cada pa\u00eds, pero que combinen el pago de impuestos por las emisiones de carbono, apoyo financiero estatal a la agricultura para enfrentar tales penalizaciones y un cambio cultural en productores y consumidores\u00bb, resumi\u00f3 el investigador en temas de cambio clim\u00e1tico.<\/p>\n\n\n\n<p>Mart\u00edn Pi\u00f1eiro, miembro de la red GPS ex secretario de Agricultura de Argentina y ex Director General del Instituto Interamericano de Cooperaci\u00f3n Agr\u00edcola, IICA, present\u00f3 una visi\u00f3n novedosa del tema de la emisi\u00f3n de gases de efecto invernadero atribuida a la producci\u00f3n agropecuaria.<\/p>\n\n\n\n<p>\u00abLa producci\u00f3n agr\u00edcola debe crecer 70% para satisfacer las necesidades de alimentos del mundo en los pr\u00f3ximos 20 a\u00f1os\u00bb, dijo Pi\u00f1eiro. Y explic\u00f3 que estudios como el de Ernesto Viglizzo, pueden cambiar el paradigma de que la actividad del agro contribuye finalmente al deterioro del planeta.<\/p>\n\n\n\n<p>\u00abViglizzo ha demostrado con su investigaci\u00f3n que en regiones con super\u00e1vit de producci\u00f3n de alimentos como el Cono Sur, en especial Argentina, el secuestro de carbono de la actividad es mayor que la emisi\u00f3n, por lo tanto el da\u00f1o al medio ambiente se neutraliza\u00bb, explic\u00f3 Pi\u00f1eiro.<\/p>\n\n\n\n<p>Seg\u00fan Pi\u00f1eiro, es necesario que la OMC forme parte de las discusiones sobre c\u00f3mo mejorar la metodolog\u00eda que se usa para medir las emisiones de carbono de la agricultura, e incluir est\u00e1ndares internacionales en la normativa multilateral para evitar la imposici\u00f3n arbitraria de barreras no tarifarias.<\/p>\n\n\n\n<p>\u00abNuestro prop\u00f3sito debe ser alcanzar un acuerdo multilateral que garantice acceso especial a los mercados a los productos alimenticios en cuya producci\u00f3n se cumpla con los est\u00e1ndares ambientales\u00bb, concluy\u00f3 el miembro de la red GPS.<\/p>","protected":false},"excerpt":{"rendered":"<p>Representantes del Grupo de Pa\u00edses Productores del Sur, GPS, participaron este martes (12) en el panel que analiz\u00f3 las perspectivas de la producci\u00f3n y el intercambio de productos agr\u00edcolas en un mundo donde el desarrollo sustentable enfrenta cada vez m\u00e1s obst\u00e1culos. El evento form\u00f3 parte del Simposio de Comercio y Desarrollo Sustentable, organizado por el [&hellip;]<\/p>","protected":false},"author":2,"featured_media":2205,"comment_status":"closed","ping_status":"closed","sticky":false,"template":"","format":"standard","meta":{"footnotes":""},"categories":[19,25],"tags":[46,41],"class_list":["post-2204","post","type-post","status-publish","format-standard","has-post-thumbnail","hentry","category-actividades","category-home","tag-gps-enlaministerial","tag-martin-pineiro"],"yoast_head":"<!-- This site is optimized with the Yoast SEO plugin v26.8 - https:\/\/yoast.com\/product\/yoast-seo-wordpress\/ -->\n<title>#GPSEnLaMinisterial OMC: Comercio Agr\u00edcola, Cambio Clim\u00e1tico y las metas del Desarrollo Sustentable - GPS<\/title>\n<meta name=\"robots\" content=\"index, follow, max-snippet:-1, max-image-preview:large, max-video-preview:-1\" \/>\n<link rel=\"canonical\" href=\"https:\/\/grupogpps.org\/pt\/gpsenlaministerial-comercio-agricola-cambio-climatico-y-las-metas-del-desarrollo-sustentable\/\" \/>\n<meta property=\"og:locale\" content=\"pt_BR\" \/>\n<meta property=\"og:type\" content=\"article\" \/>\n<meta property=\"og:title\" content=\"#GPSEnLaMinisterial OMC: Comercio Agr\u00edcola, Cambio Clim\u00e1tico y las metas del Desarrollo Sustentable - GPS\" \/>\n<meta property=\"og:description\" content=\"Representantes del Grupo de Pa\u00edses Productores del Sur, GPS, participaron este martes (12) en el panel que analiz\u00f3 las perspectivas de la producci\u00f3n y el intercambio de productos agr\u00edcolas en un mundo donde el desarrollo sustentable enfrenta cada vez m\u00e1s obst\u00e1culos. El evento form\u00f3 parte del Simposio de Comercio y Desarrollo Sustentable, organizado por el [&hellip;]\" \/>\n<meta property=\"og:url\" content=\"https:\/\/grupogpps.org\/pt\/gpsenlaministerial-comercio-agricola-cambio-climatico-y-las-metas-del-desarrollo-sustentable\/\" \/>\n<meta property=\"og:site_name\" content=\"GPS\" \/>\n<meta property=\"article:publisher\" content=\"https:\/\/www.linkedin.com\/company\/25037162\/\" \/>\n<meta property=\"article:published_time\" content=\"2017-12-12T08:21:12+00:00\" \/>\n<meta property=\"article:modified_time\" content=\"2021-07-07T12:12:13+00:00\" \/>\n<meta property=\"og:image\" content=\"https:\/\/grupogpps.org\/wp-content\/uploads\/2017\/12\/martin-pin\u0303eiro.jpg\" \/>\n\t<meta property=\"og:image:width\" content=\"1200\" \/>\n\t<meta property=\"og:image:height\" content=\"800\" \/>\n\t<meta property=\"og:image:type\" content=\"image\/jpeg\" \/>\n<meta name=\"author\" content=\"GPS GPS\" \/>\n<meta name=\"twitter:card\" content=\"summary_large_image\" \/>\n<meta name=\"twitter:creator\" content=\"@GPSLatinAmerica\" \/>\n<meta name=\"twitter:site\" content=\"@GPSLatinAmerica\" \/>\n<meta name=\"twitter:label1\" content=\"Escrito por\" \/>\n\t<meta name=\"twitter:data1\" content=\"GPS GPS\" \/>\n\t<meta name=\"twitter:label2\" content=\"Est. tempo de leitura\" \/>\n\t<meta name=\"twitter:data2\" content=\"3 minutos\" \/>\n<script type=\"application\/ld+json\" class=\"yoast-schema-graph\">{\"@context\":\"https:\/\/schema.org\",\"@graph\":[{\"@type\":\"Article\",\"@id\":\"https:\/\/grupogpps.org\/gpsenlaministerial-comercio-agricola-cambio-climatico-y-las-metas-del-desarrollo-sustentable\/#article\",\"isPartOf\":{\"@id\":\"https:\/\/grupogpps.org\/gpsenlaministerial-comercio-agricola-cambio-climatico-y-las-metas-del-desarrollo-sustentable\/\"},\"author\":{\"name\":\"GPS GPS\",\"@id\":\"https:\/\/grupogpps.org\/#\/schema\/person\/faaafcd24616dff095821c72659ce41f\"},\"headline\":\"#GPSEnLaMinisterial OMC: Comercio Agr\u00edcola, Cambio Clim\u00e1tico y las metas del Desarrollo Sustentable\",\"datePublished\":\"2017-12-12T08:21:12+00:00\",\"dateModified\":\"2021-07-07T12:12:13+00:00\",\"mainEntityOfPage\":{\"@id\":\"https:\/\/grupogpps.org\/gpsenlaministerial-comercio-agricola-cambio-climatico-y-las-metas-del-desarrollo-sustentable\/\"},\"wordCount\":644,\"publisher\":{\"@id\":\"https:\/\/grupogpps.org\/#organization\"},\"image\":{\"@id\":\"https:\/\/grupogpps.org\/gpsenlaministerial-comercio-agricola-cambio-climatico-y-las-metas-del-desarrollo-sustentable\/#primaryimage\"},\"thumbnailUrl\":\"https:\/\/grupogpps.org\/wp-content\/uploads\/2017\/12\/martin-pin\u0303eiro.jpg\",\"keywords\":[\"GPS EnLaMinisterial\",\"Martin Pi\u00f1eiro\"],\"articleSection\":[\"Actividades\",\"Home\"],\"inLanguage\":\"pt-BR\"},{\"@type\":\"WebPage\",\"@id\":\"https:\/\/grupogpps.org\/gpsenlaministerial-comercio-agricola-cambio-climatico-y-las-metas-del-desarrollo-sustentable\/\",\"url\":\"https:\/\/grupogpps.org\/gpsenlaministerial-comercio-agricola-cambio-climatico-y-las-metas-del-desarrollo-sustentable\/\",\"name\":\"#GPSEnLaMinisterial OMC: Comercio Agr\u00edcola, Cambio Clim\u00e1tico y las metas del Desarrollo Sustentable - GPS\",\"isPartOf\":{\"@id\":\"https:\/\/grupogpps.org\/#website\"},\"primaryImageOfPage\":{\"@id\":\"https:\/\/grupogpps.org\/gpsenlaministerial-comercio-agricola-cambio-climatico-y-las-metas-del-desarrollo-sustentable\/#primaryimage\"},\"image\":{\"@id\":\"https:\/\/grupogpps.org\/gpsenlaministerial-comercio-agricola-cambio-climatico-y-las-metas-del-desarrollo-sustentable\/#primaryimage\"},\"thumbnailUrl\":\"https:\/\/grupogpps.org\/wp-content\/uploads\/2017\/12\/martin-pin\u0303eiro.jpg\",\"datePublished\":\"2017-12-12T08:21:12+00:00\",\"dateModified\":\"2021-07-07T12:12:13+00:00\",\"breadcrumb\":{\"@id\":\"https:\/\/grupogpps.org\/gpsenlaministerial-comercio-agricola-cambio-climatico-y-las-metas-del-desarrollo-sustentable\/#breadcrumb\"},\"inLanguage\":\"pt-BR\",\"potentialAction\":[{\"@type\":\"ReadAction\",\"target\":[\"https:\/\/grupogpps.org\/gpsenlaministerial-comercio-agricola-cambio-climatico-y-las-metas-del-desarrollo-sustentable\/\"]}]},{\"@type\":\"ImageObject\",\"inLanguage\":\"pt-BR\",\"@id\":\"https:\/\/grupogpps.org\/gpsenlaministerial-comercio-agricola-cambio-climatico-y-las-metas-del-desarrollo-sustentable\/#primaryimage\",\"url\":\"https:\/\/grupogpps.org\/wp-content\/uploads\/2017\/12\/martin-pin\u0303eiro.jpg\",\"contentUrl\":\"https:\/\/grupogpps.org\/wp-content\/uploads\/2017\/12\/martin-pin\u0303eiro.jpg\",\"width\":1200,\"height\":800,\"caption\":\"#GPSEnLaMinisterial OMC: Comercio Agr\u00edcola, Cambio Clim\u00e1tico y las metas del Desarrollo Sustentable\"},{\"@type\":\"BreadcrumbList\",\"@id\":\"https:\/\/grupogpps.org\/gpsenlaministerial-comercio-agricola-cambio-climatico-y-las-metas-del-desarrollo-sustentable\/#breadcrumb\",\"itemListElement\":[{\"@type\":\"ListItem\",\"position\":1,\"name\":\"Inicio\",\"item\":\"https:\/\/grupogpps.org\/\"},{\"@type\":\"ListItem\",\"position\":2,\"name\":\"#GPSEnLaMinisterial OMC: Comercio Agr\u00edcola, Cambio Clim\u00e1tico y las metas del Desarrollo Sustentable\"}]},{\"@type\":\"WebSite\",\"@id\":\"https:\/\/grupogpps.org\/#website\",\"url\":\"https:\/\/grupogpps.org\/\",\"name\":\"GPS\",\"description\":\"Grupo de pa\u00edses productores del sur\",\"publisher\":{\"@id\":\"https:\/\/grupogpps.org\/#organization\"},\"potentialAction\":[{\"@type\":\"SearchAction\",\"target\":{\"@type\":\"EntryPoint\",\"urlTemplate\":\"https:\/\/grupogpps.org\/?s={search_term_string}\"},\"query-input\":{\"@type\":\"PropertyValueSpecification\",\"valueRequired\":true,\"valueName\":\"search_term_string\"}}],\"inLanguage\":\"pt-BR\"},{\"@type\":\"Organization\",\"@id\":\"https:\/\/grupogpps.org\/#organization\",\"name\":\"GPS - Grupo de pa\u00edses productores del sur\",\"url\":\"https:\/\/grupogpps.org\/\",\"logo\":{\"@type\":\"ImageObject\",\"inLanguage\":\"pt-BR\",\"@id\":\"https:\/\/grupogpps.org\/#\/schema\/logo\/image\/\",\"url\":\"http:\/\/grupogpps.org\/wp-content\/uploads\/2021\/06\/logoGPS3.svg\",\"contentUrl\":\"http:\/\/grupogpps.org\/wp-content\/uploads\/2021\/06\/logoGPS3.svg\",\"width\":1,\"height\":1,\"caption\":\"GPS - Grupo de pa\u00edses productores del sur\"},\"image\":{\"@id\":\"https:\/\/grupogpps.org\/#\/schema\/logo\/image\/\"},\"sameAs\":[\"https:\/\/www.linkedin.com\/company\/25037162\/\",\"https:\/\/x.com\/GPSLatinAmerica\",\"https:\/\/www.instagram.com\/gpslatin\/\",\"https:\/\/www.youtube.com\/channel\/UCM2Qf0jSqNRJRkqmU8dO9QA\/videos\"]},{\"@type\":\"Person\",\"@id\":\"https:\/\/grupogpps.org\/#\/schema\/person\/faaafcd24616dff095821c72659ce41f\",\"name\":\"GPS GPS\",\"url\":\"https:\/\/grupogpps.org\/pt\/author\/gps\/\"}]}<\/script>\n<!-- \/ Yoast SEO plugin. -->","yoast_head_json":{"title":"#GPSEnLaMinisterial OMC: Comercio Agr\u00edcola, Cambio Clim\u00e1tico y las metas del Desarrollo Sustentable - GPS","robots":{"index":"index","follow":"follow","max-snippet":"max-snippet:-1","max-image-preview":"max-image-preview:large","max-video-preview":"max-video-preview:-1"},"canonical":"https:\/\/grupogpps.org\/pt\/gpsenlaministerial-comercio-agricola-cambio-climatico-y-las-metas-del-desarrollo-sustentable\/","og_locale":"pt_BR","og_type":"article","og_title":"#GPSEnLaMinisterial OMC: Comercio Agr\u00edcola, Cambio Clim\u00e1tico y las metas del Desarrollo Sustentable - GPS","og_description":"Representantes del Grupo de Pa\u00edses Productores del Sur, GPS, participaron este martes (12) en el panel que analiz\u00f3 las perspectivas de la producci\u00f3n y el intercambio de productos agr\u00edcolas en un mundo donde el desarrollo sustentable enfrenta cada vez m\u00e1s obst\u00e1culos. El evento form\u00f3 parte del Simposio de Comercio y Desarrollo Sustentable, organizado por el [&hellip;]","og_url":"https:\/\/grupogpps.org\/pt\/gpsenlaministerial-comercio-agricola-cambio-climatico-y-las-metas-del-desarrollo-sustentable\/","og_site_name":"GPS","article_publisher":"https:\/\/www.linkedin.com\/company\/25037162\/","article_published_time":"2017-12-12T08:21:12+00:00","article_modified_time":"2021-07-07T12:12:13+00:00","og_image":[{"width":1200,"height":800,"url":"https:\/\/grupogpps.org\/wp-content\/uploads\/2017\/12\/martin-pin\u0303eiro.jpg","type":"image\/jpeg"}],"author":"GPS GPS","twitter_card":"summary_large_image","twitter_creator":"@GPSLatinAmerica","twitter_site":"@GPSLatinAmerica","twitter_misc":{"Escrito por":"GPS GPS","Est. tempo de leitura":"3 minutos"},"schema":{"@context":"https:\/\/schema.org","@graph":[{"@type":"Article","@id":"https:\/\/grupogpps.org\/gpsenlaministerial-comercio-agricola-cambio-climatico-y-las-metas-del-desarrollo-sustentable\/#article","isPartOf":{"@id":"https:\/\/grupogpps.org\/gpsenlaministerial-comercio-agricola-cambio-climatico-y-las-metas-del-desarrollo-sustentable\/"},"author":{"name":"GPS GPS","@id":"https:\/\/grupogpps.org\/#\/schema\/person\/faaafcd24616dff095821c72659ce41f"},"headline":"#GPSEnLaMinisterial OMC: Comercio Agr\u00edcola, Cambio Clim\u00e1tico y las metas del Desarrollo Sustentable","datePublished":"2017-12-12T08:21:12+00:00","dateModified":"2021-07-07T12:12:13+00:00","mainEntityOfPage":{"@id":"https:\/\/grupogpps.org\/gpsenlaministerial-comercio-agricola-cambio-climatico-y-las-metas-del-desarrollo-sustentable\/"},"wordCount":644,"publisher":{"@id":"https:\/\/grupogpps.org\/#organization"},"image":{"@id":"https:\/\/grupogpps.org\/gpsenlaministerial-comercio-agricola-cambio-climatico-y-las-metas-del-desarrollo-sustentable\/#primaryimage"},"thumbnailUrl":"https:\/\/grupogpps.org\/wp-content\/uploads\/2017\/12\/martin-pin\u0303eiro.jpg","keywords":["GPS EnLaMinisterial","Martin Pi\u00f1eiro"],"articleSection":["Actividades","Home"],"inLanguage":"pt-BR"},{"@type":"WebPage","@id":"https:\/\/grupogpps.org\/gpsenlaministerial-comercio-agricola-cambio-climatico-y-las-metas-del-desarrollo-sustentable\/","url":"https:\/\/grupogpps.org\/gpsenlaministerial-comercio-agricola-cambio-climatico-y-las-metas-del-desarrollo-sustentable\/","name":"#GPSEnLaMinisterial OMC: Comercio Agr\u00edcola, Cambio Clim\u00e1tico y las metas del Desarrollo Sustentable - GPS","isPartOf":{"@id":"https:\/\/grupogpps.org\/#website"},"primaryImageOfPage":{"@id":"https:\/\/grupogpps.org\/gpsenlaministerial-comercio-agricola-cambio-climatico-y-las-metas-del-desarrollo-sustentable\/#primaryimage"},"image":{"@id":"https:\/\/grupogpps.org\/gpsenlaministerial-comercio-agricola-cambio-climatico-y-las-metas-del-desarrollo-sustentable\/#primaryimage"},"thumbnailUrl":"https:\/\/grupogpps.org\/wp-content\/uploads\/2017\/12\/martin-pin\u0303eiro.jpg","datePublished":"2017-12-12T08:21:12+00:00","dateModified":"2021-07-07T12:12:13+00:00","breadcrumb":{"@id":"https:\/\/grupogpps.org\/gpsenlaministerial-comercio-agricola-cambio-climatico-y-las-metas-del-desarrollo-sustentable\/#breadcrumb"},"inLanguage":"pt-BR","potentialAction":[{"@type":"ReadAction","target":["https:\/\/grupogpps.org\/gpsenlaministerial-comercio-agricola-cambio-climatico-y-las-metas-del-desarrollo-sustentable\/"]}]},{"@type":"ImageObject","inLanguage":"pt-BR","@id":"https:\/\/grupogpps.org\/gpsenlaministerial-comercio-agricola-cambio-climatico-y-las-metas-del-desarrollo-sustentable\/#primaryimage","url":"https:\/\/grupogpps.org\/wp-content\/uploads\/2017\/12\/martin-pin\u0303eiro.jpg","contentUrl":"https:\/\/grupogpps.org\/wp-content\/uploads\/2017\/12\/martin-pin\u0303eiro.jpg","width":1200,"height":800,"caption":"#GPSEnLaMinisterial OMC: Comercio Agr\u00edcola, Cambio Clim\u00e1tico y las metas del Desarrollo Sustentable"},{"@type":"BreadcrumbList","@id":"https:\/\/grupogpps.org\/gpsenlaministerial-comercio-agricola-cambio-climatico-y-las-metas-del-desarrollo-sustentable\/#breadcrumb","itemListElement":[{"@type":"ListItem","position":1,"name":"Inicio","item":"https:\/\/grupogpps.org\/"},{"@type":"ListItem","position":2,"name":"#GPSEnLaMinisterial OMC: Comercio Agr\u00edcola, Cambio Clim\u00e1tico y las metas del Desarrollo Sustentable"}]},{"@type":"WebSite","@id":"https:\/\/grupogpps.org\/#website","url":"https:\/\/grupogpps.org\/","name":"GPS","description":"Grupo de pa\u00edses productores del sur","publisher":{"@id":"https:\/\/grupogpps.org\/#organization"},"potentialAction":[{"@type":"SearchAction","target":{"@type":"EntryPoint","urlTemplate":"https:\/\/grupogpps.org\/?s={search_term_string}"},"query-input":{"@type":"PropertyValueSpecification","valueRequired":true,"valueName":"search_term_string"}}],"inLanguage":"pt-BR"},{"@type":"Organization","@id":"https:\/\/grupogpps.org\/#organization","name":"GPS - Grupo de pa\u00edses productores del sur","url":"https:\/\/grupogpps.org\/","logo":{"@type":"ImageObject","inLanguage":"pt-BR","@id":"https:\/\/grupogpps.org\/#\/schema\/logo\/image\/","url":"http:\/\/grupogpps.org\/wp-content\/uploads\/2021\/06\/logoGPS3.svg","contentUrl":"http:\/\/grupogpps.org\/wp-content\/uploads\/2021\/06\/logoGPS3.svg","width":1,"height":1,"caption":"GPS - Grupo de pa\u00edses productores del sur"},"image":{"@id":"https:\/\/grupogpps.org\/#\/schema\/logo\/image\/"},"sameAs":["https:\/\/www.linkedin.com\/company\/25037162\/","https:\/\/x.com\/GPSLatinAmerica","https:\/\/www.instagram.com\/gpslatin\/","https:\/\/www.youtube.com\/channel\/UCM2Qf0jSqNRJRkqmU8dO9QA\/videos"]},{"@type":"Person","@id":"https:\/\/grupogpps.org\/#\/schema\/person\/faaafcd24616dff095821c72659ce41f","name":"GPS GPS","url":"https:\/\/grupogpps.org\/pt\/author\/gps\/"}]}},"_links":{"self":[{"href":"https:\/\/grupogpps.org\/pt\/wp-json\/wp\/v2\/posts\/2204","targetHints":{"allow":["GET"]}}],"collection":[{"href":"https:\/\/grupogpps.org\/pt\/wp-json\/wp\/v2\/posts"}],"about":[{"href":"https:\/\/grupogpps.org\/pt\/wp-json\/wp\/v2\/types\/post"}],"author":[{"embeddable":true,"href":"https:\/\/grupogpps.org\/pt\/wp-json\/wp\/v2\/users\/2"}],"replies":[{"embeddable":true,"href":"https:\/\/grupogpps.org\/pt\/wp-json\/wp\/v2\/comments?post=2204"}],"version-history":[{"count":1,"href":"https:\/\/grupogpps.org\/pt\/wp-json\/wp\/v2\/posts\/2204\/revisions"}],"predecessor-version":[{"id":2992,"href":"https:\/\/grupogpps.org\/pt\/wp-json\/wp\/v2\/posts\/2204\/revisions\/2992"}],"wp:featuredmedia":[{"embeddable":true,"href":"https:\/\/grupogpps.org\/pt\/wp-json\/wp\/v2\/media\/2205"}],"wp:attachment":[{"href":"https:\/\/grupogpps.org\/pt\/wp-json\/wp\/v2\/media?parent=2204"}],"wp:term":[{"taxonomy":"category","embeddable":true,"href":"https:\/\/grupogpps.org\/pt\/wp-json\/wp\/v2\/categories?post=2204"},{"taxonomy":"post_tag","embeddable":true,"href":"https:\/\/grupogpps.org\/pt\/wp-json\/wp\/v2\/tags?post=2204"}],"curies":[{"name":"wp","href":"https:\/\/api.w.org\/{rel}","templated":true}]}}