{"id":2168,"date":"2018-01-15T19:10:00","date_gmt":"2018-01-15T22:10:00","guid":{"rendered":"http:\/\/grupogpps.org\/?p=897"},"modified":"2021-07-07T08:57:06","modified_gmt":"2021-07-07T11:57:06","slug":"gps-uruguay-celebro-su-reunion-de-foro-institucional-en-punta-del-este","status":"publish","type":"post","link":"https:\/\/grupogpps.org\/pt\/gps-uruguay-celebro-su-reunion-de-foro-institucional-en-punta-del-este\/","title":{"rendered":"GPS Uruguay celebr\u00f3 su reuni\u00f3n de Foro Institucional en Punta del Este"},"content":{"rendered":"<p style=\"font-size:15px\"><em>Reuni\u00f3n de GPS con el Consul Mart\u00edn Alvez<\/em><\/p>\n\n\n\n<p>El 9 de enero se celebr\u00f3 la reuni\u00f3n del Foro Institucional de GPS Uruguay.<\/p>\n\n\n\n<p>La misma cont\u00f3 con la presencia del Lic Mart\u00edn Alves nuevo C\u00f3nsul designado en la sede que ahora inaugura Uruguay en Wang- Zou (RP China). El Sr C\u00f3nsul dialog\u00f3 con los miembros de GPS sobre la estrategia de trabajo en China.<\/p>\n\n\n\n<p>Asimismo, en esta instancia se incorpor\u00f3 a GPS Uruguay el Embajador Guillermo Valles Galm\u00e9s, una persona de alta relevancia por los cargos que ha ocupado en su carrera profesional, los trabajos realizados y los contactos que mantiene a nivel nacional e internacional.<\/p>\n\n\n\n<p>As\u00ed, GPS contin\u00faa consolidando su red, fomentando el di\u00e1logo p\u00fablico privado regional y proyectando los intereses del sector en los escenarios internacionales.<\/p>\n\n\n\n<div style=\"height:20px\" aria-hidden=\"true\" class=\"wp-block-spacer\"><\/div>\n\n\n\n<figure class=\"wp-block-gallery columns-1 is-cropped wp-block-gallery-1 is-layout-flex wp-block-gallery-is-layout-flex\"><ul class=\"blocks-gallery-grid\"><li class=\"blocks-gallery-item\"><figure><a href=\"http:\/\/grupogpps.org\/wp-content\/uploads\/2021\/07\/Foro-Institucional-en-Punta-del-Este-2.jpg\"><img loading=\"lazy\" decoding=\"async\" width=\"900\" height=\"675\" src=\"http:\/\/grupogpps.org\/wp-content\/uploads\/2021\/07\/Foro-Institucional-en-Punta-del-Este-2.jpg\" alt=\"\" data-id=\"2974\" data-full-url=\"http:\/\/grupogpps.org\/wp-content\/uploads\/2021\/07\/Foro-Institucional-en-Punta-del-Este-2.jpg\" data-link=\"http:\/\/grupogpps.org\/2018\/01\/15\/gps-uruguay-celebro-su-reunion-de-foro-institucional-en-punta-del-este\/foro-institucional-en-punta-del-este-2-2\/\" class=\"wp-image-2974\" srcset=\"https:\/\/grupogpps.org\/wp-content\/uploads\/2021\/07\/Foro-Institucional-en-Punta-del-Este-2.jpg 900w, https:\/\/grupogpps.org\/wp-content\/uploads\/2021\/07\/Foro-Institucional-en-Punta-del-Este-2-300x225.jpg 300w, https:\/\/grupogpps.org\/wp-content\/uploads\/2021\/07\/Foro-Institucional-en-Punta-del-Este-2-768x576.jpg 768w, https:\/\/grupogpps.org\/wp-content\/uploads\/2021\/07\/Foro-Institucional-en-Punta-del-Este-2-16x12.jpg 16w\" sizes=\"auto, (max-width: 900px) 100vw, 900px\" \/><\/a><\/figure><\/li><\/ul><\/figure>\n\n\n\n<p style=\"font-size:15px\"><em>De izquierda a derecha: Teresa Aishemberg; Luis Bameule; Horacio S\u00e1nchez Caballero; Patricia Damiani; Juan de la Fuente; Daniela Alfaro; Victoria Carballo y Margarita Varela.<\/em><\/p>","protected":false},"excerpt":{"rendered":"<p>Reuni\u00f3n de GPS con el Consul Mart\u00edn Alvez El 9 de enero se celebr\u00f3 la reuni\u00f3n del Foro Institucional de GPS Uruguay. La misma cont\u00f3 con la presencia del Lic Mart\u00edn Alves nuevo C\u00f3nsul designado en la sede que ahora inaugura Uruguay en Wang- Zou (RP China). El Sr C\u00f3nsul dialog\u00f3 con los miembros de [&hellip;]<\/p>","protected":false},"author":1,"featured_media":2170,"comment_status":"closed","ping_status":"closed","sticky":false,"template":"","format":"standard","meta":{"footnotes":""},"categories":[19,23],"tags":[],"class_list":["post-2168","post","type-post","status-publish","format-standard","has-post-thumbnail","hentry","category-actividades","category-novedades"],"yoast_head":"<!-- This site is optimized with the Yoast SEO plugin v26.8 - https:\/\/yoast.com\/product\/yoast-seo-wordpress\/ -->\n<title>GPS Uruguay celebr\u00f3 su reuni\u00f3n de Foro Institucional en Punta del Este - GPS<\/title>\n<meta name=\"robots\" content=\"index, follow, max-snippet:-1, max-image-preview:large, max-video-preview:-1\" \/>\n<link rel=\"canonical\" href=\"https:\/\/grupogpps.org\/pt\/gps-uruguay-celebro-su-reunion-de-foro-institucional-en-punta-del-este\/\" \/>\n<meta property=\"og:locale\" content=\"pt_BR\" \/>\n<meta property=\"og:type\" content=\"article\" \/>\n<meta property=\"og:title\" content=\"GPS Uruguay celebr\u00f3 su reuni\u00f3n de Foro Institucional en Punta del Este - GPS\" \/>\n<meta property=\"og:description\" content=\"Reuni\u00f3n de GPS con el Consul Mart\u00edn Alvez El 9 de enero se celebr\u00f3 la reuni\u00f3n del Foro Institucional de GPS Uruguay. La misma cont\u00f3 con la presencia del Lic Mart\u00edn Alves nuevo C\u00f3nsul designado en la sede que ahora inaugura Uruguay en Wang- Zou (RP China). El Sr C\u00f3nsul dialog\u00f3 con los miembros de [&hellip;]\" \/>\n<meta property=\"og:url\" content=\"https:\/\/grupogpps.org\/pt\/gps-uruguay-celebro-su-reunion-de-foro-institucional-en-punta-del-este\/\" \/>\n<meta property=\"og:site_name\" content=\"GPS\" \/>\n<meta property=\"article:publisher\" content=\"https:\/\/www.linkedin.com\/company\/25037162\/\" \/>\n<meta property=\"article:published_time\" content=\"2018-01-15T22:10:00+00:00\" \/>\n<meta property=\"article:modified_time\" content=\"2021-07-07T11:57:06+00:00\" \/>\n<meta property=\"og:image\" content=\"https:\/\/grupogpps.org\/wp-content\/uploads\/2018\/01\/Foro-Institucional-en-Punta-del-Este-1.jpg\" \/>\n\t<meta property=\"og:image:width\" content=\"900\" \/>\n\t<meta property=\"og:image:height\" content=\"675\" \/>\n\t<meta property=\"og:image:type\" content=\"image\/jpeg\" \/>\n<meta name=\"twitter:card\" content=\"summary_large_image\" \/>\n<meta name=\"twitter:creator\" content=\"@GPSLatinAmerica\" \/>\n<meta name=\"twitter:site\" content=\"@GPSLatinAmerica\" \/>\n<meta name=\"twitter:label1\" content=\"Escrito por\" \/>\n\t<meta name=\"twitter:data1\" content=\"\" \/>\n\t<meta name=\"twitter:label2\" content=\"Est. tempo de leitura\" \/>\n\t<meta name=\"twitter:data2\" content=\"1 minuto\" \/>\n<script type=\"application\/ld+json\" class=\"yoast-schema-graph\">{\"@context\":\"https:\/\/schema.org\",\"@graph\":[{\"@type\":\"Article\",\"@id\":\"https:\/\/grupogpps.org\/gps-uruguay-celebro-su-reunion-de-foro-institucional-en-punta-del-este\/#article\",\"isPartOf\":{\"@id\":\"https:\/\/grupogpps.org\/gps-uruguay-celebro-su-reunion-de-foro-institucional-en-punta-del-este\/\"},\"author\":{\"name\":\"\",\"@id\":\"\"},\"headline\":\"GPS Uruguay celebr\u00f3 su reuni\u00f3n de Foro Institucional en Punta del Este\",\"datePublished\":\"2018-01-15T22:10:00+00:00\",\"dateModified\":\"2021-07-07T11:57:06+00:00\",\"mainEntityOfPage\":{\"@id\":\"https:\/\/grupogpps.org\/gps-uruguay-celebro-su-reunion-de-foro-institucional-en-punta-del-este\/\"},\"wordCount\":174,\"publisher\":{\"@id\":\"https:\/\/grupogpps.org\/#organization\"},\"image\":{\"@id\":\"https:\/\/grupogpps.org\/gps-uruguay-celebro-su-reunion-de-foro-institucional-en-punta-del-este\/#primaryimage\"},\"thumbnailUrl\":\"https:\/\/grupogpps.org\/wp-content\/uploads\/2018\/01\/Foro-Institucional-en-Punta-del-Este-1.jpg\",\"articleSection\":[\"Actividades\",\"Novedades\"],\"inLanguage\":\"pt-BR\"},{\"@type\":\"WebPage\",\"@id\":\"https:\/\/grupogpps.org\/gps-uruguay-celebro-su-reunion-de-foro-institucional-en-punta-del-este\/\",\"url\":\"https:\/\/grupogpps.org\/gps-uruguay-celebro-su-reunion-de-foro-institucional-en-punta-del-este\/\",\"name\":\"GPS Uruguay celebr\u00f3 su reuni\u00f3n de Foro Institucional en Punta del Este - GPS\",\"isPartOf\":{\"@id\":\"https:\/\/grupogpps.org\/#website\"},\"primaryImageOfPage\":{\"@id\":\"https:\/\/grupogpps.org\/gps-uruguay-celebro-su-reunion-de-foro-institucional-en-punta-del-este\/#primaryimage\"},\"image\":{\"@id\":\"https:\/\/grupogpps.org\/gps-uruguay-celebro-su-reunion-de-foro-institucional-en-punta-del-este\/#primaryimage\"},\"thumbnailUrl\":\"https:\/\/grupogpps.org\/wp-content\/uploads\/2018\/01\/Foro-Institucional-en-Punta-del-Este-1.jpg\",\"datePublished\":\"2018-01-15T22:10:00+00:00\",\"dateModified\":\"2021-07-07T11:57:06+00:00\",\"breadcrumb\":{\"@id\":\"https:\/\/grupogpps.org\/gps-uruguay-celebro-su-reunion-de-foro-institucional-en-punta-del-este\/#breadcrumb\"},\"inLanguage\":\"pt-BR\",\"potentialAction\":[{\"@type\":\"ReadAction\",\"target\":[\"https:\/\/grupogpps.org\/gps-uruguay-celebro-su-reunion-de-foro-institucional-en-punta-del-este\/\"]}]},{\"@type\":\"ImageObject\",\"inLanguage\":\"pt-BR\",\"@id\":\"https:\/\/grupogpps.org\/gps-uruguay-celebro-su-reunion-de-foro-institucional-en-punta-del-este\/#primaryimage\",\"url\":\"https:\/\/grupogpps.org\/wp-content\/uploads\/2018\/01\/Foro-Institucional-en-Punta-del-Este-1.jpg\",\"contentUrl\":\"https:\/\/grupogpps.org\/wp-content\/uploads\/2018\/01\/Foro-Institucional-en-Punta-del-Este-1.jpg\",\"width\":900,\"height\":675,\"caption\":\"Reuni\u00f3n de GPS con el Consul Mart\u00edn Alvez\"},{\"@type\":\"BreadcrumbList\",\"@id\":\"https:\/\/grupogpps.org\/gps-uruguay-celebro-su-reunion-de-foro-institucional-en-punta-del-este\/#breadcrumb\",\"itemListElement\":[{\"@type\":\"ListItem\",\"position\":1,\"name\":\"Inicio\",\"item\":\"https:\/\/grupogpps.org\/\"},{\"@type\":\"ListItem\",\"position\":2,\"name\":\"GPS Uruguay celebr\u00f3 su reuni\u00f3n de Foro Institucional en Punta del Este\"}]},{\"@type\":\"WebSite\",\"@id\":\"https:\/\/grupogpps.org\/#website\",\"url\":\"https:\/\/grupogpps.org\/\",\"name\":\"GPS\",\"description\":\"Grupo de pa\u00edses productores del sur\",\"publisher\":{\"@id\":\"https:\/\/grupogpps.org\/#organization\"},\"potentialAction\":[{\"@type\":\"SearchAction\",\"target\":{\"@type\":\"EntryPoint\",\"urlTemplate\":\"https:\/\/grupogpps.org\/?s={search_term_string}\"},\"query-input\":{\"@type\":\"PropertyValueSpecification\",\"valueRequired\":true,\"valueName\":\"search_term_string\"}}],\"inLanguage\":\"pt-BR\"},{\"@type\":\"Organization\",\"@id\":\"https:\/\/grupogpps.org\/#organization\",\"name\":\"GPS - Grupo de pa\u00edses productores del sur\",\"url\":\"https:\/\/grupogpps.org\/\",\"logo\":{\"@type\":\"ImageObject\",\"inLanguage\":\"pt-BR\",\"@id\":\"https:\/\/grupogpps.org\/#\/schema\/logo\/image\/\",\"url\":\"http:\/\/grupogpps.org\/wp-content\/uploads\/2021\/06\/logoGPS3.svg\",\"contentUrl\":\"http:\/\/grupogpps.org\/wp-content\/uploads\/2021\/06\/logoGPS3.svg\",\"width\":1,\"height\":1,\"caption\":\"GPS - Grupo de pa\u00edses productores del sur\"},\"image\":{\"@id\":\"https:\/\/grupogpps.org\/#\/schema\/logo\/image\/\"},\"sameAs\":[\"https:\/\/www.linkedin.com\/company\/25037162\/\",\"https:\/\/x.com\/GPSLatinAmerica\",\"https:\/\/www.instagram.com\/gpslatin\/\",\"https:\/\/www.youtube.com\/channel\/UCM2Qf0jSqNRJRkqmU8dO9QA\/videos\"]},{\"@type\":\"Person\",\"@id\":\"\",\"url\":\"https:\/\/grupogpps.org\/pt\/author\/\"}]}<\/script>\n<!-- \/ Yoast SEO plugin. -->","yoast_head_json":{"title":"GPS Uruguay celebr\u00f3 su reuni\u00f3n de Foro Institucional en Punta del Este - GPS","robots":{"index":"index","follow":"follow","max-snippet":"max-snippet:-1","max-image-preview":"max-image-preview:large","max-video-preview":"max-video-preview:-1"},"canonical":"https:\/\/grupogpps.org\/pt\/gps-uruguay-celebro-su-reunion-de-foro-institucional-en-punta-del-este\/","og_locale":"pt_BR","og_type":"article","og_title":"GPS Uruguay celebr\u00f3 su reuni\u00f3n de Foro Institucional en Punta del Este - GPS","og_description":"Reuni\u00f3n de GPS con el Consul Mart\u00edn Alvez El 9 de enero se celebr\u00f3 la reuni\u00f3n del Foro Institucional de GPS Uruguay. La misma cont\u00f3 con la presencia del Lic Mart\u00edn Alves nuevo C\u00f3nsul designado en la sede que ahora inaugura Uruguay en Wang- Zou (RP China). El Sr C\u00f3nsul dialog\u00f3 con los miembros de [&hellip;]","og_url":"https:\/\/grupogpps.org\/pt\/gps-uruguay-celebro-su-reunion-de-foro-institucional-en-punta-del-este\/","og_site_name":"GPS","article_publisher":"https:\/\/www.linkedin.com\/company\/25037162\/","article_published_time":"2018-01-15T22:10:00+00:00","article_modified_time":"2021-07-07T11:57:06+00:00","og_image":[{"width":900,"height":675,"url":"https:\/\/grupogpps.org\/wp-content\/uploads\/2018\/01\/Foro-Institucional-en-Punta-del-Este-1.jpg","type":"image\/jpeg"}],"twitter_card":"summary_large_image","twitter_creator":"@GPSLatinAmerica","twitter_site":"@GPSLatinAmerica","twitter_misc":{"Escrito por":"","Est. tempo de leitura":"1 minuto"},"schema":{"@context":"https:\/\/schema.org","@graph":[{"@type":"Article","@id":"https:\/\/grupogpps.org\/gps-uruguay-celebro-su-reunion-de-foro-institucional-en-punta-del-este\/#article","isPartOf":{"@id":"https:\/\/grupogpps.org\/gps-uruguay-celebro-su-reunion-de-foro-institucional-en-punta-del-este\/"},"author":{"name":"","@id":""},"headline":"GPS Uruguay celebr\u00f3 su reuni\u00f3n de Foro Institucional en Punta del Este","datePublished":"2018-01-15T22:10:00+00:00","dateModified":"2021-07-07T11:57:06+00:00","mainEntityOfPage":{"@id":"https:\/\/grupogpps.org\/gps-uruguay-celebro-su-reunion-de-foro-institucional-en-punta-del-este\/"},"wordCount":174,"publisher":{"@id":"https:\/\/grupogpps.org\/#organization"},"image":{"@id":"https:\/\/grupogpps.org\/gps-uruguay-celebro-su-reunion-de-foro-institucional-en-punta-del-este\/#primaryimage"},"thumbnailUrl":"https:\/\/grupogpps.org\/wp-content\/uploads\/2018\/01\/Foro-Institucional-en-Punta-del-Este-1.jpg","articleSection":["Actividades","Novedades"],"inLanguage":"pt-BR"},{"@type":"WebPage","@id":"https:\/\/grupogpps.org\/gps-uruguay-celebro-su-reunion-de-foro-institucional-en-punta-del-este\/","url":"https:\/\/grupogpps.org\/gps-uruguay-celebro-su-reunion-de-foro-institucional-en-punta-del-este\/","name":"GPS Uruguay celebr\u00f3 su reuni\u00f3n de Foro Institucional en Punta del Este - GPS","isPartOf":{"@id":"https:\/\/grupogpps.org\/#website"},"primaryImageOfPage":{"@id":"https:\/\/grupogpps.org\/gps-uruguay-celebro-su-reunion-de-foro-institucional-en-punta-del-este\/#primaryimage"},"image":{"@id":"https:\/\/grupogpps.org\/gps-uruguay-celebro-su-reunion-de-foro-institucional-en-punta-del-este\/#primaryimage"},"thumbnailUrl":"https:\/\/grupogpps.org\/wp-content\/uploads\/2018\/01\/Foro-Institucional-en-Punta-del-Este-1.jpg","datePublished":"2018-01-15T22:10:00+00:00","dateModified":"2021-07-07T11:57:06+00:00","breadcrumb":{"@id":"https:\/\/grupogpps.org\/gps-uruguay-celebro-su-reunion-de-foro-institucional-en-punta-del-este\/#breadcrumb"},"inLanguage":"pt-BR","potentialAction":[{"@type":"ReadAction","target":["https:\/\/grupogpps.org\/gps-uruguay-celebro-su-reunion-de-foro-institucional-en-punta-del-este\/"]}]},{"@type":"ImageObject","inLanguage":"pt-BR","@id":"https:\/\/grupogpps.org\/gps-uruguay-celebro-su-reunion-de-foro-institucional-en-punta-del-este\/#primaryimage","url":"https:\/\/grupogpps.org\/wp-content\/uploads\/2018\/01\/Foro-Institucional-en-Punta-del-Este-1.jpg","contentUrl":"https:\/\/grupogpps.org\/wp-content\/uploads\/2018\/01\/Foro-Institucional-en-Punta-del-Este-1.jpg","width":900,"height":675,"caption":"Reuni\u00f3n de GPS con el Consul Mart\u00edn Alvez"},{"@type":"BreadcrumbList","@id":"https:\/\/grupogpps.org\/gps-uruguay-celebro-su-reunion-de-foro-institucional-en-punta-del-este\/#breadcrumb","itemListElement":[{"@type":"ListItem","position":1,"name":"Inicio","item":"https:\/\/grupogpps.org\/"},{"@type":"ListItem","position":2,"name":"GPS Uruguay celebr\u00f3 su reuni\u00f3n de Foro Institucional en Punta del Este"}]},{"@type":"WebSite","@id":"https:\/\/grupogpps.org\/#website","url":"https:\/\/grupogpps.org\/","name":"GPS","description":"Grupo de pa\u00edses productores del sur","publisher":{"@id":"https:\/\/grupogpps.org\/#organization"},"potentialAction":[{"@type":"SearchAction","target":{"@type":"EntryPoint","urlTemplate":"https:\/\/grupogpps.org\/?s={search_term_string}"},"query-input":{"@type":"PropertyValueSpecification","valueRequired":true,"valueName":"search_term_string"}}],"inLanguage":"pt-BR"},{"@type":"Organization","@id":"https:\/\/grupogpps.org\/#organization","name":"GPS - Grupo de pa\u00edses productores del sur","url":"https:\/\/grupogpps.org\/","logo":{"@type":"ImageObject","inLanguage":"pt-BR","@id":"https:\/\/grupogpps.org\/#\/schema\/logo\/image\/","url":"http:\/\/grupogpps.org\/wp-content\/uploads\/2021\/06\/logoGPS3.svg","contentUrl":"http:\/\/grupogpps.org\/wp-content\/uploads\/2021\/06\/logoGPS3.svg","width":1,"height":1,"caption":"GPS - Grupo de pa\u00edses productores del sur"},"image":{"@id":"https:\/\/grupogpps.org\/#\/schema\/logo\/image\/"},"sameAs":["https:\/\/www.linkedin.com\/company\/25037162\/","https:\/\/x.com\/GPSLatinAmerica","https:\/\/www.instagram.com\/gpslatin\/","https:\/\/www.youtube.com\/channel\/UCM2Qf0jSqNRJRkqmU8dO9QA\/videos"]},{"@type":"Person","@id":"","url":"https:\/\/grupogpps.org\/pt\/author\/"}]}},"_links":{"self":[{"href":"https:\/\/grupogpps.org\/pt\/wp-json\/wp\/v2\/posts\/2168","targetHints":{"allow":["GET"]}}],"collection":[{"href":"https:\/\/grupogpps.org\/pt\/wp-json\/wp\/v2\/posts"}],"about":[{"href":"https:\/\/grupogpps.org\/pt\/wp-json\/wp\/v2\/types\/post"}],"author":[{"embeddable":true,"href":"https:\/\/grupogpps.org\/pt\/wp-json\/wp\/v2\/users\/1"}],"replies":[{"embeddable":true,"href":"https:\/\/grupogpps.org\/pt\/wp-json\/wp\/v2\/comments?post=2168"}],"version-history":[{"count":2,"href":"https:\/\/grupogpps.org\/pt\/wp-json\/wp\/v2\/posts\/2168\/revisions"}],"predecessor-version":[{"id":2975,"href":"https:\/\/grupogpps.org\/pt\/wp-json\/wp\/v2\/posts\/2168\/revisions\/2975"}],"wp:featuredmedia":[{"embeddable":true,"href":"https:\/\/grupogpps.org\/pt\/wp-json\/wp\/v2\/media\/2170"}],"wp:attachment":[{"href":"https:\/\/grupogpps.org\/pt\/wp-json\/wp\/v2\/media?parent=2168"}],"wp:term":[{"taxonomy":"category","embeddable":true,"href":"https:\/\/grupogpps.org\/pt\/wp-json\/wp\/v2\/categories?post=2168"},{"taxonomy":"post_tag","embeddable":true,"href":"https:\/\/grupogpps.org\/pt\/wp-json\/wp\/v2\/tags?post=2168"}],"curies":[{"name":"wp","href":"https:\/\/api.w.org\/{rel}","templated":true}]}}