{"id":2145,"date":"2018-05-28T12:30:55","date_gmt":"2018-05-28T15:30:55","guid":{"rendered":"http:\/\/grupogpps.org\/?p=1039"},"modified":"2021-07-06T10:17:31","modified_gmt":"2021-07-06T13:17:31","slug":"el-gps-visita-en-ginebra-la-organizacion-mundial-de-comercio-y-manifiesta-su-apoyo-tanto-al-sistema-multilateral-como-al-director-general-roberto-azevedo","status":"publish","type":"post","link":"https:\/\/grupogpps.org\/pt\/el-gps-visita-en-ginebra-la-organizacion-mundial-de-comercio-y-manifiesta-su-apoyo-tanto-al-sistema-multilateral-como-al-director-general-roberto-azevedo\/","title":{"rendered":"El GPS visita en Ginebra la Organizaci\u00f3n Mundial de Comercio y  manifiesta su apoyo tanto al sistema multilateral como al Director General, Roberto Azevedo"},"content":{"rendered":"<p>Con una delegaci\u00f3n compuesta por representantes de los cap\u00edtulos de Argentina, Brasil, Paraguay y Uruguay y encabezada por el coordinador regional Horacio S\u00e1nchez Caballero, el GPS mantuvo un almuerzo de trabajo con el Director General de la Organizaci\u00f3n Mundial de Comercio (OMC) Roberto Azevedo.<\/p>\n\n\n\n<p><strong>En el transcurso del encuentro el GPS manifest\u00f3 su decidido apoyo a las instituciones del Sistema Multilateral de Comercio, jaqueado hoy por el creciente proteccionismo y el debilitamiento institucional.<\/strong><\/p>\n\n\n\n<p>Con el Director General de la OMC, Roberto Azevedo, se coincidi\u00f3 en que este es un momento en que el mundo necesita defensores del comercio y de la cooperaci\u00f3n multilateral, vistos los avances del unilateralismo y el proteccionismo comercial. El GPS reconoci\u00f3 los esfuerzos del Sr. Director General en promover y fortalecer el rol y la relevancia de la OMC, tanto por sus funciones normativas, como por su sistema de soluci\u00f3n de diferencias comerciales.<\/p>\n\n\n\n<div style=\"height:20px\" aria-hidden=\"true\" class=\"wp-block-spacer\"><\/div>\n\n\n\n<figure class=\"wp-block-gallery aligncenter columns-1 is-cropped wp-block-gallery-1 is-layout-flex wp-block-gallery-is-layout-flex\"><ul class=\"blocks-gallery-grid\"><li class=\"blocks-gallery-item\"><figure><a href=\"http:\/\/grupogpps.org\/wp-content\/uploads\/2021\/07\/el-gps-visita-en-ginebra-la-organizacion-mundial-de-comercio.jpg\"><img loading=\"lazy\" decoding=\"async\" width=\"1024\" height=\"687\" src=\"http:\/\/grupogpps.org\/wp-content\/uploads\/2021\/07\/el-gps-visita-en-ginebra-la-organizacion-mundial-de-comercio.jpg\" alt=\"\" data-id=\"2960\" data-full-url=\"http:\/\/grupogpps.org\/wp-content\/uploads\/2021\/07\/el-gps-visita-en-ginebra-la-organizacion-mundial-de-comercio.jpg\" data-link=\"http:\/\/grupogpps.org\/2018\/05\/28\/el-gps-visita-en-ginebra-la-organizacion-mundial-de-comercio-y-manifiesta-su-apoyo-tanto-al-sistema-multilateral-como-al-director-general-roberto-azevedo\/el-gps-visita-en-ginebra-la-organizacion-mundial-de-comercio\/\" class=\"wp-image-2960\" srcset=\"https:\/\/grupogpps.org\/wp-content\/uploads\/2021\/07\/el-gps-visita-en-ginebra-la-organizacion-mundial-de-comercio.jpg 1024w, https:\/\/grupogpps.org\/wp-content\/uploads\/2021\/07\/el-gps-visita-en-ginebra-la-organizacion-mundial-de-comercio-300x201.jpg 300w, https:\/\/grupogpps.org\/wp-content\/uploads\/2021\/07\/el-gps-visita-en-ginebra-la-organizacion-mundial-de-comercio-768x515.jpg 768w, https:\/\/grupogpps.org\/wp-content\/uploads\/2021\/07\/el-gps-visita-en-ginebra-la-organizacion-mundial-de-comercio-16x12.jpg 16w\" sizes=\"auto, (max-width: 1024px) 100vw, 1024px\" \/><\/a><\/figure><\/li><\/ul><\/figure>\n\n\n\n<div style=\"height:20px\" aria-hidden=\"true\" class=\"wp-block-spacer\"><\/div>\n\n\n\n<p>Este agradeci\u00f3 el apoyo del GPS y record\u00f3 que, tal como lo manifest\u00f3 en Buenos Aires en el transcurso de la 11va. Conferencia Ministerial: \u201c<strong>todos somos la OMC, todos tenemos un inter\u00e9s igual en el sistema y un inter\u00e9s igual en garantizar que pueda continuar sirviendo a la gente de nuestros pa\u00edses<\/strong>, nuestras comunidades y el resto del mundo\u201d.<\/p>\n\n\n\n<p>En dicho encuentro se convino desarrollar un programa de actividades conjuntas, que incluyen la participaci\u00f3n de representantes del GPS en tres eventos de la OMC: el \u201cTrade Dialogue with Business\u201d organizado en Junio por la OMC y la C\u00e1mara Internacional de Comercio y l\u00edderes empresariales; una reuni\u00f3n informal en Junio sobre posibles formas de continuar las negociaciones agr\u00edcolas y en el Foro P\u00fablico de Octubre denominado \u201cEl Comercio en 2030\u201d.<\/p>\n\n\n\n<p>En la oportunidad se hizo amplia difusi\u00f3n de los cerca de cuarenta an\u00e1lisis y documentos, producidos por integrantes del GPS desde 2013, contribuyendo de esta forma a una divulgaci\u00f3n de los fines, estructura y alcance de la red.<\/p>\n\n\n\n<p>La delegaci\u00f3n del GPS estuvo constituida por Carla Antonelli, Secretaria GPS (ABPU) ; Lilian Cabrera, Gerente de la Uni\u00f3n de Gremios de la Producci\u00f3n del Paraguay, UGP; Luiz Cornacchioni, Director Ejecutivo de la Asociaci\u00f3n Brasile\u00f1a del Agronegocio ABAG, Horacio S\u00e1nchez Caballero coordinador general GPS; Guillermo Valles, coordinador GPS Uruguay. &nbsp;Tambi\u00e9n fueron parte de la visita el Embajador Jos\u00e9 Luis Cancela y Representante Permanente Alterna ante la OMC de la Rep\u00fablica Oriental del Uruguay Victoria Francolino.<\/p>","protected":false},"excerpt":{"rendered":"<p>Con una delegaci\u00f3n compuesta por representantes de los cap\u00edtulos de Argentina, Brasil, Paraguay y Uruguay y encabezada por el coordinador regional Horacio S\u00e1nchez Caballero, el GPS mantuvo un almuerzo de trabajo con el Director General de la Organizaci\u00f3n Mundial de Comercio (OMC) Roberto Azevedo. En el transcurso del encuentro el GPS manifest\u00f3 su decidido apoyo [&hellip;]<\/p>","protected":false},"author":2,"featured_media":2147,"comment_status":"closed","ping_status":"closed","sticky":false,"template":"","format":"standard","meta":{"footnotes":""},"categories":[19,25,23],"tags":[],"class_list":["post-2145","post","type-post","status-publish","format-standard","has-post-thumbnail","hentry","category-actividades","category-home","category-novedades"],"yoast_head":"<!-- This site is optimized with the Yoast SEO plugin v26.8 - https:\/\/yoast.com\/product\/yoast-seo-wordpress\/ -->\n<title>El GPS visita en Ginebra la Organizaci\u00f3n Mundial de Comercio y manifiesta su apoyo tanto al sistema multilateral como al Director General, Roberto Azevedo - GPS<\/title>\n<meta name=\"robots\" content=\"index, follow, max-snippet:-1, max-image-preview:large, max-video-preview:-1\" \/>\n<link rel=\"canonical\" href=\"https:\/\/grupogpps.org\/pt\/el-gps-visita-en-ginebra-la-organizacion-mundial-de-comercio-y-manifiesta-su-apoyo-tanto-al-sistema-multilateral-como-al-director-general-roberto-azevedo\/\" \/>\n<meta property=\"og:locale\" content=\"pt_BR\" \/>\n<meta property=\"og:type\" content=\"article\" \/>\n<meta property=\"og:title\" content=\"El GPS visita en Ginebra la Organizaci\u00f3n Mundial de Comercio y manifiesta su apoyo tanto al sistema multilateral como al Director General, Roberto Azevedo - GPS\" \/>\n<meta property=\"og:description\" content=\"Con una delegaci\u00f3n compuesta por representantes de los cap\u00edtulos de Argentina, Brasil, Paraguay y Uruguay y encabezada por el coordinador regional Horacio S\u00e1nchez Caballero, el GPS mantuvo un almuerzo de trabajo con el Director General de la Organizaci\u00f3n Mundial de Comercio (OMC) Roberto Azevedo. En el transcurso del encuentro el GPS manifest\u00f3 su decidido apoyo [&hellip;]\" \/>\n<meta property=\"og:url\" content=\"https:\/\/grupogpps.org\/pt\/el-gps-visita-en-ginebra-la-organizacion-mundial-de-comercio-y-manifiesta-su-apoyo-tanto-al-sistema-multilateral-como-al-director-general-roberto-azevedo\/\" \/>\n<meta property=\"og:site_name\" content=\"GPS\" \/>\n<meta property=\"article:publisher\" content=\"https:\/\/www.linkedin.com\/company\/25037162\/\" \/>\n<meta property=\"article:published_time\" content=\"2018-05-28T15:30:55+00:00\" \/>\n<meta property=\"article:modified_time\" content=\"2021-07-06T13:17:31+00:00\" \/>\n<meta property=\"og:image\" content=\"https:\/\/grupogpps.org\/wp-content\/uploads\/2018\/05\/OMC-Director-General-Roberto-Carvalho-de-Azev\u00eado-1-scaled.jpg\" \/>\n\t<meta property=\"og:image:width\" content=\"2560\" \/>\n\t<meta property=\"og:image:height\" content=\"1440\" \/>\n\t<meta property=\"og:image:type\" content=\"image\/jpeg\" \/>\n<meta name=\"author\" content=\"GPS GPS\" \/>\n<meta name=\"twitter:card\" content=\"summary_large_image\" \/>\n<meta name=\"twitter:creator\" content=\"@GPSLatinAmerica\" \/>\n<meta name=\"twitter:site\" content=\"@GPSLatinAmerica\" \/>\n<meta name=\"twitter:label1\" content=\"Escrito por\" \/>\n\t<meta name=\"twitter:data1\" content=\"GPS GPS\" \/>\n\t<meta name=\"twitter:label2\" content=\"Est. tempo de leitura\" \/>\n\t<meta name=\"twitter:data2\" content=\"2 minutos\" \/>\n<script type=\"application\/ld+json\" class=\"yoast-schema-graph\">{\"@context\":\"https:\/\/schema.org\",\"@graph\":[{\"@type\":\"Article\",\"@id\":\"https:\/\/grupogpps.org\/el-gps-visita-en-ginebra-la-organizacion-mundial-de-comercio-y-manifiesta-su-apoyo-tanto-al-sistema-multilateral-como-al-director-general-roberto-azevedo\/#article\",\"isPartOf\":{\"@id\":\"https:\/\/grupogpps.org\/el-gps-visita-en-ginebra-la-organizacion-mundial-de-comercio-y-manifiesta-su-apoyo-tanto-al-sistema-multilateral-como-al-director-general-roberto-azevedo\/\"},\"author\":{\"name\":\"GPS GPS\",\"@id\":\"https:\/\/grupogpps.org\/#\/schema\/person\/faaafcd24616dff095821c72659ce41f\"},\"headline\":\"El GPS visita en Ginebra la Organizaci\u00f3n Mundial de Comercio y manifiesta su apoyo tanto al sistema multilateral como al Director General, Roberto Azevedo\",\"datePublished\":\"2018-05-28T15:30:55+00:00\",\"dateModified\":\"2021-07-06T13:17:31+00:00\",\"mainEntityOfPage\":{\"@id\":\"https:\/\/grupogpps.org\/el-gps-visita-en-ginebra-la-organizacion-mundial-de-comercio-y-manifiesta-su-apoyo-tanto-al-sistema-multilateral-como-al-director-general-roberto-azevedo\/\"},\"wordCount\":438,\"publisher\":{\"@id\":\"https:\/\/grupogpps.org\/#organization\"},\"image\":{\"@id\":\"https:\/\/grupogpps.org\/el-gps-visita-en-ginebra-la-organizacion-mundial-de-comercio-y-manifiesta-su-apoyo-tanto-al-sistema-multilateral-como-al-director-general-roberto-azevedo\/#primaryimage\"},\"thumbnailUrl\":\"https:\/\/grupogpps.org\/wp-content\/uploads\/2018\/05\/OMC-Director-General-Roberto-Carvalho-de-Azev\u00eado-1-scaled.jpg\",\"articleSection\":[\"Actividades\",\"Home\",\"Novedades\"],\"inLanguage\":\"pt-BR\"},{\"@type\":\"WebPage\",\"@id\":\"https:\/\/grupogpps.org\/el-gps-visita-en-ginebra-la-organizacion-mundial-de-comercio-y-manifiesta-su-apoyo-tanto-al-sistema-multilateral-como-al-director-general-roberto-azevedo\/\",\"url\":\"https:\/\/grupogpps.org\/el-gps-visita-en-ginebra-la-organizacion-mundial-de-comercio-y-manifiesta-su-apoyo-tanto-al-sistema-multilateral-como-al-director-general-roberto-azevedo\/\",\"name\":\"El GPS visita en Ginebra la Organizaci\u00f3n Mundial de Comercio y manifiesta su apoyo tanto al sistema multilateral como al Director General, Roberto Azevedo - GPS\",\"isPartOf\":{\"@id\":\"https:\/\/grupogpps.org\/#website\"},\"primaryImageOfPage\":{\"@id\":\"https:\/\/grupogpps.org\/el-gps-visita-en-ginebra-la-organizacion-mundial-de-comercio-y-manifiesta-su-apoyo-tanto-al-sistema-multilateral-como-al-director-general-roberto-azevedo\/#primaryimage\"},\"image\":{\"@id\":\"https:\/\/grupogpps.org\/el-gps-visita-en-ginebra-la-organizacion-mundial-de-comercio-y-manifiesta-su-apoyo-tanto-al-sistema-multilateral-como-al-director-general-roberto-azevedo\/#primaryimage\"},\"thumbnailUrl\":\"https:\/\/grupogpps.org\/wp-content\/uploads\/2018\/05\/OMC-Director-General-Roberto-Carvalho-de-Azev\u00eado-1-scaled.jpg\",\"datePublished\":\"2018-05-28T15:30:55+00:00\",\"dateModified\":\"2021-07-06T13:17:31+00:00\",\"breadcrumb\":{\"@id\":\"https:\/\/grupogpps.org\/el-gps-visita-en-ginebra-la-organizacion-mundial-de-comercio-y-manifiesta-su-apoyo-tanto-al-sistema-multilateral-como-al-director-general-roberto-azevedo\/#breadcrumb\"},\"inLanguage\":\"pt-BR\",\"potentialAction\":[{\"@type\":\"ReadAction\",\"target\":[\"https:\/\/grupogpps.org\/el-gps-visita-en-ginebra-la-organizacion-mundial-de-comercio-y-manifiesta-su-apoyo-tanto-al-sistema-multilateral-como-al-director-general-roberto-azevedo\/\"]}]},{\"@type\":\"ImageObject\",\"inLanguage\":\"pt-BR\",\"@id\":\"https:\/\/grupogpps.org\/el-gps-visita-en-ginebra-la-organizacion-mundial-de-comercio-y-manifiesta-su-apoyo-tanto-al-sistema-multilateral-como-al-director-general-roberto-azevedo\/#primaryimage\",\"url\":\"https:\/\/grupogpps.org\/wp-content\/uploads\/2018\/05\/OMC-Director-General-Roberto-Carvalho-de-Azev\u00eado-1-scaled.jpg\",\"contentUrl\":\"https:\/\/grupogpps.org\/wp-content\/uploads\/2018\/05\/OMC-Director-General-Roberto-Carvalho-de-Azev\u00eado-1-scaled.jpg\",\"width\":2560,\"height\":1440,\"caption\":\"OMC Director General Roberto Carvalho de Azev\u00eado 1\"},{\"@type\":\"BreadcrumbList\",\"@id\":\"https:\/\/grupogpps.org\/el-gps-visita-en-ginebra-la-organizacion-mundial-de-comercio-y-manifiesta-su-apoyo-tanto-al-sistema-multilateral-como-al-director-general-roberto-azevedo\/#breadcrumb\",\"itemListElement\":[{\"@type\":\"ListItem\",\"position\":1,\"name\":\"Inicio\",\"item\":\"https:\/\/grupogpps.org\/\"},{\"@type\":\"ListItem\",\"position\":2,\"name\":\"El GPS visita en Ginebra la Organizaci\u00f3n Mundial de Comercio y manifiesta su apoyo tanto al sistema multilateral como al Director General, Roberto Azevedo\"}]},{\"@type\":\"WebSite\",\"@id\":\"https:\/\/grupogpps.org\/#website\",\"url\":\"https:\/\/grupogpps.org\/\",\"name\":\"GPS\",\"description\":\"Grupo de pa\u00edses productores del sur\",\"publisher\":{\"@id\":\"https:\/\/grupogpps.org\/#organization\"},\"potentialAction\":[{\"@type\":\"SearchAction\",\"target\":{\"@type\":\"EntryPoint\",\"urlTemplate\":\"https:\/\/grupogpps.org\/?s={search_term_string}\"},\"query-input\":{\"@type\":\"PropertyValueSpecification\",\"valueRequired\":true,\"valueName\":\"search_term_string\"}}],\"inLanguage\":\"pt-BR\"},{\"@type\":\"Organization\",\"@id\":\"https:\/\/grupogpps.org\/#organization\",\"name\":\"GPS - Grupo de pa\u00edses productores del sur\",\"url\":\"https:\/\/grupogpps.org\/\",\"logo\":{\"@type\":\"ImageObject\",\"inLanguage\":\"pt-BR\",\"@id\":\"https:\/\/grupogpps.org\/#\/schema\/logo\/image\/\",\"url\":\"http:\/\/grupogpps.org\/wp-content\/uploads\/2021\/06\/logoGPS3.svg\",\"contentUrl\":\"http:\/\/grupogpps.org\/wp-content\/uploads\/2021\/06\/logoGPS3.svg\",\"width\":1,\"height\":1,\"caption\":\"GPS - Grupo de pa\u00edses productores del sur\"},\"image\":{\"@id\":\"https:\/\/grupogpps.org\/#\/schema\/logo\/image\/\"},\"sameAs\":[\"https:\/\/www.linkedin.com\/company\/25037162\/\",\"https:\/\/x.com\/GPSLatinAmerica\",\"https:\/\/www.instagram.com\/gpslatin\/\",\"https:\/\/www.youtube.com\/channel\/UCM2Qf0jSqNRJRkqmU8dO9QA\/videos\"]},{\"@type\":\"Person\",\"@id\":\"https:\/\/grupogpps.org\/#\/schema\/person\/faaafcd24616dff095821c72659ce41f\",\"name\":\"GPS GPS\",\"url\":\"https:\/\/grupogpps.org\/pt\/author\/gps\/\"}]}<\/script>\n<!-- \/ Yoast SEO plugin. -->","yoast_head_json":{"title":"El GPS visita en Ginebra la Organizaci\u00f3n Mundial de Comercio y manifiesta su apoyo tanto al sistema multilateral como al Director General, Roberto Azevedo - GPS","robots":{"index":"index","follow":"follow","max-snippet":"max-snippet:-1","max-image-preview":"max-image-preview:large","max-video-preview":"max-video-preview:-1"},"canonical":"https:\/\/grupogpps.org\/pt\/el-gps-visita-en-ginebra-la-organizacion-mundial-de-comercio-y-manifiesta-su-apoyo-tanto-al-sistema-multilateral-como-al-director-general-roberto-azevedo\/","og_locale":"pt_BR","og_type":"article","og_title":"El GPS visita en Ginebra la Organizaci\u00f3n Mundial de Comercio y manifiesta su apoyo tanto al sistema multilateral como al Director General, Roberto Azevedo - GPS","og_description":"Con una delegaci\u00f3n compuesta por representantes de los cap\u00edtulos de Argentina, Brasil, Paraguay y Uruguay y encabezada por el coordinador regional Horacio S\u00e1nchez Caballero, el GPS mantuvo un almuerzo de trabajo con el Director General de la Organizaci\u00f3n Mundial de Comercio (OMC) Roberto Azevedo. En el transcurso del encuentro el GPS manifest\u00f3 su decidido apoyo [&hellip;]","og_url":"https:\/\/grupogpps.org\/pt\/el-gps-visita-en-ginebra-la-organizacion-mundial-de-comercio-y-manifiesta-su-apoyo-tanto-al-sistema-multilateral-como-al-director-general-roberto-azevedo\/","og_site_name":"GPS","article_publisher":"https:\/\/www.linkedin.com\/company\/25037162\/","article_published_time":"2018-05-28T15:30:55+00:00","article_modified_time":"2021-07-06T13:17:31+00:00","og_image":[{"width":2560,"height":1440,"url":"https:\/\/grupogpps.org\/wp-content\/uploads\/2018\/05\/OMC-Director-General-Roberto-Carvalho-de-Azev\u00eado-1-scaled.jpg","type":"image\/jpeg"}],"author":"GPS GPS","twitter_card":"summary_large_image","twitter_creator":"@GPSLatinAmerica","twitter_site":"@GPSLatinAmerica","twitter_misc":{"Escrito por":"GPS GPS","Est. tempo de leitura":"2 minutos"},"schema":{"@context":"https:\/\/schema.org","@graph":[{"@type":"Article","@id":"https:\/\/grupogpps.org\/el-gps-visita-en-ginebra-la-organizacion-mundial-de-comercio-y-manifiesta-su-apoyo-tanto-al-sistema-multilateral-como-al-director-general-roberto-azevedo\/#article","isPartOf":{"@id":"https:\/\/grupogpps.org\/el-gps-visita-en-ginebra-la-organizacion-mundial-de-comercio-y-manifiesta-su-apoyo-tanto-al-sistema-multilateral-como-al-director-general-roberto-azevedo\/"},"author":{"name":"GPS GPS","@id":"https:\/\/grupogpps.org\/#\/schema\/person\/faaafcd24616dff095821c72659ce41f"},"headline":"El GPS visita en Ginebra la Organizaci\u00f3n Mundial de Comercio y manifiesta su apoyo tanto al sistema multilateral como al Director General, Roberto Azevedo","datePublished":"2018-05-28T15:30:55+00:00","dateModified":"2021-07-06T13:17:31+00:00","mainEntityOfPage":{"@id":"https:\/\/grupogpps.org\/el-gps-visita-en-ginebra-la-organizacion-mundial-de-comercio-y-manifiesta-su-apoyo-tanto-al-sistema-multilateral-como-al-director-general-roberto-azevedo\/"},"wordCount":438,"publisher":{"@id":"https:\/\/grupogpps.org\/#organization"},"image":{"@id":"https:\/\/grupogpps.org\/el-gps-visita-en-ginebra-la-organizacion-mundial-de-comercio-y-manifiesta-su-apoyo-tanto-al-sistema-multilateral-como-al-director-general-roberto-azevedo\/#primaryimage"},"thumbnailUrl":"https:\/\/grupogpps.org\/wp-content\/uploads\/2018\/05\/OMC-Director-General-Roberto-Carvalho-de-Azev\u00eado-1-scaled.jpg","articleSection":["Actividades","Home","Novedades"],"inLanguage":"pt-BR"},{"@type":"WebPage","@id":"https:\/\/grupogpps.org\/el-gps-visita-en-ginebra-la-organizacion-mundial-de-comercio-y-manifiesta-su-apoyo-tanto-al-sistema-multilateral-como-al-director-general-roberto-azevedo\/","url":"https:\/\/grupogpps.org\/el-gps-visita-en-ginebra-la-organizacion-mundial-de-comercio-y-manifiesta-su-apoyo-tanto-al-sistema-multilateral-como-al-director-general-roberto-azevedo\/","name":"El GPS visita en Ginebra la Organizaci\u00f3n Mundial de Comercio y manifiesta su apoyo tanto al sistema multilateral como al Director General, Roberto Azevedo - GPS","isPartOf":{"@id":"https:\/\/grupogpps.org\/#website"},"primaryImageOfPage":{"@id":"https:\/\/grupogpps.org\/el-gps-visita-en-ginebra-la-organizacion-mundial-de-comercio-y-manifiesta-su-apoyo-tanto-al-sistema-multilateral-como-al-director-general-roberto-azevedo\/#primaryimage"},"image":{"@id":"https:\/\/grupogpps.org\/el-gps-visita-en-ginebra-la-organizacion-mundial-de-comercio-y-manifiesta-su-apoyo-tanto-al-sistema-multilateral-como-al-director-general-roberto-azevedo\/#primaryimage"},"thumbnailUrl":"https:\/\/grupogpps.org\/wp-content\/uploads\/2018\/05\/OMC-Director-General-Roberto-Carvalho-de-Azev\u00eado-1-scaled.jpg","datePublished":"2018-05-28T15:30:55+00:00","dateModified":"2021-07-06T13:17:31+00:00","breadcrumb":{"@id":"https:\/\/grupogpps.org\/el-gps-visita-en-ginebra-la-organizacion-mundial-de-comercio-y-manifiesta-su-apoyo-tanto-al-sistema-multilateral-como-al-director-general-roberto-azevedo\/#breadcrumb"},"inLanguage":"pt-BR","potentialAction":[{"@type":"ReadAction","target":["https:\/\/grupogpps.org\/el-gps-visita-en-ginebra-la-organizacion-mundial-de-comercio-y-manifiesta-su-apoyo-tanto-al-sistema-multilateral-como-al-director-general-roberto-azevedo\/"]}]},{"@type":"ImageObject","inLanguage":"pt-BR","@id":"https:\/\/grupogpps.org\/el-gps-visita-en-ginebra-la-organizacion-mundial-de-comercio-y-manifiesta-su-apoyo-tanto-al-sistema-multilateral-como-al-director-general-roberto-azevedo\/#primaryimage","url":"https:\/\/grupogpps.org\/wp-content\/uploads\/2018\/05\/OMC-Director-General-Roberto-Carvalho-de-Azev\u00eado-1-scaled.jpg","contentUrl":"https:\/\/grupogpps.org\/wp-content\/uploads\/2018\/05\/OMC-Director-General-Roberto-Carvalho-de-Azev\u00eado-1-scaled.jpg","width":2560,"height":1440,"caption":"OMC Director General Roberto Carvalho de Azev\u00eado 1"},{"@type":"BreadcrumbList","@id":"https:\/\/grupogpps.org\/el-gps-visita-en-ginebra-la-organizacion-mundial-de-comercio-y-manifiesta-su-apoyo-tanto-al-sistema-multilateral-como-al-director-general-roberto-azevedo\/#breadcrumb","itemListElement":[{"@type":"ListItem","position":1,"name":"Inicio","item":"https:\/\/grupogpps.org\/"},{"@type":"ListItem","position":2,"name":"El GPS visita en Ginebra la Organizaci\u00f3n Mundial de Comercio y manifiesta su apoyo tanto al sistema multilateral como al Director General, Roberto Azevedo"}]},{"@type":"WebSite","@id":"https:\/\/grupogpps.org\/#website","url":"https:\/\/grupogpps.org\/","name":"GPS","description":"Grupo de pa\u00edses productores del sur","publisher":{"@id":"https:\/\/grupogpps.org\/#organization"},"potentialAction":[{"@type":"SearchAction","target":{"@type":"EntryPoint","urlTemplate":"https:\/\/grupogpps.org\/?s={search_term_string}"},"query-input":{"@type":"PropertyValueSpecification","valueRequired":true,"valueName":"search_term_string"}}],"inLanguage":"pt-BR"},{"@type":"Organization","@id":"https:\/\/grupogpps.org\/#organization","name":"GPS - Grupo de pa\u00edses productores del sur","url":"https:\/\/grupogpps.org\/","logo":{"@type":"ImageObject","inLanguage":"pt-BR","@id":"https:\/\/grupogpps.org\/#\/schema\/logo\/image\/","url":"http:\/\/grupogpps.org\/wp-content\/uploads\/2021\/06\/logoGPS3.svg","contentUrl":"http:\/\/grupogpps.org\/wp-content\/uploads\/2021\/06\/logoGPS3.svg","width":1,"height":1,"caption":"GPS - Grupo de pa\u00edses productores del sur"},"image":{"@id":"https:\/\/grupogpps.org\/#\/schema\/logo\/image\/"},"sameAs":["https:\/\/www.linkedin.com\/company\/25037162\/","https:\/\/x.com\/GPSLatinAmerica","https:\/\/www.instagram.com\/gpslatin\/","https:\/\/www.youtube.com\/channel\/UCM2Qf0jSqNRJRkqmU8dO9QA\/videos"]},{"@type":"Person","@id":"https:\/\/grupogpps.org\/#\/schema\/person\/faaafcd24616dff095821c72659ce41f","name":"GPS GPS","url":"https:\/\/grupogpps.org\/pt\/author\/gps\/"}]}},"_links":{"self":[{"href":"https:\/\/grupogpps.org\/pt\/wp-json\/wp\/v2\/posts\/2145","targetHints":{"allow":["GET"]}}],"collection":[{"href":"https:\/\/grupogpps.org\/pt\/wp-json\/wp\/v2\/posts"}],"about":[{"href":"https:\/\/grupogpps.org\/pt\/wp-json\/wp\/v2\/types\/post"}],"author":[{"embeddable":true,"href":"https:\/\/grupogpps.org\/pt\/wp-json\/wp\/v2\/users\/2"}],"replies":[{"embeddable":true,"href":"https:\/\/grupogpps.org\/pt\/wp-json\/wp\/v2\/comments?post=2145"}],"version-history":[{"count":1,"href":"https:\/\/grupogpps.org\/pt\/wp-json\/wp\/v2\/posts\/2145\/revisions"}],"predecessor-version":[{"id":2961,"href":"https:\/\/grupogpps.org\/pt\/wp-json\/wp\/v2\/posts\/2145\/revisions\/2961"}],"wp:featuredmedia":[{"embeddable":true,"href":"https:\/\/grupogpps.org\/pt\/wp-json\/wp\/v2\/media\/2147"}],"wp:attachment":[{"href":"https:\/\/grupogpps.org\/pt\/wp-json\/wp\/v2\/media?parent=2145"}],"wp:term":[{"taxonomy":"category","embeddable":true,"href":"https:\/\/grupogpps.org\/pt\/wp-json\/wp\/v2\/categories?post=2145"},{"taxonomy":"post_tag","embeddable":true,"href":"https:\/\/grupogpps.org\/pt\/wp-json\/wp\/v2\/tags?post=2145"}],"curies":[{"name":"wp","href":"https:\/\/api.w.org\/{rel}","templated":true}]}}