{"id":2140,"date":"2018-05-28T12:51:35","date_gmt":"2018-05-28T15:51:35","guid":{"rendered":"http:\/\/grupogpps.org\/?p=1043"},"modified":"2021-07-06T10:15:10","modified_gmt":"2021-07-06T13:15:10","slug":"el-g-p-s-visita-en-ginebra-las-principales-instituciones-multilaterales-de-comercio-y-manifiesta-su-apoyo-tanto-al-sistema-como-a-los-esfuerzos-de-sus-autoridades","status":"publish","type":"post","link":"https:\/\/grupogpps.org\/pt\/el-g-p-s-visita-en-ginebra-las-principales-instituciones-multilaterales-de-comercio-y-manifiesta-su-apoyo-tanto-al-sistema-como-a-los-esfuerzos-de-sus-autoridades\/","title":{"rendered":"El GPS visita en Ginebra las principales instituciones multilaterales de comercio y manifiesta su apoyo tanto al sistema, como a los esfuerzos de sus autoridades"},"content":{"rendered":"<p>Con una delegaci\u00f3n compuesta por representantes de los cap\u00edtulos de Argentina, Brasil, Paraguay y Uruguay y encabezada por el coordinador regional Horacio S\u00e1nchez Caballero, el GPS visit\u00f3 Ginebra entre el 9 y el 15 de mayo y mantuvo extensas entrevistas en la Organizaci\u00f3n Mundial de Comercio, la Conferencia de Naciones Unidas para el Comercio y el Desarrollo, la Organizaci\u00f3n Mundial de la Propiedad Intelectual, el Centro de Comercio Internacional y el Centro Internacional para el Comercio y el Desarrollo Sostenible.<\/p>\n\n\n\n<p><strong>En el transcurso de los encuentros el GPS manifest\u00f3 su decidido apoyo a las instituciones del Sistema Multilateral de Comercio, jaqueado hoy por el creciente proteccionismo y el debilitamiento institucional.<\/strong><\/p>\n\n\n\n<p>Con el Director General de la OMC, Roberto Azevedo, se coincidi\u00f3 en que este es un momento en que el mundo necesita defensores del comercio y de la cooperaci\u00f3n multilateral, visto los avances del unilateralismo y el proteccionismo comercial. El GPS reconoci\u00f3 los esfuerzos del Sr. Director General en promover y fortalecer el rol y la relevancia de la OMC, tanto por sus funciones normativas, como por su sistema de soluci\u00f3n de diferencias comerciales. Este agradeci\u00f3 el apoyo del GPS y record\u00f3 que, tal como lo manifest\u00f3 en Buenos Aires en el transcurso de la 11va. Conferencia Ministerial: \u201c<strong>todos somos la OMC, todos tenemos un inter\u00e9s igual en el sistema y un inter\u00e9s igual en garantizar que pueda continuar sirviendo a la gente de nuestros pa\u00edses<\/strong>, nuestras comunidades y el resto del mundo\u201d. En dicho encuentro se convino desarrollar un programa de actividades conjuntas, que incluyen la participaci\u00f3n de representantes del GPS en tres eventos: el \u201cTrade Dialogue with Business\u201d organizado en Junio por la OMC, la C\u00e1mara Internacional de Comercio y l\u00edderes empresariales; una reuni\u00f3n informal en Junio sobre posibles formas de continuar las negociaciones agr\u00edcolas y en el Foro P\u00fablico de Octubre denominado \u201cEl Comercio Internacional en el 2030\u201d.<\/p>\n\n\n\n<div style=\"height:20px\" aria-hidden=\"true\" class=\"wp-block-spacer\"><\/div>\n\n\n\n<figure class=\"wp-block-gallery aligncenter columns-2 is-cropped wp-block-gallery-1 is-layout-flex wp-block-gallery-is-layout-flex\"><ul class=\"blocks-gallery-grid\"><li class=\"blocks-gallery-item\"><figure><a href=\"http:\/\/grupogpps.org\/wp-content\/uploads\/2018\/05\/el-g-p-s-visita-en-ginebra-1.jpg\"><img loading=\"lazy\" decoding=\"async\" width=\"1024\" height=\"576\" src=\"http:\/\/grupogpps.org\/wp-content\/uploads\/2018\/05\/el-g-p-s-visita-en-ginebra-1.jpg\" alt=\"\" data-id=\"2956\" data-full-url=\"http:\/\/grupogpps.org\/wp-content\/uploads\/2018\/05\/el-g-p-s-visita-en-ginebra-1.jpg\" data-link=\"http:\/\/grupogpps.org\/2018\/05\/28\/el-g-p-s-visita-en-ginebra-las-principales-instituciones-multilaterales-de-comercio-y-manifiesta-su-apoyo-tanto-al-sistema-como-a-los-esfuerzos-de-sus-autoridades\/el-g-p-s-visita-en-ginebra-1\/\" class=\"wp-image-2956\" srcset=\"https:\/\/grupogpps.org\/wp-content\/uploads\/2018\/05\/el-g-p-s-visita-en-ginebra-1.jpg 1024w, https:\/\/grupogpps.org\/wp-content\/uploads\/2018\/05\/el-g-p-s-visita-en-ginebra-1-300x169.jpg 300w, https:\/\/grupogpps.org\/wp-content\/uploads\/2018\/05\/el-g-p-s-visita-en-ginebra-1-768x432.jpg 768w, https:\/\/grupogpps.org\/wp-content\/uploads\/2018\/05\/el-g-p-s-visita-en-ginebra-1-16x9.jpg 16w\" sizes=\"auto, (max-width: 1024px) 100vw, 1024px\" \/><\/a><\/figure><\/li><li class=\"blocks-gallery-item\"><figure><a href=\"http:\/\/grupogpps.org\/wp-content\/uploads\/2018\/05\/el-g-p-s-visita-en-ginebra-3.jpg\"><img loading=\"lazy\" decoding=\"async\" width=\"576\" height=\"1024\" src=\"http:\/\/grupogpps.org\/wp-content\/uploads\/2018\/05\/el-g-p-s-visita-en-ginebra-3.jpg\" alt=\"\" data-id=\"2955\" data-full-url=\"http:\/\/grupogpps.org\/wp-content\/uploads\/2018\/05\/el-g-p-s-visita-en-ginebra-3.jpg\" data-link=\"http:\/\/grupogpps.org\/2018\/05\/28\/el-g-p-s-visita-en-ginebra-las-principales-instituciones-multilaterales-de-comercio-y-manifiesta-su-apoyo-tanto-al-sistema-como-a-los-esfuerzos-de-sus-autoridades\/el-g-p-s-visita-en-ginebra-3\/\" class=\"wp-image-2955\" srcset=\"https:\/\/grupogpps.org\/wp-content\/uploads\/2018\/05\/el-g-p-s-visita-en-ginebra-3.jpg 576w, https:\/\/grupogpps.org\/wp-content\/uploads\/2018\/05\/el-g-p-s-visita-en-ginebra-3-169x300.jpg 169w, https:\/\/grupogpps.org\/wp-content\/uploads\/2018\/05\/el-g-p-s-visita-en-ginebra-3-7x12.jpg 7w\" sizes=\"auto, (max-width: 576px) 100vw, 576px\" \/><\/a><\/figure><\/li><\/ul><\/figure>\n\n\n\n<div style=\"height:20px\" aria-hidden=\"true\" class=\"wp-block-spacer\"><\/div>\n\n\n\n<p>Con el Secretario General de la UNCTAD, Mukhisa Kituyi, se vertieron iguales conceptos coincidiendo en que es necesario mantenerse fiel al mandato de la OMC y de la Agenda 2030 de las NNUU, para poder entre todos erradicar la pobreza y el hambre. Ambas partes coincidieron en que <strong>la seguridad alimentaria es un grav\u00edsimo problema humanitario que no solamente requiere de soluciones t\u00e9cnicas.<\/strong> Por el contrario, es una cuesti\u00f3n altamente pol\u00edtica ante la cual la comunidad internacional aun hoy no ha sido capaz de dar una respuesta coherente y coordinada. Por lo tanto hay que fortalecer la gobernanza global y priorizar la seguridad alimentaria en la agenda internacional y el rol del comercio internacional. El Dr Kituyi, reconociendo la importancia de la red y de la regi\u00f3n como principal exportadora neta de alimentos, invit\u00f3 al GPS a participar del pr\u00f3ximo Foro Mundial de Commodities el a\u00f1o 2019.<\/p>\n\n\n\n<p>Con la Directora Ejecutiva del Centro de Comercio Internacional, Arancha Gonz\u00e1lez, se convers\u00f3 tanto de los riesgos actuales, como de las continuadas oportunidades de comercio e inversi\u00f3n para el desarrollo, en particular para las peque\u00f1as y medianas empresas productoras de bienes y servicios. La Directora destac\u00f3 el liderazgo del GPS al promover una visi\u00f3n de mediano y largo plazo, en la consecuci\u00f3n de la seguridad alimentaria a nivel mundial. Interesada en promover la cooperaci\u00f3n bilateral, invit\u00f3 al GPS a participar en el Foro de Comercio Sostenible y mantener contactos a nivel t\u00e9cnico.<\/p>\n\n\n\n<p>Similares ideas y conceptos fueron debatidos con el Director Ejecutivo del ICTSD Ricardo Mel\u00e9ndez y el Director General Adjunto de la OMPI Mario Matus Baeza, con quienes se explor\u00f3 en particular la idea de promover un di\u00e1logo entre pa\u00edses exportadores e importadores netos de alimentos. El Sr Mel\u00e9ndez, reconociendo la importancia y necesidad de dicho di\u00e1logo plante\u00f3 varias ideas a fin de explorar la posibilidad concreta de dicho di\u00e1logo entre actores del sector privado importador y exportador.<\/p>\n\n\n\n<p>En todas estas oportunidades se hizo amplia difusi\u00f3n de los cerca de cuarenta an\u00e1lisis y documentos, producidos por integrantes del GPS desde 2013, contribuyendo de esta forma a una divulgaci\u00f3n de los fines, estructura y alcance de la red.<\/p>\n\n\n\n<p>La delegaci\u00f3n del GPS estuvo constituida por Carla Antonelli, Secretaria GPS (ABPU) ; Lilian Cabrera, Gerente de la Uni\u00f3n de Gremios de la Producci\u00f3n del Paraguay, UGP; Luiz Cornacchioni, Director Ejecutivo de la Asociaci\u00f3n Brasile\u00f1a del Agronegocio ABAG,&nbsp;Horacio S\u00e1nchez Caballero coordinador general GPS; Guillermo Valles, coordinador GPS Uruguay.<\/p>","protected":false},"excerpt":{"rendered":"<p>Con una delegaci\u00f3n compuesta por representantes de los cap\u00edtulos de Argentina, Brasil, Paraguay y Uruguay y encabezada por el coordinador regional Horacio S\u00e1nchez Caballero, el GPS visit\u00f3 Ginebra entre el 9 y el 15 de mayo y mantuvo extensas entrevistas en la Organizaci\u00f3n Mundial de Comercio, la Conferencia de Naciones Unidas para el Comercio y [&hellip;]<\/p>","protected":false},"author":2,"featured_media":2957,"comment_status":"closed","ping_status":"closed","sticky":false,"template":"","format":"standard","meta":{"footnotes":""},"categories":[19,25,23],"tags":[],"class_list":["post-2140","post","type-post","status-publish","format-standard","has-post-thumbnail","hentry","category-actividades","category-home","category-novedades"],"yoast_head":"<!-- This site is optimized with the Yoast SEO plugin v26.8 - https:\/\/yoast.com\/product\/yoast-seo-wordpress\/ -->\n<title>El GPS visita en Ginebra las principales instituciones multilaterales de comercio y manifiesta su apoyo tanto al sistema, como a los esfuerzos de sus autoridades - GPS<\/title>\n<meta name=\"robots\" content=\"index, follow, max-snippet:-1, max-image-preview:large, max-video-preview:-1\" \/>\n<link rel=\"canonical\" href=\"https:\/\/grupogpps.org\/pt\/el-g-p-s-visita-en-ginebra-las-principales-instituciones-multilaterales-de-comercio-y-manifiesta-su-apoyo-tanto-al-sistema-como-a-los-esfuerzos-de-sus-autoridades\/\" \/>\n<meta property=\"og:locale\" content=\"pt_BR\" \/>\n<meta property=\"og:type\" content=\"article\" \/>\n<meta property=\"og:title\" content=\"El GPS visita en Ginebra las principales instituciones multilaterales de comercio y manifiesta su apoyo tanto al sistema, como a los esfuerzos de sus autoridades - GPS\" \/>\n<meta property=\"og:description\" content=\"Con una delegaci\u00f3n compuesta por representantes de los cap\u00edtulos de Argentina, Brasil, Paraguay y Uruguay y encabezada por el coordinador regional Horacio S\u00e1nchez Caballero, el GPS visit\u00f3 Ginebra entre el 9 y el 15 de mayo y mantuvo extensas entrevistas en la Organizaci\u00f3n Mundial de Comercio, la Conferencia de Naciones Unidas para el Comercio y [&hellip;]\" \/>\n<meta property=\"og:url\" content=\"https:\/\/grupogpps.org\/pt\/el-g-p-s-visita-en-ginebra-las-principales-instituciones-multilaterales-de-comercio-y-manifiesta-su-apoyo-tanto-al-sistema-como-a-los-esfuerzos-de-sus-autoridades\/\" \/>\n<meta property=\"og:site_name\" content=\"GPS\" \/>\n<meta property=\"article:publisher\" content=\"https:\/\/www.linkedin.com\/company\/25037162\/\" \/>\n<meta property=\"article:published_time\" content=\"2018-05-28T15:51:35+00:00\" \/>\n<meta property=\"article:modified_time\" content=\"2021-07-06T13:15:10+00:00\" \/>\n<meta property=\"og:image\" content=\"https:\/\/grupogpps.org\/wp-content\/uploads\/2018\/05\/el-g-p-s-visita-en-ginebra-2.jpg\" \/>\n\t<meta property=\"og:image:width\" content=\"1024\" \/>\n\t<meta property=\"og:image:height\" content=\"576\" \/>\n\t<meta property=\"og:image:type\" content=\"image\/jpeg\" \/>\n<meta name=\"author\" content=\"GPS GPS\" \/>\n<meta name=\"twitter:card\" content=\"summary_large_image\" \/>\n<meta name=\"twitter:creator\" content=\"@GPSLatinAmerica\" \/>\n<meta name=\"twitter:site\" content=\"@GPSLatinAmerica\" \/>\n<meta name=\"twitter:label1\" content=\"Escrito por\" \/>\n\t<meta name=\"twitter:data1\" content=\"GPS GPS\" \/>\n\t<meta name=\"twitter:label2\" content=\"Est. tempo de leitura\" \/>\n\t<meta name=\"twitter:data2\" content=\"4 minutos\" \/>\n<script type=\"application\/ld+json\" class=\"yoast-schema-graph\">{\"@context\":\"https:\/\/schema.org\",\"@graph\":[{\"@type\":\"Article\",\"@id\":\"https:\/\/grupogpps.org\/en\/el-g-p-s-visita-en-ginebra-las-principales-instituciones-multilaterales-de-comercio-y-manifiesta-su-apoyo-tanto-al-sistema-como-a-los-esfuerzos-de-sus-autoridades\/#article\",\"isPartOf\":{\"@id\":\"https:\/\/grupogpps.org\/en\/el-g-p-s-visita-en-ginebra-las-principales-instituciones-multilaterales-de-comercio-y-manifiesta-su-apoyo-tanto-al-sistema-como-a-los-esfuerzos-de-sus-autoridades\/\"},\"author\":{\"name\":\"GPS GPS\",\"@id\":\"https:\/\/grupogpps.org\/#\/schema\/person\/faaafcd24616dff095821c72659ce41f\"},\"headline\":\"El GPS visita en Ginebra las principales instituciones multilaterales de comercio y manifiesta su apoyo tanto al sistema, como a los esfuerzos de sus autoridades\",\"datePublished\":\"2018-05-28T15:51:35+00:00\",\"dateModified\":\"2021-07-06T13:15:10+00:00\",\"mainEntityOfPage\":{\"@id\":\"https:\/\/grupogpps.org\/en\/el-g-p-s-visita-en-ginebra-las-principales-instituciones-multilaterales-de-comercio-y-manifiesta-su-apoyo-tanto-al-sistema-como-a-los-esfuerzos-de-sus-autoridades\/\"},\"wordCount\":779,\"publisher\":{\"@id\":\"https:\/\/grupogpps.org\/#organization\"},\"image\":{\"@id\":\"https:\/\/grupogpps.org\/en\/el-g-p-s-visita-en-ginebra-las-principales-instituciones-multilaterales-de-comercio-y-manifiesta-su-apoyo-tanto-al-sistema-como-a-los-esfuerzos-de-sus-autoridades\/#primaryimage\"},\"thumbnailUrl\":\"https:\/\/grupogpps.org\/wp-content\/uploads\/2018\/05\/el-g-p-s-visita-en-ginebra-2.jpg\",\"articleSection\":[\"Actividades\",\"Home\",\"Novedades\"],\"inLanguage\":\"pt-BR\"},{\"@type\":\"WebPage\",\"@id\":\"https:\/\/grupogpps.org\/en\/el-g-p-s-visita-en-ginebra-las-principales-instituciones-multilaterales-de-comercio-y-manifiesta-su-apoyo-tanto-al-sistema-como-a-los-esfuerzos-de-sus-autoridades\/\",\"url\":\"https:\/\/grupogpps.org\/en\/el-g-p-s-visita-en-ginebra-las-principales-instituciones-multilaterales-de-comercio-y-manifiesta-su-apoyo-tanto-al-sistema-como-a-los-esfuerzos-de-sus-autoridades\/\",\"name\":\"El GPS visita en Ginebra las principales instituciones multilaterales de comercio y manifiesta su apoyo tanto al sistema, como a los esfuerzos de sus autoridades - GPS\",\"isPartOf\":{\"@id\":\"https:\/\/grupogpps.org\/#website\"},\"primaryImageOfPage\":{\"@id\":\"https:\/\/grupogpps.org\/en\/el-g-p-s-visita-en-ginebra-las-principales-instituciones-multilaterales-de-comercio-y-manifiesta-su-apoyo-tanto-al-sistema-como-a-los-esfuerzos-de-sus-autoridades\/#primaryimage\"},\"image\":{\"@id\":\"https:\/\/grupogpps.org\/en\/el-g-p-s-visita-en-ginebra-las-principales-instituciones-multilaterales-de-comercio-y-manifiesta-su-apoyo-tanto-al-sistema-como-a-los-esfuerzos-de-sus-autoridades\/#primaryimage\"},\"thumbnailUrl\":\"https:\/\/grupogpps.org\/wp-content\/uploads\/2018\/05\/el-g-p-s-visita-en-ginebra-2.jpg\",\"datePublished\":\"2018-05-28T15:51:35+00:00\",\"dateModified\":\"2021-07-06T13:15:10+00:00\",\"breadcrumb\":{\"@id\":\"https:\/\/grupogpps.org\/en\/el-g-p-s-visita-en-ginebra-las-principales-instituciones-multilaterales-de-comercio-y-manifiesta-su-apoyo-tanto-al-sistema-como-a-los-esfuerzos-de-sus-autoridades\/#breadcrumb\"},\"inLanguage\":\"pt-BR\",\"potentialAction\":[{\"@type\":\"ReadAction\",\"target\":[\"https:\/\/grupogpps.org\/en\/el-g-p-s-visita-en-ginebra-las-principales-instituciones-multilaterales-de-comercio-y-manifiesta-su-apoyo-tanto-al-sistema-como-a-los-esfuerzos-de-sus-autoridades\/\"]}]},{\"@type\":\"ImageObject\",\"inLanguage\":\"pt-BR\",\"@id\":\"https:\/\/grupogpps.org\/en\/el-g-p-s-visita-en-ginebra-las-principales-instituciones-multilaterales-de-comercio-y-manifiesta-su-apoyo-tanto-al-sistema-como-a-los-esfuerzos-de-sus-autoridades\/#primaryimage\",\"url\":\"https:\/\/grupogpps.org\/wp-content\/uploads\/2018\/05\/el-g-p-s-visita-en-ginebra-2.jpg\",\"contentUrl\":\"https:\/\/grupogpps.org\/wp-content\/uploads\/2018\/05\/el-g-p-s-visita-en-ginebra-2.jpg\",\"width\":1024,\"height\":576,\"caption\":\"El GPS visita en Ginebra la Organizaci\u00f3n Mundial de Comercio y manifiesta su apoyo tanto al sistema multilateral como al Director General, Roberto Azevedo\"},{\"@type\":\"BreadcrumbList\",\"@id\":\"https:\/\/grupogpps.org\/en\/el-g-p-s-visita-en-ginebra-las-principales-instituciones-multilaterales-de-comercio-y-manifiesta-su-apoyo-tanto-al-sistema-como-a-los-esfuerzos-de-sus-autoridades\/#breadcrumb\",\"itemListElement\":[{\"@type\":\"ListItem\",\"position\":1,\"name\":\"Inicio\",\"item\":\"https:\/\/grupogpps.org\/\"},{\"@type\":\"ListItem\",\"position\":2,\"name\":\"El GPS visita en Ginebra las principales instituciones multilaterales de comercio y manifiesta su apoyo tanto al sistema, como a los esfuerzos de sus autoridades\"}]},{\"@type\":\"WebSite\",\"@id\":\"https:\/\/grupogpps.org\/#website\",\"url\":\"https:\/\/grupogpps.org\/\",\"name\":\"GPS\",\"description\":\"Grupo de pa\u00edses productores del sur\",\"publisher\":{\"@id\":\"https:\/\/grupogpps.org\/#organization\"},\"potentialAction\":[{\"@type\":\"SearchAction\",\"target\":{\"@type\":\"EntryPoint\",\"urlTemplate\":\"https:\/\/grupogpps.org\/?s={search_term_string}\"},\"query-input\":{\"@type\":\"PropertyValueSpecification\",\"valueRequired\":true,\"valueName\":\"search_term_string\"}}],\"inLanguage\":\"pt-BR\"},{\"@type\":\"Organization\",\"@id\":\"https:\/\/grupogpps.org\/#organization\",\"name\":\"GPS - Grupo de pa\u00edses productores del sur\",\"url\":\"https:\/\/grupogpps.org\/\",\"logo\":{\"@type\":\"ImageObject\",\"inLanguage\":\"pt-BR\",\"@id\":\"https:\/\/grupogpps.org\/#\/schema\/logo\/image\/\",\"url\":\"http:\/\/grupogpps.org\/wp-content\/uploads\/2021\/06\/logoGPS3.svg\",\"contentUrl\":\"http:\/\/grupogpps.org\/wp-content\/uploads\/2021\/06\/logoGPS3.svg\",\"width\":1,\"height\":1,\"caption\":\"GPS - Grupo de pa\u00edses productores del sur\"},\"image\":{\"@id\":\"https:\/\/grupogpps.org\/#\/schema\/logo\/image\/\"},\"sameAs\":[\"https:\/\/www.linkedin.com\/company\/25037162\/\",\"https:\/\/x.com\/GPSLatinAmerica\",\"https:\/\/www.instagram.com\/gpslatin\/\",\"https:\/\/www.youtube.com\/channel\/UCM2Qf0jSqNRJRkqmU8dO9QA\/videos\"]},{\"@type\":\"Person\",\"@id\":\"https:\/\/grupogpps.org\/#\/schema\/person\/faaafcd24616dff095821c72659ce41f\",\"name\":\"GPS GPS\",\"url\":\"https:\/\/grupogpps.org\/pt\/author\/gps\/\"}]}<\/script>\n<!-- \/ Yoast SEO plugin. -->","yoast_head_json":{"title":"El GPS visita en Ginebra las principales instituciones multilaterales de comercio y manifiesta su apoyo tanto al sistema, como a los esfuerzos de sus autoridades - GPS","robots":{"index":"index","follow":"follow","max-snippet":"max-snippet:-1","max-image-preview":"max-image-preview:large","max-video-preview":"max-video-preview:-1"},"canonical":"https:\/\/grupogpps.org\/pt\/el-g-p-s-visita-en-ginebra-las-principales-instituciones-multilaterales-de-comercio-y-manifiesta-su-apoyo-tanto-al-sistema-como-a-los-esfuerzos-de-sus-autoridades\/","og_locale":"pt_BR","og_type":"article","og_title":"El GPS visita en Ginebra las principales instituciones multilaterales de comercio y manifiesta su apoyo tanto al sistema, como a los esfuerzos de sus autoridades - GPS","og_description":"Con una delegaci\u00f3n compuesta por representantes de los cap\u00edtulos de Argentina, Brasil, Paraguay y Uruguay y encabezada por el coordinador regional Horacio S\u00e1nchez Caballero, el GPS visit\u00f3 Ginebra entre el 9 y el 15 de mayo y mantuvo extensas entrevistas en la Organizaci\u00f3n Mundial de Comercio, la Conferencia de Naciones Unidas para el Comercio y [&hellip;]","og_url":"https:\/\/grupogpps.org\/pt\/el-g-p-s-visita-en-ginebra-las-principales-instituciones-multilaterales-de-comercio-y-manifiesta-su-apoyo-tanto-al-sistema-como-a-los-esfuerzos-de-sus-autoridades\/","og_site_name":"GPS","article_publisher":"https:\/\/www.linkedin.com\/company\/25037162\/","article_published_time":"2018-05-28T15:51:35+00:00","article_modified_time":"2021-07-06T13:15:10+00:00","og_image":[{"width":1024,"height":576,"url":"https:\/\/grupogpps.org\/wp-content\/uploads\/2018\/05\/el-g-p-s-visita-en-ginebra-2.jpg","type":"image\/jpeg"}],"author":"GPS GPS","twitter_card":"summary_large_image","twitter_creator":"@GPSLatinAmerica","twitter_site":"@GPSLatinAmerica","twitter_misc":{"Escrito por":"GPS GPS","Est. tempo de leitura":"4 minutos"},"schema":{"@context":"https:\/\/schema.org","@graph":[{"@type":"Article","@id":"https:\/\/grupogpps.org\/en\/el-g-p-s-visita-en-ginebra-las-principales-instituciones-multilaterales-de-comercio-y-manifiesta-su-apoyo-tanto-al-sistema-como-a-los-esfuerzos-de-sus-autoridades\/#article","isPartOf":{"@id":"https:\/\/grupogpps.org\/en\/el-g-p-s-visita-en-ginebra-las-principales-instituciones-multilaterales-de-comercio-y-manifiesta-su-apoyo-tanto-al-sistema-como-a-los-esfuerzos-de-sus-autoridades\/"},"author":{"name":"GPS GPS","@id":"https:\/\/grupogpps.org\/#\/schema\/person\/faaafcd24616dff095821c72659ce41f"},"headline":"El GPS visita en Ginebra las principales instituciones multilaterales de comercio y manifiesta su apoyo tanto al sistema, como a los esfuerzos de sus autoridades","datePublished":"2018-05-28T15:51:35+00:00","dateModified":"2021-07-06T13:15:10+00:00","mainEntityOfPage":{"@id":"https:\/\/grupogpps.org\/en\/el-g-p-s-visita-en-ginebra-las-principales-instituciones-multilaterales-de-comercio-y-manifiesta-su-apoyo-tanto-al-sistema-como-a-los-esfuerzos-de-sus-autoridades\/"},"wordCount":779,"publisher":{"@id":"https:\/\/grupogpps.org\/#organization"},"image":{"@id":"https:\/\/grupogpps.org\/en\/el-g-p-s-visita-en-ginebra-las-principales-instituciones-multilaterales-de-comercio-y-manifiesta-su-apoyo-tanto-al-sistema-como-a-los-esfuerzos-de-sus-autoridades\/#primaryimage"},"thumbnailUrl":"https:\/\/grupogpps.org\/wp-content\/uploads\/2018\/05\/el-g-p-s-visita-en-ginebra-2.jpg","articleSection":["Actividades","Home","Novedades"],"inLanguage":"pt-BR"},{"@type":"WebPage","@id":"https:\/\/grupogpps.org\/en\/el-g-p-s-visita-en-ginebra-las-principales-instituciones-multilaterales-de-comercio-y-manifiesta-su-apoyo-tanto-al-sistema-como-a-los-esfuerzos-de-sus-autoridades\/","url":"https:\/\/grupogpps.org\/en\/el-g-p-s-visita-en-ginebra-las-principales-instituciones-multilaterales-de-comercio-y-manifiesta-su-apoyo-tanto-al-sistema-como-a-los-esfuerzos-de-sus-autoridades\/","name":"El GPS visita en Ginebra las principales instituciones multilaterales de comercio y manifiesta su apoyo tanto al sistema, como a los esfuerzos de sus autoridades - GPS","isPartOf":{"@id":"https:\/\/grupogpps.org\/#website"},"primaryImageOfPage":{"@id":"https:\/\/grupogpps.org\/en\/el-g-p-s-visita-en-ginebra-las-principales-instituciones-multilaterales-de-comercio-y-manifiesta-su-apoyo-tanto-al-sistema-como-a-los-esfuerzos-de-sus-autoridades\/#primaryimage"},"image":{"@id":"https:\/\/grupogpps.org\/en\/el-g-p-s-visita-en-ginebra-las-principales-instituciones-multilaterales-de-comercio-y-manifiesta-su-apoyo-tanto-al-sistema-como-a-los-esfuerzos-de-sus-autoridades\/#primaryimage"},"thumbnailUrl":"https:\/\/grupogpps.org\/wp-content\/uploads\/2018\/05\/el-g-p-s-visita-en-ginebra-2.jpg","datePublished":"2018-05-28T15:51:35+00:00","dateModified":"2021-07-06T13:15:10+00:00","breadcrumb":{"@id":"https:\/\/grupogpps.org\/en\/el-g-p-s-visita-en-ginebra-las-principales-instituciones-multilaterales-de-comercio-y-manifiesta-su-apoyo-tanto-al-sistema-como-a-los-esfuerzos-de-sus-autoridades\/#breadcrumb"},"inLanguage":"pt-BR","potentialAction":[{"@type":"ReadAction","target":["https:\/\/grupogpps.org\/en\/el-g-p-s-visita-en-ginebra-las-principales-instituciones-multilaterales-de-comercio-y-manifiesta-su-apoyo-tanto-al-sistema-como-a-los-esfuerzos-de-sus-autoridades\/"]}]},{"@type":"ImageObject","inLanguage":"pt-BR","@id":"https:\/\/grupogpps.org\/en\/el-g-p-s-visita-en-ginebra-las-principales-instituciones-multilaterales-de-comercio-y-manifiesta-su-apoyo-tanto-al-sistema-como-a-los-esfuerzos-de-sus-autoridades\/#primaryimage","url":"https:\/\/grupogpps.org\/wp-content\/uploads\/2018\/05\/el-g-p-s-visita-en-ginebra-2.jpg","contentUrl":"https:\/\/grupogpps.org\/wp-content\/uploads\/2018\/05\/el-g-p-s-visita-en-ginebra-2.jpg","width":1024,"height":576,"caption":"El GPS visita en Ginebra la Organizaci\u00f3n Mundial de Comercio y manifiesta su apoyo tanto al sistema multilateral como al Director General, Roberto Azevedo"},{"@type":"BreadcrumbList","@id":"https:\/\/grupogpps.org\/en\/el-g-p-s-visita-en-ginebra-las-principales-instituciones-multilaterales-de-comercio-y-manifiesta-su-apoyo-tanto-al-sistema-como-a-los-esfuerzos-de-sus-autoridades\/#breadcrumb","itemListElement":[{"@type":"ListItem","position":1,"name":"Inicio","item":"https:\/\/grupogpps.org\/"},{"@type":"ListItem","position":2,"name":"El GPS visita en Ginebra las principales instituciones multilaterales de comercio y manifiesta su apoyo tanto al sistema, como a los esfuerzos de sus autoridades"}]},{"@type":"WebSite","@id":"https:\/\/grupogpps.org\/#website","url":"https:\/\/grupogpps.org\/","name":"GPS","description":"Grupo de pa\u00edses productores del sur","publisher":{"@id":"https:\/\/grupogpps.org\/#organization"},"potentialAction":[{"@type":"SearchAction","target":{"@type":"EntryPoint","urlTemplate":"https:\/\/grupogpps.org\/?s={search_term_string}"},"query-input":{"@type":"PropertyValueSpecification","valueRequired":true,"valueName":"search_term_string"}}],"inLanguage":"pt-BR"},{"@type":"Organization","@id":"https:\/\/grupogpps.org\/#organization","name":"GPS - Grupo de pa\u00edses productores del sur","url":"https:\/\/grupogpps.org\/","logo":{"@type":"ImageObject","inLanguage":"pt-BR","@id":"https:\/\/grupogpps.org\/#\/schema\/logo\/image\/","url":"http:\/\/grupogpps.org\/wp-content\/uploads\/2021\/06\/logoGPS3.svg","contentUrl":"http:\/\/grupogpps.org\/wp-content\/uploads\/2021\/06\/logoGPS3.svg","width":1,"height":1,"caption":"GPS - Grupo de pa\u00edses productores del sur"},"image":{"@id":"https:\/\/grupogpps.org\/#\/schema\/logo\/image\/"},"sameAs":["https:\/\/www.linkedin.com\/company\/25037162\/","https:\/\/x.com\/GPSLatinAmerica","https:\/\/www.instagram.com\/gpslatin\/","https:\/\/www.youtube.com\/channel\/UCM2Qf0jSqNRJRkqmU8dO9QA\/videos"]},{"@type":"Person","@id":"https:\/\/grupogpps.org\/#\/schema\/person\/faaafcd24616dff095821c72659ce41f","name":"GPS GPS","url":"https:\/\/grupogpps.org\/pt\/author\/gps\/"}]}},"_links":{"self":[{"href":"https:\/\/grupogpps.org\/pt\/wp-json\/wp\/v2\/posts\/2140","targetHints":{"allow":["GET"]}}],"collection":[{"href":"https:\/\/grupogpps.org\/pt\/wp-json\/wp\/v2\/posts"}],"about":[{"href":"https:\/\/grupogpps.org\/pt\/wp-json\/wp\/v2\/types\/post"}],"author":[{"embeddable":true,"href":"https:\/\/grupogpps.org\/pt\/wp-json\/wp\/v2\/users\/2"}],"replies":[{"embeddable":true,"href":"https:\/\/grupogpps.org\/pt\/wp-json\/wp\/v2\/comments?post=2140"}],"version-history":[{"count":2,"href":"https:\/\/grupogpps.org\/pt\/wp-json\/wp\/v2\/posts\/2140\/revisions"}],"predecessor-version":[{"id":2959,"href":"https:\/\/grupogpps.org\/pt\/wp-json\/wp\/v2\/posts\/2140\/revisions\/2959"}],"wp:featuredmedia":[{"embeddable":true,"href":"https:\/\/grupogpps.org\/pt\/wp-json\/wp\/v2\/media\/2957"}],"wp:attachment":[{"href":"https:\/\/grupogpps.org\/pt\/wp-json\/wp\/v2\/media?parent=2140"}],"wp:term":[{"taxonomy":"category","embeddable":true,"href":"https:\/\/grupogpps.org\/pt\/wp-json\/wp\/v2\/categories?post=2140"},{"taxonomy":"post_tag","embeddable":true,"href":"https:\/\/grupogpps.org\/pt\/wp-json\/wp\/v2\/tags?post=2140"}],"curies":[{"name":"wp","href":"https:\/\/api.w.org\/{rel}","templated":true}]}}