{"id":2133,"date":"2018-06-11T15:11:35","date_gmt":"2018-06-11T18:11:35","guid":{"rendered":"http:\/\/grupogpps.org\/?p=1096"},"modified":"2021-07-06T09:55:35","modified_gmt":"2021-07-06T12:55:35","slug":"gps-participo-una-reunion-en-aacrea-con-ciro-ferreira-gomes-candidato-a-presidente-de-brasil","status":"publish","type":"post","link":"https:\/\/grupogpps.org\/pt\/gps-participo-una-reunion-en-aacrea-con-ciro-ferreira-gomes-candidato-a-presidente-de-brasil\/","title":{"rendered":"GPS particip\u00f3 una reuni\u00f3n en AACREA con Ciro Ferreira Gomes, candidato a presidente de Brasil"},"content":{"rendered":"<p>GPS particip\u00f3 de una reuni\u00f3n organizada por AACREA con Ciro Ferreira Gomes, candidato a presidente de Brasil.<\/p>\n\n\n\n<p>En la misma se intercambi\u00f3 acerca de la situaci\u00f3n de ambos pa\u00edses y las perspectivas para una mayor cooperaci\u00f3n y trabajo conjunto as\u00ed como del rol y la participaci\u00f3n de Argentina en los distintos foros dependientes del G-20 y cuyas reuniones se celebrar\u00e1n durante los pr\u00f3ximos meses. &nbsp;As\u00ed, AACREA present\u00f3 el trabajo en el marco del B-20 mientras que GPS se refiri\u00f3 a los avances del T-20 Agr\u00edcola (a cargo de Mart\u00edn Pi\u00f1eiro) y del tema de Mujer Rural en el marco del W-20 (Silvia Taruozzi).<\/p>\n\n\n\n<p>Participaron de la reuni\u00f3n un gran n\u00famero de instituciones vinculadas al agro argentino.<\/p>\n\n\n\n<div style=\"height:20px\" aria-hidden=\"true\" class=\"wp-block-spacer\"><\/div>\n\n\n\n<figure class=\"wp-block-gallery aligncenter columns-1 is-cropped wp-block-gallery-1 is-layout-flex wp-block-gallery-is-layout-flex\"><ul class=\"blocks-gallery-grid\"><li class=\"blocks-gallery-item\"><figure><a href=\"http:\/\/grupogpps.org\/wp-content\/uploads\/2021\/07\/gps-participo-una-reunion-en-aacrea-con-ciro-ferreira-gomes-candidato-a-presidente-de-brasil.jpg\"><img loading=\"lazy\" decoding=\"async\" width=\"640\" height=\"480\" src=\"http:\/\/grupogpps.org\/wp-content\/uploads\/2021\/07\/gps-participo-una-reunion-en-aacrea-con-ciro-ferreira-gomes-candidato-a-presidente-de-brasil.jpg\" alt=\"\" data-id=\"2948\" data-full-url=\"http:\/\/grupogpps.org\/wp-content\/uploads\/2021\/07\/gps-participo-una-reunion-en-aacrea-con-ciro-ferreira-gomes-candidato-a-presidente-de-brasil.jpg\" data-link=\"http:\/\/grupogpps.org\/2018\/06\/11\/gps-participo-una-reunion-en-aacrea-con-ciro-ferreira-gomes-candidato-a-presidente-de-brasil\/gps-participo-una-reunion-en-aacrea-con-ciro-ferreira-gomes-candidato-a-presidente-de-brasil-2\/\" class=\"wp-image-2948\" srcset=\"https:\/\/grupogpps.org\/wp-content\/uploads\/2021\/07\/gps-participo-una-reunion-en-aacrea-con-ciro-ferreira-gomes-candidato-a-presidente-de-brasil.jpg 640w, https:\/\/grupogpps.org\/wp-content\/uploads\/2021\/07\/gps-participo-una-reunion-en-aacrea-con-ciro-ferreira-gomes-candidato-a-presidente-de-brasil-300x225.jpg 300w, https:\/\/grupogpps.org\/wp-content\/uploads\/2021\/07\/gps-participo-una-reunion-en-aacrea-con-ciro-ferreira-gomes-candidato-a-presidente-de-brasil-16x12.jpg 16w\" sizes=\"auto, (max-width: 640px) 100vw, 640px\" \/><\/a><\/figure><\/li><\/ul><\/figure>","protected":false},"excerpt":{"rendered":"<p>GPS particip\u00f3 de una reuni\u00f3n organizada por AACREA con Ciro Ferreira Gomes, candidato a presidente de Brasil. En la misma se intercambi\u00f3 acerca de la situaci\u00f3n de ambos pa\u00edses y las perspectivas para una mayor cooperaci\u00f3n y trabajo conjunto as\u00ed como del rol y la participaci\u00f3n de Argentina en los distintos foros dependientes del G-20 [&hellip;]<\/p>","protected":false},"author":2,"featured_media":2134,"comment_status":"closed","ping_status":"closed","sticky":false,"template":"","format":"standard","meta":{"footnotes":""},"categories":[19,25,23],"tags":[],"class_list":["post-2133","post","type-post","status-publish","format-standard","has-post-thumbnail","hentry","category-actividades","category-home","category-novedades"],"yoast_head":"<!-- This site is optimized with the Yoast SEO plugin v26.8 - https:\/\/yoast.com\/product\/yoast-seo-wordpress\/ -->\n<title>GPS particip\u00f3 una reuni\u00f3n en AACREA con Ciro Ferreira Gomes, candidato a presidente de Brasil - GPS<\/title>\n<meta name=\"robots\" content=\"index, follow, max-snippet:-1, max-image-preview:large, max-video-preview:-1\" \/>\n<link rel=\"canonical\" href=\"https:\/\/grupogpps.org\/pt\/gps-participo-una-reunion-en-aacrea-con-ciro-ferreira-gomes-candidato-a-presidente-de-brasil\/\" \/>\n<meta property=\"og:locale\" content=\"pt_BR\" \/>\n<meta property=\"og:type\" content=\"article\" \/>\n<meta property=\"og:title\" content=\"GPS particip\u00f3 una reuni\u00f3n en AACREA con Ciro Ferreira Gomes, candidato a presidente de Brasil - GPS\" \/>\n<meta property=\"og:description\" content=\"GPS particip\u00f3 de una reuni\u00f3n organizada por AACREA con Ciro Ferreira Gomes, candidato a presidente de Brasil. En la misma se intercambi\u00f3 acerca de la situaci\u00f3n de ambos pa\u00edses y las perspectivas para una mayor cooperaci\u00f3n y trabajo conjunto as\u00ed como del rol y la participaci\u00f3n de Argentina en los distintos foros dependientes del G-20 [&hellip;]\" \/>\n<meta property=\"og:url\" content=\"https:\/\/grupogpps.org\/pt\/gps-participo-una-reunion-en-aacrea-con-ciro-ferreira-gomes-candidato-a-presidente-de-brasil\/\" \/>\n<meta property=\"og:site_name\" content=\"GPS\" \/>\n<meta property=\"article:publisher\" content=\"https:\/\/www.linkedin.com\/company\/25037162\/\" \/>\n<meta property=\"article:published_time\" content=\"2018-06-11T18:11:35+00:00\" \/>\n<meta property=\"article:modified_time\" content=\"2021-07-06T12:55:35+00:00\" \/>\n<meta property=\"og:image\" content=\"https:\/\/grupogpps.org\/wp-content\/uploads\/2018\/06\/afd8eb58-71ae-46a1-95d4-ffb206ab6f13.jpg\" \/>\n\t<meta property=\"og:image:width\" content=\"1280\" \/>\n\t<meta property=\"og:image:height\" content=\"960\" \/>\n\t<meta property=\"og:image:type\" content=\"image\/jpeg\" \/>\n<meta name=\"author\" content=\"GPS GPS\" \/>\n<meta name=\"twitter:card\" content=\"summary_large_image\" \/>\n<meta name=\"twitter:creator\" content=\"@GPSLatinAmerica\" \/>\n<meta name=\"twitter:site\" content=\"@GPSLatinAmerica\" \/>\n<meta name=\"twitter:label1\" content=\"Escrito por\" \/>\n\t<meta name=\"twitter:data1\" content=\"GPS GPS\" \/>\n\t<meta name=\"twitter:label2\" content=\"Est. tempo de leitura\" \/>\n\t<meta name=\"twitter:data2\" content=\"1 minuto\" \/>\n<script type=\"application\/ld+json\" class=\"yoast-schema-graph\">{\"@context\":\"https:\/\/schema.org\",\"@graph\":[{\"@type\":\"Article\",\"@id\":\"https:\/\/grupogpps.org\/en\/gps-participo-una-reunion-en-aacrea-con-ciro-ferreira-gomes-candidato-a-presidente-de-brasil\/#article\",\"isPartOf\":{\"@id\":\"https:\/\/grupogpps.org\/en\/gps-participo-una-reunion-en-aacrea-con-ciro-ferreira-gomes-candidato-a-presidente-de-brasil\/\"},\"author\":{\"name\":\"GPS GPS\",\"@id\":\"https:\/\/grupogpps.org\/#\/schema\/person\/faaafcd24616dff095821c72659ce41f\"},\"headline\":\"GPS particip\u00f3 una reuni\u00f3n en AACREA con Ciro Ferreira Gomes, candidato a presidente de Brasil\",\"datePublished\":\"2018-06-11T18:11:35+00:00\",\"dateModified\":\"2021-07-06T12:55:35+00:00\",\"mainEntityOfPage\":{\"@id\":\"https:\/\/grupogpps.org\/en\/gps-participo-una-reunion-en-aacrea-con-ciro-ferreira-gomes-candidato-a-presidente-de-brasil\/\"},\"wordCount\":145,\"publisher\":{\"@id\":\"https:\/\/grupogpps.org\/#organization\"},\"image\":{\"@id\":\"https:\/\/grupogpps.org\/en\/gps-participo-una-reunion-en-aacrea-con-ciro-ferreira-gomes-candidato-a-presidente-de-brasil\/#primaryimage\"},\"thumbnailUrl\":\"https:\/\/grupogpps.org\/wp-content\/uploads\/2018\/06\/afd8eb58-71ae-46a1-95d4-ffb206ab6f13.jpg\",\"articleSection\":[\"Actividades\",\"Home\",\"Novedades\"],\"inLanguage\":\"pt-BR\"},{\"@type\":\"WebPage\",\"@id\":\"https:\/\/grupogpps.org\/en\/gps-participo-una-reunion-en-aacrea-con-ciro-ferreira-gomes-candidato-a-presidente-de-brasil\/\",\"url\":\"https:\/\/grupogpps.org\/en\/gps-participo-una-reunion-en-aacrea-con-ciro-ferreira-gomes-candidato-a-presidente-de-brasil\/\",\"name\":\"GPS particip\u00f3 una reuni\u00f3n en AACREA con Ciro Ferreira Gomes, candidato a presidente de Brasil - GPS\",\"isPartOf\":{\"@id\":\"https:\/\/grupogpps.org\/#website\"},\"primaryImageOfPage\":{\"@id\":\"https:\/\/grupogpps.org\/en\/gps-participo-una-reunion-en-aacrea-con-ciro-ferreira-gomes-candidato-a-presidente-de-brasil\/#primaryimage\"},\"image\":{\"@id\":\"https:\/\/grupogpps.org\/en\/gps-participo-una-reunion-en-aacrea-con-ciro-ferreira-gomes-candidato-a-presidente-de-brasil\/#primaryimage\"},\"thumbnailUrl\":\"https:\/\/grupogpps.org\/wp-content\/uploads\/2018\/06\/afd8eb58-71ae-46a1-95d4-ffb206ab6f13.jpg\",\"datePublished\":\"2018-06-11T18:11:35+00:00\",\"dateModified\":\"2021-07-06T12:55:35+00:00\",\"breadcrumb\":{\"@id\":\"https:\/\/grupogpps.org\/en\/gps-participo-una-reunion-en-aacrea-con-ciro-ferreira-gomes-candidato-a-presidente-de-brasil\/#breadcrumb\"},\"inLanguage\":\"pt-BR\",\"potentialAction\":[{\"@type\":\"ReadAction\",\"target\":[\"https:\/\/grupogpps.org\/en\/gps-participo-una-reunion-en-aacrea-con-ciro-ferreira-gomes-candidato-a-presidente-de-brasil\/\"]}]},{\"@type\":\"ImageObject\",\"inLanguage\":\"pt-BR\",\"@id\":\"https:\/\/grupogpps.org\/en\/gps-participo-una-reunion-en-aacrea-con-ciro-ferreira-gomes-candidato-a-presidente-de-brasil\/#primaryimage\",\"url\":\"https:\/\/grupogpps.org\/wp-content\/uploads\/2018\/06\/afd8eb58-71ae-46a1-95d4-ffb206ab6f13.jpg\",\"contentUrl\":\"https:\/\/grupogpps.org\/wp-content\/uploads\/2018\/06\/afd8eb58-71ae-46a1-95d4-ffb206ab6f13.jpg\",\"width\":1280,\"height\":960,\"caption\":\"GPS particip\u00f3 una reuni\u00f3n en AACREA con Ciro Ferreira Gomes, candidato a presidente de Brasil\"},{\"@type\":\"BreadcrumbList\",\"@id\":\"https:\/\/grupogpps.org\/en\/gps-participo-una-reunion-en-aacrea-con-ciro-ferreira-gomes-candidato-a-presidente-de-brasil\/#breadcrumb\",\"itemListElement\":[{\"@type\":\"ListItem\",\"position\":1,\"name\":\"Inicio\",\"item\":\"https:\/\/grupogpps.org\/\"},{\"@type\":\"ListItem\",\"position\":2,\"name\":\"GPS particip\u00f3 una reuni\u00f3n en AACREA con Ciro Ferreira Gomes, candidato a presidente de Brasil\"}]},{\"@type\":\"WebSite\",\"@id\":\"https:\/\/grupogpps.org\/#website\",\"url\":\"https:\/\/grupogpps.org\/\",\"name\":\"GPS\",\"description\":\"Grupo de pa\u00edses productores del sur\",\"publisher\":{\"@id\":\"https:\/\/grupogpps.org\/#organization\"},\"potentialAction\":[{\"@type\":\"SearchAction\",\"target\":{\"@type\":\"EntryPoint\",\"urlTemplate\":\"https:\/\/grupogpps.org\/?s={search_term_string}\"},\"query-input\":{\"@type\":\"PropertyValueSpecification\",\"valueRequired\":true,\"valueName\":\"search_term_string\"}}],\"inLanguage\":\"pt-BR\"},{\"@type\":\"Organization\",\"@id\":\"https:\/\/grupogpps.org\/#organization\",\"name\":\"GPS - Grupo de pa\u00edses productores del sur\",\"url\":\"https:\/\/grupogpps.org\/\",\"logo\":{\"@type\":\"ImageObject\",\"inLanguage\":\"pt-BR\",\"@id\":\"https:\/\/grupogpps.org\/#\/schema\/logo\/image\/\",\"url\":\"http:\/\/grupogpps.org\/wp-content\/uploads\/2021\/06\/logoGPS3.svg\",\"contentUrl\":\"http:\/\/grupogpps.org\/wp-content\/uploads\/2021\/06\/logoGPS3.svg\",\"width\":1,\"height\":1,\"caption\":\"GPS - Grupo de pa\u00edses productores del sur\"},\"image\":{\"@id\":\"https:\/\/grupogpps.org\/#\/schema\/logo\/image\/\"},\"sameAs\":[\"https:\/\/www.linkedin.com\/company\/25037162\/\",\"https:\/\/x.com\/GPSLatinAmerica\",\"https:\/\/www.instagram.com\/gpslatin\/\",\"https:\/\/www.youtube.com\/channel\/UCM2Qf0jSqNRJRkqmU8dO9QA\/videos\"]},{\"@type\":\"Person\",\"@id\":\"https:\/\/grupogpps.org\/#\/schema\/person\/faaafcd24616dff095821c72659ce41f\",\"name\":\"GPS GPS\",\"url\":\"https:\/\/grupogpps.org\/pt\/author\/gps\/\"}]}<\/script>\n<!-- \/ Yoast SEO plugin. -->","yoast_head_json":{"title":"GPS particip\u00f3 una reuni\u00f3n en AACREA con Ciro Ferreira Gomes, candidato a presidente de Brasil - GPS","robots":{"index":"index","follow":"follow","max-snippet":"max-snippet:-1","max-image-preview":"max-image-preview:large","max-video-preview":"max-video-preview:-1"},"canonical":"https:\/\/grupogpps.org\/pt\/gps-participo-una-reunion-en-aacrea-con-ciro-ferreira-gomes-candidato-a-presidente-de-brasil\/","og_locale":"pt_BR","og_type":"article","og_title":"GPS particip\u00f3 una reuni\u00f3n en AACREA con Ciro Ferreira Gomes, candidato a presidente de Brasil - GPS","og_description":"GPS particip\u00f3 de una reuni\u00f3n organizada por AACREA con Ciro Ferreira Gomes, candidato a presidente de Brasil. En la misma se intercambi\u00f3 acerca de la situaci\u00f3n de ambos pa\u00edses y las perspectivas para una mayor cooperaci\u00f3n y trabajo conjunto as\u00ed como del rol y la participaci\u00f3n de Argentina en los distintos foros dependientes del G-20 [&hellip;]","og_url":"https:\/\/grupogpps.org\/pt\/gps-participo-una-reunion-en-aacrea-con-ciro-ferreira-gomes-candidato-a-presidente-de-brasil\/","og_site_name":"GPS","article_publisher":"https:\/\/www.linkedin.com\/company\/25037162\/","article_published_time":"2018-06-11T18:11:35+00:00","article_modified_time":"2021-07-06T12:55:35+00:00","og_image":[{"width":1280,"height":960,"url":"https:\/\/grupogpps.org\/wp-content\/uploads\/2018\/06\/afd8eb58-71ae-46a1-95d4-ffb206ab6f13.jpg","type":"image\/jpeg"}],"author":"GPS GPS","twitter_card":"summary_large_image","twitter_creator":"@GPSLatinAmerica","twitter_site":"@GPSLatinAmerica","twitter_misc":{"Escrito por":"GPS GPS","Est. tempo de leitura":"1 minuto"},"schema":{"@context":"https:\/\/schema.org","@graph":[{"@type":"Article","@id":"https:\/\/grupogpps.org\/en\/gps-participo-una-reunion-en-aacrea-con-ciro-ferreira-gomes-candidato-a-presidente-de-brasil\/#article","isPartOf":{"@id":"https:\/\/grupogpps.org\/en\/gps-participo-una-reunion-en-aacrea-con-ciro-ferreira-gomes-candidato-a-presidente-de-brasil\/"},"author":{"name":"GPS GPS","@id":"https:\/\/grupogpps.org\/#\/schema\/person\/faaafcd24616dff095821c72659ce41f"},"headline":"GPS particip\u00f3 una reuni\u00f3n en AACREA con Ciro Ferreira Gomes, candidato a presidente de Brasil","datePublished":"2018-06-11T18:11:35+00:00","dateModified":"2021-07-06T12:55:35+00:00","mainEntityOfPage":{"@id":"https:\/\/grupogpps.org\/en\/gps-participo-una-reunion-en-aacrea-con-ciro-ferreira-gomes-candidato-a-presidente-de-brasil\/"},"wordCount":145,"publisher":{"@id":"https:\/\/grupogpps.org\/#organization"},"image":{"@id":"https:\/\/grupogpps.org\/en\/gps-participo-una-reunion-en-aacrea-con-ciro-ferreira-gomes-candidato-a-presidente-de-brasil\/#primaryimage"},"thumbnailUrl":"https:\/\/grupogpps.org\/wp-content\/uploads\/2018\/06\/afd8eb58-71ae-46a1-95d4-ffb206ab6f13.jpg","articleSection":["Actividades","Home","Novedades"],"inLanguage":"pt-BR"},{"@type":"WebPage","@id":"https:\/\/grupogpps.org\/en\/gps-participo-una-reunion-en-aacrea-con-ciro-ferreira-gomes-candidato-a-presidente-de-brasil\/","url":"https:\/\/grupogpps.org\/en\/gps-participo-una-reunion-en-aacrea-con-ciro-ferreira-gomes-candidato-a-presidente-de-brasil\/","name":"GPS particip\u00f3 una reuni\u00f3n en AACREA con Ciro Ferreira Gomes, candidato a presidente de Brasil - GPS","isPartOf":{"@id":"https:\/\/grupogpps.org\/#website"},"primaryImageOfPage":{"@id":"https:\/\/grupogpps.org\/en\/gps-participo-una-reunion-en-aacrea-con-ciro-ferreira-gomes-candidato-a-presidente-de-brasil\/#primaryimage"},"image":{"@id":"https:\/\/grupogpps.org\/en\/gps-participo-una-reunion-en-aacrea-con-ciro-ferreira-gomes-candidato-a-presidente-de-brasil\/#primaryimage"},"thumbnailUrl":"https:\/\/grupogpps.org\/wp-content\/uploads\/2018\/06\/afd8eb58-71ae-46a1-95d4-ffb206ab6f13.jpg","datePublished":"2018-06-11T18:11:35+00:00","dateModified":"2021-07-06T12:55:35+00:00","breadcrumb":{"@id":"https:\/\/grupogpps.org\/en\/gps-participo-una-reunion-en-aacrea-con-ciro-ferreira-gomes-candidato-a-presidente-de-brasil\/#breadcrumb"},"inLanguage":"pt-BR","potentialAction":[{"@type":"ReadAction","target":["https:\/\/grupogpps.org\/en\/gps-participo-una-reunion-en-aacrea-con-ciro-ferreira-gomes-candidato-a-presidente-de-brasil\/"]}]},{"@type":"ImageObject","inLanguage":"pt-BR","@id":"https:\/\/grupogpps.org\/en\/gps-participo-una-reunion-en-aacrea-con-ciro-ferreira-gomes-candidato-a-presidente-de-brasil\/#primaryimage","url":"https:\/\/grupogpps.org\/wp-content\/uploads\/2018\/06\/afd8eb58-71ae-46a1-95d4-ffb206ab6f13.jpg","contentUrl":"https:\/\/grupogpps.org\/wp-content\/uploads\/2018\/06\/afd8eb58-71ae-46a1-95d4-ffb206ab6f13.jpg","width":1280,"height":960,"caption":"GPS particip\u00f3 una reuni\u00f3n en AACREA con Ciro Ferreira Gomes, candidato a presidente de Brasil"},{"@type":"BreadcrumbList","@id":"https:\/\/grupogpps.org\/en\/gps-participo-una-reunion-en-aacrea-con-ciro-ferreira-gomes-candidato-a-presidente-de-brasil\/#breadcrumb","itemListElement":[{"@type":"ListItem","position":1,"name":"Inicio","item":"https:\/\/grupogpps.org\/"},{"@type":"ListItem","position":2,"name":"GPS particip\u00f3 una reuni\u00f3n en AACREA con Ciro Ferreira Gomes, candidato a presidente de Brasil"}]},{"@type":"WebSite","@id":"https:\/\/grupogpps.org\/#website","url":"https:\/\/grupogpps.org\/","name":"GPS","description":"Grupo de pa\u00edses productores del sur","publisher":{"@id":"https:\/\/grupogpps.org\/#organization"},"potentialAction":[{"@type":"SearchAction","target":{"@type":"EntryPoint","urlTemplate":"https:\/\/grupogpps.org\/?s={search_term_string}"},"query-input":{"@type":"PropertyValueSpecification","valueRequired":true,"valueName":"search_term_string"}}],"inLanguage":"pt-BR"},{"@type":"Organization","@id":"https:\/\/grupogpps.org\/#organization","name":"GPS - Grupo de pa\u00edses productores del sur","url":"https:\/\/grupogpps.org\/","logo":{"@type":"ImageObject","inLanguage":"pt-BR","@id":"https:\/\/grupogpps.org\/#\/schema\/logo\/image\/","url":"http:\/\/grupogpps.org\/wp-content\/uploads\/2021\/06\/logoGPS3.svg","contentUrl":"http:\/\/grupogpps.org\/wp-content\/uploads\/2021\/06\/logoGPS3.svg","width":1,"height":1,"caption":"GPS - Grupo de pa\u00edses productores del sur"},"image":{"@id":"https:\/\/grupogpps.org\/#\/schema\/logo\/image\/"},"sameAs":["https:\/\/www.linkedin.com\/company\/25037162\/","https:\/\/x.com\/GPSLatinAmerica","https:\/\/www.instagram.com\/gpslatin\/","https:\/\/www.youtube.com\/channel\/UCM2Qf0jSqNRJRkqmU8dO9QA\/videos"]},{"@type":"Person","@id":"https:\/\/grupogpps.org\/#\/schema\/person\/faaafcd24616dff095821c72659ce41f","name":"GPS GPS","url":"https:\/\/grupogpps.org\/pt\/author\/gps\/"}]}},"_links":{"self":[{"href":"https:\/\/grupogpps.org\/pt\/wp-json\/wp\/v2\/posts\/2133","targetHints":{"allow":["GET"]}}],"collection":[{"href":"https:\/\/grupogpps.org\/pt\/wp-json\/wp\/v2\/posts"}],"about":[{"href":"https:\/\/grupogpps.org\/pt\/wp-json\/wp\/v2\/types\/post"}],"author":[{"embeddable":true,"href":"https:\/\/grupogpps.org\/pt\/wp-json\/wp\/v2\/users\/2"}],"replies":[{"embeddable":true,"href":"https:\/\/grupogpps.org\/pt\/wp-json\/wp\/v2\/comments?post=2133"}],"version-history":[{"count":1,"href":"https:\/\/grupogpps.org\/pt\/wp-json\/wp\/v2\/posts\/2133\/revisions"}],"predecessor-version":[{"id":2949,"href":"https:\/\/grupogpps.org\/pt\/wp-json\/wp\/v2\/posts\/2133\/revisions\/2949"}],"wp:featuredmedia":[{"embeddable":true,"href":"https:\/\/grupogpps.org\/pt\/wp-json\/wp\/v2\/media\/2134"}],"wp:attachment":[{"href":"https:\/\/grupogpps.org\/pt\/wp-json\/wp\/v2\/media?parent=2133"}],"wp:term":[{"taxonomy":"category","embeddable":true,"href":"https:\/\/grupogpps.org\/pt\/wp-json\/wp\/v2\/categories?post=2133"},{"taxonomy":"post_tag","embeddable":true,"href":"https:\/\/grupogpps.org\/pt\/wp-json\/wp\/v2\/tags?post=2133"}],"curies":[{"name":"wp","href":"https:\/\/api.w.org\/{rel}","templated":true}]}}