{"id":2128,"date":"2018-06-12T18:33:19","date_gmt":"2018-06-12T21:33:19","guid":{"rendered":"http:\/\/grupogpps.org\/?p=1100"},"modified":"2021-07-06T09:52:56","modified_gmt":"2021-07-06T12:52:56","slug":"gps-uruguay-organizo-un-seminario-sobre-actualidad-del-comercio-internacional-y-su-impacto-para-el-sector-agrario-uruguayo-y-regional","status":"publish","type":"post","link":"https:\/\/grupogpps.org\/pt\/gps-uruguay-organizo-un-seminario-sobre-actualidad-del-comercio-internacional-y-su-impacto-para-el-sector-agrario-uruguayo-y-regional\/","title":{"rendered":"GPS Uruguay organiz\u00f3 un seminario sobre \u00abActualidad del comercio internacional y su impacto para el sector agrario uruguayo y regional\u00bb"},"content":{"rendered":"<p>El 8 de junio pasado, en Montevideo, se celebr\u00f3 una reuni\u00f3n organizada por el Foro Institucional del GPS Uruguay, ante una nutrida concurrencia que incluy\u00f3 representantes de las principales asociaciones gremiales del pa\u00eds.&nbsp; Participaron de la reuni\u00f3n, los presidentes o l\u00edderes del Consejo Uruguayo para las Relaciones Internacionales, la C\u00e1mara Mercantil de Productos del Pa\u00eds, la Uni\u00f3n de Exportadores de Uruguay, la Asociaci\u00f3n de Cultivadores de Arroz, la Asociaci\u00f3n Nacional de Productores de Semillas, la Asociaci\u00f3n Rural del Uruguay, la C\u00e1mara de Agroqu\u00edmicos, la C\u00e1mara de Industrias del Uruguay, la C\u00e1mara de la Industria Frigor\u00edfica, las Cooperativas Agrarias Federadas, la Federaci\u00f3n Rural del Uruguay el Centro de Investigaciones Econ\u00f3micas.<\/p>\n\n\n\n<p>La jornada tuvo como principal objetivo constituirse en un espacio de reflexi\u00f3n e intercambio sobre los temas que, en el escenario internacional actual, est\u00e1n incidiendo sobre nuestros agro-negocios.&nbsp; Asimismo, se present\u00f3 la actividad de GPS en la regi\u00f3n y en Uruguay, como \u00e1mbito de articulaci\u00f3n y trabajo conjunto en pos de mejorar la inserci\u00f3n internacional del sector agroalimentario de los cuatro pa\u00edses.&nbsp; La introducci\u00f3n a la jornada y el programa del d\u00eda estuvo a cargo de Victoria Carballo (GPS Uruguay) y Luis Bameule (GPS Argentina).<\/p>\n\n\n\n<p>Nicol\u00e1s Albertoni realiz\u00f3, desde Washington, la exposici\u00f3n principal y Gustavo Id\u00edgoras la coment\u00f3. Abordaron el tema de cu\u00e1les son los principales desaf\u00edos de la pol\u00edtica comercial a nivel mundial y qu\u00e9 impactos tienen sobre los agronegocios del Uruguay y de la regi\u00f3n. El debate fue moderado por Guillermo Valles, quien desarroll\u00f3 sobre los riesgos actuales en el sistema multilateral de comercio. La sesi\u00f3n de comentarios fue iniciada por la gerente de la Uni\u00f3n de Exportadores, Teresa Aishemberg y seguida de un amplio debate.<\/p>\n\n\n\n<div style=\"height:20px\" aria-hidden=\"true\" class=\"wp-block-spacer\"><\/div>\n\n\n\n<figure class=\"wp-block-gallery aligncenter columns-1 is-cropped wp-block-gallery-1 is-layout-flex wp-block-gallery-is-layout-flex\"><ul class=\"blocks-gallery-grid\"><li class=\"blocks-gallery-item\"><figure><a href=\"http:\/\/grupogpps.org\/wp-content\/uploads\/2021\/07\/gps-uruguay-organizo-un-seminario-sobre-actualidad-del-comercio-internacional.jpg\"><img loading=\"lazy\" decoding=\"async\" width=\"1024\" height=\"768\" src=\"http:\/\/grupogpps.org\/wp-content\/uploads\/2021\/07\/gps-uruguay-organizo-un-seminario-sobre-actualidad-del-comercio-internacional.jpg\" alt=\"\" data-id=\"2945\" data-full-url=\"http:\/\/grupogpps.org\/wp-content\/uploads\/2021\/07\/gps-uruguay-organizo-un-seminario-sobre-actualidad-del-comercio-internacional.jpg\" data-link=\"http:\/\/grupogpps.org\/2018\/06\/12\/gps-uruguay-organizo-un-seminario-sobre-actualidad-del-comercio-internacional-y-su-impacto-para-el-sector-agrario-uruguayo-y-regional\/gps-uruguay-organizo-un-seminario-sobre-actualidad-del-comercio-internacional\/\" class=\"wp-image-2945\" srcset=\"https:\/\/grupogpps.org\/wp-content\/uploads\/2021\/07\/gps-uruguay-organizo-un-seminario-sobre-actualidad-del-comercio-internacional.jpg 1024w, https:\/\/grupogpps.org\/wp-content\/uploads\/2021\/07\/gps-uruguay-organizo-un-seminario-sobre-actualidad-del-comercio-internacional-300x225.jpg 300w, https:\/\/grupogpps.org\/wp-content\/uploads\/2021\/07\/gps-uruguay-organizo-un-seminario-sobre-actualidad-del-comercio-internacional-768x576.jpg 768w, https:\/\/grupogpps.org\/wp-content\/uploads\/2021\/07\/gps-uruguay-organizo-un-seminario-sobre-actualidad-del-comercio-internacional-16x12.jpg 16w\" sizes=\"auto, (max-width: 1024px) 100vw, 1024px\" \/><\/a><\/figure><\/li><\/ul><\/figure>\n\n\n\n<div style=\"height:20px\" aria-hidden=\"true\" class=\"wp-block-spacer\"><\/div>\n\n\n\n<p>En el segundo panel, Denise Penello Rial, de la UNCTAD (Conferencia de Naciones Unidas para el Comercio y el Desarrollo en Ginebra) y Gustavo Id\u00edgoras expusieron sobre las Medidas NO Arancelarias en el sector agr\u00edcola y sus efectos sobre el comercio. El posterior debate fue por dem\u00e1s rico y participativo, siendo moderado por Francisco Rosas del CINVE.<\/p>\n\n\n\n<p>Por \u00faltimo, Juan de la Fuente y Daniela Alfaro del Comit\u00e9 de Gesti\u00f3n de GPS Uruguay y Eduardo Serantes de GPS Argentina, presentaron el trabajo conjunto que realiza la red a nivel regional y, en particular, la experiencia de la participaci\u00f3n uruguaya. Se enfatiz\u00f3 en los cerca de 40 estudios e informes realizados por el GPS.<\/p>\n\n\n\n<p>Las reflexiones finales estuvieron a cargo de Sergio Abreu, presidente del CURI &nbsp;y Guillermo Valles.<\/p>\n\n\n\n<p>El cierre del evento y la invitaci\u00f3n a su seguimiento en un retiro similar el pr\u00f3ximo mes de Octubre, estuvo a cargo de la empresaria Patricia Damiani.<\/p>\n\n\n\n<p>El encuentro fue muy fruct\u00edfero y participativo, gener\u00e1ndose un rico intercambio entre los participantes, lo que abre la puerta para la realizaci\u00f3n de futuros trabajos conjuntos del GPS con las distintas instituciones intervinientes. Se consolida as\u00ed el rol de la red como articuladora del sector privado en ABPU y sus intereses e inquietudes frente a los desaf\u00edos que plantean los escenarios internacionales.<\/p>\n\n\n\n<div style=\"height:30px\" aria-hidden=\"true\" class=\"wp-block-spacer\"><\/div>\n\n\n\n<div class=\"wp-block-buttons is-content-justification-center is-layout-flex wp-block-buttons-is-layout-flex\">\n<div class=\"wp-block-button\"><a class=\"wp-block-button__link\" href=\"http:\/\/grupogpps.org\/wp-content\/uploads\/2021\/07\/ALBERTONI_CONFERENCIAGPS_Mayo2018_UY.pdf\" target=\"_blank\" rel=\"noreferrer noopener\">Descargar presentaci\u00f3n de Nicol\u00e1s Albertoni<\/a><\/div>\n\n\n\n<div class=\"wp-block-button\"><a class=\"wp-block-button__link\" href=\"http:\/\/grupogpps.org\/wp-content\/uploads\/2021\/07\/1-Retiro-GPS-Uruguay-180608-DenisePenelloRial.pdf\" target=\"_blank\" rel=\"noreferrer noopener\">Descargar presentaci\u00f3n de Denise Penello Rial<\/a><\/div>\n<\/div>","protected":false},"excerpt":{"rendered":"<p>El 8 de junio pasado, en Montevideo, se celebr\u00f3 una reuni\u00f3n organizada por el Foro Institucional del GPS Uruguay, ante una nutrida concurrencia que incluy\u00f3 representantes de las principales asociaciones gremiales del pa\u00eds.&nbsp; Participaron de la reuni\u00f3n, los presidentes o l\u00edderes del Consejo Uruguayo para las Relaciones Internacionales, la C\u00e1mara Mercantil de Productos del Pa\u00eds, [&hellip;]<\/p>","protected":false},"author":2,"featured_media":2132,"comment_status":"closed","ping_status":"closed","sticky":false,"template":"","format":"standard","meta":{"footnotes":""},"categories":[19,25,23],"tags":[],"class_list":["post-2128","post","type-post","status-publish","format-standard","has-post-thumbnail","hentry","category-actividades","category-home","category-novedades"],"yoast_head":"<!-- This site is optimized with the Yoast SEO plugin v26.8 - https:\/\/yoast.com\/product\/yoast-seo-wordpress\/ -->\n<title>GPS Uruguay organiz\u00f3 un seminario sobre &quot;Actualidad del comercio internacional y su impacto para el sector agrario uruguayo y regional&quot; - GPS<\/title>\n<meta name=\"robots\" content=\"index, follow, max-snippet:-1, max-image-preview:large, max-video-preview:-1\" \/>\n<link rel=\"canonical\" href=\"https:\/\/grupogpps.org\/pt\/gps-uruguay-organizo-un-seminario-sobre-actualidad-del-comercio-internacional-y-su-impacto-para-el-sector-agrario-uruguayo-y-regional\/\" \/>\n<meta property=\"og:locale\" content=\"pt_BR\" \/>\n<meta property=\"og:type\" content=\"article\" \/>\n<meta property=\"og:title\" content=\"GPS Uruguay organiz\u00f3 un seminario sobre &quot;Actualidad del comercio internacional y su impacto para el sector agrario uruguayo y regional&quot; - GPS\" \/>\n<meta property=\"og:description\" content=\"El 8 de junio pasado, en Montevideo, se celebr\u00f3 una reuni\u00f3n organizada por el Foro Institucional del GPS Uruguay, ante una nutrida concurrencia que incluy\u00f3 representantes de las principales asociaciones gremiales del pa\u00eds.&nbsp; Participaron de la reuni\u00f3n, los presidentes o l\u00edderes del Consejo Uruguayo para las Relaciones Internacionales, la C\u00e1mara Mercantil de Productos del Pa\u00eds, [&hellip;]\" \/>\n<meta property=\"og:url\" content=\"https:\/\/grupogpps.org\/pt\/gps-uruguay-organizo-un-seminario-sobre-actualidad-del-comercio-internacional-y-su-impacto-para-el-sector-agrario-uruguayo-y-regional\/\" \/>\n<meta property=\"og:site_name\" content=\"GPS\" \/>\n<meta property=\"article:publisher\" content=\"https:\/\/www.linkedin.com\/company\/25037162\/\" \/>\n<meta property=\"article:published_time\" content=\"2018-06-12T21:33:19+00:00\" \/>\n<meta property=\"article:modified_time\" content=\"2021-07-06T12:52:56+00:00\" \/>\n<meta property=\"og:image\" content=\"https:\/\/grupogpps.org\/wp-content\/uploads\/2018\/06\/cf182456-6bcd-4216-9eef-4c2a95fe2077.jpg\" \/>\n\t<meta property=\"og:image:width\" content=\"1600\" \/>\n\t<meta property=\"og:image:height\" content=\"1200\" \/>\n\t<meta property=\"og:image:type\" content=\"image\/jpeg\" \/>\n<meta name=\"author\" content=\"GPS GPS\" \/>\n<meta name=\"twitter:card\" content=\"summary_large_image\" \/>\n<meta name=\"twitter:creator\" content=\"@GPSLatinAmerica\" \/>\n<meta name=\"twitter:site\" content=\"@GPSLatinAmerica\" \/>\n<meta name=\"twitter:label1\" content=\"Escrito por\" \/>\n\t<meta name=\"twitter:data1\" content=\"GPS GPS\" \/>\n\t<meta name=\"twitter:label2\" content=\"Est. tempo de leitura\" \/>\n\t<meta name=\"twitter:data2\" content=\"3 minutos\" \/>\n<script type=\"application\/ld+json\" class=\"yoast-schema-graph\">{\"@context\":\"https:\/\/schema.org\",\"@graph\":[{\"@type\":\"Article\",\"@id\":\"https:\/\/grupogpps.org\/gps-uruguay-organizo-un-seminario-sobre-actualidad-del-comercio-internacional-y-su-impacto-para-el-sector-agrario-uruguayo-y-regional\/#article\",\"isPartOf\":{\"@id\":\"https:\/\/grupogpps.org\/gps-uruguay-organizo-un-seminario-sobre-actualidad-del-comercio-internacional-y-su-impacto-para-el-sector-agrario-uruguayo-y-regional\/\"},\"author\":{\"name\":\"GPS GPS\",\"@id\":\"https:\/\/grupogpps.org\/#\/schema\/person\/faaafcd24616dff095821c72659ce41f\"},\"headline\":\"GPS Uruguay organiz\u00f3 un seminario sobre \u00abActualidad del comercio internacional y su impacto para el sector agrario uruguayo y regional\u00bb\",\"datePublished\":\"2018-06-12T21:33:19+00:00\",\"dateModified\":\"2021-07-06T12:52:56+00:00\",\"mainEntityOfPage\":{\"@id\":\"https:\/\/grupogpps.org\/gps-uruguay-organizo-un-seminario-sobre-actualidad-del-comercio-internacional-y-su-impacto-para-el-sector-agrario-uruguayo-y-regional\/\"},\"wordCount\":575,\"publisher\":{\"@id\":\"https:\/\/grupogpps.org\/#organization\"},\"image\":{\"@id\":\"https:\/\/grupogpps.org\/gps-uruguay-organizo-un-seminario-sobre-actualidad-del-comercio-internacional-y-su-impacto-para-el-sector-agrario-uruguayo-y-regional\/#primaryimage\"},\"thumbnailUrl\":\"https:\/\/grupogpps.org\/wp-content\/uploads\/2018\/06\/cf182456-6bcd-4216-9eef-4c2a95fe2077.jpg\",\"articleSection\":[\"Actividades\",\"Home\",\"Novedades\"],\"inLanguage\":\"pt-BR\"},{\"@type\":\"WebPage\",\"@id\":\"https:\/\/grupogpps.org\/gps-uruguay-organizo-un-seminario-sobre-actualidad-del-comercio-internacional-y-su-impacto-para-el-sector-agrario-uruguayo-y-regional\/\",\"url\":\"https:\/\/grupogpps.org\/gps-uruguay-organizo-un-seminario-sobre-actualidad-del-comercio-internacional-y-su-impacto-para-el-sector-agrario-uruguayo-y-regional\/\",\"name\":\"GPS Uruguay organiz\u00f3 un seminario sobre \\\"Actualidad del comercio internacional y su impacto para el sector agrario uruguayo y regional\\\" - GPS\",\"isPartOf\":{\"@id\":\"https:\/\/grupogpps.org\/#website\"},\"primaryImageOfPage\":{\"@id\":\"https:\/\/grupogpps.org\/gps-uruguay-organizo-un-seminario-sobre-actualidad-del-comercio-internacional-y-su-impacto-para-el-sector-agrario-uruguayo-y-regional\/#primaryimage\"},\"image\":{\"@id\":\"https:\/\/grupogpps.org\/gps-uruguay-organizo-un-seminario-sobre-actualidad-del-comercio-internacional-y-su-impacto-para-el-sector-agrario-uruguayo-y-regional\/#primaryimage\"},\"thumbnailUrl\":\"https:\/\/grupogpps.org\/wp-content\/uploads\/2018\/06\/cf182456-6bcd-4216-9eef-4c2a95fe2077.jpg\",\"datePublished\":\"2018-06-12T21:33:19+00:00\",\"dateModified\":\"2021-07-06T12:52:56+00:00\",\"breadcrumb\":{\"@id\":\"https:\/\/grupogpps.org\/gps-uruguay-organizo-un-seminario-sobre-actualidad-del-comercio-internacional-y-su-impacto-para-el-sector-agrario-uruguayo-y-regional\/#breadcrumb\"},\"inLanguage\":\"pt-BR\",\"potentialAction\":[{\"@type\":\"ReadAction\",\"target\":[\"https:\/\/grupogpps.org\/gps-uruguay-organizo-un-seminario-sobre-actualidad-del-comercio-internacional-y-su-impacto-para-el-sector-agrario-uruguayo-y-regional\/\"]}]},{\"@type\":\"ImageObject\",\"inLanguage\":\"pt-BR\",\"@id\":\"https:\/\/grupogpps.org\/gps-uruguay-organizo-un-seminario-sobre-actualidad-del-comercio-internacional-y-su-impacto-para-el-sector-agrario-uruguayo-y-regional\/#primaryimage\",\"url\":\"https:\/\/grupogpps.org\/wp-content\/uploads\/2018\/06\/cf182456-6bcd-4216-9eef-4c2a95fe2077.jpg\",\"contentUrl\":\"https:\/\/grupogpps.org\/wp-content\/uploads\/2018\/06\/cf182456-6bcd-4216-9eef-4c2a95fe2077.jpg\",\"width\":1600,\"height\":1200,\"caption\":\"GPS Uruguay organiz\u00f3 un seminario sobre \\\"Actualidad del comercio internacional y su impacto para el sector agrario uruguayo y regional\\\"\"},{\"@type\":\"BreadcrumbList\",\"@id\":\"https:\/\/grupogpps.org\/gps-uruguay-organizo-un-seminario-sobre-actualidad-del-comercio-internacional-y-su-impacto-para-el-sector-agrario-uruguayo-y-regional\/#breadcrumb\",\"itemListElement\":[{\"@type\":\"ListItem\",\"position\":1,\"name\":\"Inicio\",\"item\":\"https:\/\/grupogpps.org\/\"},{\"@type\":\"ListItem\",\"position\":2,\"name\":\"GPS Uruguay organiz\u00f3 un seminario sobre &#8220;Actualidad del comercio internacional y su impacto para el sector agrario uruguayo y regional&#8221;\"}]},{\"@type\":\"WebSite\",\"@id\":\"https:\/\/grupogpps.org\/#website\",\"url\":\"https:\/\/grupogpps.org\/\",\"name\":\"GPS\",\"description\":\"Grupo de pa\u00edses productores del sur\",\"publisher\":{\"@id\":\"https:\/\/grupogpps.org\/#organization\"},\"potentialAction\":[{\"@type\":\"SearchAction\",\"target\":{\"@type\":\"EntryPoint\",\"urlTemplate\":\"https:\/\/grupogpps.org\/?s={search_term_string}\"},\"query-input\":{\"@type\":\"PropertyValueSpecification\",\"valueRequired\":true,\"valueName\":\"search_term_string\"}}],\"inLanguage\":\"pt-BR\"},{\"@type\":\"Organization\",\"@id\":\"https:\/\/grupogpps.org\/#organization\",\"name\":\"GPS - Grupo de pa\u00edses productores del sur\",\"url\":\"https:\/\/grupogpps.org\/\",\"logo\":{\"@type\":\"ImageObject\",\"inLanguage\":\"pt-BR\",\"@id\":\"https:\/\/grupogpps.org\/#\/schema\/logo\/image\/\",\"url\":\"http:\/\/grupogpps.org\/wp-content\/uploads\/2021\/06\/logoGPS3.svg\",\"contentUrl\":\"http:\/\/grupogpps.org\/wp-content\/uploads\/2021\/06\/logoGPS3.svg\",\"width\":1,\"height\":1,\"caption\":\"GPS - Grupo de pa\u00edses productores del sur\"},\"image\":{\"@id\":\"https:\/\/grupogpps.org\/#\/schema\/logo\/image\/\"},\"sameAs\":[\"https:\/\/www.linkedin.com\/company\/25037162\/\",\"https:\/\/x.com\/GPSLatinAmerica\",\"https:\/\/www.instagram.com\/gpslatin\/\",\"https:\/\/www.youtube.com\/channel\/UCM2Qf0jSqNRJRkqmU8dO9QA\/videos\"]},{\"@type\":\"Person\",\"@id\":\"https:\/\/grupogpps.org\/#\/schema\/person\/faaafcd24616dff095821c72659ce41f\",\"name\":\"GPS GPS\",\"url\":\"https:\/\/grupogpps.org\/pt\/author\/gps\/\"}]}<\/script>\n<!-- \/ Yoast SEO plugin. -->","yoast_head_json":{"title":"GPS Uruguay organiz\u00f3 un seminario sobre \"Actualidad del comercio internacional y su impacto para el sector agrario uruguayo y regional\" - GPS","robots":{"index":"index","follow":"follow","max-snippet":"max-snippet:-1","max-image-preview":"max-image-preview:large","max-video-preview":"max-video-preview:-1"},"canonical":"https:\/\/grupogpps.org\/pt\/gps-uruguay-organizo-un-seminario-sobre-actualidad-del-comercio-internacional-y-su-impacto-para-el-sector-agrario-uruguayo-y-regional\/","og_locale":"pt_BR","og_type":"article","og_title":"GPS Uruguay organiz\u00f3 un seminario sobre \"Actualidad del comercio internacional y su impacto para el sector agrario uruguayo y regional\" - GPS","og_description":"El 8 de junio pasado, en Montevideo, se celebr\u00f3 una reuni\u00f3n organizada por el Foro Institucional del GPS Uruguay, ante una nutrida concurrencia que incluy\u00f3 representantes de las principales asociaciones gremiales del pa\u00eds.&nbsp; Participaron de la reuni\u00f3n, los presidentes o l\u00edderes del Consejo Uruguayo para las Relaciones Internacionales, la C\u00e1mara Mercantil de Productos del Pa\u00eds, [&hellip;]","og_url":"https:\/\/grupogpps.org\/pt\/gps-uruguay-organizo-un-seminario-sobre-actualidad-del-comercio-internacional-y-su-impacto-para-el-sector-agrario-uruguayo-y-regional\/","og_site_name":"GPS","article_publisher":"https:\/\/www.linkedin.com\/company\/25037162\/","article_published_time":"2018-06-12T21:33:19+00:00","article_modified_time":"2021-07-06T12:52:56+00:00","og_image":[{"width":1600,"height":1200,"url":"https:\/\/grupogpps.org\/wp-content\/uploads\/2018\/06\/cf182456-6bcd-4216-9eef-4c2a95fe2077.jpg","type":"image\/jpeg"}],"author":"GPS GPS","twitter_card":"summary_large_image","twitter_creator":"@GPSLatinAmerica","twitter_site":"@GPSLatinAmerica","twitter_misc":{"Escrito por":"GPS GPS","Est. tempo de leitura":"3 minutos"},"schema":{"@context":"https:\/\/schema.org","@graph":[{"@type":"Article","@id":"https:\/\/grupogpps.org\/gps-uruguay-organizo-un-seminario-sobre-actualidad-del-comercio-internacional-y-su-impacto-para-el-sector-agrario-uruguayo-y-regional\/#article","isPartOf":{"@id":"https:\/\/grupogpps.org\/gps-uruguay-organizo-un-seminario-sobre-actualidad-del-comercio-internacional-y-su-impacto-para-el-sector-agrario-uruguayo-y-regional\/"},"author":{"name":"GPS GPS","@id":"https:\/\/grupogpps.org\/#\/schema\/person\/faaafcd24616dff095821c72659ce41f"},"headline":"GPS Uruguay organiz\u00f3 un seminario sobre \u00abActualidad del comercio internacional y su impacto para el sector agrario uruguayo y regional\u00bb","datePublished":"2018-06-12T21:33:19+00:00","dateModified":"2021-07-06T12:52:56+00:00","mainEntityOfPage":{"@id":"https:\/\/grupogpps.org\/gps-uruguay-organizo-un-seminario-sobre-actualidad-del-comercio-internacional-y-su-impacto-para-el-sector-agrario-uruguayo-y-regional\/"},"wordCount":575,"publisher":{"@id":"https:\/\/grupogpps.org\/#organization"},"image":{"@id":"https:\/\/grupogpps.org\/gps-uruguay-organizo-un-seminario-sobre-actualidad-del-comercio-internacional-y-su-impacto-para-el-sector-agrario-uruguayo-y-regional\/#primaryimage"},"thumbnailUrl":"https:\/\/grupogpps.org\/wp-content\/uploads\/2018\/06\/cf182456-6bcd-4216-9eef-4c2a95fe2077.jpg","articleSection":["Actividades","Home","Novedades"],"inLanguage":"pt-BR"},{"@type":"WebPage","@id":"https:\/\/grupogpps.org\/gps-uruguay-organizo-un-seminario-sobre-actualidad-del-comercio-internacional-y-su-impacto-para-el-sector-agrario-uruguayo-y-regional\/","url":"https:\/\/grupogpps.org\/gps-uruguay-organizo-un-seminario-sobre-actualidad-del-comercio-internacional-y-su-impacto-para-el-sector-agrario-uruguayo-y-regional\/","name":"GPS Uruguay organiz\u00f3 un seminario sobre \"Actualidad del comercio internacional y su impacto para el sector agrario uruguayo y regional\" - GPS","isPartOf":{"@id":"https:\/\/grupogpps.org\/#website"},"primaryImageOfPage":{"@id":"https:\/\/grupogpps.org\/gps-uruguay-organizo-un-seminario-sobre-actualidad-del-comercio-internacional-y-su-impacto-para-el-sector-agrario-uruguayo-y-regional\/#primaryimage"},"image":{"@id":"https:\/\/grupogpps.org\/gps-uruguay-organizo-un-seminario-sobre-actualidad-del-comercio-internacional-y-su-impacto-para-el-sector-agrario-uruguayo-y-regional\/#primaryimage"},"thumbnailUrl":"https:\/\/grupogpps.org\/wp-content\/uploads\/2018\/06\/cf182456-6bcd-4216-9eef-4c2a95fe2077.jpg","datePublished":"2018-06-12T21:33:19+00:00","dateModified":"2021-07-06T12:52:56+00:00","breadcrumb":{"@id":"https:\/\/grupogpps.org\/gps-uruguay-organizo-un-seminario-sobre-actualidad-del-comercio-internacional-y-su-impacto-para-el-sector-agrario-uruguayo-y-regional\/#breadcrumb"},"inLanguage":"pt-BR","potentialAction":[{"@type":"ReadAction","target":["https:\/\/grupogpps.org\/gps-uruguay-organizo-un-seminario-sobre-actualidad-del-comercio-internacional-y-su-impacto-para-el-sector-agrario-uruguayo-y-regional\/"]}]},{"@type":"ImageObject","inLanguage":"pt-BR","@id":"https:\/\/grupogpps.org\/gps-uruguay-organizo-un-seminario-sobre-actualidad-del-comercio-internacional-y-su-impacto-para-el-sector-agrario-uruguayo-y-regional\/#primaryimage","url":"https:\/\/grupogpps.org\/wp-content\/uploads\/2018\/06\/cf182456-6bcd-4216-9eef-4c2a95fe2077.jpg","contentUrl":"https:\/\/grupogpps.org\/wp-content\/uploads\/2018\/06\/cf182456-6bcd-4216-9eef-4c2a95fe2077.jpg","width":1600,"height":1200,"caption":"GPS Uruguay organiz\u00f3 un seminario sobre \"Actualidad del comercio internacional y su impacto para el sector agrario uruguayo y regional\""},{"@type":"BreadcrumbList","@id":"https:\/\/grupogpps.org\/gps-uruguay-organizo-un-seminario-sobre-actualidad-del-comercio-internacional-y-su-impacto-para-el-sector-agrario-uruguayo-y-regional\/#breadcrumb","itemListElement":[{"@type":"ListItem","position":1,"name":"Inicio","item":"https:\/\/grupogpps.org\/"},{"@type":"ListItem","position":2,"name":"GPS Uruguay organiz\u00f3 un seminario sobre &#8220;Actualidad del comercio internacional y su impacto para el sector agrario uruguayo y regional&#8221;"}]},{"@type":"WebSite","@id":"https:\/\/grupogpps.org\/#website","url":"https:\/\/grupogpps.org\/","name":"GPS","description":"Grupo de pa\u00edses productores del sur","publisher":{"@id":"https:\/\/grupogpps.org\/#organization"},"potentialAction":[{"@type":"SearchAction","target":{"@type":"EntryPoint","urlTemplate":"https:\/\/grupogpps.org\/?s={search_term_string}"},"query-input":{"@type":"PropertyValueSpecification","valueRequired":true,"valueName":"search_term_string"}}],"inLanguage":"pt-BR"},{"@type":"Organization","@id":"https:\/\/grupogpps.org\/#organization","name":"GPS - Grupo de pa\u00edses productores del sur","url":"https:\/\/grupogpps.org\/","logo":{"@type":"ImageObject","inLanguage":"pt-BR","@id":"https:\/\/grupogpps.org\/#\/schema\/logo\/image\/","url":"http:\/\/grupogpps.org\/wp-content\/uploads\/2021\/06\/logoGPS3.svg","contentUrl":"http:\/\/grupogpps.org\/wp-content\/uploads\/2021\/06\/logoGPS3.svg","width":1,"height":1,"caption":"GPS - Grupo de pa\u00edses productores del sur"},"image":{"@id":"https:\/\/grupogpps.org\/#\/schema\/logo\/image\/"},"sameAs":["https:\/\/www.linkedin.com\/company\/25037162\/","https:\/\/x.com\/GPSLatinAmerica","https:\/\/www.instagram.com\/gpslatin\/","https:\/\/www.youtube.com\/channel\/UCM2Qf0jSqNRJRkqmU8dO9QA\/videos"]},{"@type":"Person","@id":"https:\/\/grupogpps.org\/#\/schema\/person\/faaafcd24616dff095821c72659ce41f","name":"GPS GPS","url":"https:\/\/grupogpps.org\/pt\/author\/gps\/"}]}},"_links":{"self":[{"href":"https:\/\/grupogpps.org\/pt\/wp-json\/wp\/v2\/posts\/2128","targetHints":{"allow":["GET"]}}],"collection":[{"href":"https:\/\/grupogpps.org\/pt\/wp-json\/wp\/v2\/posts"}],"about":[{"href":"https:\/\/grupogpps.org\/pt\/wp-json\/wp\/v2\/types\/post"}],"author":[{"embeddable":true,"href":"https:\/\/grupogpps.org\/pt\/wp-json\/wp\/v2\/users\/2"}],"replies":[{"embeddable":true,"href":"https:\/\/grupogpps.org\/pt\/wp-json\/wp\/v2\/comments?post=2128"}],"version-history":[{"count":2,"href":"https:\/\/grupogpps.org\/pt\/wp-json\/wp\/v2\/posts\/2128\/revisions"}],"predecessor-version":[{"id":2946,"href":"https:\/\/grupogpps.org\/pt\/wp-json\/wp\/v2\/posts\/2128\/revisions\/2946"}],"wp:featuredmedia":[{"embeddable":true,"href":"https:\/\/grupogpps.org\/pt\/wp-json\/wp\/v2\/media\/2132"}],"wp:attachment":[{"href":"https:\/\/grupogpps.org\/pt\/wp-json\/wp\/v2\/media?parent=2128"}],"wp:term":[{"taxonomy":"category","embeddable":true,"href":"https:\/\/grupogpps.org\/pt\/wp-json\/wp\/v2\/categories?post=2128"},{"taxonomy":"post_tag","embeddable":true,"href":"https:\/\/grupogpps.org\/pt\/wp-json\/wp\/v2\/tags?post=2128"}],"curies":[{"name":"wp","href":"https:\/\/api.w.org\/{rel}","templated":true}]}}