{"id":2070,"date":"2018-10-08T16:11:42","date_gmt":"2018-10-08T19:11:42","guid":{"rendered":"http:\/\/grupogpps.org\/?p=1240"},"modified":"2021-07-06T09:15:56","modified_gmt":"2021-07-06T12:15:56","slug":"revista-puentes-vinculando-cambio-climatico-carbono-y-comercio-internacional-en-los-sistemas-alimentarios-del-mercosur","status":"publish","type":"post","link":"https:\/\/grupogpps.org\/pt\/revista-puentes-vinculando-cambio-climatico-carbono-y-comercio-internacional-en-los-sistemas-alimentarios-del-mercosur\/","title":{"rendered":"Revista Puentes: Vinculando cambio clim\u00e1tico, carbono y comercio internacional en los sistemas alimentarios del Mercosur"},"content":{"rendered":"<p>Un art\u00edculo desarrollado en base a un trabajo de Ernesto Viglizzo y Mart\u00edn Pi\u00f1eiro plantea la vinculaci\u00f3n entre la presi\u00f3n sobre los sistemas productivos que plantea la necesidad de alimentar a un n\u00famero creciente de personas a nivel mundial disminuyendo, al mismo tiempo, las emisiones de gases de efecto invernadero.<\/p>\n\n\n\n<p>Gracias al progreso tecnol\u00f3gico, es posible satisfacer la creciente demanda alimentaria, aunque el impacto ambiental que ello podr\u00eda significar es motivo de creciente preocupaci\u00f3n. En ese sentido, el principal desaf\u00edo global es incrementar la producci\u00f3n de alimentos y, en paralelo, mejorar el desempe\u00f1o ambiental. Resultante de la 21\u00aa sesi\u00f3n de la Conferencia de las Partes (COP 21) de la Convenci\u00f3n Marco de las Naciones Unidas sobre el Cambio Clim\u00e1tico (UNFCCC, por su sigla en ingl\u00e9s), el compromiso para reducir las emisiones de gases de efecto invernadero (GEI), en un contexto de seguridad alimentaria, impone una presi\u00f3n creciente sobre los pa\u00edses productores y exportadores de alimentos. Mientras que el Mercado Com\u00fan del Sur (MERCOSUR) desempe\u00f1a un papel muy relevante en la seguridad alimentaria global, no resulta suficientemente claro c\u00f3mo contribuye al balance global de carbono y as\u00ed, indirectamente, al cambio clim\u00e1tico.<\/p>\n\n\n\n<p>El texto forma parte del \u00faltimo n\u00famero de la revista Puentes, editada por el ICTSD.<\/p>","protected":false},"excerpt":{"rendered":"<p>Un art\u00edculo desarrollado en base a un trabajo de Ernesto Viglizzo y Mart\u00edn Pi\u00f1eiro plantea la vinculaci\u00f3n entre la presi\u00f3n sobre los sistemas productivos que plantea la necesidad de alimentar a un n\u00famero creciente de personas a nivel mundial disminuyendo, al mismo tiempo, las emisiones de gases de efecto invernadero. Gracias al progreso tecnol\u00f3gico, es [&hellip;]<\/p>","protected":false},"author":2,"featured_media":2071,"comment_status":"closed","ping_status":"closed","sticky":false,"template":"","format":"standard","meta":{"footnotes":""},"categories":[19,25,23],"tags":[],"class_list":["post-2070","post","type-post","status-publish","format-standard","has-post-thumbnail","hentry","category-actividades","category-home","category-novedades"],"yoast_head":"<!-- This site is optimized with the Yoast SEO plugin v26.8 - https:\/\/yoast.com\/product\/yoast-seo-wordpress\/ -->\n<title>Revista Puentes: Vinculando cambio clim\u00e1tico, carbono y comercio internacional en los sistemas alimentarios del Mercosur - GPS<\/title>\n<meta name=\"robots\" content=\"index, follow, max-snippet:-1, max-image-preview:large, max-video-preview:-1\" \/>\n<link rel=\"canonical\" href=\"https:\/\/grupogpps.org\/pt\/revista-puentes-vinculando-cambio-climatico-carbono-y-comercio-internacional-en-los-sistemas-alimentarios-del-mercosur\/\" \/>\n<meta property=\"og:locale\" content=\"pt_BR\" \/>\n<meta property=\"og:type\" content=\"article\" \/>\n<meta property=\"og:title\" content=\"Revista Puentes: Vinculando cambio clim\u00e1tico, carbono y comercio internacional en los sistemas alimentarios del Mercosur - GPS\" \/>\n<meta property=\"og:description\" content=\"Un art\u00edculo desarrollado en base a un trabajo de Ernesto Viglizzo y Mart\u00edn Pi\u00f1eiro plantea la vinculaci\u00f3n entre la presi\u00f3n sobre los sistemas productivos que plantea la necesidad de alimentar a un n\u00famero creciente de personas a nivel mundial disminuyendo, al mismo tiempo, las emisiones de gases de efecto invernadero. Gracias al progreso tecnol\u00f3gico, es [&hellip;]\" \/>\n<meta property=\"og:url\" content=\"https:\/\/grupogpps.org\/pt\/revista-puentes-vinculando-cambio-climatico-carbono-y-comercio-internacional-en-los-sistemas-alimentarios-del-mercosur\/\" \/>\n<meta property=\"og:site_name\" content=\"GPS\" \/>\n<meta property=\"article:publisher\" content=\"https:\/\/www.linkedin.com\/company\/25037162\/\" \/>\n<meta property=\"article:published_time\" content=\"2018-10-08T19:11:42+00:00\" \/>\n<meta property=\"article:modified_time\" content=\"2021-07-06T12:15:56+00:00\" \/>\n<meta property=\"og:image\" content=\"https:\/\/grupogpps.org\/wp-content\/uploads\/2018\/10\/Captura-de-pantalla-2018-10-08-16.00.08.png\" \/>\n\t<meta property=\"og:image:width\" content=\"736\" \/>\n\t<meta property=\"og:image:height\" content=\"600\" \/>\n\t<meta property=\"og:image:type\" content=\"image\/png\" \/>\n<meta name=\"author\" content=\"GPS GPS\" \/>\n<meta name=\"twitter:card\" content=\"summary_large_image\" \/>\n<meta name=\"twitter:creator\" content=\"@GPSLatinAmerica\" \/>\n<meta name=\"twitter:site\" content=\"@GPSLatinAmerica\" \/>\n<meta name=\"twitter:label1\" content=\"Escrito por\" \/>\n\t<meta name=\"twitter:data1\" content=\"GPS GPS\" \/>\n\t<meta name=\"twitter:label2\" content=\"Est. tempo de leitura\" \/>\n\t<meta name=\"twitter:data2\" content=\"1 minuto\" \/>\n<script type=\"application\/ld+json\" class=\"yoast-schema-graph\">{\"@context\":\"https:\/\/schema.org\",\"@graph\":[{\"@type\":\"Article\",\"@id\":\"https:\/\/grupogpps.org\/revista-puentes-vinculando-cambio-climatico-carbono-y-comercio-internacional-en-los-sistemas-alimentarios-del-mercosur\/#article\",\"isPartOf\":{\"@id\":\"https:\/\/grupogpps.org\/revista-puentes-vinculando-cambio-climatico-carbono-y-comercio-internacional-en-los-sistemas-alimentarios-del-mercosur\/\"},\"author\":{\"name\":\"GPS GPS\",\"@id\":\"https:\/\/grupogpps.org\/#\/schema\/person\/faaafcd24616dff095821c72659ce41f\"},\"headline\":\"Revista Puentes: Vinculando cambio clim\u00e1tico, carbono y comercio internacional en los sistemas alimentarios del Mercosur\",\"datePublished\":\"2018-10-08T19:11:42+00:00\",\"dateModified\":\"2021-07-06T12:15:56+00:00\",\"mainEntityOfPage\":{\"@id\":\"https:\/\/grupogpps.org\/revista-puentes-vinculando-cambio-climatico-carbono-y-comercio-internacional-en-los-sistemas-alimentarios-del-mercosur\/\"},\"wordCount\":242,\"publisher\":{\"@id\":\"https:\/\/grupogpps.org\/#organization\"},\"image\":{\"@id\":\"https:\/\/grupogpps.org\/revista-puentes-vinculando-cambio-climatico-carbono-y-comercio-internacional-en-los-sistemas-alimentarios-del-mercosur\/#primaryimage\"},\"thumbnailUrl\":\"https:\/\/grupogpps.org\/wp-content\/uploads\/2018\/10\/Captura-de-pantalla-2018-10-08-16.00.08.png\",\"articleSection\":[\"Actividades\",\"Home\",\"Novedades\"],\"inLanguage\":\"pt-BR\"},{\"@type\":\"WebPage\",\"@id\":\"https:\/\/grupogpps.org\/revista-puentes-vinculando-cambio-climatico-carbono-y-comercio-internacional-en-los-sistemas-alimentarios-del-mercosur\/\",\"url\":\"https:\/\/grupogpps.org\/revista-puentes-vinculando-cambio-climatico-carbono-y-comercio-internacional-en-los-sistemas-alimentarios-del-mercosur\/\",\"name\":\"Revista Puentes: Vinculando cambio clim\u00e1tico, carbono y comercio internacional en los sistemas alimentarios del Mercosur - GPS\",\"isPartOf\":{\"@id\":\"https:\/\/grupogpps.org\/#website\"},\"primaryImageOfPage\":{\"@id\":\"https:\/\/grupogpps.org\/revista-puentes-vinculando-cambio-climatico-carbono-y-comercio-internacional-en-los-sistemas-alimentarios-del-mercosur\/#primaryimage\"},\"image\":{\"@id\":\"https:\/\/grupogpps.org\/revista-puentes-vinculando-cambio-climatico-carbono-y-comercio-internacional-en-los-sistemas-alimentarios-del-mercosur\/#primaryimage\"},\"thumbnailUrl\":\"https:\/\/grupogpps.org\/wp-content\/uploads\/2018\/10\/Captura-de-pantalla-2018-10-08-16.00.08.png\",\"datePublished\":\"2018-10-08T19:11:42+00:00\",\"dateModified\":\"2021-07-06T12:15:56+00:00\",\"breadcrumb\":{\"@id\":\"https:\/\/grupogpps.org\/revista-puentes-vinculando-cambio-climatico-carbono-y-comercio-internacional-en-los-sistemas-alimentarios-del-mercosur\/#breadcrumb\"},\"inLanguage\":\"pt-BR\",\"potentialAction\":[{\"@type\":\"ReadAction\",\"target\":[\"https:\/\/grupogpps.org\/revista-puentes-vinculando-cambio-climatico-carbono-y-comercio-internacional-en-los-sistemas-alimentarios-del-mercosur\/\"]}]},{\"@type\":\"ImageObject\",\"inLanguage\":\"pt-BR\",\"@id\":\"https:\/\/grupogpps.org\/revista-puentes-vinculando-cambio-climatico-carbono-y-comercio-internacional-en-los-sistemas-alimentarios-del-mercosur\/#primaryimage\",\"url\":\"https:\/\/grupogpps.org\/wp-content\/uploads\/2018\/10\/Captura-de-pantalla-2018-10-08-16.00.08.png\",\"contentUrl\":\"https:\/\/grupogpps.org\/wp-content\/uploads\/2018\/10\/Captura-de-pantalla-2018-10-08-16.00.08.png\",\"width\":736,\"height\":600,\"caption\":\"Revista Puentes: Vinculando cambio clim\u00e1tico, carbono y comercio internacional en los sistemas alimentarios del Mercosur\"},{\"@type\":\"BreadcrumbList\",\"@id\":\"https:\/\/grupogpps.org\/revista-puentes-vinculando-cambio-climatico-carbono-y-comercio-internacional-en-los-sistemas-alimentarios-del-mercosur\/#breadcrumb\",\"itemListElement\":[{\"@type\":\"ListItem\",\"position\":1,\"name\":\"Inicio\",\"item\":\"https:\/\/grupogpps.org\/\"},{\"@type\":\"ListItem\",\"position\":2,\"name\":\"Revista Puentes: Vinculando cambio clim\u00e1tico, carbono y comercio internacional en los sistemas alimentarios del Mercosur\"}]},{\"@type\":\"WebSite\",\"@id\":\"https:\/\/grupogpps.org\/#website\",\"url\":\"https:\/\/grupogpps.org\/\",\"name\":\"GPS\",\"description\":\"Grupo de pa\u00edses productores del sur\",\"publisher\":{\"@id\":\"https:\/\/grupogpps.org\/#organization\"},\"potentialAction\":[{\"@type\":\"SearchAction\",\"target\":{\"@type\":\"EntryPoint\",\"urlTemplate\":\"https:\/\/grupogpps.org\/?s={search_term_string}\"},\"query-input\":{\"@type\":\"PropertyValueSpecification\",\"valueRequired\":true,\"valueName\":\"search_term_string\"}}],\"inLanguage\":\"pt-BR\"},{\"@type\":\"Organization\",\"@id\":\"https:\/\/grupogpps.org\/#organization\",\"name\":\"GPS - Grupo de pa\u00edses productores del sur\",\"url\":\"https:\/\/grupogpps.org\/\",\"logo\":{\"@type\":\"ImageObject\",\"inLanguage\":\"pt-BR\",\"@id\":\"https:\/\/grupogpps.org\/#\/schema\/logo\/image\/\",\"url\":\"http:\/\/grupogpps.org\/wp-content\/uploads\/2021\/06\/logoGPS3.svg\",\"contentUrl\":\"http:\/\/grupogpps.org\/wp-content\/uploads\/2021\/06\/logoGPS3.svg\",\"width\":1,\"height\":1,\"caption\":\"GPS - Grupo de pa\u00edses productores del sur\"},\"image\":{\"@id\":\"https:\/\/grupogpps.org\/#\/schema\/logo\/image\/\"},\"sameAs\":[\"https:\/\/www.linkedin.com\/company\/25037162\/\",\"https:\/\/x.com\/GPSLatinAmerica\",\"https:\/\/www.instagram.com\/gpslatin\/\",\"https:\/\/www.youtube.com\/channel\/UCM2Qf0jSqNRJRkqmU8dO9QA\/videos\"]},{\"@type\":\"Person\",\"@id\":\"https:\/\/grupogpps.org\/#\/schema\/person\/faaafcd24616dff095821c72659ce41f\",\"name\":\"GPS GPS\",\"url\":\"https:\/\/grupogpps.org\/pt\/author\/gps\/\"}]}<\/script>\n<!-- \/ Yoast SEO plugin. -->","yoast_head_json":{"title":"Revista Puentes: Vinculando cambio clim\u00e1tico, carbono y comercio internacional en los sistemas alimentarios del Mercosur - GPS","robots":{"index":"index","follow":"follow","max-snippet":"max-snippet:-1","max-image-preview":"max-image-preview:large","max-video-preview":"max-video-preview:-1"},"canonical":"https:\/\/grupogpps.org\/pt\/revista-puentes-vinculando-cambio-climatico-carbono-y-comercio-internacional-en-los-sistemas-alimentarios-del-mercosur\/","og_locale":"pt_BR","og_type":"article","og_title":"Revista Puentes: Vinculando cambio clim\u00e1tico, carbono y comercio internacional en los sistemas alimentarios del Mercosur - GPS","og_description":"Un art\u00edculo desarrollado en base a un trabajo de Ernesto Viglizzo y Mart\u00edn Pi\u00f1eiro plantea la vinculaci\u00f3n entre la presi\u00f3n sobre los sistemas productivos que plantea la necesidad de alimentar a un n\u00famero creciente de personas a nivel mundial disminuyendo, al mismo tiempo, las emisiones de gases de efecto invernadero. Gracias al progreso tecnol\u00f3gico, es [&hellip;]","og_url":"https:\/\/grupogpps.org\/pt\/revista-puentes-vinculando-cambio-climatico-carbono-y-comercio-internacional-en-los-sistemas-alimentarios-del-mercosur\/","og_site_name":"GPS","article_publisher":"https:\/\/www.linkedin.com\/company\/25037162\/","article_published_time":"2018-10-08T19:11:42+00:00","article_modified_time":"2021-07-06T12:15:56+00:00","og_image":[{"width":736,"height":600,"url":"https:\/\/grupogpps.org\/wp-content\/uploads\/2018\/10\/Captura-de-pantalla-2018-10-08-16.00.08.png","type":"image\/png"}],"author":"GPS GPS","twitter_card":"summary_large_image","twitter_creator":"@GPSLatinAmerica","twitter_site":"@GPSLatinAmerica","twitter_misc":{"Escrito por":"GPS GPS","Est. tempo de leitura":"1 minuto"},"schema":{"@context":"https:\/\/schema.org","@graph":[{"@type":"Article","@id":"https:\/\/grupogpps.org\/revista-puentes-vinculando-cambio-climatico-carbono-y-comercio-internacional-en-los-sistemas-alimentarios-del-mercosur\/#article","isPartOf":{"@id":"https:\/\/grupogpps.org\/revista-puentes-vinculando-cambio-climatico-carbono-y-comercio-internacional-en-los-sistemas-alimentarios-del-mercosur\/"},"author":{"name":"GPS GPS","@id":"https:\/\/grupogpps.org\/#\/schema\/person\/faaafcd24616dff095821c72659ce41f"},"headline":"Revista Puentes: Vinculando cambio clim\u00e1tico, carbono y comercio internacional en los sistemas alimentarios del Mercosur","datePublished":"2018-10-08T19:11:42+00:00","dateModified":"2021-07-06T12:15:56+00:00","mainEntityOfPage":{"@id":"https:\/\/grupogpps.org\/revista-puentes-vinculando-cambio-climatico-carbono-y-comercio-internacional-en-los-sistemas-alimentarios-del-mercosur\/"},"wordCount":242,"publisher":{"@id":"https:\/\/grupogpps.org\/#organization"},"image":{"@id":"https:\/\/grupogpps.org\/revista-puentes-vinculando-cambio-climatico-carbono-y-comercio-internacional-en-los-sistemas-alimentarios-del-mercosur\/#primaryimage"},"thumbnailUrl":"https:\/\/grupogpps.org\/wp-content\/uploads\/2018\/10\/Captura-de-pantalla-2018-10-08-16.00.08.png","articleSection":["Actividades","Home","Novedades"],"inLanguage":"pt-BR"},{"@type":"WebPage","@id":"https:\/\/grupogpps.org\/revista-puentes-vinculando-cambio-climatico-carbono-y-comercio-internacional-en-los-sistemas-alimentarios-del-mercosur\/","url":"https:\/\/grupogpps.org\/revista-puentes-vinculando-cambio-climatico-carbono-y-comercio-internacional-en-los-sistemas-alimentarios-del-mercosur\/","name":"Revista Puentes: Vinculando cambio clim\u00e1tico, carbono y comercio internacional en los sistemas alimentarios del Mercosur - GPS","isPartOf":{"@id":"https:\/\/grupogpps.org\/#website"},"primaryImageOfPage":{"@id":"https:\/\/grupogpps.org\/revista-puentes-vinculando-cambio-climatico-carbono-y-comercio-internacional-en-los-sistemas-alimentarios-del-mercosur\/#primaryimage"},"image":{"@id":"https:\/\/grupogpps.org\/revista-puentes-vinculando-cambio-climatico-carbono-y-comercio-internacional-en-los-sistemas-alimentarios-del-mercosur\/#primaryimage"},"thumbnailUrl":"https:\/\/grupogpps.org\/wp-content\/uploads\/2018\/10\/Captura-de-pantalla-2018-10-08-16.00.08.png","datePublished":"2018-10-08T19:11:42+00:00","dateModified":"2021-07-06T12:15:56+00:00","breadcrumb":{"@id":"https:\/\/grupogpps.org\/revista-puentes-vinculando-cambio-climatico-carbono-y-comercio-internacional-en-los-sistemas-alimentarios-del-mercosur\/#breadcrumb"},"inLanguage":"pt-BR","potentialAction":[{"@type":"ReadAction","target":["https:\/\/grupogpps.org\/revista-puentes-vinculando-cambio-climatico-carbono-y-comercio-internacional-en-los-sistemas-alimentarios-del-mercosur\/"]}]},{"@type":"ImageObject","inLanguage":"pt-BR","@id":"https:\/\/grupogpps.org\/revista-puentes-vinculando-cambio-climatico-carbono-y-comercio-internacional-en-los-sistemas-alimentarios-del-mercosur\/#primaryimage","url":"https:\/\/grupogpps.org\/wp-content\/uploads\/2018\/10\/Captura-de-pantalla-2018-10-08-16.00.08.png","contentUrl":"https:\/\/grupogpps.org\/wp-content\/uploads\/2018\/10\/Captura-de-pantalla-2018-10-08-16.00.08.png","width":736,"height":600,"caption":"Revista Puentes: Vinculando cambio clim\u00e1tico, carbono y comercio internacional en los sistemas alimentarios del Mercosur"},{"@type":"BreadcrumbList","@id":"https:\/\/grupogpps.org\/revista-puentes-vinculando-cambio-climatico-carbono-y-comercio-internacional-en-los-sistemas-alimentarios-del-mercosur\/#breadcrumb","itemListElement":[{"@type":"ListItem","position":1,"name":"Inicio","item":"https:\/\/grupogpps.org\/"},{"@type":"ListItem","position":2,"name":"Revista Puentes: Vinculando cambio clim\u00e1tico, carbono y comercio internacional en los sistemas alimentarios del Mercosur"}]},{"@type":"WebSite","@id":"https:\/\/grupogpps.org\/#website","url":"https:\/\/grupogpps.org\/","name":"GPS","description":"Grupo de pa\u00edses productores del sur","publisher":{"@id":"https:\/\/grupogpps.org\/#organization"},"potentialAction":[{"@type":"SearchAction","target":{"@type":"EntryPoint","urlTemplate":"https:\/\/grupogpps.org\/?s={search_term_string}"},"query-input":{"@type":"PropertyValueSpecification","valueRequired":true,"valueName":"search_term_string"}}],"inLanguage":"pt-BR"},{"@type":"Organization","@id":"https:\/\/grupogpps.org\/#organization","name":"GPS - Grupo de pa\u00edses productores del sur","url":"https:\/\/grupogpps.org\/","logo":{"@type":"ImageObject","inLanguage":"pt-BR","@id":"https:\/\/grupogpps.org\/#\/schema\/logo\/image\/","url":"http:\/\/grupogpps.org\/wp-content\/uploads\/2021\/06\/logoGPS3.svg","contentUrl":"http:\/\/grupogpps.org\/wp-content\/uploads\/2021\/06\/logoGPS3.svg","width":1,"height":1,"caption":"GPS - Grupo de pa\u00edses productores del sur"},"image":{"@id":"https:\/\/grupogpps.org\/#\/schema\/logo\/image\/"},"sameAs":["https:\/\/www.linkedin.com\/company\/25037162\/","https:\/\/x.com\/GPSLatinAmerica","https:\/\/www.instagram.com\/gpslatin\/","https:\/\/www.youtube.com\/channel\/UCM2Qf0jSqNRJRkqmU8dO9QA\/videos"]},{"@type":"Person","@id":"https:\/\/grupogpps.org\/#\/schema\/person\/faaafcd24616dff095821c72659ce41f","name":"GPS GPS","url":"https:\/\/grupogpps.org\/pt\/author\/gps\/"}]}},"_links":{"self":[{"href":"https:\/\/grupogpps.org\/pt\/wp-json\/wp\/v2\/posts\/2070","targetHints":{"allow":["GET"]}}],"collection":[{"href":"https:\/\/grupogpps.org\/pt\/wp-json\/wp\/v2\/posts"}],"about":[{"href":"https:\/\/grupogpps.org\/pt\/wp-json\/wp\/v2\/types\/post"}],"author":[{"embeddable":true,"href":"https:\/\/grupogpps.org\/pt\/wp-json\/wp\/v2\/users\/2"}],"replies":[{"embeddable":true,"href":"https:\/\/grupogpps.org\/pt\/wp-json\/wp\/v2\/comments?post=2070"}],"version-history":[{"count":1,"href":"https:\/\/grupogpps.org\/pt\/wp-json\/wp\/v2\/posts\/2070\/revisions"}],"predecessor-version":[{"id":2902,"href":"https:\/\/grupogpps.org\/pt\/wp-json\/wp\/v2\/posts\/2070\/revisions\/2902"}],"wp:featuredmedia":[{"embeddable":true,"href":"https:\/\/grupogpps.org\/pt\/wp-json\/wp\/v2\/media\/2071"}],"wp:attachment":[{"href":"https:\/\/grupogpps.org\/pt\/wp-json\/wp\/v2\/media?parent=2070"}],"wp:term":[{"taxonomy":"category","embeddable":true,"href":"https:\/\/grupogpps.org\/pt\/wp-json\/wp\/v2\/categories?post=2070"},{"taxonomy":"post_tag","embeddable":true,"href":"https:\/\/grupogpps.org\/pt\/wp-json\/wp\/v2\/tags?post=2070"}],"curies":[{"name":"wp","href":"https:\/\/api.w.org\/{rel}","templated":true}]}}