{"id":2059,"date":"2018-11-07T04:26:28","date_gmt":"2018-11-07T07:26:28","guid":{"rendered":"http:\/\/grupogpps.org\/?p=1278"},"modified":"2021-07-08T11:38:02","modified_gmt":"2021-07-08T14:38:02","slug":"cambio-climatico-agricultura-y-compromisos-ambientales-regionales-en-la-cop-2-2","status":"publish","type":"post","link":"https:\/\/grupogpps.org\/pt\/cambio-climatico-agricultura-y-compromisos-ambientales-regionales-en-la-cop-2-2\/","title":{"rendered":"Brief GPS &#8211; Cambio clim\u00e1tico, agricultura y compromisos ambientales regionales en la COP"},"content":{"rendered":"<p><strong>Por Pablo Elverdin (GPS) &nbsp;<\/strong><\/p>\n\n\n\n<p>Este brief resume las ideas principales de varios trabajos elaborados por GPS sobre la tem\u00e1tica del cambio clim\u00e1tico, se aborda la cuesti\u00f3n de los compromisos asumidos en el marco de la COP y c\u00f3mo estos se aplican a nivel regional y sus implicancias para la producci\u00f3n agr\u00edcola de ABPU.<\/p>\n\n\n\n<p>Este brief es el primero de una serie que buscar\u00e1 reflejar, de manera sint\u00e9tica, las l\u00edneas principales de trabajo de GPS y sus miembros.<\/p>\n\n\n\n<div style=\"height:30px\" aria-hidden=\"true\" class=\"wp-block-spacer\"><\/div>\n\n\n\n<div class=\"wp-block-buttons is-content-justification-center is-layout-flex wp-block-buttons-is-layout-flex\">\n<div class=\"wp-block-button\"><a class=\"wp-block-button__link\" href=\"http:\/\/grupogpps.org\/wp-content\/uploads\/2021\/07\/Brief-N-1-Cambio-climatico-Pablo-Elverdin.pdf\" target=\"_blank\" rel=\"noreferrer noopener\">Descargar Brief<\/a><\/div>\n<\/div>","protected":false},"excerpt":{"rendered":"<p>Por Pablo Elverdin (GPS) &nbsp; Este brief resume las ideas principales de varios trabajos elaborados por GPS sobre la tem\u00e1tica del cambio clim\u00e1tico, se aborda la cuesti\u00f3n de los compromisos asumidos en el marco de la COP y c\u00f3mo estos se aplican a nivel regional y sus implicancias para la producci\u00f3n agr\u00edcola de ABPU. Este [&hellip;]<\/p>","protected":false},"author":2,"featured_media":2060,"comment_status":"closed","ping_status":"closed","sticky":false,"template":"","format":"standard","meta":{"footnotes":""},"categories":[26,27],"tags":[],"class_list":["post-2059","post","type-post","status-publish","format-standard","has-post-thumbnail","hentry","category-documentos-institucionales","category-publicaciones-home"],"yoast_head":"<!-- This site is optimized with the Yoast SEO plugin v26.8 - https:\/\/yoast.com\/product\/yoast-seo-wordpress\/ -->\n<title>Brief GPS - Cambio clim\u00e1tico, agricultura y compromisos ambientales regionales en la COP - GPS<\/title>\n<meta name=\"robots\" content=\"index, follow, max-snippet:-1, max-image-preview:large, max-video-preview:-1\" \/>\n<link rel=\"canonical\" href=\"https:\/\/grupogpps.org\/pt\/cambio-climatico-agricultura-y-compromisos-ambientales-regionales-en-la-cop-2-2\/\" \/>\n<meta property=\"og:locale\" content=\"pt_BR\" \/>\n<meta property=\"og:type\" content=\"article\" \/>\n<meta property=\"og:title\" content=\"Brief GPS - Cambio clim\u00e1tico, agricultura y compromisos ambientales regionales en la COP - GPS\" \/>\n<meta property=\"og:description\" content=\"Por Pablo Elverdin (GPS) &nbsp; Este brief resume las ideas principales de varios trabajos elaborados por GPS sobre la tem\u00e1tica del cambio clim\u00e1tico, se aborda la cuesti\u00f3n de los compromisos asumidos en el marco de la COP y c\u00f3mo estos se aplican a nivel regional y sus implicancias para la producci\u00f3n agr\u00edcola de ABPU. Este [&hellip;]\" \/>\n<meta property=\"og:url\" content=\"https:\/\/grupogpps.org\/pt\/cambio-climatico-agricultura-y-compromisos-ambientales-regionales-en-la-cop-2-2\/\" \/>\n<meta property=\"og:site_name\" content=\"GPS\" \/>\n<meta property=\"article:publisher\" content=\"https:\/\/www.linkedin.com\/company\/25037162\/\" \/>\n<meta property=\"article:published_time\" content=\"2018-11-07T07:26:28+00:00\" \/>\n<meta property=\"article:modified_time\" content=\"2021-07-08T14:38:02+00:00\" \/>\n<meta property=\"og:image\" content=\"https:\/\/grupogpps.org\/wp-content\/uploads\/2018\/11\/Captura-de-pantalla-2018-11-07-04.20.29.png\" \/>\n\t<meta property=\"og:image:width\" content=\"289\" \/>\n\t<meta property=\"og:image:height\" content=\"382\" \/>\n\t<meta property=\"og:image:type\" content=\"image\/png\" \/>\n<meta name=\"author\" content=\"GPS GPS\" \/>\n<meta name=\"twitter:card\" content=\"summary_large_image\" \/>\n<meta name=\"twitter:creator\" content=\"@GPSLatinAmerica\" \/>\n<meta name=\"twitter:site\" content=\"@GPSLatinAmerica\" \/>\n<meta name=\"twitter:label1\" content=\"Escrito por\" \/>\n\t<meta name=\"twitter:data1\" content=\"GPS GPS\" \/>\n<script type=\"application\/ld+json\" class=\"yoast-schema-graph\">{\"@context\":\"https:\/\/schema.org\",\"@graph\":[{\"@type\":\"Article\",\"@id\":\"https:\/\/grupogpps.org\/cambio-climatico-agricultura-y-compromisos-ambientales-regionales-en-la-cop-2-2\/#article\",\"isPartOf\":{\"@id\":\"https:\/\/grupogpps.org\/cambio-climatico-agricultura-y-compromisos-ambientales-regionales-en-la-cop-2-2\/\"},\"author\":{\"name\":\"GPS GPS\",\"@id\":\"https:\/\/grupogpps.org\/#\/schema\/person\/faaafcd24616dff095821c72659ce41f\"},\"headline\":\"Brief GPS &#8211; Cambio clim\u00e1tico, agricultura y compromisos ambientales regionales en la COP\",\"datePublished\":\"2018-11-07T07:26:28+00:00\",\"dateModified\":\"2021-07-08T14:38:02+00:00\",\"mainEntityOfPage\":{\"@id\":\"https:\/\/grupogpps.org\/cambio-climatico-agricultura-y-compromisos-ambientales-regionales-en-la-cop-2-2\/\"},\"wordCount\":102,\"publisher\":{\"@id\":\"https:\/\/grupogpps.org\/#organization\"},\"image\":{\"@id\":\"https:\/\/grupogpps.org\/cambio-climatico-agricultura-y-compromisos-ambientales-regionales-en-la-cop-2-2\/#primaryimage\"},\"thumbnailUrl\":\"https:\/\/grupogpps.org\/wp-content\/uploads\/2018\/11\/Captura-de-pantalla-2018-11-07-04.20.29.png\",\"articleSection\":[\"Documentos institucionales\",\"Publicaciones Home\"],\"inLanguage\":\"pt-BR\"},{\"@type\":\"WebPage\",\"@id\":\"https:\/\/grupogpps.org\/cambio-climatico-agricultura-y-compromisos-ambientales-regionales-en-la-cop-2-2\/\",\"url\":\"https:\/\/grupogpps.org\/cambio-climatico-agricultura-y-compromisos-ambientales-regionales-en-la-cop-2-2\/\",\"name\":\"Brief GPS - Cambio clim\u00e1tico, agricultura y compromisos ambientales regionales en la COP - GPS\",\"isPartOf\":{\"@id\":\"https:\/\/grupogpps.org\/#website\"},\"primaryImageOfPage\":{\"@id\":\"https:\/\/grupogpps.org\/cambio-climatico-agricultura-y-compromisos-ambientales-regionales-en-la-cop-2-2\/#primaryimage\"},\"image\":{\"@id\":\"https:\/\/grupogpps.org\/cambio-climatico-agricultura-y-compromisos-ambientales-regionales-en-la-cop-2-2\/#primaryimage\"},\"thumbnailUrl\":\"https:\/\/grupogpps.org\/wp-content\/uploads\/2018\/11\/Captura-de-pantalla-2018-11-07-04.20.29.png\",\"datePublished\":\"2018-11-07T07:26:28+00:00\",\"dateModified\":\"2021-07-08T14:38:02+00:00\",\"breadcrumb\":{\"@id\":\"https:\/\/grupogpps.org\/cambio-climatico-agricultura-y-compromisos-ambientales-regionales-en-la-cop-2-2\/#breadcrumb\"},\"inLanguage\":\"pt-BR\",\"potentialAction\":[{\"@type\":\"ReadAction\",\"target\":[\"https:\/\/grupogpps.org\/cambio-climatico-agricultura-y-compromisos-ambientales-regionales-en-la-cop-2-2\/\"]}]},{\"@type\":\"ImageObject\",\"inLanguage\":\"pt-BR\",\"@id\":\"https:\/\/grupogpps.org\/cambio-climatico-agricultura-y-compromisos-ambientales-regionales-en-la-cop-2-2\/#primaryimage\",\"url\":\"https:\/\/grupogpps.org\/wp-content\/uploads\/2018\/11\/Captura-de-pantalla-2018-11-07-04.20.29.png\",\"contentUrl\":\"https:\/\/grupogpps.org\/wp-content\/uploads\/2018\/11\/Captura-de-pantalla-2018-11-07-04.20.29.png\",\"width\":289,\"height\":382,\"caption\":\"Brief GPS - Cambio clim\u00e1tico, agricultura y compromisos ambientales regionales en la COP\"},{\"@type\":\"BreadcrumbList\",\"@id\":\"https:\/\/grupogpps.org\/cambio-climatico-agricultura-y-compromisos-ambientales-regionales-en-la-cop-2-2\/#breadcrumb\",\"itemListElement\":[{\"@type\":\"ListItem\",\"position\":1,\"name\":\"Inicio\",\"item\":\"https:\/\/grupogpps.org\/\"},{\"@type\":\"ListItem\",\"position\":2,\"name\":\"Brief GPS &#8211; Cambio clim\u00e1tico, agricultura y compromisos ambientales regionales en la COP\"}]},{\"@type\":\"WebSite\",\"@id\":\"https:\/\/grupogpps.org\/#website\",\"url\":\"https:\/\/grupogpps.org\/\",\"name\":\"GPS\",\"description\":\"Grupo de pa\u00edses productores del sur\",\"publisher\":{\"@id\":\"https:\/\/grupogpps.org\/#organization\"},\"potentialAction\":[{\"@type\":\"SearchAction\",\"target\":{\"@type\":\"EntryPoint\",\"urlTemplate\":\"https:\/\/grupogpps.org\/?s={search_term_string}\"},\"query-input\":{\"@type\":\"PropertyValueSpecification\",\"valueRequired\":true,\"valueName\":\"search_term_string\"}}],\"inLanguage\":\"pt-BR\"},{\"@type\":\"Organization\",\"@id\":\"https:\/\/grupogpps.org\/#organization\",\"name\":\"GPS - Grupo de pa\u00edses productores del sur\",\"url\":\"https:\/\/grupogpps.org\/\",\"logo\":{\"@type\":\"ImageObject\",\"inLanguage\":\"pt-BR\",\"@id\":\"https:\/\/grupogpps.org\/#\/schema\/logo\/image\/\",\"url\":\"http:\/\/grupogpps.org\/wp-content\/uploads\/2021\/06\/logoGPS3.svg\",\"contentUrl\":\"http:\/\/grupogpps.org\/wp-content\/uploads\/2021\/06\/logoGPS3.svg\",\"width\":1,\"height\":1,\"caption\":\"GPS - Grupo de pa\u00edses productores del sur\"},\"image\":{\"@id\":\"https:\/\/grupogpps.org\/#\/schema\/logo\/image\/\"},\"sameAs\":[\"https:\/\/www.linkedin.com\/company\/25037162\/\",\"https:\/\/x.com\/GPSLatinAmerica\",\"https:\/\/www.instagram.com\/gpslatin\/\",\"https:\/\/www.youtube.com\/channel\/UCM2Qf0jSqNRJRkqmU8dO9QA\/videos\"]},{\"@type\":\"Person\",\"@id\":\"https:\/\/grupogpps.org\/#\/schema\/person\/faaafcd24616dff095821c72659ce41f\",\"name\":\"GPS GPS\",\"url\":\"https:\/\/grupogpps.org\/pt\/author\/gps\/\"}]}<\/script>\n<!-- \/ Yoast SEO plugin. -->","yoast_head_json":{"title":"Brief GPS - Cambio clim\u00e1tico, agricultura y compromisos ambientales regionales en la COP - GPS","robots":{"index":"index","follow":"follow","max-snippet":"max-snippet:-1","max-image-preview":"max-image-preview:large","max-video-preview":"max-video-preview:-1"},"canonical":"https:\/\/grupogpps.org\/pt\/cambio-climatico-agricultura-y-compromisos-ambientales-regionales-en-la-cop-2-2\/","og_locale":"pt_BR","og_type":"article","og_title":"Brief GPS - Cambio clim\u00e1tico, agricultura y compromisos ambientales regionales en la COP - GPS","og_description":"Por Pablo Elverdin (GPS) &nbsp; Este brief resume las ideas principales de varios trabajos elaborados por GPS sobre la tem\u00e1tica del cambio clim\u00e1tico, se aborda la cuesti\u00f3n de los compromisos asumidos en el marco de la COP y c\u00f3mo estos se aplican a nivel regional y sus implicancias para la producci\u00f3n agr\u00edcola de ABPU. Este [&hellip;]","og_url":"https:\/\/grupogpps.org\/pt\/cambio-climatico-agricultura-y-compromisos-ambientales-regionales-en-la-cop-2-2\/","og_site_name":"GPS","article_publisher":"https:\/\/www.linkedin.com\/company\/25037162\/","article_published_time":"2018-11-07T07:26:28+00:00","article_modified_time":"2021-07-08T14:38:02+00:00","og_image":[{"width":289,"height":382,"url":"https:\/\/grupogpps.org\/wp-content\/uploads\/2018\/11\/Captura-de-pantalla-2018-11-07-04.20.29.png","type":"image\/png"}],"author":"GPS GPS","twitter_card":"summary_large_image","twitter_creator":"@GPSLatinAmerica","twitter_site":"@GPSLatinAmerica","twitter_misc":{"Escrito por":"GPS GPS"},"schema":{"@context":"https:\/\/schema.org","@graph":[{"@type":"Article","@id":"https:\/\/grupogpps.org\/cambio-climatico-agricultura-y-compromisos-ambientales-regionales-en-la-cop-2-2\/#article","isPartOf":{"@id":"https:\/\/grupogpps.org\/cambio-climatico-agricultura-y-compromisos-ambientales-regionales-en-la-cop-2-2\/"},"author":{"name":"GPS GPS","@id":"https:\/\/grupogpps.org\/#\/schema\/person\/faaafcd24616dff095821c72659ce41f"},"headline":"Brief GPS &#8211; Cambio clim\u00e1tico, agricultura y compromisos ambientales regionales en la COP","datePublished":"2018-11-07T07:26:28+00:00","dateModified":"2021-07-08T14:38:02+00:00","mainEntityOfPage":{"@id":"https:\/\/grupogpps.org\/cambio-climatico-agricultura-y-compromisos-ambientales-regionales-en-la-cop-2-2\/"},"wordCount":102,"publisher":{"@id":"https:\/\/grupogpps.org\/#organization"},"image":{"@id":"https:\/\/grupogpps.org\/cambio-climatico-agricultura-y-compromisos-ambientales-regionales-en-la-cop-2-2\/#primaryimage"},"thumbnailUrl":"https:\/\/grupogpps.org\/wp-content\/uploads\/2018\/11\/Captura-de-pantalla-2018-11-07-04.20.29.png","articleSection":["Documentos institucionales","Publicaciones Home"],"inLanguage":"pt-BR"},{"@type":"WebPage","@id":"https:\/\/grupogpps.org\/cambio-climatico-agricultura-y-compromisos-ambientales-regionales-en-la-cop-2-2\/","url":"https:\/\/grupogpps.org\/cambio-climatico-agricultura-y-compromisos-ambientales-regionales-en-la-cop-2-2\/","name":"Brief GPS - Cambio clim\u00e1tico, agricultura y compromisos ambientales regionales en la COP - GPS","isPartOf":{"@id":"https:\/\/grupogpps.org\/#website"},"primaryImageOfPage":{"@id":"https:\/\/grupogpps.org\/cambio-climatico-agricultura-y-compromisos-ambientales-regionales-en-la-cop-2-2\/#primaryimage"},"image":{"@id":"https:\/\/grupogpps.org\/cambio-climatico-agricultura-y-compromisos-ambientales-regionales-en-la-cop-2-2\/#primaryimage"},"thumbnailUrl":"https:\/\/grupogpps.org\/wp-content\/uploads\/2018\/11\/Captura-de-pantalla-2018-11-07-04.20.29.png","datePublished":"2018-11-07T07:26:28+00:00","dateModified":"2021-07-08T14:38:02+00:00","breadcrumb":{"@id":"https:\/\/grupogpps.org\/cambio-climatico-agricultura-y-compromisos-ambientales-regionales-en-la-cop-2-2\/#breadcrumb"},"inLanguage":"pt-BR","potentialAction":[{"@type":"ReadAction","target":["https:\/\/grupogpps.org\/cambio-climatico-agricultura-y-compromisos-ambientales-regionales-en-la-cop-2-2\/"]}]},{"@type":"ImageObject","inLanguage":"pt-BR","@id":"https:\/\/grupogpps.org\/cambio-climatico-agricultura-y-compromisos-ambientales-regionales-en-la-cop-2-2\/#primaryimage","url":"https:\/\/grupogpps.org\/wp-content\/uploads\/2018\/11\/Captura-de-pantalla-2018-11-07-04.20.29.png","contentUrl":"https:\/\/grupogpps.org\/wp-content\/uploads\/2018\/11\/Captura-de-pantalla-2018-11-07-04.20.29.png","width":289,"height":382,"caption":"Brief GPS - Cambio clim\u00e1tico, agricultura y compromisos ambientales regionales en la COP"},{"@type":"BreadcrumbList","@id":"https:\/\/grupogpps.org\/cambio-climatico-agricultura-y-compromisos-ambientales-regionales-en-la-cop-2-2\/#breadcrumb","itemListElement":[{"@type":"ListItem","position":1,"name":"Inicio","item":"https:\/\/grupogpps.org\/"},{"@type":"ListItem","position":2,"name":"Brief GPS &#8211; Cambio clim\u00e1tico, agricultura y compromisos ambientales regionales en la COP"}]},{"@type":"WebSite","@id":"https:\/\/grupogpps.org\/#website","url":"https:\/\/grupogpps.org\/","name":"GPS","description":"Grupo de pa\u00edses productores del sur","publisher":{"@id":"https:\/\/grupogpps.org\/#organization"},"potentialAction":[{"@type":"SearchAction","target":{"@type":"EntryPoint","urlTemplate":"https:\/\/grupogpps.org\/?s={search_term_string}"},"query-input":{"@type":"PropertyValueSpecification","valueRequired":true,"valueName":"search_term_string"}}],"inLanguage":"pt-BR"},{"@type":"Organization","@id":"https:\/\/grupogpps.org\/#organization","name":"GPS - Grupo de pa\u00edses productores del sur","url":"https:\/\/grupogpps.org\/","logo":{"@type":"ImageObject","inLanguage":"pt-BR","@id":"https:\/\/grupogpps.org\/#\/schema\/logo\/image\/","url":"http:\/\/grupogpps.org\/wp-content\/uploads\/2021\/06\/logoGPS3.svg","contentUrl":"http:\/\/grupogpps.org\/wp-content\/uploads\/2021\/06\/logoGPS3.svg","width":1,"height":1,"caption":"GPS - Grupo de pa\u00edses productores del sur"},"image":{"@id":"https:\/\/grupogpps.org\/#\/schema\/logo\/image\/"},"sameAs":["https:\/\/www.linkedin.com\/company\/25037162\/","https:\/\/x.com\/GPSLatinAmerica","https:\/\/www.instagram.com\/gpslatin\/","https:\/\/www.youtube.com\/channel\/UCM2Qf0jSqNRJRkqmU8dO9QA\/videos"]},{"@type":"Person","@id":"https:\/\/grupogpps.org\/#\/schema\/person\/faaafcd24616dff095821c72659ce41f","name":"GPS GPS","url":"https:\/\/grupogpps.org\/pt\/author\/gps\/"}]}},"_links":{"self":[{"href":"https:\/\/grupogpps.org\/pt\/wp-json\/wp\/v2\/posts\/2059","targetHints":{"allow":["GET"]}}],"collection":[{"href":"https:\/\/grupogpps.org\/pt\/wp-json\/wp\/v2\/posts"}],"about":[{"href":"https:\/\/grupogpps.org\/pt\/wp-json\/wp\/v2\/types\/post"}],"author":[{"embeddable":true,"href":"https:\/\/grupogpps.org\/pt\/wp-json\/wp\/v2\/users\/2"}],"replies":[{"embeddable":true,"href":"https:\/\/grupogpps.org\/pt\/wp-json\/wp\/v2\/comments?post=2059"}],"version-history":[{"count":1,"href":"https:\/\/grupogpps.org\/pt\/wp-json\/wp\/v2\/posts\/2059\/revisions"}],"predecessor-version":[{"id":3266,"href":"https:\/\/grupogpps.org\/pt\/wp-json\/wp\/v2\/posts\/2059\/revisions\/3266"}],"wp:featuredmedia":[{"embeddable":true,"href":"https:\/\/grupogpps.org\/pt\/wp-json\/wp\/v2\/media\/2060"}],"wp:attachment":[{"href":"https:\/\/grupogpps.org\/pt\/wp-json\/wp\/v2\/media?parent=2059"}],"wp:term":[{"taxonomy":"category","embeddable":true,"href":"https:\/\/grupogpps.org\/pt\/wp-json\/wp\/v2\/categories?post=2059"},{"taxonomy":"post_tag","embeddable":true,"href":"https:\/\/grupogpps.org\/pt\/wp-json\/wp\/v2\/tags?post=2059"}],"curies":[{"name":"wp","href":"https:\/\/api.w.org\/{rel}","templated":true}]}}