{"id":1965,"date":"2019-07-11T12:28:16","date_gmt":"2019-07-11T15:28:16","guid":{"rendered":"http:\/\/grupogpps.org\/?p=1596"},"modified":"2021-07-06T08:17:10","modified_gmt":"2021-07-06T11:17:10","slug":"gps-socio-estrategico-del-programa-de-comunicacion-estrategica-para-el-agro-de-la-universidad-austral","status":"publish","type":"post","link":"https:\/\/grupogpps.org\/pt\/gps-socio-estrategico-del-programa-de-comunicacion-estrategica-para-el-agro-de-la-universidad-austral\/","title":{"rendered":"GPS socio estrat\u00e9gico del Programa de Comunicaci\u00f3n Estrat\u00e9gica para el Agro de la Universidad Austral"},"content":{"rendered":"<p><strong>\u00bfDe qu\u00e9 habla el campo argentino cuando se refiere a s\u00ed mismo? En un presente complejo, el gran desaf\u00edo para el agro es conocer, discutir, definir y comunicar cu\u00e1les son los rasgos que lo definen como sector.<\/strong><\/p>\n\n\n\n<p>GPS se ha sumado como socio estrat\u00e9gico del Programa de Comunicaci\u00f3n Estrat\u00e9gica para el Agro de la Universidad Austral.<\/p>\n\n\n\n<p>El programa est\u00e1 dirigido a todos los involucrados en la cadena de valor del sector agroalimentario de la Argentina, con o sin incidencia&nbsp;en el \u00e1rea de comunicaci\u00f3n de la empresa, instituci\u00f3n o emprendimiento que llevan adelante o &nbsp;en el que participan.<\/p>\n\n\n\n<p>Sus objetivos son&nbsp;reconocer y re encuadrar las percepciones sobre el agro en la sociedad, identificando emergentes y oportunidades, reflexionar&nbsp;sobre el valor estrat\u00e9gico de la planificaci\u00f3n y gesti\u00f3n de la comunicaci\u00f3n para los agronegocios, incorporar conocimientos y destrezas para la planificaci\u00f3n de la comunicaci\u00f3n, adquirir una metodolog\u00eda de trabajo para el dise\u00f1o de un plan estrat\u00e9gico de comunicaci\u00f3n y formar un <em>Think Tank<\/em> <em>Agro&nbsp;<\/em>capacitado en comunicaci\u00f3n estrat\u00e9gica para que proponga, implemente y mida oportunidades y acciones de mejora continua.<\/p>\n\n\n\n<p><a href=\"http:\/\/www.austral.edu.ar\/posgrados-comunicacion\/programas-ejecutivos\/comunicacion-institucional\/programa-de-comunicacion-estrategica-para-el-agro-pce-agro\/\" target=\"_blank\" rel=\"noopener\">M\u00e1s informaci\u00f3n<\/a><\/p>","protected":false},"excerpt":{"rendered":"<p>\u00bfDe qu\u00e9 habla el campo argentino cuando se refiere a s\u00ed mismo? En un presente complejo, el gran desaf\u00edo para el agro es conocer, discutir, definir y comunicar cu\u00e1les son los rasgos que lo definen como sector. GPS se ha sumado como socio estrat\u00e9gico del Programa de Comunicaci\u00f3n Estrat\u00e9gica para el Agro de la Universidad [&hellip;]<\/p>","protected":false},"author":2,"featured_media":1966,"comment_status":"closed","ping_status":"closed","sticky":false,"template":"","format":"standard","meta":{"footnotes":""},"categories":[19,25,23],"tags":[],"class_list":["post-1965","post","type-post","status-publish","format-standard","has-post-thumbnail","hentry","category-actividades","category-home","category-novedades"],"yoast_head":"<!-- This site is optimized with the Yoast SEO plugin v26.8 - https:\/\/yoast.com\/product\/yoast-seo-wordpress\/ -->\n<title>GPS socio estrat\u00e9gico del Programa de Comunicaci\u00f3n Estrat\u00e9gica para el Agro de la Universidad Austral - GPS<\/title>\n<meta name=\"robots\" content=\"index, follow, max-snippet:-1, max-image-preview:large, max-video-preview:-1\" \/>\n<link rel=\"canonical\" href=\"https:\/\/grupogpps.org\/pt\/gps-socio-estrategico-del-programa-de-comunicacion-estrategica-para-el-agro-de-la-universidad-austral\/\" \/>\n<meta property=\"og:locale\" content=\"pt_BR\" \/>\n<meta property=\"og:type\" content=\"article\" \/>\n<meta property=\"og:title\" content=\"GPS socio estrat\u00e9gico del Programa de Comunicaci\u00f3n Estrat\u00e9gica para el Agro de la Universidad Austral - GPS\" \/>\n<meta property=\"og:description\" content=\"\u00bfDe qu\u00e9 habla el campo argentino cuando se refiere a s\u00ed mismo? En un presente complejo, el gran desaf\u00edo para el agro es conocer, discutir, definir y comunicar cu\u00e1les son los rasgos que lo definen como sector. GPS se ha sumado como socio estrat\u00e9gico del Programa de Comunicaci\u00f3n Estrat\u00e9gica para el Agro de la Universidad [&hellip;]\" \/>\n<meta property=\"og:url\" content=\"https:\/\/grupogpps.org\/pt\/gps-socio-estrategico-del-programa-de-comunicacion-estrategica-para-el-agro-de-la-universidad-austral\/\" \/>\n<meta property=\"og:site_name\" content=\"GPS\" \/>\n<meta property=\"article:publisher\" content=\"https:\/\/www.linkedin.com\/company\/25037162\/\" \/>\n<meta property=\"article:published_time\" content=\"2019-07-11T15:28:16+00:00\" \/>\n<meta property=\"article:modified_time\" content=\"2021-07-06T11:17:10+00:00\" \/>\n<meta property=\"og:image\" content=\"https:\/\/grupogpps.org\/wp-content\/uploads\/2019\/07\/Agro-2019.png\" \/>\n\t<meta property=\"og:image:width\" content=\"650\" \/>\n\t<meta property=\"og:image:height\" content=\"1000\" \/>\n\t<meta property=\"og:image:type\" content=\"image\/png\" \/>\n<meta name=\"author\" content=\"GPS GPS\" \/>\n<meta name=\"twitter:card\" content=\"summary_large_image\" \/>\n<meta name=\"twitter:creator\" content=\"@GPSLatinAmerica\" \/>\n<meta name=\"twitter:site\" content=\"@GPSLatinAmerica\" \/>\n<meta name=\"twitter:label1\" content=\"Escrito por\" \/>\n\t<meta name=\"twitter:data1\" content=\"GPS GPS\" \/>\n\t<meta name=\"twitter:label2\" content=\"Est. tempo de leitura\" \/>\n\t<meta name=\"twitter:data2\" content=\"1 minuto\" \/>\n<script type=\"application\/ld+json\" class=\"yoast-schema-graph\">{\"@context\":\"https:\/\/schema.org\",\"@graph\":[{\"@type\":\"Article\",\"@id\":\"https:\/\/grupogpps.org\/gps-socio-estrategico-del-programa-de-comunicacion-estrategica-para-el-agro-de-la-universidad-austral\/#article\",\"isPartOf\":{\"@id\":\"https:\/\/grupogpps.org\/gps-socio-estrategico-del-programa-de-comunicacion-estrategica-para-el-agro-de-la-universidad-austral\/\"},\"author\":{\"name\":\"GPS GPS\",\"@id\":\"https:\/\/grupogpps.org\/#\/schema\/person\/faaafcd24616dff095821c72659ce41f\"},\"headline\":\"GPS socio estrat\u00e9gico del Programa de Comunicaci\u00f3n Estrat\u00e9gica para el Agro de la Universidad Austral\",\"datePublished\":\"2019-07-11T15:28:16+00:00\",\"dateModified\":\"2021-07-06T11:17:10+00:00\",\"mainEntityOfPage\":{\"@id\":\"https:\/\/grupogpps.org\/gps-socio-estrategico-del-programa-de-comunicacion-estrategica-para-el-agro-de-la-universidad-austral\/\"},\"wordCount\":225,\"publisher\":{\"@id\":\"https:\/\/grupogpps.org\/#organization\"},\"image\":{\"@id\":\"https:\/\/grupogpps.org\/gps-socio-estrategico-del-programa-de-comunicacion-estrategica-para-el-agro-de-la-universidad-austral\/#primaryimage\"},\"thumbnailUrl\":\"https:\/\/grupogpps.org\/wp-content\/uploads\/2019\/07\/Agro-2019.png\",\"articleSection\":[\"Actividades\",\"Home\",\"Novedades\"],\"inLanguage\":\"pt-BR\"},{\"@type\":\"WebPage\",\"@id\":\"https:\/\/grupogpps.org\/gps-socio-estrategico-del-programa-de-comunicacion-estrategica-para-el-agro-de-la-universidad-austral\/\",\"url\":\"https:\/\/grupogpps.org\/gps-socio-estrategico-del-programa-de-comunicacion-estrategica-para-el-agro-de-la-universidad-austral\/\",\"name\":\"GPS socio estrat\u00e9gico del Programa de Comunicaci\u00f3n Estrat\u00e9gica para el Agro de la Universidad Austral - GPS\",\"isPartOf\":{\"@id\":\"https:\/\/grupogpps.org\/#website\"},\"primaryImageOfPage\":{\"@id\":\"https:\/\/grupogpps.org\/gps-socio-estrategico-del-programa-de-comunicacion-estrategica-para-el-agro-de-la-universidad-austral\/#primaryimage\"},\"image\":{\"@id\":\"https:\/\/grupogpps.org\/gps-socio-estrategico-del-programa-de-comunicacion-estrategica-para-el-agro-de-la-universidad-austral\/#primaryimage\"},\"thumbnailUrl\":\"https:\/\/grupogpps.org\/wp-content\/uploads\/2019\/07\/Agro-2019.png\",\"datePublished\":\"2019-07-11T15:28:16+00:00\",\"dateModified\":\"2021-07-06T11:17:10+00:00\",\"breadcrumb\":{\"@id\":\"https:\/\/grupogpps.org\/gps-socio-estrategico-del-programa-de-comunicacion-estrategica-para-el-agro-de-la-universidad-austral\/#breadcrumb\"},\"inLanguage\":\"pt-BR\",\"potentialAction\":[{\"@type\":\"ReadAction\",\"target\":[\"https:\/\/grupogpps.org\/gps-socio-estrategico-del-programa-de-comunicacion-estrategica-para-el-agro-de-la-universidad-austral\/\"]}]},{\"@type\":\"ImageObject\",\"inLanguage\":\"pt-BR\",\"@id\":\"https:\/\/grupogpps.org\/gps-socio-estrategico-del-programa-de-comunicacion-estrategica-para-el-agro-de-la-universidad-austral\/#primaryimage\",\"url\":\"https:\/\/grupogpps.org\/wp-content\/uploads\/2019\/07\/Agro-2019.png\",\"contentUrl\":\"https:\/\/grupogpps.org\/wp-content\/uploads\/2019\/07\/Agro-2019.png\",\"width\":650,\"height\":1000,\"caption\":\"GPS socio estrat\u00e9gico del Programa de Comunicaci\u00f3n Estrat\u00e9gica para el Agro de la Universidad Austral\"},{\"@type\":\"BreadcrumbList\",\"@id\":\"https:\/\/grupogpps.org\/gps-socio-estrategico-del-programa-de-comunicacion-estrategica-para-el-agro-de-la-universidad-austral\/#breadcrumb\",\"itemListElement\":[{\"@type\":\"ListItem\",\"position\":1,\"name\":\"Inicio\",\"item\":\"https:\/\/grupogpps.org\/\"},{\"@type\":\"ListItem\",\"position\":2,\"name\":\"GPS socio estrat\u00e9gico del Programa de Comunicaci\u00f3n Estrat\u00e9gica para el Agro de la Universidad Austral\"}]},{\"@type\":\"WebSite\",\"@id\":\"https:\/\/grupogpps.org\/#website\",\"url\":\"https:\/\/grupogpps.org\/\",\"name\":\"GPS\",\"description\":\"Grupo de pa\u00edses productores del sur\",\"publisher\":{\"@id\":\"https:\/\/grupogpps.org\/#organization\"},\"potentialAction\":[{\"@type\":\"SearchAction\",\"target\":{\"@type\":\"EntryPoint\",\"urlTemplate\":\"https:\/\/grupogpps.org\/?s={search_term_string}\"},\"query-input\":{\"@type\":\"PropertyValueSpecification\",\"valueRequired\":true,\"valueName\":\"search_term_string\"}}],\"inLanguage\":\"pt-BR\"},{\"@type\":\"Organization\",\"@id\":\"https:\/\/grupogpps.org\/#organization\",\"name\":\"GPS - Grupo de pa\u00edses productores del sur\",\"url\":\"https:\/\/grupogpps.org\/\",\"logo\":{\"@type\":\"ImageObject\",\"inLanguage\":\"pt-BR\",\"@id\":\"https:\/\/grupogpps.org\/#\/schema\/logo\/image\/\",\"url\":\"http:\/\/grupogpps.org\/wp-content\/uploads\/2021\/06\/logoGPS3.svg\",\"contentUrl\":\"http:\/\/grupogpps.org\/wp-content\/uploads\/2021\/06\/logoGPS3.svg\",\"width\":1,\"height\":1,\"caption\":\"GPS - Grupo de pa\u00edses productores del sur\"},\"image\":{\"@id\":\"https:\/\/grupogpps.org\/#\/schema\/logo\/image\/\"},\"sameAs\":[\"https:\/\/www.linkedin.com\/company\/25037162\/\",\"https:\/\/x.com\/GPSLatinAmerica\",\"https:\/\/www.instagram.com\/gpslatin\/\",\"https:\/\/www.youtube.com\/channel\/UCM2Qf0jSqNRJRkqmU8dO9QA\/videos\"]},{\"@type\":\"Person\",\"@id\":\"https:\/\/grupogpps.org\/#\/schema\/person\/faaafcd24616dff095821c72659ce41f\",\"name\":\"GPS GPS\",\"url\":\"https:\/\/grupogpps.org\/pt\/author\/gps\/\"}]}<\/script>\n<!-- \/ Yoast SEO plugin. -->","yoast_head_json":{"title":"GPS socio estrat\u00e9gico del Programa de Comunicaci\u00f3n Estrat\u00e9gica para el Agro de la Universidad Austral - GPS","robots":{"index":"index","follow":"follow","max-snippet":"max-snippet:-1","max-image-preview":"max-image-preview:large","max-video-preview":"max-video-preview:-1"},"canonical":"https:\/\/grupogpps.org\/pt\/gps-socio-estrategico-del-programa-de-comunicacion-estrategica-para-el-agro-de-la-universidad-austral\/","og_locale":"pt_BR","og_type":"article","og_title":"GPS socio estrat\u00e9gico del Programa de Comunicaci\u00f3n Estrat\u00e9gica para el Agro de la Universidad Austral - GPS","og_description":"\u00bfDe qu\u00e9 habla el campo argentino cuando se refiere a s\u00ed mismo? En un presente complejo, el gran desaf\u00edo para el agro es conocer, discutir, definir y comunicar cu\u00e1les son los rasgos que lo definen como sector. GPS se ha sumado como socio estrat\u00e9gico del Programa de Comunicaci\u00f3n Estrat\u00e9gica para el Agro de la Universidad [&hellip;]","og_url":"https:\/\/grupogpps.org\/pt\/gps-socio-estrategico-del-programa-de-comunicacion-estrategica-para-el-agro-de-la-universidad-austral\/","og_site_name":"GPS","article_publisher":"https:\/\/www.linkedin.com\/company\/25037162\/","article_published_time":"2019-07-11T15:28:16+00:00","article_modified_time":"2021-07-06T11:17:10+00:00","og_image":[{"width":650,"height":1000,"url":"https:\/\/grupogpps.org\/wp-content\/uploads\/2019\/07\/Agro-2019.png","type":"image\/png"}],"author":"GPS GPS","twitter_card":"summary_large_image","twitter_creator":"@GPSLatinAmerica","twitter_site":"@GPSLatinAmerica","twitter_misc":{"Escrito por":"GPS GPS","Est. tempo de leitura":"1 minuto"},"schema":{"@context":"https:\/\/schema.org","@graph":[{"@type":"Article","@id":"https:\/\/grupogpps.org\/gps-socio-estrategico-del-programa-de-comunicacion-estrategica-para-el-agro-de-la-universidad-austral\/#article","isPartOf":{"@id":"https:\/\/grupogpps.org\/gps-socio-estrategico-del-programa-de-comunicacion-estrategica-para-el-agro-de-la-universidad-austral\/"},"author":{"name":"GPS GPS","@id":"https:\/\/grupogpps.org\/#\/schema\/person\/faaafcd24616dff095821c72659ce41f"},"headline":"GPS socio estrat\u00e9gico del Programa de Comunicaci\u00f3n Estrat\u00e9gica para el Agro de la Universidad Austral","datePublished":"2019-07-11T15:28:16+00:00","dateModified":"2021-07-06T11:17:10+00:00","mainEntityOfPage":{"@id":"https:\/\/grupogpps.org\/gps-socio-estrategico-del-programa-de-comunicacion-estrategica-para-el-agro-de-la-universidad-austral\/"},"wordCount":225,"publisher":{"@id":"https:\/\/grupogpps.org\/#organization"},"image":{"@id":"https:\/\/grupogpps.org\/gps-socio-estrategico-del-programa-de-comunicacion-estrategica-para-el-agro-de-la-universidad-austral\/#primaryimage"},"thumbnailUrl":"https:\/\/grupogpps.org\/wp-content\/uploads\/2019\/07\/Agro-2019.png","articleSection":["Actividades","Home","Novedades"],"inLanguage":"pt-BR"},{"@type":"WebPage","@id":"https:\/\/grupogpps.org\/gps-socio-estrategico-del-programa-de-comunicacion-estrategica-para-el-agro-de-la-universidad-austral\/","url":"https:\/\/grupogpps.org\/gps-socio-estrategico-del-programa-de-comunicacion-estrategica-para-el-agro-de-la-universidad-austral\/","name":"GPS socio estrat\u00e9gico del Programa de Comunicaci\u00f3n Estrat\u00e9gica para el Agro de la Universidad Austral - GPS","isPartOf":{"@id":"https:\/\/grupogpps.org\/#website"},"primaryImageOfPage":{"@id":"https:\/\/grupogpps.org\/gps-socio-estrategico-del-programa-de-comunicacion-estrategica-para-el-agro-de-la-universidad-austral\/#primaryimage"},"image":{"@id":"https:\/\/grupogpps.org\/gps-socio-estrategico-del-programa-de-comunicacion-estrategica-para-el-agro-de-la-universidad-austral\/#primaryimage"},"thumbnailUrl":"https:\/\/grupogpps.org\/wp-content\/uploads\/2019\/07\/Agro-2019.png","datePublished":"2019-07-11T15:28:16+00:00","dateModified":"2021-07-06T11:17:10+00:00","breadcrumb":{"@id":"https:\/\/grupogpps.org\/gps-socio-estrategico-del-programa-de-comunicacion-estrategica-para-el-agro-de-la-universidad-austral\/#breadcrumb"},"inLanguage":"pt-BR","potentialAction":[{"@type":"ReadAction","target":["https:\/\/grupogpps.org\/gps-socio-estrategico-del-programa-de-comunicacion-estrategica-para-el-agro-de-la-universidad-austral\/"]}]},{"@type":"ImageObject","inLanguage":"pt-BR","@id":"https:\/\/grupogpps.org\/gps-socio-estrategico-del-programa-de-comunicacion-estrategica-para-el-agro-de-la-universidad-austral\/#primaryimage","url":"https:\/\/grupogpps.org\/wp-content\/uploads\/2019\/07\/Agro-2019.png","contentUrl":"https:\/\/grupogpps.org\/wp-content\/uploads\/2019\/07\/Agro-2019.png","width":650,"height":1000,"caption":"GPS socio estrat\u00e9gico del Programa de Comunicaci\u00f3n Estrat\u00e9gica para el Agro de la Universidad Austral"},{"@type":"BreadcrumbList","@id":"https:\/\/grupogpps.org\/gps-socio-estrategico-del-programa-de-comunicacion-estrategica-para-el-agro-de-la-universidad-austral\/#breadcrumb","itemListElement":[{"@type":"ListItem","position":1,"name":"Inicio","item":"https:\/\/grupogpps.org\/"},{"@type":"ListItem","position":2,"name":"GPS socio estrat\u00e9gico del Programa de Comunicaci\u00f3n Estrat\u00e9gica para el Agro de la Universidad Austral"}]},{"@type":"WebSite","@id":"https:\/\/grupogpps.org\/#website","url":"https:\/\/grupogpps.org\/","name":"GPS","description":"Grupo de pa\u00edses productores del sur","publisher":{"@id":"https:\/\/grupogpps.org\/#organization"},"potentialAction":[{"@type":"SearchAction","target":{"@type":"EntryPoint","urlTemplate":"https:\/\/grupogpps.org\/?s={search_term_string}"},"query-input":{"@type":"PropertyValueSpecification","valueRequired":true,"valueName":"search_term_string"}}],"inLanguage":"pt-BR"},{"@type":"Organization","@id":"https:\/\/grupogpps.org\/#organization","name":"GPS - Grupo de pa\u00edses productores del sur","url":"https:\/\/grupogpps.org\/","logo":{"@type":"ImageObject","inLanguage":"pt-BR","@id":"https:\/\/grupogpps.org\/#\/schema\/logo\/image\/","url":"http:\/\/grupogpps.org\/wp-content\/uploads\/2021\/06\/logoGPS3.svg","contentUrl":"http:\/\/grupogpps.org\/wp-content\/uploads\/2021\/06\/logoGPS3.svg","width":1,"height":1,"caption":"GPS - Grupo de pa\u00edses productores del sur"},"image":{"@id":"https:\/\/grupogpps.org\/#\/schema\/logo\/image\/"},"sameAs":["https:\/\/www.linkedin.com\/company\/25037162\/","https:\/\/x.com\/GPSLatinAmerica","https:\/\/www.instagram.com\/gpslatin\/","https:\/\/www.youtube.com\/channel\/UCM2Qf0jSqNRJRkqmU8dO9QA\/videos"]},{"@type":"Person","@id":"https:\/\/grupogpps.org\/#\/schema\/person\/faaafcd24616dff095821c72659ce41f","name":"GPS GPS","url":"https:\/\/grupogpps.org\/pt\/author\/gps\/"}]}},"_links":{"self":[{"href":"https:\/\/grupogpps.org\/pt\/wp-json\/wp\/v2\/posts\/1965","targetHints":{"allow":["GET"]}}],"collection":[{"href":"https:\/\/grupogpps.org\/pt\/wp-json\/wp\/v2\/posts"}],"about":[{"href":"https:\/\/grupogpps.org\/pt\/wp-json\/wp\/v2\/types\/post"}],"author":[{"embeddable":true,"href":"https:\/\/grupogpps.org\/pt\/wp-json\/wp\/v2\/users\/2"}],"replies":[{"embeddable":true,"href":"https:\/\/grupogpps.org\/pt\/wp-json\/wp\/v2\/comments?post=1965"}],"version-history":[{"count":1,"href":"https:\/\/grupogpps.org\/pt\/wp-json\/wp\/v2\/posts\/1965\/revisions"}],"predecessor-version":[{"id":2833,"href":"https:\/\/grupogpps.org\/pt\/wp-json\/wp\/v2\/posts\/1965\/revisions\/2833"}],"wp:featuredmedia":[{"embeddable":true,"href":"https:\/\/grupogpps.org\/pt\/wp-json\/wp\/v2\/media\/1966"}],"wp:attachment":[{"href":"https:\/\/grupogpps.org\/pt\/wp-json\/wp\/v2\/media?parent=1965"}],"wp:term":[{"taxonomy":"category","embeddable":true,"href":"https:\/\/grupogpps.org\/pt\/wp-json\/wp\/v2\/categories?post=1965"},{"taxonomy":"post_tag","embeddable":true,"href":"https:\/\/grupogpps.org\/pt\/wp-json\/wp\/v2\/tags?post=1965"}],"curies":[{"name":"wp","href":"https:\/\/api.w.org\/{rel}","templated":true}]}}