{"id":1959,"date":"2019-08-02T14:42:46","date_gmt":"2019-08-02T17:42:46","guid":{"rendered":"http:\/\/grupogpps.org\/?p=1606"},"modified":"2021-07-06T07:46:45","modified_gmt":"2021-07-06T10:46:45","slug":"1606-2","status":"publish","type":"post","link":"https:\/\/grupogpps.org\/pt\/1606-2\/","title":{"rendered":"Ernesto Viglizzo recibe Homenaje a la Trayectoria durante Premios CITA"},"content":{"rendered":"<p>El Ing. Agr\u00f3nomo <a href=\"https:\/\/www.instagram.com\/explore\/tags\/ernestoviglizzo\/\" target=\"_blank\" rel=\"noopener\">ErnestoViglizzo<\/a>, miembro de apoyo del Grupo de Pa\u00edses Productores del Sur, GPS, recibi\u00f3 un homenaje a su trayectoria en el marco de los Premios YPF Agro CiTA 2019 que se llevaron a cabo el pasado<a href=\"https:\/\/www.instagram.com\/explore\/tags\/29jul\/\" target=\"_blank\" rel=\"noopener\"> 29 Julio&nbsp;<\/a>en&nbsp;<a href=\"https:\/\/www.instagram.com\/explore\/tags\/larural\/\" target=\"_blank\" rel=\"noopener\">La Rural<\/a>.<\/p>\n\n\n\n<p>Frente a un auditorio con m\u00e1s de 800 invitados -entre los cuales se encontraban presentes autoridades &nbsp;nacionales, provinciales y entidades vinculadas al sector agroindustrial, se premiaron 21 categor\u00edas que fueron elegidos por el jurado de expertos.<\/p>\n\n\n\n<p>Adem\u00e1s&nbsp; los organizadores entregaron cuatro homenajes especiales. La primera fue la Organizaci\u00f3n no Gubernamental sin fines de lucro, AAPRESID, que forma parte del Foro Institucional de GPS Argentina.&nbsp;Su presidente actual, Alejandro Petek, recibi\u00f3 el reconocimiento.<\/p>\n\n\n\n<p>Otro de los homenajeados fue Ernesto Viglizzo, por su trayectoria vasta y fecunda. Dicho reconocimiento &nbsp;fue recibido, en su nombre, por&nbsp;<a href=\"https:\/\/www.instagram.com\/explore\/tags\/eduardoserantes\/\" target=\"_blank\" rel=\"noopener\">Eduardo Serantes<\/a>, coordinador de la red GPS y quien se refiri\u00f3 a Viglizzo como un pionero en la ciencia.<\/p>\n\n\n\n<p>\u00abErnesto dice que en Argentina los campos naturales capturan carbono. Si lo medimos (&#8230;) podemos ser carbono neutro en la ganader\u00eda, y tal vez carbono neutro en toda la agricultura argentina.\u00bb dijo Serantes.<\/p>\n\n\n\n<p>Asimismo, asegur\u00f3 que est\u00e1n trabajando en conjunto con los ministerios para que la ciencia argentina vaya en \u00e9sta l\u00ednea. \u00abHemos hablado con las bolsas para lograr certificaci\u00f3n de \u00e9stos procesos\u201d.<\/p>\n\n\n\n<p>Serantes concluy\u00f3 su discurso asegurando que todos \u00e9stos avances han sido posibles gracias a las investigaciones de Ernesto Viglizzo, \u00abEs \u00e9l quien nos ha convencido a todos de que \u00e9sto es posible\u00bb.<\/p>\n\n\n\n<div style=\"height:20px\" aria-hidden=\"true\" class=\"wp-block-spacer\"><\/div>\n\n\n\n<figure class=\"wp-block-gallery columns-2 is-cropped wp-block-gallery-1 is-layout-flex wp-block-gallery-is-layout-flex\"><ul class=\"blocks-gallery-grid\"><li class=\"blocks-gallery-item\"><figure><a href=\"http:\/\/grupogpps.org\/wp-content\/uploads\/2021\/07\/Premios-Cita-3.jpg\"><img loading=\"lazy\" decoding=\"async\" width=\"768\" height=\"510\" src=\"http:\/\/grupogpps.org\/wp-content\/uploads\/2021\/07\/Premios-Cita-3.jpg\" alt=\"\" data-id=\"2803\" data-full-url=\"http:\/\/grupogpps.org\/wp-content\/uploads\/2021\/07\/Premios-Cita-3.jpg\" data-link=\"http:\/\/grupogpps.org\/2019\/08\/02\/1606-2\/premios-cita-3\/\" class=\"wp-image-2803\" srcset=\"https:\/\/grupogpps.org\/wp-content\/uploads\/2021\/07\/Premios-Cita-3.jpg 768w, https:\/\/grupogpps.org\/wp-content\/uploads\/2021\/07\/Premios-Cita-3-300x199.jpg 300w, https:\/\/grupogpps.org\/wp-content\/uploads\/2021\/07\/Premios-Cita-3-16x12.jpg 16w\" sizes=\"auto, (max-width: 768px) 100vw, 768px\" \/><\/a><\/figure><\/li><li class=\"blocks-gallery-item\"><figure><a href=\"http:\/\/grupogpps.org\/wp-content\/uploads\/2021\/07\/Premios-Cita-1.jpg\"><img loading=\"lazy\" decoding=\"async\" width=\"768\" height=\"419\" src=\"http:\/\/grupogpps.org\/wp-content\/uploads\/2021\/07\/Premios-Cita-1.jpg\" alt=\"\" data-id=\"2805\" data-full-url=\"http:\/\/grupogpps.org\/wp-content\/uploads\/2021\/07\/Premios-Cita-1.jpg\" data-link=\"http:\/\/grupogpps.org\/2019\/08\/02\/1606-2\/premios-cita-1-2\/\" class=\"wp-image-2805\" srcset=\"https:\/\/grupogpps.org\/wp-content\/uploads\/2021\/07\/Premios-Cita-1.jpg 768w, https:\/\/grupogpps.org\/wp-content\/uploads\/2021\/07\/Premios-Cita-1-300x164.jpg 300w, https:\/\/grupogpps.org\/wp-content\/uploads\/2021\/07\/Premios-Cita-1-16x9.jpg 16w\" sizes=\"auto, (max-width: 768px) 100vw, 768px\" \/><\/a><\/figure><\/li><\/ul><\/figure>","protected":false},"excerpt":{"rendered":"<p>El Ing. Agr\u00f3nomo ErnestoViglizzo, miembro de apoyo del Grupo de Pa\u00edses Productores del Sur, GPS, recibi\u00f3 un homenaje a su trayectoria en el marco de los Premios YPF Agro CiTA 2019 que se llevaron a cabo el pasado 29 Julio&nbsp;en&nbsp;La Rural. Frente a un auditorio con m\u00e1s de 800 invitados -entre los cuales se encontraban [&hellip;]<\/p>","protected":false},"author":2,"featured_media":1961,"comment_status":"closed","ping_status":"closed","sticky":false,"template":"","format":"standard","meta":{"footnotes":""},"categories":[19,25,23],"tags":[],"class_list":["post-1959","post","type-post","status-publish","format-standard","has-post-thumbnail","hentry","category-actividades","category-home","category-novedades"],"yoast_head":"<!-- This site is optimized with the Yoast SEO plugin v26.8 - https:\/\/yoast.com\/product\/yoast-seo-wordpress\/ -->\n<title>Ernesto Viglizzo recibe Homenaje a la Trayectoria durante Premios CITA - GPS<\/title>\n<meta name=\"robots\" content=\"index, follow, max-snippet:-1, max-image-preview:large, max-video-preview:-1\" \/>\n<link rel=\"canonical\" href=\"https:\/\/grupogpps.org\/pt\/1606-2\/\" \/>\n<meta property=\"og:locale\" content=\"pt_BR\" \/>\n<meta property=\"og:type\" content=\"article\" \/>\n<meta property=\"og:title\" content=\"Ernesto Viglizzo recibe Homenaje a la Trayectoria durante Premios CITA - GPS\" \/>\n<meta property=\"og:description\" content=\"El Ing. Agr\u00f3nomo ErnestoViglizzo, miembro de apoyo del Grupo de Pa\u00edses Productores del Sur, GPS, recibi\u00f3 un homenaje a su trayectoria en el marco de los Premios YPF Agro CiTA 2019 que se llevaron a cabo el pasado 29 Julio&nbsp;en&nbsp;La Rural. Frente a un auditorio con m\u00e1s de 800 invitados -entre los cuales se encontraban [&hellip;]\" \/>\n<meta property=\"og:url\" content=\"https:\/\/grupogpps.org\/pt\/1606-2\/\" \/>\n<meta property=\"og:site_name\" content=\"GPS\" \/>\n<meta property=\"article:publisher\" content=\"https:\/\/www.linkedin.com\/company\/25037162\/\" \/>\n<meta property=\"article:published_time\" content=\"2019-08-02T17:42:46+00:00\" \/>\n<meta property=\"article:modified_time\" content=\"2021-07-06T10:46:45+00:00\" \/>\n<meta property=\"og:image\" content=\"https:\/\/grupogpps.org\/wp-content\/uploads\/2019\/08\/DSC_5828-scaled.jpg\" \/>\n\t<meta property=\"og:image:width\" content=\"2560\" \/>\n\t<meta property=\"og:image:height\" content=\"1700\" \/>\n\t<meta property=\"og:image:type\" content=\"image\/jpeg\" \/>\n<meta name=\"author\" content=\"GPS GPS\" \/>\n<meta name=\"twitter:card\" content=\"summary_large_image\" \/>\n<meta name=\"twitter:creator\" content=\"@GPSLatinAmerica\" \/>\n<meta name=\"twitter:site\" content=\"@GPSLatinAmerica\" \/>\n<meta name=\"twitter:label1\" content=\"Escrito por\" \/>\n\t<meta name=\"twitter:data1\" content=\"GPS GPS\" \/>\n\t<meta name=\"twitter:label2\" content=\"Est. tempo de leitura\" \/>\n\t<meta name=\"twitter:data2\" content=\"1 minuto\" \/>\n<script type=\"application\/ld+json\" class=\"yoast-schema-graph\">{\"@context\":\"https:\/\/schema.org\",\"@graph\":[{\"@type\":\"Article\",\"@id\":\"https:\/\/grupogpps.org\/1606-2\/#article\",\"isPartOf\":{\"@id\":\"https:\/\/grupogpps.org\/1606-2\/\"},\"author\":{\"name\":\"GPS GPS\",\"@id\":\"https:\/\/grupogpps.org\/#\/schema\/person\/faaafcd24616dff095821c72659ce41f\"},\"headline\":\"Ernesto Viglizzo recibe Homenaje a la Trayectoria durante Premios CITA\",\"datePublished\":\"2019-08-02T17:42:46+00:00\",\"dateModified\":\"2021-07-06T10:46:45+00:00\",\"mainEntityOfPage\":{\"@id\":\"https:\/\/grupogpps.org\/1606-2\/\"},\"wordCount\":272,\"publisher\":{\"@id\":\"https:\/\/grupogpps.org\/#organization\"},\"image\":{\"@id\":\"https:\/\/grupogpps.org\/1606-2\/#primaryimage\"},\"thumbnailUrl\":\"https:\/\/grupogpps.org\/wp-content\/uploads\/2019\/08\/DSC_5828-scaled.jpg\",\"articleSection\":[\"Actividades\",\"Home\",\"Novedades\"],\"inLanguage\":\"pt-BR\"},{\"@type\":\"WebPage\",\"@id\":\"https:\/\/grupogpps.org\/1606-2\/\",\"url\":\"https:\/\/grupogpps.org\/1606-2\/\",\"name\":\"Ernesto Viglizzo recibe Homenaje a la Trayectoria durante Premios CITA - GPS\",\"isPartOf\":{\"@id\":\"https:\/\/grupogpps.org\/#website\"},\"primaryImageOfPage\":{\"@id\":\"https:\/\/grupogpps.org\/1606-2\/#primaryimage\"},\"image\":{\"@id\":\"https:\/\/grupogpps.org\/1606-2\/#primaryimage\"},\"thumbnailUrl\":\"https:\/\/grupogpps.org\/wp-content\/uploads\/2019\/08\/DSC_5828-scaled.jpg\",\"datePublished\":\"2019-08-02T17:42:46+00:00\",\"dateModified\":\"2021-07-06T10:46:45+00:00\",\"breadcrumb\":{\"@id\":\"https:\/\/grupogpps.org\/1606-2\/#breadcrumb\"},\"inLanguage\":\"pt-BR\",\"potentialAction\":[{\"@type\":\"ReadAction\",\"target\":[\"https:\/\/grupogpps.org\/1606-2\/\"]}]},{\"@type\":\"ImageObject\",\"inLanguage\":\"pt-BR\",\"@id\":\"https:\/\/grupogpps.org\/1606-2\/#primaryimage\",\"url\":\"https:\/\/grupogpps.org\/wp-content\/uploads\/2019\/08\/DSC_5828-scaled.jpg\",\"contentUrl\":\"https:\/\/grupogpps.org\/wp-content\/uploads\/2019\/08\/DSC_5828-scaled.jpg\",\"width\":2560,\"height\":1700,\"caption\":\"Ernesto Viglizzo recibe Homenaje a la Trayectoria durante Premios CITA\"},{\"@type\":\"BreadcrumbList\",\"@id\":\"https:\/\/grupogpps.org\/1606-2\/#breadcrumb\",\"itemListElement\":[{\"@type\":\"ListItem\",\"position\":1,\"name\":\"Inicio\",\"item\":\"https:\/\/grupogpps.org\/\"},{\"@type\":\"ListItem\",\"position\":2,\"name\":\"Ernesto Viglizzo recibe Homenaje a la Trayectoria durante Premios CITA\"}]},{\"@type\":\"WebSite\",\"@id\":\"https:\/\/grupogpps.org\/#website\",\"url\":\"https:\/\/grupogpps.org\/\",\"name\":\"GPS\",\"description\":\"Grupo de pa\u00edses productores del sur\",\"publisher\":{\"@id\":\"https:\/\/grupogpps.org\/#organization\"},\"potentialAction\":[{\"@type\":\"SearchAction\",\"target\":{\"@type\":\"EntryPoint\",\"urlTemplate\":\"https:\/\/grupogpps.org\/?s={search_term_string}\"},\"query-input\":{\"@type\":\"PropertyValueSpecification\",\"valueRequired\":true,\"valueName\":\"search_term_string\"}}],\"inLanguage\":\"pt-BR\"},{\"@type\":\"Organization\",\"@id\":\"https:\/\/grupogpps.org\/#organization\",\"name\":\"GPS - Grupo de pa\u00edses productores del sur\",\"url\":\"https:\/\/grupogpps.org\/\",\"logo\":{\"@type\":\"ImageObject\",\"inLanguage\":\"pt-BR\",\"@id\":\"https:\/\/grupogpps.org\/#\/schema\/logo\/image\/\",\"url\":\"http:\/\/grupogpps.org\/wp-content\/uploads\/2021\/06\/logoGPS3.svg\",\"contentUrl\":\"http:\/\/grupogpps.org\/wp-content\/uploads\/2021\/06\/logoGPS3.svg\",\"width\":1,\"height\":1,\"caption\":\"GPS - Grupo de pa\u00edses productores del sur\"},\"image\":{\"@id\":\"https:\/\/grupogpps.org\/#\/schema\/logo\/image\/\"},\"sameAs\":[\"https:\/\/www.linkedin.com\/company\/25037162\/\",\"https:\/\/x.com\/GPSLatinAmerica\",\"https:\/\/www.instagram.com\/gpslatin\/\",\"https:\/\/www.youtube.com\/channel\/UCM2Qf0jSqNRJRkqmU8dO9QA\/videos\"]},{\"@type\":\"Person\",\"@id\":\"https:\/\/grupogpps.org\/#\/schema\/person\/faaafcd24616dff095821c72659ce41f\",\"name\":\"GPS GPS\",\"url\":\"https:\/\/grupogpps.org\/pt\/author\/gps\/\"}]}<\/script>\n<!-- \/ Yoast SEO plugin. -->","yoast_head_json":{"title":"Ernesto Viglizzo recibe Homenaje a la Trayectoria durante Premios CITA - GPS","robots":{"index":"index","follow":"follow","max-snippet":"max-snippet:-1","max-image-preview":"max-image-preview:large","max-video-preview":"max-video-preview:-1"},"canonical":"https:\/\/grupogpps.org\/pt\/1606-2\/","og_locale":"pt_BR","og_type":"article","og_title":"Ernesto Viglizzo recibe Homenaje a la Trayectoria durante Premios CITA - GPS","og_description":"El Ing. Agr\u00f3nomo ErnestoViglizzo, miembro de apoyo del Grupo de Pa\u00edses Productores del Sur, GPS, recibi\u00f3 un homenaje a su trayectoria en el marco de los Premios YPF Agro CiTA 2019 que se llevaron a cabo el pasado 29 Julio&nbsp;en&nbsp;La Rural. Frente a un auditorio con m\u00e1s de 800 invitados -entre los cuales se encontraban [&hellip;]","og_url":"https:\/\/grupogpps.org\/pt\/1606-2\/","og_site_name":"GPS","article_publisher":"https:\/\/www.linkedin.com\/company\/25037162\/","article_published_time":"2019-08-02T17:42:46+00:00","article_modified_time":"2021-07-06T10:46:45+00:00","og_image":[{"width":2560,"height":1700,"url":"https:\/\/grupogpps.org\/wp-content\/uploads\/2019\/08\/DSC_5828-scaled.jpg","type":"image\/jpeg"}],"author":"GPS GPS","twitter_card":"summary_large_image","twitter_creator":"@GPSLatinAmerica","twitter_site":"@GPSLatinAmerica","twitter_misc":{"Escrito por":"GPS GPS","Est. tempo de leitura":"1 minuto"},"schema":{"@context":"https:\/\/schema.org","@graph":[{"@type":"Article","@id":"https:\/\/grupogpps.org\/1606-2\/#article","isPartOf":{"@id":"https:\/\/grupogpps.org\/1606-2\/"},"author":{"name":"GPS GPS","@id":"https:\/\/grupogpps.org\/#\/schema\/person\/faaafcd24616dff095821c72659ce41f"},"headline":"Ernesto Viglizzo recibe Homenaje a la Trayectoria durante Premios CITA","datePublished":"2019-08-02T17:42:46+00:00","dateModified":"2021-07-06T10:46:45+00:00","mainEntityOfPage":{"@id":"https:\/\/grupogpps.org\/1606-2\/"},"wordCount":272,"publisher":{"@id":"https:\/\/grupogpps.org\/#organization"},"image":{"@id":"https:\/\/grupogpps.org\/1606-2\/#primaryimage"},"thumbnailUrl":"https:\/\/grupogpps.org\/wp-content\/uploads\/2019\/08\/DSC_5828-scaled.jpg","articleSection":["Actividades","Home","Novedades"],"inLanguage":"pt-BR"},{"@type":"WebPage","@id":"https:\/\/grupogpps.org\/1606-2\/","url":"https:\/\/grupogpps.org\/1606-2\/","name":"Ernesto Viglizzo recibe Homenaje a la Trayectoria durante Premios CITA - GPS","isPartOf":{"@id":"https:\/\/grupogpps.org\/#website"},"primaryImageOfPage":{"@id":"https:\/\/grupogpps.org\/1606-2\/#primaryimage"},"image":{"@id":"https:\/\/grupogpps.org\/1606-2\/#primaryimage"},"thumbnailUrl":"https:\/\/grupogpps.org\/wp-content\/uploads\/2019\/08\/DSC_5828-scaled.jpg","datePublished":"2019-08-02T17:42:46+00:00","dateModified":"2021-07-06T10:46:45+00:00","breadcrumb":{"@id":"https:\/\/grupogpps.org\/1606-2\/#breadcrumb"},"inLanguage":"pt-BR","potentialAction":[{"@type":"ReadAction","target":["https:\/\/grupogpps.org\/1606-2\/"]}]},{"@type":"ImageObject","inLanguage":"pt-BR","@id":"https:\/\/grupogpps.org\/1606-2\/#primaryimage","url":"https:\/\/grupogpps.org\/wp-content\/uploads\/2019\/08\/DSC_5828-scaled.jpg","contentUrl":"https:\/\/grupogpps.org\/wp-content\/uploads\/2019\/08\/DSC_5828-scaled.jpg","width":2560,"height":1700,"caption":"Ernesto Viglizzo recibe Homenaje a la Trayectoria durante Premios CITA"},{"@type":"BreadcrumbList","@id":"https:\/\/grupogpps.org\/1606-2\/#breadcrumb","itemListElement":[{"@type":"ListItem","position":1,"name":"Inicio","item":"https:\/\/grupogpps.org\/"},{"@type":"ListItem","position":2,"name":"Ernesto Viglizzo recibe Homenaje a la Trayectoria durante Premios CITA"}]},{"@type":"WebSite","@id":"https:\/\/grupogpps.org\/#website","url":"https:\/\/grupogpps.org\/","name":"GPS","description":"Grupo de pa\u00edses productores del sur","publisher":{"@id":"https:\/\/grupogpps.org\/#organization"},"potentialAction":[{"@type":"SearchAction","target":{"@type":"EntryPoint","urlTemplate":"https:\/\/grupogpps.org\/?s={search_term_string}"},"query-input":{"@type":"PropertyValueSpecification","valueRequired":true,"valueName":"search_term_string"}}],"inLanguage":"pt-BR"},{"@type":"Organization","@id":"https:\/\/grupogpps.org\/#organization","name":"GPS - Grupo de pa\u00edses productores del sur","url":"https:\/\/grupogpps.org\/","logo":{"@type":"ImageObject","inLanguage":"pt-BR","@id":"https:\/\/grupogpps.org\/#\/schema\/logo\/image\/","url":"http:\/\/grupogpps.org\/wp-content\/uploads\/2021\/06\/logoGPS3.svg","contentUrl":"http:\/\/grupogpps.org\/wp-content\/uploads\/2021\/06\/logoGPS3.svg","width":1,"height":1,"caption":"GPS - Grupo de pa\u00edses productores del sur"},"image":{"@id":"https:\/\/grupogpps.org\/#\/schema\/logo\/image\/"},"sameAs":["https:\/\/www.linkedin.com\/company\/25037162\/","https:\/\/x.com\/GPSLatinAmerica","https:\/\/www.instagram.com\/gpslatin\/","https:\/\/www.youtube.com\/channel\/UCM2Qf0jSqNRJRkqmU8dO9QA\/videos"]},{"@type":"Person","@id":"https:\/\/grupogpps.org\/#\/schema\/person\/faaafcd24616dff095821c72659ce41f","name":"GPS GPS","url":"https:\/\/grupogpps.org\/pt\/author\/gps\/"}]}},"_links":{"self":[{"href":"https:\/\/grupogpps.org\/pt\/wp-json\/wp\/v2\/posts\/1959","targetHints":{"allow":["GET"]}}],"collection":[{"href":"https:\/\/grupogpps.org\/pt\/wp-json\/wp\/v2\/posts"}],"about":[{"href":"https:\/\/grupogpps.org\/pt\/wp-json\/wp\/v2\/types\/post"}],"author":[{"embeddable":true,"href":"https:\/\/grupogpps.org\/pt\/wp-json\/wp\/v2\/users\/2"}],"replies":[{"embeddable":true,"href":"https:\/\/grupogpps.org\/pt\/wp-json\/wp\/v2\/comments?post=1959"}],"version-history":[{"count":2,"href":"https:\/\/grupogpps.org\/pt\/wp-json\/wp\/v2\/posts\/1959\/revisions"}],"predecessor-version":[{"id":2806,"href":"https:\/\/grupogpps.org\/pt\/wp-json\/wp\/v2\/posts\/1959\/revisions\/2806"}],"wp:featuredmedia":[{"embeddable":true,"href":"https:\/\/grupogpps.org\/pt\/wp-json\/wp\/v2\/media\/1961"}],"wp:attachment":[{"href":"https:\/\/grupogpps.org\/pt\/wp-json\/wp\/v2\/media?parent=1959"}],"wp:term":[{"taxonomy":"category","embeddable":true,"href":"https:\/\/grupogpps.org\/pt\/wp-json\/wp\/v2\/categories?post=1959"},{"taxonomy":"post_tag","embeddable":true,"href":"https:\/\/grupogpps.org\/pt\/wp-json\/wp\/v2\/tags?post=1959"}],"curies":[{"name":"wp","href":"https:\/\/api.w.org\/{rel}","templated":true}]}}