{"id":1918,"date":"2019-11-14T16:01:38","date_gmt":"2019-11-14T19:01:38","guid":{"rendered":"http:\/\/grupogpps.org\/?p=1709"},"modified":"2021-07-05T17:45:13","modified_gmt":"2021-07-05T20:45:13","slug":"gps-recibio-una-distincion-otorgada-a-ongs-del-foro-ecumenico-social","status":"publish","type":"post","link":"https:\/\/grupogpps.org\/pt\/gps-recibio-una-distincion-otorgada-a-ongs-del-foro-ecumenico-social\/","title":{"rendered":"GPS recibi\u00f3 una distinci\u00f3n otorgada a ONGs del Foro Ecum\u00e9nico Social"},"content":{"rendered":"<p>El Grupo de Pa\u00edses Productores del Sur recibi\u00f3 el premio al Emprendedor Solidario por sus aportes a la colaboraci\u00f3n e integraci\u00f3n del sector privado regional, dentro de la categor\u00eda ONGs, otorgado por el&nbsp;<a href=\"https:\/\/www.foroecumenico.com.ar\/\" target=\"_blank\" rel=\"noopener\">Foro Ecum\u00e9nico Social<\/a>.<\/p>\n\n\n\n<p>La ceremonia se realiz\u00f3 en la c\u00fapula del Centro Cultural Kirchner el 14 de noviembre. &nbsp;El Foro Ecum\u00e9nico Social naci\u00f3 inspirado en \u201cLos Conjurados\u201d de Jorge Luis Borges,&nbsp;y congrega desde hace 18 a\u00f1os a hombres de diversas estirpes, que profesan diversas religiones y que hablan en diversos idiomas, que han tomado la extra\u00f1a resoluci\u00f3n de ser razonables, han resuelto olvidar sus diferencias y acentuar sus afinidades, como escribi\u00f3 el autor de \u201cEl aleph\u201d.<\/p>\n\n\n\n<p>En la foto, Pablo Elverdin y Carla Antonelli, reciben el premio en nombre de GPS.<\/p>\n\n\n\n<div style=\"height:20px\" aria-hidden=\"true\" class=\"wp-block-spacer\"><\/div>\n\n\n\n<figure class=\"wp-block-gallery aligncenter columns-1 is-cropped wp-block-gallery-1 is-layout-flex wp-block-gallery-is-layout-flex\"><ul class=\"blocks-gallery-grid\"><li class=\"blocks-gallery-item\"><figure><a href=\"http:\/\/grupogpps.org\/wp-content\/uploads\/2021\/07\/GPS-recibio-una-distincion-otorgada-a-ONGs-del-Foro-Ecumenico-Social.jpg\"><img loading=\"lazy\" decoding=\"async\" width=\"480\" height=\"640\" src=\"http:\/\/grupogpps.org\/wp-content\/uploads\/2021\/07\/GPS-recibio-una-distincion-otorgada-a-ONGs-del-Foro-Ecumenico-Social.jpg\" alt=\"\" data-id=\"2783\" data-full-url=\"http:\/\/grupogpps.org\/wp-content\/uploads\/2021\/07\/GPS-recibio-una-distincion-otorgada-a-ONGs-del-Foro-Ecumenico-Social.jpg\" data-link=\"http:\/\/grupogpps.org\/2019\/11\/14\/gps-recibio-una-distincion-otorgada-a-ongs-del-foro-ecumenico-social\/gps-recibio-una-distincion-otorgada-a-ongs-del-foro-ecumenico-social-2\/\" class=\"wp-image-2783\" srcset=\"https:\/\/grupogpps.org\/wp-content\/uploads\/2021\/07\/GPS-recibio-una-distincion-otorgada-a-ONGs-del-Foro-Ecumenico-Social.jpg 480w, https:\/\/grupogpps.org\/wp-content\/uploads\/2021\/07\/GPS-recibio-una-distincion-otorgada-a-ONGs-del-Foro-Ecumenico-Social-225x300.jpg 225w, https:\/\/grupogpps.org\/wp-content\/uploads\/2021\/07\/GPS-recibio-una-distincion-otorgada-a-ONGs-del-Foro-Ecumenico-Social-9x12.jpg 9w\" sizes=\"auto, (max-width: 480px) 100vw, 480px\" \/><\/a><\/figure><\/li><\/ul><\/figure>","protected":false},"excerpt":{"rendered":"<p>El Grupo de Pa\u00edses Productores del Sur recibi\u00f3 el premio al Emprendedor Solidario por sus aportes a la colaboraci\u00f3n e integraci\u00f3n del sector privado regional, dentro de la categor\u00eda ONGs, otorgado por el&nbsp;Foro Ecum\u00e9nico Social. La ceremonia se realiz\u00f3 en la c\u00fapula del Centro Cultural Kirchner el 14 de noviembre. &nbsp;El Foro Ecum\u00e9nico Social naci\u00f3 [&hellip;]<\/p>","protected":false},"author":2,"featured_media":1920,"comment_status":"closed","ping_status":"closed","sticky":false,"template":"","format":"standard","meta":{"footnotes":""},"categories":[19,25,23],"tags":[],"class_list":["post-1918","post","type-post","status-publish","format-standard","has-post-thumbnail","hentry","category-actividades","category-home","category-novedades"],"yoast_head":"<!-- This site is optimized with the Yoast SEO plugin v26.8 - https:\/\/yoast.com\/product\/yoast-seo-wordpress\/ -->\n<title>GPS recibi\u00f3 una distinci\u00f3n otorgada a ONGs del Foro Ecum\u00e9nico Social - GPS<\/title>\n<meta name=\"robots\" content=\"index, follow, max-snippet:-1, max-image-preview:large, max-video-preview:-1\" \/>\n<link rel=\"canonical\" href=\"https:\/\/grupogpps.org\/pt\/gps-recibio-una-distincion-otorgada-a-ongs-del-foro-ecumenico-social\/\" \/>\n<meta property=\"og:locale\" content=\"pt_BR\" \/>\n<meta property=\"og:type\" content=\"article\" \/>\n<meta property=\"og:title\" content=\"GPS recibi\u00f3 una distinci\u00f3n otorgada a ONGs del Foro Ecum\u00e9nico Social - GPS\" \/>\n<meta property=\"og:description\" content=\"El Grupo de Pa\u00edses Productores del Sur recibi\u00f3 el premio al Emprendedor Solidario por sus aportes a la colaboraci\u00f3n e integraci\u00f3n del sector privado regional, dentro de la categor\u00eda ONGs, otorgado por el&nbsp;Foro Ecum\u00e9nico Social. La ceremonia se realiz\u00f3 en la c\u00fapula del Centro Cultural Kirchner el 14 de noviembre. &nbsp;El Foro Ecum\u00e9nico Social naci\u00f3 [&hellip;]\" \/>\n<meta property=\"og:url\" content=\"https:\/\/grupogpps.org\/pt\/gps-recibio-una-distincion-otorgada-a-ongs-del-foro-ecumenico-social\/\" \/>\n<meta property=\"og:site_name\" content=\"GPS\" \/>\n<meta property=\"article:publisher\" content=\"https:\/\/www.linkedin.com\/company\/25037162\/\" \/>\n<meta property=\"article:published_time\" content=\"2019-11-14T19:01:38+00:00\" \/>\n<meta property=\"article:modified_time\" content=\"2021-07-05T20:45:13+00:00\" \/>\n<meta property=\"og:image\" content=\"https:\/\/grupogpps.org\/wp-content\/uploads\/2019\/11\/IMG_5914.jpg\" \/>\n\t<meta property=\"og:image:width\" content=\"620\" \/>\n\t<meta property=\"og:image:height\" content=\"428\" \/>\n\t<meta property=\"og:image:type\" content=\"image\/jpeg\" \/>\n<meta name=\"author\" content=\"GPS GPS\" \/>\n<meta name=\"twitter:card\" content=\"summary_large_image\" \/>\n<meta name=\"twitter:creator\" content=\"@GPSLatinAmerica\" \/>\n<meta name=\"twitter:site\" content=\"@GPSLatinAmerica\" \/>\n<meta name=\"twitter:label1\" content=\"Escrito por\" \/>\n\t<meta name=\"twitter:data1\" content=\"GPS GPS\" \/>\n\t<meta name=\"twitter:label2\" content=\"Est. tempo de leitura\" \/>\n\t<meta name=\"twitter:data2\" content=\"1 minuto\" \/>\n<script type=\"application\/ld+json\" class=\"yoast-schema-graph\">{\"@context\":\"https:\/\/schema.org\",\"@graph\":[{\"@type\":\"Article\",\"@id\":\"https:\/\/grupogpps.org\/en\/gps-recibio-una-distincion-otorgada-a-ongs-del-foro-ecumenico-social\/#article\",\"isPartOf\":{\"@id\":\"https:\/\/grupogpps.org\/en\/gps-recibio-una-distincion-otorgada-a-ongs-del-foro-ecumenico-social\/\"},\"author\":{\"name\":\"GPS GPS\",\"@id\":\"https:\/\/grupogpps.org\/#\/schema\/person\/faaafcd24616dff095821c72659ce41f\"},\"headline\":\"GPS recibi\u00f3 una distinci\u00f3n otorgada a ONGs del Foro Ecum\u00e9nico Social\",\"datePublished\":\"2019-11-14T19:01:38+00:00\",\"dateModified\":\"2021-07-05T20:45:13+00:00\",\"mainEntityOfPage\":{\"@id\":\"https:\/\/grupogpps.org\/en\/gps-recibio-una-distincion-otorgada-a-ongs-del-foro-ecumenico-social\/\"},\"wordCount\":149,\"publisher\":{\"@id\":\"https:\/\/grupogpps.org\/#organization\"},\"image\":{\"@id\":\"https:\/\/grupogpps.org\/en\/gps-recibio-una-distincion-otorgada-a-ongs-del-foro-ecumenico-social\/#primaryimage\"},\"thumbnailUrl\":\"https:\/\/grupogpps.org\/wp-content\/uploads\/2019\/11\/IMG_5914.jpg\",\"articleSection\":[\"Actividades\",\"Home\",\"Novedades\"],\"inLanguage\":\"pt-BR\"},{\"@type\":\"WebPage\",\"@id\":\"https:\/\/grupogpps.org\/en\/gps-recibio-una-distincion-otorgada-a-ongs-del-foro-ecumenico-social\/\",\"url\":\"https:\/\/grupogpps.org\/en\/gps-recibio-una-distincion-otorgada-a-ongs-del-foro-ecumenico-social\/\",\"name\":\"GPS recibi\u00f3 una distinci\u00f3n otorgada a ONGs del Foro Ecum\u00e9nico Social - GPS\",\"isPartOf\":{\"@id\":\"https:\/\/grupogpps.org\/#website\"},\"primaryImageOfPage\":{\"@id\":\"https:\/\/grupogpps.org\/en\/gps-recibio-una-distincion-otorgada-a-ongs-del-foro-ecumenico-social\/#primaryimage\"},\"image\":{\"@id\":\"https:\/\/grupogpps.org\/en\/gps-recibio-una-distincion-otorgada-a-ongs-del-foro-ecumenico-social\/#primaryimage\"},\"thumbnailUrl\":\"https:\/\/grupogpps.org\/wp-content\/uploads\/2019\/11\/IMG_5914.jpg\",\"datePublished\":\"2019-11-14T19:01:38+00:00\",\"dateModified\":\"2021-07-05T20:45:13+00:00\",\"breadcrumb\":{\"@id\":\"https:\/\/grupogpps.org\/en\/gps-recibio-una-distincion-otorgada-a-ongs-del-foro-ecumenico-social\/#breadcrumb\"},\"inLanguage\":\"pt-BR\",\"potentialAction\":[{\"@type\":\"ReadAction\",\"target\":[\"https:\/\/grupogpps.org\/en\/gps-recibio-una-distincion-otorgada-a-ongs-del-foro-ecumenico-social\/\"]}]},{\"@type\":\"ImageObject\",\"inLanguage\":\"pt-BR\",\"@id\":\"https:\/\/grupogpps.org\/en\/gps-recibio-una-distincion-otorgada-a-ongs-del-foro-ecumenico-social\/#primaryimage\",\"url\":\"https:\/\/grupogpps.org\/wp-content\/uploads\/2019\/11\/IMG_5914.jpg\",\"contentUrl\":\"https:\/\/grupogpps.org\/wp-content\/uploads\/2019\/11\/IMG_5914.jpg\",\"width\":620,\"height\":428,\"caption\":\"GPS recibi\u00f3 una distinci\u00f3n otorgada a ONGs del Foro Ecum\u00e9nico Social\"},{\"@type\":\"BreadcrumbList\",\"@id\":\"https:\/\/grupogpps.org\/en\/gps-recibio-una-distincion-otorgada-a-ongs-del-foro-ecumenico-social\/#breadcrumb\",\"itemListElement\":[{\"@type\":\"ListItem\",\"position\":1,\"name\":\"Inicio\",\"item\":\"https:\/\/grupogpps.org\/\"},{\"@type\":\"ListItem\",\"position\":2,\"name\":\"GPS recibi\u00f3 una distinci\u00f3n otorgada a ONGs del Foro Ecum\u00e9nico Social\"}]},{\"@type\":\"WebSite\",\"@id\":\"https:\/\/grupogpps.org\/#website\",\"url\":\"https:\/\/grupogpps.org\/\",\"name\":\"GPS\",\"description\":\"Grupo de pa\u00edses productores del sur\",\"publisher\":{\"@id\":\"https:\/\/grupogpps.org\/#organization\"},\"potentialAction\":[{\"@type\":\"SearchAction\",\"target\":{\"@type\":\"EntryPoint\",\"urlTemplate\":\"https:\/\/grupogpps.org\/?s={search_term_string}\"},\"query-input\":{\"@type\":\"PropertyValueSpecification\",\"valueRequired\":true,\"valueName\":\"search_term_string\"}}],\"inLanguage\":\"pt-BR\"},{\"@type\":\"Organization\",\"@id\":\"https:\/\/grupogpps.org\/#organization\",\"name\":\"GPS - Grupo de pa\u00edses productores del sur\",\"url\":\"https:\/\/grupogpps.org\/\",\"logo\":{\"@type\":\"ImageObject\",\"inLanguage\":\"pt-BR\",\"@id\":\"https:\/\/grupogpps.org\/#\/schema\/logo\/image\/\",\"url\":\"http:\/\/grupogpps.org\/wp-content\/uploads\/2021\/06\/logoGPS3.svg\",\"contentUrl\":\"http:\/\/grupogpps.org\/wp-content\/uploads\/2021\/06\/logoGPS3.svg\",\"width\":1,\"height\":1,\"caption\":\"GPS - Grupo de pa\u00edses productores del sur\"},\"image\":{\"@id\":\"https:\/\/grupogpps.org\/#\/schema\/logo\/image\/\"},\"sameAs\":[\"https:\/\/www.linkedin.com\/company\/25037162\/\",\"https:\/\/x.com\/GPSLatinAmerica\",\"https:\/\/www.instagram.com\/gpslatin\/\",\"https:\/\/www.youtube.com\/channel\/UCM2Qf0jSqNRJRkqmU8dO9QA\/videos\"]},{\"@type\":\"Person\",\"@id\":\"https:\/\/grupogpps.org\/#\/schema\/person\/faaafcd24616dff095821c72659ce41f\",\"name\":\"GPS GPS\",\"url\":\"https:\/\/grupogpps.org\/pt\/author\/gps\/\"}]}<\/script>\n<!-- \/ Yoast SEO plugin. -->","yoast_head_json":{"title":"GPS recibi\u00f3 una distinci\u00f3n otorgada a ONGs del Foro Ecum\u00e9nico Social - GPS","robots":{"index":"index","follow":"follow","max-snippet":"max-snippet:-1","max-image-preview":"max-image-preview:large","max-video-preview":"max-video-preview:-1"},"canonical":"https:\/\/grupogpps.org\/pt\/gps-recibio-una-distincion-otorgada-a-ongs-del-foro-ecumenico-social\/","og_locale":"pt_BR","og_type":"article","og_title":"GPS recibi\u00f3 una distinci\u00f3n otorgada a ONGs del Foro Ecum\u00e9nico Social - GPS","og_description":"El Grupo de Pa\u00edses Productores del Sur recibi\u00f3 el premio al Emprendedor Solidario por sus aportes a la colaboraci\u00f3n e integraci\u00f3n del sector privado regional, dentro de la categor\u00eda ONGs, otorgado por el&nbsp;Foro Ecum\u00e9nico Social. La ceremonia se realiz\u00f3 en la c\u00fapula del Centro Cultural Kirchner el 14 de noviembre. &nbsp;El Foro Ecum\u00e9nico Social naci\u00f3 [&hellip;]","og_url":"https:\/\/grupogpps.org\/pt\/gps-recibio-una-distincion-otorgada-a-ongs-del-foro-ecumenico-social\/","og_site_name":"GPS","article_publisher":"https:\/\/www.linkedin.com\/company\/25037162\/","article_published_time":"2019-11-14T19:01:38+00:00","article_modified_time":"2021-07-05T20:45:13+00:00","og_image":[{"width":620,"height":428,"url":"https:\/\/grupogpps.org\/wp-content\/uploads\/2019\/11\/IMG_5914.jpg","type":"image\/jpeg"}],"author":"GPS GPS","twitter_card":"summary_large_image","twitter_creator":"@GPSLatinAmerica","twitter_site":"@GPSLatinAmerica","twitter_misc":{"Escrito por":"GPS GPS","Est. tempo de leitura":"1 minuto"},"schema":{"@context":"https:\/\/schema.org","@graph":[{"@type":"Article","@id":"https:\/\/grupogpps.org\/en\/gps-recibio-una-distincion-otorgada-a-ongs-del-foro-ecumenico-social\/#article","isPartOf":{"@id":"https:\/\/grupogpps.org\/en\/gps-recibio-una-distincion-otorgada-a-ongs-del-foro-ecumenico-social\/"},"author":{"name":"GPS GPS","@id":"https:\/\/grupogpps.org\/#\/schema\/person\/faaafcd24616dff095821c72659ce41f"},"headline":"GPS recibi\u00f3 una distinci\u00f3n otorgada a ONGs del Foro Ecum\u00e9nico Social","datePublished":"2019-11-14T19:01:38+00:00","dateModified":"2021-07-05T20:45:13+00:00","mainEntityOfPage":{"@id":"https:\/\/grupogpps.org\/en\/gps-recibio-una-distincion-otorgada-a-ongs-del-foro-ecumenico-social\/"},"wordCount":149,"publisher":{"@id":"https:\/\/grupogpps.org\/#organization"},"image":{"@id":"https:\/\/grupogpps.org\/en\/gps-recibio-una-distincion-otorgada-a-ongs-del-foro-ecumenico-social\/#primaryimage"},"thumbnailUrl":"https:\/\/grupogpps.org\/wp-content\/uploads\/2019\/11\/IMG_5914.jpg","articleSection":["Actividades","Home","Novedades"],"inLanguage":"pt-BR"},{"@type":"WebPage","@id":"https:\/\/grupogpps.org\/en\/gps-recibio-una-distincion-otorgada-a-ongs-del-foro-ecumenico-social\/","url":"https:\/\/grupogpps.org\/en\/gps-recibio-una-distincion-otorgada-a-ongs-del-foro-ecumenico-social\/","name":"GPS recibi\u00f3 una distinci\u00f3n otorgada a ONGs del Foro Ecum\u00e9nico Social - GPS","isPartOf":{"@id":"https:\/\/grupogpps.org\/#website"},"primaryImageOfPage":{"@id":"https:\/\/grupogpps.org\/en\/gps-recibio-una-distincion-otorgada-a-ongs-del-foro-ecumenico-social\/#primaryimage"},"image":{"@id":"https:\/\/grupogpps.org\/en\/gps-recibio-una-distincion-otorgada-a-ongs-del-foro-ecumenico-social\/#primaryimage"},"thumbnailUrl":"https:\/\/grupogpps.org\/wp-content\/uploads\/2019\/11\/IMG_5914.jpg","datePublished":"2019-11-14T19:01:38+00:00","dateModified":"2021-07-05T20:45:13+00:00","breadcrumb":{"@id":"https:\/\/grupogpps.org\/en\/gps-recibio-una-distincion-otorgada-a-ongs-del-foro-ecumenico-social\/#breadcrumb"},"inLanguage":"pt-BR","potentialAction":[{"@type":"ReadAction","target":["https:\/\/grupogpps.org\/en\/gps-recibio-una-distincion-otorgada-a-ongs-del-foro-ecumenico-social\/"]}]},{"@type":"ImageObject","inLanguage":"pt-BR","@id":"https:\/\/grupogpps.org\/en\/gps-recibio-una-distincion-otorgada-a-ongs-del-foro-ecumenico-social\/#primaryimage","url":"https:\/\/grupogpps.org\/wp-content\/uploads\/2019\/11\/IMG_5914.jpg","contentUrl":"https:\/\/grupogpps.org\/wp-content\/uploads\/2019\/11\/IMG_5914.jpg","width":620,"height":428,"caption":"GPS recibi\u00f3 una distinci\u00f3n otorgada a ONGs del Foro Ecum\u00e9nico Social"},{"@type":"BreadcrumbList","@id":"https:\/\/grupogpps.org\/en\/gps-recibio-una-distincion-otorgada-a-ongs-del-foro-ecumenico-social\/#breadcrumb","itemListElement":[{"@type":"ListItem","position":1,"name":"Inicio","item":"https:\/\/grupogpps.org\/"},{"@type":"ListItem","position":2,"name":"GPS recibi\u00f3 una distinci\u00f3n otorgada a ONGs del Foro Ecum\u00e9nico Social"}]},{"@type":"WebSite","@id":"https:\/\/grupogpps.org\/#website","url":"https:\/\/grupogpps.org\/","name":"GPS","description":"Grupo de pa\u00edses productores del sur","publisher":{"@id":"https:\/\/grupogpps.org\/#organization"},"potentialAction":[{"@type":"SearchAction","target":{"@type":"EntryPoint","urlTemplate":"https:\/\/grupogpps.org\/?s={search_term_string}"},"query-input":{"@type":"PropertyValueSpecification","valueRequired":true,"valueName":"search_term_string"}}],"inLanguage":"pt-BR"},{"@type":"Organization","@id":"https:\/\/grupogpps.org\/#organization","name":"GPS - Grupo de pa\u00edses productores del sur","url":"https:\/\/grupogpps.org\/","logo":{"@type":"ImageObject","inLanguage":"pt-BR","@id":"https:\/\/grupogpps.org\/#\/schema\/logo\/image\/","url":"http:\/\/grupogpps.org\/wp-content\/uploads\/2021\/06\/logoGPS3.svg","contentUrl":"http:\/\/grupogpps.org\/wp-content\/uploads\/2021\/06\/logoGPS3.svg","width":1,"height":1,"caption":"GPS - Grupo de pa\u00edses productores del sur"},"image":{"@id":"https:\/\/grupogpps.org\/#\/schema\/logo\/image\/"},"sameAs":["https:\/\/www.linkedin.com\/company\/25037162\/","https:\/\/x.com\/GPSLatinAmerica","https:\/\/www.instagram.com\/gpslatin\/","https:\/\/www.youtube.com\/channel\/UCM2Qf0jSqNRJRkqmU8dO9QA\/videos"]},{"@type":"Person","@id":"https:\/\/grupogpps.org\/#\/schema\/person\/faaafcd24616dff095821c72659ce41f","name":"GPS GPS","url":"https:\/\/grupogpps.org\/pt\/author\/gps\/"}]}},"_links":{"self":[{"href":"https:\/\/grupogpps.org\/pt\/wp-json\/wp\/v2\/posts\/1918","targetHints":{"allow":["GET"]}}],"collection":[{"href":"https:\/\/grupogpps.org\/pt\/wp-json\/wp\/v2\/posts"}],"about":[{"href":"https:\/\/grupogpps.org\/pt\/wp-json\/wp\/v2\/types\/post"}],"author":[{"embeddable":true,"href":"https:\/\/grupogpps.org\/pt\/wp-json\/wp\/v2\/users\/2"}],"replies":[{"embeddable":true,"href":"https:\/\/grupogpps.org\/pt\/wp-json\/wp\/v2\/comments?post=1918"}],"version-history":[{"count":2,"href":"https:\/\/grupogpps.org\/pt\/wp-json\/wp\/v2\/posts\/1918\/revisions"}],"predecessor-version":[{"id":2785,"href":"https:\/\/grupogpps.org\/pt\/wp-json\/wp\/v2\/posts\/1918\/revisions\/2785"}],"wp:featuredmedia":[{"embeddable":true,"href":"https:\/\/grupogpps.org\/pt\/wp-json\/wp\/v2\/media\/1920"}],"wp:attachment":[{"href":"https:\/\/grupogpps.org\/pt\/wp-json\/wp\/v2\/media?parent=1918"}],"wp:term":[{"taxonomy":"category","embeddable":true,"href":"https:\/\/grupogpps.org\/pt\/wp-json\/wp\/v2\/categories?post=1918"},{"taxonomy":"post_tag","embeddable":true,"href":"https:\/\/grupogpps.org\/pt\/wp-json\/wp\/v2\/tags?post=1918"}],"curies":[{"name":"wp","href":"https:\/\/api.w.org\/{rel}","templated":true}]}}