{"id":1910,"date":"2019-11-26T15:53:20","date_gmt":"2019-11-26T18:53:20","guid":{"rendered":"http:\/\/grupogpps.org\/?p=1730"},"modified":"2021-07-05T17:34:48","modified_gmt":"2021-07-05T20:34:48","slug":"se-presento-el-programa-argentino-de-carbono-neutro","status":"publish","type":"post","link":"https:\/\/grupogpps.org\/pt\/se-presento-el-programa-argentino-de-carbono-neutro\/","title":{"rendered":"Se present\u00f3 el Programa Argentino de Carbono Neutro"},"content":{"rendered":"<p>En la Bolsa de Cereales de Buenos Aires y con la presencia de la Bolsa de Cereales de C\u00f3rdoba, la Bolsa de Comercio del Chaco, Bolsa de Comercio de Rosario, Bolsa de Cereales de Entre R\u00edos y Bolsa de Cereales y Productos de Bah\u00eda Blanca, se lanz\u00f3 el Programa Argentino de Carbono Neutro.<\/p>\n\n\n\n<p>GPS, impulsor de la iniciativa, estuvo representado por Eduardo Serantes, quien se refiri\u00f3 a las l\u00edneas de trabajo de la red as\u00ed como a la importancia de la regi\u00f3n en el v\u00ednculo entre seguridad alimentaria, comercio y cambio clim\u00e1tico. &nbsp;Indic\u00f3 que los avances tecnol\u00f3gicos actuales permiten pensar en producir m\u00e1s alimentos y al mismo tiempo revertir el proceso de deterioro medioambiental a trav\u00e9s de la aplicaci\u00f3n de buenas pr\u00e1cticas de producci\u00f3n, recarbonizando nuestros suelos y compensando gran parte de las emisiones del proceso productivo.<\/p>\n\n\n\n<p>Tambi\u00e9n mencion\u00f3 que uno de los ataques m\u00e1s fuertes sobre la ganader\u00eda es que el ganado vacuno con la rumia emite gases de efecto invernadero (metano y \u00f3xido ferroso). &nbsp;A su vez, las vacas consumen alimentos producidos por la fotos\u00edntesis. &nbsp;En Argentina el 80% de la ganader\u00eda vacuna se produce sobre pasturas y campos naturales.&nbsp; Estas pasturas captan el CO2 del aire y compensan gran parte de las emisiones del ganado. &nbsp;Por otra parte, el 90% de la producci\u00f3n agr\u00edcola en Argentina se hace en siembre directa, con rotaci\u00f3n de oleaginosas y gram\u00edneas y en los \u00faltimos a\u00f1os se han incrementado los cultivos de cobertura.<\/p>\n\n\n\n<div style=\"height:20px\" aria-hidden=\"true\" class=\"wp-block-spacer\"><\/div>\n\n\n\n<figure class=\"wp-block-gallery columns-2 is-cropped wp-block-gallery-1 is-layout-flex wp-block-gallery-is-layout-flex\"><ul class=\"blocks-gallery-grid\"><li class=\"blocks-gallery-item\"><figure><a href=\"http:\/\/grupogpps.org\/wp-content\/uploads\/2021\/07\/Programa-Argentino-de-Carbono-Neutro1.jpg\"><img loading=\"lazy\" decoding=\"async\" width=\"640\" height=\"436\" src=\"http:\/\/grupogpps.org\/wp-content\/uploads\/2021\/07\/Programa-Argentino-de-Carbono-Neutro1.jpg\" alt=\"\" data-id=\"2776\" data-full-url=\"http:\/\/grupogpps.org\/wp-content\/uploads\/2021\/07\/Programa-Argentino-de-Carbono-Neutro1.jpg\" data-link=\"http:\/\/grupogpps.org\/2019\/11\/26\/se-presento-el-programa-argentino-de-carbono-neutro\/programa-argentino-de-carbono-neutro1\/\" class=\"wp-image-2776\" srcset=\"https:\/\/grupogpps.org\/wp-content\/uploads\/2021\/07\/Programa-Argentino-de-Carbono-Neutro1.jpg 640w, https:\/\/grupogpps.org\/wp-content\/uploads\/2021\/07\/Programa-Argentino-de-Carbono-Neutro1-300x204.jpg 300w, https:\/\/grupogpps.org\/wp-content\/uploads\/2021\/07\/Programa-Argentino-de-Carbono-Neutro1-16x12.jpg 16w\" sizes=\"auto, (max-width: 640px) 100vw, 640px\" \/><\/a><\/figure><\/li><li class=\"blocks-gallery-item\"><figure><a href=\"http:\/\/grupogpps.org\/wp-content\/uploads\/2021\/07\/Programa-Argentino-de-Carbono-Neutro2.jpg\"><img loading=\"lazy\" decoding=\"async\" width=\"442\" height=\"640\" src=\"http:\/\/grupogpps.org\/wp-content\/uploads\/2021\/07\/Programa-Argentino-de-Carbono-Neutro2.jpg\" alt=\"\" data-id=\"2774\" data-full-url=\"http:\/\/grupogpps.org\/wp-content\/uploads\/2021\/07\/Programa-Argentino-de-Carbono-Neutro2.jpg\" data-link=\"http:\/\/grupogpps.org\/2019\/11\/26\/se-presento-el-programa-argentino-de-carbono-neutro\/programa-argentino-de-carbono-neutro2\/\" class=\"wp-image-2774\" srcset=\"https:\/\/grupogpps.org\/wp-content\/uploads\/2021\/07\/Programa-Argentino-de-Carbono-Neutro2.jpg 442w, https:\/\/grupogpps.org\/wp-content\/uploads\/2021\/07\/Programa-Argentino-de-Carbono-Neutro2-207x300.jpg 207w, https:\/\/grupogpps.org\/wp-content\/uploads\/2021\/07\/Programa-Argentino-de-Carbono-Neutro2-8x12.jpg 8w\" sizes=\"auto, (max-width: 442px) 100vw, 442px\" \/><\/a><\/figure><\/li><\/ul><\/figure>\n\n\n\n<div style=\"height:20px\" aria-hidden=\"true\" class=\"wp-block-spacer\"><\/div>\n\n\n\n<p>El nuevo desaf\u00edo es junto con incrementar la producci\u00f3n, recarbonizar los suelos, y mejorar el balance de carbono.&nbsp; Es un desaf\u00edo inmenso para los productores. &nbsp;Es un cambio importante para todo el sector productivo, que tambi\u00e9n influir\u00e1 en forma positiva en la imagen del sector por parte de los consumidores ya que hoy esto no termina&nbsp;en la tranquera sino que contin\u00faa hasta el puerto y hasta la g\u00f3ndola, abarcando no s\u00f3lo la&nbsp;producci\u00f3n a campo, sino la agroindustria, el transporte, el almacenamiento, etc.<\/p>\n\n\n\n<p>Los cambios producidos por los requerimientos de los consumidores, han llevado a los pa\u00edses y regiones a exigir la certificaci\u00f3n de los procesos de producci\u00f3n y dentro de ellos los temas ambientales son cada vez m\u00e1s importantes. &nbsp;Lo que comenz\u00f3 como un etiquetado de exigencias de los retailers, supermercados y distintas cadenas de valor, hoy comienzan a convertirse en verdaderas barreras para-arancelarias.<\/p>\n\n\n\n<p>Las ventajas competitivas de la regi\u00f3n deben &nbsp;medirse y certificarse, logrando una mejora continua en los procesos de producci\u00f3n, generando herramientas concretas para potenciar la comercializaci\u00f3n de toda nuestra producci\u00f3n de alimentos y bioenerg\u00eda.<\/p>\n\n\n\n<p>La presentaci\u00f3n del programa estuvo a cargo de Sabine Papendiek&nbsp;qui\u00e9n explic\u00f3 &nbsp;que el primer objetivo es mapear ambientalmente los sectores de alimentos, bebidas y bioenerg\u00edas para poder tener un diagn\u00f3stico y luego poder generar una certificaci\u00f3n que tenga valor comercial en el mercado, a trav\u00e9s de un esquema de tres instancias.<\/p>\n\n\n\n<p>La adhesi\u00f3n al programa ser\u00e1 voluntaria y se trabajar\u00e1 con mesas sectoriales con el objetivo de tener representatividad de toda la cadena de valor.<\/p>\n\n\n\n<p><a href=\"https:\/\/carbononeutro.com.ar\" target=\"_blank\" rel=\"noopener\">Web del Programa Argentino de Carbono Neutro<\/a><\/p>\n\n\n\n<div style=\"height:30px\" aria-hidden=\"true\" class=\"wp-block-spacer\"><\/div>\n\n\n\n<div class=\"wp-block-buttons is-content-justification-center is-layout-flex wp-block-buttons-is-layout-flex\">\n<div class=\"wp-block-button\"><a class=\"wp-block-button__link\" href=\"http:\/\/grupogpps.org\/wp-content\/uploads\/2021\/07\/191126-PACN.pdf\" target=\"_blank\" rel=\"noreferrer noopener\">Bajar presentaci\u00f3n de Sabine Papendiek<\/a><\/div>\n<\/div>","protected":false},"excerpt":{"rendered":"<p>En la Bolsa de Cereales de Buenos Aires y con la presencia de la Bolsa de Cereales de C\u00f3rdoba, la Bolsa de Comercio del Chaco, Bolsa de Comercio de Rosario, Bolsa de Cereales de Entre R\u00edos y Bolsa de Cereales y Productos de Bah\u00eda Blanca, se lanz\u00f3 el Programa Argentino de Carbono Neutro. GPS, impulsor [&hellip;]<\/p>","protected":false},"author":2,"featured_media":1911,"comment_status":"closed","ping_status":"closed","sticky":false,"template":"","format":"standard","meta":{"footnotes":""},"categories":[19,25,23],"tags":[],"class_list":["post-1910","post","type-post","status-publish","format-standard","has-post-thumbnail","hentry","category-actividades","category-home","category-novedades"],"yoast_head":"<!-- This site is optimized with the Yoast SEO plugin v26.8 - https:\/\/yoast.com\/product\/yoast-seo-wordpress\/ -->\n<title>Se present\u00f3 el Programa Argentino de Carbono Neutro - GPS<\/title>\n<meta name=\"robots\" content=\"index, follow, max-snippet:-1, max-image-preview:large, max-video-preview:-1\" \/>\n<link rel=\"canonical\" href=\"https:\/\/grupogpps.org\/pt\/se-presento-el-programa-argentino-de-carbono-neutro\/\" \/>\n<meta property=\"og:locale\" content=\"pt_BR\" \/>\n<meta property=\"og:type\" content=\"article\" \/>\n<meta property=\"og:title\" content=\"Se present\u00f3 el Programa Argentino de Carbono Neutro - GPS\" \/>\n<meta property=\"og:description\" content=\"En la Bolsa de Cereales de Buenos Aires y con la presencia de la Bolsa de Cereales de C\u00f3rdoba, la Bolsa de Comercio del Chaco, Bolsa de Comercio de Rosario, Bolsa de Cereales de Entre R\u00edos y Bolsa de Cereales y Productos de Bah\u00eda Blanca, se lanz\u00f3 el Programa Argentino de Carbono Neutro. GPS, impulsor [&hellip;]\" \/>\n<meta property=\"og:url\" content=\"https:\/\/grupogpps.org\/pt\/se-presento-el-programa-argentino-de-carbono-neutro\/\" \/>\n<meta property=\"og:site_name\" content=\"GPS\" \/>\n<meta property=\"article:publisher\" content=\"https:\/\/www.linkedin.com\/company\/25037162\/\" \/>\n<meta property=\"article:published_time\" content=\"2019-11-26T18:53:20+00:00\" \/>\n<meta property=\"article:modified_time\" content=\"2021-07-05T20:34:48+00:00\" \/>\n<meta property=\"og:image\" content=\"https:\/\/grupogpps.org\/wp-content\/uploads\/2019\/11\/IMG_6054.jpg\" \/>\n\t<meta property=\"og:image:width\" content=\"640\" \/>\n\t<meta property=\"og:image:height\" content=\"436\" \/>\n\t<meta property=\"og:image:type\" content=\"image\/jpeg\" \/>\n<meta name=\"author\" content=\"GPS GPS\" \/>\n<meta name=\"twitter:card\" content=\"summary_large_image\" \/>\n<meta name=\"twitter:creator\" content=\"@GPSLatinAmerica\" \/>\n<meta name=\"twitter:site\" content=\"@GPSLatinAmerica\" \/>\n<meta name=\"twitter:label1\" content=\"Escrito por\" \/>\n\t<meta name=\"twitter:data1\" content=\"GPS GPS\" \/>\n\t<meta name=\"twitter:label2\" content=\"Est. tempo de leitura\" \/>\n\t<meta name=\"twitter:data2\" content=\"3 minutos\" \/>\n<script type=\"application\/ld+json\" class=\"yoast-schema-graph\">{\"@context\":\"https:\/\/schema.org\",\"@graph\":[{\"@type\":\"Article\",\"@id\":\"https:\/\/grupogpps.org\/en\/se-presento-el-programa-argentino-de-carbono-neutro\/#article\",\"isPartOf\":{\"@id\":\"https:\/\/grupogpps.org\/en\/se-presento-el-programa-argentino-de-carbono-neutro\/\"},\"author\":{\"name\":\"GPS GPS\",\"@id\":\"https:\/\/grupogpps.org\/#\/schema\/person\/faaafcd24616dff095821c72659ce41f\"},\"headline\":\"Se present\u00f3 el Programa Argentino de Carbono Neutro\",\"datePublished\":\"2019-11-26T18:53:20+00:00\",\"dateModified\":\"2021-07-05T20:34:48+00:00\",\"mainEntityOfPage\":{\"@id\":\"https:\/\/grupogpps.org\/en\/se-presento-el-programa-argentino-de-carbono-neutro\/\"},\"wordCount\":577,\"publisher\":{\"@id\":\"https:\/\/grupogpps.org\/#organization\"},\"image\":{\"@id\":\"https:\/\/grupogpps.org\/en\/se-presento-el-programa-argentino-de-carbono-neutro\/#primaryimage\"},\"thumbnailUrl\":\"https:\/\/grupogpps.org\/wp-content\/uploads\/2019\/11\/IMG_6054.jpg\",\"articleSection\":[\"Actividades\",\"Home\",\"Novedades\"],\"inLanguage\":\"pt-BR\"},{\"@type\":\"WebPage\",\"@id\":\"https:\/\/grupogpps.org\/en\/se-presento-el-programa-argentino-de-carbono-neutro\/\",\"url\":\"https:\/\/grupogpps.org\/en\/se-presento-el-programa-argentino-de-carbono-neutro\/\",\"name\":\"Se present\u00f3 el Programa Argentino de Carbono Neutro - GPS\",\"isPartOf\":{\"@id\":\"https:\/\/grupogpps.org\/#website\"},\"primaryImageOfPage\":{\"@id\":\"https:\/\/grupogpps.org\/en\/se-presento-el-programa-argentino-de-carbono-neutro\/#primaryimage\"},\"image\":{\"@id\":\"https:\/\/grupogpps.org\/en\/se-presento-el-programa-argentino-de-carbono-neutro\/#primaryimage\"},\"thumbnailUrl\":\"https:\/\/grupogpps.org\/wp-content\/uploads\/2019\/11\/IMG_6054.jpg\",\"datePublished\":\"2019-11-26T18:53:20+00:00\",\"dateModified\":\"2021-07-05T20:34:48+00:00\",\"breadcrumb\":{\"@id\":\"https:\/\/grupogpps.org\/en\/se-presento-el-programa-argentino-de-carbono-neutro\/#breadcrumb\"},\"inLanguage\":\"pt-BR\",\"potentialAction\":[{\"@type\":\"ReadAction\",\"target\":[\"https:\/\/grupogpps.org\/en\/se-presento-el-programa-argentino-de-carbono-neutro\/\"]}]},{\"@type\":\"ImageObject\",\"inLanguage\":\"pt-BR\",\"@id\":\"https:\/\/grupogpps.org\/en\/se-presento-el-programa-argentino-de-carbono-neutro\/#primaryimage\",\"url\":\"https:\/\/grupogpps.org\/wp-content\/uploads\/2019\/11\/IMG_6054.jpg\",\"contentUrl\":\"https:\/\/grupogpps.org\/wp-content\/uploads\/2019\/11\/IMG_6054.jpg\",\"width\":640,\"height\":436,\"caption\":\"Se present\u00f3 el Programa Argentino de Carbono Neutro\"},{\"@type\":\"BreadcrumbList\",\"@id\":\"https:\/\/grupogpps.org\/en\/se-presento-el-programa-argentino-de-carbono-neutro\/#breadcrumb\",\"itemListElement\":[{\"@type\":\"ListItem\",\"position\":1,\"name\":\"Inicio\",\"item\":\"https:\/\/grupogpps.org\/\"},{\"@type\":\"ListItem\",\"position\":2,\"name\":\"Se present\u00f3 el Programa Argentino de Carbono Neutro\"}]},{\"@type\":\"WebSite\",\"@id\":\"https:\/\/grupogpps.org\/#website\",\"url\":\"https:\/\/grupogpps.org\/\",\"name\":\"GPS\",\"description\":\"Grupo de pa\u00edses productores del sur\",\"publisher\":{\"@id\":\"https:\/\/grupogpps.org\/#organization\"},\"potentialAction\":[{\"@type\":\"SearchAction\",\"target\":{\"@type\":\"EntryPoint\",\"urlTemplate\":\"https:\/\/grupogpps.org\/?s={search_term_string}\"},\"query-input\":{\"@type\":\"PropertyValueSpecification\",\"valueRequired\":true,\"valueName\":\"search_term_string\"}}],\"inLanguage\":\"pt-BR\"},{\"@type\":\"Organization\",\"@id\":\"https:\/\/grupogpps.org\/#organization\",\"name\":\"GPS - Grupo de pa\u00edses productores del sur\",\"url\":\"https:\/\/grupogpps.org\/\",\"logo\":{\"@type\":\"ImageObject\",\"inLanguage\":\"pt-BR\",\"@id\":\"https:\/\/grupogpps.org\/#\/schema\/logo\/image\/\",\"url\":\"http:\/\/grupogpps.org\/wp-content\/uploads\/2021\/06\/logoGPS3.svg\",\"contentUrl\":\"http:\/\/grupogpps.org\/wp-content\/uploads\/2021\/06\/logoGPS3.svg\",\"width\":1,\"height\":1,\"caption\":\"GPS - Grupo de pa\u00edses productores del sur\"},\"image\":{\"@id\":\"https:\/\/grupogpps.org\/#\/schema\/logo\/image\/\"},\"sameAs\":[\"https:\/\/www.linkedin.com\/company\/25037162\/\",\"https:\/\/x.com\/GPSLatinAmerica\",\"https:\/\/www.instagram.com\/gpslatin\/\",\"https:\/\/www.youtube.com\/channel\/UCM2Qf0jSqNRJRkqmU8dO9QA\/videos\"]},{\"@type\":\"Person\",\"@id\":\"https:\/\/grupogpps.org\/#\/schema\/person\/faaafcd24616dff095821c72659ce41f\",\"name\":\"GPS GPS\",\"url\":\"https:\/\/grupogpps.org\/pt\/author\/gps\/\"}]}<\/script>\n<!-- \/ Yoast SEO plugin. -->","yoast_head_json":{"title":"Se present\u00f3 el Programa Argentino de Carbono Neutro - GPS","robots":{"index":"index","follow":"follow","max-snippet":"max-snippet:-1","max-image-preview":"max-image-preview:large","max-video-preview":"max-video-preview:-1"},"canonical":"https:\/\/grupogpps.org\/pt\/se-presento-el-programa-argentino-de-carbono-neutro\/","og_locale":"pt_BR","og_type":"article","og_title":"Se present\u00f3 el Programa Argentino de Carbono Neutro - GPS","og_description":"En la Bolsa de Cereales de Buenos Aires y con la presencia de la Bolsa de Cereales de C\u00f3rdoba, la Bolsa de Comercio del Chaco, Bolsa de Comercio de Rosario, Bolsa de Cereales de Entre R\u00edos y Bolsa de Cereales y Productos de Bah\u00eda Blanca, se lanz\u00f3 el Programa Argentino de Carbono Neutro. GPS, impulsor [&hellip;]","og_url":"https:\/\/grupogpps.org\/pt\/se-presento-el-programa-argentino-de-carbono-neutro\/","og_site_name":"GPS","article_publisher":"https:\/\/www.linkedin.com\/company\/25037162\/","article_published_time":"2019-11-26T18:53:20+00:00","article_modified_time":"2021-07-05T20:34:48+00:00","og_image":[{"width":640,"height":436,"url":"https:\/\/grupogpps.org\/wp-content\/uploads\/2019\/11\/IMG_6054.jpg","type":"image\/jpeg"}],"author":"GPS GPS","twitter_card":"summary_large_image","twitter_creator":"@GPSLatinAmerica","twitter_site":"@GPSLatinAmerica","twitter_misc":{"Escrito por":"GPS GPS","Est. tempo de leitura":"3 minutos"},"schema":{"@context":"https:\/\/schema.org","@graph":[{"@type":"Article","@id":"https:\/\/grupogpps.org\/en\/se-presento-el-programa-argentino-de-carbono-neutro\/#article","isPartOf":{"@id":"https:\/\/grupogpps.org\/en\/se-presento-el-programa-argentino-de-carbono-neutro\/"},"author":{"name":"GPS GPS","@id":"https:\/\/grupogpps.org\/#\/schema\/person\/faaafcd24616dff095821c72659ce41f"},"headline":"Se present\u00f3 el Programa Argentino de Carbono Neutro","datePublished":"2019-11-26T18:53:20+00:00","dateModified":"2021-07-05T20:34:48+00:00","mainEntityOfPage":{"@id":"https:\/\/grupogpps.org\/en\/se-presento-el-programa-argentino-de-carbono-neutro\/"},"wordCount":577,"publisher":{"@id":"https:\/\/grupogpps.org\/#organization"},"image":{"@id":"https:\/\/grupogpps.org\/en\/se-presento-el-programa-argentino-de-carbono-neutro\/#primaryimage"},"thumbnailUrl":"https:\/\/grupogpps.org\/wp-content\/uploads\/2019\/11\/IMG_6054.jpg","articleSection":["Actividades","Home","Novedades"],"inLanguage":"pt-BR"},{"@type":"WebPage","@id":"https:\/\/grupogpps.org\/en\/se-presento-el-programa-argentino-de-carbono-neutro\/","url":"https:\/\/grupogpps.org\/en\/se-presento-el-programa-argentino-de-carbono-neutro\/","name":"Se present\u00f3 el Programa Argentino de Carbono Neutro - GPS","isPartOf":{"@id":"https:\/\/grupogpps.org\/#website"},"primaryImageOfPage":{"@id":"https:\/\/grupogpps.org\/en\/se-presento-el-programa-argentino-de-carbono-neutro\/#primaryimage"},"image":{"@id":"https:\/\/grupogpps.org\/en\/se-presento-el-programa-argentino-de-carbono-neutro\/#primaryimage"},"thumbnailUrl":"https:\/\/grupogpps.org\/wp-content\/uploads\/2019\/11\/IMG_6054.jpg","datePublished":"2019-11-26T18:53:20+00:00","dateModified":"2021-07-05T20:34:48+00:00","breadcrumb":{"@id":"https:\/\/grupogpps.org\/en\/se-presento-el-programa-argentino-de-carbono-neutro\/#breadcrumb"},"inLanguage":"pt-BR","potentialAction":[{"@type":"ReadAction","target":["https:\/\/grupogpps.org\/en\/se-presento-el-programa-argentino-de-carbono-neutro\/"]}]},{"@type":"ImageObject","inLanguage":"pt-BR","@id":"https:\/\/grupogpps.org\/en\/se-presento-el-programa-argentino-de-carbono-neutro\/#primaryimage","url":"https:\/\/grupogpps.org\/wp-content\/uploads\/2019\/11\/IMG_6054.jpg","contentUrl":"https:\/\/grupogpps.org\/wp-content\/uploads\/2019\/11\/IMG_6054.jpg","width":640,"height":436,"caption":"Se present\u00f3 el Programa Argentino de Carbono Neutro"},{"@type":"BreadcrumbList","@id":"https:\/\/grupogpps.org\/en\/se-presento-el-programa-argentino-de-carbono-neutro\/#breadcrumb","itemListElement":[{"@type":"ListItem","position":1,"name":"Inicio","item":"https:\/\/grupogpps.org\/"},{"@type":"ListItem","position":2,"name":"Se present\u00f3 el Programa Argentino de Carbono Neutro"}]},{"@type":"WebSite","@id":"https:\/\/grupogpps.org\/#website","url":"https:\/\/grupogpps.org\/","name":"GPS","description":"Grupo de pa\u00edses productores del sur","publisher":{"@id":"https:\/\/grupogpps.org\/#organization"},"potentialAction":[{"@type":"SearchAction","target":{"@type":"EntryPoint","urlTemplate":"https:\/\/grupogpps.org\/?s={search_term_string}"},"query-input":{"@type":"PropertyValueSpecification","valueRequired":true,"valueName":"search_term_string"}}],"inLanguage":"pt-BR"},{"@type":"Organization","@id":"https:\/\/grupogpps.org\/#organization","name":"GPS - Grupo de pa\u00edses productores del sur","url":"https:\/\/grupogpps.org\/","logo":{"@type":"ImageObject","inLanguage":"pt-BR","@id":"https:\/\/grupogpps.org\/#\/schema\/logo\/image\/","url":"http:\/\/grupogpps.org\/wp-content\/uploads\/2021\/06\/logoGPS3.svg","contentUrl":"http:\/\/grupogpps.org\/wp-content\/uploads\/2021\/06\/logoGPS3.svg","width":1,"height":1,"caption":"GPS - Grupo de pa\u00edses productores del sur"},"image":{"@id":"https:\/\/grupogpps.org\/#\/schema\/logo\/image\/"},"sameAs":["https:\/\/www.linkedin.com\/company\/25037162\/","https:\/\/x.com\/GPSLatinAmerica","https:\/\/www.instagram.com\/gpslatin\/","https:\/\/www.youtube.com\/channel\/UCM2Qf0jSqNRJRkqmU8dO9QA\/videos"]},{"@type":"Person","@id":"https:\/\/grupogpps.org\/#\/schema\/person\/faaafcd24616dff095821c72659ce41f","name":"GPS GPS","url":"https:\/\/grupogpps.org\/pt\/author\/gps\/"}]}},"_links":{"self":[{"href":"https:\/\/grupogpps.org\/pt\/wp-json\/wp\/v2\/posts\/1910","targetHints":{"allow":["GET"]}}],"collection":[{"href":"https:\/\/grupogpps.org\/pt\/wp-json\/wp\/v2\/posts"}],"about":[{"href":"https:\/\/grupogpps.org\/pt\/wp-json\/wp\/v2\/types\/post"}],"author":[{"embeddable":true,"href":"https:\/\/grupogpps.org\/pt\/wp-json\/wp\/v2\/users\/2"}],"replies":[{"embeddable":true,"href":"https:\/\/grupogpps.org\/pt\/wp-json\/wp\/v2\/comments?post=1910"}],"version-history":[{"count":3,"href":"https:\/\/grupogpps.org\/pt\/wp-json\/wp\/v2\/posts\/1910\/revisions"}],"predecessor-version":[{"id":2778,"href":"https:\/\/grupogpps.org\/pt\/wp-json\/wp\/v2\/posts\/1910\/revisions\/2778"}],"wp:featuredmedia":[{"embeddable":true,"href":"https:\/\/grupogpps.org\/pt\/wp-json\/wp\/v2\/media\/1911"}],"wp:attachment":[{"href":"https:\/\/grupogpps.org\/pt\/wp-json\/wp\/v2\/media?parent=1910"}],"wp:term":[{"taxonomy":"category","embeddable":true,"href":"https:\/\/grupogpps.org\/pt\/wp-json\/wp\/v2\/categories?post=1910"},{"taxonomy":"post_tag","embeddable":true,"href":"https:\/\/grupogpps.org\/pt\/wp-json\/wp\/v2\/tags?post=1910"}],"curies":[{"name":"wp","href":"https:\/\/api.w.org\/{rel}","templated":true}]}}