{"id":1900,"date":"2019-12-09T15:54:42","date_gmt":"2019-12-09T18:54:42","guid":{"rendered":"http:\/\/grupogpps.org\/?p=1750"},"modified":"2021-07-05T17:26:16","modified_gmt":"2021-07-05T20:26:16","slug":"martin-fraguio-represento-a-gps-en-la-cop25","status":"publish","type":"post","link":"https:\/\/grupogpps.org\/pt\/martin-fraguio-represento-a-gps-en-la-cop25\/","title":{"rendered":"Mart\u00edn Fragu\u00edo represent\u00f3 a GPS en la CoP25"},"content":{"rendered":"<p>Con una presentaci\u00f3n que destacaba la vinculaci\u00f3n entre Cambio Clim\u00e1tico y Seguridad Alimentaria Global desde la perspectiva del sector privado, Mart\u00edn Fragu\u00edo particip\u00f3 de un evento paralelo a la CoP25, organizado por la Secretar\u00eda de Agricultura, Ganader\u00eda y Suelos, integrando el Informe Especial del IPCC sobre Clima y Tierras en Argentina.<\/p>\n\n\n\n<p>En la misma destac\u00f3 el rol de los pa\u00edses del Cono Sur en la mitigaci\u00f3n del cambio clim\u00e1tico a trav\u00e9s de sistemas de producci\u00f3n m\u00e1s eficientes y limpios y la importancia del comercio para atender dos de los temas m\u00e1s urgentes de la agenda actual: la seguridad alimentaria y el cuidado del medio ambiente.<\/p>\n\n\n\n<div style=\"height:20px\" aria-hidden=\"true\" class=\"wp-block-spacer\"><\/div>\n\n\n\n<figure class=\"wp-block-gallery columns-2 is-cropped wp-block-gallery-1 is-layout-flex wp-block-gallery-is-layout-flex\"><ul class=\"blocks-gallery-grid\"><li class=\"blocks-gallery-item\"><figure><a href=\"http:\/\/grupogpps.org\/wp-content\/uploads\/2021\/07\/Martin-FraguioRepresent3.jpg\"><img loading=\"lazy\" decoding=\"async\" width=\"1024\" height=\"576\" src=\"http:\/\/grupogpps.org\/wp-content\/uploads\/2021\/07\/Martin-FraguioRepresent3.jpg\" alt=\"\" data-id=\"2765\" data-full-url=\"http:\/\/grupogpps.org\/wp-content\/uploads\/2021\/07\/Martin-FraguioRepresent3.jpg\" data-link=\"http:\/\/grupogpps.org\/2019\/12\/09\/martin-fraguio-represento-a-gps-en-la-cop25\/martin-fraguiorepresent3\/\" class=\"wp-image-2765\" srcset=\"https:\/\/grupogpps.org\/wp-content\/uploads\/2021\/07\/Martin-FraguioRepresent3.jpg 1024w, https:\/\/grupogpps.org\/wp-content\/uploads\/2021\/07\/Martin-FraguioRepresent3-300x169.jpg 300w, https:\/\/grupogpps.org\/wp-content\/uploads\/2021\/07\/Martin-FraguioRepresent3-768x432.jpg 768w, https:\/\/grupogpps.org\/wp-content\/uploads\/2021\/07\/Martin-FraguioRepresent3-16x9.jpg 16w\" sizes=\"auto, (max-width: 1024px) 100vw, 1024px\" \/><\/a><\/figure><\/li><li class=\"blocks-gallery-item\"><figure><a href=\"http:\/\/grupogpps.org\/wp-content\/uploads\/2021\/07\/Martin-FraguioRepresent1.jpg\"><img loading=\"lazy\" decoding=\"async\" width=\"1024\" height=\"576\" src=\"http:\/\/grupogpps.org\/wp-content\/uploads\/2021\/07\/Martin-FraguioRepresent1.jpg\" alt=\"\" data-id=\"2767\" data-full-url=\"http:\/\/grupogpps.org\/wp-content\/uploads\/2021\/07\/Martin-FraguioRepresent1.jpg\" data-link=\"http:\/\/grupogpps.org\/2019\/12\/09\/martin-fraguio-represento-a-gps-en-la-cop25\/martin-fraguiorepresent1\/\" class=\"wp-image-2767\" srcset=\"https:\/\/grupogpps.org\/wp-content\/uploads\/2021\/07\/Martin-FraguioRepresent1.jpg 1024w, https:\/\/grupogpps.org\/wp-content\/uploads\/2021\/07\/Martin-FraguioRepresent1-300x169.jpg 300w, https:\/\/grupogpps.org\/wp-content\/uploads\/2021\/07\/Martin-FraguioRepresent1-768x432.jpg 768w, https:\/\/grupogpps.org\/wp-content\/uploads\/2021\/07\/Martin-FraguioRepresent1-16x9.jpg 16w\" sizes=\"auto, (max-width: 1024px) 100vw, 1024px\" \/><\/a><\/figure><\/li><\/ul><\/figure>","protected":false},"excerpt":{"rendered":"<p>Con una presentaci\u00f3n que destacaba la vinculaci\u00f3n entre Cambio Clim\u00e1tico y Seguridad Alimentaria Global desde la perspectiva del sector privado, Mart\u00edn Fragu\u00edo particip\u00f3 de un evento paralelo a la CoP25, organizado por la Secretar\u00eda de Agricultura, Ganader\u00eda y Suelos, integrando el Informe Especial del IPCC sobre Clima y Tierras en Argentina. En la misma destac\u00f3 [&hellip;]<\/p>","protected":false},"author":2,"featured_media":1903,"comment_status":"closed","ping_status":"closed","sticky":false,"template":"","format":"standard","meta":{"footnotes":""},"categories":[19,25,23],"tags":[],"class_list":["post-1900","post","type-post","status-publish","format-standard","has-post-thumbnail","hentry","category-actividades","category-home","category-novedades"],"yoast_head":"<!-- This site is optimized with the Yoast SEO plugin v26.8 - https:\/\/yoast.com\/product\/yoast-seo-wordpress\/ -->\n<title>Mart\u00edn Fragu\u00edo represent\u00f3 a GPS en la CoP25 - GPS<\/title>\n<meta name=\"robots\" content=\"index, follow, max-snippet:-1, max-image-preview:large, max-video-preview:-1\" \/>\n<link rel=\"canonical\" href=\"https:\/\/grupogpps.org\/pt\/martin-fraguio-represento-a-gps-en-la-cop25\/\" \/>\n<meta property=\"og:locale\" content=\"pt_BR\" \/>\n<meta property=\"og:type\" content=\"article\" \/>\n<meta property=\"og:title\" content=\"Mart\u00edn Fragu\u00edo represent\u00f3 a GPS en la CoP25 - GPS\" \/>\n<meta property=\"og:description\" content=\"Con una presentaci\u00f3n que destacaba la vinculaci\u00f3n entre Cambio Clim\u00e1tico y Seguridad Alimentaria Global desde la perspectiva del sector privado, Mart\u00edn Fragu\u00edo particip\u00f3 de un evento paralelo a la CoP25, organizado por la Secretar\u00eda de Agricultura, Ganader\u00eda y Suelos, integrando el Informe Especial del IPCC sobre Clima y Tierras en Argentina. En la misma destac\u00f3 [&hellip;]\" \/>\n<meta property=\"og:url\" content=\"https:\/\/grupogpps.org\/pt\/martin-fraguio-represento-a-gps-en-la-cop25\/\" \/>\n<meta property=\"og:site_name\" content=\"GPS\" \/>\n<meta property=\"article:publisher\" content=\"https:\/\/www.linkedin.com\/company\/25037162\/\" \/>\n<meta property=\"article:published_time\" content=\"2019-12-09T18:54:42+00:00\" \/>\n<meta property=\"article:modified_time\" content=\"2021-07-05T20:26:16+00:00\" \/>\n<meta property=\"og:image\" content=\"https:\/\/grupogpps.org\/wp-content\/uploads\/2019\/12\/7352703b-6081-4cf8-9ef8-74c9256d1d5b.jpg\" \/>\n\t<meta property=\"og:image:width\" content=\"1152\" \/>\n\t<meta property=\"og:image:height\" content=\"648\" \/>\n\t<meta property=\"og:image:type\" content=\"image\/jpeg\" \/>\n<meta name=\"author\" content=\"GPS GPS\" \/>\n<meta name=\"twitter:card\" content=\"summary_large_image\" \/>\n<meta name=\"twitter:creator\" content=\"@GPSLatinAmerica\" \/>\n<meta name=\"twitter:site\" content=\"@GPSLatinAmerica\" \/>\n<meta name=\"twitter:label1\" content=\"Escrito por\" \/>\n\t<meta name=\"twitter:data1\" content=\"GPS GPS\" \/>\n\t<meta name=\"twitter:label2\" content=\"Est. tempo de leitura\" \/>\n\t<meta name=\"twitter:data2\" content=\"1 minuto\" \/>\n<script type=\"application\/ld+json\" class=\"yoast-schema-graph\">{\"@context\":\"https:\/\/schema.org\",\"@graph\":[{\"@type\":\"Article\",\"@id\":\"https:\/\/grupogpps.org\/en\/martin-fraguio-represento-a-gps-en-la-cop25\/#article\",\"isPartOf\":{\"@id\":\"https:\/\/grupogpps.org\/en\/martin-fraguio-represento-a-gps-en-la-cop25\/\"},\"author\":{\"name\":\"GPS GPS\",\"@id\":\"https:\/\/grupogpps.org\/#\/schema\/person\/faaafcd24616dff095821c72659ce41f\"},\"headline\":\"Mart\u00edn Fragu\u00edo represent\u00f3 a GPS en la CoP25\",\"datePublished\":\"2019-12-09T18:54:42+00:00\",\"dateModified\":\"2021-07-05T20:26:16+00:00\",\"mainEntityOfPage\":{\"@id\":\"https:\/\/grupogpps.org\/en\/martin-fraguio-represento-a-gps-en-la-cop25\/\"},\"wordCount\":129,\"publisher\":{\"@id\":\"https:\/\/grupogpps.org\/#organization\"},\"image\":{\"@id\":\"https:\/\/grupogpps.org\/en\/martin-fraguio-represento-a-gps-en-la-cop25\/#primaryimage\"},\"thumbnailUrl\":\"https:\/\/grupogpps.org\/wp-content\/uploads\/2019\/12\/7352703b-6081-4cf8-9ef8-74c9256d1d5b.jpg\",\"articleSection\":[\"Actividades\",\"Home\",\"Novedades\"],\"inLanguage\":\"pt-BR\"},{\"@type\":\"WebPage\",\"@id\":\"https:\/\/grupogpps.org\/en\/martin-fraguio-represento-a-gps-en-la-cop25\/\",\"url\":\"https:\/\/grupogpps.org\/en\/martin-fraguio-represento-a-gps-en-la-cop25\/\",\"name\":\"Mart\u00edn Fragu\u00edo represent\u00f3 a GPS en la CoP25 - GPS\",\"isPartOf\":{\"@id\":\"https:\/\/grupogpps.org\/#website\"},\"primaryImageOfPage\":{\"@id\":\"https:\/\/grupogpps.org\/en\/martin-fraguio-represento-a-gps-en-la-cop25\/#primaryimage\"},\"image\":{\"@id\":\"https:\/\/grupogpps.org\/en\/martin-fraguio-represento-a-gps-en-la-cop25\/#primaryimage\"},\"thumbnailUrl\":\"https:\/\/grupogpps.org\/wp-content\/uploads\/2019\/12\/7352703b-6081-4cf8-9ef8-74c9256d1d5b.jpg\",\"datePublished\":\"2019-12-09T18:54:42+00:00\",\"dateModified\":\"2021-07-05T20:26:16+00:00\",\"breadcrumb\":{\"@id\":\"https:\/\/grupogpps.org\/en\/martin-fraguio-represento-a-gps-en-la-cop25\/#breadcrumb\"},\"inLanguage\":\"pt-BR\",\"potentialAction\":[{\"@type\":\"ReadAction\",\"target\":[\"https:\/\/grupogpps.org\/en\/martin-fraguio-represento-a-gps-en-la-cop25\/\"]}]},{\"@type\":\"ImageObject\",\"inLanguage\":\"pt-BR\",\"@id\":\"https:\/\/grupogpps.org\/en\/martin-fraguio-represento-a-gps-en-la-cop25\/#primaryimage\",\"url\":\"https:\/\/grupogpps.org\/wp-content\/uploads\/2019\/12\/7352703b-6081-4cf8-9ef8-74c9256d1d5b.jpg\",\"contentUrl\":\"https:\/\/grupogpps.org\/wp-content\/uploads\/2019\/12\/7352703b-6081-4cf8-9ef8-74c9256d1d5b.jpg\",\"width\":1152,\"height\":648,\"caption\":\"Mart\u00edn Fragu\u00edo represent\u00f3 a GPS en la CoP25\"},{\"@type\":\"BreadcrumbList\",\"@id\":\"https:\/\/grupogpps.org\/en\/martin-fraguio-represento-a-gps-en-la-cop25\/#breadcrumb\",\"itemListElement\":[{\"@type\":\"ListItem\",\"position\":1,\"name\":\"Inicio\",\"item\":\"https:\/\/grupogpps.org\/\"},{\"@type\":\"ListItem\",\"position\":2,\"name\":\"Mart\u00edn Fragu\u00edo represent\u00f3 a GPS en la CoP25\"}]},{\"@type\":\"WebSite\",\"@id\":\"https:\/\/grupogpps.org\/#website\",\"url\":\"https:\/\/grupogpps.org\/\",\"name\":\"GPS\",\"description\":\"Grupo de pa\u00edses productores del sur\",\"publisher\":{\"@id\":\"https:\/\/grupogpps.org\/#organization\"},\"potentialAction\":[{\"@type\":\"SearchAction\",\"target\":{\"@type\":\"EntryPoint\",\"urlTemplate\":\"https:\/\/grupogpps.org\/?s={search_term_string}\"},\"query-input\":{\"@type\":\"PropertyValueSpecification\",\"valueRequired\":true,\"valueName\":\"search_term_string\"}}],\"inLanguage\":\"pt-BR\"},{\"@type\":\"Organization\",\"@id\":\"https:\/\/grupogpps.org\/#organization\",\"name\":\"GPS - Grupo de pa\u00edses productores del sur\",\"url\":\"https:\/\/grupogpps.org\/\",\"logo\":{\"@type\":\"ImageObject\",\"inLanguage\":\"pt-BR\",\"@id\":\"https:\/\/grupogpps.org\/#\/schema\/logo\/image\/\",\"url\":\"http:\/\/grupogpps.org\/wp-content\/uploads\/2021\/06\/logoGPS3.svg\",\"contentUrl\":\"http:\/\/grupogpps.org\/wp-content\/uploads\/2021\/06\/logoGPS3.svg\",\"width\":1,\"height\":1,\"caption\":\"GPS - Grupo de pa\u00edses productores del sur\"},\"image\":{\"@id\":\"https:\/\/grupogpps.org\/#\/schema\/logo\/image\/\"},\"sameAs\":[\"https:\/\/www.linkedin.com\/company\/25037162\/\",\"https:\/\/x.com\/GPSLatinAmerica\",\"https:\/\/www.instagram.com\/gpslatin\/\",\"https:\/\/www.youtube.com\/channel\/UCM2Qf0jSqNRJRkqmU8dO9QA\/videos\"]},{\"@type\":\"Person\",\"@id\":\"https:\/\/grupogpps.org\/#\/schema\/person\/faaafcd24616dff095821c72659ce41f\",\"name\":\"GPS GPS\",\"url\":\"https:\/\/grupogpps.org\/pt\/author\/gps\/\"}]}<\/script>\n<!-- \/ Yoast SEO plugin. -->","yoast_head_json":{"title":"Mart\u00edn Fragu\u00edo represent\u00f3 a GPS en la CoP25 - GPS","robots":{"index":"index","follow":"follow","max-snippet":"max-snippet:-1","max-image-preview":"max-image-preview:large","max-video-preview":"max-video-preview:-1"},"canonical":"https:\/\/grupogpps.org\/pt\/martin-fraguio-represento-a-gps-en-la-cop25\/","og_locale":"pt_BR","og_type":"article","og_title":"Mart\u00edn Fragu\u00edo represent\u00f3 a GPS en la CoP25 - GPS","og_description":"Con una presentaci\u00f3n que destacaba la vinculaci\u00f3n entre Cambio Clim\u00e1tico y Seguridad Alimentaria Global desde la perspectiva del sector privado, Mart\u00edn Fragu\u00edo particip\u00f3 de un evento paralelo a la CoP25, organizado por la Secretar\u00eda de Agricultura, Ganader\u00eda y Suelos, integrando el Informe Especial del IPCC sobre Clima y Tierras en Argentina. En la misma destac\u00f3 [&hellip;]","og_url":"https:\/\/grupogpps.org\/pt\/martin-fraguio-represento-a-gps-en-la-cop25\/","og_site_name":"GPS","article_publisher":"https:\/\/www.linkedin.com\/company\/25037162\/","article_published_time":"2019-12-09T18:54:42+00:00","article_modified_time":"2021-07-05T20:26:16+00:00","og_image":[{"width":1152,"height":648,"url":"https:\/\/grupogpps.org\/wp-content\/uploads\/2019\/12\/7352703b-6081-4cf8-9ef8-74c9256d1d5b.jpg","type":"image\/jpeg"}],"author":"GPS GPS","twitter_card":"summary_large_image","twitter_creator":"@GPSLatinAmerica","twitter_site":"@GPSLatinAmerica","twitter_misc":{"Escrito por":"GPS GPS","Est. tempo de leitura":"1 minuto"},"schema":{"@context":"https:\/\/schema.org","@graph":[{"@type":"Article","@id":"https:\/\/grupogpps.org\/en\/martin-fraguio-represento-a-gps-en-la-cop25\/#article","isPartOf":{"@id":"https:\/\/grupogpps.org\/en\/martin-fraguio-represento-a-gps-en-la-cop25\/"},"author":{"name":"GPS GPS","@id":"https:\/\/grupogpps.org\/#\/schema\/person\/faaafcd24616dff095821c72659ce41f"},"headline":"Mart\u00edn Fragu\u00edo represent\u00f3 a GPS en la CoP25","datePublished":"2019-12-09T18:54:42+00:00","dateModified":"2021-07-05T20:26:16+00:00","mainEntityOfPage":{"@id":"https:\/\/grupogpps.org\/en\/martin-fraguio-represento-a-gps-en-la-cop25\/"},"wordCount":129,"publisher":{"@id":"https:\/\/grupogpps.org\/#organization"},"image":{"@id":"https:\/\/grupogpps.org\/en\/martin-fraguio-represento-a-gps-en-la-cop25\/#primaryimage"},"thumbnailUrl":"https:\/\/grupogpps.org\/wp-content\/uploads\/2019\/12\/7352703b-6081-4cf8-9ef8-74c9256d1d5b.jpg","articleSection":["Actividades","Home","Novedades"],"inLanguage":"pt-BR"},{"@type":"WebPage","@id":"https:\/\/grupogpps.org\/en\/martin-fraguio-represento-a-gps-en-la-cop25\/","url":"https:\/\/grupogpps.org\/en\/martin-fraguio-represento-a-gps-en-la-cop25\/","name":"Mart\u00edn Fragu\u00edo represent\u00f3 a GPS en la CoP25 - GPS","isPartOf":{"@id":"https:\/\/grupogpps.org\/#website"},"primaryImageOfPage":{"@id":"https:\/\/grupogpps.org\/en\/martin-fraguio-represento-a-gps-en-la-cop25\/#primaryimage"},"image":{"@id":"https:\/\/grupogpps.org\/en\/martin-fraguio-represento-a-gps-en-la-cop25\/#primaryimage"},"thumbnailUrl":"https:\/\/grupogpps.org\/wp-content\/uploads\/2019\/12\/7352703b-6081-4cf8-9ef8-74c9256d1d5b.jpg","datePublished":"2019-12-09T18:54:42+00:00","dateModified":"2021-07-05T20:26:16+00:00","breadcrumb":{"@id":"https:\/\/grupogpps.org\/en\/martin-fraguio-represento-a-gps-en-la-cop25\/#breadcrumb"},"inLanguage":"pt-BR","potentialAction":[{"@type":"ReadAction","target":["https:\/\/grupogpps.org\/en\/martin-fraguio-represento-a-gps-en-la-cop25\/"]}]},{"@type":"ImageObject","inLanguage":"pt-BR","@id":"https:\/\/grupogpps.org\/en\/martin-fraguio-represento-a-gps-en-la-cop25\/#primaryimage","url":"https:\/\/grupogpps.org\/wp-content\/uploads\/2019\/12\/7352703b-6081-4cf8-9ef8-74c9256d1d5b.jpg","contentUrl":"https:\/\/grupogpps.org\/wp-content\/uploads\/2019\/12\/7352703b-6081-4cf8-9ef8-74c9256d1d5b.jpg","width":1152,"height":648,"caption":"Mart\u00edn Fragu\u00edo represent\u00f3 a GPS en la CoP25"},{"@type":"BreadcrumbList","@id":"https:\/\/grupogpps.org\/en\/martin-fraguio-represento-a-gps-en-la-cop25\/#breadcrumb","itemListElement":[{"@type":"ListItem","position":1,"name":"Inicio","item":"https:\/\/grupogpps.org\/"},{"@type":"ListItem","position":2,"name":"Mart\u00edn Fragu\u00edo represent\u00f3 a GPS en la CoP25"}]},{"@type":"WebSite","@id":"https:\/\/grupogpps.org\/#website","url":"https:\/\/grupogpps.org\/","name":"GPS","description":"Grupo de pa\u00edses productores del sur","publisher":{"@id":"https:\/\/grupogpps.org\/#organization"},"potentialAction":[{"@type":"SearchAction","target":{"@type":"EntryPoint","urlTemplate":"https:\/\/grupogpps.org\/?s={search_term_string}"},"query-input":{"@type":"PropertyValueSpecification","valueRequired":true,"valueName":"search_term_string"}}],"inLanguage":"pt-BR"},{"@type":"Organization","@id":"https:\/\/grupogpps.org\/#organization","name":"GPS - Grupo de pa\u00edses productores del sur","url":"https:\/\/grupogpps.org\/","logo":{"@type":"ImageObject","inLanguage":"pt-BR","@id":"https:\/\/grupogpps.org\/#\/schema\/logo\/image\/","url":"http:\/\/grupogpps.org\/wp-content\/uploads\/2021\/06\/logoGPS3.svg","contentUrl":"http:\/\/grupogpps.org\/wp-content\/uploads\/2021\/06\/logoGPS3.svg","width":1,"height":1,"caption":"GPS - Grupo de pa\u00edses productores del sur"},"image":{"@id":"https:\/\/grupogpps.org\/#\/schema\/logo\/image\/"},"sameAs":["https:\/\/www.linkedin.com\/company\/25037162\/","https:\/\/x.com\/GPSLatinAmerica","https:\/\/www.instagram.com\/gpslatin\/","https:\/\/www.youtube.com\/channel\/UCM2Qf0jSqNRJRkqmU8dO9QA\/videos"]},{"@type":"Person","@id":"https:\/\/grupogpps.org\/#\/schema\/person\/faaafcd24616dff095821c72659ce41f","name":"GPS GPS","url":"https:\/\/grupogpps.org\/pt\/author\/gps\/"}]}},"_links":{"self":[{"href":"https:\/\/grupogpps.org\/pt\/wp-json\/wp\/v2\/posts\/1900","targetHints":{"allow":["GET"]}}],"collection":[{"href":"https:\/\/grupogpps.org\/pt\/wp-json\/wp\/v2\/posts"}],"about":[{"href":"https:\/\/grupogpps.org\/pt\/wp-json\/wp\/v2\/types\/post"}],"author":[{"embeddable":true,"href":"https:\/\/grupogpps.org\/pt\/wp-json\/wp\/v2\/users\/2"}],"replies":[{"embeddable":true,"href":"https:\/\/grupogpps.org\/pt\/wp-json\/wp\/v2\/comments?post=1900"}],"version-history":[{"count":1,"href":"https:\/\/grupogpps.org\/pt\/wp-json\/wp\/v2\/posts\/1900\/revisions"}],"predecessor-version":[{"id":2768,"href":"https:\/\/grupogpps.org\/pt\/wp-json\/wp\/v2\/posts\/1900\/revisions\/2768"}],"wp:featuredmedia":[{"embeddable":true,"href":"https:\/\/grupogpps.org\/pt\/wp-json\/wp\/v2\/media\/1903"}],"wp:attachment":[{"href":"https:\/\/grupogpps.org\/pt\/wp-json\/wp\/v2\/media?parent=1900"}],"wp:term":[{"taxonomy":"category","embeddable":true,"href":"https:\/\/grupogpps.org\/pt\/wp-json\/wp\/v2\/categories?post=1900"},{"taxonomy":"post_tag","embeddable":true,"href":"https:\/\/grupogpps.org\/pt\/wp-json\/wp\/v2\/tags?post=1900"}],"curies":[{"name":"wp","href":"https:\/\/api.w.org\/{rel}","templated":true}]}}