{"id":1856,"date":"2020-07-03T09:39:17","date_gmt":"2020-07-03T12:39:17","guid":{"rendered":"http:\/\/grupogpps.org\/?p=1937"},"modified":"2021-07-05T17:10:54","modified_gmt":"2021-07-05T20:10:54","slug":"guillermo-valles-galmes-participo-en-el-ciclo-dialogos-sobre-comercio-e-integracion-en-tiempos-de-pandemia-organizado-por-el-intal","status":"publish","type":"post","link":"https:\/\/grupogpps.org\/pt\/guillermo-valles-galmes-participo-en-el-ciclo-dialogos-sobre-comercio-e-integracion-en-tiempos-de-pandemia-organizado-por-el-intal\/","title":{"rendered":"Guillermo Valles Galmes particip\u00f3 en el ciclo Di\u00e1logos sobre Comercio e Integraci\u00f3n en Tiempos de Pandemia organizado por el INTAL"},"content":{"rendered":"<p>Guillermo Valles Galmes convers\u00f3 con Ricardo Rozemberg sobre \u00abEl futuro del multilateralismo\u00bb en el 12\u00ba encuentro de la serie de Di\u00e1logos sobre comercio exterior e integraci\u00f3n en tiempos de pandemia que propone el Instituto de la Integraci\u00f3n de Am\u00e9rica Latina del Banco Interamericano de Desarrollo, BID.<\/p>\n\n\n\n<div style=\"height:20px\" aria-hidden=\"true\" class=\"wp-block-spacer\"><\/div>\n\n\n\n<figure class=\"wp-block-embed aligncenter is-type-video is-provider-youtube wp-block-embed-youtube wp-embed-aspect-16-9 wp-has-aspect-ratio\"><div class=\"wp-block-embed__wrapper\">\n<iframe loading=\"lazy\" title=\"\u00a8El futuro del multilateralismo\u00a8. | Ricardo Rozemberg y Guillermo Valles\" width=\"800\" height=\"450\" src=\"https:\/\/www.youtube.com\/embed\/X-jF5Q5ubvA?start=53&#038;feature=oembed\" frameborder=\"0\" allow=\"accelerometer; autoplay; clipboard-write; encrypted-media; gyroscope; picture-in-picture\" allowfullscreen><\/iframe>\n<\/div><\/figure>","protected":false},"excerpt":{"rendered":"<p>Guillermo Valles Galmes convers\u00f3 con Ricardo Rozemberg sobre \u00abEl futuro del multilateralismo\u00bb en el 12\u00ba encuentro de la serie de Di\u00e1logos sobre comercio exterior e integraci\u00f3n en tiempos de pandemia que propone el Instituto de la Integraci\u00f3n de Am\u00e9rica Latina del Banco Interamericano de Desarrollo, BID.<\/p>","protected":false},"author":2,"featured_media":1857,"comment_status":"closed","ping_status":"closed","sticky":false,"template":"","format":"standard","meta":{"footnotes":""},"categories":[19,25,23],"tags":[],"class_list":["post-1856","post","type-post","status-publish","format-standard","has-post-thumbnail","hentry","category-actividades","category-home","category-novedades"],"yoast_head":"<!-- This site is optimized with the Yoast SEO plugin v26.8 - https:\/\/yoast.com\/product\/yoast-seo-wordpress\/ -->\n<title>Guillermo Valles Galmes particip\u00f3 en el ciclo Di\u00e1logos sobre Comercio e Integraci\u00f3n en Tiempos de Pandemia organizado por el INTAL - GPS<\/title>\n<meta name=\"robots\" content=\"index, follow, max-snippet:-1, max-image-preview:large, max-video-preview:-1\" \/>\n<link rel=\"canonical\" href=\"https:\/\/grupogpps.org\/pt\/guillermo-valles-galmes-participo-en-el-ciclo-dialogos-sobre-comercio-e-integracion-en-tiempos-de-pandemia-organizado-por-el-intal\/\" \/>\n<meta property=\"og:locale\" content=\"pt_BR\" \/>\n<meta property=\"og:type\" content=\"article\" \/>\n<meta property=\"og:title\" content=\"Guillermo Valles Galmes particip\u00f3 en el ciclo Di\u00e1logos sobre Comercio e Integraci\u00f3n en Tiempos de Pandemia organizado por el INTAL - GPS\" \/>\n<meta property=\"og:description\" content=\"Guillermo Valles Galmes convers\u00f3 con Ricardo Rozemberg sobre \u00abEl futuro del multilateralismo\u00bb en el 12\u00ba encuentro de la serie de Di\u00e1logos sobre comercio exterior e integraci\u00f3n en tiempos de pandemia que propone el Instituto de la Integraci\u00f3n de Am\u00e9rica Latina del Banco Interamericano de Desarrollo, BID.\" \/>\n<meta property=\"og:url\" content=\"https:\/\/grupogpps.org\/pt\/guillermo-valles-galmes-participo-en-el-ciclo-dialogos-sobre-comercio-e-integracion-en-tiempos-de-pandemia-organizado-por-el-intal\/\" \/>\n<meta property=\"og:site_name\" content=\"GPS\" \/>\n<meta property=\"article:publisher\" content=\"https:\/\/www.linkedin.com\/company\/25037162\/\" \/>\n<meta property=\"article:published_time\" content=\"2020-07-03T12:39:17+00:00\" \/>\n<meta property=\"article:modified_time\" content=\"2021-07-05T20:10:54+00:00\" \/>\n<meta property=\"og:image\" content=\"https:\/\/grupogpps.org\/wp-content\/uploads\/2020\/07\/Captura-de-Pantalla-2020-07-07-a-las-09.43.34.png\" \/>\n\t<meta property=\"og:image:width\" content=\"903\" \/>\n\t<meta property=\"og:image:height\" content=\"508\" \/>\n\t<meta property=\"og:image:type\" content=\"image\/png\" \/>\n<meta name=\"author\" content=\"GPS GPS\" \/>\n<meta name=\"twitter:card\" content=\"summary_large_image\" \/>\n<meta name=\"twitter:creator\" content=\"@GPSLatinAmerica\" \/>\n<meta name=\"twitter:site\" content=\"@GPSLatinAmerica\" \/>\n<meta name=\"twitter:label1\" content=\"Escrito por\" \/>\n\t<meta name=\"twitter:data1\" content=\"GPS GPS\" \/>\n<script type=\"application\/ld+json\" class=\"yoast-schema-graph\">{\"@context\":\"https:\/\/schema.org\",\"@graph\":[{\"@type\":\"Article\",\"@id\":\"https:\/\/grupogpps.org\/guillermo-valles-galmes-participo-en-el-ciclo-dialogos-sobre-comercio-e-integracion-en-tiempos-de-pandemia-organizado-por-el-intal\/#article\",\"isPartOf\":{\"@id\":\"https:\/\/grupogpps.org\/guillermo-valles-galmes-participo-en-el-ciclo-dialogos-sobre-comercio-e-integracion-en-tiempos-de-pandemia-organizado-por-el-intal\/\"},\"author\":{\"name\":\"GPS GPS\",\"@id\":\"https:\/\/grupogpps.org\/#\/schema\/person\/faaafcd24616dff095821c72659ce41f\"},\"headline\":\"Guillermo Valles Galmes particip\u00f3 en el ciclo Di\u00e1logos sobre Comercio e Integraci\u00f3n en Tiempos de Pandemia organizado por el INTAL\",\"datePublished\":\"2020-07-03T12:39:17+00:00\",\"dateModified\":\"2021-07-05T20:10:54+00:00\",\"mainEntityOfPage\":{\"@id\":\"https:\/\/grupogpps.org\/guillermo-valles-galmes-participo-en-el-ciclo-dialogos-sobre-comercio-e-integracion-en-tiempos-de-pandemia-organizado-por-el-intal\/\"},\"wordCount\":87,\"publisher\":{\"@id\":\"https:\/\/grupogpps.org\/#organization\"},\"image\":{\"@id\":\"https:\/\/grupogpps.org\/guillermo-valles-galmes-participo-en-el-ciclo-dialogos-sobre-comercio-e-integracion-en-tiempos-de-pandemia-organizado-por-el-intal\/#primaryimage\"},\"thumbnailUrl\":\"https:\/\/grupogpps.org\/wp-content\/uploads\/2020\/07\/Captura-de-Pantalla-2020-07-07-a-las-09.43.34.png\",\"articleSection\":[\"Actividades\",\"Home\",\"Novedades\"],\"inLanguage\":\"pt-BR\"},{\"@type\":\"WebPage\",\"@id\":\"https:\/\/grupogpps.org\/guillermo-valles-galmes-participo-en-el-ciclo-dialogos-sobre-comercio-e-integracion-en-tiempos-de-pandemia-organizado-por-el-intal\/\",\"url\":\"https:\/\/grupogpps.org\/guillermo-valles-galmes-participo-en-el-ciclo-dialogos-sobre-comercio-e-integracion-en-tiempos-de-pandemia-organizado-por-el-intal\/\",\"name\":\"Guillermo Valles Galmes particip\u00f3 en el ciclo Di\u00e1logos sobre Comercio e Integraci\u00f3n en Tiempos de Pandemia organizado por el INTAL - GPS\",\"isPartOf\":{\"@id\":\"https:\/\/grupogpps.org\/#website\"},\"primaryImageOfPage\":{\"@id\":\"https:\/\/grupogpps.org\/guillermo-valles-galmes-participo-en-el-ciclo-dialogos-sobre-comercio-e-integracion-en-tiempos-de-pandemia-organizado-por-el-intal\/#primaryimage\"},\"image\":{\"@id\":\"https:\/\/grupogpps.org\/guillermo-valles-galmes-participo-en-el-ciclo-dialogos-sobre-comercio-e-integracion-en-tiempos-de-pandemia-organizado-por-el-intal\/#primaryimage\"},\"thumbnailUrl\":\"https:\/\/grupogpps.org\/wp-content\/uploads\/2020\/07\/Captura-de-Pantalla-2020-07-07-a-las-09.43.34.png\",\"datePublished\":\"2020-07-03T12:39:17+00:00\",\"dateModified\":\"2021-07-05T20:10:54+00:00\",\"breadcrumb\":{\"@id\":\"https:\/\/grupogpps.org\/guillermo-valles-galmes-participo-en-el-ciclo-dialogos-sobre-comercio-e-integracion-en-tiempos-de-pandemia-organizado-por-el-intal\/#breadcrumb\"},\"inLanguage\":\"pt-BR\",\"potentialAction\":[{\"@type\":\"ReadAction\",\"target\":[\"https:\/\/grupogpps.org\/guillermo-valles-galmes-participo-en-el-ciclo-dialogos-sobre-comercio-e-integracion-en-tiempos-de-pandemia-organizado-por-el-intal\/\"]}]},{\"@type\":\"ImageObject\",\"inLanguage\":\"pt-BR\",\"@id\":\"https:\/\/grupogpps.org\/guillermo-valles-galmes-participo-en-el-ciclo-dialogos-sobre-comercio-e-integracion-en-tiempos-de-pandemia-organizado-por-el-intal\/#primaryimage\",\"url\":\"https:\/\/grupogpps.org\/wp-content\/uploads\/2020\/07\/Captura-de-Pantalla-2020-07-07-a-las-09.43.34.png\",\"contentUrl\":\"https:\/\/grupogpps.org\/wp-content\/uploads\/2020\/07\/Captura-de-Pantalla-2020-07-07-a-las-09.43.34.png\",\"width\":903,\"height\":508,\"caption\":\"Guillermo Valles Galmes particip\u00f3 en el ciclo Di\u00e1logos sobre Comercio e Integraci\u00f3n en Tiempos de Pandemia organizado por el INTAL\"},{\"@type\":\"BreadcrumbList\",\"@id\":\"https:\/\/grupogpps.org\/guillermo-valles-galmes-participo-en-el-ciclo-dialogos-sobre-comercio-e-integracion-en-tiempos-de-pandemia-organizado-por-el-intal\/#breadcrumb\",\"itemListElement\":[{\"@type\":\"ListItem\",\"position\":1,\"name\":\"Inicio\",\"item\":\"https:\/\/grupogpps.org\/\"},{\"@type\":\"ListItem\",\"position\":2,\"name\":\"Guillermo Valles Galmes particip\u00f3 en el ciclo Di\u00e1logos sobre Comercio e Integraci\u00f3n en Tiempos de Pandemia organizado por el INTAL\"}]},{\"@type\":\"WebSite\",\"@id\":\"https:\/\/grupogpps.org\/#website\",\"url\":\"https:\/\/grupogpps.org\/\",\"name\":\"GPS\",\"description\":\"Grupo de pa\u00edses productores del sur\",\"publisher\":{\"@id\":\"https:\/\/grupogpps.org\/#organization\"},\"potentialAction\":[{\"@type\":\"SearchAction\",\"target\":{\"@type\":\"EntryPoint\",\"urlTemplate\":\"https:\/\/grupogpps.org\/?s={search_term_string}\"},\"query-input\":{\"@type\":\"PropertyValueSpecification\",\"valueRequired\":true,\"valueName\":\"search_term_string\"}}],\"inLanguage\":\"pt-BR\"},{\"@type\":\"Organization\",\"@id\":\"https:\/\/grupogpps.org\/#organization\",\"name\":\"GPS - Grupo de pa\u00edses productores del sur\",\"url\":\"https:\/\/grupogpps.org\/\",\"logo\":{\"@type\":\"ImageObject\",\"inLanguage\":\"pt-BR\",\"@id\":\"https:\/\/grupogpps.org\/#\/schema\/logo\/image\/\",\"url\":\"http:\/\/grupogpps.org\/wp-content\/uploads\/2021\/06\/logoGPS3.svg\",\"contentUrl\":\"http:\/\/grupogpps.org\/wp-content\/uploads\/2021\/06\/logoGPS3.svg\",\"width\":1,\"height\":1,\"caption\":\"GPS - Grupo de pa\u00edses productores del sur\"},\"image\":{\"@id\":\"https:\/\/grupogpps.org\/#\/schema\/logo\/image\/\"},\"sameAs\":[\"https:\/\/www.linkedin.com\/company\/25037162\/\",\"https:\/\/x.com\/GPSLatinAmerica\",\"https:\/\/www.instagram.com\/gpslatin\/\",\"https:\/\/www.youtube.com\/channel\/UCM2Qf0jSqNRJRkqmU8dO9QA\/videos\"]},{\"@type\":\"Person\",\"@id\":\"https:\/\/grupogpps.org\/#\/schema\/person\/faaafcd24616dff095821c72659ce41f\",\"name\":\"GPS GPS\",\"url\":\"https:\/\/grupogpps.org\/pt\/author\/gps\/\"}]}<\/script>\n<!-- \/ Yoast SEO plugin. -->","yoast_head_json":{"title":"Guillermo Valles Galmes particip\u00f3 en el ciclo Di\u00e1logos sobre Comercio e Integraci\u00f3n en Tiempos de Pandemia organizado por el INTAL - GPS","robots":{"index":"index","follow":"follow","max-snippet":"max-snippet:-1","max-image-preview":"max-image-preview:large","max-video-preview":"max-video-preview:-1"},"canonical":"https:\/\/grupogpps.org\/pt\/guillermo-valles-galmes-participo-en-el-ciclo-dialogos-sobre-comercio-e-integracion-en-tiempos-de-pandemia-organizado-por-el-intal\/","og_locale":"pt_BR","og_type":"article","og_title":"Guillermo Valles Galmes particip\u00f3 en el ciclo Di\u00e1logos sobre Comercio e Integraci\u00f3n en Tiempos de Pandemia organizado por el INTAL - GPS","og_description":"Guillermo Valles Galmes convers\u00f3 con Ricardo Rozemberg sobre \u00abEl futuro del multilateralismo\u00bb en el 12\u00ba encuentro de la serie de Di\u00e1logos sobre comercio exterior e integraci\u00f3n en tiempos de pandemia que propone el Instituto de la Integraci\u00f3n de Am\u00e9rica Latina del Banco Interamericano de Desarrollo, BID.","og_url":"https:\/\/grupogpps.org\/pt\/guillermo-valles-galmes-participo-en-el-ciclo-dialogos-sobre-comercio-e-integracion-en-tiempos-de-pandemia-organizado-por-el-intal\/","og_site_name":"GPS","article_publisher":"https:\/\/www.linkedin.com\/company\/25037162\/","article_published_time":"2020-07-03T12:39:17+00:00","article_modified_time":"2021-07-05T20:10:54+00:00","og_image":[{"width":903,"height":508,"url":"https:\/\/grupogpps.org\/wp-content\/uploads\/2020\/07\/Captura-de-Pantalla-2020-07-07-a-las-09.43.34.png","type":"image\/png"}],"author":"GPS GPS","twitter_card":"summary_large_image","twitter_creator":"@GPSLatinAmerica","twitter_site":"@GPSLatinAmerica","twitter_misc":{"Escrito por":"GPS GPS"},"schema":{"@context":"https:\/\/schema.org","@graph":[{"@type":"Article","@id":"https:\/\/grupogpps.org\/guillermo-valles-galmes-participo-en-el-ciclo-dialogos-sobre-comercio-e-integracion-en-tiempos-de-pandemia-organizado-por-el-intal\/#article","isPartOf":{"@id":"https:\/\/grupogpps.org\/guillermo-valles-galmes-participo-en-el-ciclo-dialogos-sobre-comercio-e-integracion-en-tiempos-de-pandemia-organizado-por-el-intal\/"},"author":{"name":"GPS GPS","@id":"https:\/\/grupogpps.org\/#\/schema\/person\/faaafcd24616dff095821c72659ce41f"},"headline":"Guillermo Valles Galmes particip\u00f3 en el ciclo Di\u00e1logos sobre Comercio e Integraci\u00f3n en Tiempos de Pandemia organizado por el INTAL","datePublished":"2020-07-03T12:39:17+00:00","dateModified":"2021-07-05T20:10:54+00:00","mainEntityOfPage":{"@id":"https:\/\/grupogpps.org\/guillermo-valles-galmes-participo-en-el-ciclo-dialogos-sobre-comercio-e-integracion-en-tiempos-de-pandemia-organizado-por-el-intal\/"},"wordCount":87,"publisher":{"@id":"https:\/\/grupogpps.org\/#organization"},"image":{"@id":"https:\/\/grupogpps.org\/guillermo-valles-galmes-participo-en-el-ciclo-dialogos-sobre-comercio-e-integracion-en-tiempos-de-pandemia-organizado-por-el-intal\/#primaryimage"},"thumbnailUrl":"https:\/\/grupogpps.org\/wp-content\/uploads\/2020\/07\/Captura-de-Pantalla-2020-07-07-a-las-09.43.34.png","articleSection":["Actividades","Home","Novedades"],"inLanguage":"pt-BR"},{"@type":"WebPage","@id":"https:\/\/grupogpps.org\/guillermo-valles-galmes-participo-en-el-ciclo-dialogos-sobre-comercio-e-integracion-en-tiempos-de-pandemia-organizado-por-el-intal\/","url":"https:\/\/grupogpps.org\/guillermo-valles-galmes-participo-en-el-ciclo-dialogos-sobre-comercio-e-integracion-en-tiempos-de-pandemia-organizado-por-el-intal\/","name":"Guillermo Valles Galmes particip\u00f3 en el ciclo Di\u00e1logos sobre Comercio e Integraci\u00f3n en Tiempos de Pandemia organizado por el INTAL - GPS","isPartOf":{"@id":"https:\/\/grupogpps.org\/#website"},"primaryImageOfPage":{"@id":"https:\/\/grupogpps.org\/guillermo-valles-galmes-participo-en-el-ciclo-dialogos-sobre-comercio-e-integracion-en-tiempos-de-pandemia-organizado-por-el-intal\/#primaryimage"},"image":{"@id":"https:\/\/grupogpps.org\/guillermo-valles-galmes-participo-en-el-ciclo-dialogos-sobre-comercio-e-integracion-en-tiempos-de-pandemia-organizado-por-el-intal\/#primaryimage"},"thumbnailUrl":"https:\/\/grupogpps.org\/wp-content\/uploads\/2020\/07\/Captura-de-Pantalla-2020-07-07-a-las-09.43.34.png","datePublished":"2020-07-03T12:39:17+00:00","dateModified":"2021-07-05T20:10:54+00:00","breadcrumb":{"@id":"https:\/\/grupogpps.org\/guillermo-valles-galmes-participo-en-el-ciclo-dialogos-sobre-comercio-e-integracion-en-tiempos-de-pandemia-organizado-por-el-intal\/#breadcrumb"},"inLanguage":"pt-BR","potentialAction":[{"@type":"ReadAction","target":["https:\/\/grupogpps.org\/guillermo-valles-galmes-participo-en-el-ciclo-dialogos-sobre-comercio-e-integracion-en-tiempos-de-pandemia-organizado-por-el-intal\/"]}]},{"@type":"ImageObject","inLanguage":"pt-BR","@id":"https:\/\/grupogpps.org\/guillermo-valles-galmes-participo-en-el-ciclo-dialogos-sobre-comercio-e-integracion-en-tiempos-de-pandemia-organizado-por-el-intal\/#primaryimage","url":"https:\/\/grupogpps.org\/wp-content\/uploads\/2020\/07\/Captura-de-Pantalla-2020-07-07-a-las-09.43.34.png","contentUrl":"https:\/\/grupogpps.org\/wp-content\/uploads\/2020\/07\/Captura-de-Pantalla-2020-07-07-a-las-09.43.34.png","width":903,"height":508,"caption":"Guillermo Valles Galmes particip\u00f3 en el ciclo Di\u00e1logos sobre Comercio e Integraci\u00f3n en Tiempos de Pandemia organizado por el INTAL"},{"@type":"BreadcrumbList","@id":"https:\/\/grupogpps.org\/guillermo-valles-galmes-participo-en-el-ciclo-dialogos-sobre-comercio-e-integracion-en-tiempos-de-pandemia-organizado-por-el-intal\/#breadcrumb","itemListElement":[{"@type":"ListItem","position":1,"name":"Inicio","item":"https:\/\/grupogpps.org\/"},{"@type":"ListItem","position":2,"name":"Guillermo Valles Galmes particip\u00f3 en el ciclo Di\u00e1logos sobre Comercio e Integraci\u00f3n en Tiempos de Pandemia organizado por el INTAL"}]},{"@type":"WebSite","@id":"https:\/\/grupogpps.org\/#website","url":"https:\/\/grupogpps.org\/","name":"GPS","description":"Grupo de pa\u00edses productores del sur","publisher":{"@id":"https:\/\/grupogpps.org\/#organization"},"potentialAction":[{"@type":"SearchAction","target":{"@type":"EntryPoint","urlTemplate":"https:\/\/grupogpps.org\/?s={search_term_string}"},"query-input":{"@type":"PropertyValueSpecification","valueRequired":true,"valueName":"search_term_string"}}],"inLanguage":"pt-BR"},{"@type":"Organization","@id":"https:\/\/grupogpps.org\/#organization","name":"GPS - Grupo de pa\u00edses productores del sur","url":"https:\/\/grupogpps.org\/","logo":{"@type":"ImageObject","inLanguage":"pt-BR","@id":"https:\/\/grupogpps.org\/#\/schema\/logo\/image\/","url":"http:\/\/grupogpps.org\/wp-content\/uploads\/2021\/06\/logoGPS3.svg","contentUrl":"http:\/\/grupogpps.org\/wp-content\/uploads\/2021\/06\/logoGPS3.svg","width":1,"height":1,"caption":"GPS - Grupo de pa\u00edses productores del sur"},"image":{"@id":"https:\/\/grupogpps.org\/#\/schema\/logo\/image\/"},"sameAs":["https:\/\/www.linkedin.com\/company\/25037162\/","https:\/\/x.com\/GPSLatinAmerica","https:\/\/www.instagram.com\/gpslatin\/","https:\/\/www.youtube.com\/channel\/UCM2Qf0jSqNRJRkqmU8dO9QA\/videos"]},{"@type":"Person","@id":"https:\/\/grupogpps.org\/#\/schema\/person\/faaafcd24616dff095821c72659ce41f","name":"GPS GPS","url":"https:\/\/grupogpps.org\/pt\/author\/gps\/"}]}},"_links":{"self":[{"href":"https:\/\/grupogpps.org\/pt\/wp-json\/wp\/v2\/posts\/1856","targetHints":{"allow":["GET"]}}],"collection":[{"href":"https:\/\/grupogpps.org\/pt\/wp-json\/wp\/v2\/posts"}],"about":[{"href":"https:\/\/grupogpps.org\/pt\/wp-json\/wp\/v2\/types\/post"}],"author":[{"embeddable":true,"href":"https:\/\/grupogpps.org\/pt\/wp-json\/wp\/v2\/users\/2"}],"replies":[{"embeddable":true,"href":"https:\/\/grupogpps.org\/pt\/wp-json\/wp\/v2\/comments?post=1856"}],"version-history":[{"count":2,"href":"https:\/\/grupogpps.org\/pt\/wp-json\/wp\/v2\/posts\/1856\/revisions"}],"predecessor-version":[{"id":2754,"href":"https:\/\/grupogpps.org\/pt\/wp-json\/wp\/v2\/posts\/1856\/revisions\/2754"}],"wp:featuredmedia":[{"embeddable":true,"href":"https:\/\/grupogpps.org\/pt\/wp-json\/wp\/v2\/media\/1857"}],"wp:attachment":[{"href":"https:\/\/grupogpps.org\/pt\/wp-json\/wp\/v2\/media?parent=1856"}],"wp:term":[{"taxonomy":"category","embeddable":true,"href":"https:\/\/grupogpps.org\/pt\/wp-json\/wp\/v2\/categories?post=1856"},{"taxonomy":"post_tag","embeddable":true,"href":"https:\/\/grupogpps.org\/pt\/wp-json\/wp\/v2\/tags?post=1856"}],"curies":[{"name":"wp","href":"https:\/\/api.w.org\/{rel}","templated":true}]}}