{"id":1813,"date":"2020-10-20T10:20:04","date_gmt":"2020-10-20T13:20:04","guid":{"rendered":"http:\/\/grupogpps.org\/?p=2085"},"modified":"2022-11-28T14:35:47","modified_gmt":"2022-11-28T17:35:47","slug":"publicacion-de-ricardo-carciofi-el-programa-de-recuperacion-europea-y-nuestras-exportaciones-agroindustriales-un-analisis-mas-alla-del-acuerdo-con-europa-2","status":"publish","type":"post","link":"https:\/\/grupogpps.org\/pt\/publicacion-de-ricardo-carciofi-el-programa-de-recuperacion-europea-y-nuestras-exportaciones-agroindustriales-un-analisis-mas-alla-del-acuerdo-con-europa-2\/","title":{"rendered":"Publicaci\u00f3n de Ricardo Carciofi \u00abEl programa de recuperaci\u00f3n europea y nuestras exportaciones agroindustriales. Un an\u00e1lisis m\u00e1s all\u00e1 del Acuerdo con Europa\u00bb"},"content":{"rendered":"<p>[vc_row css=\u00bb.vc_custom_1510860906360{margin-top: 0px !important;margin-bottom: 50px !important;padding-top: 0px !important;}\u00bb][vc_column][vc_column_text]El pasado mes de Julio la Uni\u00f3n Europea lanz\u00f3 uno de los programas m\u00e1s ambiciosos para la integraci\u00f3n del bloque que se haya llevado a cabo en los a\u00f1os recientes. Nos referimos al Programa de Recuperaci\u00f3n para Europa (PRE). \u00a0En nuestra regi\u00f3n, este nuevo planteo de la Uni\u00f3n Europea, aunque sus consecuencias pueden ser significativas, ha pasado mayormente desapercibido.<\/p>\n<p>Este art\u00edculo de Ricardo Carciofi, publicado por CIPPEC, analiza las posibles implicaciones del programa de reconversi\u00f3n recientemente aprobado por la UE sobre los flujos comerciales que nos vinculan con esta regi\u00f3n.<\/p>\n<p>[\/vc_column_text][vc_separator color=\u00bbmulled_wine\u00bb][ultimate_spacer][vc_column_text css=\u00bb.vc_custom_1527510616612{margin-top: 10px !important;margin-left: 10px !important;}\u00bb][\/vc_column_text][\/vc_column][\/vc_row][vc_row][vc_column][vc_btn title=\u00bbAcceder al art\u00edculo\u00bb color=\u00bbsuccess\u00bb link=\u00bburl:https%3A%2F%2Fwww.cippec.org%2Ftextual%2Fel-programa-de-recuperacion-europea-y-nuestras-exportaciones-agroindustriales-un-analisis-mas-alla-del-acuerdo-con-europa%2F|||\u00bb][\/vc_column][\/vc_row][vc_row][vc_column][\/vc_column][\/vc_row][vc_row][vc_column][\/vc_column][\/vc_row]<\/p>","protected":false},"excerpt":{"rendered":"<p>[vc_row css=\u00bb.vc_custom_1510860906360{margin-top: 0px !important;margin-bottom: 50px !important;padding-top: 0px !important;}\u00bb][vc_column][vc_column_text]El pasado mes de Julio la Uni\u00f3n Europea lanz\u00f3 uno de los programas m\u00e1s ambiciosos para la integraci\u00f3n del bloque que se haya llevado a cabo en los a\u00f1os recientes. Nos referimos al Programa de Recuperaci\u00f3n para Europa (PRE). \u00a0En nuestra regi\u00f3n, este nuevo planteo de la Uni\u00f3n [&hellip;]<\/p>","protected":false},"author":2,"featured_media":1814,"comment_status":"closed","ping_status":"closed","sticky":false,"template":"","format":"standard","meta":{"footnotes":""},"categories":[20,25,23],"tags":[],"class_list":["post-1813","post","type-post","status-publish","format-standard","has-post-thumbnail","hentry","category-contribuciones-de-la-red","category-home","category-novedades"],"yoast_head":"<!-- This site is optimized with the Yoast SEO plugin v26.8 - https:\/\/yoast.com\/product\/yoast-seo-wordpress\/ -->\n<title>Publicaci\u00f3n de Ricardo Carciofi &quot;El programa de recuperaci\u00f3n europea y nuestras exportaciones agroindustriales. Un an\u00e1lisis m\u00e1s all\u00e1 del Acuerdo con Europa&quot; - GPS<\/title>\n<meta name=\"robots\" content=\"index, follow, max-snippet:-1, max-image-preview:large, max-video-preview:-1\" \/>\n<link rel=\"canonical\" href=\"https:\/\/grupogpps.org\/pt\/publicacion-de-ricardo-carciofi-el-programa-de-recuperacion-europea-y-nuestras-exportaciones-agroindustriales-un-analisis-mas-alla-del-acuerdo-con-europa-2\/\" \/>\n<meta property=\"og:locale\" content=\"pt_BR\" \/>\n<meta property=\"og:type\" content=\"article\" \/>\n<meta property=\"og:title\" content=\"Publicaci\u00f3n de Ricardo Carciofi &quot;El programa de recuperaci\u00f3n europea y nuestras exportaciones agroindustriales. Un an\u00e1lisis m\u00e1s all\u00e1 del Acuerdo con Europa&quot; - GPS\" \/>\n<meta property=\"og:description\" content=\"[vc_row css=\u00bb.vc_custom_1510860906360{margin-top: 0px !important;margin-bottom: 50px !important;padding-top: 0px !important;}\u00bb][vc_column][vc_column_text]El pasado mes de Julio la Uni\u00f3n Europea lanz\u00f3 uno de los programas m\u00e1s ambiciosos para la integraci\u00f3n del bloque que se haya llevado a cabo en los a\u00f1os recientes. Nos referimos al Programa de Recuperaci\u00f3n para Europa (PRE). \u00a0En nuestra regi\u00f3n, este nuevo planteo de la Uni\u00f3n [&hellip;]\" \/>\n<meta property=\"og:url\" content=\"https:\/\/grupogpps.org\/pt\/publicacion-de-ricardo-carciofi-el-programa-de-recuperacion-europea-y-nuestras-exportaciones-agroindustriales-un-analisis-mas-alla-del-acuerdo-con-europa-2\/\" \/>\n<meta property=\"og:site_name\" content=\"GPS\" \/>\n<meta property=\"article:publisher\" content=\"https:\/\/www.linkedin.com\/company\/25037162\/\" \/>\n<meta property=\"article:published_time\" content=\"2020-10-20T13:20:04+00:00\" \/>\n<meta property=\"article:modified_time\" content=\"2022-11-28T17:35:47+00:00\" \/>\n<meta property=\"og:image\" content=\"https:\/\/grupogpps.org\/wp-content\/uploads\/2020\/01\/uni\u00f3n-europea.png\" \/>\n\t<meta property=\"og:image:width\" content=\"1024\" \/>\n\t<meta property=\"og:image:height\" content=\"768\" \/>\n\t<meta property=\"og:image:type\" content=\"image\/png\" \/>\n<meta name=\"author\" content=\"GPS GPS\" \/>\n<meta name=\"twitter:card\" content=\"summary_large_image\" \/>\n<meta name=\"twitter:creator\" content=\"@GPSLatinAmerica\" \/>\n<meta name=\"twitter:site\" content=\"@GPSLatinAmerica\" \/>\n<meta name=\"twitter:label1\" content=\"Escrito por\" \/>\n\t<meta name=\"twitter:data1\" content=\"GPS GPS\" \/>\n\t<meta name=\"twitter:label2\" content=\"Est. tempo de leitura\" \/>\n\t<meta name=\"twitter:data2\" content=\"1 minuto\" \/>\n<script type=\"application\/ld+json\" class=\"yoast-schema-graph\">{\"@context\":\"https:\/\/schema.org\",\"@graph\":[{\"@type\":\"Article\",\"@id\":\"https:\/\/grupogpps.org\/publicacion-de-ricardo-carciofi-el-programa-de-recuperacion-europea-y-nuestras-exportaciones-agroindustriales-un-analisis-mas-alla-del-acuerdo-con-europa-2\/#article\",\"isPartOf\":{\"@id\":\"https:\/\/grupogpps.org\/publicacion-de-ricardo-carciofi-el-programa-de-recuperacion-europea-y-nuestras-exportaciones-agroindustriales-un-analisis-mas-alla-del-acuerdo-con-europa-2\/\"},\"author\":{\"name\":\"GPS GPS\",\"@id\":\"https:\/\/grupogpps.org\/#\/schema\/person\/faaafcd24616dff095821c72659ce41f\"},\"headline\":\"Publicaci\u00f3n de Ricardo Carciofi \u00abEl programa de recuperaci\u00f3n europea y nuestras exportaciones agroindustriales. Un an\u00e1lisis m\u00e1s all\u00e1 del Acuerdo con Europa\u00bb\",\"datePublished\":\"2020-10-20T13:20:04+00:00\",\"dateModified\":\"2022-11-28T17:35:47+00:00\",\"mainEntityOfPage\":{\"@id\":\"https:\/\/grupogpps.org\/publicacion-de-ricardo-carciofi-el-programa-de-recuperacion-europea-y-nuestras-exportaciones-agroindustriales-un-analisis-mas-alla-del-acuerdo-con-europa-2\/\"},\"wordCount\":217,\"publisher\":{\"@id\":\"https:\/\/grupogpps.org\/#organization\"},\"image\":{\"@id\":\"https:\/\/grupogpps.org\/publicacion-de-ricardo-carciofi-el-programa-de-recuperacion-europea-y-nuestras-exportaciones-agroindustriales-un-analisis-mas-alla-del-acuerdo-con-europa-2\/#primaryimage\"},\"thumbnailUrl\":\"https:\/\/grupogpps.org\/wp-content\/uploads\/2020\/01\/uni\u00f3n-europea.png\",\"articleSection\":[\"Contribuciones de la red\",\"Home\",\"Novedades\"],\"inLanguage\":\"pt-BR\"},{\"@type\":\"WebPage\",\"@id\":\"https:\/\/grupogpps.org\/publicacion-de-ricardo-carciofi-el-programa-de-recuperacion-europea-y-nuestras-exportaciones-agroindustriales-un-analisis-mas-alla-del-acuerdo-con-europa-2\/\",\"url\":\"https:\/\/grupogpps.org\/publicacion-de-ricardo-carciofi-el-programa-de-recuperacion-europea-y-nuestras-exportaciones-agroindustriales-un-analisis-mas-alla-del-acuerdo-con-europa-2\/\",\"name\":\"Publicaci\u00f3n de Ricardo Carciofi \\\"El programa de recuperaci\u00f3n europea y nuestras exportaciones agroindustriales. Un an\u00e1lisis m\u00e1s all\u00e1 del Acuerdo con Europa\\\" - GPS\",\"isPartOf\":{\"@id\":\"https:\/\/grupogpps.org\/#website\"},\"primaryImageOfPage\":{\"@id\":\"https:\/\/grupogpps.org\/publicacion-de-ricardo-carciofi-el-programa-de-recuperacion-europea-y-nuestras-exportaciones-agroindustriales-un-analisis-mas-alla-del-acuerdo-con-europa-2\/#primaryimage\"},\"image\":{\"@id\":\"https:\/\/grupogpps.org\/publicacion-de-ricardo-carciofi-el-programa-de-recuperacion-europea-y-nuestras-exportaciones-agroindustriales-un-analisis-mas-alla-del-acuerdo-con-europa-2\/#primaryimage\"},\"thumbnailUrl\":\"https:\/\/grupogpps.org\/wp-content\/uploads\/2020\/01\/uni\u00f3n-europea.png\",\"datePublished\":\"2020-10-20T13:20:04+00:00\",\"dateModified\":\"2022-11-28T17:35:47+00:00\",\"breadcrumb\":{\"@id\":\"https:\/\/grupogpps.org\/publicacion-de-ricardo-carciofi-el-programa-de-recuperacion-europea-y-nuestras-exportaciones-agroindustriales-un-analisis-mas-alla-del-acuerdo-con-europa-2\/#breadcrumb\"},\"inLanguage\":\"pt-BR\",\"potentialAction\":[{\"@type\":\"ReadAction\",\"target\":[\"https:\/\/grupogpps.org\/publicacion-de-ricardo-carciofi-el-programa-de-recuperacion-europea-y-nuestras-exportaciones-agroindustriales-un-analisis-mas-alla-del-acuerdo-con-europa-2\/\"]}]},{\"@type\":\"ImageObject\",\"inLanguage\":\"pt-BR\",\"@id\":\"https:\/\/grupogpps.org\/publicacion-de-ricardo-carciofi-el-programa-de-recuperacion-europea-y-nuestras-exportaciones-agroindustriales-un-analisis-mas-alla-del-acuerdo-con-europa-2\/#primaryimage\",\"url\":\"https:\/\/grupogpps.org\/wp-content\/uploads\/2020\/01\/uni\u00f3n-europea.png\",\"contentUrl\":\"https:\/\/grupogpps.org\/wp-content\/uploads\/2020\/01\/uni\u00f3n-europea.png\",\"width\":1024,\"height\":768,\"caption\":\"Publicaci\u00f3n de Ricardo Carciofi \\\"El programa de recuperaci\u00f3n europea y nuestras exportaciones agroindustriales. Un an\u00e1lisis m\u00e1s all\u00e1 del Acuerdo con Europa\\\"\"},{\"@type\":\"BreadcrumbList\",\"@id\":\"https:\/\/grupogpps.org\/publicacion-de-ricardo-carciofi-el-programa-de-recuperacion-europea-y-nuestras-exportaciones-agroindustriales-un-analisis-mas-alla-del-acuerdo-con-europa-2\/#breadcrumb\",\"itemListElement\":[{\"@type\":\"ListItem\",\"position\":1,\"name\":\"Inicio\",\"item\":\"https:\/\/grupogpps.org\/\"},{\"@type\":\"ListItem\",\"position\":2,\"name\":\"Publicaci\u00f3n de Ricardo Carciofi &#8220;El programa de recuperaci\u00f3n europea y nuestras exportaciones agroindustriales. Un an\u00e1lisis m\u00e1s all\u00e1 del Acuerdo con Europa&#8221;\"}]},{\"@type\":\"WebSite\",\"@id\":\"https:\/\/grupogpps.org\/#website\",\"url\":\"https:\/\/grupogpps.org\/\",\"name\":\"GPS\",\"description\":\"Grupo de pa\u00edses productores del sur\",\"publisher\":{\"@id\":\"https:\/\/grupogpps.org\/#organization\"},\"potentialAction\":[{\"@type\":\"SearchAction\",\"target\":{\"@type\":\"EntryPoint\",\"urlTemplate\":\"https:\/\/grupogpps.org\/?s={search_term_string}\"},\"query-input\":{\"@type\":\"PropertyValueSpecification\",\"valueRequired\":true,\"valueName\":\"search_term_string\"}}],\"inLanguage\":\"pt-BR\"},{\"@type\":\"Organization\",\"@id\":\"https:\/\/grupogpps.org\/#organization\",\"name\":\"GPS - Grupo de pa\u00edses productores del sur\",\"url\":\"https:\/\/grupogpps.org\/\",\"logo\":{\"@type\":\"ImageObject\",\"inLanguage\":\"pt-BR\",\"@id\":\"https:\/\/grupogpps.org\/#\/schema\/logo\/image\/\",\"url\":\"http:\/\/grupogpps.org\/wp-content\/uploads\/2021\/06\/logoGPS3.svg\",\"contentUrl\":\"http:\/\/grupogpps.org\/wp-content\/uploads\/2021\/06\/logoGPS3.svg\",\"width\":1,\"height\":1,\"caption\":\"GPS - Grupo de pa\u00edses productores del sur\"},\"image\":{\"@id\":\"https:\/\/grupogpps.org\/#\/schema\/logo\/image\/\"},\"sameAs\":[\"https:\/\/www.linkedin.com\/company\/25037162\/\",\"https:\/\/x.com\/GPSLatinAmerica\",\"https:\/\/www.instagram.com\/gpslatin\/\",\"https:\/\/www.youtube.com\/channel\/UCM2Qf0jSqNRJRkqmU8dO9QA\/videos\"]},{\"@type\":\"Person\",\"@id\":\"https:\/\/grupogpps.org\/#\/schema\/person\/faaafcd24616dff095821c72659ce41f\",\"name\":\"GPS GPS\",\"url\":\"https:\/\/grupogpps.org\/pt\/author\/gps\/\"}]}<\/script>\n<!-- \/ Yoast SEO plugin. -->","yoast_head_json":{"title":"Publicaci\u00f3n de Ricardo Carciofi \"El programa de recuperaci\u00f3n europea y nuestras exportaciones agroindustriales. Un an\u00e1lisis m\u00e1s all\u00e1 del Acuerdo con Europa\" - GPS","robots":{"index":"index","follow":"follow","max-snippet":"max-snippet:-1","max-image-preview":"max-image-preview:large","max-video-preview":"max-video-preview:-1"},"canonical":"https:\/\/grupogpps.org\/pt\/publicacion-de-ricardo-carciofi-el-programa-de-recuperacion-europea-y-nuestras-exportaciones-agroindustriales-un-analisis-mas-alla-del-acuerdo-con-europa-2\/","og_locale":"pt_BR","og_type":"article","og_title":"Publicaci\u00f3n de Ricardo Carciofi \"El programa de recuperaci\u00f3n europea y nuestras exportaciones agroindustriales. Un an\u00e1lisis m\u00e1s all\u00e1 del Acuerdo con Europa\" - GPS","og_description":"[vc_row css=\u00bb.vc_custom_1510860906360{margin-top: 0px !important;margin-bottom: 50px !important;padding-top: 0px !important;}\u00bb][vc_column][vc_column_text]El pasado mes de Julio la Uni\u00f3n Europea lanz\u00f3 uno de los programas m\u00e1s ambiciosos para la integraci\u00f3n del bloque que se haya llevado a cabo en los a\u00f1os recientes. Nos referimos al Programa de Recuperaci\u00f3n para Europa (PRE). \u00a0En nuestra regi\u00f3n, este nuevo planteo de la Uni\u00f3n [&hellip;]","og_url":"https:\/\/grupogpps.org\/pt\/publicacion-de-ricardo-carciofi-el-programa-de-recuperacion-europea-y-nuestras-exportaciones-agroindustriales-un-analisis-mas-alla-del-acuerdo-con-europa-2\/","og_site_name":"GPS","article_publisher":"https:\/\/www.linkedin.com\/company\/25037162\/","article_published_time":"2020-10-20T13:20:04+00:00","article_modified_time":"2022-11-28T17:35:47+00:00","og_image":[{"width":1024,"height":768,"url":"https:\/\/grupogpps.org\/wp-content\/uploads\/2020\/01\/uni\u00f3n-europea.png","type":"image\/png"}],"author":"GPS GPS","twitter_card":"summary_large_image","twitter_creator":"@GPSLatinAmerica","twitter_site":"@GPSLatinAmerica","twitter_misc":{"Escrito por":"GPS GPS","Est. tempo de leitura":"1 minuto"},"schema":{"@context":"https:\/\/schema.org","@graph":[{"@type":"Article","@id":"https:\/\/grupogpps.org\/publicacion-de-ricardo-carciofi-el-programa-de-recuperacion-europea-y-nuestras-exportaciones-agroindustriales-un-analisis-mas-alla-del-acuerdo-con-europa-2\/#article","isPartOf":{"@id":"https:\/\/grupogpps.org\/publicacion-de-ricardo-carciofi-el-programa-de-recuperacion-europea-y-nuestras-exportaciones-agroindustriales-un-analisis-mas-alla-del-acuerdo-con-europa-2\/"},"author":{"name":"GPS GPS","@id":"https:\/\/grupogpps.org\/#\/schema\/person\/faaafcd24616dff095821c72659ce41f"},"headline":"Publicaci\u00f3n de Ricardo Carciofi \u00abEl programa de recuperaci\u00f3n europea y nuestras exportaciones agroindustriales. Un an\u00e1lisis m\u00e1s all\u00e1 del Acuerdo con Europa\u00bb","datePublished":"2020-10-20T13:20:04+00:00","dateModified":"2022-11-28T17:35:47+00:00","mainEntityOfPage":{"@id":"https:\/\/grupogpps.org\/publicacion-de-ricardo-carciofi-el-programa-de-recuperacion-europea-y-nuestras-exportaciones-agroindustriales-un-analisis-mas-alla-del-acuerdo-con-europa-2\/"},"wordCount":217,"publisher":{"@id":"https:\/\/grupogpps.org\/#organization"},"image":{"@id":"https:\/\/grupogpps.org\/publicacion-de-ricardo-carciofi-el-programa-de-recuperacion-europea-y-nuestras-exportaciones-agroindustriales-un-analisis-mas-alla-del-acuerdo-con-europa-2\/#primaryimage"},"thumbnailUrl":"https:\/\/grupogpps.org\/wp-content\/uploads\/2020\/01\/uni\u00f3n-europea.png","articleSection":["Contribuciones de la red","Home","Novedades"],"inLanguage":"pt-BR"},{"@type":"WebPage","@id":"https:\/\/grupogpps.org\/publicacion-de-ricardo-carciofi-el-programa-de-recuperacion-europea-y-nuestras-exportaciones-agroindustriales-un-analisis-mas-alla-del-acuerdo-con-europa-2\/","url":"https:\/\/grupogpps.org\/publicacion-de-ricardo-carciofi-el-programa-de-recuperacion-europea-y-nuestras-exportaciones-agroindustriales-un-analisis-mas-alla-del-acuerdo-con-europa-2\/","name":"Publicaci\u00f3n de Ricardo Carciofi \"El programa de recuperaci\u00f3n europea y nuestras exportaciones agroindustriales. Un an\u00e1lisis m\u00e1s all\u00e1 del Acuerdo con Europa\" - GPS","isPartOf":{"@id":"https:\/\/grupogpps.org\/#website"},"primaryImageOfPage":{"@id":"https:\/\/grupogpps.org\/publicacion-de-ricardo-carciofi-el-programa-de-recuperacion-europea-y-nuestras-exportaciones-agroindustriales-un-analisis-mas-alla-del-acuerdo-con-europa-2\/#primaryimage"},"image":{"@id":"https:\/\/grupogpps.org\/publicacion-de-ricardo-carciofi-el-programa-de-recuperacion-europea-y-nuestras-exportaciones-agroindustriales-un-analisis-mas-alla-del-acuerdo-con-europa-2\/#primaryimage"},"thumbnailUrl":"https:\/\/grupogpps.org\/wp-content\/uploads\/2020\/01\/uni\u00f3n-europea.png","datePublished":"2020-10-20T13:20:04+00:00","dateModified":"2022-11-28T17:35:47+00:00","breadcrumb":{"@id":"https:\/\/grupogpps.org\/publicacion-de-ricardo-carciofi-el-programa-de-recuperacion-europea-y-nuestras-exportaciones-agroindustriales-un-analisis-mas-alla-del-acuerdo-con-europa-2\/#breadcrumb"},"inLanguage":"pt-BR","potentialAction":[{"@type":"ReadAction","target":["https:\/\/grupogpps.org\/publicacion-de-ricardo-carciofi-el-programa-de-recuperacion-europea-y-nuestras-exportaciones-agroindustriales-un-analisis-mas-alla-del-acuerdo-con-europa-2\/"]}]},{"@type":"ImageObject","inLanguage":"pt-BR","@id":"https:\/\/grupogpps.org\/publicacion-de-ricardo-carciofi-el-programa-de-recuperacion-europea-y-nuestras-exportaciones-agroindustriales-un-analisis-mas-alla-del-acuerdo-con-europa-2\/#primaryimage","url":"https:\/\/grupogpps.org\/wp-content\/uploads\/2020\/01\/uni\u00f3n-europea.png","contentUrl":"https:\/\/grupogpps.org\/wp-content\/uploads\/2020\/01\/uni\u00f3n-europea.png","width":1024,"height":768,"caption":"Publicaci\u00f3n de Ricardo Carciofi \"El programa de recuperaci\u00f3n europea y nuestras exportaciones agroindustriales. Un an\u00e1lisis m\u00e1s all\u00e1 del Acuerdo con Europa\""},{"@type":"BreadcrumbList","@id":"https:\/\/grupogpps.org\/publicacion-de-ricardo-carciofi-el-programa-de-recuperacion-europea-y-nuestras-exportaciones-agroindustriales-un-analisis-mas-alla-del-acuerdo-con-europa-2\/#breadcrumb","itemListElement":[{"@type":"ListItem","position":1,"name":"Inicio","item":"https:\/\/grupogpps.org\/"},{"@type":"ListItem","position":2,"name":"Publicaci\u00f3n de Ricardo Carciofi &#8220;El programa de recuperaci\u00f3n europea y nuestras exportaciones agroindustriales. Un an\u00e1lisis m\u00e1s all\u00e1 del Acuerdo con Europa&#8221;"}]},{"@type":"WebSite","@id":"https:\/\/grupogpps.org\/#website","url":"https:\/\/grupogpps.org\/","name":"GPS","description":"Grupo de pa\u00edses productores del sur","publisher":{"@id":"https:\/\/grupogpps.org\/#organization"},"potentialAction":[{"@type":"SearchAction","target":{"@type":"EntryPoint","urlTemplate":"https:\/\/grupogpps.org\/?s={search_term_string}"},"query-input":{"@type":"PropertyValueSpecification","valueRequired":true,"valueName":"search_term_string"}}],"inLanguage":"pt-BR"},{"@type":"Organization","@id":"https:\/\/grupogpps.org\/#organization","name":"GPS - Grupo de pa\u00edses productores del sur","url":"https:\/\/grupogpps.org\/","logo":{"@type":"ImageObject","inLanguage":"pt-BR","@id":"https:\/\/grupogpps.org\/#\/schema\/logo\/image\/","url":"http:\/\/grupogpps.org\/wp-content\/uploads\/2021\/06\/logoGPS3.svg","contentUrl":"http:\/\/grupogpps.org\/wp-content\/uploads\/2021\/06\/logoGPS3.svg","width":1,"height":1,"caption":"GPS - Grupo de pa\u00edses productores del sur"},"image":{"@id":"https:\/\/grupogpps.org\/#\/schema\/logo\/image\/"},"sameAs":["https:\/\/www.linkedin.com\/company\/25037162\/","https:\/\/x.com\/GPSLatinAmerica","https:\/\/www.instagram.com\/gpslatin\/","https:\/\/www.youtube.com\/channel\/UCM2Qf0jSqNRJRkqmU8dO9QA\/videos"]},{"@type":"Person","@id":"https:\/\/grupogpps.org\/#\/schema\/person\/faaafcd24616dff095821c72659ce41f","name":"GPS GPS","url":"https:\/\/grupogpps.org\/pt\/author\/gps\/"}]}},"_links":{"self":[{"href":"https:\/\/grupogpps.org\/pt\/wp-json\/wp\/v2\/posts\/1813","targetHints":{"allow":["GET"]}}],"collection":[{"href":"https:\/\/grupogpps.org\/pt\/wp-json\/wp\/v2\/posts"}],"about":[{"href":"https:\/\/grupogpps.org\/pt\/wp-json\/wp\/v2\/types\/post"}],"author":[{"embeddable":true,"href":"https:\/\/grupogpps.org\/pt\/wp-json\/wp\/v2\/users\/2"}],"replies":[{"embeddable":true,"href":"https:\/\/grupogpps.org\/pt\/wp-json\/wp\/v2\/comments?post=1813"}],"version-history":[{"count":1,"href":"https:\/\/grupogpps.org\/pt\/wp-json\/wp\/v2\/posts\/1813\/revisions"}],"predecessor-version":[{"id":4089,"href":"https:\/\/grupogpps.org\/pt\/wp-json\/wp\/v2\/posts\/1813\/revisions\/4089"}],"wp:featuredmedia":[{"embeddable":true,"href":"https:\/\/grupogpps.org\/pt\/wp-json\/wp\/v2\/media\/1814"}],"wp:attachment":[{"href":"https:\/\/grupogpps.org\/pt\/wp-json\/wp\/v2\/media?parent=1813"}],"wp:term":[{"taxonomy":"category","embeddable":true,"href":"https:\/\/grupogpps.org\/pt\/wp-json\/wp\/v2\/categories?post=1813"},{"taxonomy":"post_tag","embeddable":true,"href":"https:\/\/grupogpps.org\/pt\/wp-json\/wp\/v2\/tags?post=1813"}],"curies":[{"name":"wp","href":"https:\/\/api.w.org\/{rel}","templated":true}]}}