{"id":1811,"date":"2020-10-22T10:02:02","date_gmt":"2020-10-22T13:02:02","guid":{"rendered":"http:\/\/grupogpps.org\/?p=2088"},"modified":"2021-08-20T11:11:45","modified_gmt":"2021-08-20T14:11:45","slug":"publicacion-marcelo-regunaga-la-agro-industria-el-carrito-hacia-el-exterior","status":"publish","type":"post","link":"https:\/\/grupogpps.org\/pt\/publicacion-marcelo-regunaga-la-agro-industria-el-carrito-hacia-el-exterior\/","title":{"rendered":"Publicaci\u00f3n Marcelo Reg\u00fanaga: \u00abLa Agro Industria, el carrito hacia el exterior\u00bb"},"content":{"rendered":"<p>Marcelo Reg\u00fanaga, Fundaci\u00f3n Producir Conservando, Octubre de 2020.<\/p>\n<p>La gravedad de la crisis econ\u00f3mica y social en que se encuentra el pa\u00eds plantea la urgencia de la instrumentaci\u00f3n de una estrategia de crecimiento basada en el comercio exterior. \u00a0En un contexto de enormes desaf\u00edos externos por los efectos disruptivos de la pandemia del COVID-19 en el comercio mundial y en la recesi\u00f3n econ\u00f3mica global, la capacidad de generar divisas genuinas es una variable fundamental para el crecimiento econ\u00f3mico de nuestro pa\u00eds.<\/p>\n<p>El art\u00edculo, publicado en el \u00faltimo Newsletter de la Fundaci\u00f3n Producir Conservando, revisa el rol del sector agroindustrial como propulsor del crecimiento en la Argentina y analiza la oportunidad e importancia de re-impulsar las exportaciones agroindustriales, en base a la propuesta de la \u201cESTRATEGIA DE REACTIVACION AGROINDUSTRIAL EXPORTADORA INCLUSIVA Y FEDERAL\u201d.<\/p>\n\n\n<div style=\"height:30px\" aria-hidden=\"true\" class=\"wp-block-spacer\"><\/div>\n\n\n\n<div class=\"wp-block-buttons is-content-justification-center is-layout-flex wp-block-buttons-is-layout-flex\">\n<div class=\"wp-block-button\"><a class=\"wp-block-button__link\" href=\"\" target=\"_blank\" rel=\"noreferrer noopener\">Ir para o artigo<\/a><\/div>\n<\/div>","protected":false},"excerpt":{"rendered":"<p>Marcelo Reg\u00fanaga, Fundaci\u00f3n Producir Conservando, Octubre de 2020. La gravedad de la crisis econ\u00f3mica y social en que se encuentra el pa\u00eds plantea la urgencia de la instrumentaci\u00f3n de una estrategia de crecimiento basada en el comercio exterior. \u00a0En un contexto de enormes desaf\u00edos externos por los efectos disruptivos de la pandemia del COVID-19 en [&hellip;]<\/p>","protected":false},"author":2,"featured_media":1812,"comment_status":"closed","ping_status":"closed","sticky":false,"template":"","format":"standard","meta":{"footnotes":""},"categories":[24,25,23],"tags":[],"class_list":["post-1811","post","type-post","status-publish","format-standard","has-post-thumbnail","hentry","category-gps-en-los-medios","category-home","category-novedades"],"yoast_head":"<!-- This site is optimized with the Yoast SEO plugin v26.8 - https:\/\/yoast.com\/product\/yoast-seo-wordpress\/ -->\n<title>Publicaci\u00f3n Marcelo Reg\u00fanaga: &quot;La Agro Industria, el carrito hacia el exterior&quot; - GPS<\/title>\n<meta name=\"robots\" content=\"index, follow, max-snippet:-1, max-image-preview:large, max-video-preview:-1\" \/>\n<link rel=\"canonical\" href=\"https:\/\/grupogpps.org\/pt\/publicacion-marcelo-regunaga-la-agro-industria-el-carrito-hacia-el-exterior\/\" \/>\n<meta property=\"og:locale\" content=\"pt_BR\" \/>\n<meta property=\"og:type\" content=\"article\" \/>\n<meta property=\"og:title\" content=\"Publicaci\u00f3n Marcelo Reg\u00fanaga: &quot;La Agro Industria, el carrito hacia el exterior&quot; - GPS\" \/>\n<meta property=\"og:description\" content=\"Marcelo Reg\u00fanaga, Fundaci\u00f3n Producir Conservando, Octubre de 2020. La gravedad de la crisis econ\u00f3mica y social en que se encuentra el pa\u00eds plantea la urgencia de la instrumentaci\u00f3n de una estrategia de crecimiento basada en el comercio exterior. \u00a0En un contexto de enormes desaf\u00edos externos por los efectos disruptivos de la pandemia del COVID-19 en [&hellip;]\" \/>\n<meta property=\"og:url\" content=\"https:\/\/grupogpps.org\/pt\/publicacion-marcelo-regunaga-la-agro-industria-el-carrito-hacia-el-exterior\/\" \/>\n<meta property=\"og:site_name\" content=\"GPS\" \/>\n<meta property=\"article:publisher\" content=\"https:\/\/www.linkedin.com\/company\/25037162\/\" \/>\n<meta property=\"article:published_time\" content=\"2020-10-22T13:02:02+00:00\" \/>\n<meta property=\"article:modified_time\" content=\"2021-08-20T14:11:45+00:00\" \/>\n<meta property=\"og:image\" content=\"https:\/\/grupogpps.org\/wp-content\/uploads\/2020\/10\/Captura-de-Pantalla-2020-10-22-a-las-10.01.28.png\" \/>\n\t<meta property=\"og:image:width\" content=\"592\" \/>\n\t<meta property=\"og:image:height\" content=\"420\" \/>\n\t<meta property=\"og:image:type\" content=\"image\/png\" \/>\n<meta name=\"author\" content=\"GPS GPS\" \/>\n<meta name=\"twitter:card\" content=\"summary_large_image\" \/>\n<meta name=\"twitter:creator\" content=\"@GPSLatinAmerica\" \/>\n<meta name=\"twitter:site\" content=\"@GPSLatinAmerica\" \/>\n<meta name=\"twitter:label1\" content=\"Escrito por\" \/>\n\t<meta name=\"twitter:data1\" content=\"GPS GPS\" \/>\n\t<meta name=\"twitter:label2\" content=\"Est. tempo de leitura\" \/>\n\t<meta name=\"twitter:data2\" content=\"1 minuto\" \/>\n<script type=\"application\/ld+json\" class=\"yoast-schema-graph\">{\"@context\":\"https:\/\/schema.org\",\"@graph\":[{\"@type\":\"Article\",\"@id\":\"https:\/\/grupogpps.org\/publicacion-marcelo-regunaga-la-agro-industria-el-carrito-hacia-el-exterior\/#article\",\"isPartOf\":{\"@id\":\"https:\/\/grupogpps.org\/publicacion-marcelo-regunaga-la-agro-industria-el-carrito-hacia-el-exterior\/\"},\"author\":{\"name\":\"GPS GPS\",\"@id\":\"https:\/\/grupogpps.org\/#\/schema\/person\/faaafcd24616dff095821c72659ce41f\"},\"headline\":\"Publicaci\u00f3n Marcelo Reg\u00fanaga: \u00abLa Agro Industria, el carrito hacia el exterior\u00bb\",\"datePublished\":\"2020-10-22T13:02:02+00:00\",\"dateModified\":\"2021-08-20T14:11:45+00:00\",\"mainEntityOfPage\":{\"@id\":\"https:\/\/grupogpps.org\/publicacion-marcelo-regunaga-la-agro-industria-el-carrito-hacia-el-exterior\/\"},\"wordCount\":160,\"publisher\":{\"@id\":\"https:\/\/grupogpps.org\/#organization\"},\"image\":{\"@id\":\"https:\/\/grupogpps.org\/publicacion-marcelo-regunaga-la-agro-industria-el-carrito-hacia-el-exterior\/#primaryimage\"},\"thumbnailUrl\":\"https:\/\/grupogpps.org\/wp-content\/uploads\/2020\/10\/Captura-de-Pantalla-2020-10-22-a-las-10.01.28.png\",\"articleSection\":[\"GPS en los medios\",\"Home\",\"Novedades\"],\"inLanguage\":\"pt-BR\"},{\"@type\":\"WebPage\",\"@id\":\"https:\/\/grupogpps.org\/publicacion-marcelo-regunaga-la-agro-industria-el-carrito-hacia-el-exterior\/\",\"url\":\"https:\/\/grupogpps.org\/publicacion-marcelo-regunaga-la-agro-industria-el-carrito-hacia-el-exterior\/\",\"name\":\"Publicaci\u00f3n Marcelo Reg\u00fanaga: \\\"La Agro Industria, el carrito hacia el exterior\\\" - GPS\",\"isPartOf\":{\"@id\":\"https:\/\/grupogpps.org\/#website\"},\"primaryImageOfPage\":{\"@id\":\"https:\/\/grupogpps.org\/publicacion-marcelo-regunaga-la-agro-industria-el-carrito-hacia-el-exterior\/#primaryimage\"},\"image\":{\"@id\":\"https:\/\/grupogpps.org\/publicacion-marcelo-regunaga-la-agro-industria-el-carrito-hacia-el-exterior\/#primaryimage\"},\"thumbnailUrl\":\"https:\/\/grupogpps.org\/wp-content\/uploads\/2020\/10\/Captura-de-Pantalla-2020-10-22-a-las-10.01.28.png\",\"datePublished\":\"2020-10-22T13:02:02+00:00\",\"dateModified\":\"2021-08-20T14:11:45+00:00\",\"breadcrumb\":{\"@id\":\"https:\/\/grupogpps.org\/publicacion-marcelo-regunaga-la-agro-industria-el-carrito-hacia-el-exterior\/#breadcrumb\"},\"inLanguage\":\"pt-BR\",\"potentialAction\":[{\"@type\":\"ReadAction\",\"target\":[\"https:\/\/grupogpps.org\/publicacion-marcelo-regunaga-la-agro-industria-el-carrito-hacia-el-exterior\/\"]}]},{\"@type\":\"ImageObject\",\"inLanguage\":\"pt-BR\",\"@id\":\"https:\/\/grupogpps.org\/publicacion-marcelo-regunaga-la-agro-industria-el-carrito-hacia-el-exterior\/#primaryimage\",\"url\":\"https:\/\/grupogpps.org\/wp-content\/uploads\/2020\/10\/Captura-de-Pantalla-2020-10-22-a-las-10.01.28.png\",\"contentUrl\":\"https:\/\/grupogpps.org\/wp-content\/uploads\/2020\/10\/Captura-de-Pantalla-2020-10-22-a-las-10.01.28.png\",\"width\":592,\"height\":420,\"caption\":\"Publicaci\u00f3n Marcelo Reg\u00fanaga: \\\"La Agro Industria, el carrito hacia el exterior\\\"\"},{\"@type\":\"BreadcrumbList\",\"@id\":\"https:\/\/grupogpps.org\/publicacion-marcelo-regunaga-la-agro-industria-el-carrito-hacia-el-exterior\/#breadcrumb\",\"itemListElement\":[{\"@type\":\"ListItem\",\"position\":1,\"name\":\"Inicio\",\"item\":\"https:\/\/grupogpps.org\/\"},{\"@type\":\"ListItem\",\"position\":2,\"name\":\"Publicaci\u00f3n Marcelo Reg\u00fanaga: &#8220;La Agro Industria, el carrito hacia el exterior&#8221;\"}]},{\"@type\":\"WebSite\",\"@id\":\"https:\/\/grupogpps.org\/#website\",\"url\":\"https:\/\/grupogpps.org\/\",\"name\":\"GPS\",\"description\":\"Grupo de pa\u00edses productores del sur\",\"publisher\":{\"@id\":\"https:\/\/grupogpps.org\/#organization\"},\"potentialAction\":[{\"@type\":\"SearchAction\",\"target\":{\"@type\":\"EntryPoint\",\"urlTemplate\":\"https:\/\/grupogpps.org\/?s={search_term_string}\"},\"query-input\":{\"@type\":\"PropertyValueSpecification\",\"valueRequired\":true,\"valueName\":\"search_term_string\"}}],\"inLanguage\":\"pt-BR\"},{\"@type\":\"Organization\",\"@id\":\"https:\/\/grupogpps.org\/#organization\",\"name\":\"GPS - Grupo de pa\u00edses productores del sur\",\"url\":\"https:\/\/grupogpps.org\/\",\"logo\":{\"@type\":\"ImageObject\",\"inLanguage\":\"pt-BR\",\"@id\":\"https:\/\/grupogpps.org\/#\/schema\/logo\/image\/\",\"url\":\"http:\/\/grupogpps.org\/wp-content\/uploads\/2021\/06\/logoGPS3.svg\",\"contentUrl\":\"http:\/\/grupogpps.org\/wp-content\/uploads\/2021\/06\/logoGPS3.svg\",\"width\":1,\"height\":1,\"caption\":\"GPS - Grupo de pa\u00edses productores del sur\"},\"image\":{\"@id\":\"https:\/\/grupogpps.org\/#\/schema\/logo\/image\/\"},\"sameAs\":[\"https:\/\/www.linkedin.com\/company\/25037162\/\",\"https:\/\/x.com\/GPSLatinAmerica\",\"https:\/\/www.instagram.com\/gpslatin\/\",\"https:\/\/www.youtube.com\/channel\/UCM2Qf0jSqNRJRkqmU8dO9QA\/videos\"]},{\"@type\":\"Person\",\"@id\":\"https:\/\/grupogpps.org\/#\/schema\/person\/faaafcd24616dff095821c72659ce41f\",\"name\":\"GPS GPS\",\"url\":\"https:\/\/grupogpps.org\/pt\/author\/gps\/\"}]}<\/script>\n<!-- \/ Yoast SEO plugin. -->","yoast_head_json":{"title":"Publicaci\u00f3n Marcelo Reg\u00fanaga: \"La Agro Industria, el carrito hacia el exterior\" - GPS","robots":{"index":"index","follow":"follow","max-snippet":"max-snippet:-1","max-image-preview":"max-image-preview:large","max-video-preview":"max-video-preview:-1"},"canonical":"https:\/\/grupogpps.org\/pt\/publicacion-marcelo-regunaga-la-agro-industria-el-carrito-hacia-el-exterior\/","og_locale":"pt_BR","og_type":"article","og_title":"Publicaci\u00f3n Marcelo Reg\u00fanaga: \"La Agro Industria, el carrito hacia el exterior\" - GPS","og_description":"Marcelo Reg\u00fanaga, Fundaci\u00f3n Producir Conservando, Octubre de 2020. La gravedad de la crisis econ\u00f3mica y social en que se encuentra el pa\u00eds plantea la urgencia de la instrumentaci\u00f3n de una estrategia de crecimiento basada en el comercio exterior. \u00a0En un contexto de enormes desaf\u00edos externos por los efectos disruptivos de la pandemia del COVID-19 en [&hellip;]","og_url":"https:\/\/grupogpps.org\/pt\/publicacion-marcelo-regunaga-la-agro-industria-el-carrito-hacia-el-exterior\/","og_site_name":"GPS","article_publisher":"https:\/\/www.linkedin.com\/company\/25037162\/","article_published_time":"2020-10-22T13:02:02+00:00","article_modified_time":"2021-08-20T14:11:45+00:00","og_image":[{"width":592,"height":420,"url":"https:\/\/grupogpps.org\/wp-content\/uploads\/2020\/10\/Captura-de-Pantalla-2020-10-22-a-las-10.01.28.png","type":"image\/png"}],"author":"GPS GPS","twitter_card":"summary_large_image","twitter_creator":"@GPSLatinAmerica","twitter_site":"@GPSLatinAmerica","twitter_misc":{"Escrito por":"GPS GPS","Est. tempo de leitura":"1 minuto"},"schema":{"@context":"https:\/\/schema.org","@graph":[{"@type":"Article","@id":"https:\/\/grupogpps.org\/publicacion-marcelo-regunaga-la-agro-industria-el-carrito-hacia-el-exterior\/#article","isPartOf":{"@id":"https:\/\/grupogpps.org\/publicacion-marcelo-regunaga-la-agro-industria-el-carrito-hacia-el-exterior\/"},"author":{"name":"GPS GPS","@id":"https:\/\/grupogpps.org\/#\/schema\/person\/faaafcd24616dff095821c72659ce41f"},"headline":"Publicaci\u00f3n Marcelo Reg\u00fanaga: \u00abLa Agro Industria, el carrito hacia el exterior\u00bb","datePublished":"2020-10-22T13:02:02+00:00","dateModified":"2021-08-20T14:11:45+00:00","mainEntityOfPage":{"@id":"https:\/\/grupogpps.org\/publicacion-marcelo-regunaga-la-agro-industria-el-carrito-hacia-el-exterior\/"},"wordCount":160,"publisher":{"@id":"https:\/\/grupogpps.org\/#organization"},"image":{"@id":"https:\/\/grupogpps.org\/publicacion-marcelo-regunaga-la-agro-industria-el-carrito-hacia-el-exterior\/#primaryimage"},"thumbnailUrl":"https:\/\/grupogpps.org\/wp-content\/uploads\/2020\/10\/Captura-de-Pantalla-2020-10-22-a-las-10.01.28.png","articleSection":["GPS en los medios","Home","Novedades"],"inLanguage":"pt-BR"},{"@type":"WebPage","@id":"https:\/\/grupogpps.org\/publicacion-marcelo-regunaga-la-agro-industria-el-carrito-hacia-el-exterior\/","url":"https:\/\/grupogpps.org\/publicacion-marcelo-regunaga-la-agro-industria-el-carrito-hacia-el-exterior\/","name":"Publicaci\u00f3n Marcelo Reg\u00fanaga: \"La Agro Industria, el carrito hacia el exterior\" - GPS","isPartOf":{"@id":"https:\/\/grupogpps.org\/#website"},"primaryImageOfPage":{"@id":"https:\/\/grupogpps.org\/publicacion-marcelo-regunaga-la-agro-industria-el-carrito-hacia-el-exterior\/#primaryimage"},"image":{"@id":"https:\/\/grupogpps.org\/publicacion-marcelo-regunaga-la-agro-industria-el-carrito-hacia-el-exterior\/#primaryimage"},"thumbnailUrl":"https:\/\/grupogpps.org\/wp-content\/uploads\/2020\/10\/Captura-de-Pantalla-2020-10-22-a-las-10.01.28.png","datePublished":"2020-10-22T13:02:02+00:00","dateModified":"2021-08-20T14:11:45+00:00","breadcrumb":{"@id":"https:\/\/grupogpps.org\/publicacion-marcelo-regunaga-la-agro-industria-el-carrito-hacia-el-exterior\/#breadcrumb"},"inLanguage":"pt-BR","potentialAction":[{"@type":"ReadAction","target":["https:\/\/grupogpps.org\/publicacion-marcelo-regunaga-la-agro-industria-el-carrito-hacia-el-exterior\/"]}]},{"@type":"ImageObject","inLanguage":"pt-BR","@id":"https:\/\/grupogpps.org\/publicacion-marcelo-regunaga-la-agro-industria-el-carrito-hacia-el-exterior\/#primaryimage","url":"https:\/\/grupogpps.org\/wp-content\/uploads\/2020\/10\/Captura-de-Pantalla-2020-10-22-a-las-10.01.28.png","contentUrl":"https:\/\/grupogpps.org\/wp-content\/uploads\/2020\/10\/Captura-de-Pantalla-2020-10-22-a-las-10.01.28.png","width":592,"height":420,"caption":"Publicaci\u00f3n Marcelo Reg\u00fanaga: \"La Agro Industria, el carrito hacia el exterior\""},{"@type":"BreadcrumbList","@id":"https:\/\/grupogpps.org\/publicacion-marcelo-regunaga-la-agro-industria-el-carrito-hacia-el-exterior\/#breadcrumb","itemListElement":[{"@type":"ListItem","position":1,"name":"Inicio","item":"https:\/\/grupogpps.org\/"},{"@type":"ListItem","position":2,"name":"Publicaci\u00f3n Marcelo Reg\u00fanaga: &#8220;La Agro Industria, el carrito hacia el exterior&#8221;"}]},{"@type":"WebSite","@id":"https:\/\/grupogpps.org\/#website","url":"https:\/\/grupogpps.org\/","name":"GPS","description":"Grupo de pa\u00edses productores del sur","publisher":{"@id":"https:\/\/grupogpps.org\/#organization"},"potentialAction":[{"@type":"SearchAction","target":{"@type":"EntryPoint","urlTemplate":"https:\/\/grupogpps.org\/?s={search_term_string}"},"query-input":{"@type":"PropertyValueSpecification","valueRequired":true,"valueName":"search_term_string"}}],"inLanguage":"pt-BR"},{"@type":"Organization","@id":"https:\/\/grupogpps.org\/#organization","name":"GPS - Grupo de pa\u00edses productores del sur","url":"https:\/\/grupogpps.org\/","logo":{"@type":"ImageObject","inLanguage":"pt-BR","@id":"https:\/\/grupogpps.org\/#\/schema\/logo\/image\/","url":"http:\/\/grupogpps.org\/wp-content\/uploads\/2021\/06\/logoGPS3.svg","contentUrl":"http:\/\/grupogpps.org\/wp-content\/uploads\/2021\/06\/logoGPS3.svg","width":1,"height":1,"caption":"GPS - Grupo de pa\u00edses productores del sur"},"image":{"@id":"https:\/\/grupogpps.org\/#\/schema\/logo\/image\/"},"sameAs":["https:\/\/www.linkedin.com\/company\/25037162\/","https:\/\/x.com\/GPSLatinAmerica","https:\/\/www.instagram.com\/gpslatin\/","https:\/\/www.youtube.com\/channel\/UCM2Qf0jSqNRJRkqmU8dO9QA\/videos"]},{"@type":"Person","@id":"https:\/\/grupogpps.org\/#\/schema\/person\/faaafcd24616dff095821c72659ce41f","name":"GPS GPS","url":"https:\/\/grupogpps.org\/pt\/author\/gps\/"}]}},"_links":{"self":[{"href":"https:\/\/grupogpps.org\/pt\/wp-json\/wp\/v2\/posts\/1811","targetHints":{"allow":["GET"]}}],"collection":[{"href":"https:\/\/grupogpps.org\/pt\/wp-json\/wp\/v2\/posts"}],"about":[{"href":"https:\/\/grupogpps.org\/pt\/wp-json\/wp\/v2\/types\/post"}],"author":[{"embeddable":true,"href":"https:\/\/grupogpps.org\/pt\/wp-json\/wp\/v2\/users\/2"}],"replies":[{"embeddable":true,"href":"https:\/\/grupogpps.org\/pt\/wp-json\/wp\/v2\/comments?post=1811"}],"version-history":[{"count":3,"href":"https:\/\/grupogpps.org\/pt\/wp-json\/wp\/v2\/posts\/1811\/revisions"}],"predecessor-version":[{"id":3519,"href":"https:\/\/grupogpps.org\/pt\/wp-json\/wp\/v2\/posts\/1811\/revisions\/3519"}],"wp:featuredmedia":[{"embeddable":true,"href":"https:\/\/grupogpps.org\/pt\/wp-json\/wp\/v2\/media\/1812"}],"wp:attachment":[{"href":"https:\/\/grupogpps.org\/pt\/wp-json\/wp\/v2\/media?parent=1811"}],"wp:term":[{"taxonomy":"category","embeddable":true,"href":"https:\/\/grupogpps.org\/pt\/wp-json\/wp\/v2\/categories?post=1811"},{"taxonomy":"post_tag","embeddable":true,"href":"https:\/\/grupogpps.org\/pt\/wp-json\/wp\/v2\/tags?post=1811"}],"curies":[{"name":"wp","href":"https:\/\/api.w.org\/{rel}","templated":true}]}}