{"id":5245,"date":"2026-01-22T18:50:49","date_gmt":"2026-01-22T21:50:49","guid":{"rendered":"https:\/\/grupogpps.org\/?p=5245"},"modified":"2026-01-22T18:50:52","modified_gmt":"2026-01-22T21:50:52","slug":"es-bastante-preocupante-agroexportadores-advierten-sobre-la-posibilidad-de-que-la-ue-aplique-salvaguardias-a-24-productos-agroindustriales-en-el-marco-del-acuerdo-con-el-mercosur","status":"publish","type":"post","link":"https:\/\/grupogpps.org\/en\/es-bastante-preocupante-agroexportadores-advierten-sobre-la-posibilidad-de-que-la-ue-aplique-salvaguardias-a-24-productos-agroindustriales-en-el-marco-del-acuerdo-con-el-mercosur\/","title":{"rendered":"\u201cIt\u2019s quite worrying\u201d: Agro-exporters warn about the possibility that the EU will apply safeguards to 24 agro-industrial products under the Mercosur agreement"},"content":{"rendered":"<h4 class=\"wp-block-heading\"><em><strong>They are being promoted by the European Commission at the request of countries that were resisting signing the treaty.<\/strong><\/em> <em><strong>These mechanisms can affect the flow of goods to Europe, including those included in special quotas.<\/strong><\/em><br><\/h4>\n\n\n\n<p>The agricultural sector and agribusiness celebrated the signing of the free trade agreement between Mercosur and the European Union (EU), but beyond the range of new opportunities that open up for the sector, it includes some gray areas in the regulations of the Old Continent bloc that could condition shipments.<\/p>\n\n\n\n<p>These are the safeguards, which the European Commission decided to implement under pressure from the agricultural sector and European governments, such as Italy, which demanded their inclusion as a condition for signing the agreement. These \"protection\" mechanisms for the most vulnerable sectors should be discussed in the European Council and Parliament before the agreement is ratified.<\/p>\n\n\n\n<p>According to the draft prepared by the European Commission, 24 agricultural and agro-industrial products would be subject to this type of unilateral sanction by the Europeans: fresh meat; high-quality chilled and frozen beef; frozen meat for processing; fresh, chilled and frozen pork; boneless poultry and preparations; bone-in poultry; powdered milk; cheeses; infant formula; corn and sorghum; rice; sugar for refining; other sugars; eggs; egg whites; honey; rum and other spirits obtained from the fermentation of sugar cane; sweet corn; corn and cassava starch; starch derivatives; ethanol; garlic; biodiesel; and citrus fruits such as lemons, oranges and tangerines.<\/p>\n\n\n\n<p>According to the document, safeguards can be triggered once it is established and demonstrated that an increase in imports of these products has damaged or is affecting local production sectors.<\/p>\n\n\n\n<p>The parameters, although they still need to be defined, would be a considerable increase in the volume of imports: in a short period of time more than 5% in comparison to the average of the last three years, or that the increase in Mercosur exports causes the domestic price to fall by 5%.<\/p>\n\n\n\n<p>What is striking about the case is that this sanction mechanism can even occur in the quotas stipulated in the agreement, such as the case of meat and corn, to cite an example.<\/p>\n\n\n\n<p>These safeguards are not included in the text of the agreement, but rather constitute \"a kind of internal regulation of the agreement for Europeans,\" Nelson Illescas, Director of Content and Communication for the Group of Southern Producer Countries (GPS), told Clar\u00edn.<\/p>\n\n\n\n<p>\u201cIt\u2019s a trade defense measure and it\u2019s unilateral. What the Europeans have to do with the Mercosur member countries is notify them that they are conducting the investigation and request information from exporters in order to measure the alleged impact and damage to local production. Now, what you have to do when you conduct a competition defense investigation is substantiate that there is damage and, above all, prove it,\u201d Illescas added.<\/p>\n\n\n\n<p>But beyond this process, Argentine exporters are concerned about the discretionary power that European countries can exercise. \u201cIt\u2019s a rather worrying situation, because the EU establishes this unilaterally,\u201d said Gustavo Id\u00edgoras, president of the Chamber of the Oil Industry and the Center of Cereal Exporters (Ciara-CEC).<\/p>\n\n\n\n<p>\u201cThe purpose of an agreement is to create trade, but you can kill it with safeguards, because if they are applied in an unrestricted and reckless manner, they become a huge risk to the flow of trade,\u201d he added.<\/p>\n\n\n\n<p>According to Id\u00edgoras, Mercosur's exports to the European bloc once the agreement comes into effect \"do not pose any risk to Europe; it is purely political. These products represent 1% of apparent consumption on that continent.\"<\/p>\n\n\n\n<p>That is why the head of Ciara-CEC insisted that \u201cMercosur will have to negotiate after the agreement comes into effect. We have discussed this with the government; they are aware of it and don't like it, but they want it approved by Congress. However, we need to discuss the existence of these mechanisms or at least make them more lenient.\u201d<\/p>\n\n\n\n<p>For Illescas, these measures constitute \u201ca threat\u201d to Argentine and regional agriculture, as they \u201creduce certainty\u201d for the sector. \u201cIt\u2019s like what happened in Argentina with the ROEs: with that discretion, you don\u2019t know if you can export or not. The Europeans need it to sign the agreement and send signals to their agricultural sector, given that they have a systemic competitiveness problem in that sector,\u201d he added.<\/p>\n\n\n\n<p>Furthermore, he agreed with Id\u00edgoras in considering that Mercosur shipments \"do not constitute a threat to the European agro-industry, since the agreement was designed not to create problems for any sector.\"<\/p>\n\n\n\n<p>\u201cThose who might have had a problem were either excluded or fell into quotas. It's not intended to flood the European market with Mercosur products, but rather to consolidate existing trade. It won't skyrocket sales, and if it does, it will be because it replaces a less competitive supplier,\u201d Illescas concluded.<\/p>\n\n\n\n<p>READ THE ARTICLE FROM <strong><a href=\"https:\/\/www.clarin.com\/rural\/bastante-preocupante-agroexportadores-advierten-posibilidad-ue-aplique-salvaguardias-24-productos-agroindustriales-marco-acuerdo-mercosur_0_f4JeP7DsRs.html\" type=\"link\" id=\"https:\/\/www.clarin.com\/rural\/bastante-preocupante-agroexportadores-advierten-posibilidad-ue-aplique-salvaguardias-24-productos-agroindustriales-marco-acuerdo-mercosur_0_f4JeP7DsRs.html\">Clar\u00edn<\/a><\/strong><\/p>\n\n\n\n<p><\/p>","protected":false},"excerpt":{"rendered":"<p>Los impulsa la Comisi\u00f3n Europea por pedido de pa\u00edses que se resist\u00edan a la firma del tratado. Estos mecanismos pueden afectar el flujo de mercader\u00eda a Europa, incluso aquellos incluidos en cuotas especiales. El\u00a0campo y la agroindustria\u00a0celebraron la firma del acuerdo de libre comercio entre el Mercosur y la Uni\u00f3n Europea (UE), pero el mismo, [&hellip;]<\/p>","protected":false},"author":2,"featured_media":5246,"comment_status":"open","ping_status":"closed","sticky":false,"template":"","format":"standard","meta":{"footnotes":""},"categories":[24,25,23,27],"tags":[],"class_list":["post-5245","post","type-post","status-publish","format-standard","has-post-thumbnail","hentry","category-gps-en-los-medios","category-home","category-novedades","category-publicaciones-home"],"yoast_head":"<!-- This site is optimized with the Yoast SEO plugin v26.8 - https:\/\/yoast.com\/product\/yoast-seo-wordpress\/ -->\n<title>\u201cEs bastante preocupante\u201d: agroexportadores advierten sobre la posibilidad de que la UE aplique salvaguardias a 24 productos agroindustriales en el marco del acuerdo con el Mercosur - GPS<\/title>\n<meta name=\"robots\" content=\"index, follow, max-snippet:-1, max-image-preview:large, max-video-preview:-1\" \/>\n<link rel=\"canonical\" href=\"https:\/\/grupogpps.org\/en\/es-bastante-preocupante-agroexportadores-advierten-sobre-la-posibilidad-de-que-la-ue-aplique-salvaguardias-a-24-productos-agroindustriales-en-el-marco-del-acuerdo-con-el-mercosur\/\" \/>\n<meta property=\"og:locale\" content=\"en_GB\" \/>\n<meta property=\"og:type\" content=\"article\" \/>\n<meta property=\"og:title\" content=\"\u201cEs bastante preocupante\u201d: agroexportadores advierten sobre la posibilidad de que la UE aplique salvaguardias a 24 productos agroindustriales en el marco del acuerdo con el Mercosur - GPS\" \/>\n<meta property=\"og:description\" content=\"Los impulsa la Comisi\u00f3n Europea por pedido de pa\u00edses que se resist\u00edan a la firma del tratado. Estos mecanismos pueden afectar el flujo de mercader\u00eda a Europa, incluso aquellos incluidos en cuotas especiales. El\u00a0campo y la agroindustria\u00a0celebraron la firma del acuerdo de libre comercio entre el Mercosur y la Uni\u00f3n Europea (UE), pero el mismo, [&hellip;]\" \/>\n<meta property=\"og:url\" content=\"https:\/\/grupogpps.org\/en\/es-bastante-preocupante-agroexportadores-advierten-sobre-la-posibilidad-de-que-la-ue-aplique-salvaguardias-a-24-productos-agroindustriales-en-el-marco-del-acuerdo-con-el-mercosur\/\" \/>\n<meta property=\"og:site_name\" content=\"GPS\" \/>\n<meta property=\"article:publisher\" content=\"https:\/\/www.linkedin.com\/company\/25037162\/\" \/>\n<meta property=\"article:published_time\" content=\"2026-01-22T21:50:49+00:00\" \/>\n<meta property=\"article:modified_time\" content=\"2026-01-22T21:50:52+00:00\" \/>\n<meta property=\"og:image\" content=\"http:\/\/grupogpps.org\/wp-content\/uploads\/2026\/01\/CLARIN_1256x620.jpg\" \/>\n\t<meta property=\"og:image:width\" content=\"1256\" \/>\n\t<meta property=\"og:image:height\" content=\"620\" \/>\n\t<meta property=\"og:image:type\" content=\"image\/jpeg\" \/>\n<meta name=\"author\" content=\"GPS GPS\" \/>\n<meta name=\"twitter:card\" content=\"summary_large_image\" \/>\n<meta name=\"twitter:creator\" content=\"@GPSLatinAmerica\" \/>\n<meta name=\"twitter:site\" content=\"@GPSLatinAmerica\" \/>\n<meta name=\"twitter:label1\" content=\"Written by\" \/>\n\t<meta name=\"twitter:data1\" content=\"GPS GPS\" \/>\n\t<meta name=\"twitter:label2\" content=\"Estimated reading time\" \/>\n\t<meta name=\"twitter:data2\" content=\"5 minutes\" \/>\n<script type=\"application\/ld+json\" class=\"yoast-schema-graph\">{\"@context\":\"https:\/\/schema.org\",\"@graph\":[{\"@type\":\"Article\",\"@id\":\"https:\/\/grupogpps.org\/es-bastante-preocupante-agroexportadores-advierten-sobre-la-posibilidad-de-que-la-ue-aplique-salvaguardias-a-24-productos-agroindustriales-en-el-marco-del-acuerdo-con-el-mercosur\/#article\",\"isPartOf\":{\"@id\":\"https:\/\/grupogpps.org\/es-bastante-preocupante-agroexportadores-advierten-sobre-la-posibilidad-de-que-la-ue-aplique-salvaguardias-a-24-productos-agroindustriales-en-el-marco-del-acuerdo-con-el-mercosur\/\"},\"author\":{\"name\":\"GPS GPS\",\"@id\":\"https:\/\/grupogpps.org\/#\/schema\/person\/faaafcd24616dff095821c72659ce41f\"},\"headline\":\"\u201cEs bastante preocupante\u201d: agroexportadores advierten sobre la posibilidad de que la UE aplique salvaguardias a 24 productos agroindustriales en el marco del acuerdo con el Mercosur\",\"datePublished\":\"2026-01-22T21:50:49+00:00\",\"dateModified\":\"2026-01-22T21:50:52+00:00\",\"mainEntityOfPage\":{\"@id\":\"https:\/\/grupogpps.org\/es-bastante-preocupante-agroexportadores-advierten-sobre-la-posibilidad-de-que-la-ue-aplique-salvaguardias-a-24-productos-agroindustriales-en-el-marco-del-acuerdo-con-el-mercosur\/\"},\"wordCount\":971,\"commentCount\":0,\"publisher\":{\"@id\":\"https:\/\/grupogpps.org\/#organization\"},\"image\":{\"@id\":\"https:\/\/grupogpps.org\/es-bastante-preocupante-agroexportadores-advierten-sobre-la-posibilidad-de-que-la-ue-aplique-salvaguardias-a-24-productos-agroindustriales-en-el-marco-del-acuerdo-con-el-mercosur\/#primaryimage\"},\"thumbnailUrl\":\"https:\/\/grupogpps.org\/wp-content\/uploads\/2026\/01\/CLARIN_1256x620.jpg\",\"articleSection\":[\"GPS en los medios\",\"Home\",\"Novedades\",\"Publicaciones Home\"],\"inLanguage\":\"en-GB\",\"potentialAction\":[{\"@type\":\"CommentAction\",\"name\":\"Comment\",\"target\":[\"https:\/\/grupogpps.org\/es-bastante-preocupante-agroexportadores-advierten-sobre-la-posibilidad-de-que-la-ue-aplique-salvaguardias-a-24-productos-agroindustriales-en-el-marco-del-acuerdo-con-el-mercosur\/#respond\"]}]},{\"@type\":\"WebPage\",\"@id\":\"https:\/\/grupogpps.org\/es-bastante-preocupante-agroexportadores-advierten-sobre-la-posibilidad-de-que-la-ue-aplique-salvaguardias-a-24-productos-agroindustriales-en-el-marco-del-acuerdo-con-el-mercosur\/\",\"url\":\"https:\/\/grupogpps.org\/es-bastante-preocupante-agroexportadores-advierten-sobre-la-posibilidad-de-que-la-ue-aplique-salvaguardias-a-24-productos-agroindustriales-en-el-marco-del-acuerdo-con-el-mercosur\/\",\"name\":\"\u201cEs bastante preocupante\u201d: agroexportadores advierten sobre la posibilidad de que la UE aplique salvaguardias a 24 productos agroindustriales en el marco del acuerdo con el Mercosur - GPS\",\"isPartOf\":{\"@id\":\"https:\/\/grupogpps.org\/#website\"},\"primaryImageOfPage\":{\"@id\":\"https:\/\/grupogpps.org\/es-bastante-preocupante-agroexportadores-advierten-sobre-la-posibilidad-de-que-la-ue-aplique-salvaguardias-a-24-productos-agroindustriales-en-el-marco-del-acuerdo-con-el-mercosur\/#primaryimage\"},\"image\":{\"@id\":\"https:\/\/grupogpps.org\/es-bastante-preocupante-agroexportadores-advierten-sobre-la-posibilidad-de-que-la-ue-aplique-salvaguardias-a-24-productos-agroindustriales-en-el-marco-del-acuerdo-con-el-mercosur\/#primaryimage\"},\"thumbnailUrl\":\"https:\/\/grupogpps.org\/wp-content\/uploads\/2026\/01\/CLARIN_1256x620.jpg\",\"datePublished\":\"2026-01-22T21:50:49+00:00\",\"dateModified\":\"2026-01-22T21:50:52+00:00\",\"breadcrumb\":{\"@id\":\"https:\/\/grupogpps.org\/es-bastante-preocupante-agroexportadores-advierten-sobre-la-posibilidad-de-que-la-ue-aplique-salvaguardias-a-24-productos-agroindustriales-en-el-marco-del-acuerdo-con-el-mercosur\/#breadcrumb\"},\"inLanguage\":\"en-GB\",\"potentialAction\":[{\"@type\":\"ReadAction\",\"target\":[\"https:\/\/grupogpps.org\/es-bastante-preocupante-agroexportadores-advierten-sobre-la-posibilidad-de-que-la-ue-aplique-salvaguardias-a-24-productos-agroindustriales-en-el-marco-del-acuerdo-con-el-mercosur\/\"]}]},{\"@type\":\"ImageObject\",\"inLanguage\":\"en-GB\",\"@id\":\"https:\/\/grupogpps.org\/es-bastante-preocupante-agroexportadores-advierten-sobre-la-posibilidad-de-que-la-ue-aplique-salvaguardias-a-24-productos-agroindustriales-en-el-marco-del-acuerdo-con-el-mercosur\/#primaryimage\",\"url\":\"https:\/\/grupogpps.org\/wp-content\/uploads\/2026\/01\/CLARIN_1256x620.jpg\",\"contentUrl\":\"https:\/\/grupogpps.org\/wp-content\/uploads\/2026\/01\/CLARIN_1256x620.jpg\",\"width\":1256,\"height\":620},{\"@type\":\"BreadcrumbList\",\"@id\":\"https:\/\/grupogpps.org\/es-bastante-preocupante-agroexportadores-advierten-sobre-la-posibilidad-de-que-la-ue-aplique-salvaguardias-a-24-productos-agroindustriales-en-el-marco-del-acuerdo-con-el-mercosur\/#breadcrumb\",\"itemListElement\":[{\"@type\":\"ListItem\",\"position\":1,\"name\":\"Inicio\",\"item\":\"https:\/\/grupogpps.org\/\"},{\"@type\":\"ListItem\",\"position\":2,\"name\":\"\u201cEs bastante preocupante\u201d: agroexportadores advierten sobre la posibilidad de que la UE aplique salvaguardias a 24 productos agroindustriales en el marco del acuerdo con el Mercosur\"}]},{\"@type\":\"WebSite\",\"@id\":\"https:\/\/grupogpps.org\/#website\",\"url\":\"https:\/\/grupogpps.org\/\",\"name\":\"GPS\",\"description\":\"Grupo de pa\u00edses productores del sur\",\"publisher\":{\"@id\":\"https:\/\/grupogpps.org\/#organization\"},\"potentialAction\":[{\"@type\":\"SearchAction\",\"target\":{\"@type\":\"EntryPoint\",\"urlTemplate\":\"https:\/\/grupogpps.org\/?s={search_term_string}\"},\"query-input\":{\"@type\":\"PropertyValueSpecification\",\"valueRequired\":true,\"valueName\":\"search_term_string\"}}],\"inLanguage\":\"en-GB\"},{\"@type\":\"Organization\",\"@id\":\"https:\/\/grupogpps.org\/#organization\",\"name\":\"GPS - Grupo de pa\u00edses productores del sur\",\"url\":\"https:\/\/grupogpps.org\/\",\"logo\":{\"@type\":\"ImageObject\",\"inLanguage\":\"en-GB\",\"@id\":\"https:\/\/grupogpps.org\/#\/schema\/logo\/image\/\",\"url\":\"http:\/\/grupogpps.org\/wp-content\/uploads\/2021\/06\/logoGPS3.svg\",\"contentUrl\":\"http:\/\/grupogpps.org\/wp-content\/uploads\/2021\/06\/logoGPS3.svg\",\"width\":1,\"height\":1,\"caption\":\"GPS - Grupo de pa\u00edses productores del sur\"},\"image\":{\"@id\":\"https:\/\/grupogpps.org\/#\/schema\/logo\/image\/\"},\"sameAs\":[\"https:\/\/www.linkedin.com\/company\/25037162\/\",\"https:\/\/x.com\/GPSLatinAmerica\",\"https:\/\/www.instagram.com\/gpslatin\/\",\"https:\/\/www.youtube.com\/channel\/UCM2Qf0jSqNRJRkqmU8dO9QA\/videos\"]},{\"@type\":\"Person\",\"@id\":\"https:\/\/grupogpps.org\/#\/schema\/person\/faaafcd24616dff095821c72659ce41f\",\"name\":\"GPS GPS\",\"url\":\"https:\/\/grupogpps.org\/en\/author\/gps\/\"}]}<\/script>\n<!-- \/ Yoast SEO plugin. -->","yoast_head_json":{"title":"\u201cEs bastante preocupante\u201d: agroexportadores advierten sobre la posibilidad de que la UE aplique salvaguardias a 24 productos agroindustriales en el marco del acuerdo con el Mercosur - GPS","robots":{"index":"index","follow":"follow","max-snippet":"max-snippet:-1","max-image-preview":"max-image-preview:large","max-video-preview":"max-video-preview:-1"},"canonical":"https:\/\/grupogpps.org\/en\/es-bastante-preocupante-agroexportadores-advierten-sobre-la-posibilidad-de-que-la-ue-aplique-salvaguardias-a-24-productos-agroindustriales-en-el-marco-del-acuerdo-con-el-mercosur\/","og_locale":"en_GB","og_type":"article","og_title":"\u201cEs bastante preocupante\u201d: agroexportadores advierten sobre la posibilidad de que la UE aplique salvaguardias a 24 productos agroindustriales en el marco del acuerdo con el Mercosur - GPS","og_description":"Los impulsa la Comisi\u00f3n Europea por pedido de pa\u00edses que se resist\u00edan a la firma del tratado. Estos mecanismos pueden afectar el flujo de mercader\u00eda a Europa, incluso aquellos incluidos en cuotas especiales. El\u00a0campo y la agroindustria\u00a0celebraron la firma del acuerdo de libre comercio entre el Mercosur y la Uni\u00f3n Europea (UE), pero el mismo, [&hellip;]","og_url":"https:\/\/grupogpps.org\/en\/es-bastante-preocupante-agroexportadores-advierten-sobre-la-posibilidad-de-que-la-ue-aplique-salvaguardias-a-24-productos-agroindustriales-en-el-marco-del-acuerdo-con-el-mercosur\/","og_site_name":"GPS","article_publisher":"https:\/\/www.linkedin.com\/company\/25037162\/","article_published_time":"2026-01-22T21:50:49+00:00","article_modified_time":"2026-01-22T21:50:52+00:00","og_image":[{"width":1256,"height":620,"url":"http:\/\/grupogpps.org\/wp-content\/uploads\/2026\/01\/CLARIN_1256x620.jpg","type":"image\/jpeg"}],"author":"GPS GPS","twitter_card":"summary_large_image","twitter_creator":"@GPSLatinAmerica","twitter_site":"@GPSLatinAmerica","twitter_misc":{"Written by":"GPS GPS","Estimated reading time":"5 minutes"},"schema":{"@context":"https:\/\/schema.org","@graph":[{"@type":"Article","@id":"https:\/\/grupogpps.org\/es-bastante-preocupante-agroexportadores-advierten-sobre-la-posibilidad-de-que-la-ue-aplique-salvaguardias-a-24-productos-agroindustriales-en-el-marco-del-acuerdo-con-el-mercosur\/#article","isPartOf":{"@id":"https:\/\/grupogpps.org\/es-bastante-preocupante-agroexportadores-advierten-sobre-la-posibilidad-de-que-la-ue-aplique-salvaguardias-a-24-productos-agroindustriales-en-el-marco-del-acuerdo-con-el-mercosur\/"},"author":{"name":"GPS GPS","@id":"https:\/\/grupogpps.org\/#\/schema\/person\/faaafcd24616dff095821c72659ce41f"},"headline":"\u201cEs bastante preocupante\u201d: agroexportadores advierten sobre la posibilidad de que la UE aplique salvaguardias a 24 productos agroindustriales en el marco del acuerdo con el Mercosur","datePublished":"2026-01-22T21:50:49+00:00","dateModified":"2026-01-22T21:50:52+00:00","mainEntityOfPage":{"@id":"https:\/\/grupogpps.org\/es-bastante-preocupante-agroexportadores-advierten-sobre-la-posibilidad-de-que-la-ue-aplique-salvaguardias-a-24-productos-agroindustriales-en-el-marco-del-acuerdo-con-el-mercosur\/"},"wordCount":971,"commentCount":0,"publisher":{"@id":"https:\/\/grupogpps.org\/#organization"},"image":{"@id":"https:\/\/grupogpps.org\/es-bastante-preocupante-agroexportadores-advierten-sobre-la-posibilidad-de-que-la-ue-aplique-salvaguardias-a-24-productos-agroindustriales-en-el-marco-del-acuerdo-con-el-mercosur\/#primaryimage"},"thumbnailUrl":"https:\/\/grupogpps.org\/wp-content\/uploads\/2026\/01\/CLARIN_1256x620.jpg","articleSection":["GPS en los medios","Home","Novedades","Publicaciones Home"],"inLanguage":"en-GB","potentialAction":[{"@type":"CommentAction","name":"Comment","target":["https:\/\/grupogpps.org\/es-bastante-preocupante-agroexportadores-advierten-sobre-la-posibilidad-de-que-la-ue-aplique-salvaguardias-a-24-productos-agroindustriales-en-el-marco-del-acuerdo-con-el-mercosur\/#respond"]}]},{"@type":"WebPage","@id":"https:\/\/grupogpps.org\/es-bastante-preocupante-agroexportadores-advierten-sobre-la-posibilidad-de-que-la-ue-aplique-salvaguardias-a-24-productos-agroindustriales-en-el-marco-del-acuerdo-con-el-mercosur\/","url":"https:\/\/grupogpps.org\/es-bastante-preocupante-agroexportadores-advierten-sobre-la-posibilidad-de-que-la-ue-aplique-salvaguardias-a-24-productos-agroindustriales-en-el-marco-del-acuerdo-con-el-mercosur\/","name":"\u201cEs bastante preocupante\u201d: agroexportadores advierten sobre la posibilidad de que la UE aplique salvaguardias a 24 productos agroindustriales en el marco del acuerdo con el Mercosur - GPS","isPartOf":{"@id":"https:\/\/grupogpps.org\/#website"},"primaryImageOfPage":{"@id":"https:\/\/grupogpps.org\/es-bastante-preocupante-agroexportadores-advierten-sobre-la-posibilidad-de-que-la-ue-aplique-salvaguardias-a-24-productos-agroindustriales-en-el-marco-del-acuerdo-con-el-mercosur\/#primaryimage"},"image":{"@id":"https:\/\/grupogpps.org\/es-bastante-preocupante-agroexportadores-advierten-sobre-la-posibilidad-de-que-la-ue-aplique-salvaguardias-a-24-productos-agroindustriales-en-el-marco-del-acuerdo-con-el-mercosur\/#primaryimage"},"thumbnailUrl":"https:\/\/grupogpps.org\/wp-content\/uploads\/2026\/01\/CLARIN_1256x620.jpg","datePublished":"2026-01-22T21:50:49+00:00","dateModified":"2026-01-22T21:50:52+00:00","breadcrumb":{"@id":"https:\/\/grupogpps.org\/es-bastante-preocupante-agroexportadores-advierten-sobre-la-posibilidad-de-que-la-ue-aplique-salvaguardias-a-24-productos-agroindustriales-en-el-marco-del-acuerdo-con-el-mercosur\/#breadcrumb"},"inLanguage":"en-GB","potentialAction":[{"@type":"ReadAction","target":["https:\/\/grupogpps.org\/es-bastante-preocupante-agroexportadores-advierten-sobre-la-posibilidad-de-que-la-ue-aplique-salvaguardias-a-24-productos-agroindustriales-en-el-marco-del-acuerdo-con-el-mercosur\/"]}]},{"@type":"ImageObject","inLanguage":"en-GB","@id":"https:\/\/grupogpps.org\/es-bastante-preocupante-agroexportadores-advierten-sobre-la-posibilidad-de-que-la-ue-aplique-salvaguardias-a-24-productos-agroindustriales-en-el-marco-del-acuerdo-con-el-mercosur\/#primaryimage","url":"https:\/\/grupogpps.org\/wp-content\/uploads\/2026\/01\/CLARIN_1256x620.jpg","contentUrl":"https:\/\/grupogpps.org\/wp-content\/uploads\/2026\/01\/CLARIN_1256x620.jpg","width":1256,"height":620},{"@type":"BreadcrumbList","@id":"https:\/\/grupogpps.org\/es-bastante-preocupante-agroexportadores-advierten-sobre-la-posibilidad-de-que-la-ue-aplique-salvaguardias-a-24-productos-agroindustriales-en-el-marco-del-acuerdo-con-el-mercosur\/#breadcrumb","itemListElement":[{"@type":"ListItem","position":1,"name":"Inicio","item":"https:\/\/grupogpps.org\/"},{"@type":"ListItem","position":2,"name":"\u201cEs bastante preocupante\u201d: agroexportadores advierten sobre la posibilidad de que la UE aplique salvaguardias a 24 productos agroindustriales en el marco del acuerdo con el Mercosur"}]},{"@type":"WebSite","@id":"https:\/\/grupogpps.org\/#website","url":"https:\/\/grupogpps.org\/","name":"GPS","description":"Grupo de pa\u00edses productores del sur","publisher":{"@id":"https:\/\/grupogpps.org\/#organization"},"potentialAction":[{"@type":"SearchAction","target":{"@type":"EntryPoint","urlTemplate":"https:\/\/grupogpps.org\/?s={search_term_string}"},"query-input":{"@type":"PropertyValueSpecification","valueRequired":true,"valueName":"search_term_string"}}],"inLanguage":"en-GB"},{"@type":"Organization","@id":"https:\/\/grupogpps.org\/#organization","name":"GPS - Grupo de pa\u00edses productores del sur","url":"https:\/\/grupogpps.org\/","logo":{"@type":"ImageObject","inLanguage":"en-GB","@id":"https:\/\/grupogpps.org\/#\/schema\/logo\/image\/","url":"http:\/\/grupogpps.org\/wp-content\/uploads\/2021\/06\/logoGPS3.svg","contentUrl":"http:\/\/grupogpps.org\/wp-content\/uploads\/2021\/06\/logoGPS3.svg","width":1,"height":1,"caption":"GPS - Grupo de pa\u00edses productores del sur"},"image":{"@id":"https:\/\/grupogpps.org\/#\/schema\/logo\/image\/"},"sameAs":["https:\/\/www.linkedin.com\/company\/25037162\/","https:\/\/x.com\/GPSLatinAmerica","https:\/\/www.instagram.com\/gpslatin\/","https:\/\/www.youtube.com\/channel\/UCM2Qf0jSqNRJRkqmU8dO9QA\/videos"]},{"@type":"Person","@id":"https:\/\/grupogpps.org\/#\/schema\/person\/faaafcd24616dff095821c72659ce41f","name":"GPS GPS","url":"https:\/\/grupogpps.org\/en\/author\/gps\/"}]}},"_links":{"self":[{"href":"https:\/\/grupogpps.org\/en\/wp-json\/wp\/v2\/posts\/5245","targetHints":{"allow":["GET"]}}],"collection":[{"href":"https:\/\/grupogpps.org\/en\/wp-json\/wp\/v2\/posts"}],"about":[{"href":"https:\/\/grupogpps.org\/en\/wp-json\/wp\/v2\/types\/post"}],"author":[{"embeddable":true,"href":"https:\/\/grupogpps.org\/en\/wp-json\/wp\/v2\/users\/2"}],"replies":[{"embeddable":true,"href":"https:\/\/grupogpps.org\/en\/wp-json\/wp\/v2\/comments?post=5245"}],"version-history":[{"count":1,"href":"https:\/\/grupogpps.org\/en\/wp-json\/wp\/v2\/posts\/5245\/revisions"}],"predecessor-version":[{"id":5247,"href":"https:\/\/grupogpps.org\/en\/wp-json\/wp\/v2\/posts\/5245\/revisions\/5247"}],"wp:featuredmedia":[{"embeddable":true,"href":"https:\/\/grupogpps.org\/en\/wp-json\/wp\/v2\/media\/5246"}],"wp:attachment":[{"href":"https:\/\/grupogpps.org\/en\/wp-json\/wp\/v2\/media?parent=5245"}],"wp:term":[{"taxonomy":"category","embeddable":true,"href":"https:\/\/grupogpps.org\/en\/wp-json\/wp\/v2\/categories?post=5245"},{"taxonomy":"post_tag","embeddable":true,"href":"https:\/\/grupogpps.org\/en\/wp-json\/wp\/v2\/tags?post=5245"}],"curies":[{"name":"wp","href":"https:\/\/api.w.org\/{rel}","templated":true}]}}