{"id":5242,"date":"2026-01-22T14:45:04","date_gmt":"2026-01-22T17:45:04","guid":{"rendered":"https:\/\/grupogpps.org\/?p=5242"},"modified":"2026-01-22T14:45:05","modified_gmt":"2026-01-22T17:45:05","slug":"el-parlamento-europeo-pidio-a-la-justicia-revisar-el-acuerdo-con-el-mercosur-y-podria-demorar-su-ratificacion","status":"publish","type":"post","link":"https:\/\/grupogpps.org\/en\/el-parlamento-europeo-pidio-a-la-justicia-revisar-el-acuerdo-con-el-mercosur-y-podria-demorar-su-ratificacion\/","title":{"rendered":"The European Parliament has asked the courts to review the agreement with Mercosur and this could delay its ratification"},"content":{"rendered":"<h4 class=\"wp-block-heading\"><em><strong>Just five days after the signing in Paraguay, the European Parliament asked the Court of Justice of the European Union to analyze whether the trade agreement with Mercosur complied with the bloc's founding treaties.<\/strong><\/em><\/h4>\n\n\n\n<p>The proposal opened the door to a possible delay of up to 24 months in the ratification process, which is key for the pact to come into force.<\/p>\n\n\n\n<h2 class=\"wp-block-heading\"><strong>The European Parliament has asked the European Court of Justice to review the agreement with Mercosur<\/strong><\/h2>\n\n\n\n<p>On this topic <strong>Canal Rural Noticias<\/strong> interviewed the consultant, Nelson Illescas.<\/p>\n\n\n\n<figure class=\"wp-block-embed is-type-video is-provider-youtube wp-block-embed-youtube wp-embed-aspect-16-9 wp-has-aspect-ratio\"><div class=\"wp-block-embed__wrapper\">\n<iframe loading=\"lazy\" title=\"Nelson Illescas | CONSULTOR | 21 ENE | EDICI\u00d3N CENTRAL\" width=\"800\" height=\"450\" src=\"https:\/\/www.youtube.com\/embed\/9iLYC2x9uZ8?feature=oembed\" frameborder=\"0\" allow=\"accelerometer; autoplay; clipboard-write; encrypted-media; gyroscope; picture-in-picture; web-share\" referrerpolicy=\"strict-origin-when-cross-origin\" allowfullscreen><\/iframe>\n<\/div><\/figure>\n\n\n\n<p>Consultant Miguel Ponce also spoke at\u00a0<strong>Canal Rural Noticias<\/strong>\u00a0and stated that \u201cTechnical opinions are divided\u201d<\/p>\n\n\n\n<figure class=\"wp-block-embed is-type-video is-provider-youtube wp-block-embed-youtube wp-embed-aspect-16-9 wp-has-aspect-ratio\"><div class=\"wp-block-embed__wrapper\">\n<iframe loading=\"lazy\" title=\"Miguel Ponce | CONSULTOR | 21 ENE | EDICI\u00d3N CENTRAL\" width=\"800\" height=\"450\" src=\"https:\/\/www.youtube.com\/embed\/E4vVqq_KB8U?start=3&#038;feature=oembed\" frameborder=\"0\" allow=\"accelerometer; autoplay; clipboard-write; encrypted-media; gyroscope; picture-in-picture; web-share\" referrerpolicy=\"strict-origin-when-cross-origin\" allowfullscreen><\/iframe>\n<\/div><\/figure>\n\n\n\n<p>READ THE ARTICLE FROM <a href=\"https:\/\/www.elrural.com\/noticias-agropecuarias\/politica\/el-parlamento-europeo-pidio-a-la-justicia-revisar-el-acuerdo-con-el-mercosur-y-podria-demorar-su-ratificacion\/\" type=\"link\" id=\"https:\/\/www.elrural.com\/noticias-agropecuarias\/politica\/el-parlamento-europeo-pidio-a-la-justicia-revisar-el-acuerdo-con-el-mercosur-y-podria-demorar-su-ratificacion\/\"><strong>El Rural<\/strong><\/a><\/p>\n\n\n\n<p><\/p>","protected":false},"excerpt":{"rendered":"<p>A solo cinco d\u00edas de la firma en Paraguay, el Parlamento Europeo solicit\u00f3 al Tribunal de Justicia de la Uni\u00f3n Europea que analice si el acuerdo comercial con el Mercosur se ajust\u00f3 a los tratados fundantes del bloque. El planteo abri\u00f3 la puerta a una posible demora de hasta 24 meses en el proceso de [&hellip;]<\/p>","protected":false},"author":2,"featured_media":5244,"comment_status":"open","ping_status":"closed","sticky":false,"template":"","format":"standard","meta":{"footnotes":""},"categories":[24,25,23,27],"tags":[],"class_list":["post-5242","post","type-post","status-publish","format-standard","has-post-thumbnail","hentry","category-gps-en-los-medios","category-home","category-novedades","category-publicaciones-home"],"yoast_head":"<!-- This site is optimized with the Yoast SEO plugin v26.8 - https:\/\/yoast.com\/product\/yoast-seo-wordpress\/ -->\n<title>El Parlamento Europeo pidi\u00f3 a la Justicia revisar el acuerdo con el Mercosur y podr\u00eda demorar su ratificaci\u00f3n - GPS<\/title>\n<meta name=\"robots\" content=\"index, follow, max-snippet:-1, max-image-preview:large, max-video-preview:-1\" \/>\n<link rel=\"canonical\" href=\"https:\/\/grupogpps.org\/en\/el-parlamento-europeo-pidio-a-la-justicia-revisar-el-acuerdo-con-el-mercosur-y-podria-demorar-su-ratificacion\/\" \/>\n<meta property=\"og:locale\" content=\"en_GB\" \/>\n<meta property=\"og:type\" content=\"article\" \/>\n<meta property=\"og:title\" content=\"El Parlamento Europeo pidi\u00f3 a la Justicia revisar el acuerdo con el Mercosur y podr\u00eda demorar su ratificaci\u00f3n - GPS\" \/>\n<meta property=\"og:description\" content=\"A solo cinco d\u00edas de la firma en Paraguay, el Parlamento Europeo solicit\u00f3 al Tribunal de Justicia de la Uni\u00f3n Europea que analice si el acuerdo comercial con el Mercosur se ajust\u00f3 a los tratados fundantes del bloque. El planteo abri\u00f3 la puerta a una posible demora de hasta 24 meses en el proceso de [&hellip;]\" \/>\n<meta property=\"og:url\" content=\"https:\/\/grupogpps.org\/en\/el-parlamento-europeo-pidio-a-la-justicia-revisar-el-acuerdo-con-el-mercosur-y-podria-demorar-su-ratificacion\/\" \/>\n<meta property=\"og:site_name\" content=\"GPS\" \/>\n<meta property=\"article:publisher\" content=\"https:\/\/www.linkedin.com\/company\/25037162\/\" \/>\n<meta property=\"article:published_time\" content=\"2026-01-22T17:45:04+00:00\" \/>\n<meta property=\"article:modified_time\" content=\"2026-01-22T17:45:05+00:00\" \/>\n<meta property=\"og:image\" content=\"http:\/\/grupogpps.org\/wp-content\/uploads\/2026\/01\/Mercosur-UnionEuropea-2026.jpg\" \/>\n\t<meta property=\"og:image:width\" content=\"800\" \/>\n\t<meta property=\"og:image:height\" content=\"516\" \/>\n\t<meta property=\"og:image:type\" content=\"image\/jpeg\" \/>\n<meta name=\"author\" content=\"GPS GPS\" \/>\n<meta name=\"twitter:card\" content=\"summary_large_image\" \/>\n<meta name=\"twitter:creator\" content=\"@GPSLatinAmerica\" \/>\n<meta name=\"twitter:site\" content=\"@GPSLatinAmerica\" \/>\n<meta name=\"twitter:label1\" content=\"Written by\" \/>\n\t<meta name=\"twitter:data1\" content=\"GPS GPS\" \/>\n\t<meta name=\"twitter:label2\" content=\"Estimated reading time\" \/>\n\t<meta name=\"twitter:data2\" content=\"1 minute\" \/>\n<script type=\"application\/ld+json\" class=\"yoast-schema-graph\">{\"@context\":\"https:\/\/schema.org\",\"@graph\":[{\"@type\":\"Article\",\"@id\":\"https:\/\/grupogpps.org\/el-parlamento-europeo-pidio-a-la-justicia-revisar-el-acuerdo-con-el-mercosur-y-podria-demorar-su-ratificacion\/#article\",\"isPartOf\":{\"@id\":\"https:\/\/grupogpps.org\/el-parlamento-europeo-pidio-a-la-justicia-revisar-el-acuerdo-con-el-mercosur-y-podria-demorar-su-ratificacion\/\"},\"author\":{\"name\":\"GPS GPS\",\"@id\":\"https:\/\/grupogpps.org\/#\/schema\/person\/faaafcd24616dff095821c72659ce41f\"},\"headline\":\"El Parlamento Europeo pidi\u00f3 a la Justicia revisar el acuerdo con el Mercosur y podr\u00eda demorar su ratificaci\u00f3n\",\"datePublished\":\"2026-01-22T17:45:04+00:00\",\"dateModified\":\"2026-01-22T17:45:05+00:00\",\"mainEntityOfPage\":{\"@id\":\"https:\/\/grupogpps.org\/el-parlamento-europeo-pidio-a-la-justicia-revisar-el-acuerdo-con-el-mercosur-y-podria-demorar-su-ratificacion\/\"},\"wordCount\":163,\"commentCount\":0,\"publisher\":{\"@id\":\"https:\/\/grupogpps.org\/#organization\"},\"image\":{\"@id\":\"https:\/\/grupogpps.org\/el-parlamento-europeo-pidio-a-la-justicia-revisar-el-acuerdo-con-el-mercosur-y-podria-demorar-su-ratificacion\/#primaryimage\"},\"thumbnailUrl\":\"https:\/\/grupogpps.org\/wp-content\/uploads\/2026\/01\/Mercosur-UnionEuropea-2026.jpg\",\"articleSection\":[\"GPS en los medios\",\"Home\",\"Novedades\",\"Publicaciones Home\"],\"inLanguage\":\"en-GB\",\"potentialAction\":[{\"@type\":\"CommentAction\",\"name\":\"Comment\",\"target\":[\"https:\/\/grupogpps.org\/el-parlamento-europeo-pidio-a-la-justicia-revisar-el-acuerdo-con-el-mercosur-y-podria-demorar-su-ratificacion\/#respond\"]}]},{\"@type\":\"WebPage\",\"@id\":\"https:\/\/grupogpps.org\/el-parlamento-europeo-pidio-a-la-justicia-revisar-el-acuerdo-con-el-mercosur-y-podria-demorar-su-ratificacion\/\",\"url\":\"https:\/\/grupogpps.org\/el-parlamento-europeo-pidio-a-la-justicia-revisar-el-acuerdo-con-el-mercosur-y-podria-demorar-su-ratificacion\/\",\"name\":\"El Parlamento Europeo pidi\u00f3 a la Justicia revisar el acuerdo con el Mercosur y podr\u00eda demorar su ratificaci\u00f3n - GPS\",\"isPartOf\":{\"@id\":\"https:\/\/grupogpps.org\/#website\"},\"primaryImageOfPage\":{\"@id\":\"https:\/\/grupogpps.org\/el-parlamento-europeo-pidio-a-la-justicia-revisar-el-acuerdo-con-el-mercosur-y-podria-demorar-su-ratificacion\/#primaryimage\"},\"image\":{\"@id\":\"https:\/\/grupogpps.org\/el-parlamento-europeo-pidio-a-la-justicia-revisar-el-acuerdo-con-el-mercosur-y-podria-demorar-su-ratificacion\/#primaryimage\"},\"thumbnailUrl\":\"https:\/\/grupogpps.org\/wp-content\/uploads\/2026\/01\/Mercosur-UnionEuropea-2026.jpg\",\"datePublished\":\"2026-01-22T17:45:04+00:00\",\"dateModified\":\"2026-01-22T17:45:05+00:00\",\"breadcrumb\":{\"@id\":\"https:\/\/grupogpps.org\/el-parlamento-europeo-pidio-a-la-justicia-revisar-el-acuerdo-con-el-mercosur-y-podria-demorar-su-ratificacion\/#breadcrumb\"},\"inLanguage\":\"en-GB\",\"potentialAction\":[{\"@type\":\"ReadAction\",\"target\":[\"https:\/\/grupogpps.org\/el-parlamento-europeo-pidio-a-la-justicia-revisar-el-acuerdo-con-el-mercosur-y-podria-demorar-su-ratificacion\/\"]}]},{\"@type\":\"ImageObject\",\"inLanguage\":\"en-GB\",\"@id\":\"https:\/\/grupogpps.org\/el-parlamento-europeo-pidio-a-la-justicia-revisar-el-acuerdo-con-el-mercosur-y-podria-demorar-su-ratificacion\/#primaryimage\",\"url\":\"https:\/\/grupogpps.org\/wp-content\/uploads\/2026\/01\/Mercosur-UnionEuropea-2026.jpg\",\"contentUrl\":\"https:\/\/grupogpps.org\/wp-content\/uploads\/2026\/01\/Mercosur-UnionEuropea-2026.jpg\",\"width\":800,\"height\":516},{\"@type\":\"BreadcrumbList\",\"@id\":\"https:\/\/grupogpps.org\/el-parlamento-europeo-pidio-a-la-justicia-revisar-el-acuerdo-con-el-mercosur-y-podria-demorar-su-ratificacion\/#breadcrumb\",\"itemListElement\":[{\"@type\":\"ListItem\",\"position\":1,\"name\":\"Inicio\",\"item\":\"https:\/\/grupogpps.org\/\"},{\"@type\":\"ListItem\",\"position\":2,\"name\":\"El Parlamento Europeo pidi\u00f3 a la Justicia revisar el acuerdo con el Mercosur y podr\u00eda demorar su ratificaci\u00f3n\"}]},{\"@type\":\"WebSite\",\"@id\":\"https:\/\/grupogpps.org\/#website\",\"url\":\"https:\/\/grupogpps.org\/\",\"name\":\"GPS\",\"description\":\"Grupo de pa\u00edses productores del sur\",\"publisher\":{\"@id\":\"https:\/\/grupogpps.org\/#organization\"},\"potentialAction\":[{\"@type\":\"SearchAction\",\"target\":{\"@type\":\"EntryPoint\",\"urlTemplate\":\"https:\/\/grupogpps.org\/?s={search_term_string}\"},\"query-input\":{\"@type\":\"PropertyValueSpecification\",\"valueRequired\":true,\"valueName\":\"search_term_string\"}}],\"inLanguage\":\"en-GB\"},{\"@type\":\"Organization\",\"@id\":\"https:\/\/grupogpps.org\/#organization\",\"name\":\"GPS - Grupo de pa\u00edses productores del sur\",\"url\":\"https:\/\/grupogpps.org\/\",\"logo\":{\"@type\":\"ImageObject\",\"inLanguage\":\"en-GB\",\"@id\":\"https:\/\/grupogpps.org\/#\/schema\/logo\/image\/\",\"url\":\"http:\/\/grupogpps.org\/wp-content\/uploads\/2021\/06\/logoGPS3.svg\",\"contentUrl\":\"http:\/\/grupogpps.org\/wp-content\/uploads\/2021\/06\/logoGPS3.svg\",\"width\":1,\"height\":1,\"caption\":\"GPS - Grupo de pa\u00edses productores del sur\"},\"image\":{\"@id\":\"https:\/\/grupogpps.org\/#\/schema\/logo\/image\/\"},\"sameAs\":[\"https:\/\/www.linkedin.com\/company\/25037162\/\",\"https:\/\/x.com\/GPSLatinAmerica\",\"https:\/\/www.instagram.com\/gpslatin\/\",\"https:\/\/www.youtube.com\/channel\/UCM2Qf0jSqNRJRkqmU8dO9QA\/videos\"]},{\"@type\":\"Person\",\"@id\":\"https:\/\/grupogpps.org\/#\/schema\/person\/faaafcd24616dff095821c72659ce41f\",\"name\":\"GPS GPS\",\"url\":\"https:\/\/grupogpps.org\/en\/author\/gps\/\"}]}<\/script>\n<!-- \/ Yoast SEO plugin. -->","yoast_head_json":{"title":"El Parlamento Europeo pidi\u00f3 a la Justicia revisar el acuerdo con el Mercosur y podr\u00eda demorar su ratificaci\u00f3n - GPS","robots":{"index":"index","follow":"follow","max-snippet":"max-snippet:-1","max-image-preview":"max-image-preview:large","max-video-preview":"max-video-preview:-1"},"canonical":"https:\/\/grupogpps.org\/en\/el-parlamento-europeo-pidio-a-la-justicia-revisar-el-acuerdo-con-el-mercosur-y-podria-demorar-su-ratificacion\/","og_locale":"en_GB","og_type":"article","og_title":"El Parlamento Europeo pidi\u00f3 a la Justicia revisar el acuerdo con el Mercosur y podr\u00eda demorar su ratificaci\u00f3n - GPS","og_description":"A solo cinco d\u00edas de la firma en Paraguay, el Parlamento Europeo solicit\u00f3 al Tribunal de Justicia de la Uni\u00f3n Europea que analice si el acuerdo comercial con el Mercosur se ajust\u00f3 a los tratados fundantes del bloque. El planteo abri\u00f3 la puerta a una posible demora de hasta 24 meses en el proceso de [&hellip;]","og_url":"https:\/\/grupogpps.org\/en\/el-parlamento-europeo-pidio-a-la-justicia-revisar-el-acuerdo-con-el-mercosur-y-podria-demorar-su-ratificacion\/","og_site_name":"GPS","article_publisher":"https:\/\/www.linkedin.com\/company\/25037162\/","article_published_time":"2026-01-22T17:45:04+00:00","article_modified_time":"2026-01-22T17:45:05+00:00","og_image":[{"width":800,"height":516,"url":"http:\/\/grupogpps.org\/wp-content\/uploads\/2026\/01\/Mercosur-UnionEuropea-2026.jpg","type":"image\/jpeg"}],"author":"GPS GPS","twitter_card":"summary_large_image","twitter_creator":"@GPSLatinAmerica","twitter_site":"@GPSLatinAmerica","twitter_misc":{"Written by":"GPS GPS","Estimated reading time":"1 minute"},"schema":{"@context":"https:\/\/schema.org","@graph":[{"@type":"Article","@id":"https:\/\/grupogpps.org\/el-parlamento-europeo-pidio-a-la-justicia-revisar-el-acuerdo-con-el-mercosur-y-podria-demorar-su-ratificacion\/#article","isPartOf":{"@id":"https:\/\/grupogpps.org\/el-parlamento-europeo-pidio-a-la-justicia-revisar-el-acuerdo-con-el-mercosur-y-podria-demorar-su-ratificacion\/"},"author":{"name":"GPS GPS","@id":"https:\/\/grupogpps.org\/#\/schema\/person\/faaafcd24616dff095821c72659ce41f"},"headline":"El Parlamento Europeo pidi\u00f3 a la Justicia revisar el acuerdo con el Mercosur y podr\u00eda demorar su ratificaci\u00f3n","datePublished":"2026-01-22T17:45:04+00:00","dateModified":"2026-01-22T17:45:05+00:00","mainEntityOfPage":{"@id":"https:\/\/grupogpps.org\/el-parlamento-europeo-pidio-a-la-justicia-revisar-el-acuerdo-con-el-mercosur-y-podria-demorar-su-ratificacion\/"},"wordCount":163,"commentCount":0,"publisher":{"@id":"https:\/\/grupogpps.org\/#organization"},"image":{"@id":"https:\/\/grupogpps.org\/el-parlamento-europeo-pidio-a-la-justicia-revisar-el-acuerdo-con-el-mercosur-y-podria-demorar-su-ratificacion\/#primaryimage"},"thumbnailUrl":"https:\/\/grupogpps.org\/wp-content\/uploads\/2026\/01\/Mercosur-UnionEuropea-2026.jpg","articleSection":["GPS en los medios","Home","Novedades","Publicaciones Home"],"inLanguage":"en-GB","potentialAction":[{"@type":"CommentAction","name":"Comment","target":["https:\/\/grupogpps.org\/el-parlamento-europeo-pidio-a-la-justicia-revisar-el-acuerdo-con-el-mercosur-y-podria-demorar-su-ratificacion\/#respond"]}]},{"@type":"WebPage","@id":"https:\/\/grupogpps.org\/el-parlamento-europeo-pidio-a-la-justicia-revisar-el-acuerdo-con-el-mercosur-y-podria-demorar-su-ratificacion\/","url":"https:\/\/grupogpps.org\/el-parlamento-europeo-pidio-a-la-justicia-revisar-el-acuerdo-con-el-mercosur-y-podria-demorar-su-ratificacion\/","name":"El Parlamento Europeo pidi\u00f3 a la Justicia revisar el acuerdo con el Mercosur y podr\u00eda demorar su ratificaci\u00f3n - GPS","isPartOf":{"@id":"https:\/\/grupogpps.org\/#website"},"primaryImageOfPage":{"@id":"https:\/\/grupogpps.org\/el-parlamento-europeo-pidio-a-la-justicia-revisar-el-acuerdo-con-el-mercosur-y-podria-demorar-su-ratificacion\/#primaryimage"},"image":{"@id":"https:\/\/grupogpps.org\/el-parlamento-europeo-pidio-a-la-justicia-revisar-el-acuerdo-con-el-mercosur-y-podria-demorar-su-ratificacion\/#primaryimage"},"thumbnailUrl":"https:\/\/grupogpps.org\/wp-content\/uploads\/2026\/01\/Mercosur-UnionEuropea-2026.jpg","datePublished":"2026-01-22T17:45:04+00:00","dateModified":"2026-01-22T17:45:05+00:00","breadcrumb":{"@id":"https:\/\/grupogpps.org\/el-parlamento-europeo-pidio-a-la-justicia-revisar-el-acuerdo-con-el-mercosur-y-podria-demorar-su-ratificacion\/#breadcrumb"},"inLanguage":"en-GB","potentialAction":[{"@type":"ReadAction","target":["https:\/\/grupogpps.org\/el-parlamento-europeo-pidio-a-la-justicia-revisar-el-acuerdo-con-el-mercosur-y-podria-demorar-su-ratificacion\/"]}]},{"@type":"ImageObject","inLanguage":"en-GB","@id":"https:\/\/grupogpps.org\/el-parlamento-europeo-pidio-a-la-justicia-revisar-el-acuerdo-con-el-mercosur-y-podria-demorar-su-ratificacion\/#primaryimage","url":"https:\/\/grupogpps.org\/wp-content\/uploads\/2026\/01\/Mercosur-UnionEuropea-2026.jpg","contentUrl":"https:\/\/grupogpps.org\/wp-content\/uploads\/2026\/01\/Mercosur-UnionEuropea-2026.jpg","width":800,"height":516},{"@type":"BreadcrumbList","@id":"https:\/\/grupogpps.org\/el-parlamento-europeo-pidio-a-la-justicia-revisar-el-acuerdo-con-el-mercosur-y-podria-demorar-su-ratificacion\/#breadcrumb","itemListElement":[{"@type":"ListItem","position":1,"name":"Inicio","item":"https:\/\/grupogpps.org\/"},{"@type":"ListItem","position":2,"name":"El Parlamento Europeo pidi\u00f3 a la Justicia revisar el acuerdo con el Mercosur y podr\u00eda demorar su ratificaci\u00f3n"}]},{"@type":"WebSite","@id":"https:\/\/grupogpps.org\/#website","url":"https:\/\/grupogpps.org\/","name":"GPS","description":"Grupo de pa\u00edses productores del sur","publisher":{"@id":"https:\/\/grupogpps.org\/#organization"},"potentialAction":[{"@type":"SearchAction","target":{"@type":"EntryPoint","urlTemplate":"https:\/\/grupogpps.org\/?s={search_term_string}"},"query-input":{"@type":"PropertyValueSpecification","valueRequired":true,"valueName":"search_term_string"}}],"inLanguage":"en-GB"},{"@type":"Organization","@id":"https:\/\/grupogpps.org\/#organization","name":"GPS - Grupo de pa\u00edses productores del sur","url":"https:\/\/grupogpps.org\/","logo":{"@type":"ImageObject","inLanguage":"en-GB","@id":"https:\/\/grupogpps.org\/#\/schema\/logo\/image\/","url":"http:\/\/grupogpps.org\/wp-content\/uploads\/2021\/06\/logoGPS3.svg","contentUrl":"http:\/\/grupogpps.org\/wp-content\/uploads\/2021\/06\/logoGPS3.svg","width":1,"height":1,"caption":"GPS - Grupo de pa\u00edses productores del sur"},"image":{"@id":"https:\/\/grupogpps.org\/#\/schema\/logo\/image\/"},"sameAs":["https:\/\/www.linkedin.com\/company\/25037162\/","https:\/\/x.com\/GPSLatinAmerica","https:\/\/www.instagram.com\/gpslatin\/","https:\/\/www.youtube.com\/channel\/UCM2Qf0jSqNRJRkqmU8dO9QA\/videos"]},{"@type":"Person","@id":"https:\/\/grupogpps.org\/#\/schema\/person\/faaafcd24616dff095821c72659ce41f","name":"GPS GPS","url":"https:\/\/grupogpps.org\/en\/author\/gps\/"}]}},"_links":{"self":[{"href":"https:\/\/grupogpps.org\/en\/wp-json\/wp\/v2\/posts\/5242","targetHints":{"allow":["GET"]}}],"collection":[{"href":"https:\/\/grupogpps.org\/en\/wp-json\/wp\/v2\/posts"}],"about":[{"href":"https:\/\/grupogpps.org\/en\/wp-json\/wp\/v2\/types\/post"}],"author":[{"embeddable":true,"href":"https:\/\/grupogpps.org\/en\/wp-json\/wp\/v2\/users\/2"}],"replies":[{"embeddable":true,"href":"https:\/\/grupogpps.org\/en\/wp-json\/wp\/v2\/comments?post=5242"}],"version-history":[{"count":1,"href":"https:\/\/grupogpps.org\/en\/wp-json\/wp\/v2\/posts\/5242\/revisions"}],"predecessor-version":[{"id":5243,"href":"https:\/\/grupogpps.org\/en\/wp-json\/wp\/v2\/posts\/5242\/revisions\/5243"}],"wp:featuredmedia":[{"embeddable":true,"href":"https:\/\/grupogpps.org\/en\/wp-json\/wp\/v2\/media\/5244"}],"wp:attachment":[{"href":"https:\/\/grupogpps.org\/en\/wp-json\/wp\/v2\/media?parent=5242"}],"wp:term":[{"taxonomy":"category","embeddable":true,"href":"https:\/\/grupogpps.org\/en\/wp-json\/wp\/v2\/categories?post=5242"},{"taxonomy":"post_tag","embeddable":true,"href":"https:\/\/grupogpps.org\/en\/wp-json\/wp\/v2\/tags?post=5242"}],"curies":[{"name":"wp","href":"https:\/\/api.w.org\/{rel}","templated":true}]}}