{"id":5150,"date":"2025-10-07T12:38:29","date_gmt":"2025-10-07T15:38:29","guid":{"rendered":"https:\/\/grupogpps.org\/?p=5150"},"modified":"2025-10-13T16:31:43","modified_gmt":"2025-10-13T19:31:43","slug":"marcelo-regunaga-la-agricultura-del-mercosur-debe-ser-reconocida-como-parte-de-la-solucion-al-cambio-climatico","status":"publish","type":"post","link":"https:\/\/grupogpps.org\/en\/marcelo-regunaga-la-agricultura-del-mercosur-debe-ser-reconocida-como-parte-de-la-solucion-al-cambio-climatico\/","title":{"rendered":"Marcelo Reg\u00fanaga: \"Mercosur agriculture must be recognized as part of the solution to climate change.\""},"content":{"rendered":"<p>The Second Mercosur Outlook, organized by the Buenos Aires Grain Exchange, brought together specialists and authorities from Argentina, Brazil, Paraguay, and Uruguay to analyze the agrifood outlook for the next decade. According to the projections presented, the bloc's grain and oilseed production could increase by 122 million tons, with an additional 62 million tons in exports, which would represent revenues exceeding $31 billion by 2034.<\/p>\n\n\n<div class=\"wp-block-image\">\n<figure class=\"alignright size-large is-resized\"><img loading=\"lazy\" decoding=\"async\" width=\"1024\" height=\"460\" src=\"https:\/\/grupogpps.org\/wp-content\/uploads\/2025\/10\/CAMPANAGRUESA2-1024x460.jpeg\" alt=\"\" class=\"wp-image-5152\" style=\"width:577px;height:auto\" srcset=\"https:\/\/grupogpps.org\/wp-content\/uploads\/2025\/10\/CAMPANAGRUESA2-1024x460.jpeg 1024w, https:\/\/grupogpps.org\/wp-content\/uploads\/2025\/10\/CAMPANAGRUESA2-300x135.jpeg 300w, https:\/\/grupogpps.org\/wp-content\/uploads\/2025\/10\/CAMPANAGRUESA2-768x345.jpeg 768w, https:\/\/grupogpps.org\/wp-content\/uploads\/2025\/10\/CAMPANAGRUESA2-1536x690.jpeg 1536w, https:\/\/grupogpps.org\/wp-content\/uploads\/2025\/10\/CAMPANAGRUESA2-18x8.jpeg 18w, https:\/\/grupogpps.org\/wp-content\/uploads\/2025\/10\/CAMPANAGRUESA2.jpeg 1600w\" sizes=\"auto, (max-width: 1024px) 100vw, 1024px\" \/><\/figure><\/div>\n\n\n<p>Marcelo Reg\u00fanaga, general coordinator of the Group of Southern Producer Countries (GPS), highlighted his intervention. He presented a strategic vision for Mercosur's role in the new global scenario of food security and sustainability. Reg\u00fanaga emphasized that the bloc \"has the natural, technological, and human conditions to position itself as the world's leading agricultural group,\" but warned that this potential depends on stable rules of the game, adequate infrastructure, and stronger regional coordination.<\/p>\n\n\n\n<p>He also emphasized that agriculture must be recognized as part of the solution to climate change, not as a problem. \"This is the ideal time to convey that agriculture has the capacity to capture carbon and provide services that contribute to environmental balance,\" he stated, referring to the upcoming COP 30, which will be held in Brazil in 2026. To this end, he proposed advancing metrics that accurately measure the sector's contribution to climate mitigation and strengthening research and development systems that allow for greater productive resilience.<\/p>\n\n\n\n<p>The specialist also called for the consolidation of a regional agenda that combines productivity, sustainability, and inclusion: \"If we can coordinate policies and adopt common environmental standards, Mercosur can lead a new global narrative on agriculture,\" he noted.<\/p>\n\n\n\n<p>The event featured representatives from the public and private sectors of the bloc's four countries. From Brazil, Cleber Soares, Vice Minister of Agriculture and Livestock, highlighted policies to reduce one billion tons of emissions by 2030 and Embrapa's progress in carbon footprint measurement tools. For Paraguay, Manuel Adolfo Ferreira Brusquetti warned that the challenge will be to sustain technological adoption in a scenario of lower prices, while Uruguayan Minister Luis Alfredo Fratti emphasized the need for investments in health, traceability, and sustainability to maintain competitiveness.<\/p>\n\n\n<div class=\"wp-block-image\">\n<figure class=\"alignleft size-large is-resized\"><img loading=\"lazy\" decoding=\"async\" width=\"1024\" height=\"460\" src=\"https:\/\/grupogpps.org\/wp-content\/uploads\/2025\/10\/CAMPANAGRUESA3-1024x460.jpeg\" alt=\"\" class=\"wp-image-5153\" style=\"width:627px;height:auto\" srcset=\"https:\/\/grupogpps.org\/wp-content\/uploads\/2025\/10\/CAMPANAGRUESA3-1024x460.jpeg 1024w, https:\/\/grupogpps.org\/wp-content\/uploads\/2025\/10\/CAMPANAGRUESA3-300x135.jpeg 300w, https:\/\/grupogpps.org\/wp-content\/uploads\/2025\/10\/CAMPANAGRUESA3-768x345.jpeg 768w, https:\/\/grupogpps.org\/wp-content\/uploads\/2025\/10\/CAMPANAGRUESA3-1536x690.jpeg 1536w, https:\/\/grupogpps.org\/wp-content\/uploads\/2025\/10\/CAMPANAGRUESA3-18x8.jpeg 18w, https:\/\/grupogpps.org\/wp-content\/uploads\/2025\/10\/CAMPANAGRUESA3.jpeg 1600w\" sizes=\"auto, (max-width: 1024px) 100vw, 1024px\" \/><\/figure><\/div>\n\n\n<p>With a shared vision for the future, the experts agreed that the challenge for Mercosur will not only be to produce more, but to produce better: integrating innovation, sustainability, and trade liberalization to consolidate its role as a key agri-food and environmental power on the global stage.<\/p>\n\n\n\n<p>Mir\u00e1 todo el panel aqu\u00ed. <\/p>\n\n\n\n<figure class=\"wp-block-embed is-type-video is-provider-youtube wp-block-embed-youtube wp-embed-aspect-16-9 wp-has-aspect-ratio\"><div class=\"wp-block-embed__wrapper\">\n<iframe loading=\"lazy\" title=\"LANZAMIENTO CAMPA\u00d1A GRUESA 2025\/26 - Estrategias para exportar en un mundo desafiante\" width=\"800\" height=\"450\" src=\"https:\/\/www.youtube.com\/embed\/GfS79FsdkzU?feature=oembed\" frameborder=\"0\" allow=\"accelerometer; autoplay; clipboard-write; encrypted-media; gyroscope; picture-in-picture; web-share\" referrerpolicy=\"strict-origin-when-cross-origin\" allowfullscreen><\/iframe>\n<\/div><\/figure>","protected":false},"excerpt":{"rendered":"<p>El Segundo Outlook del Mercosur, organizado por la Bolsa de Cereales de Buenos Aires, reuni\u00f3 a especialistas y autoridades de Argentina, Brasil, Paraguay y Uruguay para analizar las perspectivas agroalimentarias de la pr\u00f3xima d\u00e9cada. Seg\u00fan las proyecciones presentadas, la producci\u00f3n de cereales y oleaginosas del bloque podr\u00eda aumentar en 122 millones de toneladas, con 62 [&hellip;]<\/p>","protected":false},"author":2,"featured_media":5151,"comment_status":"open","ping_status":"closed","sticky":false,"template":"","format":"standard","meta":{"footnotes":""},"categories":[19,58,25,23],"tags":[],"class_list":["post-5150","post","type-post","status-publish","format-standard","has-post-thumbnail","hentry","category-actividades","category-eventos","category-home","category-novedades"],"yoast_head":"<!-- This site is optimized with the Yoast SEO plugin v26.8 - https:\/\/yoast.com\/product\/yoast-seo-wordpress\/ -->\n<title>Marcelo Reg\u00fanaga: \u201cLa agricultura del Mercosur debe ser reconocida como parte de la soluci\u00f3n al cambio clim\u00e1tico\u201d - GPS<\/title>\n<meta name=\"robots\" content=\"index, follow, max-snippet:-1, max-image-preview:large, max-video-preview:-1\" \/>\n<link rel=\"canonical\" href=\"https:\/\/grupogpps.org\/en\/marcelo-regunaga-la-agricultura-del-mercosur-debe-ser-reconocida-como-parte-de-la-solucion-al-cambio-climatico\/\" \/>\n<meta property=\"og:locale\" content=\"en_GB\" \/>\n<meta property=\"og:type\" content=\"article\" \/>\n<meta property=\"og:title\" content=\"Marcelo Reg\u00fanaga: \u201cLa agricultura del Mercosur debe ser reconocida como parte de la soluci\u00f3n al cambio clim\u00e1tico\u201d - GPS\" \/>\n<meta property=\"og:description\" content=\"El Segundo Outlook del Mercosur, organizado por la Bolsa de Cereales de Buenos Aires, reuni\u00f3 a especialistas y autoridades de Argentina, Brasil, Paraguay y Uruguay para analizar las perspectivas agroalimentarias de la pr\u00f3xima d\u00e9cada. Seg\u00fan las proyecciones presentadas, la producci\u00f3n de cereales y oleaginosas del bloque podr\u00eda aumentar en 122 millones de toneladas, con 62 [&hellip;]\" \/>\n<meta property=\"og:url\" content=\"https:\/\/grupogpps.org\/en\/marcelo-regunaga-la-agricultura-del-mercosur-debe-ser-reconocida-como-parte-de-la-solucion-al-cambio-climatico\/\" \/>\n<meta property=\"og:site_name\" content=\"GPS\" \/>\n<meta property=\"article:publisher\" content=\"https:\/\/www.linkedin.com\/company\/25037162\/\" \/>\n<meta property=\"article:published_time\" content=\"2025-10-07T15:38:29+00:00\" \/>\n<meta property=\"article:modified_time\" content=\"2025-10-13T19:31:43+00:00\" \/>\n<meta property=\"og:image\" content=\"http:\/\/grupogpps.org\/wp-content\/uploads\/2025\/10\/CAMPANAGRUESA1.jpeg\" \/>\n\t<meta property=\"og:image:width\" content=\"1600\" \/>\n\t<meta property=\"og:image:height\" content=\"719\" \/>\n\t<meta property=\"og:image:type\" content=\"image\/jpeg\" \/>\n<meta name=\"author\" content=\"GPS GPS\" \/>\n<meta name=\"twitter:card\" content=\"summary_large_image\" \/>\n<meta name=\"twitter:creator\" content=\"@GPSLatinAmerica\" \/>\n<meta name=\"twitter:site\" content=\"@GPSLatinAmerica\" \/>\n<meta name=\"twitter:label1\" content=\"Written by\" \/>\n\t<meta name=\"twitter:data1\" content=\"GPS GPS\" \/>\n\t<meta name=\"twitter:label2\" content=\"Estimated reading time\" \/>\n\t<meta name=\"twitter:data2\" content=\"3 minutes\" \/>\n<script type=\"application\/ld+json\" class=\"yoast-schema-graph\">{\"@context\":\"https:\/\/schema.org\",\"@graph\":[{\"@type\":\"Article\",\"@id\":\"https:\/\/grupogpps.org\/marcelo-regunaga-la-agricultura-del-mercosur-debe-ser-reconocida-como-parte-de-la-solucion-al-cambio-climatico\/#article\",\"isPartOf\":{\"@id\":\"https:\/\/grupogpps.org\/marcelo-regunaga-la-agricultura-del-mercosur-debe-ser-reconocida-como-parte-de-la-solucion-al-cambio-climatico\/\"},\"author\":{\"name\":\"GPS GPS\",\"@id\":\"https:\/\/grupogpps.org\/#\/schema\/person\/faaafcd24616dff095821c72659ce41f\"},\"headline\":\"Marcelo Reg\u00fanaga: \u201cLa agricultura del Mercosur debe ser reconocida como parte de la soluci\u00f3n al cambio clim\u00e1tico\u201d\",\"datePublished\":\"2025-10-07T15:38:29+00:00\",\"dateModified\":\"2025-10-13T19:31:43+00:00\",\"mainEntityOfPage\":{\"@id\":\"https:\/\/grupogpps.org\/marcelo-regunaga-la-agricultura-del-mercosur-debe-ser-reconocida-como-parte-de-la-solucion-al-cambio-climatico\/\"},\"wordCount\":487,\"commentCount\":0,\"publisher\":{\"@id\":\"https:\/\/grupogpps.org\/#organization\"},\"image\":{\"@id\":\"https:\/\/grupogpps.org\/marcelo-regunaga-la-agricultura-del-mercosur-debe-ser-reconocida-como-parte-de-la-solucion-al-cambio-climatico\/#primaryimage\"},\"thumbnailUrl\":\"https:\/\/grupogpps.org\/wp-content\/uploads\/2025\/10\/CAMPANAGRUESA1.jpeg\",\"articleSection\":[\"Actividades\",\"Eventos\",\"Home\",\"Novedades\"],\"inLanguage\":\"en-GB\",\"potentialAction\":[{\"@type\":\"CommentAction\",\"name\":\"Comment\",\"target\":[\"https:\/\/grupogpps.org\/marcelo-regunaga-la-agricultura-del-mercosur-debe-ser-reconocida-como-parte-de-la-solucion-al-cambio-climatico\/#respond\"]}]},{\"@type\":\"WebPage\",\"@id\":\"https:\/\/grupogpps.org\/marcelo-regunaga-la-agricultura-del-mercosur-debe-ser-reconocida-como-parte-de-la-solucion-al-cambio-climatico\/\",\"url\":\"https:\/\/grupogpps.org\/marcelo-regunaga-la-agricultura-del-mercosur-debe-ser-reconocida-como-parte-de-la-solucion-al-cambio-climatico\/\",\"name\":\"Marcelo Reg\u00fanaga: \u201cLa agricultura del Mercosur debe ser reconocida como parte de la soluci\u00f3n al cambio clim\u00e1tico\u201d - GPS\",\"isPartOf\":{\"@id\":\"https:\/\/grupogpps.org\/#website\"},\"primaryImageOfPage\":{\"@id\":\"https:\/\/grupogpps.org\/marcelo-regunaga-la-agricultura-del-mercosur-debe-ser-reconocida-como-parte-de-la-solucion-al-cambio-climatico\/#primaryimage\"},\"image\":{\"@id\":\"https:\/\/grupogpps.org\/marcelo-regunaga-la-agricultura-del-mercosur-debe-ser-reconocida-como-parte-de-la-solucion-al-cambio-climatico\/#primaryimage\"},\"thumbnailUrl\":\"https:\/\/grupogpps.org\/wp-content\/uploads\/2025\/10\/CAMPANAGRUESA1.jpeg\",\"datePublished\":\"2025-10-07T15:38:29+00:00\",\"dateModified\":\"2025-10-13T19:31:43+00:00\",\"breadcrumb\":{\"@id\":\"https:\/\/grupogpps.org\/marcelo-regunaga-la-agricultura-del-mercosur-debe-ser-reconocida-como-parte-de-la-solucion-al-cambio-climatico\/#breadcrumb\"},\"inLanguage\":\"en-GB\",\"potentialAction\":[{\"@type\":\"ReadAction\",\"target\":[\"https:\/\/grupogpps.org\/marcelo-regunaga-la-agricultura-del-mercosur-debe-ser-reconocida-como-parte-de-la-solucion-al-cambio-climatico\/\"]}]},{\"@type\":\"ImageObject\",\"inLanguage\":\"en-GB\",\"@id\":\"https:\/\/grupogpps.org\/marcelo-regunaga-la-agricultura-del-mercosur-debe-ser-reconocida-como-parte-de-la-solucion-al-cambio-climatico\/#primaryimage\",\"url\":\"https:\/\/grupogpps.org\/wp-content\/uploads\/2025\/10\/CAMPANAGRUESA1.jpeg\",\"contentUrl\":\"https:\/\/grupogpps.org\/wp-content\/uploads\/2025\/10\/CAMPANAGRUESA1.jpeg\",\"width\":1600,\"height\":719},{\"@type\":\"BreadcrumbList\",\"@id\":\"https:\/\/grupogpps.org\/marcelo-regunaga-la-agricultura-del-mercosur-debe-ser-reconocida-como-parte-de-la-solucion-al-cambio-climatico\/#breadcrumb\",\"itemListElement\":[{\"@type\":\"ListItem\",\"position\":1,\"name\":\"Inicio\",\"item\":\"https:\/\/grupogpps.org\/\"},{\"@type\":\"ListItem\",\"position\":2,\"name\":\"Marcelo Reg\u00fanaga: \u201cLa agricultura del Mercosur debe ser reconocida como parte de la soluci\u00f3n al cambio clim\u00e1tico\u201d\"}]},{\"@type\":\"WebSite\",\"@id\":\"https:\/\/grupogpps.org\/#website\",\"url\":\"https:\/\/grupogpps.org\/\",\"name\":\"GPS\",\"description\":\"Grupo de pa\u00edses productores del sur\",\"publisher\":{\"@id\":\"https:\/\/grupogpps.org\/#organization\"},\"potentialAction\":[{\"@type\":\"SearchAction\",\"target\":{\"@type\":\"EntryPoint\",\"urlTemplate\":\"https:\/\/grupogpps.org\/?s={search_term_string}\"},\"query-input\":{\"@type\":\"PropertyValueSpecification\",\"valueRequired\":true,\"valueName\":\"search_term_string\"}}],\"inLanguage\":\"en-GB\"},{\"@type\":\"Organization\",\"@id\":\"https:\/\/grupogpps.org\/#organization\",\"name\":\"GPS - Grupo de pa\u00edses productores del sur\",\"url\":\"https:\/\/grupogpps.org\/\",\"logo\":{\"@type\":\"ImageObject\",\"inLanguage\":\"en-GB\",\"@id\":\"https:\/\/grupogpps.org\/#\/schema\/logo\/image\/\",\"url\":\"http:\/\/grupogpps.org\/wp-content\/uploads\/2021\/06\/logoGPS3.svg\",\"contentUrl\":\"http:\/\/grupogpps.org\/wp-content\/uploads\/2021\/06\/logoGPS3.svg\",\"width\":1,\"height\":1,\"caption\":\"GPS - Grupo de pa\u00edses productores del sur\"},\"image\":{\"@id\":\"https:\/\/grupogpps.org\/#\/schema\/logo\/image\/\"},\"sameAs\":[\"https:\/\/www.linkedin.com\/company\/25037162\/\",\"https:\/\/x.com\/GPSLatinAmerica\",\"https:\/\/www.instagram.com\/gpslatin\/\",\"https:\/\/www.youtube.com\/channel\/UCM2Qf0jSqNRJRkqmU8dO9QA\/videos\"]},{\"@type\":\"Person\",\"@id\":\"https:\/\/grupogpps.org\/#\/schema\/person\/faaafcd24616dff095821c72659ce41f\",\"name\":\"GPS GPS\",\"url\":\"https:\/\/grupogpps.org\/en\/author\/gps\/\"}]}<\/script>\n<!-- \/ Yoast SEO plugin. -->","yoast_head_json":{"title":"Marcelo Reg\u00fanaga: \u201cLa agricultura del Mercosur debe ser reconocida como parte de la soluci\u00f3n al cambio clim\u00e1tico\u201d - GPS","robots":{"index":"index","follow":"follow","max-snippet":"max-snippet:-1","max-image-preview":"max-image-preview:large","max-video-preview":"max-video-preview:-1"},"canonical":"https:\/\/grupogpps.org\/en\/marcelo-regunaga-la-agricultura-del-mercosur-debe-ser-reconocida-como-parte-de-la-solucion-al-cambio-climatico\/","og_locale":"en_GB","og_type":"article","og_title":"Marcelo Reg\u00fanaga: \u201cLa agricultura del Mercosur debe ser reconocida como parte de la soluci\u00f3n al cambio clim\u00e1tico\u201d - GPS","og_description":"El Segundo Outlook del Mercosur, organizado por la Bolsa de Cereales de Buenos Aires, reuni\u00f3 a especialistas y autoridades de Argentina, Brasil, Paraguay y Uruguay para analizar las perspectivas agroalimentarias de la pr\u00f3xima d\u00e9cada. Seg\u00fan las proyecciones presentadas, la producci\u00f3n de cereales y oleaginosas del bloque podr\u00eda aumentar en 122 millones de toneladas, con 62 [&hellip;]","og_url":"https:\/\/grupogpps.org\/en\/marcelo-regunaga-la-agricultura-del-mercosur-debe-ser-reconocida-como-parte-de-la-solucion-al-cambio-climatico\/","og_site_name":"GPS","article_publisher":"https:\/\/www.linkedin.com\/company\/25037162\/","article_published_time":"2025-10-07T15:38:29+00:00","article_modified_time":"2025-10-13T19:31:43+00:00","og_image":[{"width":1600,"height":719,"url":"http:\/\/grupogpps.org\/wp-content\/uploads\/2025\/10\/CAMPANAGRUESA1.jpeg","type":"image\/jpeg"}],"author":"GPS GPS","twitter_card":"summary_large_image","twitter_creator":"@GPSLatinAmerica","twitter_site":"@GPSLatinAmerica","twitter_misc":{"Written by":"GPS GPS","Estimated reading time":"3 minutes"},"schema":{"@context":"https:\/\/schema.org","@graph":[{"@type":"Article","@id":"https:\/\/grupogpps.org\/marcelo-regunaga-la-agricultura-del-mercosur-debe-ser-reconocida-como-parte-de-la-solucion-al-cambio-climatico\/#article","isPartOf":{"@id":"https:\/\/grupogpps.org\/marcelo-regunaga-la-agricultura-del-mercosur-debe-ser-reconocida-como-parte-de-la-solucion-al-cambio-climatico\/"},"author":{"name":"GPS GPS","@id":"https:\/\/grupogpps.org\/#\/schema\/person\/faaafcd24616dff095821c72659ce41f"},"headline":"Marcelo Reg\u00fanaga: \u201cLa agricultura del Mercosur debe ser reconocida como parte de la soluci\u00f3n al cambio clim\u00e1tico\u201d","datePublished":"2025-10-07T15:38:29+00:00","dateModified":"2025-10-13T19:31:43+00:00","mainEntityOfPage":{"@id":"https:\/\/grupogpps.org\/marcelo-regunaga-la-agricultura-del-mercosur-debe-ser-reconocida-como-parte-de-la-solucion-al-cambio-climatico\/"},"wordCount":487,"commentCount":0,"publisher":{"@id":"https:\/\/grupogpps.org\/#organization"},"image":{"@id":"https:\/\/grupogpps.org\/marcelo-regunaga-la-agricultura-del-mercosur-debe-ser-reconocida-como-parte-de-la-solucion-al-cambio-climatico\/#primaryimage"},"thumbnailUrl":"https:\/\/grupogpps.org\/wp-content\/uploads\/2025\/10\/CAMPANAGRUESA1.jpeg","articleSection":["Actividades","Eventos","Home","Novedades"],"inLanguage":"en-GB","potentialAction":[{"@type":"CommentAction","name":"Comment","target":["https:\/\/grupogpps.org\/marcelo-regunaga-la-agricultura-del-mercosur-debe-ser-reconocida-como-parte-de-la-solucion-al-cambio-climatico\/#respond"]}]},{"@type":"WebPage","@id":"https:\/\/grupogpps.org\/marcelo-regunaga-la-agricultura-del-mercosur-debe-ser-reconocida-como-parte-de-la-solucion-al-cambio-climatico\/","url":"https:\/\/grupogpps.org\/marcelo-regunaga-la-agricultura-del-mercosur-debe-ser-reconocida-como-parte-de-la-solucion-al-cambio-climatico\/","name":"Marcelo Reg\u00fanaga: \u201cLa agricultura del Mercosur debe ser reconocida como parte de la soluci\u00f3n al cambio clim\u00e1tico\u201d - GPS","isPartOf":{"@id":"https:\/\/grupogpps.org\/#website"},"primaryImageOfPage":{"@id":"https:\/\/grupogpps.org\/marcelo-regunaga-la-agricultura-del-mercosur-debe-ser-reconocida-como-parte-de-la-solucion-al-cambio-climatico\/#primaryimage"},"image":{"@id":"https:\/\/grupogpps.org\/marcelo-regunaga-la-agricultura-del-mercosur-debe-ser-reconocida-como-parte-de-la-solucion-al-cambio-climatico\/#primaryimage"},"thumbnailUrl":"https:\/\/grupogpps.org\/wp-content\/uploads\/2025\/10\/CAMPANAGRUESA1.jpeg","datePublished":"2025-10-07T15:38:29+00:00","dateModified":"2025-10-13T19:31:43+00:00","breadcrumb":{"@id":"https:\/\/grupogpps.org\/marcelo-regunaga-la-agricultura-del-mercosur-debe-ser-reconocida-como-parte-de-la-solucion-al-cambio-climatico\/#breadcrumb"},"inLanguage":"en-GB","potentialAction":[{"@type":"ReadAction","target":["https:\/\/grupogpps.org\/marcelo-regunaga-la-agricultura-del-mercosur-debe-ser-reconocida-como-parte-de-la-solucion-al-cambio-climatico\/"]}]},{"@type":"ImageObject","inLanguage":"en-GB","@id":"https:\/\/grupogpps.org\/marcelo-regunaga-la-agricultura-del-mercosur-debe-ser-reconocida-como-parte-de-la-solucion-al-cambio-climatico\/#primaryimage","url":"https:\/\/grupogpps.org\/wp-content\/uploads\/2025\/10\/CAMPANAGRUESA1.jpeg","contentUrl":"https:\/\/grupogpps.org\/wp-content\/uploads\/2025\/10\/CAMPANAGRUESA1.jpeg","width":1600,"height":719},{"@type":"BreadcrumbList","@id":"https:\/\/grupogpps.org\/marcelo-regunaga-la-agricultura-del-mercosur-debe-ser-reconocida-como-parte-de-la-solucion-al-cambio-climatico\/#breadcrumb","itemListElement":[{"@type":"ListItem","position":1,"name":"Inicio","item":"https:\/\/grupogpps.org\/"},{"@type":"ListItem","position":2,"name":"Marcelo Reg\u00fanaga: \u201cLa agricultura del Mercosur debe ser reconocida como parte de la soluci\u00f3n al cambio clim\u00e1tico\u201d"}]},{"@type":"WebSite","@id":"https:\/\/grupogpps.org\/#website","url":"https:\/\/grupogpps.org\/","name":"GPS","description":"Grupo de pa\u00edses productores del sur","publisher":{"@id":"https:\/\/grupogpps.org\/#organization"},"potentialAction":[{"@type":"SearchAction","target":{"@type":"EntryPoint","urlTemplate":"https:\/\/grupogpps.org\/?s={search_term_string}"},"query-input":{"@type":"PropertyValueSpecification","valueRequired":true,"valueName":"search_term_string"}}],"inLanguage":"en-GB"},{"@type":"Organization","@id":"https:\/\/grupogpps.org\/#organization","name":"GPS - Grupo de pa\u00edses productores del sur","url":"https:\/\/grupogpps.org\/","logo":{"@type":"ImageObject","inLanguage":"en-GB","@id":"https:\/\/grupogpps.org\/#\/schema\/logo\/image\/","url":"http:\/\/grupogpps.org\/wp-content\/uploads\/2021\/06\/logoGPS3.svg","contentUrl":"http:\/\/grupogpps.org\/wp-content\/uploads\/2021\/06\/logoGPS3.svg","width":1,"height":1,"caption":"GPS - Grupo de pa\u00edses productores del sur"},"image":{"@id":"https:\/\/grupogpps.org\/#\/schema\/logo\/image\/"},"sameAs":["https:\/\/www.linkedin.com\/company\/25037162\/","https:\/\/x.com\/GPSLatinAmerica","https:\/\/www.instagram.com\/gpslatin\/","https:\/\/www.youtube.com\/channel\/UCM2Qf0jSqNRJRkqmU8dO9QA\/videos"]},{"@type":"Person","@id":"https:\/\/grupogpps.org\/#\/schema\/person\/faaafcd24616dff095821c72659ce41f","name":"GPS GPS","url":"https:\/\/grupogpps.org\/en\/author\/gps\/"}]}},"_links":{"self":[{"href":"https:\/\/grupogpps.org\/en\/wp-json\/wp\/v2\/posts\/5150","targetHints":{"allow":["GET"]}}],"collection":[{"href":"https:\/\/grupogpps.org\/en\/wp-json\/wp\/v2\/posts"}],"about":[{"href":"https:\/\/grupogpps.org\/en\/wp-json\/wp\/v2\/types\/post"}],"author":[{"embeddable":true,"href":"https:\/\/grupogpps.org\/en\/wp-json\/wp\/v2\/users\/2"}],"replies":[{"embeddable":true,"href":"https:\/\/grupogpps.org\/en\/wp-json\/wp\/v2\/comments?post=5150"}],"version-history":[{"count":4,"href":"https:\/\/grupogpps.org\/en\/wp-json\/wp\/v2\/posts\/5150\/revisions"}],"predecessor-version":[{"id":5157,"href":"https:\/\/grupogpps.org\/en\/wp-json\/wp\/v2\/posts\/5150\/revisions\/5157"}],"wp:featuredmedia":[{"embeddable":true,"href":"https:\/\/grupogpps.org\/en\/wp-json\/wp\/v2\/media\/5151"}],"wp:attachment":[{"href":"https:\/\/grupogpps.org\/en\/wp-json\/wp\/v2\/media?parent=5150"}],"wp:term":[{"taxonomy":"category","embeddable":true,"href":"https:\/\/grupogpps.org\/en\/wp-json\/wp\/v2\/categories?post=5150"},{"taxonomy":"post_tag","embeddable":true,"href":"https:\/\/grupogpps.org\/en\/wp-json\/wp\/v2\/tags?post=5150"}],"curies":[{"name":"wp","href":"https:\/\/api.w.org\/{rel}","templated":true}]}}