{"id":5124,"date":"2025-08-29T14:00:20","date_gmt":"2025-08-29T17:00:20","guid":{"rendered":"https:\/\/grupogpps.org\/?p=5124"},"modified":"2026-03-03T16:25:20","modified_gmt":"2026-03-03T19:25:20","slug":"el-sector-privado-agropecuario-brasileno-se-prepara-para-la-cop30-de-belem","status":"publish","type":"post","link":"https:\/\/grupogpps.org\/en\/el-sector-privado-agropecuario-brasileno-se-prepara-para-la-cop30-de-belem\/","title":{"rendered":"The Brazilian private agricultural sector prepares for COP30 in Bel\u00e9m"},"content":{"rendered":"<p>In preparation for COP30, to be held in Bel\u00e9m in November 2025, ABAG organized the forum \"Towards COP30: Agribusiness and Climate Change,\" which brought together diverse voices with different perspectives around three central questions:<\/p>\n\n\n\n<p><strong><em>a- How can agriculture contribute to the climate change adaptation and mitigation agenda?<br>b- How can we free up financing for the agricultural sector?<br>c- How does agribusiness relate to the carbon market?<\/em><\/strong><\/p>\n\n\n\n<p>As a result of the discussions, a document was prepared that compiles the main conclusions and contributions of the participants and highlights how the agricultural sector can be an agent of transformation in the climate change adaptation and mitigation agenda.<\/p>\n\n\n\n<p>It addresses strategies for unlocking climate finance and explores solutions that expand access to financial resources and drive sustainable innovation. The document explores how the sector can effectively integrate into carbon credit trading, contributing to a low-carbon global economy.<\/p>\n\n\n\n<p>Se detallan estrategias clave para la adaptaci\u00f3n eficaz en los agrosistemas tropicales, como el aumento de la eficiencia en el uso de la tierra, la mejora de la eficiencia en el uso de los recursos h\u00eddricos y los nutrientes y se indica que Brasil ha implementado pol\u00edticas p\u00fablicas para mitigar las emisiones de GEI, como el Plan Nacional de Adaptaci\u00f3n al Cambio Clim\u00e1tico (PNAMC) y el Plan ABC+ 3.&nbsp;<\/p>\n\n\n\n<p>The document's main conclusions show that the Brazilian agricultural sector plays a strategic role in the global climate agenda, particularly in climate change mitigation and adaptation. It highlights that agribusiness can contribute to reducing greenhouse gas emissions through sustainable practices, carbon sequestration, and the development of innovative technologies. Furthermore, it underscores the importance of strengthening climate finance and expanding the sector's capacity to access international resources and carbon credits. To this end, the development of robust metrics and indicators to assess its mitigation and adaptation results is essential.<\/p>\n\n\n\n<p>For the opportunities and benefits associated with generating carbon credits to be effectively realized, it is essential to consider the local specificities of the territories where the projects will be implemented. One of the main obstacles to the expansion of this market in the country is the lack of methodologies and metrics truly adapted to the Brazilian tropical reality.<\/p>\n\n\n\n<p>The document emphasizes that the effective integration of the sector into the carbon market, along with appropriate public policies and the adoption of sustainable practices, are key to positioning Brazil as a relevant player in the fight against climate change, promoting sustainable and resilient development in accordance with international commitments, such as the Paris Agreement and COP30.<\/p>\n\n\n\n<p>The document's main recommendations emphasize the need to strengthen the integration of the agricultural sector into climate finance policies and mechanisms, in addition to promoting sustainable practices that facilitate climate change mitigation and adaptation. Specifically, the following recommendations are made:<\/p>\n\n\n\n<ol start=\"1\" class=\"wp-block-list\">\n<li>Increase investment and mobilization of financial resources: Expand climate finance from a variety of sources, including international mechanisms, to support the transition to sustainable and competitive agriculture and livestock.<\/li>\n\n\n\n<li>Develop and implement robust measurement, reporting, and verification (MRV) metrics to assess mitigation and adaptation outcomes, enabling better targeting of investments and ensuring legal certainty for producers and investors.<\/li>\n\n\n\n<li>Promote the inclusion of the agricultural sector in the carbon market: encourage the creation and expansion of carbon credits linked to regenerative and sustainable practices, ensuring that these translate into economic benefits for producers.<\/li>\n\n\n\n<li>Promote specific public policies and programs, such as the ABC+ Plan and genetic improvement programs, that facilitate the adoption of resilient and sustainable practices in the sector.<\/li>\n\n\n\n<li>Implement Payment for Environmental Services (PES) instruments and promote economic incentives to restore and protect ecosystems, biodiversity, and water resources, thus integrating carbon and biodiversity benefits into financing.<\/li>\n\n\n\n<li>Strengthen cooperation between the government, the private sector, and international financial institutions to raise funds and facilitate access to financing for producers of all sizes.<\/li>\n<\/ol>\n\n\n\n<p>These recommendations aim to consolidate Brazil's position as a leading example of low-emission agriculture, generating environmental sustainability, food security, and responsible economic development.<\/p>\n\n\n\n<div class=\"wp-block-buttons is-content-justification-center is-layout-flex wp-container-core-buttons-is-layout-1 wp-block-buttons-is-layout-flex\">\n<div class=\"wp-block-button\"><a class=\"wp-block-button__link wp-element-button\" href=\"https:\/\/abag.com.br\/wp-content\/uploads\/2025\/08\/Agro-Frente-as-Mudancas-Climaticas-COP30_Full_final-1sp.pdf\">DOWNLOAD DOCUMENT<\/a><\/div>\n<\/div>\n\n\n\n<p><\/p>","protected":false},"excerpt":{"rendered":"<p>Como preparaci\u00f3n para la COP30 a celebrarse en Belem en noviembre de 2025, ABAG organiz\u00f3 el foro \u201cHacia la COP30: El Agronegocio y el Cambio Clim\u00e1tico\u201d que reuni\u00f3 voces diversas con diferentes perspectivas en torno a tres preguntas centrales: a- \u00bfC\u00f3mo puede contribuir la agropecuaria a la agenda de adaptaci\u00f3n y mitigaci\u00f3n del cambio clim\u00e1tico?b- [&hellip;]<\/p>","protected":false},"author":2,"featured_media":5125,"comment_status":"open","ping_status":"closed","sticky":false,"template":"","format":"standard","meta":{"footnotes":""},"categories":[19,26,58,25,23],"tags":[],"class_list":["post-5124","post","type-post","status-publish","format-standard","has-post-thumbnail","hentry","category-actividades","category-documentos-institucionales","category-eventos","category-home","category-novedades"],"yoast_head":"<!-- This site is optimized with the Yoast SEO plugin v26.8 - https:\/\/yoast.com\/product\/yoast-seo-wordpress\/ -->\n<title>El sector privado agropecuario brasile\u00f1o se prepara para la COP30 de Belem - GPS<\/title>\n<meta name=\"robots\" content=\"index, follow, max-snippet:-1, max-image-preview:large, max-video-preview:-1\" \/>\n<link rel=\"canonical\" href=\"https:\/\/grupogpps.org\/en\/el-sector-privado-agropecuario-brasileno-se-prepara-para-la-cop30-de-belem\/\" \/>\n<meta property=\"og:locale\" content=\"en_GB\" \/>\n<meta property=\"og:type\" content=\"article\" \/>\n<meta property=\"og:title\" content=\"El sector privado agropecuario brasile\u00f1o se prepara para la COP30 de Belem - GPS\" \/>\n<meta property=\"og:description\" content=\"Como preparaci\u00f3n para la COP30 a celebrarse en Belem en noviembre de 2025, ABAG organiz\u00f3 el foro \u201cHacia la COP30: El Agronegocio y el Cambio Clim\u00e1tico\u201d que reuni\u00f3 voces diversas con diferentes perspectivas en torno a tres preguntas centrales: a- \u00bfC\u00f3mo puede contribuir la agropecuaria a la agenda de adaptaci\u00f3n y mitigaci\u00f3n del cambio clim\u00e1tico?b- [&hellip;]\" \/>\n<meta property=\"og:url\" content=\"https:\/\/grupogpps.org\/en\/el-sector-privado-agropecuario-brasileno-se-prepara-para-la-cop30-de-belem\/\" \/>\n<meta property=\"og:site_name\" content=\"GPS\" \/>\n<meta property=\"article:publisher\" content=\"https:\/\/www.linkedin.com\/company\/25037162\/\" \/>\n<meta property=\"article:published_time\" content=\"2025-08-29T17:00:20+00:00\" \/>\n<meta property=\"article:modified_time\" content=\"2026-03-03T19:25:20+00:00\" \/>\n<meta property=\"og:image\" content=\"http:\/\/grupogpps.org\/wp-content\/uploads\/2025\/08\/Marcelo_ABAG4.jpeg\" \/>\n\t<meta property=\"og:image:width\" content=\"1280\" \/>\n\t<meta property=\"og:image:height\" content=\"480\" \/>\n\t<meta property=\"og:image:type\" content=\"image\/jpeg\" \/>\n<meta name=\"author\" content=\"GPS GPS\" \/>\n<meta name=\"twitter:card\" content=\"summary_large_image\" \/>\n<meta name=\"twitter:creator\" content=\"@GPSLatinAmerica\" \/>\n<meta name=\"twitter:site\" content=\"@GPSLatinAmerica\" \/>\n<meta name=\"twitter:label1\" content=\"Written by\" \/>\n\t<meta name=\"twitter:data1\" content=\"GPS GPS\" \/>\n\t<meta name=\"twitter:label2\" content=\"Estimated reading time\" \/>\n\t<meta name=\"twitter:data2\" content=\"4 minutes\" \/>\n<script type=\"application\/ld+json\" class=\"yoast-schema-graph\">{\"@context\":\"https:\/\/schema.org\",\"@graph\":[{\"@type\":\"Article\",\"@id\":\"https:\/\/grupogpps.org\/el-sector-privado-agropecuario-brasileno-se-prepara-para-la-cop30-de-belem\/#article\",\"isPartOf\":{\"@id\":\"https:\/\/grupogpps.org\/el-sector-privado-agropecuario-brasileno-se-prepara-para-la-cop30-de-belem\/\"},\"author\":{\"name\":\"GPS GPS\",\"@id\":\"https:\/\/grupogpps.org\/#\/schema\/person\/faaafcd24616dff095821c72659ce41f\"},\"headline\":\"El sector privado agropecuario brasile\u00f1o se prepara para la COP30 de Belem\",\"datePublished\":\"2025-08-29T17:00:20+00:00\",\"dateModified\":\"2026-03-03T19:25:20+00:00\",\"mainEntityOfPage\":{\"@id\":\"https:\/\/grupogpps.org\/el-sector-privado-agropecuario-brasileno-se-prepara-para-la-cop30-de-belem\/\"},\"wordCount\":834,\"commentCount\":0,\"publisher\":{\"@id\":\"https:\/\/grupogpps.org\/#organization\"},\"image\":{\"@id\":\"https:\/\/grupogpps.org\/el-sector-privado-agropecuario-brasileno-se-prepara-para-la-cop30-de-belem\/#primaryimage\"},\"thumbnailUrl\":\"https:\/\/grupogpps.org\/wp-content\/uploads\/2025\/08\/Marcelo_ABAG4.jpeg\",\"articleSection\":[\"Actividades\",\"Documentos institucionales\",\"Eventos\",\"Home\",\"Novedades\"],\"inLanguage\":\"en-GB\",\"potentialAction\":[{\"@type\":\"CommentAction\",\"name\":\"Comment\",\"target\":[\"https:\/\/grupogpps.org\/el-sector-privado-agropecuario-brasileno-se-prepara-para-la-cop30-de-belem\/#respond\"]}]},{\"@type\":\"WebPage\",\"@id\":\"https:\/\/grupogpps.org\/el-sector-privado-agropecuario-brasileno-se-prepara-para-la-cop30-de-belem\/\",\"url\":\"https:\/\/grupogpps.org\/el-sector-privado-agropecuario-brasileno-se-prepara-para-la-cop30-de-belem\/\",\"name\":\"El sector privado agropecuario brasile\u00f1o se prepara para la COP30 de Belem - GPS\",\"isPartOf\":{\"@id\":\"https:\/\/grupogpps.org\/#website\"},\"primaryImageOfPage\":{\"@id\":\"https:\/\/grupogpps.org\/el-sector-privado-agropecuario-brasileno-se-prepara-para-la-cop30-de-belem\/#primaryimage\"},\"image\":{\"@id\":\"https:\/\/grupogpps.org\/el-sector-privado-agropecuario-brasileno-se-prepara-para-la-cop30-de-belem\/#primaryimage\"},\"thumbnailUrl\":\"https:\/\/grupogpps.org\/wp-content\/uploads\/2025\/08\/Marcelo_ABAG4.jpeg\",\"datePublished\":\"2025-08-29T17:00:20+00:00\",\"dateModified\":\"2026-03-03T19:25:20+00:00\",\"breadcrumb\":{\"@id\":\"https:\/\/grupogpps.org\/el-sector-privado-agropecuario-brasileno-se-prepara-para-la-cop30-de-belem\/#breadcrumb\"},\"inLanguage\":\"en-GB\",\"potentialAction\":[{\"@type\":\"ReadAction\",\"target\":[\"https:\/\/grupogpps.org\/el-sector-privado-agropecuario-brasileno-se-prepara-para-la-cop30-de-belem\/\"]}]},{\"@type\":\"ImageObject\",\"inLanguage\":\"en-GB\",\"@id\":\"https:\/\/grupogpps.org\/el-sector-privado-agropecuario-brasileno-se-prepara-para-la-cop30-de-belem\/#primaryimage\",\"url\":\"https:\/\/grupogpps.org\/wp-content\/uploads\/2025\/08\/Marcelo_ABAG4.jpeg\",\"contentUrl\":\"https:\/\/grupogpps.org\/wp-content\/uploads\/2025\/08\/Marcelo_ABAG4.jpeg\",\"width\":1280,\"height\":480},{\"@type\":\"BreadcrumbList\",\"@id\":\"https:\/\/grupogpps.org\/el-sector-privado-agropecuario-brasileno-se-prepara-para-la-cop30-de-belem\/#breadcrumb\",\"itemListElement\":[{\"@type\":\"ListItem\",\"position\":1,\"name\":\"Inicio\",\"item\":\"https:\/\/grupogpps.org\/\"},{\"@type\":\"ListItem\",\"position\":2,\"name\":\"El sector privado agropecuario brasile\u00f1o se prepara para la COP30 de Belem\"}]},{\"@type\":\"WebSite\",\"@id\":\"https:\/\/grupogpps.org\/#website\",\"url\":\"https:\/\/grupogpps.org\/\",\"name\":\"GPS\",\"description\":\"Grupo de pa\u00edses productores del sur\",\"publisher\":{\"@id\":\"https:\/\/grupogpps.org\/#organization\"},\"potentialAction\":[{\"@type\":\"SearchAction\",\"target\":{\"@type\":\"EntryPoint\",\"urlTemplate\":\"https:\/\/grupogpps.org\/?s={search_term_string}\"},\"query-input\":{\"@type\":\"PropertyValueSpecification\",\"valueRequired\":true,\"valueName\":\"search_term_string\"}}],\"inLanguage\":\"en-GB\"},{\"@type\":\"Organization\",\"@id\":\"https:\/\/grupogpps.org\/#organization\",\"name\":\"GPS - Grupo de pa\u00edses productores del sur\",\"url\":\"https:\/\/grupogpps.org\/\",\"logo\":{\"@type\":\"ImageObject\",\"inLanguage\":\"en-GB\",\"@id\":\"https:\/\/grupogpps.org\/#\/schema\/logo\/image\/\",\"url\":\"http:\/\/grupogpps.org\/wp-content\/uploads\/2021\/06\/logoGPS3.svg\",\"contentUrl\":\"http:\/\/grupogpps.org\/wp-content\/uploads\/2021\/06\/logoGPS3.svg\",\"width\":1,\"height\":1,\"caption\":\"GPS - Grupo de pa\u00edses productores del sur\"},\"image\":{\"@id\":\"https:\/\/grupogpps.org\/#\/schema\/logo\/image\/\"},\"sameAs\":[\"https:\/\/www.linkedin.com\/company\/25037162\/\",\"https:\/\/x.com\/GPSLatinAmerica\",\"https:\/\/www.instagram.com\/gpslatin\/\",\"https:\/\/www.youtube.com\/channel\/UCM2Qf0jSqNRJRkqmU8dO9QA\/videos\"]},{\"@type\":\"Person\",\"@id\":\"https:\/\/grupogpps.org\/#\/schema\/person\/faaafcd24616dff095821c72659ce41f\",\"name\":\"GPS GPS\",\"url\":\"https:\/\/grupogpps.org\/en\/author\/gps\/\"}]}<\/script>\n<!-- \/ Yoast SEO plugin. -->","yoast_head_json":{"title":"El sector privado agropecuario brasile\u00f1o se prepara para la COP30 de Belem - GPS","robots":{"index":"index","follow":"follow","max-snippet":"max-snippet:-1","max-image-preview":"max-image-preview:large","max-video-preview":"max-video-preview:-1"},"canonical":"https:\/\/grupogpps.org\/en\/el-sector-privado-agropecuario-brasileno-se-prepara-para-la-cop30-de-belem\/","og_locale":"en_GB","og_type":"article","og_title":"El sector privado agropecuario brasile\u00f1o se prepara para la COP30 de Belem - GPS","og_description":"Como preparaci\u00f3n para la COP30 a celebrarse en Belem en noviembre de 2025, ABAG organiz\u00f3 el foro \u201cHacia la COP30: El Agronegocio y el Cambio Clim\u00e1tico\u201d que reuni\u00f3 voces diversas con diferentes perspectivas en torno a tres preguntas centrales: a- \u00bfC\u00f3mo puede contribuir la agropecuaria a la agenda de adaptaci\u00f3n y mitigaci\u00f3n del cambio clim\u00e1tico?b- [&hellip;]","og_url":"https:\/\/grupogpps.org\/en\/el-sector-privado-agropecuario-brasileno-se-prepara-para-la-cop30-de-belem\/","og_site_name":"GPS","article_publisher":"https:\/\/www.linkedin.com\/company\/25037162\/","article_published_time":"2025-08-29T17:00:20+00:00","article_modified_time":"2026-03-03T19:25:20+00:00","og_image":[{"width":1280,"height":480,"url":"http:\/\/grupogpps.org\/wp-content\/uploads\/2025\/08\/Marcelo_ABAG4.jpeg","type":"image\/jpeg"}],"author":"GPS GPS","twitter_card":"summary_large_image","twitter_creator":"@GPSLatinAmerica","twitter_site":"@GPSLatinAmerica","twitter_misc":{"Written by":"GPS GPS","Estimated reading time":"4 minutes"},"schema":{"@context":"https:\/\/schema.org","@graph":[{"@type":"Article","@id":"https:\/\/grupogpps.org\/el-sector-privado-agropecuario-brasileno-se-prepara-para-la-cop30-de-belem\/#article","isPartOf":{"@id":"https:\/\/grupogpps.org\/el-sector-privado-agropecuario-brasileno-se-prepara-para-la-cop30-de-belem\/"},"author":{"name":"GPS GPS","@id":"https:\/\/grupogpps.org\/#\/schema\/person\/faaafcd24616dff095821c72659ce41f"},"headline":"El sector privado agropecuario brasile\u00f1o se prepara para la COP30 de Belem","datePublished":"2025-08-29T17:00:20+00:00","dateModified":"2026-03-03T19:25:20+00:00","mainEntityOfPage":{"@id":"https:\/\/grupogpps.org\/el-sector-privado-agropecuario-brasileno-se-prepara-para-la-cop30-de-belem\/"},"wordCount":834,"commentCount":0,"publisher":{"@id":"https:\/\/grupogpps.org\/#organization"},"image":{"@id":"https:\/\/grupogpps.org\/el-sector-privado-agropecuario-brasileno-se-prepara-para-la-cop30-de-belem\/#primaryimage"},"thumbnailUrl":"https:\/\/grupogpps.org\/wp-content\/uploads\/2025\/08\/Marcelo_ABAG4.jpeg","articleSection":["Actividades","Documentos institucionales","Eventos","Home","Novedades"],"inLanguage":"en-GB","potentialAction":[{"@type":"CommentAction","name":"Comment","target":["https:\/\/grupogpps.org\/el-sector-privado-agropecuario-brasileno-se-prepara-para-la-cop30-de-belem\/#respond"]}]},{"@type":"WebPage","@id":"https:\/\/grupogpps.org\/el-sector-privado-agropecuario-brasileno-se-prepara-para-la-cop30-de-belem\/","url":"https:\/\/grupogpps.org\/el-sector-privado-agropecuario-brasileno-se-prepara-para-la-cop30-de-belem\/","name":"El sector privado agropecuario brasile\u00f1o se prepara para la COP30 de Belem - GPS","isPartOf":{"@id":"https:\/\/grupogpps.org\/#website"},"primaryImageOfPage":{"@id":"https:\/\/grupogpps.org\/el-sector-privado-agropecuario-brasileno-se-prepara-para-la-cop30-de-belem\/#primaryimage"},"image":{"@id":"https:\/\/grupogpps.org\/el-sector-privado-agropecuario-brasileno-se-prepara-para-la-cop30-de-belem\/#primaryimage"},"thumbnailUrl":"https:\/\/grupogpps.org\/wp-content\/uploads\/2025\/08\/Marcelo_ABAG4.jpeg","datePublished":"2025-08-29T17:00:20+00:00","dateModified":"2026-03-03T19:25:20+00:00","breadcrumb":{"@id":"https:\/\/grupogpps.org\/el-sector-privado-agropecuario-brasileno-se-prepara-para-la-cop30-de-belem\/#breadcrumb"},"inLanguage":"en-GB","potentialAction":[{"@type":"ReadAction","target":["https:\/\/grupogpps.org\/el-sector-privado-agropecuario-brasileno-se-prepara-para-la-cop30-de-belem\/"]}]},{"@type":"ImageObject","inLanguage":"en-GB","@id":"https:\/\/grupogpps.org\/el-sector-privado-agropecuario-brasileno-se-prepara-para-la-cop30-de-belem\/#primaryimage","url":"https:\/\/grupogpps.org\/wp-content\/uploads\/2025\/08\/Marcelo_ABAG4.jpeg","contentUrl":"https:\/\/grupogpps.org\/wp-content\/uploads\/2025\/08\/Marcelo_ABAG4.jpeg","width":1280,"height":480},{"@type":"BreadcrumbList","@id":"https:\/\/grupogpps.org\/el-sector-privado-agropecuario-brasileno-se-prepara-para-la-cop30-de-belem\/#breadcrumb","itemListElement":[{"@type":"ListItem","position":1,"name":"Inicio","item":"https:\/\/grupogpps.org\/"},{"@type":"ListItem","position":2,"name":"El sector privado agropecuario brasile\u00f1o se prepara para la COP30 de Belem"}]},{"@type":"WebSite","@id":"https:\/\/grupogpps.org\/#website","url":"https:\/\/grupogpps.org\/","name":"GPS","description":"Grupo de pa\u00edses productores del sur","publisher":{"@id":"https:\/\/grupogpps.org\/#organization"},"potentialAction":[{"@type":"SearchAction","target":{"@type":"EntryPoint","urlTemplate":"https:\/\/grupogpps.org\/?s={search_term_string}"},"query-input":{"@type":"PropertyValueSpecification","valueRequired":true,"valueName":"search_term_string"}}],"inLanguage":"en-GB"},{"@type":"Organization","@id":"https:\/\/grupogpps.org\/#organization","name":"GPS - Grupo de pa\u00edses productores del sur","url":"https:\/\/grupogpps.org\/","logo":{"@type":"ImageObject","inLanguage":"en-GB","@id":"https:\/\/grupogpps.org\/#\/schema\/logo\/image\/","url":"http:\/\/grupogpps.org\/wp-content\/uploads\/2021\/06\/logoGPS3.svg","contentUrl":"http:\/\/grupogpps.org\/wp-content\/uploads\/2021\/06\/logoGPS3.svg","width":1,"height":1,"caption":"GPS - Grupo de pa\u00edses productores del sur"},"image":{"@id":"https:\/\/grupogpps.org\/#\/schema\/logo\/image\/"},"sameAs":["https:\/\/www.linkedin.com\/company\/25037162\/","https:\/\/x.com\/GPSLatinAmerica","https:\/\/www.instagram.com\/gpslatin\/","https:\/\/www.youtube.com\/channel\/UCM2Qf0jSqNRJRkqmU8dO9QA\/videos"]},{"@type":"Person","@id":"https:\/\/grupogpps.org\/#\/schema\/person\/faaafcd24616dff095821c72659ce41f","name":"GPS GPS","url":"https:\/\/grupogpps.org\/en\/author\/gps\/"}]}},"_links":{"self":[{"href":"https:\/\/grupogpps.org\/en\/wp-json\/wp\/v2\/posts\/5124","targetHints":{"allow":["GET"]}}],"collection":[{"href":"https:\/\/grupogpps.org\/en\/wp-json\/wp\/v2\/posts"}],"about":[{"href":"https:\/\/grupogpps.org\/en\/wp-json\/wp\/v2\/types\/post"}],"author":[{"embeddable":true,"href":"https:\/\/grupogpps.org\/en\/wp-json\/wp\/v2\/users\/2"}],"replies":[{"embeddable":true,"href":"https:\/\/grupogpps.org\/en\/wp-json\/wp\/v2\/comments?post=5124"}],"version-history":[{"count":1,"href":"https:\/\/grupogpps.org\/en\/wp-json\/wp\/v2\/posts\/5124\/revisions"}],"predecessor-version":[{"id":5126,"href":"https:\/\/grupogpps.org\/en\/wp-json\/wp\/v2\/posts\/5124\/revisions\/5126"}],"wp:featuredmedia":[{"embeddable":true,"href":"https:\/\/grupogpps.org\/en\/wp-json\/wp\/v2\/media\/5125"}],"wp:attachment":[{"href":"https:\/\/grupogpps.org\/en\/wp-json\/wp\/v2\/media?parent=5124"}],"wp:term":[{"taxonomy":"category","embeddable":true,"href":"https:\/\/grupogpps.org\/en\/wp-json\/wp\/v2\/categories?post=5124"},{"taxonomy":"post_tag","embeddable":true,"href":"https:\/\/grupogpps.org\/en\/wp-json\/wp\/v2\/tags?post=5124"}],"curies":[{"name":"wp","href":"https:\/\/api.w.org\/{rel}","templated":true}]}}