{"id":4976,"date":"2025-03-20T11:29:03","date_gmt":"2025-03-20T14:29:03","guid":{"rendered":"https:\/\/grupogpps.org\/?p=4976"},"modified":"2025-03-20T11:29:04","modified_gmt":"2025-03-20T14:29:04","slug":"la-posible-evolucion-del-contexto-internacional-y-el-comercio-agroalimentario","status":"publish","type":"post","link":"https:\/\/grupogpps.org\/en\/la-posible-evolucion-del-contexto-internacional-y-el-comercio-agroalimentario\/","title":{"rendered":"La posible evoluci\u00f3n del contexto internacional y el comercio agroalimentario"},"content":{"rendered":"<p><strong><em> <strong>Martin Pi\u00f1eiro, Osvaldo Rosales, M\u00e1ximo Torero y Guillermo Valles<\/strong><\/em><\/strong><\/p>\n\n\n\n<p><em>Marzo, 2025<\/em><\/p>\n\n\n\n<p>La geopol\u00edtica y el comercio internacional est\u00e1n en un proceso de desintegraci\u00f3n y recomposici\u00f3n profunda. Entender, con una visi\u00f3n prospectiva, la posible evoluci\u00f3n del contexto geopol\u00edtico y, como consecuencia de ello, el comercio agroalimentario es un paso necesario para definir estrategias y pol\u00edticas para un desarrollo sostenible del sector agroalimentario.<\/p>\n\n\n\n<p>Este documento describe esta problem\u00e1tica en forma general para luego desarrollar un an\u00e1lisis prospectivo sobre su posible evoluci\u00f3n, los escenarios alternativos y su impacto sobre el comercio agroalimentario. El documento tiene cuatro partes adem\u00e1s de la Introducci\u00f3n. En una primera parte se describe, brevemente, el contexto internacional, especialmente con relaci\u00f3n a los aspectos geopol\u00edticos y econ\u00f3micos, que afectan de manera directa al comercio agroalimentario. Una segunda parte describe las dificultades y desaf\u00edos que est\u00e1n surgiendo en el comercio internacional como consecuencia de la evoluci\u00f3n del contexto geopol\u00edtico y las posibles repuestas estrat\u00e9gicas que Am\u00e9rica Latina podr\u00eda implementar. La tercera parte identifica nueve dimensiones del comercio agroalimentario su posible evoluci\u00f3n como consecuencia del nuevo contexto internacional y sus potenciales impactos en la producci\u00f3n agroalimentaria de la Regi\u00f3n. Finalmente, la cuarta parte incluye algunas reflexiones sobre posibles acciones que los pa\u00edses de la Regi\u00f3n podr\u00edan desarrollar en respuesta a las nuevas condiciones de la geopol\u00edtica y el comercio agroalimentario.<\/p>\n\n\n\n<p>Documento y resumen en espa\u00f1ol.<\/p>\n\n\n\n<div style=\"height:30px\" aria-hidden=\"true\" class=\"wp-block-spacer\"><\/div>\n\n\n\n<div class=\"wp-block-buttons is-horizontal is-content-justification-center is-layout-flex wp-container-core-buttons-is-layout-1 wp-block-buttons-is-layout-flex\">\n<div class=\"wp-block-button\"><a class=\"wp-block-button__link wp-element-button\" href=\"http:\/\/grupogpps.org\/wp-content\/uploads\/2025\/03\/La-posible-evolucion-del-contexto-internacional-y-el-comercio-agroalimentario.pdf\" target=\"_blank\" rel=\"noreferrer noopener\">Descargar documento<\/a><\/div>\n\n\n\n<div class=\"wp-block-button\"><a class=\"wp-block-button__link wp-element-button\" href=\"http:\/\/grupogpps.org\/wp-content\/uploads\/2025\/03\/Resumen-Ejecutivo-La-posible-evolucion-del-contexto-internacional-y-el-com-agro.pdf\" target=\"_blank\" rel=\"noreferrer noopener\">Descargar resumen<\/a><\/div>\n<\/div>\n\n\n\n<p><\/p>\n\n\n\n<p><\/p>","protected":false},"excerpt":{"rendered":"<p>Martin Pi\u00f1eiro, Osvaldo Rosales, M\u00e1ximo Torero y Guillermo Valles Marzo, 2025 La geopol\u00edtica y el comercio internacional est\u00e1n en un proceso de desintegraci\u00f3n y recomposici\u00f3n profunda. Entender, con una visi\u00f3n prospectiva, la posible evoluci\u00f3n del contexto geopol\u00edtico y, como consecuencia de ello, el comercio agroalimentario es un paso necesario para definir estrategias y pol\u00edticas para [&hellip;]<\/p>","protected":false},"author":2,"featured_media":4979,"comment_status":"closed","ping_status":"closed","sticky":false,"template":"","format":"standard","meta":{"footnotes":""},"categories":[26,25,27],"tags":[67,66,68,65],"class_list":["post-4976","post","type-post","status-publish","format-standard","has-post-thumbnail","hentry","category-documentos-institucionales","category-home","category-publicaciones-home","tag-agronegocios","tag-argentina","tag-geopolitica-de-los-alimentos","tag-insercion-internacional"],"yoast_head":"<!-- This site is optimized with the Yoast SEO plugin v26.8 - https:\/\/yoast.com\/product\/yoast-seo-wordpress\/ -->\n<title>La posible evoluci\u00f3n del contexto internacional y el comercio agroalimentario - GPS<\/title>\n<meta name=\"robots\" content=\"index, follow, max-snippet:-1, max-image-preview:large, max-video-preview:-1\" \/>\n<link rel=\"canonical\" href=\"https:\/\/grupogpps.org\/en\/la-posible-evolucion-del-contexto-internacional-y-el-comercio-agroalimentario\/\" \/>\n<meta property=\"og:locale\" content=\"en_GB\" \/>\n<meta property=\"og:type\" content=\"article\" \/>\n<meta property=\"og:title\" content=\"La posible evoluci\u00f3n del contexto internacional y el comercio agroalimentario - GPS\" \/>\n<meta property=\"og:description\" content=\"Martin Pi\u00f1eiro, Osvaldo Rosales, M\u00e1ximo Torero y Guillermo Valles Marzo, 2025 La geopol\u00edtica y el comercio internacional est\u00e1n en un proceso de desintegraci\u00f3n y recomposici\u00f3n profunda. Entender, con una visi\u00f3n prospectiva, la posible evoluci\u00f3n del contexto geopol\u00edtico y, como consecuencia de ello, el comercio agroalimentario es un paso necesario para definir estrategias y pol\u00edticas para [&hellip;]\" \/>\n<meta property=\"og:url\" content=\"https:\/\/grupogpps.org\/en\/la-posible-evolucion-del-contexto-internacional-y-el-comercio-agroalimentario\/\" \/>\n<meta property=\"og:site_name\" content=\"GPS\" \/>\n<meta property=\"article:publisher\" content=\"https:\/\/www.linkedin.com\/company\/25037162\/\" \/>\n<meta property=\"article:published_time\" content=\"2025-03-20T14:29:03+00:00\" \/>\n<meta property=\"article:modified_time\" content=\"2025-03-20T14:29:04+00:00\" \/>\n<meta property=\"og:image\" content=\"http:\/\/grupogpps.org\/wp-content\/uploads\/2025\/03\/tapa.png\" \/>\n\t<meta property=\"og:image:width\" content=\"720\" \/>\n\t<meta property=\"og:image:height\" content=\"960\" \/>\n\t<meta property=\"og:image:type\" content=\"image\/png\" \/>\n<meta name=\"author\" content=\"GPS GPS\" \/>\n<meta name=\"twitter:card\" content=\"summary_large_image\" \/>\n<meta name=\"twitter:creator\" content=\"@GPSLatinAmerica\" \/>\n<meta name=\"twitter:site\" content=\"@GPSLatinAmerica\" \/>\n<meta name=\"twitter:label1\" content=\"Written by\" \/>\n\t<meta name=\"twitter:data1\" content=\"GPS GPS\" \/>\n\t<meta name=\"twitter:label2\" content=\"Estimated reading time\" \/>\n\t<meta name=\"twitter:data2\" content=\"2 minutes\" \/>\n<script type=\"application\/ld+json\" class=\"yoast-schema-graph\">{\"@context\":\"https:\/\/schema.org\",\"@graph\":[{\"@type\":\"Article\",\"@id\":\"https:\/\/grupogpps.org\/la-posible-evolucion-del-contexto-internacional-y-el-comercio-agroalimentario\/#article\",\"isPartOf\":{\"@id\":\"https:\/\/grupogpps.org\/la-posible-evolucion-del-contexto-internacional-y-el-comercio-agroalimentario\/\"},\"author\":{\"name\":\"GPS GPS\",\"@id\":\"https:\/\/grupogpps.org\/#\/schema\/person\/faaafcd24616dff095821c72659ce41f\"},\"headline\":\"La posible evoluci\u00f3n del contexto internacional y el comercio agroalimentario\",\"datePublished\":\"2025-03-20T14:29:03+00:00\",\"dateModified\":\"2025-03-20T14:29:04+00:00\",\"mainEntityOfPage\":{\"@id\":\"https:\/\/grupogpps.org\/la-posible-evolucion-del-contexto-internacional-y-el-comercio-agroalimentario\/\"},\"wordCount\":270,\"publisher\":{\"@id\":\"https:\/\/grupogpps.org\/#organization\"},\"image\":{\"@id\":\"https:\/\/grupogpps.org\/la-posible-evolucion-del-contexto-internacional-y-el-comercio-agroalimentario\/#primaryimage\"},\"thumbnailUrl\":\"https:\/\/grupogpps.org\/wp-content\/uploads\/2025\/03\/tapa.png\",\"keywords\":[\"Agronegocios\",\"Argentina\",\"geopol\u00edtica de los alimentos\",\"Inserci\u00f3n internacional\"],\"articleSection\":[\"Documentos institucionales\",\"Home\",\"Publicaciones Home\"],\"inLanguage\":\"en-GB\"},{\"@type\":\"WebPage\",\"@id\":\"https:\/\/grupogpps.org\/la-posible-evolucion-del-contexto-internacional-y-el-comercio-agroalimentario\/\",\"url\":\"https:\/\/grupogpps.org\/la-posible-evolucion-del-contexto-internacional-y-el-comercio-agroalimentario\/\",\"name\":\"La posible evoluci\u00f3n del contexto internacional y el comercio agroalimentario - GPS\",\"isPartOf\":{\"@id\":\"https:\/\/grupogpps.org\/#website\"},\"primaryImageOfPage\":{\"@id\":\"https:\/\/grupogpps.org\/la-posible-evolucion-del-contexto-internacional-y-el-comercio-agroalimentario\/#primaryimage\"},\"image\":{\"@id\":\"https:\/\/grupogpps.org\/la-posible-evolucion-del-contexto-internacional-y-el-comercio-agroalimentario\/#primaryimage\"},\"thumbnailUrl\":\"https:\/\/grupogpps.org\/wp-content\/uploads\/2025\/03\/tapa.png\",\"datePublished\":\"2025-03-20T14:29:03+00:00\",\"dateModified\":\"2025-03-20T14:29:04+00:00\",\"breadcrumb\":{\"@id\":\"https:\/\/grupogpps.org\/la-posible-evolucion-del-contexto-internacional-y-el-comercio-agroalimentario\/#breadcrumb\"},\"inLanguage\":\"en-GB\",\"potentialAction\":[{\"@type\":\"ReadAction\",\"target\":[\"https:\/\/grupogpps.org\/la-posible-evolucion-del-contexto-internacional-y-el-comercio-agroalimentario\/\"]}]},{\"@type\":\"ImageObject\",\"inLanguage\":\"en-GB\",\"@id\":\"https:\/\/grupogpps.org\/la-posible-evolucion-del-contexto-internacional-y-el-comercio-agroalimentario\/#primaryimage\",\"url\":\"https:\/\/grupogpps.org\/wp-content\/uploads\/2025\/03\/tapa.png\",\"contentUrl\":\"https:\/\/grupogpps.org\/wp-content\/uploads\/2025\/03\/tapa.png\",\"width\":720,\"height\":960},{\"@type\":\"BreadcrumbList\",\"@id\":\"https:\/\/grupogpps.org\/la-posible-evolucion-del-contexto-internacional-y-el-comercio-agroalimentario\/#breadcrumb\",\"itemListElement\":[{\"@type\":\"ListItem\",\"position\":1,\"name\":\"Inicio\",\"item\":\"https:\/\/grupogpps.org\/\"},{\"@type\":\"ListItem\",\"position\":2,\"name\":\"La posible evoluci\u00f3n del contexto internacional y el comercio agroalimentario\"}]},{\"@type\":\"WebSite\",\"@id\":\"https:\/\/grupogpps.org\/#website\",\"url\":\"https:\/\/grupogpps.org\/\",\"name\":\"GPS\",\"description\":\"Grupo de pa\u00edses productores del sur\",\"publisher\":{\"@id\":\"https:\/\/grupogpps.org\/#organization\"},\"potentialAction\":[{\"@type\":\"SearchAction\",\"target\":{\"@type\":\"EntryPoint\",\"urlTemplate\":\"https:\/\/grupogpps.org\/?s={search_term_string}\"},\"query-input\":{\"@type\":\"PropertyValueSpecification\",\"valueRequired\":true,\"valueName\":\"search_term_string\"}}],\"inLanguage\":\"en-GB\"},{\"@type\":\"Organization\",\"@id\":\"https:\/\/grupogpps.org\/#organization\",\"name\":\"GPS - Grupo de pa\u00edses productores del sur\",\"url\":\"https:\/\/grupogpps.org\/\",\"logo\":{\"@type\":\"ImageObject\",\"inLanguage\":\"en-GB\",\"@id\":\"https:\/\/grupogpps.org\/#\/schema\/logo\/image\/\",\"url\":\"http:\/\/grupogpps.org\/wp-content\/uploads\/2021\/06\/logoGPS3.svg\",\"contentUrl\":\"http:\/\/grupogpps.org\/wp-content\/uploads\/2021\/06\/logoGPS3.svg\",\"width\":1,\"height\":1,\"caption\":\"GPS - Grupo de pa\u00edses productores del sur\"},\"image\":{\"@id\":\"https:\/\/grupogpps.org\/#\/schema\/logo\/image\/\"},\"sameAs\":[\"https:\/\/www.linkedin.com\/company\/25037162\/\",\"https:\/\/x.com\/GPSLatinAmerica\",\"https:\/\/www.instagram.com\/gpslatin\/\",\"https:\/\/www.youtube.com\/channel\/UCM2Qf0jSqNRJRkqmU8dO9QA\/videos\"]},{\"@type\":\"Person\",\"@id\":\"https:\/\/grupogpps.org\/#\/schema\/person\/faaafcd24616dff095821c72659ce41f\",\"name\":\"GPS GPS\",\"url\":\"https:\/\/grupogpps.org\/en\/author\/gps\/\"}]}<\/script>\n<!-- \/ Yoast SEO plugin. -->","yoast_head_json":{"title":"La posible evoluci\u00f3n del contexto internacional y el comercio agroalimentario - GPS","robots":{"index":"index","follow":"follow","max-snippet":"max-snippet:-1","max-image-preview":"max-image-preview:large","max-video-preview":"max-video-preview:-1"},"canonical":"https:\/\/grupogpps.org\/en\/la-posible-evolucion-del-contexto-internacional-y-el-comercio-agroalimentario\/","og_locale":"en_GB","og_type":"article","og_title":"La posible evoluci\u00f3n del contexto internacional y el comercio agroalimentario - GPS","og_description":"Martin Pi\u00f1eiro, Osvaldo Rosales, M\u00e1ximo Torero y Guillermo Valles Marzo, 2025 La geopol\u00edtica y el comercio internacional est\u00e1n en un proceso de desintegraci\u00f3n y recomposici\u00f3n profunda. Entender, con una visi\u00f3n prospectiva, la posible evoluci\u00f3n del contexto geopol\u00edtico y, como consecuencia de ello, el comercio agroalimentario es un paso necesario para definir estrategias y pol\u00edticas para [&hellip;]","og_url":"https:\/\/grupogpps.org\/en\/la-posible-evolucion-del-contexto-internacional-y-el-comercio-agroalimentario\/","og_site_name":"GPS","article_publisher":"https:\/\/www.linkedin.com\/company\/25037162\/","article_published_time":"2025-03-20T14:29:03+00:00","article_modified_time":"2025-03-20T14:29:04+00:00","og_image":[{"width":720,"height":960,"url":"http:\/\/grupogpps.org\/wp-content\/uploads\/2025\/03\/tapa.png","type":"image\/png"}],"author":"GPS GPS","twitter_card":"summary_large_image","twitter_creator":"@GPSLatinAmerica","twitter_site":"@GPSLatinAmerica","twitter_misc":{"Written by":"GPS GPS","Estimated reading time":"2 minutes"},"schema":{"@context":"https:\/\/schema.org","@graph":[{"@type":"Article","@id":"https:\/\/grupogpps.org\/la-posible-evolucion-del-contexto-internacional-y-el-comercio-agroalimentario\/#article","isPartOf":{"@id":"https:\/\/grupogpps.org\/la-posible-evolucion-del-contexto-internacional-y-el-comercio-agroalimentario\/"},"author":{"name":"GPS GPS","@id":"https:\/\/grupogpps.org\/#\/schema\/person\/faaafcd24616dff095821c72659ce41f"},"headline":"La posible evoluci\u00f3n del contexto internacional y el comercio agroalimentario","datePublished":"2025-03-20T14:29:03+00:00","dateModified":"2025-03-20T14:29:04+00:00","mainEntityOfPage":{"@id":"https:\/\/grupogpps.org\/la-posible-evolucion-del-contexto-internacional-y-el-comercio-agroalimentario\/"},"wordCount":270,"publisher":{"@id":"https:\/\/grupogpps.org\/#organization"},"image":{"@id":"https:\/\/grupogpps.org\/la-posible-evolucion-del-contexto-internacional-y-el-comercio-agroalimentario\/#primaryimage"},"thumbnailUrl":"https:\/\/grupogpps.org\/wp-content\/uploads\/2025\/03\/tapa.png","keywords":["Agronegocios","Argentina","geopol\u00edtica de los alimentos","Inserci\u00f3n internacional"],"articleSection":["Documentos institucionales","Home","Publicaciones Home"],"inLanguage":"en-GB"},{"@type":"WebPage","@id":"https:\/\/grupogpps.org\/la-posible-evolucion-del-contexto-internacional-y-el-comercio-agroalimentario\/","url":"https:\/\/grupogpps.org\/la-posible-evolucion-del-contexto-internacional-y-el-comercio-agroalimentario\/","name":"La posible evoluci\u00f3n del contexto internacional y el comercio agroalimentario - GPS","isPartOf":{"@id":"https:\/\/grupogpps.org\/#website"},"primaryImageOfPage":{"@id":"https:\/\/grupogpps.org\/la-posible-evolucion-del-contexto-internacional-y-el-comercio-agroalimentario\/#primaryimage"},"image":{"@id":"https:\/\/grupogpps.org\/la-posible-evolucion-del-contexto-internacional-y-el-comercio-agroalimentario\/#primaryimage"},"thumbnailUrl":"https:\/\/grupogpps.org\/wp-content\/uploads\/2025\/03\/tapa.png","datePublished":"2025-03-20T14:29:03+00:00","dateModified":"2025-03-20T14:29:04+00:00","breadcrumb":{"@id":"https:\/\/grupogpps.org\/la-posible-evolucion-del-contexto-internacional-y-el-comercio-agroalimentario\/#breadcrumb"},"inLanguage":"en-GB","potentialAction":[{"@type":"ReadAction","target":["https:\/\/grupogpps.org\/la-posible-evolucion-del-contexto-internacional-y-el-comercio-agroalimentario\/"]}]},{"@type":"ImageObject","inLanguage":"en-GB","@id":"https:\/\/grupogpps.org\/la-posible-evolucion-del-contexto-internacional-y-el-comercio-agroalimentario\/#primaryimage","url":"https:\/\/grupogpps.org\/wp-content\/uploads\/2025\/03\/tapa.png","contentUrl":"https:\/\/grupogpps.org\/wp-content\/uploads\/2025\/03\/tapa.png","width":720,"height":960},{"@type":"BreadcrumbList","@id":"https:\/\/grupogpps.org\/la-posible-evolucion-del-contexto-internacional-y-el-comercio-agroalimentario\/#breadcrumb","itemListElement":[{"@type":"ListItem","position":1,"name":"Inicio","item":"https:\/\/grupogpps.org\/"},{"@type":"ListItem","position":2,"name":"La posible evoluci\u00f3n del contexto internacional y el comercio agroalimentario"}]},{"@type":"WebSite","@id":"https:\/\/grupogpps.org\/#website","url":"https:\/\/grupogpps.org\/","name":"GPS","description":"Grupo de pa\u00edses productores del sur","publisher":{"@id":"https:\/\/grupogpps.org\/#organization"},"potentialAction":[{"@type":"SearchAction","target":{"@type":"EntryPoint","urlTemplate":"https:\/\/grupogpps.org\/?s={search_term_string}"},"query-input":{"@type":"PropertyValueSpecification","valueRequired":true,"valueName":"search_term_string"}}],"inLanguage":"en-GB"},{"@type":"Organization","@id":"https:\/\/grupogpps.org\/#organization","name":"GPS - Grupo de pa\u00edses productores del sur","url":"https:\/\/grupogpps.org\/","logo":{"@type":"ImageObject","inLanguage":"en-GB","@id":"https:\/\/grupogpps.org\/#\/schema\/logo\/image\/","url":"http:\/\/grupogpps.org\/wp-content\/uploads\/2021\/06\/logoGPS3.svg","contentUrl":"http:\/\/grupogpps.org\/wp-content\/uploads\/2021\/06\/logoGPS3.svg","width":1,"height":1,"caption":"GPS - Grupo de pa\u00edses productores del sur"},"image":{"@id":"https:\/\/grupogpps.org\/#\/schema\/logo\/image\/"},"sameAs":["https:\/\/www.linkedin.com\/company\/25037162\/","https:\/\/x.com\/GPSLatinAmerica","https:\/\/www.instagram.com\/gpslatin\/","https:\/\/www.youtube.com\/channel\/UCM2Qf0jSqNRJRkqmU8dO9QA\/videos"]},{"@type":"Person","@id":"https:\/\/grupogpps.org\/#\/schema\/person\/faaafcd24616dff095821c72659ce41f","name":"GPS GPS","url":"https:\/\/grupogpps.org\/en\/author\/gps\/"}]}},"_links":{"self":[{"href":"https:\/\/grupogpps.org\/en\/wp-json\/wp\/v2\/posts\/4976","targetHints":{"allow":["GET"]}}],"collection":[{"href":"https:\/\/grupogpps.org\/en\/wp-json\/wp\/v2\/posts"}],"about":[{"href":"https:\/\/grupogpps.org\/en\/wp-json\/wp\/v2\/types\/post"}],"author":[{"embeddable":true,"href":"https:\/\/grupogpps.org\/en\/wp-json\/wp\/v2\/users\/2"}],"replies":[{"embeddable":true,"href":"https:\/\/grupogpps.org\/en\/wp-json\/wp\/v2\/comments?post=4976"}],"version-history":[{"count":1,"href":"https:\/\/grupogpps.org\/en\/wp-json\/wp\/v2\/posts\/4976\/revisions"}],"predecessor-version":[{"id":4980,"href":"https:\/\/grupogpps.org\/en\/wp-json\/wp\/v2\/posts\/4976\/revisions\/4980"}],"wp:featuredmedia":[{"embeddable":true,"href":"https:\/\/grupogpps.org\/en\/wp-json\/wp\/v2\/media\/4979"}],"wp:attachment":[{"href":"https:\/\/grupogpps.org\/en\/wp-json\/wp\/v2\/media?parent=4976"}],"wp:term":[{"taxonomy":"category","embeddable":true,"href":"https:\/\/grupogpps.org\/en\/wp-json\/wp\/v2\/categories?post=4976"},{"taxonomy":"post_tag","embeddable":true,"href":"https:\/\/grupogpps.org\/en\/wp-json\/wp\/v2\/tags?post=4976"}],"curies":[{"name":"wp","href":"https:\/\/api.w.org\/{rel}","templated":true}]}}